{"id":108706,"date":"2024-08-12T16:09:03","date_gmt":"2024-08-12T19:09:03","guid":{"rendered":"https:\/\/regiaonews.net.br\/2022\/?p=108706"},"modified":"2024-08-12T21:15:21","modified_gmt":"2024-08-13T00:15:21","slug":"nascem-12-filhotes-de-araras-de-ovos-resgatados-do-trafico-no-aeroporto-de-guarulhos","status":"publish","type":"post","link":"https:\/\/regiaonews.net.br\/2022\/2024\/08\/12\/nascem-12-filhotes-de-araras-de-ovos-resgatados-do-trafico-no-aeroporto-de-guarulhos\/","title":{"rendered":"Nascem 12 filhotes de Araras de ovos resgatos do tr\u00e1fico no Aeroporto de Guarulhos"},"content":{"rendered":"<p>Nasceram nesta segunda-feira, 5 de agosto, 12 filhotes de araras cujos ovos haviam sido resgatados de uma opera\u00e7\u00e3o contra o tr\u00e1fico de animais no\u00a0<a href=\"https:\/\/www.gru.com.br\/pt\">Aeroporto Internacional de Guarulhos<\/a>. As aves estavam recebendo cuidados especiais desde que seus ovos foram retirados da mala de um passageiro e v\u00e3o permanecer em recupera\u00e7\u00e3o em um centro de recupera\u00e7\u00e3o da Secretaria de Meio Ambiente, Infraestrutura e Log\u00edstica (Semil) do\u00a0<a href=\"https:\/\/www.saopaulo.sp.gov.br\/\">Estado de S\u00e3o Paulo<\/a>. No total, 24 ovos foram recolhidos \u2013 os demais seguem na incubadora.<\/p>\n<p>Os ovos haviam sido levados para o Centro de Triagem e Recupera\u00e7\u00e3o de Animais Silvestres de S\u00e3o Paulo (Cetras-SP) depois de o traficante de animais ser detido no aeroporto, na \u00faltima quinta (1\u00ba). Desde ent\u00e3o, os ovos receberam o cuidado adequado para permitir que as aves terminassem de se desenvolver e pudessem nascer.<\/p>\n<p>Durante os pr\u00f3ximos dias, os filhotes permanecer\u00e3o em uma Unidade de Tratamento Animal (UTA), com controle de temperatura m\u00e9dia em 36\u00baC e umidade do ar em 60%, enquanto os 12 ovos permanecem na incubadora aguardando a eclos\u00e3o. Neste momento, os filhotes seguem no ganho de peso at\u00e9 completarem 30 dias, quando ir\u00e3o para outra unidade de tratamento, com temperatura e umidade mais pr\u00f3ximas do ambiente natural.<\/p>\n<p>No primeiro semestre de 2024, 4.040 animais silvestres foram recebidos pela secretaria. S\u00e3o esp\u00e9cies resgatadas de tr\u00e1fico nacional e internacional, v\u00edtimas de atropelamentos, de colis\u00e3o em vidra\u00e7as, de acidentes com linhas de pipa, eletrocutados, feridos por proj\u00e9til, agredidos por pessoas, atacados por animais dom\u00e9sticos, ou ainda filhotes \u00f3rf\u00e3os. Isso significa mais de 22 animais a cada dia sendo recebidos para o processo de recupera\u00e7\u00e3o.<\/p>\n<p>Os animais s\u00e3o encaminhados ao Cetras-SP ap\u00f3s a\u00e7\u00f5es conjuntas com a Pol\u00edcia Militar Ambiental, Ibama, as pol\u00edcias Civil e Federal e Guardas Municipais. At\u00e9 o momento, 79% de todos os animais recebidos foram reabilitados e devolvidos a seus habitats naturais, e 21% entregues \u00e0s institui\u00e7\u00f5es de apoio.<\/p>\n<p>O tr\u00e1fico segue como o maior motivo das apreens\u00f5es, especialmente de aves encontradas em situa\u00e7\u00f5es prec\u00e1rias. Em 2023, o Cetras-SP recebeu 8.880 animais, sendo 4.613 provenientes de apreens\u00e3o, 1.021 de entregas espont\u00e2neas, 3.118 vindos de resgates e 128 de outras origens.<\/p>\n<p>\u201cO trabalho do Cetras-SP \u00e9 fundamental para o cumprimento de um importante eixo do nosso Plano Estadual do Meio Ambiente, que \u00e9 a prote\u00e7\u00e3o da biodiversidade\u201d, enfatiza a secret\u00e1ria de Meio Ambiente, Infraestrutura e Log\u00edstica, Nat\u00e1lia Resende. Ela observa que, para al\u00e9m do cuidado com os animais, a pasta tamb\u00e9m trabalha em a\u00e7\u00f5es de conscientiza\u00e7\u00e3o e combate \u00e0s principais causas de risco.<\/p>\n<p><b>Como os animais s\u00e3o cuidados<\/b><\/p>\n<p>Ao dar entrada na unidade, cada animal tem uma ficha com os dados pessoais ou da ocorr\u00eancia, hist\u00f3rico, identifica\u00e7\u00e3o taxon\u00f4mica do esp\u00e9cime, origem e avalia\u00e7\u00e3o inicial da condi\u00e7\u00e3o do animal, preenchida garantindo hist\u00f3rico e acompanhamento, que em seguida, atendido por bi\u00f3logos e veterin\u00e1rios para an\u00e1lise cl\u00ednica para tratamento e in\u00edcio do protocolo de reabilita\u00e7\u00e3o. Nessa primeira etapa de cadastro, os animais recebem uma marca\u00e7\u00e3o individual que pode ser uma anilha ou microchip, que alinhados \u00e0 ficha garante a rastreabilidade individual dentro, e posteriormente fora do Centro.<\/p>\n<p>Com a an\u00e1lise cl\u00ednica e avalia\u00e7\u00e3o f\u00edsica, o tratamento se inicia por meio de exames, cirurgias e at\u00e9 mesmo implante de penas, para os casos das aves, enquanto os protocolos s\u00e3o baseados na esp\u00e9cie, faixa et\u00e1ria, hist\u00f3rico, condi\u00e7\u00e3o f\u00edsica, nutricional, sanit\u00e1ria e comportamental. Desta forma, contemplando reabilita\u00e7\u00e3o nutricional e comportamental, al\u00e9m de readapta\u00e7\u00e3o na apanha de alimentos, treinamento de voo, reinser\u00e7\u00e3o de animais greg\u00e1rios em grupos, entre outros est\u00edmulos.<\/p>\n<p>Os cuidados iniciais variam de acordo com o hist\u00f3rico da ocorr\u00eancia, indiv\u00edduos oriundos do tr\u00e1fico e entregues voluntariamente em sua maioria apresentam dist\u00farbios comportamentais e nutricionais, necessitando cuidados espec\u00edficos e de longo prazo, j\u00e1 ocorr\u00eancias de intercepta\u00e7\u00e3o em rodovias, por exemplo, com grande quantidade de animais rec\u00e9m capturados, aglomerados, sem alimenta\u00e7\u00e3o e desidratados precisam de cuidados intensivos no momento da chegada.<\/p>\n<p>O tempo de reabilita\u00e7\u00e3o \u00e9 diferenciado entre as esp\u00e9cies e o hist\u00f3rico da ocorr\u00eancia, podendo variar de uma semana a dois anos com todos os aspectos biol\u00f3gicos avaliados para a destina\u00e7\u00e3o correta de cada animal, sempre com a prioridade de devolu\u00e7\u00e3o para a natureza.<\/p>\n<p>Para todo este processo o Cetras-SP conta com uma equipe dedicada de tratadores de animais, t\u00e9cnicos, bi\u00f3logos, e veterin\u00e1rios na garantia do bem-estar animal.<\/p>\n","protected":false},"excerpt":{"rendered":"<p>Nasceram nesta segunda-feira, 5 de agosto, 12 filhotes de araras<\/p>\n","protected":false},"author":2,"featured_media":108707,"comment_status":"open","ping_status":"open","sticky":false,"template":"","format":"standard","meta":{"footnotes":""},"categories":[7,3],"tags":[],"class_list":["post-108706","post","type-post","status-publish","format-standard","has-post-thumbnail","hentry","category-estado-de-sao-paulo","category-geral"],"yoast_head":"<!-- This site is optimized with the Yoast SEO plugin v27.4 - https:\/\/yoast.com\/product\/yoast-seo-wordpress\/ -->\n<title>Nascem 12 filhotes de Araras de ovos resgatos do tr\u00e1fico no Aeroporto de Guarulhos - Regi\u00e3o News<\/title>\n<meta name=\"robots\" content=\"index, follow, max-snippet:-1, max-image-preview:large, max-video-preview:-1\" \/>\n<link rel=\"canonical\" href=\"https:\/\/regiaonews.net.br\/2022\/2024\/08\/12\/nascem-12-filhotes-de-araras-de-ovos-resgatados-do-trafico-no-aeroporto-de-guarulhos\/\" \/>\n<meta property=\"og:locale\" content=\"pt_BR\" \/>\n<meta property=\"og:type\" content=\"article\" \/>\n<meta property=\"og:title\" content=\"Nascem 12 filhotes de Araras de ovos resgatos do tr\u00e1fico no Aeroporto de Guarulhos - Regi\u00e3o News\" \/>\n<meta property=\"og:description\" content=\"Nasceram nesta segunda-feira, 5 de agosto, 12 filhotes de araras\" \/>\n<meta property=\"og:url\" content=\"https:\/\/regiaonews.net.br\/2022\/2024\/08\/12\/nascem-12-filhotes-de-araras-de-ovos-resgatados-do-trafico-no-aeroporto-de-guarulhos\/\" \/>\n<meta property=\"og:site_name\" content=\"Regi\u00e3o News\" \/>\n<meta property=\"article:published_time\" content=\"2024-08-12T19:09:03+00:00\" \/>\n<meta property=\"article:modified_time\" content=\"2024-08-13T00:15:21+00:00\" \/>\n<meta property=\"og:image\" content=\"https:\/\/regiaonews.net.br\/2022\/wp-content\/uploads\/2024\/08\/aves-resgatadas.jpeg\" \/>\n\t<meta property=\"og:image:width\" content=\"1280\" \/>\n\t<meta property=\"og:image:height\" content=\"960\" \/>\n\t<meta property=\"og:image:type\" content=\"image\/jpeg\" \/>\n<meta name=\"author\" content=\"Roberto\" \/>\n<meta name=\"twitter:card\" content=\"summary_large_image\" \/>\n<meta name=\"twitter:label1\" content=\"Escrito por\" \/>\n\t<meta name=\"twitter:data1\" content=\"Roberto\" \/>\n\t<meta name=\"twitter:label2\" content=\"Est. tempo de leitura\" \/>\n\t<meta name=\"twitter:data2\" content=\"5 minutos\" \/>\n<script type=\"application\/ld+json\" class=\"yoast-schema-graph\">{\"@context\":\"https:\\\/\\\/schema.org\",\"@graph\":[{\"@type\":\"Article\",\"@id\":\"https:\\\/\\\/regiaonews.net.br\\\/2022\\\/2024\\\/08\\\/12\\\/nascem-12-filhotes-de-araras-de-ovos-resgatados-do-trafico-no-aeroporto-de-guarulhos\\\/#article\",\"isPartOf\":{\"@id\":\"https:\\\/\\\/regiaonews.net.br\\\/2022\\\/2024\\\/08\\\/12\\\/nascem-12-filhotes-de-araras-de-ovos-resgatados-do-trafico-no-aeroporto-de-guarulhos\\\/\"},\"author\":{\"name\":\"Roberto\",\"@id\":\"https:\\\/\\\/regiaonews.net.br\\\/2022\\\/#\\\/schema\\\/person\\\/2d205a608a5aa97ac279d7a5e6d89ad8\"},\"headline\":\"Nascem 12 filhotes de Araras de ovos resgatos do tr\u00e1fico no Aeroporto de Guarulhos\",\"datePublished\":\"2024-08-12T19:09:03+00:00\",\"dateModified\":\"2024-08-13T00:15:21+00:00\",\"mainEntityOfPage\":{\"@id\":\"https:\\\/\\\/regiaonews.net.br\\\/2022\\\/2024\\\/08\\\/12\\\/nascem-12-filhotes-de-araras-de-ovos-resgatados-do-trafico-no-aeroporto-de-guarulhos\\\/\"},\"wordCount\":793,\"commentCount\":0,\"publisher\":{\"@id\":\"https:\\\/\\\/regiaonews.net.br\\\/2022\\\/#organization\"},\"image\":{\"@id\":\"https:\\\/\\\/regiaonews.net.br\\\/2022\\\/2024\\\/08\\\/12\\\/nascem-12-filhotes-de-araras-de-ovos-resgatados-do-trafico-no-aeroporto-de-guarulhos\\\/#primaryimage\"},\"thumbnailUrl\":\"https:\\\/\\\/regiaonews.net.br\\\/2022\\\/wp-content\\\/uploads\\\/2024\\\/08\\\/aves-resgatadas.jpeg\",\"articleSection\":[\"Estado de S\u00e3o Paulo\",\"Geral\"],\"inLanguage\":\"pt-BR\",\"potentialAction\":[{\"@type\":\"CommentAction\",\"name\":\"Comment\",\"target\":[\"https:\\\/\\\/regiaonews.net.br\\\/2022\\\/2024\\\/08\\\/12\\\/nascem-12-filhotes-de-araras-de-ovos-resgatados-do-trafico-no-aeroporto-de-guarulhos\\\/#respond\"]}]},{\"@type\":\"WebPage\",\"@id\":\"https:\\\/\\\/regiaonews.net.br\\\/2022\\\/2024\\\/08\\\/12\\\/nascem-12-filhotes-de-araras-de-ovos-resgatados-do-trafico-no-aeroporto-de-guarulhos\\\/\",\"url\":\"https:\\\/\\\/regiaonews.net.br\\\/2022\\\/2024\\\/08\\\/12\\\/nascem-12-filhotes-de-araras-de-ovos-resgatados-do-trafico-no-aeroporto-de-guarulhos\\\/\",\"name\":\"Nascem 12 filhotes de Araras de ovos resgatos do tr\u00e1fico no Aeroporto de Guarulhos - Regi\u00e3o News\",\"isPartOf\":{\"@id\":\"https:\\\/\\\/regiaonews.net.br\\\/2022\\\/#website\"},\"primaryImageOfPage\":{\"@id\":\"https:\\\/\\\/regiaonews.net.br\\\/2022\\\/2024\\\/08\\\/12\\\/nascem-12-filhotes-de-araras-de-ovos-resgatados-do-trafico-no-aeroporto-de-guarulhos\\\/#primaryimage\"},\"image\":{\"@id\":\"https:\\\/\\\/regiaonews.net.br\\\/2022\\\/2024\\\/08\\\/12\\\/nascem-12-filhotes-de-araras-de-ovos-resgatados-do-trafico-no-aeroporto-de-guarulhos\\\/#primaryimage\"},\"thumbnailUrl\":\"https:\\\/\\\/regiaonews.net.br\\\/2022\\\/wp-content\\\/uploads\\\/2024\\\/08\\\/aves-resgatadas.jpeg\",\"datePublished\":\"2024-08-12T19:09:03+00:00\",\"dateModified\":\"2024-08-13T00:15:21+00:00\",\"breadcrumb\":{\"@id\":\"https:\\\/\\\/regiaonews.net.br\\\/2022\\\/2024\\\/08\\\/12\\\/nascem-12-filhotes-de-araras-de-ovos-resgatados-do-trafico-no-aeroporto-de-guarulhos\\\/#breadcrumb\"},\"inLanguage\":\"pt-BR\",\"potentialAction\":[{\"@type\":\"ReadAction\",\"target\":[\"https:\\\/\\\/regiaonews.net.br\\\/2022\\\/2024\\\/08\\\/12\\\/nascem-12-filhotes-de-araras-de-ovos-resgatados-do-trafico-no-aeroporto-de-guarulhos\\\/\"]}]},{\"@type\":\"ImageObject\",\"inLanguage\":\"pt-BR\",\"@id\":\"https:\\\/\\\/regiaonews.net.br\\\/2022\\\/2024\\\/08\\\/12\\\/nascem-12-filhotes-de-araras-de-ovos-resgatados-do-trafico-no-aeroporto-de-guarulhos\\\/#primaryimage\",\"url\":\"https:\\\/\\\/regiaonews.net.br\\\/2022\\\/wp-content\\\/uploads\\\/2024\\\/08\\\/aves-resgatadas.jpeg\",\"contentUrl\":\"https:\\\/\\\/regiaonews.net.br\\\/2022\\\/wp-content\\\/uploads\\\/2024\\\/08\\\/aves-resgatadas.jpeg\",\"width\":1280,\"height\":960},{\"@type\":\"BreadcrumbList\",\"@id\":\"https:\\\/\\\/regiaonews.net.br\\\/2022\\\/2024\\\/08\\\/12\\\/nascem-12-filhotes-de-araras-de-ovos-resgatados-do-trafico-no-aeroporto-de-guarulhos\\\/#breadcrumb\",\"itemListElement\":[{\"@type\":\"ListItem\",\"position\":1,\"name\":\"In\u00edcio\",\"item\":\"https:\\\/\\\/regiaonews.net.br\\\/2022\\\/\"},{\"@type\":\"ListItem\",\"position\":2,\"name\":\"Nascem 12 filhotes de Araras de ovos resgatos do tr\u00e1fico no Aeroporto de Guarulhos\"}]},{\"@type\":\"WebSite\",\"@id\":\"https:\\\/\\\/regiaonews.net.br\\\/2022\\\/#website\",\"url\":\"https:\\\/\\\/regiaonews.net.br\\\/2022\\\/\",\"name\":\"Regi\u00e3o News\",\"description\":\"Site de Not\u00edcias de Barretos e regi\u00e3o\",\"publisher\":{\"@id\":\"https:\\\/\\\/regiaonews.net.br\\\/2022\\\/#organization\"},\"potentialAction\":[{\"@type\":\"SearchAction\",\"target\":{\"@type\":\"EntryPoint\",\"urlTemplate\":\"https:\\\/\\\/regiaonews.net.br\\\/2022\\\/?s={search_term_string}\"},\"query-input\":{\"@type\":\"PropertyValueSpecification\",\"valueRequired\":true,\"valueName\":\"search_term_string\"}}],\"inLanguage\":\"pt-BR\"},{\"@type\":\"Organization\",\"@id\":\"https:\\\/\\\/regiaonews.net.br\\\/2022\\\/#organization\",\"name\":\"Regi\u00e3o News\",\"url\":\"https:\\\/\\\/regiaonews.net.br\\\/2022\\\/\",\"logo\":{\"@type\":\"ImageObject\",\"inLanguage\":\"pt-BR\",\"@id\":\"https:\\\/\\\/regiaonews.net.br\\\/2022\\\/#\\\/schema\\\/logo\\\/image\\\/\",\"url\":\"https:\\\/\\\/regiaonews.net.br\\\/2022\\\/wp-content\\\/uploads\\\/2026\\\/03\\\/regiao-13-anos-scaled.jpg\",\"contentUrl\":\"https:\\\/\\\/regiaonews.net.br\\\/2022\\\/wp-content\\\/uploads\\\/2026\\\/03\\\/regiao-13-anos-scaled.jpg\",\"width\":2560,\"height\":635,\"caption\":\"Regi\u00e3o News\"},\"image\":{\"@id\":\"https:\\\/\\\/regiaonews.net.br\\\/2022\\\/#\\\/schema\\\/logo\\\/image\\\/\"}},{\"@type\":\"Person\",\"@id\":\"https:\\\/\\\/regiaonews.net.br\\\/2022\\\/#\\\/schema\\\/person\\\/2d205a608a5aa97ac279d7a5e6d89ad8\",\"name\":\"Roberto\",\"image\":{\"@type\":\"ImageObject\",\"inLanguage\":\"pt-BR\",\"@id\":\"https:\\\/\\\/secure.gravatar.com\\\/avatar\\\/42749d8b712ff9d59ca93dc150494e5b55a44134482993f5baeb97e61b7ecc89?s=96&d=mm&r=g\",\"url\":\"https:\\\/\\\/secure.gravatar.com\\\/avatar\\\/42749d8b712ff9d59ca93dc150494e5b55a44134482993f5baeb97e61b7ecc89?s=96&d=mm&r=g\",\"contentUrl\":\"https:\\\/\\\/secure.gravatar.com\\\/avatar\\\/42749d8b712ff9d59ca93dc150494e5b55a44134482993f5baeb97e61b7ecc89?s=96&d=mm&r=g\",\"caption\":\"Roberto\"},\"url\":\"https:\\\/\\\/regiaonews.net.br\\\/2022\\\/author\\\/roberto\\\/\"}]}<\/script>\n<!-- \/ Yoast SEO plugin. -->","yoast_head_json":{"title":"Nascem 12 filhotes de Araras de ovos resgatos do tr\u00e1fico no Aeroporto de Guarulhos - Regi\u00e3o News","robots":{"index":"index","follow":"follow","max-snippet":"max-snippet:-1","max-image-preview":"max-image-preview:large","max-video-preview":"max-video-preview:-1"},"canonical":"https:\/\/regiaonews.net.br\/2022\/2024\/08\/12\/nascem-12-filhotes-de-araras-de-ovos-resgatados-do-trafico-no-aeroporto-de-guarulhos\/","og_locale":"pt_BR","og_type":"article","og_title":"Nascem 12 filhotes de Araras de ovos resgatos do tr\u00e1fico no Aeroporto de Guarulhos - Regi\u00e3o News","og_description":"Nasceram nesta segunda-feira, 5 de agosto, 12 filhotes de araras","og_url":"https:\/\/regiaonews.net.br\/2022\/2024\/08\/12\/nascem-12-filhotes-de-araras-de-ovos-resgatados-do-trafico-no-aeroporto-de-guarulhos\/","og_site_name":"Regi\u00e3o News","article_published_time":"2024-08-12T19:09:03+00:00","article_modified_time":"2024-08-13T00:15:21+00:00","og_image":[{"width":1280,"height":960,"url":"https:\/\/regiaonews.net.br\/2022\/wp-content\/uploads\/2024\/08\/aves-resgatadas.jpeg","type":"image\/jpeg"}],"author":"Roberto","twitter_card":"summary_large_image","twitter_misc":{"Escrito por":"Roberto","Est. tempo de leitura":"5 minutos"},"schema":{"@context":"https:\/\/schema.org","@graph":[{"@type":"Article","@id":"https:\/\/regiaonews.net.br\/2022\/2024\/08\/12\/nascem-12-filhotes-de-araras-de-ovos-resgatados-do-trafico-no-aeroporto-de-guarulhos\/#article","isPartOf":{"@id":"https:\/\/regiaonews.net.br\/2022\/2024\/08\/12\/nascem-12-filhotes-de-araras-de-ovos-resgatados-do-trafico-no-aeroporto-de-guarulhos\/"},"author":{"name":"Roberto","@id":"https:\/\/regiaonews.net.br\/2022\/#\/schema\/person\/2d205a608a5aa97ac279d7a5e6d89ad8"},"headline":"Nascem 12 filhotes de Araras de ovos resgatos do tr\u00e1fico no Aeroporto de Guarulhos","datePublished":"2024-08-12T19:09:03+00:00","dateModified":"2024-08-13T00:15:21+00:00","mainEntityOfPage":{"@id":"https:\/\/regiaonews.net.br\/2022\/2024\/08\/12\/nascem-12-filhotes-de-araras-de-ovos-resgatados-do-trafico-no-aeroporto-de-guarulhos\/"},"wordCount":793,"commentCount":0,"publisher":{"@id":"https:\/\/regiaonews.net.br\/2022\/#organization"},"image":{"@id":"https:\/\/regiaonews.net.br\/2022\/2024\/08\/12\/nascem-12-filhotes-de-araras-de-ovos-resgatados-do-trafico-no-aeroporto-de-guarulhos\/#primaryimage"},"thumbnailUrl":"https:\/\/regiaonews.net.br\/2022\/wp-content\/uploads\/2024\/08\/aves-resgatadas.jpeg","articleSection":["Estado de S\u00e3o Paulo","Geral"],"inLanguage":"pt-BR","potentialAction":[{"@type":"CommentAction","name":"Comment","target":["https:\/\/regiaonews.net.br\/2022\/2024\/08\/12\/nascem-12-filhotes-de-araras-de-ovos-resgatados-do-trafico-no-aeroporto-de-guarulhos\/#respond"]}]},{"@type":"WebPage","@id":"https:\/\/regiaonews.net.br\/2022\/2024\/08\/12\/nascem-12-filhotes-de-araras-de-ovos-resgatados-do-trafico-no-aeroporto-de-guarulhos\/","url":"https:\/\/regiaonews.net.br\/2022\/2024\/08\/12\/nascem-12-filhotes-de-araras-de-ovos-resgatados-do-trafico-no-aeroporto-de-guarulhos\/","name":"Nascem 12 filhotes de Araras de ovos resgatos do tr\u00e1fico no Aeroporto de Guarulhos - Regi\u00e3o News","isPartOf":{"@id":"https:\/\/regiaonews.net.br\/2022\/#website"},"primaryImageOfPage":{"@id":"https:\/\/regiaonews.net.br\/2022\/2024\/08\/12\/nascem-12-filhotes-de-araras-de-ovos-resgatados-do-trafico-no-aeroporto-de-guarulhos\/#primaryimage"},"image":{"@id":"https:\/\/regiaonews.net.br\/2022\/2024\/08\/12\/nascem-12-filhotes-de-araras-de-ovos-resgatados-do-trafico-no-aeroporto-de-guarulhos\/#primaryimage"},"thumbnailUrl":"https:\/\/regiaonews.net.br\/2022\/wp-content\/uploads\/2024\/08\/aves-resgatadas.jpeg","datePublished":"2024-08-12T19:09:03+00:00","dateModified":"2024-08-13T00:15:21+00:00","breadcrumb":{"@id":"https:\/\/regiaonews.net.br\/2022\/2024\/08\/12\/nascem-12-filhotes-de-araras-de-ovos-resgatados-do-trafico-no-aeroporto-de-guarulhos\/#breadcrumb"},"inLanguage":"pt-BR","potentialAction":[{"@type":"ReadAction","target":["https:\/\/regiaonews.net.br\/2022\/2024\/08\/12\/nascem-12-filhotes-de-araras-de-ovos-resgatados-do-trafico-no-aeroporto-de-guarulhos\/"]}]},{"@type":"ImageObject","inLanguage":"pt-BR","@id":"https:\/\/regiaonews.net.br\/2022\/2024\/08\/12\/nascem-12-filhotes-de-araras-de-ovos-resgatados-do-trafico-no-aeroporto-de-guarulhos\/#primaryimage","url":"https:\/\/regiaonews.net.br\/2022\/wp-content\/uploads\/2024\/08\/aves-resgatadas.jpeg","contentUrl":"https:\/\/regiaonews.net.br\/2022\/wp-content\/uploads\/2024\/08\/aves-resgatadas.jpeg","width":1280,"height":960},{"@type":"BreadcrumbList","@id":"https:\/\/regiaonews.net.br\/2022\/2024\/08\/12\/nascem-12-filhotes-de-araras-de-ovos-resgatados-do-trafico-no-aeroporto-de-guarulhos\/#breadcrumb","itemListElement":[{"@type":"ListItem","position":1,"name":"In\u00edcio","item":"https:\/\/regiaonews.net.br\/2022\/"},{"@type":"ListItem","position":2,"name":"Nascem 12 filhotes de Araras de ovos resgatos do tr\u00e1fico no Aeroporto de Guarulhos"}]},{"@type":"WebSite","@id":"https:\/\/regiaonews.net.br\/2022\/#website","url":"https:\/\/regiaonews.net.br\/2022\/","name":"Regi\u00e3o News","description":"Site de Not\u00edcias de Barretos e regi\u00e3o","publisher":{"@id":"https:\/\/regiaonews.net.br\/2022\/#organization"},"potentialAction":[{"@type":"SearchAction","target":{"@type":"EntryPoint","urlTemplate":"https:\/\/regiaonews.net.br\/2022\/?s={search_term_string}"},"query-input":{"@type":"PropertyValueSpecification","valueRequired":true,"valueName":"search_term_string"}}],"inLanguage":"pt-BR"},{"@type":"Organization","@id":"https:\/\/regiaonews.net.br\/2022\/#organization","name":"Regi\u00e3o News","url":"https:\/\/regiaonews.net.br\/2022\/","logo":{"@type":"ImageObject","inLanguage":"pt-BR","@id":"https:\/\/regiaonews.net.br\/2022\/#\/schema\/logo\/image\/","url":"https:\/\/regiaonews.net.br\/2022\/wp-content\/uploads\/2026\/03\/regiao-13-anos-scaled.jpg","contentUrl":"https:\/\/regiaonews.net.br\/2022\/wp-content\/uploads\/2026\/03\/regiao-13-anos-scaled.jpg","width":2560,"height":635,"caption":"Regi\u00e3o News"},"image":{"@id":"https:\/\/regiaonews.net.br\/2022\/#\/schema\/logo\/image\/"}},{"@type":"Person","@id":"https:\/\/regiaonews.net.br\/2022\/#\/schema\/person\/2d205a608a5aa97ac279d7a5e6d89ad8","name":"Roberto","image":{"@type":"ImageObject","inLanguage":"pt-BR","@id":"https:\/\/secure.gravatar.com\/avatar\/42749d8b712ff9d59ca93dc150494e5b55a44134482993f5baeb97e61b7ecc89?s=96&d=mm&r=g","url":"https:\/\/secure.gravatar.com\/avatar\/42749d8b712ff9d59ca93dc150494e5b55a44134482993f5baeb97e61b7ecc89?s=96&d=mm&r=g","contentUrl":"https:\/\/secure.gravatar.com\/avatar\/42749d8b712ff9d59ca93dc150494e5b55a44134482993f5baeb97e61b7ecc89?s=96&d=mm&r=g","caption":"Roberto"},"url":"https:\/\/regiaonews.net.br\/2022\/author\/roberto\/"}]}},"publishpress_future_action":{"enabled":false,"date":"2026-05-03 04:51:23","action":"change-status","newStatus":"draft","terms":[],"taxonomy":"category","extraData":[]},"publishpress_future_workflow_manual_trigger":{"enabledWorkflows":[]},"_links":{"self":[{"href":"https:\/\/regiaonews.net.br\/2022\/wp-json\/wp\/v2\/posts\/108706","targetHints":{"allow":["GET"]}}],"collection":[{"href":"https:\/\/regiaonews.net.br\/2022\/wp-json\/wp\/v2\/posts"}],"about":[{"href":"https:\/\/regiaonews.net.br\/2022\/wp-json\/wp\/v2\/types\/post"}],"author":[{"embeddable":true,"href":"https:\/\/regiaonews.net.br\/2022\/wp-json\/wp\/v2\/users\/2"}],"replies":[{"embeddable":true,"href":"https:\/\/regiaonews.net.br\/2022\/wp-json\/wp\/v2\/comments?post=108706"}],"version-history":[{"count":3,"href":"https:\/\/regiaonews.net.br\/2022\/wp-json\/wp\/v2\/posts\/108706\/revisions"}],"predecessor-version":[{"id":108721,"href":"https:\/\/regiaonews.net.br\/2022\/wp-json\/wp\/v2\/posts\/108706\/revisions\/108721"}],"wp:featuredmedia":[{"embeddable":true,"href":"https:\/\/regiaonews.net.br\/2022\/wp-json\/wp\/v2\/media\/108707"}],"wp:attachment":[{"href":"https:\/\/regiaonews.net.br\/2022\/wp-json\/wp\/v2\/media?parent=108706"}],"wp:term":[{"taxonomy":"category","embeddable":true,"href":"https:\/\/regiaonews.net.br\/2022\/wp-json\/wp\/v2\/categories?post=108706"},{"taxonomy":"post_tag","embeddable":true,"href":"https:\/\/regiaonews.net.br\/2022\/wp-json\/wp\/v2\/tags?post=108706"}],"curies":[{"name":"wp","href":"https:\/\/api.w.org\/{rel}","templated":true}]}}