{"id":108559,"date":"2024-08-08T08:26:17","date_gmt":"2024-08-08T11:26:17","guid":{"rendered":"https:\/\/regiaonews.net.br\/2022\/?p=108559"},"modified":"2024-08-08T08:46:10","modified_gmt":"2024-08-08T11:46:10","slug":"festa-do-peao-de-barretos-deve-impactar-economia-e-turismo-no-mes-de-agosto","status":"publish","type":"post","link":"https:\/\/regiaonews.net.br\/2022\/2024\/08\/08\/festa-do-peao-de-barretos-deve-impactar-economia-e-turismo-no-mes-de-agosto\/","title":{"rendered":"Festa do Pe\u00e3o de Barretos deve impactar economia e turismo no m\u00eas de agosto"},"content":{"rendered":"<p>Com uma popula\u00e7\u00e3o estimada em 122 mil habitantes, Barretos atinge n\u00fameros grandiosos no m\u00eas de agosto, durante a Festa do Pe\u00e3o. A cidade se transforma em uma \u2018metr\u00f3pole do rodeio\u2019 nos 11 dias de evento e tem a expectativa de gerar mais de 10 mil empregos diretos e indiretos, com o Parque do Pe\u00e3o recebendo cerca de 900 mil visitas em 11 dias, n\u00famero oito vezes maior que o da popula\u00e7\u00e3o total do munic\u00edpio. Em sua 69\u00aa edi\u00e7\u00e3o, a Festa do Pe\u00e3o de Barretos, que acontece de 15 a 25 de agosto, deve gerar mais uma vez impacto econ\u00f4mico substancial na pr\u00f3pria cidade e em toda regi\u00e3o.<\/p>\n<p>De acordo com pesquisa do Centro de Intelig\u00eancia e Economia do Turismo (CIET), vinculado \u00e0 Secretaria de Turismo e Viagens do Estado de S\u00e3o Paulo (Setur-SP), a edi\u00e7\u00e3o de 2022 gerou um impacto direto e indireto de R$ 1,24 bilh\u00e3o ao longo de todo o evento (R$ 112 milh\u00f5es\/dia).<\/p>\n<p>A cidade de Barretos \u00e9 apontada como um dos principais destinos tur\u00edsticos no m\u00eas de agosto em todo o pa\u00eds. Do ano passado, por exemplo, de acordo com a Associa\u00e7\u00e3o Os Independentes \u2013 promotora do evento, 83,3% s\u00e3o visitantes de outras localidades, sendo o Estado de S\u00e3o Paulo o maior volume (54,9%) do total de turistas e excursionistas.<\/p>\n<p>\u201cS\u00e3o n\u00fameros expressivos que comprovam a grandiosidade da festa. No m\u00eas de agosto recebemos pessoas de todos os cantos do pa\u00eds. Mesmo a regi\u00e3o Sudeste registrando o maior n\u00famero de visitantes (83,3%), recebemos pessoas do Sul, Centro-Oeste, Nordeste e Norte do pa\u00eds. A Festa do Pe\u00e3o de Barretos gera impacto relevante na movimenta\u00e7\u00e3o da economia, no turismo e gera\u00e7\u00e3o de empregos n\u00e3o s\u00f3 em nosso munic\u00edpio, como em toda regi\u00e3o\u201d, afirma Hussein Gemha J\u00fanior, presidente de Os Independentes.<\/p>\n<p>Hospedagem e empregos<br \/>\nEntre os setores mais movimentados est\u00e3o o de com\u00e9rcio e servi\u00e7os, al\u00e9m de hoteleiro e imobili\u00e1rios do munic\u00edpio e cidades da regi\u00e3o, como Ol\u00edmpia, Bebedouro e S\u00e3o Jos\u00e9 do Rio Preto. Com menos de 30 dias para o in\u00edcio do evento, a taxa de ocupa\u00e7\u00e3o nos hot\u00e9is da cidade estava praticamente preenchida.<\/p>\n<p>A gera\u00e7\u00e3o de emprego tamb\u00e9m tem um resultado positivo no m\u00eas de agosto. Os organizadores estimam que o evento movimente 10 mil vagas diretas e indiretas nas \u00e1reas de turismo, servi\u00e7os gerais, limpeza, jardinagem e arboriza\u00e7\u00e3o, constru\u00e7\u00e3o civil, seguran\u00e7a, entre outros.<\/p>\n<p>Atra\u00e7\u00f5es musicais, rodeio e entretenimento<br \/>\nA Festa do Pe\u00e3o de Barretos \u00e9 um evento aguardado pelos amantes da cultura sertaneja e do universo do rodeio. Com a tradi\u00e7\u00e3o em ser o maior do g\u00eanero da Am\u00e9rica Latina, palcos dos principais artistas do pa\u00eds e do exterior, e por proporcionar o rodeio completo em sua arena, a festa atrai milhares de pessoas de todo o Brasil em busca de divers\u00e3o e entretenimento.<\/p>\n<p>Os principais nomes da m\u00fasica brasileira est\u00e3o confirmados na edi\u00e7\u00e3o deste ano, assim como, a presen\u00e7a in\u00e9dita do cantor country norte-americano Cody Johnson \u2013 que estar\u00e1 pela primeira vez em terras brasileiras e far\u00e1 show \u00fanico no evento, no dia 24 de agosto. Al\u00e9m do estilo sertanejo e country, a festa conta com uma programa\u00e7\u00e3o musical diversificada para oferecer uma experi\u00eancia \u00fanica para os f\u00e3s em palcos especiais dentro do Parque do Pe\u00e3o. Nesta edi\u00e7\u00e3o, o evento ter\u00e1 trio el\u00e9trico gigante em formato de micareta pelas ruas do complexo.<\/p>\n<p>A arena do Est\u00e1dio de Rodeios recebe os melhores competidores brasileiros e estrangeiros em emocionantes montarias em touros e cavalos (Cutiano), al\u00e9m de provas de Sela Americana, Bareback, Tr\u00eas Tambores e Team Penning.<\/p>\n<p>\u201cAl\u00e9m do rodeio e dos shows, a Festa do Pe\u00e3o de Barretos oferece uma s\u00e9rie de atra\u00e7\u00f5es e entretenimentos. Al\u00e9m da nossa tradi\u00e7\u00e3o e raiz sertaneja, o evento conta com uma ampla feira comercial e pra\u00e7a de alimenta\u00e7\u00e3o, lazer e divers\u00e3o para garotada no Parque do Pe\u00e3ozinho, toda nossa rica hist\u00f3ria cultural no Memorial do Pe\u00e3o e nos monumentos espalhados pelo complexo, o concurso da Queima do Alho (comida t\u00edpica do pe\u00e3o estradeiro), parques de divers\u00f5es, entre muitas outras op\u00e7\u00f5es\u201d, conta Hussein Gemha. \u201cQueremos proporcionar uma experi\u00eancia completa para todas as idades e gostos\u201d.<\/p>\n","protected":false},"excerpt":{"rendered":"<p>Com uma popula\u00e7\u00e3o estimada em 122 mil habitantes, Barretos atinge<\/p>\n","protected":false},"author":2,"featured_media":108560,"comment_status":"open","ping_status":"open","sticky":false,"template":"","format":"standard","meta":{"footnotes":""},"categories":[14,45],"tags":[],"class_list":["post-108559","post","type-post","status-publish","format-standard","has-post-thumbnail","hentry","category-barretos","category-festa-do-peao"],"yoast_head":"<!-- This site is optimized with the Yoast SEO plugin v27.4 - https:\/\/yoast.com\/product\/yoast-seo-wordpress\/ -->\n<title>Festa do Pe\u00e3o de Barretos deve impactar economia e turismo no m\u00eas de agosto - Regi\u00e3o News<\/title>\n<meta name=\"robots\" content=\"index, follow, max-snippet:-1, max-image-preview:large, max-video-preview:-1\" \/>\n<link rel=\"canonical\" href=\"https:\/\/regiaonews.net.br\/2022\/2024\/08\/08\/festa-do-peao-de-barretos-deve-impactar-economia-e-turismo-no-mes-de-agosto\/\" \/>\n<meta property=\"og:locale\" content=\"pt_BR\" \/>\n<meta property=\"og:type\" content=\"article\" \/>\n<meta property=\"og:title\" content=\"Festa do Pe\u00e3o de Barretos deve impactar economia e turismo no m\u00eas de agosto - Regi\u00e3o News\" \/>\n<meta property=\"og:description\" content=\"Com uma popula\u00e7\u00e3o estimada em 122 mil habitantes, Barretos atinge\" \/>\n<meta property=\"og:url\" content=\"https:\/\/regiaonews.net.br\/2022\/2024\/08\/08\/festa-do-peao-de-barretos-deve-impactar-economia-e-turismo-no-mes-de-agosto\/\" \/>\n<meta property=\"og:site_name\" content=\"Regi\u00e3o News\" \/>\n<meta property=\"article:published_time\" content=\"2024-08-08T11:26:17+00:00\" \/>\n<meta property=\"article:modified_time\" content=\"2024-08-08T11:46:10+00:00\" \/>\n<meta property=\"og:image\" content=\"https:\/\/regiaonews.net.br\/2022\/wp-content\/uploads\/2024\/08\/172303831466b37a6a5e5d8.jpg\" \/>\n\t<meta property=\"og:image:width\" content=\"597\" \/>\n\t<meta property=\"og:image:height\" content=\"336\" \/>\n\t<meta property=\"og:image:type\" content=\"image\/jpeg\" \/>\n<meta name=\"author\" content=\"Roberto\" \/>\n<meta name=\"twitter:card\" content=\"summary_large_image\" \/>\n<meta name=\"twitter:label1\" content=\"Escrito por\" \/>\n\t<meta name=\"twitter:data1\" content=\"Roberto\" \/>\n\t<meta name=\"twitter:label2\" content=\"Est. tempo de leitura\" \/>\n\t<meta name=\"twitter:data2\" content=\"4 minutos\" \/>\n<script type=\"application\/ld+json\" class=\"yoast-schema-graph\">{\"@context\":\"https:\\\/\\\/schema.org\",\"@graph\":[{\"@type\":\"Article\",\"@id\":\"https:\\\/\\\/regiaonews.net.br\\\/2022\\\/2024\\\/08\\\/08\\\/festa-do-peao-de-barretos-deve-impactar-economia-e-turismo-no-mes-de-agosto\\\/#article\",\"isPartOf\":{\"@id\":\"https:\\\/\\\/regiaonews.net.br\\\/2022\\\/2024\\\/08\\\/08\\\/festa-do-peao-de-barretos-deve-impactar-economia-e-turismo-no-mes-de-agosto\\\/\"},\"author\":{\"name\":\"Roberto\",\"@id\":\"https:\\\/\\\/regiaonews.net.br\\\/2022\\\/#\\\/schema\\\/person\\\/2d205a608a5aa97ac279d7a5e6d89ad8\"},\"headline\":\"Festa do Pe\u00e3o de Barretos deve impactar economia e turismo no m\u00eas de agosto\",\"datePublished\":\"2024-08-08T11:26:17+00:00\",\"dateModified\":\"2024-08-08T11:46:10+00:00\",\"mainEntityOfPage\":{\"@id\":\"https:\\\/\\\/regiaonews.net.br\\\/2022\\\/2024\\\/08\\\/08\\\/festa-do-peao-de-barretos-deve-impactar-economia-e-turismo-no-mes-de-agosto\\\/\"},\"wordCount\":767,\"commentCount\":0,\"publisher\":{\"@id\":\"https:\\\/\\\/regiaonews.net.br\\\/2022\\\/#organization\"},\"image\":{\"@id\":\"https:\\\/\\\/regiaonews.net.br\\\/2022\\\/2024\\\/08\\\/08\\\/festa-do-peao-de-barretos-deve-impactar-economia-e-turismo-no-mes-de-agosto\\\/#primaryimage\"},\"thumbnailUrl\":\"https:\\\/\\\/regiaonews.net.br\\\/2022\\\/wp-content\\\/uploads\\\/2024\\\/08\\\/172303831466b37a6a5e5d8.jpg\",\"articleSection\":[\"Barretos\",\"Festa do Pe\u00e3o\"],\"inLanguage\":\"pt-BR\",\"potentialAction\":[{\"@type\":\"CommentAction\",\"name\":\"Comment\",\"target\":[\"https:\\\/\\\/regiaonews.net.br\\\/2022\\\/2024\\\/08\\\/08\\\/festa-do-peao-de-barretos-deve-impactar-economia-e-turismo-no-mes-de-agosto\\\/#respond\"]}]},{\"@type\":\"WebPage\",\"@id\":\"https:\\\/\\\/regiaonews.net.br\\\/2022\\\/2024\\\/08\\\/08\\\/festa-do-peao-de-barretos-deve-impactar-economia-e-turismo-no-mes-de-agosto\\\/\",\"url\":\"https:\\\/\\\/regiaonews.net.br\\\/2022\\\/2024\\\/08\\\/08\\\/festa-do-peao-de-barretos-deve-impactar-economia-e-turismo-no-mes-de-agosto\\\/\",\"name\":\"Festa do Pe\u00e3o de Barretos deve impactar economia e turismo no m\u00eas de agosto - Regi\u00e3o News\",\"isPartOf\":{\"@id\":\"https:\\\/\\\/regiaonews.net.br\\\/2022\\\/#website\"},\"primaryImageOfPage\":{\"@id\":\"https:\\\/\\\/regiaonews.net.br\\\/2022\\\/2024\\\/08\\\/08\\\/festa-do-peao-de-barretos-deve-impactar-economia-e-turismo-no-mes-de-agosto\\\/#primaryimage\"},\"image\":{\"@id\":\"https:\\\/\\\/regiaonews.net.br\\\/2022\\\/2024\\\/08\\\/08\\\/festa-do-peao-de-barretos-deve-impactar-economia-e-turismo-no-mes-de-agosto\\\/#primaryimage\"},\"thumbnailUrl\":\"https:\\\/\\\/regiaonews.net.br\\\/2022\\\/wp-content\\\/uploads\\\/2024\\\/08\\\/172303831466b37a6a5e5d8.jpg\",\"datePublished\":\"2024-08-08T11:26:17+00:00\",\"dateModified\":\"2024-08-08T11:46:10+00:00\",\"breadcrumb\":{\"@id\":\"https:\\\/\\\/regiaonews.net.br\\\/2022\\\/2024\\\/08\\\/08\\\/festa-do-peao-de-barretos-deve-impactar-economia-e-turismo-no-mes-de-agosto\\\/#breadcrumb\"},\"inLanguage\":\"pt-BR\",\"potentialAction\":[{\"@type\":\"ReadAction\",\"target\":[\"https:\\\/\\\/regiaonews.net.br\\\/2022\\\/2024\\\/08\\\/08\\\/festa-do-peao-de-barretos-deve-impactar-economia-e-turismo-no-mes-de-agosto\\\/\"]}]},{\"@type\":\"ImageObject\",\"inLanguage\":\"pt-BR\",\"@id\":\"https:\\\/\\\/regiaonews.net.br\\\/2022\\\/2024\\\/08\\\/08\\\/festa-do-peao-de-barretos-deve-impactar-economia-e-turismo-no-mes-de-agosto\\\/#primaryimage\",\"url\":\"https:\\\/\\\/regiaonews.net.br\\\/2022\\\/wp-content\\\/uploads\\\/2024\\\/08\\\/172303831466b37a6a5e5d8.jpg\",\"contentUrl\":\"https:\\\/\\\/regiaonews.net.br\\\/2022\\\/wp-content\\\/uploads\\\/2024\\\/08\\\/172303831466b37a6a5e5d8.jpg\",\"width\":597,\"height\":336},{\"@type\":\"BreadcrumbList\",\"@id\":\"https:\\\/\\\/regiaonews.net.br\\\/2022\\\/2024\\\/08\\\/08\\\/festa-do-peao-de-barretos-deve-impactar-economia-e-turismo-no-mes-de-agosto\\\/#breadcrumb\",\"itemListElement\":[{\"@type\":\"ListItem\",\"position\":1,\"name\":\"In\u00edcio\",\"item\":\"https:\\\/\\\/regiaonews.net.br\\\/2022\\\/\"},{\"@type\":\"ListItem\",\"position\":2,\"name\":\"Festa do Pe\u00e3o de Barretos deve impactar economia e turismo no m\u00eas de agosto\"}]},{\"@type\":\"WebSite\",\"@id\":\"https:\\\/\\\/regiaonews.net.br\\\/2022\\\/#website\",\"url\":\"https:\\\/\\\/regiaonews.net.br\\\/2022\\\/\",\"name\":\"Regi\u00e3o News\",\"description\":\"Site de Not\u00edcias de Barretos e regi\u00e3o\",\"publisher\":{\"@id\":\"https:\\\/\\\/regiaonews.net.br\\\/2022\\\/#organization\"},\"potentialAction\":[{\"@type\":\"SearchAction\",\"target\":{\"@type\":\"EntryPoint\",\"urlTemplate\":\"https:\\\/\\\/regiaonews.net.br\\\/2022\\\/?s={search_term_string}\"},\"query-input\":{\"@type\":\"PropertyValueSpecification\",\"valueRequired\":true,\"valueName\":\"search_term_string\"}}],\"inLanguage\":\"pt-BR\"},{\"@type\":\"Organization\",\"@id\":\"https:\\\/\\\/regiaonews.net.br\\\/2022\\\/#organization\",\"name\":\"Regi\u00e3o News\",\"url\":\"https:\\\/\\\/regiaonews.net.br\\\/2022\\\/\",\"logo\":{\"@type\":\"ImageObject\",\"inLanguage\":\"pt-BR\",\"@id\":\"https:\\\/\\\/regiaonews.net.br\\\/2022\\\/#\\\/schema\\\/logo\\\/image\\\/\",\"url\":\"https:\\\/\\\/regiaonews.net.br\\\/2022\\\/wp-content\\\/uploads\\\/2026\\\/03\\\/regiao-13-anos-scaled.jpg\",\"contentUrl\":\"https:\\\/\\\/regiaonews.net.br\\\/2022\\\/wp-content\\\/uploads\\\/2026\\\/03\\\/regiao-13-anos-scaled.jpg\",\"width\":2560,\"height\":635,\"caption\":\"Regi\u00e3o News\"},\"image\":{\"@id\":\"https:\\\/\\\/regiaonews.net.br\\\/2022\\\/#\\\/schema\\\/logo\\\/image\\\/\"}},{\"@type\":\"Person\",\"@id\":\"https:\\\/\\\/regiaonews.net.br\\\/2022\\\/#\\\/schema\\\/person\\\/2d205a608a5aa97ac279d7a5e6d89ad8\",\"name\":\"Roberto\",\"image\":{\"@type\":\"ImageObject\",\"inLanguage\":\"pt-BR\",\"@id\":\"https:\\\/\\\/secure.gravatar.com\\\/avatar\\\/42749d8b712ff9d59ca93dc150494e5b55a44134482993f5baeb97e61b7ecc89?s=96&d=mm&r=g\",\"url\":\"https:\\\/\\\/secure.gravatar.com\\\/avatar\\\/42749d8b712ff9d59ca93dc150494e5b55a44134482993f5baeb97e61b7ecc89?s=96&d=mm&r=g\",\"contentUrl\":\"https:\\\/\\\/secure.gravatar.com\\\/avatar\\\/42749d8b712ff9d59ca93dc150494e5b55a44134482993f5baeb97e61b7ecc89?s=96&d=mm&r=g\",\"caption\":\"Roberto\"},\"url\":\"https:\\\/\\\/regiaonews.net.br\\\/2022\\\/author\\\/roberto\\\/\"}]}<\/script>\n<!-- \/ Yoast SEO plugin. -->","yoast_head_json":{"title":"Festa do Pe\u00e3o de Barretos deve impactar economia e turismo no m\u00eas de agosto - Regi\u00e3o News","robots":{"index":"index","follow":"follow","max-snippet":"max-snippet:-1","max-image-preview":"max-image-preview:large","max-video-preview":"max-video-preview:-1"},"canonical":"https:\/\/regiaonews.net.br\/2022\/2024\/08\/08\/festa-do-peao-de-barretos-deve-impactar-economia-e-turismo-no-mes-de-agosto\/","og_locale":"pt_BR","og_type":"article","og_title":"Festa do Pe\u00e3o de Barretos deve impactar economia e turismo no m\u00eas de agosto - Regi\u00e3o News","og_description":"Com uma popula\u00e7\u00e3o estimada em 122 mil habitantes, Barretos atinge","og_url":"https:\/\/regiaonews.net.br\/2022\/2024\/08\/08\/festa-do-peao-de-barretos-deve-impactar-economia-e-turismo-no-mes-de-agosto\/","og_site_name":"Regi\u00e3o News","article_published_time":"2024-08-08T11:26:17+00:00","article_modified_time":"2024-08-08T11:46:10+00:00","og_image":[{"width":597,"height":336,"url":"https:\/\/regiaonews.net.br\/2022\/wp-content\/uploads\/2024\/08\/172303831466b37a6a5e5d8.jpg","type":"image\/jpeg"}],"author":"Roberto","twitter_card":"summary_large_image","twitter_misc":{"Escrito por":"Roberto","Est. tempo de leitura":"4 minutos"},"schema":{"@context":"https:\/\/schema.org","@graph":[{"@type":"Article","@id":"https:\/\/regiaonews.net.br\/2022\/2024\/08\/08\/festa-do-peao-de-barretos-deve-impactar-economia-e-turismo-no-mes-de-agosto\/#article","isPartOf":{"@id":"https:\/\/regiaonews.net.br\/2022\/2024\/08\/08\/festa-do-peao-de-barretos-deve-impactar-economia-e-turismo-no-mes-de-agosto\/"},"author":{"name":"Roberto","@id":"https:\/\/regiaonews.net.br\/2022\/#\/schema\/person\/2d205a608a5aa97ac279d7a5e6d89ad8"},"headline":"Festa do Pe\u00e3o de Barretos deve impactar economia e turismo no m\u00eas de agosto","datePublished":"2024-08-08T11:26:17+00:00","dateModified":"2024-08-08T11:46:10+00:00","mainEntityOfPage":{"@id":"https:\/\/regiaonews.net.br\/2022\/2024\/08\/08\/festa-do-peao-de-barretos-deve-impactar-economia-e-turismo-no-mes-de-agosto\/"},"wordCount":767,"commentCount":0,"publisher":{"@id":"https:\/\/regiaonews.net.br\/2022\/#organization"},"image":{"@id":"https:\/\/regiaonews.net.br\/2022\/2024\/08\/08\/festa-do-peao-de-barretos-deve-impactar-economia-e-turismo-no-mes-de-agosto\/#primaryimage"},"thumbnailUrl":"https:\/\/regiaonews.net.br\/2022\/wp-content\/uploads\/2024\/08\/172303831466b37a6a5e5d8.jpg","articleSection":["Barretos","Festa do Pe\u00e3o"],"inLanguage":"pt-BR","potentialAction":[{"@type":"CommentAction","name":"Comment","target":["https:\/\/regiaonews.net.br\/2022\/2024\/08\/08\/festa-do-peao-de-barretos-deve-impactar-economia-e-turismo-no-mes-de-agosto\/#respond"]}]},{"@type":"WebPage","@id":"https:\/\/regiaonews.net.br\/2022\/2024\/08\/08\/festa-do-peao-de-barretos-deve-impactar-economia-e-turismo-no-mes-de-agosto\/","url":"https:\/\/regiaonews.net.br\/2022\/2024\/08\/08\/festa-do-peao-de-barretos-deve-impactar-economia-e-turismo-no-mes-de-agosto\/","name":"Festa do Pe\u00e3o de Barretos deve impactar economia e turismo no m\u00eas de agosto - Regi\u00e3o News","isPartOf":{"@id":"https:\/\/regiaonews.net.br\/2022\/#website"},"primaryImageOfPage":{"@id":"https:\/\/regiaonews.net.br\/2022\/2024\/08\/08\/festa-do-peao-de-barretos-deve-impactar-economia-e-turismo-no-mes-de-agosto\/#primaryimage"},"image":{"@id":"https:\/\/regiaonews.net.br\/2022\/2024\/08\/08\/festa-do-peao-de-barretos-deve-impactar-economia-e-turismo-no-mes-de-agosto\/#primaryimage"},"thumbnailUrl":"https:\/\/regiaonews.net.br\/2022\/wp-content\/uploads\/2024\/08\/172303831466b37a6a5e5d8.jpg","datePublished":"2024-08-08T11:26:17+00:00","dateModified":"2024-08-08T11:46:10+00:00","breadcrumb":{"@id":"https:\/\/regiaonews.net.br\/2022\/2024\/08\/08\/festa-do-peao-de-barretos-deve-impactar-economia-e-turismo-no-mes-de-agosto\/#breadcrumb"},"inLanguage":"pt-BR","potentialAction":[{"@type":"ReadAction","target":["https:\/\/regiaonews.net.br\/2022\/2024\/08\/08\/festa-do-peao-de-barretos-deve-impactar-economia-e-turismo-no-mes-de-agosto\/"]}]},{"@type":"ImageObject","inLanguage":"pt-BR","@id":"https:\/\/regiaonews.net.br\/2022\/2024\/08\/08\/festa-do-peao-de-barretos-deve-impactar-economia-e-turismo-no-mes-de-agosto\/#primaryimage","url":"https:\/\/regiaonews.net.br\/2022\/wp-content\/uploads\/2024\/08\/172303831466b37a6a5e5d8.jpg","contentUrl":"https:\/\/regiaonews.net.br\/2022\/wp-content\/uploads\/2024\/08\/172303831466b37a6a5e5d8.jpg","width":597,"height":336},{"@type":"BreadcrumbList","@id":"https:\/\/regiaonews.net.br\/2022\/2024\/08\/08\/festa-do-peao-de-barretos-deve-impactar-economia-e-turismo-no-mes-de-agosto\/#breadcrumb","itemListElement":[{"@type":"ListItem","position":1,"name":"In\u00edcio","item":"https:\/\/regiaonews.net.br\/2022\/"},{"@type":"ListItem","position":2,"name":"Festa do Pe\u00e3o de Barretos deve impactar economia e turismo no m\u00eas de agosto"}]},{"@type":"WebSite","@id":"https:\/\/regiaonews.net.br\/2022\/#website","url":"https:\/\/regiaonews.net.br\/2022\/","name":"Regi\u00e3o News","description":"Site de Not\u00edcias de Barretos e regi\u00e3o","publisher":{"@id":"https:\/\/regiaonews.net.br\/2022\/#organization"},"potentialAction":[{"@type":"SearchAction","target":{"@type":"EntryPoint","urlTemplate":"https:\/\/regiaonews.net.br\/2022\/?s={search_term_string}"},"query-input":{"@type":"PropertyValueSpecification","valueRequired":true,"valueName":"search_term_string"}}],"inLanguage":"pt-BR"},{"@type":"Organization","@id":"https:\/\/regiaonews.net.br\/2022\/#organization","name":"Regi\u00e3o News","url":"https:\/\/regiaonews.net.br\/2022\/","logo":{"@type":"ImageObject","inLanguage":"pt-BR","@id":"https:\/\/regiaonews.net.br\/2022\/#\/schema\/logo\/image\/","url":"https:\/\/regiaonews.net.br\/2022\/wp-content\/uploads\/2026\/03\/regiao-13-anos-scaled.jpg","contentUrl":"https:\/\/regiaonews.net.br\/2022\/wp-content\/uploads\/2026\/03\/regiao-13-anos-scaled.jpg","width":2560,"height":635,"caption":"Regi\u00e3o News"},"image":{"@id":"https:\/\/regiaonews.net.br\/2022\/#\/schema\/logo\/image\/"}},{"@type":"Person","@id":"https:\/\/regiaonews.net.br\/2022\/#\/schema\/person\/2d205a608a5aa97ac279d7a5e6d89ad8","name":"Roberto","image":{"@type":"ImageObject","inLanguage":"pt-BR","@id":"https:\/\/secure.gravatar.com\/avatar\/42749d8b712ff9d59ca93dc150494e5b55a44134482993f5baeb97e61b7ecc89?s=96&d=mm&r=g","url":"https:\/\/secure.gravatar.com\/avatar\/42749d8b712ff9d59ca93dc150494e5b55a44134482993f5baeb97e61b7ecc89?s=96&d=mm&r=g","contentUrl":"https:\/\/secure.gravatar.com\/avatar\/42749d8b712ff9d59ca93dc150494e5b55a44134482993f5baeb97e61b7ecc89?s=96&d=mm&r=g","caption":"Roberto"},"url":"https:\/\/regiaonews.net.br\/2022\/author\/roberto\/"}]}},"publishpress_future_action":{"enabled":false,"date":"2026-05-03 07:52:51","action":"change-status","newStatus":"draft","terms":[],"taxonomy":"category","extraData":[]},"publishpress_future_workflow_manual_trigger":{"enabledWorkflows":[]},"_links":{"self":[{"href":"https:\/\/regiaonews.net.br\/2022\/wp-json\/wp\/v2\/posts\/108559","targetHints":{"allow":["GET"]}}],"collection":[{"href":"https:\/\/regiaonews.net.br\/2022\/wp-json\/wp\/v2\/posts"}],"about":[{"href":"https:\/\/regiaonews.net.br\/2022\/wp-json\/wp\/v2\/types\/post"}],"author":[{"embeddable":true,"href":"https:\/\/regiaonews.net.br\/2022\/wp-json\/wp\/v2\/users\/2"}],"replies":[{"embeddable":true,"href":"https:\/\/regiaonews.net.br\/2022\/wp-json\/wp\/v2\/comments?post=108559"}],"version-history":[{"count":2,"href":"https:\/\/regiaonews.net.br\/2022\/wp-json\/wp\/v2\/posts\/108559\/revisions"}],"predecessor-version":[{"id":108562,"href":"https:\/\/regiaonews.net.br\/2022\/wp-json\/wp\/v2\/posts\/108559\/revisions\/108562"}],"wp:featuredmedia":[{"embeddable":true,"href":"https:\/\/regiaonews.net.br\/2022\/wp-json\/wp\/v2\/media\/108560"}],"wp:attachment":[{"href":"https:\/\/regiaonews.net.br\/2022\/wp-json\/wp\/v2\/media?parent=108559"}],"wp:term":[{"taxonomy":"category","embeddable":true,"href":"https:\/\/regiaonews.net.br\/2022\/wp-json\/wp\/v2\/categories?post=108559"},{"taxonomy":"post_tag","embeddable":true,"href":"https:\/\/regiaonews.net.br\/2022\/wp-json\/wp\/v2\/tags?post=108559"}],"curies":[{"name":"wp","href":"https:\/\/api.w.org\/{rel}","templated":true}]}}