{"id":108483,"date":"2024-08-06T21:50:02","date_gmt":"2024-08-07T00:50:02","guid":{"rendered":"https:\/\/regiaonews.net.br\/2022\/?p=108483"},"modified":"2024-08-06T21:55:53","modified_gmt":"2024-08-07T00:55:53","slug":"unifeb-lanca-vestibular-2025-e-celebra-60-anos-de-historia-no-ensino-superior","status":"publish","type":"post","link":"https:\/\/regiaonews.net.br\/2022\/2024\/08\/06\/unifeb-lanca-vestibular-2025-e-celebra-60-anos-de-historia-no-ensino-superior\/","title":{"rendered":"UNIFEB lan\u00e7a Vestibular\/2025 e celebra 60 anos de hist\u00f3ria no Ensino Superior"},"content":{"rendered":"<div class=\"elementToProof\" data-ogsc=\"rgb(0, 0, 0)\"><\/div>\n<div class=\"elementToProof\" data-ogsc=\"rgb(0, 0, 0)\"><\/div>\n<div data-ogsc=\"rgb(0, 0, 0)\"><b><i>S\u00e3o ofertadas vagas em 19 cursos de gradua\u00e7\u00e3o e a prova presencial acontece no dia 29 de setembro<\/i><\/b><\/div>\n<div data-ogsc=\"rgb(0, 0, 0)\"><\/div>\n<div data-ogsc=\"rgb(0, 0, 0)\">\u00a0Celebrando 60 anos de hist\u00f3ria, o UNIFEB (Centro Universit\u00e1rio da Funda\u00e7\u00e3o Educacional de Barretos) lan\u00e7ou o Vestibular\/2025 em Coletiva de Imprensa realizada na tarde desta ter\u00e7a-feira, dia 6 de agosto.<\/div>\n<div data-ogsc=\"rgb(0, 0, 0)\">S\u00e3o ofertadas vagas em 19 cursos de gradua\u00e7\u00e3o, todos no per\u00edodo noturno. A prova presencial acontece no dia 29 de setembro, \u00e0s 14h, no campus do Centro Universit\u00e1rio.<\/div>\n<div data-ogsc=\"rgb(0, 0, 0)\">O Reitor do UNIFEB, Prof. Dr. Angelo Davis, foi o anfitri\u00e3o da coletiva e recebeu os profissionais de imprensa para anunciar as novidades do Vestibular\/2025. \u201c\u00c9 com muita felicidade que lan\u00e7amos mais uma campanha de vestibular e, desta vez, est\u00e1 sendo mais que especial, afinal, celebramos 60 anos de funda\u00e7\u00e3o desta importante institui\u00e7\u00e3o barretense, que se consolidou como refer\u00eancia no Ensino Superior do Estado de S\u00e3o Paulo. Hoje podemos dizer com toda certeza que estamos mais fortes do que nunca, promovendo investimentos em infraestrutura, ampliando a oferta de cursos e desenvolvendo ainda mais nossa excel\u00eancia acad\u00eamica\u201d, ressaltou.<\/div>\n<div data-ogsc=\"rgb(0, 0, 0)\">As seis d\u00e9cadas de hist\u00f3ria do UNIFEB, cuja funda\u00e7\u00e3o aconteceu em 25 de agosto de 1964, contar\u00e1 com um cronograma de comemora\u00e7\u00f5es, que incluem o lan\u00e7amento do Vestibular\/2025 na Arena de Rodeios da Festa do Pe\u00e3o de Barretos, apresenta\u00e7\u00e3o das instala\u00e7\u00f5es da Cl\u00ednica Veterin\u00e1ria e inaugura\u00e7\u00e3o de um monumento em homenagem aos 60 anos.<\/div>\n<div data-ogsc=\"rgb(0, 0, 0)\">Angelo tamb\u00e9m explicou que neste ano a campanha de vestibular traz como mote \u201cA experi\u00eancia que te conecta com o mundo\u201d ressaltando o compromisso da institui\u00e7\u00e3o em construir profissionais que estejam antenados com o que existe de mais inovador em suas carreiras. \u201cAo longo de sua trajet\u00f3ria, o UNIFEB j\u00e1 formou milhares de profissionais que hoje est\u00e3o espalhados por todo o mundo e que trabalham e empreendem transformando a realidade por meio da Educa\u00e7\u00e3o\u201d, disse o Reitor.<\/div>\n<div><span data-ogsc=\"rgb(0, 0, 0)\">As inscri\u00e7\u00f5es para o Vestibular\/2025 podem ser realizadas pelo site\u00a0<\/span><span data-ogsc=\"rgb(5, 99, 193)\"><u><a id=\"OWA0d3b3932-7b53-1066-855f-5df00b430e1b\" class=\"OWAAutoLink\" href=\"http:\/\/www.vestibular.unifeb.edu.br\/\" data-ogsc=\"rgb(5, 99, 193)\" data-linkindex=\"0\">www.vestibular.unifeb.edu.br<\/a><\/u><\/span><span data-ogsc=\"rgb(0, 0, 0)\">, com isen\u00e7\u00e3o da taxa de participa\u00e7\u00e3o, onde tamb\u00e9m podem ser consultadas mais informa\u00e7\u00f5es e acessado o edital. Outra op\u00e7\u00e3o para ingresso \u00e9 via ENEM (Exame Nacional do Ensino M\u00e9dio) permitindo que o candidato utilize a pontua\u00e7\u00e3o obtida na avalia\u00e7\u00e3o.<\/span><\/div>\n<div data-ogsc=\"rgb(0, 0, 0)\">Os cursos com vagas dispon\u00edveis s\u00e3o Administra\u00e7\u00e3o, Agronomia, Arquitetura e Urbanismo, Biomedicina, Ci\u00eancias Cont\u00e1beis, Direito, Educa\u00e7\u00e3o F\u00edsica, Engenharia Civil, Engenharia El\u00e9trica, Engenharia Mec\u00e2nica, Engenharia de Produ\u00e7\u00e3o, Engenharia Qu\u00edmica, Farm\u00e1cia, Fisioterapia, Medicina Veterin\u00e1ria, Odontologia, Pedagogia, Psicologia e Sistemas de Informa\u00e7\u00e3o.<\/div>\n<div data-ogsc=\"rgb(0, 0, 0)\"><\/div>\n<div data-ogsc=\"rgb(0, 0, 0)\"><a href=\"https:\/\/regiaonews.net.br\/2022\/wp-content\/uploads\/2024\/08\/IMG-20240806-WA0431.jpg\"><img loading=\"lazy\" decoding=\"async\" class=\"alignnone size-medium wp-image-108487\" src=\"https:\/\/regiaonews.net.br\/2022\/wp-content\/uploads\/2024\/08\/IMG-20240806-WA0431-300x225.jpg\" alt=\"\" width=\"300\" height=\"225\" srcset=\"https:\/\/regiaonews.net.br\/2022\/wp-content\/uploads\/2024\/08\/IMG-20240806-WA0431-300x225.jpg 300w, https:\/\/regiaonews.net.br\/2022\/wp-content\/uploads\/2024\/08\/IMG-20240806-WA0431-1024x768.jpg 1024w, https:\/\/regiaonews.net.br\/2022\/wp-content\/uploads\/2024\/08\/IMG-20240806-WA0431-768x576.jpg 768w, https:\/\/regiaonews.net.br\/2022\/wp-content\/uploads\/2024\/08\/IMG-20240806-WA0431-1536x1152.jpg 1536w, https:\/\/regiaonews.net.br\/2022\/wp-content\/uploads\/2024\/08\/IMG-20240806-WA0431-250x188.jpg 250w, https:\/\/regiaonews.net.br\/2022\/wp-content\/uploads\/2024\/08\/IMG-20240806-WA0431-200x150.jpg 200w, https:\/\/regiaonews.net.br\/2022\/wp-content\/uploads\/2024\/08\/IMG-20240806-WA0431.jpg 1600w\" sizes=\"auto, (max-width: 300px) 100vw, 300px\" \/><\/a><\/div>\n<div data-ogsc=\"rgb(0, 0, 0)\"><i>Outras informa\u00e7\u00f5es podem ser obtidas pelo site\u00a0do\u00a0<\/i><span data-ogsc=\"black\"><i><u><a id=\"OWA2c7d51f6-feb9-060e-1b8b-40eb1cd0d479\" class=\"OWAAutoLink\" href=\"http:\/\/www.unifeb.edu.br\/\" target=\"_blank\" rel=\"noopener\" data-ogsc=\"black\" data-linkindex=\"1\">UNIFEB<\/a><\/u><\/i><\/span><i>\u00a0e aproveite para seguir o Centro Universit\u00e1rio pelas redes sociais:\u00a0<\/i><\/div>\n<div data-ogsc=\"rgb(0, 0, 0)\">\u00b7\u00a0\u00a0<b>Instagram<\/b>: @unifeb_barretos<\/div>\n<div data-ogsc=\"rgb(0, 0, 0)\">\u00b7\u00a0\u00a0<b>Facebook<\/b>:\u00a0UnifebBarretos<\/div>\n<div data-ogsc=\"rgb(0, 0, 0)\">\u00b7\u00a0\u00a0<b>Twitter<\/b>: @Unifeb_Barretos<\/div>\n<div data-ogsc=\"rgb(0, 0, 0)\">\u00b7\u00a0\u00a0<b>TikTok<\/b>:\u00a0unifeb.barretos<\/div>\n<div data-ogsc=\"rgb(0, 0, 0)\">\u00b7\u00a0\u00a0<b>YouTube<\/b>: UnifebBarretos<\/div>\n<div data-ogsc=\"rgb(0, 0, 0)\">\u00b7\u00a0\u00a0<b>WhatsApp<\/b>:\u00a0<a href=\"tel:+5517991996890\">(17) 99199-6890<\/a><\/div>\n","protected":false},"excerpt":{"rendered":"<p>S\u00e3o ofertadas vagas em 19 cursos de gradua\u00e7\u00e3o e a<\/p>\n","protected":false},"author":2,"featured_media":108484,"comment_status":"open","ping_status":"open","sticky":false,"template":"","format":"standard","meta":{"footnotes":""},"categories":[14,25,111],"tags":[],"class_list":["post-108483","post","type-post","status-publish","format-standard","has-post-thumbnail","hentry","category-barretos","category-cidades","category-cotidiano"],"yoast_head":"<!-- This site is optimized with the Yoast SEO plugin v27.4 - https:\/\/yoast.com\/product\/yoast-seo-wordpress\/ -->\n<title>UNIFEB lan\u00e7a Vestibular\/2025 e celebra 60 anos de hist\u00f3ria no Ensino Superior - Regi\u00e3o News<\/title>\n<meta name=\"robots\" content=\"index, follow, max-snippet:-1, max-image-preview:large, max-video-preview:-1\" \/>\n<link rel=\"canonical\" href=\"https:\/\/regiaonews.net.br\/2022\/2024\/08\/06\/unifeb-lanca-vestibular-2025-e-celebra-60-anos-de-historia-no-ensino-superior\/\" \/>\n<meta property=\"og:locale\" content=\"pt_BR\" \/>\n<meta property=\"og:type\" content=\"article\" \/>\n<meta property=\"og:title\" content=\"UNIFEB lan\u00e7a Vestibular\/2025 e celebra 60 anos de hist\u00f3ria no Ensino Superior - Regi\u00e3o News\" \/>\n<meta property=\"og:description\" content=\"S\u00e3o ofertadas vagas em 19 cursos de gradua\u00e7\u00e3o e a\" \/>\n<meta property=\"og:url\" content=\"https:\/\/regiaonews.net.br\/2022\/2024\/08\/06\/unifeb-lanca-vestibular-2025-e-celebra-60-anos-de-historia-no-ensino-superior\/\" \/>\n<meta property=\"og:site_name\" content=\"Regi\u00e3o News\" \/>\n<meta property=\"article:published_time\" content=\"2024-08-07T00:50:02+00:00\" \/>\n<meta property=\"article:modified_time\" content=\"2024-08-07T00:55:53+00:00\" \/>\n<meta property=\"og:image\" content=\"https:\/\/regiaonews.net.br\/2022\/wp-content\/uploads\/2024\/08\/Coletiva_Imprensa_01-scaled.jpg\" \/>\n\t<meta property=\"og:image:width\" content=\"2560\" \/>\n\t<meta property=\"og:image:height\" content=\"1707\" \/>\n\t<meta property=\"og:image:type\" content=\"image\/jpeg\" \/>\n<meta name=\"author\" content=\"Roberto\" \/>\n<meta name=\"twitter:card\" content=\"summary_large_image\" \/>\n<meta name=\"twitter:label1\" content=\"Escrito por\" \/>\n\t<meta name=\"twitter:data1\" content=\"Roberto\" \/>\n\t<meta name=\"twitter:label2\" content=\"Est. tempo de leitura\" \/>\n\t<meta name=\"twitter:data2\" content=\"3 minutos\" \/>\n<script type=\"application\/ld+json\" class=\"yoast-schema-graph\">{\"@context\":\"https:\\\/\\\/schema.org\",\"@graph\":[{\"@type\":\"Article\",\"@id\":\"https:\\\/\\\/regiaonews.net.br\\\/2022\\\/2024\\\/08\\\/06\\\/unifeb-lanca-vestibular-2025-e-celebra-60-anos-de-historia-no-ensino-superior\\\/#article\",\"isPartOf\":{\"@id\":\"https:\\\/\\\/regiaonews.net.br\\\/2022\\\/2024\\\/08\\\/06\\\/unifeb-lanca-vestibular-2025-e-celebra-60-anos-de-historia-no-ensino-superior\\\/\"},\"author\":{\"name\":\"Roberto\",\"@id\":\"https:\\\/\\\/regiaonews.net.br\\\/2022\\\/#\\\/schema\\\/person\\\/2d205a608a5aa97ac279d7a5e6d89ad8\"},\"headline\":\"UNIFEB lan\u00e7a Vestibular\\\/2025 e celebra 60 anos de hist\u00f3ria no Ensino Superior\",\"datePublished\":\"2024-08-07T00:50:02+00:00\",\"dateModified\":\"2024-08-07T00:55:53+00:00\",\"mainEntityOfPage\":{\"@id\":\"https:\\\/\\\/regiaonews.net.br\\\/2022\\\/2024\\\/08\\\/06\\\/unifeb-lanca-vestibular-2025-e-celebra-60-anos-de-historia-no-ensino-superior\\\/\"},\"wordCount\":493,\"commentCount\":0,\"publisher\":{\"@id\":\"https:\\\/\\\/regiaonews.net.br\\\/2022\\\/#organization\"},\"image\":{\"@id\":\"https:\\\/\\\/regiaonews.net.br\\\/2022\\\/2024\\\/08\\\/06\\\/unifeb-lanca-vestibular-2025-e-celebra-60-anos-de-historia-no-ensino-superior\\\/#primaryimage\"},\"thumbnailUrl\":\"https:\\\/\\\/regiaonews.net.br\\\/2022\\\/wp-content\\\/uploads\\\/2024\\\/08\\\/Coletiva_Imprensa_01-scaled.jpg\",\"articleSection\":[\"Barretos\",\"Cidades\",\"Cotidiano\"],\"inLanguage\":\"pt-BR\",\"potentialAction\":[{\"@type\":\"CommentAction\",\"name\":\"Comment\",\"target\":[\"https:\\\/\\\/regiaonews.net.br\\\/2022\\\/2024\\\/08\\\/06\\\/unifeb-lanca-vestibular-2025-e-celebra-60-anos-de-historia-no-ensino-superior\\\/#respond\"]}]},{\"@type\":\"WebPage\",\"@id\":\"https:\\\/\\\/regiaonews.net.br\\\/2022\\\/2024\\\/08\\\/06\\\/unifeb-lanca-vestibular-2025-e-celebra-60-anos-de-historia-no-ensino-superior\\\/\",\"url\":\"https:\\\/\\\/regiaonews.net.br\\\/2022\\\/2024\\\/08\\\/06\\\/unifeb-lanca-vestibular-2025-e-celebra-60-anos-de-historia-no-ensino-superior\\\/\",\"name\":\"UNIFEB lan\u00e7a Vestibular\\\/2025 e celebra 60 anos de hist\u00f3ria no Ensino Superior - Regi\u00e3o News\",\"isPartOf\":{\"@id\":\"https:\\\/\\\/regiaonews.net.br\\\/2022\\\/#website\"},\"primaryImageOfPage\":{\"@id\":\"https:\\\/\\\/regiaonews.net.br\\\/2022\\\/2024\\\/08\\\/06\\\/unifeb-lanca-vestibular-2025-e-celebra-60-anos-de-historia-no-ensino-superior\\\/#primaryimage\"},\"image\":{\"@id\":\"https:\\\/\\\/regiaonews.net.br\\\/2022\\\/2024\\\/08\\\/06\\\/unifeb-lanca-vestibular-2025-e-celebra-60-anos-de-historia-no-ensino-superior\\\/#primaryimage\"},\"thumbnailUrl\":\"https:\\\/\\\/regiaonews.net.br\\\/2022\\\/wp-content\\\/uploads\\\/2024\\\/08\\\/Coletiva_Imprensa_01-scaled.jpg\",\"datePublished\":\"2024-08-07T00:50:02+00:00\",\"dateModified\":\"2024-08-07T00:55:53+00:00\",\"breadcrumb\":{\"@id\":\"https:\\\/\\\/regiaonews.net.br\\\/2022\\\/2024\\\/08\\\/06\\\/unifeb-lanca-vestibular-2025-e-celebra-60-anos-de-historia-no-ensino-superior\\\/#breadcrumb\"},\"inLanguage\":\"pt-BR\",\"potentialAction\":[{\"@type\":\"ReadAction\",\"target\":[\"https:\\\/\\\/regiaonews.net.br\\\/2022\\\/2024\\\/08\\\/06\\\/unifeb-lanca-vestibular-2025-e-celebra-60-anos-de-historia-no-ensino-superior\\\/\"]}]},{\"@type\":\"ImageObject\",\"inLanguage\":\"pt-BR\",\"@id\":\"https:\\\/\\\/regiaonews.net.br\\\/2022\\\/2024\\\/08\\\/06\\\/unifeb-lanca-vestibular-2025-e-celebra-60-anos-de-historia-no-ensino-superior\\\/#primaryimage\",\"url\":\"https:\\\/\\\/regiaonews.net.br\\\/2022\\\/wp-content\\\/uploads\\\/2024\\\/08\\\/Coletiva_Imprensa_01-scaled.jpg\",\"contentUrl\":\"https:\\\/\\\/regiaonews.net.br\\\/2022\\\/wp-content\\\/uploads\\\/2024\\\/08\\\/Coletiva_Imprensa_01-scaled.jpg\",\"width\":2560,\"height\":1707},{\"@type\":\"BreadcrumbList\",\"@id\":\"https:\\\/\\\/regiaonews.net.br\\\/2022\\\/2024\\\/08\\\/06\\\/unifeb-lanca-vestibular-2025-e-celebra-60-anos-de-historia-no-ensino-superior\\\/#breadcrumb\",\"itemListElement\":[{\"@type\":\"ListItem\",\"position\":1,\"name\":\"In\u00edcio\",\"item\":\"https:\\\/\\\/regiaonews.net.br\\\/2022\\\/\"},{\"@type\":\"ListItem\",\"position\":2,\"name\":\"UNIFEB lan\u00e7a Vestibular\\\/2025 e celebra 60 anos de hist\u00f3ria no Ensino Superior\"}]},{\"@type\":\"WebSite\",\"@id\":\"https:\\\/\\\/regiaonews.net.br\\\/2022\\\/#website\",\"url\":\"https:\\\/\\\/regiaonews.net.br\\\/2022\\\/\",\"name\":\"Regi\u00e3o News\",\"description\":\"Site de Not\u00edcias de Barretos e regi\u00e3o\",\"publisher\":{\"@id\":\"https:\\\/\\\/regiaonews.net.br\\\/2022\\\/#organization\"},\"potentialAction\":[{\"@type\":\"SearchAction\",\"target\":{\"@type\":\"EntryPoint\",\"urlTemplate\":\"https:\\\/\\\/regiaonews.net.br\\\/2022\\\/?s={search_term_string}\"},\"query-input\":{\"@type\":\"PropertyValueSpecification\",\"valueRequired\":true,\"valueName\":\"search_term_string\"}}],\"inLanguage\":\"pt-BR\"},{\"@type\":\"Organization\",\"@id\":\"https:\\\/\\\/regiaonews.net.br\\\/2022\\\/#organization\",\"name\":\"Regi\u00e3o News\",\"url\":\"https:\\\/\\\/regiaonews.net.br\\\/2022\\\/\",\"logo\":{\"@type\":\"ImageObject\",\"inLanguage\":\"pt-BR\",\"@id\":\"https:\\\/\\\/regiaonews.net.br\\\/2022\\\/#\\\/schema\\\/logo\\\/image\\\/\",\"url\":\"https:\\\/\\\/regiaonews.net.br\\\/2022\\\/wp-content\\\/uploads\\\/2026\\\/03\\\/regiao-13-anos-scaled.jpg\",\"contentUrl\":\"https:\\\/\\\/regiaonews.net.br\\\/2022\\\/wp-content\\\/uploads\\\/2026\\\/03\\\/regiao-13-anos-scaled.jpg\",\"width\":2560,\"height\":635,\"caption\":\"Regi\u00e3o News\"},\"image\":{\"@id\":\"https:\\\/\\\/regiaonews.net.br\\\/2022\\\/#\\\/schema\\\/logo\\\/image\\\/\"}},{\"@type\":\"Person\",\"@id\":\"https:\\\/\\\/regiaonews.net.br\\\/2022\\\/#\\\/schema\\\/person\\\/2d205a608a5aa97ac279d7a5e6d89ad8\",\"name\":\"Roberto\",\"image\":{\"@type\":\"ImageObject\",\"inLanguage\":\"pt-BR\",\"@id\":\"https:\\\/\\\/secure.gravatar.com\\\/avatar\\\/42749d8b712ff9d59ca93dc150494e5b55a44134482993f5baeb97e61b7ecc89?s=96&d=mm&r=g\",\"url\":\"https:\\\/\\\/secure.gravatar.com\\\/avatar\\\/42749d8b712ff9d59ca93dc150494e5b55a44134482993f5baeb97e61b7ecc89?s=96&d=mm&r=g\",\"contentUrl\":\"https:\\\/\\\/secure.gravatar.com\\\/avatar\\\/42749d8b712ff9d59ca93dc150494e5b55a44134482993f5baeb97e61b7ecc89?s=96&d=mm&r=g\",\"caption\":\"Roberto\"},\"url\":\"https:\\\/\\\/regiaonews.net.br\\\/2022\\\/author\\\/roberto\\\/\"}]}<\/script>\n<!-- \/ Yoast SEO plugin. -->","yoast_head_json":{"title":"UNIFEB lan\u00e7a Vestibular\/2025 e celebra 60 anos de hist\u00f3ria no Ensino Superior - Regi\u00e3o News","robots":{"index":"index","follow":"follow","max-snippet":"max-snippet:-1","max-image-preview":"max-image-preview:large","max-video-preview":"max-video-preview:-1"},"canonical":"https:\/\/regiaonews.net.br\/2022\/2024\/08\/06\/unifeb-lanca-vestibular-2025-e-celebra-60-anos-de-historia-no-ensino-superior\/","og_locale":"pt_BR","og_type":"article","og_title":"UNIFEB lan\u00e7a Vestibular\/2025 e celebra 60 anos de hist\u00f3ria no Ensino Superior - Regi\u00e3o News","og_description":"S\u00e3o ofertadas vagas em 19 cursos de gradua\u00e7\u00e3o e a","og_url":"https:\/\/regiaonews.net.br\/2022\/2024\/08\/06\/unifeb-lanca-vestibular-2025-e-celebra-60-anos-de-historia-no-ensino-superior\/","og_site_name":"Regi\u00e3o News","article_published_time":"2024-08-07T00:50:02+00:00","article_modified_time":"2024-08-07T00:55:53+00:00","og_image":[{"width":2560,"height":1707,"url":"https:\/\/regiaonews.net.br\/2022\/wp-content\/uploads\/2024\/08\/Coletiva_Imprensa_01-scaled.jpg","type":"image\/jpeg"}],"author":"Roberto","twitter_card":"summary_large_image","twitter_misc":{"Escrito por":"Roberto","Est. tempo de leitura":"3 minutos"},"schema":{"@context":"https:\/\/schema.org","@graph":[{"@type":"Article","@id":"https:\/\/regiaonews.net.br\/2022\/2024\/08\/06\/unifeb-lanca-vestibular-2025-e-celebra-60-anos-de-historia-no-ensino-superior\/#article","isPartOf":{"@id":"https:\/\/regiaonews.net.br\/2022\/2024\/08\/06\/unifeb-lanca-vestibular-2025-e-celebra-60-anos-de-historia-no-ensino-superior\/"},"author":{"name":"Roberto","@id":"https:\/\/regiaonews.net.br\/2022\/#\/schema\/person\/2d205a608a5aa97ac279d7a5e6d89ad8"},"headline":"UNIFEB lan\u00e7a Vestibular\/2025 e celebra 60 anos de hist\u00f3ria no Ensino Superior","datePublished":"2024-08-07T00:50:02+00:00","dateModified":"2024-08-07T00:55:53+00:00","mainEntityOfPage":{"@id":"https:\/\/regiaonews.net.br\/2022\/2024\/08\/06\/unifeb-lanca-vestibular-2025-e-celebra-60-anos-de-historia-no-ensino-superior\/"},"wordCount":493,"commentCount":0,"publisher":{"@id":"https:\/\/regiaonews.net.br\/2022\/#organization"},"image":{"@id":"https:\/\/regiaonews.net.br\/2022\/2024\/08\/06\/unifeb-lanca-vestibular-2025-e-celebra-60-anos-de-historia-no-ensino-superior\/#primaryimage"},"thumbnailUrl":"https:\/\/regiaonews.net.br\/2022\/wp-content\/uploads\/2024\/08\/Coletiva_Imprensa_01-scaled.jpg","articleSection":["Barretos","Cidades","Cotidiano"],"inLanguage":"pt-BR","potentialAction":[{"@type":"CommentAction","name":"Comment","target":["https:\/\/regiaonews.net.br\/2022\/2024\/08\/06\/unifeb-lanca-vestibular-2025-e-celebra-60-anos-de-historia-no-ensino-superior\/#respond"]}]},{"@type":"WebPage","@id":"https:\/\/regiaonews.net.br\/2022\/2024\/08\/06\/unifeb-lanca-vestibular-2025-e-celebra-60-anos-de-historia-no-ensino-superior\/","url":"https:\/\/regiaonews.net.br\/2022\/2024\/08\/06\/unifeb-lanca-vestibular-2025-e-celebra-60-anos-de-historia-no-ensino-superior\/","name":"UNIFEB lan\u00e7a Vestibular\/2025 e celebra 60 anos de hist\u00f3ria no Ensino Superior - Regi\u00e3o News","isPartOf":{"@id":"https:\/\/regiaonews.net.br\/2022\/#website"},"primaryImageOfPage":{"@id":"https:\/\/regiaonews.net.br\/2022\/2024\/08\/06\/unifeb-lanca-vestibular-2025-e-celebra-60-anos-de-historia-no-ensino-superior\/#primaryimage"},"image":{"@id":"https:\/\/regiaonews.net.br\/2022\/2024\/08\/06\/unifeb-lanca-vestibular-2025-e-celebra-60-anos-de-historia-no-ensino-superior\/#primaryimage"},"thumbnailUrl":"https:\/\/regiaonews.net.br\/2022\/wp-content\/uploads\/2024\/08\/Coletiva_Imprensa_01-scaled.jpg","datePublished":"2024-08-07T00:50:02+00:00","dateModified":"2024-08-07T00:55:53+00:00","breadcrumb":{"@id":"https:\/\/regiaonews.net.br\/2022\/2024\/08\/06\/unifeb-lanca-vestibular-2025-e-celebra-60-anos-de-historia-no-ensino-superior\/#breadcrumb"},"inLanguage":"pt-BR","potentialAction":[{"@type":"ReadAction","target":["https:\/\/regiaonews.net.br\/2022\/2024\/08\/06\/unifeb-lanca-vestibular-2025-e-celebra-60-anos-de-historia-no-ensino-superior\/"]}]},{"@type":"ImageObject","inLanguage":"pt-BR","@id":"https:\/\/regiaonews.net.br\/2022\/2024\/08\/06\/unifeb-lanca-vestibular-2025-e-celebra-60-anos-de-historia-no-ensino-superior\/#primaryimage","url":"https:\/\/regiaonews.net.br\/2022\/wp-content\/uploads\/2024\/08\/Coletiva_Imprensa_01-scaled.jpg","contentUrl":"https:\/\/regiaonews.net.br\/2022\/wp-content\/uploads\/2024\/08\/Coletiva_Imprensa_01-scaled.jpg","width":2560,"height":1707},{"@type":"BreadcrumbList","@id":"https:\/\/regiaonews.net.br\/2022\/2024\/08\/06\/unifeb-lanca-vestibular-2025-e-celebra-60-anos-de-historia-no-ensino-superior\/#breadcrumb","itemListElement":[{"@type":"ListItem","position":1,"name":"In\u00edcio","item":"https:\/\/regiaonews.net.br\/2022\/"},{"@type":"ListItem","position":2,"name":"UNIFEB lan\u00e7a Vestibular\/2025 e celebra 60 anos de hist\u00f3ria no Ensino Superior"}]},{"@type":"WebSite","@id":"https:\/\/regiaonews.net.br\/2022\/#website","url":"https:\/\/regiaonews.net.br\/2022\/","name":"Regi\u00e3o News","description":"Site de Not\u00edcias de Barretos e regi\u00e3o","publisher":{"@id":"https:\/\/regiaonews.net.br\/2022\/#organization"},"potentialAction":[{"@type":"SearchAction","target":{"@type":"EntryPoint","urlTemplate":"https:\/\/regiaonews.net.br\/2022\/?s={search_term_string}"},"query-input":{"@type":"PropertyValueSpecification","valueRequired":true,"valueName":"search_term_string"}}],"inLanguage":"pt-BR"},{"@type":"Organization","@id":"https:\/\/regiaonews.net.br\/2022\/#organization","name":"Regi\u00e3o News","url":"https:\/\/regiaonews.net.br\/2022\/","logo":{"@type":"ImageObject","inLanguage":"pt-BR","@id":"https:\/\/regiaonews.net.br\/2022\/#\/schema\/logo\/image\/","url":"https:\/\/regiaonews.net.br\/2022\/wp-content\/uploads\/2026\/03\/regiao-13-anos-scaled.jpg","contentUrl":"https:\/\/regiaonews.net.br\/2022\/wp-content\/uploads\/2026\/03\/regiao-13-anos-scaled.jpg","width":2560,"height":635,"caption":"Regi\u00e3o News"},"image":{"@id":"https:\/\/regiaonews.net.br\/2022\/#\/schema\/logo\/image\/"}},{"@type":"Person","@id":"https:\/\/regiaonews.net.br\/2022\/#\/schema\/person\/2d205a608a5aa97ac279d7a5e6d89ad8","name":"Roberto","image":{"@type":"ImageObject","inLanguage":"pt-BR","@id":"https:\/\/secure.gravatar.com\/avatar\/42749d8b712ff9d59ca93dc150494e5b55a44134482993f5baeb97e61b7ecc89?s=96&d=mm&r=g","url":"https:\/\/secure.gravatar.com\/avatar\/42749d8b712ff9d59ca93dc150494e5b55a44134482993f5baeb97e61b7ecc89?s=96&d=mm&r=g","contentUrl":"https:\/\/secure.gravatar.com\/avatar\/42749d8b712ff9d59ca93dc150494e5b55a44134482993f5baeb97e61b7ecc89?s=96&d=mm&r=g","caption":"Roberto"},"url":"https:\/\/regiaonews.net.br\/2022\/author\/roberto\/"}]}},"publishpress_future_action":{"enabled":false,"date":"2026-05-03 02:51:57","action":"change-status","newStatus":"draft","terms":[],"taxonomy":"category","extraData":[]},"publishpress_future_workflow_manual_trigger":{"enabledWorkflows":[]},"_links":{"self":[{"href":"https:\/\/regiaonews.net.br\/2022\/wp-json\/wp\/v2\/posts\/108483","targetHints":{"allow":["GET"]}}],"collection":[{"href":"https:\/\/regiaonews.net.br\/2022\/wp-json\/wp\/v2\/posts"}],"about":[{"href":"https:\/\/regiaonews.net.br\/2022\/wp-json\/wp\/v2\/types\/post"}],"author":[{"embeddable":true,"href":"https:\/\/regiaonews.net.br\/2022\/wp-json\/wp\/v2\/users\/2"}],"replies":[{"embeddable":true,"href":"https:\/\/regiaonews.net.br\/2022\/wp-json\/wp\/v2\/comments?post=108483"}],"version-history":[{"count":1,"href":"https:\/\/regiaonews.net.br\/2022\/wp-json\/wp\/v2\/posts\/108483\/revisions"}],"predecessor-version":[{"id":108488,"href":"https:\/\/regiaonews.net.br\/2022\/wp-json\/wp\/v2\/posts\/108483\/revisions\/108488"}],"wp:featuredmedia":[{"embeddable":true,"href":"https:\/\/regiaonews.net.br\/2022\/wp-json\/wp\/v2\/media\/108484"}],"wp:attachment":[{"href":"https:\/\/regiaonews.net.br\/2022\/wp-json\/wp\/v2\/media?parent=108483"}],"wp:term":[{"taxonomy":"category","embeddable":true,"href":"https:\/\/regiaonews.net.br\/2022\/wp-json\/wp\/v2\/categories?post=108483"},{"taxonomy":"post_tag","embeddable":true,"href":"https:\/\/regiaonews.net.br\/2022\/wp-json\/wp\/v2\/tags?post=108483"}],"curies":[{"name":"wp","href":"https:\/\/api.w.org\/{rel}","templated":true}]}}