{"id":108473,"date":"2024-08-06T18:34:16","date_gmt":"2024-08-06T21:34:16","guid":{"rendered":"https:\/\/regiaonews.net.br\/2022\/?p=108473"},"modified":"2024-08-06T18:34:16","modified_gmt":"2024-08-06T21:34:16","slug":"happy-hour-comemorativo-ao-dia-da-advocacia-acontece-nesta-sexta-feira","status":"publish","type":"post","link":"https:\/\/regiaonews.net.br\/2022\/2024\/08\/06\/happy-hour-comemorativo-ao-dia-da-advocacia-acontece-nesta-sexta-feira\/","title":{"rendered":"Happy Hour&#8217; comemorativo ao Dia da Advocacia acontece nesta sexta-feira"},"content":{"rendered":"<div>\n<div><\/div>\n<\/div>\n<div><\/div>\n<table role=\"presentation\" border=\"0\" width=\"100%\" cellspacing=\"0\" cellpadding=\"0\">\n<tbody>\n<tr>\n<td align=\"left\">\n<div>\n<div><\/div>\n<\/div>\n<\/td>\n<\/tr>\n<tr>\n<td align=\"left\">\n<div>\n<p><em>O show da banda \u2018Hot Band\u2019 \u00e9 uma das atra\u00e7\u00f5es do evento<\/em><\/p>\n<\/div>\n<\/td>\n<\/tr>\n<tr>\n<td align=\"left\">\n<div>\n<p>No pr\u00f3ximo dia 11 de agosto se celebra o \u201cDia da Advocacia\u201d, data tamb\u00e9m conhecida como o \u201cDia da Pendura\u201d, que homenageia os profissionais que representam o direito de qualquer cidad\u00e3o perante a Justi\u00e7a.<\/p>\n<p>Para comemorar a data, os advogados e advogadas de Barretos realizam na sexta-feira, dia 9 de agosto, \u00e0s 18h30, um \u201cHappy Hour\u201d na Casa da Advocacia e Cidadania.<\/p>\n<p>Os convites, no valor de R$ 50,00 por adulto, podem ser adquiridos diretamente na Casa da Advocacia, ou atrav\u00e9s de Pix pelo endere\u00e7o de e-mail:\u00a0<a href=\"mailto:prisanchesso@gmail.com\" data-linkindex=\"0\">prisanchesso@gmail.com<\/a><\/p>\n<p>A anima\u00e7\u00e3o do evento fica por conta do show da &#8220;Hot Band&#8221;, que toca sucessos do Pop, Rock e MPB.<\/p>\n<p>O card\u00e1pio \u00e9 idealizado pelos profissionais da \u201cParo\u2019s Churrasco\u201d, com um menu de petiscos, churrasco de parrilla, bisteca, costela bovina, costelinha su\u00edna, frango e lingui\u00e7a. Os acompanhamentos incluem legumes grelhados, vinagrete, farofa e p\u00e3o. Refrigerantes, sucos e \u00e1gua mineral tamb\u00e9m est\u00e3o inclusos no convite do Happy Hour. Cada advogado ou advogada tem direito de levar o pr\u00f3prio cooler de bebidas alco\u00f3licas.<\/p>\n<p>O evento \u00e9 realizado pela Diretoria e pela Comiss\u00e3o da Jovem Advocacia, com o apoio da Comiss\u00e3o das Mulheres Advogadas da OAB, e patroc\u00ednio da Audita C\u00e1lculos e Sicredi.<\/p>\n<\/div>\n<\/td>\n<\/tr>\n<\/tbody>\n<\/table>\n","protected":false},"excerpt":{"rendered":"<p>O show da banda \u2018Hot Band\u2019 \u00e9 uma das atra\u00e7\u00f5es<\/p>\n","protected":false},"author":2,"featured_media":108474,"comment_status":"open","ping_status":"open","sticky":false,"template":"","format":"standard","meta":{"footnotes":""},"categories":[14,3],"tags":[],"class_list":["post-108473","post","type-post","status-publish","format-standard","has-post-thumbnail","hentry","category-barretos","category-geral"],"yoast_head":"<!-- This site is optimized with the Yoast SEO plugin v27.4 - https:\/\/yoast.com\/product\/yoast-seo-wordpress\/ -->\n<title>Happy Hour&#039; comemorativo ao Dia da Advocacia acontece nesta sexta-feira - Regi\u00e3o News<\/title>\n<meta name=\"robots\" content=\"index, follow, max-snippet:-1, max-image-preview:large, max-video-preview:-1\" \/>\n<link rel=\"canonical\" href=\"https:\/\/regiaonews.net.br\/2022\/2024\/08\/06\/happy-hour-comemorativo-ao-dia-da-advocacia-acontece-nesta-sexta-feira\/\" \/>\n<meta property=\"og:locale\" content=\"pt_BR\" \/>\n<meta property=\"og:type\" content=\"article\" \/>\n<meta property=\"og:title\" content=\"Happy Hour&#039; comemorativo ao Dia da Advocacia acontece nesta sexta-feira - Regi\u00e3o News\" \/>\n<meta property=\"og:description\" content=\"O show da banda \u2018Hot Band\u2019 \u00e9 uma das atra\u00e7\u00f5es\" \/>\n<meta property=\"og:url\" content=\"https:\/\/regiaonews.net.br\/2022\/2024\/08\/06\/happy-hour-comemorativo-ao-dia-da-advocacia-acontece-nesta-sexta-feira\/\" \/>\n<meta property=\"og:site_name\" content=\"Regi\u00e3o News\" \/>\n<meta property=\"article:published_time\" content=\"2024-08-06T21:34:16+00:00\" \/>\n<meta property=\"og:image\" content=\"https:\/\/regiaonews.net.br\/2022\/wp-content\/uploads\/2024\/08\/31d8ae4f-1dea-4664-b482-61af03a0db3a.jpeg\" \/>\n\t<meta property=\"og:image:width\" content=\"900\" \/>\n\t<meta property=\"og:image:height\" content=\"1600\" \/>\n\t<meta property=\"og:image:type\" content=\"image\/jpeg\" \/>\n<meta name=\"author\" content=\"Roberto\" \/>\n<meta name=\"twitter:card\" content=\"summary_large_image\" \/>\n<meta name=\"twitter:label1\" content=\"Escrito por\" \/>\n\t<meta name=\"twitter:data1\" content=\"Roberto\" \/>\n\t<meta name=\"twitter:label2\" content=\"Est. tempo de leitura\" \/>\n\t<meta name=\"twitter:data2\" content=\"2 minutos\" \/>\n<script type=\"application\/ld+json\" class=\"yoast-schema-graph\">{\"@context\":\"https:\\\/\\\/schema.org\",\"@graph\":[{\"@type\":\"Article\",\"@id\":\"https:\\\/\\\/regiaonews.net.br\\\/2022\\\/2024\\\/08\\\/06\\\/happy-hour-comemorativo-ao-dia-da-advocacia-acontece-nesta-sexta-feira\\\/#article\",\"isPartOf\":{\"@id\":\"https:\\\/\\\/regiaonews.net.br\\\/2022\\\/2024\\\/08\\\/06\\\/happy-hour-comemorativo-ao-dia-da-advocacia-acontece-nesta-sexta-feira\\\/\"},\"author\":{\"name\":\"Roberto\",\"@id\":\"https:\\\/\\\/regiaonews.net.br\\\/2022\\\/#\\\/schema\\\/person\\\/2d205a608a5aa97ac279d7a5e6d89ad8\"},\"headline\":\"Happy Hour&#8217; comemorativo ao Dia da Advocacia acontece nesta sexta-feira\",\"datePublished\":\"2024-08-06T21:34:16+00:00\",\"mainEntityOfPage\":{\"@id\":\"https:\\\/\\\/regiaonews.net.br\\\/2022\\\/2024\\\/08\\\/06\\\/happy-hour-comemorativo-ao-dia-da-advocacia-acontece-nesta-sexta-feira\\\/\"},\"wordCount\":237,\"commentCount\":0,\"publisher\":{\"@id\":\"https:\\\/\\\/regiaonews.net.br\\\/2022\\\/#organization\"},\"image\":{\"@id\":\"https:\\\/\\\/regiaonews.net.br\\\/2022\\\/2024\\\/08\\\/06\\\/happy-hour-comemorativo-ao-dia-da-advocacia-acontece-nesta-sexta-feira\\\/#primaryimage\"},\"thumbnailUrl\":\"https:\\\/\\\/regiaonews.net.br\\\/2022\\\/wp-content\\\/uploads\\\/2024\\\/08\\\/31d8ae4f-1dea-4664-b482-61af03a0db3a.jpeg\",\"articleSection\":[\"Barretos\",\"Geral\"],\"inLanguage\":\"pt-BR\",\"potentialAction\":[{\"@type\":\"CommentAction\",\"name\":\"Comment\",\"target\":[\"https:\\\/\\\/regiaonews.net.br\\\/2022\\\/2024\\\/08\\\/06\\\/happy-hour-comemorativo-ao-dia-da-advocacia-acontece-nesta-sexta-feira\\\/#respond\"]}]},{\"@type\":\"WebPage\",\"@id\":\"https:\\\/\\\/regiaonews.net.br\\\/2022\\\/2024\\\/08\\\/06\\\/happy-hour-comemorativo-ao-dia-da-advocacia-acontece-nesta-sexta-feira\\\/\",\"url\":\"https:\\\/\\\/regiaonews.net.br\\\/2022\\\/2024\\\/08\\\/06\\\/happy-hour-comemorativo-ao-dia-da-advocacia-acontece-nesta-sexta-feira\\\/\",\"name\":\"Happy Hour' comemorativo ao Dia da Advocacia acontece nesta sexta-feira - Regi\u00e3o News\",\"isPartOf\":{\"@id\":\"https:\\\/\\\/regiaonews.net.br\\\/2022\\\/#website\"},\"primaryImageOfPage\":{\"@id\":\"https:\\\/\\\/regiaonews.net.br\\\/2022\\\/2024\\\/08\\\/06\\\/happy-hour-comemorativo-ao-dia-da-advocacia-acontece-nesta-sexta-feira\\\/#primaryimage\"},\"image\":{\"@id\":\"https:\\\/\\\/regiaonews.net.br\\\/2022\\\/2024\\\/08\\\/06\\\/happy-hour-comemorativo-ao-dia-da-advocacia-acontece-nesta-sexta-feira\\\/#primaryimage\"},\"thumbnailUrl\":\"https:\\\/\\\/regiaonews.net.br\\\/2022\\\/wp-content\\\/uploads\\\/2024\\\/08\\\/31d8ae4f-1dea-4664-b482-61af03a0db3a.jpeg\",\"datePublished\":\"2024-08-06T21:34:16+00:00\",\"breadcrumb\":{\"@id\":\"https:\\\/\\\/regiaonews.net.br\\\/2022\\\/2024\\\/08\\\/06\\\/happy-hour-comemorativo-ao-dia-da-advocacia-acontece-nesta-sexta-feira\\\/#breadcrumb\"},\"inLanguage\":\"pt-BR\",\"potentialAction\":[{\"@type\":\"ReadAction\",\"target\":[\"https:\\\/\\\/regiaonews.net.br\\\/2022\\\/2024\\\/08\\\/06\\\/happy-hour-comemorativo-ao-dia-da-advocacia-acontece-nesta-sexta-feira\\\/\"]}]},{\"@type\":\"ImageObject\",\"inLanguage\":\"pt-BR\",\"@id\":\"https:\\\/\\\/regiaonews.net.br\\\/2022\\\/2024\\\/08\\\/06\\\/happy-hour-comemorativo-ao-dia-da-advocacia-acontece-nesta-sexta-feira\\\/#primaryimage\",\"url\":\"https:\\\/\\\/regiaonews.net.br\\\/2022\\\/wp-content\\\/uploads\\\/2024\\\/08\\\/31d8ae4f-1dea-4664-b482-61af03a0db3a.jpeg\",\"contentUrl\":\"https:\\\/\\\/regiaonews.net.br\\\/2022\\\/wp-content\\\/uploads\\\/2024\\\/08\\\/31d8ae4f-1dea-4664-b482-61af03a0db3a.jpeg\",\"width\":900,\"height\":1600},{\"@type\":\"BreadcrumbList\",\"@id\":\"https:\\\/\\\/regiaonews.net.br\\\/2022\\\/2024\\\/08\\\/06\\\/happy-hour-comemorativo-ao-dia-da-advocacia-acontece-nesta-sexta-feira\\\/#breadcrumb\",\"itemListElement\":[{\"@type\":\"ListItem\",\"position\":1,\"name\":\"In\u00edcio\",\"item\":\"https:\\\/\\\/regiaonews.net.br\\\/2022\\\/\"},{\"@type\":\"ListItem\",\"position\":2,\"name\":\"Happy Hour&#8217; comemorativo ao Dia da Advocacia acontece nesta sexta-feira\"}]},{\"@type\":\"WebSite\",\"@id\":\"https:\\\/\\\/regiaonews.net.br\\\/2022\\\/#website\",\"url\":\"https:\\\/\\\/regiaonews.net.br\\\/2022\\\/\",\"name\":\"Regi\u00e3o News\",\"description\":\"Site de Not\u00edcias de Barretos e regi\u00e3o\",\"publisher\":{\"@id\":\"https:\\\/\\\/regiaonews.net.br\\\/2022\\\/#organization\"},\"potentialAction\":[{\"@type\":\"SearchAction\",\"target\":{\"@type\":\"EntryPoint\",\"urlTemplate\":\"https:\\\/\\\/regiaonews.net.br\\\/2022\\\/?s={search_term_string}\"},\"query-input\":{\"@type\":\"PropertyValueSpecification\",\"valueRequired\":true,\"valueName\":\"search_term_string\"}}],\"inLanguage\":\"pt-BR\"},{\"@type\":\"Organization\",\"@id\":\"https:\\\/\\\/regiaonews.net.br\\\/2022\\\/#organization\",\"name\":\"Regi\u00e3o News\",\"url\":\"https:\\\/\\\/regiaonews.net.br\\\/2022\\\/\",\"logo\":{\"@type\":\"ImageObject\",\"inLanguage\":\"pt-BR\",\"@id\":\"https:\\\/\\\/regiaonews.net.br\\\/2022\\\/#\\\/schema\\\/logo\\\/image\\\/\",\"url\":\"https:\\\/\\\/regiaonews.net.br\\\/2022\\\/wp-content\\\/uploads\\\/2026\\\/03\\\/regiao-13-anos-scaled.jpg\",\"contentUrl\":\"https:\\\/\\\/regiaonews.net.br\\\/2022\\\/wp-content\\\/uploads\\\/2026\\\/03\\\/regiao-13-anos-scaled.jpg\",\"width\":2560,\"height\":635,\"caption\":\"Regi\u00e3o News\"},\"image\":{\"@id\":\"https:\\\/\\\/regiaonews.net.br\\\/2022\\\/#\\\/schema\\\/logo\\\/image\\\/\"}},{\"@type\":\"Person\",\"@id\":\"https:\\\/\\\/regiaonews.net.br\\\/2022\\\/#\\\/schema\\\/person\\\/2d205a608a5aa97ac279d7a5e6d89ad8\",\"name\":\"Roberto\",\"image\":{\"@type\":\"ImageObject\",\"inLanguage\":\"pt-BR\",\"@id\":\"https:\\\/\\\/secure.gravatar.com\\\/avatar\\\/42749d8b712ff9d59ca93dc150494e5b55a44134482993f5baeb97e61b7ecc89?s=96&d=mm&r=g\",\"url\":\"https:\\\/\\\/secure.gravatar.com\\\/avatar\\\/42749d8b712ff9d59ca93dc150494e5b55a44134482993f5baeb97e61b7ecc89?s=96&d=mm&r=g\",\"contentUrl\":\"https:\\\/\\\/secure.gravatar.com\\\/avatar\\\/42749d8b712ff9d59ca93dc150494e5b55a44134482993f5baeb97e61b7ecc89?s=96&d=mm&r=g\",\"caption\":\"Roberto\"},\"url\":\"https:\\\/\\\/regiaonews.net.br\\\/2022\\\/author\\\/roberto\\\/\"}]}<\/script>\n<!-- \/ Yoast SEO plugin. -->","yoast_head_json":{"title":"Happy Hour' comemorativo ao Dia da Advocacia acontece nesta sexta-feira - Regi\u00e3o News","robots":{"index":"index","follow":"follow","max-snippet":"max-snippet:-1","max-image-preview":"max-image-preview:large","max-video-preview":"max-video-preview:-1"},"canonical":"https:\/\/regiaonews.net.br\/2022\/2024\/08\/06\/happy-hour-comemorativo-ao-dia-da-advocacia-acontece-nesta-sexta-feira\/","og_locale":"pt_BR","og_type":"article","og_title":"Happy Hour' comemorativo ao Dia da Advocacia acontece nesta sexta-feira - Regi\u00e3o News","og_description":"O show da banda \u2018Hot Band\u2019 \u00e9 uma das atra\u00e7\u00f5es","og_url":"https:\/\/regiaonews.net.br\/2022\/2024\/08\/06\/happy-hour-comemorativo-ao-dia-da-advocacia-acontece-nesta-sexta-feira\/","og_site_name":"Regi\u00e3o News","article_published_time":"2024-08-06T21:34:16+00:00","og_image":[{"width":900,"height":1600,"url":"https:\/\/regiaonews.net.br\/2022\/wp-content\/uploads\/2024\/08\/31d8ae4f-1dea-4664-b482-61af03a0db3a.jpeg","type":"image\/jpeg"}],"author":"Roberto","twitter_card":"summary_large_image","twitter_misc":{"Escrito por":"Roberto","Est. tempo de leitura":"2 minutos"},"schema":{"@context":"https:\/\/schema.org","@graph":[{"@type":"Article","@id":"https:\/\/regiaonews.net.br\/2022\/2024\/08\/06\/happy-hour-comemorativo-ao-dia-da-advocacia-acontece-nesta-sexta-feira\/#article","isPartOf":{"@id":"https:\/\/regiaonews.net.br\/2022\/2024\/08\/06\/happy-hour-comemorativo-ao-dia-da-advocacia-acontece-nesta-sexta-feira\/"},"author":{"name":"Roberto","@id":"https:\/\/regiaonews.net.br\/2022\/#\/schema\/person\/2d205a608a5aa97ac279d7a5e6d89ad8"},"headline":"Happy Hour&#8217; comemorativo ao Dia da Advocacia acontece nesta sexta-feira","datePublished":"2024-08-06T21:34:16+00:00","mainEntityOfPage":{"@id":"https:\/\/regiaonews.net.br\/2022\/2024\/08\/06\/happy-hour-comemorativo-ao-dia-da-advocacia-acontece-nesta-sexta-feira\/"},"wordCount":237,"commentCount":0,"publisher":{"@id":"https:\/\/regiaonews.net.br\/2022\/#organization"},"image":{"@id":"https:\/\/regiaonews.net.br\/2022\/2024\/08\/06\/happy-hour-comemorativo-ao-dia-da-advocacia-acontece-nesta-sexta-feira\/#primaryimage"},"thumbnailUrl":"https:\/\/regiaonews.net.br\/2022\/wp-content\/uploads\/2024\/08\/31d8ae4f-1dea-4664-b482-61af03a0db3a.jpeg","articleSection":["Barretos","Geral"],"inLanguage":"pt-BR","potentialAction":[{"@type":"CommentAction","name":"Comment","target":["https:\/\/regiaonews.net.br\/2022\/2024\/08\/06\/happy-hour-comemorativo-ao-dia-da-advocacia-acontece-nesta-sexta-feira\/#respond"]}]},{"@type":"WebPage","@id":"https:\/\/regiaonews.net.br\/2022\/2024\/08\/06\/happy-hour-comemorativo-ao-dia-da-advocacia-acontece-nesta-sexta-feira\/","url":"https:\/\/regiaonews.net.br\/2022\/2024\/08\/06\/happy-hour-comemorativo-ao-dia-da-advocacia-acontece-nesta-sexta-feira\/","name":"Happy Hour' comemorativo ao Dia da Advocacia acontece nesta sexta-feira - Regi\u00e3o News","isPartOf":{"@id":"https:\/\/regiaonews.net.br\/2022\/#website"},"primaryImageOfPage":{"@id":"https:\/\/regiaonews.net.br\/2022\/2024\/08\/06\/happy-hour-comemorativo-ao-dia-da-advocacia-acontece-nesta-sexta-feira\/#primaryimage"},"image":{"@id":"https:\/\/regiaonews.net.br\/2022\/2024\/08\/06\/happy-hour-comemorativo-ao-dia-da-advocacia-acontece-nesta-sexta-feira\/#primaryimage"},"thumbnailUrl":"https:\/\/regiaonews.net.br\/2022\/wp-content\/uploads\/2024\/08\/31d8ae4f-1dea-4664-b482-61af03a0db3a.jpeg","datePublished":"2024-08-06T21:34:16+00:00","breadcrumb":{"@id":"https:\/\/regiaonews.net.br\/2022\/2024\/08\/06\/happy-hour-comemorativo-ao-dia-da-advocacia-acontece-nesta-sexta-feira\/#breadcrumb"},"inLanguage":"pt-BR","potentialAction":[{"@type":"ReadAction","target":["https:\/\/regiaonews.net.br\/2022\/2024\/08\/06\/happy-hour-comemorativo-ao-dia-da-advocacia-acontece-nesta-sexta-feira\/"]}]},{"@type":"ImageObject","inLanguage":"pt-BR","@id":"https:\/\/regiaonews.net.br\/2022\/2024\/08\/06\/happy-hour-comemorativo-ao-dia-da-advocacia-acontece-nesta-sexta-feira\/#primaryimage","url":"https:\/\/regiaonews.net.br\/2022\/wp-content\/uploads\/2024\/08\/31d8ae4f-1dea-4664-b482-61af03a0db3a.jpeg","contentUrl":"https:\/\/regiaonews.net.br\/2022\/wp-content\/uploads\/2024\/08\/31d8ae4f-1dea-4664-b482-61af03a0db3a.jpeg","width":900,"height":1600},{"@type":"BreadcrumbList","@id":"https:\/\/regiaonews.net.br\/2022\/2024\/08\/06\/happy-hour-comemorativo-ao-dia-da-advocacia-acontece-nesta-sexta-feira\/#breadcrumb","itemListElement":[{"@type":"ListItem","position":1,"name":"In\u00edcio","item":"https:\/\/regiaonews.net.br\/2022\/"},{"@type":"ListItem","position":2,"name":"Happy Hour&#8217; comemorativo ao Dia da Advocacia acontece nesta sexta-feira"}]},{"@type":"WebSite","@id":"https:\/\/regiaonews.net.br\/2022\/#website","url":"https:\/\/regiaonews.net.br\/2022\/","name":"Regi\u00e3o News","description":"Site de Not\u00edcias de Barretos e regi\u00e3o","publisher":{"@id":"https:\/\/regiaonews.net.br\/2022\/#organization"},"potentialAction":[{"@type":"SearchAction","target":{"@type":"EntryPoint","urlTemplate":"https:\/\/regiaonews.net.br\/2022\/?s={search_term_string}"},"query-input":{"@type":"PropertyValueSpecification","valueRequired":true,"valueName":"search_term_string"}}],"inLanguage":"pt-BR"},{"@type":"Organization","@id":"https:\/\/regiaonews.net.br\/2022\/#organization","name":"Regi\u00e3o News","url":"https:\/\/regiaonews.net.br\/2022\/","logo":{"@type":"ImageObject","inLanguage":"pt-BR","@id":"https:\/\/regiaonews.net.br\/2022\/#\/schema\/logo\/image\/","url":"https:\/\/regiaonews.net.br\/2022\/wp-content\/uploads\/2026\/03\/regiao-13-anos-scaled.jpg","contentUrl":"https:\/\/regiaonews.net.br\/2022\/wp-content\/uploads\/2026\/03\/regiao-13-anos-scaled.jpg","width":2560,"height":635,"caption":"Regi\u00e3o News"},"image":{"@id":"https:\/\/regiaonews.net.br\/2022\/#\/schema\/logo\/image\/"}},{"@type":"Person","@id":"https:\/\/regiaonews.net.br\/2022\/#\/schema\/person\/2d205a608a5aa97ac279d7a5e6d89ad8","name":"Roberto","image":{"@type":"ImageObject","inLanguage":"pt-BR","@id":"https:\/\/secure.gravatar.com\/avatar\/42749d8b712ff9d59ca93dc150494e5b55a44134482993f5baeb97e61b7ecc89?s=96&d=mm&r=g","url":"https:\/\/secure.gravatar.com\/avatar\/42749d8b712ff9d59ca93dc150494e5b55a44134482993f5baeb97e61b7ecc89?s=96&d=mm&r=g","contentUrl":"https:\/\/secure.gravatar.com\/avatar\/42749d8b712ff9d59ca93dc150494e5b55a44134482993f5baeb97e61b7ecc89?s=96&d=mm&r=g","caption":"Roberto"},"url":"https:\/\/regiaonews.net.br\/2022\/author\/roberto\/"}]}},"publishpress_future_action":{"enabled":false,"date":"2026-05-03 02:52:30","action":"change-status","newStatus":"draft","terms":[],"taxonomy":"category","extraData":[]},"publishpress_future_workflow_manual_trigger":{"enabledWorkflows":[]},"_links":{"self":[{"href":"https:\/\/regiaonews.net.br\/2022\/wp-json\/wp\/v2\/posts\/108473","targetHints":{"allow":["GET"]}}],"collection":[{"href":"https:\/\/regiaonews.net.br\/2022\/wp-json\/wp\/v2\/posts"}],"about":[{"href":"https:\/\/regiaonews.net.br\/2022\/wp-json\/wp\/v2\/types\/post"}],"author":[{"embeddable":true,"href":"https:\/\/regiaonews.net.br\/2022\/wp-json\/wp\/v2\/users\/2"}],"replies":[{"embeddable":true,"href":"https:\/\/regiaonews.net.br\/2022\/wp-json\/wp\/v2\/comments?post=108473"}],"version-history":[{"count":1,"href":"https:\/\/regiaonews.net.br\/2022\/wp-json\/wp\/v2\/posts\/108473\/revisions"}],"predecessor-version":[{"id":108475,"href":"https:\/\/regiaonews.net.br\/2022\/wp-json\/wp\/v2\/posts\/108473\/revisions\/108475"}],"wp:featuredmedia":[{"embeddable":true,"href":"https:\/\/regiaonews.net.br\/2022\/wp-json\/wp\/v2\/media\/108474"}],"wp:attachment":[{"href":"https:\/\/regiaonews.net.br\/2022\/wp-json\/wp\/v2\/media?parent=108473"}],"wp:term":[{"taxonomy":"category","embeddable":true,"href":"https:\/\/regiaonews.net.br\/2022\/wp-json\/wp\/v2\/categories?post=108473"},{"taxonomy":"post_tag","embeddable":true,"href":"https:\/\/regiaonews.net.br\/2022\/wp-json\/wp\/v2\/tags?post=108473"}],"curies":[{"name":"wp","href":"https:\/\/api.w.org\/{rel}","templated":true}]}}