{"id":108389,"date":"2024-08-04T21:33:12","date_gmt":"2024-08-05T00:33:12","guid":{"rendered":"https:\/\/regiaonews.net.br\/2022\/?p=108389"},"modified":"2024-08-04T21:35:17","modified_gmt":"2024-08-05T00:35:17","slug":"beatriz-ferreira-conquista-a-medalha-de-bronze-no-boxe-em-paris-2024","status":"publish","type":"post","link":"https:\/\/regiaonews.net.br\/2022\/2024\/08\/04\/beatriz-ferreira-conquista-a-medalha-de-bronze-no-boxe-em-paris-2024\/","title":{"rendered":"Beatriz Ferreira conquista a medalha de bronze no boxe em Paris 2024"},"content":{"rendered":"<section>\n<div class=\"flex flex-col\">\n<h1 class=\"md:text-title-1 text-title-2 text-neutral-100 mb-4\" style=\"text-align: center;\"><\/h1>\n<\/div>\n<\/section>\n<section class=\"md:mb-10 mb-8\">\n<p class=\"border-l border-blue-100 text-neutral-60 text-paragraph-5 pl-1 mt-2\">Bia Ferreira &#8211; Foto: Gaspar N\u00f3brega\/COB<\/p>\n<\/section>\n<aside class=\"flex flex-col md:hidden mt-8\"><\/aside>\n<section id=\"conteudo\">\n<article class=\"editor-content\">Beatriz Ferreira conquistou a medalha de bronze no boxe nos Jogos Ol\u00edmpicos Paris 2024. Neste s\u00e1bado (3), a pugilista brasileira deu tudo de si, mas acabou superada na semifinal da categoria at\u00e9 60 kg pela irlandesa Kellie Harrington, em decis\u00e3o dividida dos ju\u00edzes (4 x 1). Com isso, garantiu o terceiro lugar na competi\u00e7\u00e3o e a segunda medalha ol\u00edmpica da carreira.&#8221;Foi uma grande luta. Demos um espet\u00e1culo. Infelizmente, n\u00e3o foi o resultado que eu queria. N\u00e3o tem muito tempo para lamentar. N\u00e3o encerrei no boxe ol\u00edmpico como queria, que era com chave de ouro, todo mundo sabe disso. Eu vim para c\u00e1 com um grande objetivo que era estar em mais uma final. Consegui completar um pouco da miss\u00e3o e ter uma outra medalha. Miss\u00e3o metade realizada com sucesso. Eu perdi para a atual campe\u00e3 ol\u00edmpica. N\u00e3o \u00e9 qualquer pessoa. Sabia que seria um combate dif\u00edcil. Entreguei o que tinha para entregar. Eu sei que podia fazer muito melhor. N\u00e3o tem muito o que lamentar. Infelizmente n\u00e3o deu. Desculpa ter decepcionado algu\u00e9m, mas quem mais queria era eu&#8221;, disse Bia.O confronto de Bia com Kellie foi a reedi\u00e7\u00e3o da final dos Jogos Ol\u00edmpicos T\u00f3quio 2020.<\/p>\n<p><a href=\"https:\/\/regiaonews.net.br\/2022\/wp-content\/uploads\/2024\/08\/FB_IMG_1722734761147.jpg\"><img loading=\"lazy\" decoding=\"async\" class=\"alignnone size-medium wp-image-108370\" src=\"https:\/\/regiaonews.net.br\/2022\/wp-content\/uploads\/2024\/08\/FB_IMG_1722734761147-266x300.jpg\" alt=\"\" width=\"266\" height=\"300\" srcset=\"https:\/\/regiaonews.net.br\/2022\/wp-content\/uploads\/2024\/08\/FB_IMG_1722734761147-266x300.jpg 266w, https:\/\/regiaonews.net.br\/2022\/wp-content\/uploads\/2024\/08\/FB_IMG_1722734761147-908x1024.jpg 908w, https:\/\/regiaonews.net.br\/2022\/wp-content\/uploads\/2024\/08\/FB_IMG_1722734761147-768x866.jpg 768w, https:\/\/regiaonews.net.br\/2022\/wp-content\/uploads\/2024\/08\/FB_IMG_1722734761147-250x282.jpg 250w, https:\/\/regiaonews.net.br\/2022\/wp-content\/uploads\/2024\/08\/FB_IMG_1722734761147.jpg 1080w\" sizes=\"auto, (max-width: 266px) 100vw, 266px\" \/><\/a><\/p>\n<p>&nbsp;<\/p>\n<\/article>\n<\/section>\n","protected":false},"excerpt":{"rendered":"<p>Bia Ferreira &#8211; Foto: Gaspar N\u00f3brega\/COB Beatriz Ferreira conquistou a<\/p>\n","protected":false},"author":2,"featured_media":108390,"comment_status":"open","ping_status":"open","sticky":false,"template":"","format":"standard","meta":{"footnotes":""},"categories":[1],"tags":[],"class_list":["post-108389","post","type-post","status-publish","format-standard","has-post-thumbnail","hentry","category-indefinido"],"yoast_head":"<!-- This site is optimized with the Yoast SEO plugin v27.4 - https:\/\/yoast.com\/product\/yoast-seo-wordpress\/ -->\n<title>Beatriz Ferreira conquista a medalha de bronze no boxe em Paris 2024 - Regi\u00e3o News<\/title>\n<meta name=\"robots\" content=\"index, follow, max-snippet:-1, max-image-preview:large, max-video-preview:-1\" \/>\n<link rel=\"canonical\" href=\"https:\/\/regiaonews.net.br\/2022\/2024\/08\/04\/beatriz-ferreira-conquista-a-medalha-de-bronze-no-boxe-em-paris-2024\/\" \/>\n<meta property=\"og:locale\" content=\"pt_BR\" \/>\n<meta property=\"og:type\" content=\"article\" \/>\n<meta property=\"og:title\" content=\"Beatriz Ferreira conquista a medalha de bronze no boxe em Paris 2024 - Regi\u00e3o News\" \/>\n<meta property=\"og:description\" content=\"Bia Ferreira &#8211; Foto: Gaspar N\u00f3brega\/COB Beatriz Ferreira conquistou a\" \/>\n<meta property=\"og:url\" content=\"https:\/\/regiaonews.net.br\/2022\/2024\/08\/04\/beatriz-ferreira-conquista-a-medalha-de-bronze-no-boxe-em-paris-2024\/\" \/>\n<meta property=\"og:site_name\" content=\"Regi\u00e3o News\" \/>\n<meta property=\"article:published_time\" content=\"2024-08-05T00:33:12+00:00\" \/>\n<meta property=\"article:modified_time\" content=\"2024-08-05T00:35:17+00:00\" \/>\n<meta property=\"og:image\" content=\"https:\/\/regiaonews.net.br\/2022\/wp-content\/uploads\/2024\/08\/Bia_Ferreira_4fe50eab4f.jpeg\" \/>\n\t<meta property=\"og:image:width\" content=\"1920\" \/>\n\t<meta property=\"og:image:height\" content=\"1280\" \/>\n\t<meta property=\"og:image:type\" content=\"image\/jpeg\" \/>\n<meta name=\"author\" content=\"Roberto\" \/>\n<meta name=\"twitter:card\" content=\"summary_large_image\" \/>\n<meta name=\"twitter:label1\" content=\"Escrito por\" \/>\n\t<meta name=\"twitter:data1\" content=\"Roberto\" \/>\n\t<meta name=\"twitter:label2\" content=\"Est. tempo de leitura\" \/>\n\t<meta name=\"twitter:data2\" content=\"2 minutos\" \/>\n<script type=\"application\/ld+json\" class=\"yoast-schema-graph\">{\"@context\":\"https:\\\/\\\/schema.org\",\"@graph\":[{\"@type\":\"Article\",\"@id\":\"https:\\\/\\\/regiaonews.net.br\\\/2022\\\/2024\\\/08\\\/04\\\/beatriz-ferreira-conquista-a-medalha-de-bronze-no-boxe-em-paris-2024\\\/#article\",\"isPartOf\":{\"@id\":\"https:\\\/\\\/regiaonews.net.br\\\/2022\\\/2024\\\/08\\\/04\\\/beatriz-ferreira-conquista-a-medalha-de-bronze-no-boxe-em-paris-2024\\\/\"},\"author\":{\"name\":\"Roberto\",\"@id\":\"https:\\\/\\\/regiaonews.net.br\\\/2022\\\/#\\\/schema\\\/person\\\/2d205a608a5aa97ac279d7a5e6d89ad8\"},\"headline\":\"Beatriz Ferreira conquista a medalha de bronze no boxe em Paris 2024\",\"datePublished\":\"2024-08-05T00:33:12+00:00\",\"dateModified\":\"2024-08-05T00:35:17+00:00\",\"mainEntityOfPage\":{\"@id\":\"https:\\\/\\\/regiaonews.net.br\\\/2022\\\/2024\\\/08\\\/04\\\/beatriz-ferreira-conquista-a-medalha-de-bronze-no-boxe-em-paris-2024\\\/\"},\"wordCount\":232,\"commentCount\":0,\"publisher\":{\"@id\":\"https:\\\/\\\/regiaonews.net.br\\\/2022\\\/#organization\"},\"image\":{\"@id\":\"https:\\\/\\\/regiaonews.net.br\\\/2022\\\/2024\\\/08\\\/04\\\/beatriz-ferreira-conquista-a-medalha-de-bronze-no-boxe-em-paris-2024\\\/#primaryimage\"},\"thumbnailUrl\":\"https:\\\/\\\/regiaonews.net.br\\\/2022\\\/wp-content\\\/uploads\\\/2024\\\/08\\\/Bia_Ferreira_4fe50eab4f.jpeg\",\"articleSection\":[\"Indefinido\"],\"inLanguage\":\"pt-BR\",\"potentialAction\":[{\"@type\":\"CommentAction\",\"name\":\"Comment\",\"target\":[\"https:\\\/\\\/regiaonews.net.br\\\/2022\\\/2024\\\/08\\\/04\\\/beatriz-ferreira-conquista-a-medalha-de-bronze-no-boxe-em-paris-2024\\\/#respond\"]}]},{\"@type\":\"WebPage\",\"@id\":\"https:\\\/\\\/regiaonews.net.br\\\/2022\\\/2024\\\/08\\\/04\\\/beatriz-ferreira-conquista-a-medalha-de-bronze-no-boxe-em-paris-2024\\\/\",\"url\":\"https:\\\/\\\/regiaonews.net.br\\\/2022\\\/2024\\\/08\\\/04\\\/beatriz-ferreira-conquista-a-medalha-de-bronze-no-boxe-em-paris-2024\\\/\",\"name\":\"Beatriz Ferreira conquista a medalha de bronze no boxe em Paris 2024 - Regi\u00e3o News\",\"isPartOf\":{\"@id\":\"https:\\\/\\\/regiaonews.net.br\\\/2022\\\/#website\"},\"primaryImageOfPage\":{\"@id\":\"https:\\\/\\\/regiaonews.net.br\\\/2022\\\/2024\\\/08\\\/04\\\/beatriz-ferreira-conquista-a-medalha-de-bronze-no-boxe-em-paris-2024\\\/#primaryimage\"},\"image\":{\"@id\":\"https:\\\/\\\/regiaonews.net.br\\\/2022\\\/2024\\\/08\\\/04\\\/beatriz-ferreira-conquista-a-medalha-de-bronze-no-boxe-em-paris-2024\\\/#primaryimage\"},\"thumbnailUrl\":\"https:\\\/\\\/regiaonews.net.br\\\/2022\\\/wp-content\\\/uploads\\\/2024\\\/08\\\/Bia_Ferreira_4fe50eab4f.jpeg\",\"datePublished\":\"2024-08-05T00:33:12+00:00\",\"dateModified\":\"2024-08-05T00:35:17+00:00\",\"breadcrumb\":{\"@id\":\"https:\\\/\\\/regiaonews.net.br\\\/2022\\\/2024\\\/08\\\/04\\\/beatriz-ferreira-conquista-a-medalha-de-bronze-no-boxe-em-paris-2024\\\/#breadcrumb\"},\"inLanguage\":\"pt-BR\",\"potentialAction\":[{\"@type\":\"ReadAction\",\"target\":[\"https:\\\/\\\/regiaonews.net.br\\\/2022\\\/2024\\\/08\\\/04\\\/beatriz-ferreira-conquista-a-medalha-de-bronze-no-boxe-em-paris-2024\\\/\"]}]},{\"@type\":\"ImageObject\",\"inLanguage\":\"pt-BR\",\"@id\":\"https:\\\/\\\/regiaonews.net.br\\\/2022\\\/2024\\\/08\\\/04\\\/beatriz-ferreira-conquista-a-medalha-de-bronze-no-boxe-em-paris-2024\\\/#primaryimage\",\"url\":\"https:\\\/\\\/regiaonews.net.br\\\/2022\\\/wp-content\\\/uploads\\\/2024\\\/08\\\/Bia_Ferreira_4fe50eab4f.jpeg\",\"contentUrl\":\"https:\\\/\\\/regiaonews.net.br\\\/2022\\\/wp-content\\\/uploads\\\/2024\\\/08\\\/Bia_Ferreira_4fe50eab4f.jpeg\",\"width\":1920,\"height\":1280},{\"@type\":\"BreadcrumbList\",\"@id\":\"https:\\\/\\\/regiaonews.net.br\\\/2022\\\/2024\\\/08\\\/04\\\/beatriz-ferreira-conquista-a-medalha-de-bronze-no-boxe-em-paris-2024\\\/#breadcrumb\",\"itemListElement\":[{\"@type\":\"ListItem\",\"position\":1,\"name\":\"In\u00edcio\",\"item\":\"https:\\\/\\\/regiaonews.net.br\\\/2022\\\/\"},{\"@type\":\"ListItem\",\"position\":2,\"name\":\"Beatriz Ferreira conquista a medalha de bronze no boxe em Paris 2024\"}]},{\"@type\":\"WebSite\",\"@id\":\"https:\\\/\\\/regiaonews.net.br\\\/2022\\\/#website\",\"url\":\"https:\\\/\\\/regiaonews.net.br\\\/2022\\\/\",\"name\":\"Regi\u00e3o News\",\"description\":\"Site de Not\u00edcias de Barretos e regi\u00e3o\",\"publisher\":{\"@id\":\"https:\\\/\\\/regiaonews.net.br\\\/2022\\\/#organization\"},\"potentialAction\":[{\"@type\":\"SearchAction\",\"target\":{\"@type\":\"EntryPoint\",\"urlTemplate\":\"https:\\\/\\\/regiaonews.net.br\\\/2022\\\/?s={search_term_string}\"},\"query-input\":{\"@type\":\"PropertyValueSpecification\",\"valueRequired\":true,\"valueName\":\"search_term_string\"}}],\"inLanguage\":\"pt-BR\"},{\"@type\":\"Organization\",\"@id\":\"https:\\\/\\\/regiaonews.net.br\\\/2022\\\/#organization\",\"name\":\"Regi\u00e3o News\",\"url\":\"https:\\\/\\\/regiaonews.net.br\\\/2022\\\/\",\"logo\":{\"@type\":\"ImageObject\",\"inLanguage\":\"pt-BR\",\"@id\":\"https:\\\/\\\/regiaonews.net.br\\\/2022\\\/#\\\/schema\\\/logo\\\/image\\\/\",\"url\":\"https:\\\/\\\/regiaonews.net.br\\\/2022\\\/wp-content\\\/uploads\\\/2026\\\/03\\\/regiao-13-anos-scaled.jpg\",\"contentUrl\":\"https:\\\/\\\/regiaonews.net.br\\\/2022\\\/wp-content\\\/uploads\\\/2026\\\/03\\\/regiao-13-anos-scaled.jpg\",\"width\":2560,\"height\":635,\"caption\":\"Regi\u00e3o News\"},\"image\":{\"@id\":\"https:\\\/\\\/regiaonews.net.br\\\/2022\\\/#\\\/schema\\\/logo\\\/image\\\/\"}},{\"@type\":\"Person\",\"@id\":\"https:\\\/\\\/regiaonews.net.br\\\/2022\\\/#\\\/schema\\\/person\\\/2d205a608a5aa97ac279d7a5e6d89ad8\",\"name\":\"Roberto\",\"image\":{\"@type\":\"ImageObject\",\"inLanguage\":\"pt-BR\",\"@id\":\"https:\\\/\\\/secure.gravatar.com\\\/avatar\\\/42749d8b712ff9d59ca93dc150494e5b55a44134482993f5baeb97e61b7ecc89?s=96&d=mm&r=g\",\"url\":\"https:\\\/\\\/secure.gravatar.com\\\/avatar\\\/42749d8b712ff9d59ca93dc150494e5b55a44134482993f5baeb97e61b7ecc89?s=96&d=mm&r=g\",\"contentUrl\":\"https:\\\/\\\/secure.gravatar.com\\\/avatar\\\/42749d8b712ff9d59ca93dc150494e5b55a44134482993f5baeb97e61b7ecc89?s=96&d=mm&r=g\",\"caption\":\"Roberto\"},\"url\":\"https:\\\/\\\/regiaonews.net.br\\\/2022\\\/author\\\/roberto\\\/\"}]}<\/script>\n<!-- \/ Yoast SEO plugin. -->","yoast_head_json":{"title":"Beatriz Ferreira conquista a medalha de bronze no boxe em Paris 2024 - Regi\u00e3o News","robots":{"index":"index","follow":"follow","max-snippet":"max-snippet:-1","max-image-preview":"max-image-preview:large","max-video-preview":"max-video-preview:-1"},"canonical":"https:\/\/regiaonews.net.br\/2022\/2024\/08\/04\/beatriz-ferreira-conquista-a-medalha-de-bronze-no-boxe-em-paris-2024\/","og_locale":"pt_BR","og_type":"article","og_title":"Beatriz Ferreira conquista a medalha de bronze no boxe em Paris 2024 - Regi\u00e3o News","og_description":"Bia Ferreira &#8211; Foto: Gaspar N\u00f3brega\/COB Beatriz Ferreira conquistou a","og_url":"https:\/\/regiaonews.net.br\/2022\/2024\/08\/04\/beatriz-ferreira-conquista-a-medalha-de-bronze-no-boxe-em-paris-2024\/","og_site_name":"Regi\u00e3o News","article_published_time":"2024-08-05T00:33:12+00:00","article_modified_time":"2024-08-05T00:35:17+00:00","og_image":[{"width":1920,"height":1280,"url":"https:\/\/regiaonews.net.br\/2022\/wp-content\/uploads\/2024\/08\/Bia_Ferreira_4fe50eab4f.jpeg","type":"image\/jpeg"}],"author":"Roberto","twitter_card":"summary_large_image","twitter_misc":{"Escrito por":"Roberto","Est. tempo de leitura":"2 minutos"},"schema":{"@context":"https:\/\/schema.org","@graph":[{"@type":"Article","@id":"https:\/\/regiaonews.net.br\/2022\/2024\/08\/04\/beatriz-ferreira-conquista-a-medalha-de-bronze-no-boxe-em-paris-2024\/#article","isPartOf":{"@id":"https:\/\/regiaonews.net.br\/2022\/2024\/08\/04\/beatriz-ferreira-conquista-a-medalha-de-bronze-no-boxe-em-paris-2024\/"},"author":{"name":"Roberto","@id":"https:\/\/regiaonews.net.br\/2022\/#\/schema\/person\/2d205a608a5aa97ac279d7a5e6d89ad8"},"headline":"Beatriz Ferreira conquista a medalha de bronze no boxe em Paris 2024","datePublished":"2024-08-05T00:33:12+00:00","dateModified":"2024-08-05T00:35:17+00:00","mainEntityOfPage":{"@id":"https:\/\/regiaonews.net.br\/2022\/2024\/08\/04\/beatriz-ferreira-conquista-a-medalha-de-bronze-no-boxe-em-paris-2024\/"},"wordCount":232,"commentCount":0,"publisher":{"@id":"https:\/\/regiaonews.net.br\/2022\/#organization"},"image":{"@id":"https:\/\/regiaonews.net.br\/2022\/2024\/08\/04\/beatriz-ferreira-conquista-a-medalha-de-bronze-no-boxe-em-paris-2024\/#primaryimage"},"thumbnailUrl":"https:\/\/regiaonews.net.br\/2022\/wp-content\/uploads\/2024\/08\/Bia_Ferreira_4fe50eab4f.jpeg","articleSection":["Indefinido"],"inLanguage":"pt-BR","potentialAction":[{"@type":"CommentAction","name":"Comment","target":["https:\/\/regiaonews.net.br\/2022\/2024\/08\/04\/beatriz-ferreira-conquista-a-medalha-de-bronze-no-boxe-em-paris-2024\/#respond"]}]},{"@type":"WebPage","@id":"https:\/\/regiaonews.net.br\/2022\/2024\/08\/04\/beatriz-ferreira-conquista-a-medalha-de-bronze-no-boxe-em-paris-2024\/","url":"https:\/\/regiaonews.net.br\/2022\/2024\/08\/04\/beatriz-ferreira-conquista-a-medalha-de-bronze-no-boxe-em-paris-2024\/","name":"Beatriz Ferreira conquista a medalha de bronze no boxe em Paris 2024 - Regi\u00e3o News","isPartOf":{"@id":"https:\/\/regiaonews.net.br\/2022\/#website"},"primaryImageOfPage":{"@id":"https:\/\/regiaonews.net.br\/2022\/2024\/08\/04\/beatriz-ferreira-conquista-a-medalha-de-bronze-no-boxe-em-paris-2024\/#primaryimage"},"image":{"@id":"https:\/\/regiaonews.net.br\/2022\/2024\/08\/04\/beatriz-ferreira-conquista-a-medalha-de-bronze-no-boxe-em-paris-2024\/#primaryimage"},"thumbnailUrl":"https:\/\/regiaonews.net.br\/2022\/wp-content\/uploads\/2024\/08\/Bia_Ferreira_4fe50eab4f.jpeg","datePublished":"2024-08-05T00:33:12+00:00","dateModified":"2024-08-05T00:35:17+00:00","breadcrumb":{"@id":"https:\/\/regiaonews.net.br\/2022\/2024\/08\/04\/beatriz-ferreira-conquista-a-medalha-de-bronze-no-boxe-em-paris-2024\/#breadcrumb"},"inLanguage":"pt-BR","potentialAction":[{"@type":"ReadAction","target":["https:\/\/regiaonews.net.br\/2022\/2024\/08\/04\/beatriz-ferreira-conquista-a-medalha-de-bronze-no-boxe-em-paris-2024\/"]}]},{"@type":"ImageObject","inLanguage":"pt-BR","@id":"https:\/\/regiaonews.net.br\/2022\/2024\/08\/04\/beatriz-ferreira-conquista-a-medalha-de-bronze-no-boxe-em-paris-2024\/#primaryimage","url":"https:\/\/regiaonews.net.br\/2022\/wp-content\/uploads\/2024\/08\/Bia_Ferreira_4fe50eab4f.jpeg","contentUrl":"https:\/\/regiaonews.net.br\/2022\/wp-content\/uploads\/2024\/08\/Bia_Ferreira_4fe50eab4f.jpeg","width":1920,"height":1280},{"@type":"BreadcrumbList","@id":"https:\/\/regiaonews.net.br\/2022\/2024\/08\/04\/beatriz-ferreira-conquista-a-medalha-de-bronze-no-boxe-em-paris-2024\/#breadcrumb","itemListElement":[{"@type":"ListItem","position":1,"name":"In\u00edcio","item":"https:\/\/regiaonews.net.br\/2022\/"},{"@type":"ListItem","position":2,"name":"Beatriz Ferreira conquista a medalha de bronze no boxe em Paris 2024"}]},{"@type":"WebSite","@id":"https:\/\/regiaonews.net.br\/2022\/#website","url":"https:\/\/regiaonews.net.br\/2022\/","name":"Regi\u00e3o News","description":"Site de Not\u00edcias de Barretos e regi\u00e3o","publisher":{"@id":"https:\/\/regiaonews.net.br\/2022\/#organization"},"potentialAction":[{"@type":"SearchAction","target":{"@type":"EntryPoint","urlTemplate":"https:\/\/regiaonews.net.br\/2022\/?s={search_term_string}"},"query-input":{"@type":"PropertyValueSpecification","valueRequired":true,"valueName":"search_term_string"}}],"inLanguage":"pt-BR"},{"@type":"Organization","@id":"https:\/\/regiaonews.net.br\/2022\/#organization","name":"Regi\u00e3o News","url":"https:\/\/regiaonews.net.br\/2022\/","logo":{"@type":"ImageObject","inLanguage":"pt-BR","@id":"https:\/\/regiaonews.net.br\/2022\/#\/schema\/logo\/image\/","url":"https:\/\/regiaonews.net.br\/2022\/wp-content\/uploads\/2026\/03\/regiao-13-anos-scaled.jpg","contentUrl":"https:\/\/regiaonews.net.br\/2022\/wp-content\/uploads\/2026\/03\/regiao-13-anos-scaled.jpg","width":2560,"height":635,"caption":"Regi\u00e3o News"},"image":{"@id":"https:\/\/regiaonews.net.br\/2022\/#\/schema\/logo\/image\/"}},{"@type":"Person","@id":"https:\/\/regiaonews.net.br\/2022\/#\/schema\/person\/2d205a608a5aa97ac279d7a5e6d89ad8","name":"Roberto","image":{"@type":"ImageObject","inLanguage":"pt-BR","@id":"https:\/\/secure.gravatar.com\/avatar\/42749d8b712ff9d59ca93dc150494e5b55a44134482993f5baeb97e61b7ecc89?s=96&d=mm&r=g","url":"https:\/\/secure.gravatar.com\/avatar\/42749d8b712ff9d59ca93dc150494e5b55a44134482993f5baeb97e61b7ecc89?s=96&d=mm&r=g","contentUrl":"https:\/\/secure.gravatar.com\/avatar\/42749d8b712ff9d59ca93dc150494e5b55a44134482993f5baeb97e61b7ecc89?s=96&d=mm&r=g","caption":"Roberto"},"url":"https:\/\/regiaonews.net.br\/2022\/author\/roberto\/"}]}},"publishpress_future_action":{"enabled":false,"date":"2026-05-03 04:35:31","action":"change-status","newStatus":"draft","terms":[],"taxonomy":"category","extraData":[]},"publishpress_future_workflow_manual_trigger":{"enabledWorkflows":[]},"_links":{"self":[{"href":"https:\/\/regiaonews.net.br\/2022\/wp-json\/wp\/v2\/posts\/108389","targetHints":{"allow":["GET"]}}],"collection":[{"href":"https:\/\/regiaonews.net.br\/2022\/wp-json\/wp\/v2\/posts"}],"about":[{"href":"https:\/\/regiaonews.net.br\/2022\/wp-json\/wp\/v2\/types\/post"}],"author":[{"embeddable":true,"href":"https:\/\/regiaonews.net.br\/2022\/wp-json\/wp\/v2\/users\/2"}],"replies":[{"embeddable":true,"href":"https:\/\/regiaonews.net.br\/2022\/wp-json\/wp\/v2\/comments?post=108389"}],"version-history":[{"count":3,"href":"https:\/\/regiaonews.net.br\/2022\/wp-json\/wp\/v2\/posts\/108389\/revisions"}],"predecessor-version":[{"id":108393,"href":"https:\/\/regiaonews.net.br\/2022\/wp-json\/wp\/v2\/posts\/108389\/revisions\/108393"}],"wp:featuredmedia":[{"embeddable":true,"href":"https:\/\/regiaonews.net.br\/2022\/wp-json\/wp\/v2\/media\/108390"}],"wp:attachment":[{"href":"https:\/\/regiaonews.net.br\/2022\/wp-json\/wp\/v2\/media?parent=108389"}],"wp:term":[{"taxonomy":"category","embeddable":true,"href":"https:\/\/regiaonews.net.br\/2022\/wp-json\/wp\/v2\/categories?post=108389"},{"taxonomy":"post_tag","embeddable":true,"href":"https:\/\/regiaonews.net.br\/2022\/wp-json\/wp\/v2\/tags?post=108389"}],"curies":[{"name":"wp","href":"https:\/\/api.w.org\/{rel}","templated":true}]}}