{"id":108382,"date":"2024-08-04T14:07:30","date_gmt":"2024-08-04T17:07:30","guid":{"rendered":"https:\/\/regiaonews.net.br\/2022\/?p=108382"},"modified":"2024-08-04T14:09:25","modified_gmt":"2024-08-04T17:09:25","slug":"tatiane-muzetti-e-candidata-a-prefeita-pelo-psdb","status":"publish","type":"post","link":"https:\/\/regiaonews.net.br\/2022\/2024\/08\/04\/tatiane-muzetti-e-candidata-a-prefeita-pelo-psdb\/","title":{"rendered":"Tatiane Muzetti \u00e9 candidata a prefeita pelo PSDB"},"content":{"rendered":"<p>Com a presen\u00e7a de um grande p\u00fablico no sal\u00e3o Vila Poema, o PSDB de Barretos, confirmou o nome da advogada Tatiane Muzetti como pr\u00e9-candidata do partido a prefeita de Barretos. Segundo a pr\u00e9-candidata a defini\u00e7\u00e3o que existe \u00e9 que ser\u00e1 feita uma composi\u00e7\u00e3o para unir for\u00e7as, visando ter mais sustentabilidade no pleito eleitoral. \u201cN\u00e3o sabemos ainda como vai ser feito o encaixe, mantenho firme a minha posi\u00e7\u00e3o como candidata a prefeita e acredito que nos pr\u00f3ximos dias ter\u00e1 uma defini\u00e7\u00e3o. Estamos nessa caminhada desde janeiro, sai praticamente do zero e j\u00e1 estamos com empate t\u00e9cnico com candidatos que j\u00e1 est\u00e3o em campanha em muitos anos\u201d, afirmou Tatiane.<\/p>\n<p><a href=\"https:\/\/regiaonews.net.br\/2022\/wp-content\/uploads\/2024\/08\/IMG-20240804-WA0157.jpg\"><img loading=\"lazy\" decoding=\"async\" class=\"alignnone size-medium wp-image-108383\" src=\"https:\/\/regiaonews.net.br\/2022\/wp-content\/uploads\/2024\/08\/IMG-20240804-WA0157-225x300.jpg\" alt=\"\" width=\"225\" height=\"300\" srcset=\"https:\/\/regiaonews.net.br\/2022\/wp-content\/uploads\/2024\/08\/IMG-20240804-WA0157-225x300.jpg 225w, https:\/\/regiaonews.net.br\/2022\/wp-content\/uploads\/2024\/08\/IMG-20240804-WA0157-768x1024.jpg 768w, https:\/\/regiaonews.net.br\/2022\/wp-content\/uploads\/2024\/08\/IMG-20240804-WA0157-250x333.jpg 250w, https:\/\/regiaonews.net.br\/2022\/wp-content\/uploads\/2024\/08\/IMG-20240804-WA0157.jpg 960w\" sizes=\"auto, (max-width: 225px) 100vw, 225px\" \/><\/a><\/p>\n<p>O presidente do PSDB, Manoel Messias afirmou que o partido ter\u00e1 candidatura pr\u00f3pria, mas que vem mantendo di\u00e1logo com outros partidos como o MDB, DC e outras lideran\u00e7as, para que a cidade n\u00e3o fique apenas nas m\u00e3os de algumas pessoas que s\u00f3 pensam em vaidades.<br \/>\nSegundo Manoel Messias, a conven\u00e7\u00e3o j\u00e1 definiu o nome da Tatiane Muzetti como\u00a0 candidata do PSDB, Cidadania e PMB.<\/p>\n<p><a href=\"https:\/\/regiaonews.net.br\/2022\/wp-content\/uploads\/2024\/08\/FB_IMG_1722789795457.jpg\"><img loading=\"lazy\" decoding=\"async\" class=\"alignnone size-medium wp-image-108380\" src=\"https:\/\/regiaonews.net.br\/2022\/wp-content\/uploads\/2024\/08\/FB_IMG_1722789795457-300x293.jpg\" alt=\"\" width=\"300\" height=\"293\" srcset=\"https:\/\/regiaonews.net.br\/2022\/wp-content\/uploads\/2024\/08\/FB_IMG_1722789795457-300x293.jpg 300w, https:\/\/regiaonews.net.br\/2022\/wp-content\/uploads\/2024\/08\/FB_IMG_1722789795457-1024x998.jpg 1024w, https:\/\/regiaonews.net.br\/2022\/wp-content\/uploads\/2024\/08\/FB_IMG_1722789795457-768x749.jpg 768w, https:\/\/regiaonews.net.br\/2022\/wp-content\/uploads\/2024\/08\/FB_IMG_1722789795457-250x244.jpg 250w, https:\/\/regiaonews.net.br\/2022\/wp-content\/uploads\/2024\/08\/FB_IMG_1722789795457.jpg 1080w\" sizes=\"auto, (max-width: 300px) 100vw, 300px\" \/><\/a><\/p>\n<p>&nbsp;<\/p>\n","protected":false},"excerpt":{"rendered":"<p>Com a presen\u00e7a de um grande p\u00fablico no sal\u00e3o Vila<\/p>\n","protected":false},"author":2,"featured_media":108384,"comment_status":"open","ping_status":"open","sticky":false,"template":"","format":"standard","meta":{"footnotes":""},"categories":[14,22],"tags":[],"class_list":["post-108382","post","type-post","status-publish","format-standard","has-post-thumbnail","hentry","category-barretos","category-politica"],"yoast_head":"<!-- This site is optimized with the Yoast SEO plugin v27.4 - https:\/\/yoast.com\/product\/yoast-seo-wordpress\/ -->\n<title>Tatiane Muzetti \u00e9 candidata a prefeita pelo PSDB - Regi\u00e3o News<\/title>\n<meta name=\"robots\" content=\"index, follow, max-snippet:-1, max-image-preview:large, max-video-preview:-1\" \/>\n<link rel=\"canonical\" href=\"https:\/\/regiaonews.net.br\/2022\/2024\/08\/04\/tatiane-muzetti-e-candidata-a-prefeita-pelo-psdb\/\" \/>\n<meta property=\"og:locale\" content=\"pt_BR\" \/>\n<meta property=\"og:type\" content=\"article\" \/>\n<meta property=\"og:title\" content=\"Tatiane Muzetti \u00e9 candidata a prefeita pelo PSDB - Regi\u00e3o News\" \/>\n<meta property=\"og:description\" content=\"Com a presen\u00e7a de um grande p\u00fablico no sal\u00e3o Vila\" \/>\n<meta property=\"og:url\" content=\"https:\/\/regiaonews.net.br\/2022\/2024\/08\/04\/tatiane-muzetti-e-candidata-a-prefeita-pelo-psdb\/\" \/>\n<meta property=\"og:site_name\" content=\"Regi\u00e3o News\" \/>\n<meta property=\"article:published_time\" content=\"2024-08-04T17:07:30+00:00\" \/>\n<meta property=\"article:modified_time\" content=\"2024-08-04T17:09:25+00:00\" \/>\n<meta property=\"og:image\" content=\"https:\/\/regiaonews.net.br\/2022\/wp-content\/uploads\/2024\/08\/IMG-20240804-WA0162.jpg\" \/>\n\t<meta property=\"og:image:width\" content=\"960\" \/>\n\t<meta property=\"og:image:height\" content=\"1280\" \/>\n\t<meta property=\"og:image:type\" content=\"image\/jpeg\" \/>\n<meta name=\"author\" content=\"Roberto\" \/>\n<meta name=\"twitter:card\" content=\"summary_large_image\" \/>\n<meta name=\"twitter:label1\" content=\"Escrito por\" \/>\n\t<meta name=\"twitter:data1\" content=\"Roberto\" \/>\n\t<meta name=\"twitter:label2\" content=\"Est. tempo de leitura\" \/>\n\t<meta name=\"twitter:data2\" content=\"2 minutos\" \/>\n<script type=\"application\/ld+json\" class=\"yoast-schema-graph\">{\"@context\":\"https:\\\/\\\/schema.org\",\"@graph\":[{\"@type\":\"Article\",\"@id\":\"https:\\\/\\\/regiaonews.net.br\\\/2022\\\/2024\\\/08\\\/04\\\/tatiane-muzetti-e-candidata-a-prefeita-pelo-psdb\\\/#article\",\"isPartOf\":{\"@id\":\"https:\\\/\\\/regiaonews.net.br\\\/2022\\\/2024\\\/08\\\/04\\\/tatiane-muzetti-e-candidata-a-prefeita-pelo-psdb\\\/\"},\"author\":{\"name\":\"Roberto\",\"@id\":\"https:\\\/\\\/regiaonews.net.br\\\/2022\\\/#\\\/schema\\\/person\\\/2d205a608a5aa97ac279d7a5e6d89ad8\"},\"headline\":\"Tatiane Muzetti \u00e9 candidata a prefeita pelo PSDB\",\"datePublished\":\"2024-08-04T17:07:30+00:00\",\"dateModified\":\"2024-08-04T17:09:25+00:00\",\"mainEntityOfPage\":{\"@id\":\"https:\\\/\\\/regiaonews.net.br\\\/2022\\\/2024\\\/08\\\/04\\\/tatiane-muzetti-e-candidata-a-prefeita-pelo-psdb\\\/\"},\"wordCount\":198,\"commentCount\":0,\"publisher\":{\"@id\":\"https:\\\/\\\/regiaonews.net.br\\\/2022\\\/#organization\"},\"image\":{\"@id\":\"https:\\\/\\\/regiaonews.net.br\\\/2022\\\/2024\\\/08\\\/04\\\/tatiane-muzetti-e-candidata-a-prefeita-pelo-psdb\\\/#primaryimage\"},\"thumbnailUrl\":\"https:\\\/\\\/regiaonews.net.br\\\/2022\\\/wp-content\\\/uploads\\\/2024\\\/08\\\/IMG-20240804-WA0162.jpg\",\"articleSection\":[\"Barretos\",\"Pol\u00edtica\"],\"inLanguage\":\"pt-BR\",\"potentialAction\":[{\"@type\":\"CommentAction\",\"name\":\"Comment\",\"target\":[\"https:\\\/\\\/regiaonews.net.br\\\/2022\\\/2024\\\/08\\\/04\\\/tatiane-muzetti-e-candidata-a-prefeita-pelo-psdb\\\/#respond\"]}]},{\"@type\":\"WebPage\",\"@id\":\"https:\\\/\\\/regiaonews.net.br\\\/2022\\\/2024\\\/08\\\/04\\\/tatiane-muzetti-e-candidata-a-prefeita-pelo-psdb\\\/\",\"url\":\"https:\\\/\\\/regiaonews.net.br\\\/2022\\\/2024\\\/08\\\/04\\\/tatiane-muzetti-e-candidata-a-prefeita-pelo-psdb\\\/\",\"name\":\"Tatiane Muzetti \u00e9 candidata a prefeita pelo PSDB - Regi\u00e3o News\",\"isPartOf\":{\"@id\":\"https:\\\/\\\/regiaonews.net.br\\\/2022\\\/#website\"},\"primaryImageOfPage\":{\"@id\":\"https:\\\/\\\/regiaonews.net.br\\\/2022\\\/2024\\\/08\\\/04\\\/tatiane-muzetti-e-candidata-a-prefeita-pelo-psdb\\\/#primaryimage\"},\"image\":{\"@id\":\"https:\\\/\\\/regiaonews.net.br\\\/2022\\\/2024\\\/08\\\/04\\\/tatiane-muzetti-e-candidata-a-prefeita-pelo-psdb\\\/#primaryimage\"},\"thumbnailUrl\":\"https:\\\/\\\/regiaonews.net.br\\\/2022\\\/wp-content\\\/uploads\\\/2024\\\/08\\\/IMG-20240804-WA0162.jpg\",\"datePublished\":\"2024-08-04T17:07:30+00:00\",\"dateModified\":\"2024-08-04T17:09:25+00:00\",\"breadcrumb\":{\"@id\":\"https:\\\/\\\/regiaonews.net.br\\\/2022\\\/2024\\\/08\\\/04\\\/tatiane-muzetti-e-candidata-a-prefeita-pelo-psdb\\\/#breadcrumb\"},\"inLanguage\":\"pt-BR\",\"potentialAction\":[{\"@type\":\"ReadAction\",\"target\":[\"https:\\\/\\\/regiaonews.net.br\\\/2022\\\/2024\\\/08\\\/04\\\/tatiane-muzetti-e-candidata-a-prefeita-pelo-psdb\\\/\"]}]},{\"@type\":\"ImageObject\",\"inLanguage\":\"pt-BR\",\"@id\":\"https:\\\/\\\/regiaonews.net.br\\\/2022\\\/2024\\\/08\\\/04\\\/tatiane-muzetti-e-candidata-a-prefeita-pelo-psdb\\\/#primaryimage\",\"url\":\"https:\\\/\\\/regiaonews.net.br\\\/2022\\\/wp-content\\\/uploads\\\/2024\\\/08\\\/IMG-20240804-WA0162.jpg\",\"contentUrl\":\"https:\\\/\\\/regiaonews.net.br\\\/2022\\\/wp-content\\\/uploads\\\/2024\\\/08\\\/IMG-20240804-WA0162.jpg\",\"width\":960,\"height\":1280},{\"@type\":\"BreadcrumbList\",\"@id\":\"https:\\\/\\\/regiaonews.net.br\\\/2022\\\/2024\\\/08\\\/04\\\/tatiane-muzetti-e-candidata-a-prefeita-pelo-psdb\\\/#breadcrumb\",\"itemListElement\":[{\"@type\":\"ListItem\",\"position\":1,\"name\":\"In\u00edcio\",\"item\":\"https:\\\/\\\/regiaonews.net.br\\\/2022\\\/\"},{\"@type\":\"ListItem\",\"position\":2,\"name\":\"Tatiane Muzetti \u00e9 candidata a prefeita pelo PSDB\"}]},{\"@type\":\"WebSite\",\"@id\":\"https:\\\/\\\/regiaonews.net.br\\\/2022\\\/#website\",\"url\":\"https:\\\/\\\/regiaonews.net.br\\\/2022\\\/\",\"name\":\"Regi\u00e3o News\",\"description\":\"Site de Not\u00edcias de Barretos e regi\u00e3o\",\"publisher\":{\"@id\":\"https:\\\/\\\/regiaonews.net.br\\\/2022\\\/#organization\"},\"potentialAction\":[{\"@type\":\"SearchAction\",\"target\":{\"@type\":\"EntryPoint\",\"urlTemplate\":\"https:\\\/\\\/regiaonews.net.br\\\/2022\\\/?s={search_term_string}\"},\"query-input\":{\"@type\":\"PropertyValueSpecification\",\"valueRequired\":true,\"valueName\":\"search_term_string\"}}],\"inLanguage\":\"pt-BR\"},{\"@type\":\"Organization\",\"@id\":\"https:\\\/\\\/regiaonews.net.br\\\/2022\\\/#organization\",\"name\":\"Regi\u00e3o News\",\"url\":\"https:\\\/\\\/regiaonews.net.br\\\/2022\\\/\",\"logo\":{\"@type\":\"ImageObject\",\"inLanguage\":\"pt-BR\",\"@id\":\"https:\\\/\\\/regiaonews.net.br\\\/2022\\\/#\\\/schema\\\/logo\\\/image\\\/\",\"url\":\"https:\\\/\\\/regiaonews.net.br\\\/2022\\\/wp-content\\\/uploads\\\/2026\\\/03\\\/regiao-13-anos-scaled.jpg\",\"contentUrl\":\"https:\\\/\\\/regiaonews.net.br\\\/2022\\\/wp-content\\\/uploads\\\/2026\\\/03\\\/regiao-13-anos-scaled.jpg\",\"width\":2560,\"height\":635,\"caption\":\"Regi\u00e3o News\"},\"image\":{\"@id\":\"https:\\\/\\\/regiaonews.net.br\\\/2022\\\/#\\\/schema\\\/logo\\\/image\\\/\"}},{\"@type\":\"Person\",\"@id\":\"https:\\\/\\\/regiaonews.net.br\\\/2022\\\/#\\\/schema\\\/person\\\/2d205a608a5aa97ac279d7a5e6d89ad8\",\"name\":\"Roberto\",\"image\":{\"@type\":\"ImageObject\",\"inLanguage\":\"pt-BR\",\"@id\":\"https:\\\/\\\/secure.gravatar.com\\\/avatar\\\/42749d8b712ff9d59ca93dc150494e5b55a44134482993f5baeb97e61b7ecc89?s=96&d=mm&r=g\",\"url\":\"https:\\\/\\\/secure.gravatar.com\\\/avatar\\\/42749d8b712ff9d59ca93dc150494e5b55a44134482993f5baeb97e61b7ecc89?s=96&d=mm&r=g\",\"contentUrl\":\"https:\\\/\\\/secure.gravatar.com\\\/avatar\\\/42749d8b712ff9d59ca93dc150494e5b55a44134482993f5baeb97e61b7ecc89?s=96&d=mm&r=g\",\"caption\":\"Roberto\"},\"url\":\"https:\\\/\\\/regiaonews.net.br\\\/2022\\\/author\\\/roberto\\\/\"}]}<\/script>\n<!-- \/ Yoast SEO plugin. -->","yoast_head_json":{"title":"Tatiane Muzetti \u00e9 candidata a prefeita pelo PSDB - Regi\u00e3o News","robots":{"index":"index","follow":"follow","max-snippet":"max-snippet:-1","max-image-preview":"max-image-preview:large","max-video-preview":"max-video-preview:-1"},"canonical":"https:\/\/regiaonews.net.br\/2022\/2024\/08\/04\/tatiane-muzetti-e-candidata-a-prefeita-pelo-psdb\/","og_locale":"pt_BR","og_type":"article","og_title":"Tatiane Muzetti \u00e9 candidata a prefeita pelo PSDB - Regi\u00e3o News","og_description":"Com a presen\u00e7a de um grande p\u00fablico no sal\u00e3o Vila","og_url":"https:\/\/regiaonews.net.br\/2022\/2024\/08\/04\/tatiane-muzetti-e-candidata-a-prefeita-pelo-psdb\/","og_site_name":"Regi\u00e3o News","article_published_time":"2024-08-04T17:07:30+00:00","article_modified_time":"2024-08-04T17:09:25+00:00","og_image":[{"width":960,"height":1280,"url":"https:\/\/regiaonews.net.br\/2022\/wp-content\/uploads\/2024\/08\/IMG-20240804-WA0162.jpg","type":"image\/jpeg"}],"author":"Roberto","twitter_card":"summary_large_image","twitter_misc":{"Escrito por":"Roberto","Est. tempo de leitura":"2 minutos"},"schema":{"@context":"https:\/\/schema.org","@graph":[{"@type":"Article","@id":"https:\/\/regiaonews.net.br\/2022\/2024\/08\/04\/tatiane-muzetti-e-candidata-a-prefeita-pelo-psdb\/#article","isPartOf":{"@id":"https:\/\/regiaonews.net.br\/2022\/2024\/08\/04\/tatiane-muzetti-e-candidata-a-prefeita-pelo-psdb\/"},"author":{"name":"Roberto","@id":"https:\/\/regiaonews.net.br\/2022\/#\/schema\/person\/2d205a608a5aa97ac279d7a5e6d89ad8"},"headline":"Tatiane Muzetti \u00e9 candidata a prefeita pelo PSDB","datePublished":"2024-08-04T17:07:30+00:00","dateModified":"2024-08-04T17:09:25+00:00","mainEntityOfPage":{"@id":"https:\/\/regiaonews.net.br\/2022\/2024\/08\/04\/tatiane-muzetti-e-candidata-a-prefeita-pelo-psdb\/"},"wordCount":198,"commentCount":0,"publisher":{"@id":"https:\/\/regiaonews.net.br\/2022\/#organization"},"image":{"@id":"https:\/\/regiaonews.net.br\/2022\/2024\/08\/04\/tatiane-muzetti-e-candidata-a-prefeita-pelo-psdb\/#primaryimage"},"thumbnailUrl":"https:\/\/regiaonews.net.br\/2022\/wp-content\/uploads\/2024\/08\/IMG-20240804-WA0162.jpg","articleSection":["Barretos","Pol\u00edtica"],"inLanguage":"pt-BR","potentialAction":[{"@type":"CommentAction","name":"Comment","target":["https:\/\/regiaonews.net.br\/2022\/2024\/08\/04\/tatiane-muzetti-e-candidata-a-prefeita-pelo-psdb\/#respond"]}]},{"@type":"WebPage","@id":"https:\/\/regiaonews.net.br\/2022\/2024\/08\/04\/tatiane-muzetti-e-candidata-a-prefeita-pelo-psdb\/","url":"https:\/\/regiaonews.net.br\/2022\/2024\/08\/04\/tatiane-muzetti-e-candidata-a-prefeita-pelo-psdb\/","name":"Tatiane Muzetti \u00e9 candidata a prefeita pelo PSDB - Regi\u00e3o News","isPartOf":{"@id":"https:\/\/regiaonews.net.br\/2022\/#website"},"primaryImageOfPage":{"@id":"https:\/\/regiaonews.net.br\/2022\/2024\/08\/04\/tatiane-muzetti-e-candidata-a-prefeita-pelo-psdb\/#primaryimage"},"image":{"@id":"https:\/\/regiaonews.net.br\/2022\/2024\/08\/04\/tatiane-muzetti-e-candidata-a-prefeita-pelo-psdb\/#primaryimage"},"thumbnailUrl":"https:\/\/regiaonews.net.br\/2022\/wp-content\/uploads\/2024\/08\/IMG-20240804-WA0162.jpg","datePublished":"2024-08-04T17:07:30+00:00","dateModified":"2024-08-04T17:09:25+00:00","breadcrumb":{"@id":"https:\/\/regiaonews.net.br\/2022\/2024\/08\/04\/tatiane-muzetti-e-candidata-a-prefeita-pelo-psdb\/#breadcrumb"},"inLanguage":"pt-BR","potentialAction":[{"@type":"ReadAction","target":["https:\/\/regiaonews.net.br\/2022\/2024\/08\/04\/tatiane-muzetti-e-candidata-a-prefeita-pelo-psdb\/"]}]},{"@type":"ImageObject","inLanguage":"pt-BR","@id":"https:\/\/regiaonews.net.br\/2022\/2024\/08\/04\/tatiane-muzetti-e-candidata-a-prefeita-pelo-psdb\/#primaryimage","url":"https:\/\/regiaonews.net.br\/2022\/wp-content\/uploads\/2024\/08\/IMG-20240804-WA0162.jpg","contentUrl":"https:\/\/regiaonews.net.br\/2022\/wp-content\/uploads\/2024\/08\/IMG-20240804-WA0162.jpg","width":960,"height":1280},{"@type":"BreadcrumbList","@id":"https:\/\/regiaonews.net.br\/2022\/2024\/08\/04\/tatiane-muzetti-e-candidata-a-prefeita-pelo-psdb\/#breadcrumb","itemListElement":[{"@type":"ListItem","position":1,"name":"In\u00edcio","item":"https:\/\/regiaonews.net.br\/2022\/"},{"@type":"ListItem","position":2,"name":"Tatiane Muzetti \u00e9 candidata a prefeita pelo PSDB"}]},{"@type":"WebSite","@id":"https:\/\/regiaonews.net.br\/2022\/#website","url":"https:\/\/regiaonews.net.br\/2022\/","name":"Regi\u00e3o News","description":"Site de Not\u00edcias de Barretos e regi\u00e3o","publisher":{"@id":"https:\/\/regiaonews.net.br\/2022\/#organization"},"potentialAction":[{"@type":"SearchAction","target":{"@type":"EntryPoint","urlTemplate":"https:\/\/regiaonews.net.br\/2022\/?s={search_term_string}"},"query-input":{"@type":"PropertyValueSpecification","valueRequired":true,"valueName":"search_term_string"}}],"inLanguage":"pt-BR"},{"@type":"Organization","@id":"https:\/\/regiaonews.net.br\/2022\/#organization","name":"Regi\u00e3o News","url":"https:\/\/regiaonews.net.br\/2022\/","logo":{"@type":"ImageObject","inLanguage":"pt-BR","@id":"https:\/\/regiaonews.net.br\/2022\/#\/schema\/logo\/image\/","url":"https:\/\/regiaonews.net.br\/2022\/wp-content\/uploads\/2026\/03\/regiao-13-anos-scaled.jpg","contentUrl":"https:\/\/regiaonews.net.br\/2022\/wp-content\/uploads\/2026\/03\/regiao-13-anos-scaled.jpg","width":2560,"height":635,"caption":"Regi\u00e3o News"},"image":{"@id":"https:\/\/regiaonews.net.br\/2022\/#\/schema\/logo\/image\/"}},{"@type":"Person","@id":"https:\/\/regiaonews.net.br\/2022\/#\/schema\/person\/2d205a608a5aa97ac279d7a5e6d89ad8","name":"Roberto","image":{"@type":"ImageObject","inLanguage":"pt-BR","@id":"https:\/\/secure.gravatar.com\/avatar\/42749d8b712ff9d59ca93dc150494e5b55a44134482993f5baeb97e61b7ecc89?s=96&d=mm&r=g","url":"https:\/\/secure.gravatar.com\/avatar\/42749d8b712ff9d59ca93dc150494e5b55a44134482993f5baeb97e61b7ecc89?s=96&d=mm&r=g","contentUrl":"https:\/\/secure.gravatar.com\/avatar\/42749d8b712ff9d59ca93dc150494e5b55a44134482993f5baeb97e61b7ecc89?s=96&d=mm&r=g","caption":"Roberto"},"url":"https:\/\/regiaonews.net.br\/2022\/author\/roberto\/"}]}},"publishpress_future_action":{"enabled":false,"date":"2026-05-03 07:54:00","action":"change-status","newStatus":"draft","terms":[],"taxonomy":"category","extraData":[]},"publishpress_future_workflow_manual_trigger":{"enabledWorkflows":[]},"_links":{"self":[{"href":"https:\/\/regiaonews.net.br\/2022\/wp-json\/wp\/v2\/posts\/108382","targetHints":{"allow":["GET"]}}],"collection":[{"href":"https:\/\/regiaonews.net.br\/2022\/wp-json\/wp\/v2\/posts"}],"about":[{"href":"https:\/\/regiaonews.net.br\/2022\/wp-json\/wp\/v2\/types\/post"}],"author":[{"embeddable":true,"href":"https:\/\/regiaonews.net.br\/2022\/wp-json\/wp\/v2\/users\/2"}],"replies":[{"embeddable":true,"href":"https:\/\/regiaonews.net.br\/2022\/wp-json\/wp\/v2\/comments?post=108382"}],"version-history":[{"count":1,"href":"https:\/\/regiaonews.net.br\/2022\/wp-json\/wp\/v2\/posts\/108382\/revisions"}],"predecessor-version":[{"id":108385,"href":"https:\/\/regiaonews.net.br\/2022\/wp-json\/wp\/v2\/posts\/108382\/revisions\/108385"}],"wp:featuredmedia":[{"embeddable":true,"href":"https:\/\/regiaonews.net.br\/2022\/wp-json\/wp\/v2\/media\/108384"}],"wp:attachment":[{"href":"https:\/\/regiaonews.net.br\/2022\/wp-json\/wp\/v2\/media?parent=108382"}],"wp:term":[{"taxonomy":"category","embeddable":true,"href":"https:\/\/regiaonews.net.br\/2022\/wp-json\/wp\/v2\/categories?post=108382"},{"taxonomy":"post_tag","embeddable":true,"href":"https:\/\/regiaonews.net.br\/2022\/wp-json\/wp\/v2\/tags?post=108382"}],"curies":[{"name":"wp","href":"https:\/\/api.w.org\/{rel}","templated":true}]}}