{"id":108327,"date":"2024-08-02T18:42:39","date_gmt":"2024-08-02T21:42:39","guid":{"rendered":"https:\/\/regiaonews.net.br\/2022\/?p=108327"},"modified":"2024-08-02T18:47:51","modified_gmt":"2024-08-02T21:47:51","slug":"sao-paulo-quer-sediar-corrida-de-abertura-da-nascar-em-2026","status":"publish","type":"post","link":"https:\/\/regiaonews.net.br\/2022\/2024\/08\/02\/sao-paulo-quer-sediar-corrida-de-abertura-da-nascar-em-2026\/","title":{"rendered":"S\u00e3o Paulo quer sediar corrida de abertura da Nascar em 2026"},"content":{"rendered":"<p>O Governo de SP deu nesta quinta-feira (1) o primeiro passo para receber na capital paulista uma prova oficial da Nascar, a mais tradicional categoria do automobilismo norte americano. O governador Tarc\u00edsio de Freitas se reuniu com Tom Dannemiller, representante da marca no pa\u00eds, e formalizou o interesse de promover a corrida de abertura da temporada de 2026.<\/p>\n<p>\u201cEstamos sempre em busca das melhores atra\u00e7\u00f5es para S\u00e3o Paulo, que possam trazer turistas, al\u00e9m da atra\u00e7\u00e3o de investimentos e gera\u00e7\u00e3o de empregos. Contamos com um aut\u00f3dromo que \u00e9 refer\u00eancia para o esporte e temos tudo para fazer um grande evento\u201d, afirmou o governador Tarc\u00edsio de Freitas, durante encontrou que teve tamb\u00e9m a presen\u00e7a do prefeito da capital, Ricardo Nunes, e do secret\u00e1rio de estado de Turismo e Viagens, Roberto de Lucena.<\/p>\n<p>Ser\u00e1 a primeira vez que a principal competi\u00e7\u00e3o da marca, a Cup Series, vir\u00e1 para o Brasil. As negocia\u00e7\u00f5es est\u00e3o sendo conduzidas pela secretaria de Turismo e Viagens e a Prefeitura de S\u00e3o Paulo. O pa\u00eds j\u00e1 abriga a modalidade<a role=\"link\" href=\"https:\/\/www.nascarbrasil.com.br\/\" target=\"_blank\" rel=\"noopener\">\u00a0Nascar Brasil<\/a>, com corrida agendada neste final de semana no aut\u00f3dromo de Interlagos.<\/p>\n<p>S\u00e3o Paulo j\u00e1 recebe tamb\u00e9m\u00a0<a role=\"link\" href=\"https:\/\/www.saopaulo.sp.gov.br\/spnoticias\/ultimas-noticias\/formula-1-governo-de-sp-prepara-seguranca-com-drones-e-mais-de-11-mil-pms\/\">F\u00f3rmula 1<\/a>, al\u00e9m de outras categorias do automobilismo, permitindo a gera\u00e7\u00e3o de emprego e renda, al\u00e9m de ampliar a visibilidade internacional da cidade e do estado. A F1 traz um impacto econ\u00f4mico de mais de R$ 1 bilh\u00e3o para a capital paulista e a gera\u00e7\u00e3o de cerca de 15 mil empregos diretos e indiretos.<\/p>\n","protected":false},"excerpt":{"rendered":"<p>O Governo de SP deu nesta quinta-feira (1) o primeiro<\/p>\n","protected":false},"author":2,"featured_media":108329,"comment_status":"open","ping_status":"open","sticky":false,"template":"","format":"standard","meta":{"footnotes":""},"categories":[21,7],"tags":[],"class_list":["post-108327","post","type-post","status-publish","format-standard","has-post-thumbnail","hentry","category-esporte","category-estado-de-sao-paulo"],"yoast_head":"<!-- This site is optimized with the Yoast SEO plugin v27.4 - https:\/\/yoast.com\/product\/yoast-seo-wordpress\/ -->\n<title>S\u00e3o Paulo quer sediar corrida de abertura da Nascar em 2026 - Regi\u00e3o News<\/title>\n<meta name=\"robots\" content=\"index, follow, max-snippet:-1, max-image-preview:large, max-video-preview:-1\" \/>\n<link rel=\"canonical\" href=\"https:\/\/regiaonews.net.br\/2022\/2024\/08\/02\/sao-paulo-quer-sediar-corrida-de-abertura-da-nascar-em-2026\/\" \/>\n<meta property=\"og:locale\" content=\"pt_BR\" \/>\n<meta property=\"og:type\" content=\"article\" \/>\n<meta property=\"og:title\" content=\"S\u00e3o Paulo quer sediar corrida de abertura da Nascar em 2026 - Regi\u00e3o News\" \/>\n<meta property=\"og:description\" content=\"O Governo de SP deu nesta quinta-feira (1) o primeiro\" \/>\n<meta property=\"og:url\" content=\"https:\/\/regiaonews.net.br\/2022\/2024\/08\/02\/sao-paulo-quer-sediar-corrida-de-abertura-da-nascar-em-2026\/\" \/>\n<meta property=\"og:site_name\" content=\"Regi\u00e3o News\" \/>\n<meta property=\"article:published_time\" content=\"2024-08-02T21:42:39+00:00\" \/>\n<meta property=\"article:modified_time\" content=\"2024-08-02T21:47:51+00:00\" \/>\n<meta property=\"og:image\" content=\"https:\/\/regiaonews.net.br\/2022\/wp-content\/uploads\/2024\/08\/WhatsApp-Image-2024-08-02-at-18.45.54.jpeg\" \/>\n\t<meta property=\"og:image:width\" content=\"1600\" \/>\n\t<meta property=\"og:image:height\" content=\"1049\" \/>\n\t<meta property=\"og:image:type\" content=\"image\/jpeg\" \/>\n<meta name=\"author\" content=\"Roberto\" \/>\n<meta name=\"twitter:card\" content=\"summary_large_image\" \/>\n<meta name=\"twitter:label1\" content=\"Escrito por\" \/>\n\t<meta name=\"twitter:data1\" content=\"Roberto\" \/>\n\t<meta name=\"twitter:label2\" content=\"Est. tempo de leitura\" \/>\n\t<meta name=\"twitter:data2\" content=\"2 minutos\" \/>\n<script type=\"application\/ld+json\" class=\"yoast-schema-graph\">{\"@context\":\"https:\\\/\\\/schema.org\",\"@graph\":[{\"@type\":\"Article\",\"@id\":\"https:\\\/\\\/regiaonews.net.br\\\/2022\\\/2024\\\/08\\\/02\\\/sao-paulo-quer-sediar-corrida-de-abertura-da-nascar-em-2026\\\/#article\",\"isPartOf\":{\"@id\":\"https:\\\/\\\/regiaonews.net.br\\\/2022\\\/2024\\\/08\\\/02\\\/sao-paulo-quer-sediar-corrida-de-abertura-da-nascar-em-2026\\\/\"},\"author\":{\"name\":\"Roberto\",\"@id\":\"https:\\\/\\\/regiaonews.net.br\\\/2022\\\/#\\\/schema\\\/person\\\/2d205a608a5aa97ac279d7a5e6d89ad8\"},\"headline\":\"S\u00e3o Paulo quer sediar corrida de abertura da Nascar em 2026\",\"datePublished\":\"2024-08-02T21:42:39+00:00\",\"dateModified\":\"2024-08-02T21:47:51+00:00\",\"mainEntityOfPage\":{\"@id\":\"https:\\\/\\\/regiaonews.net.br\\\/2022\\\/2024\\\/08\\\/02\\\/sao-paulo-quer-sediar-corrida-de-abertura-da-nascar-em-2026\\\/\"},\"wordCount\":275,\"commentCount\":0,\"publisher\":{\"@id\":\"https:\\\/\\\/regiaonews.net.br\\\/2022\\\/#organization\"},\"image\":{\"@id\":\"https:\\\/\\\/regiaonews.net.br\\\/2022\\\/2024\\\/08\\\/02\\\/sao-paulo-quer-sediar-corrida-de-abertura-da-nascar-em-2026\\\/#primaryimage\"},\"thumbnailUrl\":\"https:\\\/\\\/regiaonews.net.br\\\/2022\\\/wp-content\\\/uploads\\\/2024\\\/08\\\/WhatsApp-Image-2024-08-02-at-18.45.54.jpeg\",\"articleSection\":[\"Esporte\",\"Estado de S\u00e3o Paulo\"],\"inLanguage\":\"pt-BR\",\"potentialAction\":[{\"@type\":\"CommentAction\",\"name\":\"Comment\",\"target\":[\"https:\\\/\\\/regiaonews.net.br\\\/2022\\\/2024\\\/08\\\/02\\\/sao-paulo-quer-sediar-corrida-de-abertura-da-nascar-em-2026\\\/#respond\"]}]},{\"@type\":\"WebPage\",\"@id\":\"https:\\\/\\\/regiaonews.net.br\\\/2022\\\/2024\\\/08\\\/02\\\/sao-paulo-quer-sediar-corrida-de-abertura-da-nascar-em-2026\\\/\",\"url\":\"https:\\\/\\\/regiaonews.net.br\\\/2022\\\/2024\\\/08\\\/02\\\/sao-paulo-quer-sediar-corrida-de-abertura-da-nascar-em-2026\\\/\",\"name\":\"S\u00e3o Paulo quer sediar corrida de abertura da Nascar em 2026 - Regi\u00e3o News\",\"isPartOf\":{\"@id\":\"https:\\\/\\\/regiaonews.net.br\\\/2022\\\/#website\"},\"primaryImageOfPage\":{\"@id\":\"https:\\\/\\\/regiaonews.net.br\\\/2022\\\/2024\\\/08\\\/02\\\/sao-paulo-quer-sediar-corrida-de-abertura-da-nascar-em-2026\\\/#primaryimage\"},\"image\":{\"@id\":\"https:\\\/\\\/regiaonews.net.br\\\/2022\\\/2024\\\/08\\\/02\\\/sao-paulo-quer-sediar-corrida-de-abertura-da-nascar-em-2026\\\/#primaryimage\"},\"thumbnailUrl\":\"https:\\\/\\\/regiaonews.net.br\\\/2022\\\/wp-content\\\/uploads\\\/2024\\\/08\\\/WhatsApp-Image-2024-08-02-at-18.45.54.jpeg\",\"datePublished\":\"2024-08-02T21:42:39+00:00\",\"dateModified\":\"2024-08-02T21:47:51+00:00\",\"breadcrumb\":{\"@id\":\"https:\\\/\\\/regiaonews.net.br\\\/2022\\\/2024\\\/08\\\/02\\\/sao-paulo-quer-sediar-corrida-de-abertura-da-nascar-em-2026\\\/#breadcrumb\"},\"inLanguage\":\"pt-BR\",\"potentialAction\":[{\"@type\":\"ReadAction\",\"target\":[\"https:\\\/\\\/regiaonews.net.br\\\/2022\\\/2024\\\/08\\\/02\\\/sao-paulo-quer-sediar-corrida-de-abertura-da-nascar-em-2026\\\/\"]}]},{\"@type\":\"ImageObject\",\"inLanguage\":\"pt-BR\",\"@id\":\"https:\\\/\\\/regiaonews.net.br\\\/2022\\\/2024\\\/08\\\/02\\\/sao-paulo-quer-sediar-corrida-de-abertura-da-nascar-em-2026\\\/#primaryimage\",\"url\":\"https:\\\/\\\/regiaonews.net.br\\\/2022\\\/wp-content\\\/uploads\\\/2024\\\/08\\\/WhatsApp-Image-2024-08-02-at-18.45.54.jpeg\",\"contentUrl\":\"https:\\\/\\\/regiaonews.net.br\\\/2022\\\/wp-content\\\/uploads\\\/2024\\\/08\\\/WhatsApp-Image-2024-08-02-at-18.45.54.jpeg\",\"width\":1600,\"height\":1049},{\"@type\":\"BreadcrumbList\",\"@id\":\"https:\\\/\\\/regiaonews.net.br\\\/2022\\\/2024\\\/08\\\/02\\\/sao-paulo-quer-sediar-corrida-de-abertura-da-nascar-em-2026\\\/#breadcrumb\",\"itemListElement\":[{\"@type\":\"ListItem\",\"position\":1,\"name\":\"In\u00edcio\",\"item\":\"https:\\\/\\\/regiaonews.net.br\\\/2022\\\/\"},{\"@type\":\"ListItem\",\"position\":2,\"name\":\"S\u00e3o Paulo quer sediar corrida de abertura da Nascar em 2026\"}]},{\"@type\":\"WebSite\",\"@id\":\"https:\\\/\\\/regiaonews.net.br\\\/2022\\\/#website\",\"url\":\"https:\\\/\\\/regiaonews.net.br\\\/2022\\\/\",\"name\":\"Regi\u00e3o News\",\"description\":\"Site de Not\u00edcias de Barretos e regi\u00e3o\",\"publisher\":{\"@id\":\"https:\\\/\\\/regiaonews.net.br\\\/2022\\\/#organization\"},\"potentialAction\":[{\"@type\":\"SearchAction\",\"target\":{\"@type\":\"EntryPoint\",\"urlTemplate\":\"https:\\\/\\\/regiaonews.net.br\\\/2022\\\/?s={search_term_string}\"},\"query-input\":{\"@type\":\"PropertyValueSpecification\",\"valueRequired\":true,\"valueName\":\"search_term_string\"}}],\"inLanguage\":\"pt-BR\"},{\"@type\":\"Organization\",\"@id\":\"https:\\\/\\\/regiaonews.net.br\\\/2022\\\/#organization\",\"name\":\"Regi\u00e3o News\",\"url\":\"https:\\\/\\\/regiaonews.net.br\\\/2022\\\/\",\"logo\":{\"@type\":\"ImageObject\",\"inLanguage\":\"pt-BR\",\"@id\":\"https:\\\/\\\/regiaonews.net.br\\\/2022\\\/#\\\/schema\\\/logo\\\/image\\\/\",\"url\":\"https:\\\/\\\/regiaonews.net.br\\\/2022\\\/wp-content\\\/uploads\\\/2026\\\/03\\\/regiao-13-anos-scaled.jpg\",\"contentUrl\":\"https:\\\/\\\/regiaonews.net.br\\\/2022\\\/wp-content\\\/uploads\\\/2026\\\/03\\\/regiao-13-anos-scaled.jpg\",\"width\":2560,\"height\":635,\"caption\":\"Regi\u00e3o News\"},\"image\":{\"@id\":\"https:\\\/\\\/regiaonews.net.br\\\/2022\\\/#\\\/schema\\\/logo\\\/image\\\/\"}},{\"@type\":\"Person\",\"@id\":\"https:\\\/\\\/regiaonews.net.br\\\/2022\\\/#\\\/schema\\\/person\\\/2d205a608a5aa97ac279d7a5e6d89ad8\",\"name\":\"Roberto\",\"image\":{\"@type\":\"ImageObject\",\"inLanguage\":\"pt-BR\",\"@id\":\"https:\\\/\\\/secure.gravatar.com\\\/avatar\\\/42749d8b712ff9d59ca93dc150494e5b55a44134482993f5baeb97e61b7ecc89?s=96&d=mm&r=g\",\"url\":\"https:\\\/\\\/secure.gravatar.com\\\/avatar\\\/42749d8b712ff9d59ca93dc150494e5b55a44134482993f5baeb97e61b7ecc89?s=96&d=mm&r=g\",\"contentUrl\":\"https:\\\/\\\/secure.gravatar.com\\\/avatar\\\/42749d8b712ff9d59ca93dc150494e5b55a44134482993f5baeb97e61b7ecc89?s=96&d=mm&r=g\",\"caption\":\"Roberto\"},\"url\":\"https:\\\/\\\/regiaonews.net.br\\\/2022\\\/author\\\/roberto\\\/\"}]}<\/script>\n<!-- \/ Yoast SEO plugin. -->","yoast_head_json":{"title":"S\u00e3o Paulo quer sediar corrida de abertura da Nascar em 2026 - Regi\u00e3o News","robots":{"index":"index","follow":"follow","max-snippet":"max-snippet:-1","max-image-preview":"max-image-preview:large","max-video-preview":"max-video-preview:-1"},"canonical":"https:\/\/regiaonews.net.br\/2022\/2024\/08\/02\/sao-paulo-quer-sediar-corrida-de-abertura-da-nascar-em-2026\/","og_locale":"pt_BR","og_type":"article","og_title":"S\u00e3o Paulo quer sediar corrida de abertura da Nascar em 2026 - Regi\u00e3o News","og_description":"O Governo de SP deu nesta quinta-feira (1) o primeiro","og_url":"https:\/\/regiaonews.net.br\/2022\/2024\/08\/02\/sao-paulo-quer-sediar-corrida-de-abertura-da-nascar-em-2026\/","og_site_name":"Regi\u00e3o News","article_published_time":"2024-08-02T21:42:39+00:00","article_modified_time":"2024-08-02T21:47:51+00:00","og_image":[{"width":1600,"height":1049,"url":"https:\/\/regiaonews.net.br\/2022\/wp-content\/uploads\/2024\/08\/WhatsApp-Image-2024-08-02-at-18.45.54.jpeg","type":"image\/jpeg"}],"author":"Roberto","twitter_card":"summary_large_image","twitter_misc":{"Escrito por":"Roberto","Est. tempo de leitura":"2 minutos"},"schema":{"@context":"https:\/\/schema.org","@graph":[{"@type":"Article","@id":"https:\/\/regiaonews.net.br\/2022\/2024\/08\/02\/sao-paulo-quer-sediar-corrida-de-abertura-da-nascar-em-2026\/#article","isPartOf":{"@id":"https:\/\/regiaonews.net.br\/2022\/2024\/08\/02\/sao-paulo-quer-sediar-corrida-de-abertura-da-nascar-em-2026\/"},"author":{"name":"Roberto","@id":"https:\/\/regiaonews.net.br\/2022\/#\/schema\/person\/2d205a608a5aa97ac279d7a5e6d89ad8"},"headline":"S\u00e3o Paulo quer sediar corrida de abertura da Nascar em 2026","datePublished":"2024-08-02T21:42:39+00:00","dateModified":"2024-08-02T21:47:51+00:00","mainEntityOfPage":{"@id":"https:\/\/regiaonews.net.br\/2022\/2024\/08\/02\/sao-paulo-quer-sediar-corrida-de-abertura-da-nascar-em-2026\/"},"wordCount":275,"commentCount":0,"publisher":{"@id":"https:\/\/regiaonews.net.br\/2022\/#organization"},"image":{"@id":"https:\/\/regiaonews.net.br\/2022\/2024\/08\/02\/sao-paulo-quer-sediar-corrida-de-abertura-da-nascar-em-2026\/#primaryimage"},"thumbnailUrl":"https:\/\/regiaonews.net.br\/2022\/wp-content\/uploads\/2024\/08\/WhatsApp-Image-2024-08-02-at-18.45.54.jpeg","articleSection":["Esporte","Estado de S\u00e3o Paulo"],"inLanguage":"pt-BR","potentialAction":[{"@type":"CommentAction","name":"Comment","target":["https:\/\/regiaonews.net.br\/2022\/2024\/08\/02\/sao-paulo-quer-sediar-corrida-de-abertura-da-nascar-em-2026\/#respond"]}]},{"@type":"WebPage","@id":"https:\/\/regiaonews.net.br\/2022\/2024\/08\/02\/sao-paulo-quer-sediar-corrida-de-abertura-da-nascar-em-2026\/","url":"https:\/\/regiaonews.net.br\/2022\/2024\/08\/02\/sao-paulo-quer-sediar-corrida-de-abertura-da-nascar-em-2026\/","name":"S\u00e3o Paulo quer sediar corrida de abertura da Nascar em 2026 - Regi\u00e3o News","isPartOf":{"@id":"https:\/\/regiaonews.net.br\/2022\/#website"},"primaryImageOfPage":{"@id":"https:\/\/regiaonews.net.br\/2022\/2024\/08\/02\/sao-paulo-quer-sediar-corrida-de-abertura-da-nascar-em-2026\/#primaryimage"},"image":{"@id":"https:\/\/regiaonews.net.br\/2022\/2024\/08\/02\/sao-paulo-quer-sediar-corrida-de-abertura-da-nascar-em-2026\/#primaryimage"},"thumbnailUrl":"https:\/\/regiaonews.net.br\/2022\/wp-content\/uploads\/2024\/08\/WhatsApp-Image-2024-08-02-at-18.45.54.jpeg","datePublished":"2024-08-02T21:42:39+00:00","dateModified":"2024-08-02T21:47:51+00:00","breadcrumb":{"@id":"https:\/\/regiaonews.net.br\/2022\/2024\/08\/02\/sao-paulo-quer-sediar-corrida-de-abertura-da-nascar-em-2026\/#breadcrumb"},"inLanguage":"pt-BR","potentialAction":[{"@type":"ReadAction","target":["https:\/\/regiaonews.net.br\/2022\/2024\/08\/02\/sao-paulo-quer-sediar-corrida-de-abertura-da-nascar-em-2026\/"]}]},{"@type":"ImageObject","inLanguage":"pt-BR","@id":"https:\/\/regiaonews.net.br\/2022\/2024\/08\/02\/sao-paulo-quer-sediar-corrida-de-abertura-da-nascar-em-2026\/#primaryimage","url":"https:\/\/regiaonews.net.br\/2022\/wp-content\/uploads\/2024\/08\/WhatsApp-Image-2024-08-02-at-18.45.54.jpeg","contentUrl":"https:\/\/regiaonews.net.br\/2022\/wp-content\/uploads\/2024\/08\/WhatsApp-Image-2024-08-02-at-18.45.54.jpeg","width":1600,"height":1049},{"@type":"BreadcrumbList","@id":"https:\/\/regiaonews.net.br\/2022\/2024\/08\/02\/sao-paulo-quer-sediar-corrida-de-abertura-da-nascar-em-2026\/#breadcrumb","itemListElement":[{"@type":"ListItem","position":1,"name":"In\u00edcio","item":"https:\/\/regiaonews.net.br\/2022\/"},{"@type":"ListItem","position":2,"name":"S\u00e3o Paulo quer sediar corrida de abertura da Nascar em 2026"}]},{"@type":"WebSite","@id":"https:\/\/regiaonews.net.br\/2022\/#website","url":"https:\/\/regiaonews.net.br\/2022\/","name":"Regi\u00e3o News","description":"Site de Not\u00edcias de Barretos e regi\u00e3o","publisher":{"@id":"https:\/\/regiaonews.net.br\/2022\/#organization"},"potentialAction":[{"@type":"SearchAction","target":{"@type":"EntryPoint","urlTemplate":"https:\/\/regiaonews.net.br\/2022\/?s={search_term_string}"},"query-input":{"@type":"PropertyValueSpecification","valueRequired":true,"valueName":"search_term_string"}}],"inLanguage":"pt-BR"},{"@type":"Organization","@id":"https:\/\/regiaonews.net.br\/2022\/#organization","name":"Regi\u00e3o News","url":"https:\/\/regiaonews.net.br\/2022\/","logo":{"@type":"ImageObject","inLanguage":"pt-BR","@id":"https:\/\/regiaonews.net.br\/2022\/#\/schema\/logo\/image\/","url":"https:\/\/regiaonews.net.br\/2022\/wp-content\/uploads\/2026\/03\/regiao-13-anos-scaled.jpg","contentUrl":"https:\/\/regiaonews.net.br\/2022\/wp-content\/uploads\/2026\/03\/regiao-13-anos-scaled.jpg","width":2560,"height":635,"caption":"Regi\u00e3o News"},"image":{"@id":"https:\/\/regiaonews.net.br\/2022\/#\/schema\/logo\/image\/"}},{"@type":"Person","@id":"https:\/\/regiaonews.net.br\/2022\/#\/schema\/person\/2d205a608a5aa97ac279d7a5e6d89ad8","name":"Roberto","image":{"@type":"ImageObject","inLanguage":"pt-BR","@id":"https:\/\/secure.gravatar.com\/avatar\/42749d8b712ff9d59ca93dc150494e5b55a44134482993f5baeb97e61b7ecc89?s=96&d=mm&r=g","url":"https:\/\/secure.gravatar.com\/avatar\/42749d8b712ff9d59ca93dc150494e5b55a44134482993f5baeb97e61b7ecc89?s=96&d=mm&r=g","contentUrl":"https:\/\/secure.gravatar.com\/avatar\/42749d8b712ff9d59ca93dc150494e5b55a44134482993f5baeb97e61b7ecc89?s=96&d=mm&r=g","caption":"Roberto"},"url":"https:\/\/regiaonews.net.br\/2022\/author\/roberto\/"}]}},"publishpress_future_action":{"enabled":false,"date":"2026-05-03 02:53:27","action":"change-status","newStatus":"draft","terms":[],"taxonomy":"category","extraData":[]},"publishpress_future_workflow_manual_trigger":{"enabledWorkflows":[]},"_links":{"self":[{"href":"https:\/\/regiaonews.net.br\/2022\/wp-json\/wp\/v2\/posts\/108327","targetHints":{"allow":["GET"]}}],"collection":[{"href":"https:\/\/regiaonews.net.br\/2022\/wp-json\/wp\/v2\/posts"}],"about":[{"href":"https:\/\/regiaonews.net.br\/2022\/wp-json\/wp\/v2\/types\/post"}],"author":[{"embeddable":true,"href":"https:\/\/regiaonews.net.br\/2022\/wp-json\/wp\/v2\/users\/2"}],"replies":[{"embeddable":true,"href":"https:\/\/regiaonews.net.br\/2022\/wp-json\/wp\/v2\/comments?post=108327"}],"version-history":[{"count":1,"href":"https:\/\/regiaonews.net.br\/2022\/wp-json\/wp\/v2\/posts\/108327\/revisions"}],"predecessor-version":[{"id":108328,"href":"https:\/\/regiaonews.net.br\/2022\/wp-json\/wp\/v2\/posts\/108327\/revisions\/108328"}],"wp:featuredmedia":[{"embeddable":true,"href":"https:\/\/regiaonews.net.br\/2022\/wp-json\/wp\/v2\/media\/108329"}],"wp:attachment":[{"href":"https:\/\/regiaonews.net.br\/2022\/wp-json\/wp\/v2\/media?parent=108327"}],"wp:term":[{"taxonomy":"category","embeddable":true,"href":"https:\/\/regiaonews.net.br\/2022\/wp-json\/wp\/v2\/categories?post=108327"},{"taxonomy":"post_tag","embeddable":true,"href":"https:\/\/regiaonews.net.br\/2022\/wp-json\/wp\/v2\/tags?post=108327"}],"curies":[{"name":"wp","href":"https:\/\/api.w.org\/{rel}","templated":true}]}}