{"id":108324,"date":"2024-08-02T18:41:16","date_gmt":"2024-08-02T21:41:16","guid":{"rendered":"https:\/\/regiaonews.net.br\/2022\/?p=108324"},"modified":"2024-08-02T18:41:16","modified_gmt":"2024-08-02T21:41:16","slug":"beatriz-souza-conquista-primeiro-ouro-do-brasil-em-paris-2024","status":"publish","type":"post","link":"https:\/\/regiaonews.net.br\/2022\/2024\/08\/02\/beatriz-souza-conquista-primeiro-ouro-do-brasil-em-paris-2024\/","title":{"rendered":"Beatriz Souza conquista primeiro ouro do Brasil em Paris 2024"},"content":{"rendered":"<p>Paulista de 26 anos \u00e9 a primeira judoca do pa\u00eds a ser campe\u00e3 ol\u00edmpica no peso pesado<\/p>\n<p>Beatriz Souza juntou-se a Aur\u00e9lio Miguel, Rog\u00e9rio Sampaio, Sarah Menezes e Rafaela Silva no rol de gigantes campe\u00f5es ol\u00edmpicos do jud\u00f4 brasileiro. Com uma campanha memor\u00e1vel nesta sexta-feira, no Palais \u00c9phem\u00e8re da Arena Champs-de-Mars, a brasileira de 26 anos conquistou a medalha de ouro nos Jogos Ol\u00edmpicos Paris 2024 na categoria pesado (acima de 78kg).<\/p>\n<p>&#8220;O diferencial \u00e9 manter a calma, porque ajudou, n\u00e9? Todo mundo treina. A cabe\u00e7a \u00e9 o principal, e ela conseguiu ter o controle emocional. Ela conseguiu lutar direitinho, n\u00e3o desistiu da estrat\u00e9gia, foi at\u00e9 o fim. Ent\u00e3o isso firmou, garantiu a medalha dela&#8221;, disse Sarah Menezes.<\/p>\n<p>Bia, j\u00e1 detentora de uma carreira repleta de conquistas, venceu quatro lutas para chegar ao t\u00e3o sonhado ouro.<\/p>\n<p>Bia estreou contra Izayana Marenco, da Nicar\u00e1gua, e n\u00e3o teve dificuldade para avan\u00e7ar com um ippon. Na luta seguinte, v\u00e1lida pela quartas de final, encarou a sul-coreana Hayun Kim, medalhista de bronze no Campeonato Mundial deste ano.<\/p>\n<p>Em um combate dur\u00edssimo, a brasileira conseguiu reverter uma entrada da asi\u00e1tica e aplicou um waza-ari para seguir na chave.<\/p>\n<p>A semifinal prometia ser uma guerra. E foi. Contra a francesa Romaine Dicko, esperan\u00e7a de ouro local e n\u00famero 1 do ranking mundial, Bia tinha retrospecto desfavor\u00e1vel.<\/p>\n<p>Mas nem mesmo o apoio da torcida local a abalou. A paulista, dona de tr\u00eas medalhas em Mundiais s\u00eanior (uma prata e dois bronzes) fez uma luta s\u00f3lida, dominou o combate e bateu a rival com uma imobiliza\u00e7\u00e3o que fez a europeia desistir.<\/p>\n<p>&#8220;Eu consigo concentrar totalmente ali na luta, no meu momento. Eu estou focada em mim, no que eu quero fazer, no que eu sei fazer e, independente de quem est\u00e1 ali na minha frente, eu sei que eu estou preparada, sei que estava muito bem preparada pra isso. Focar s\u00f3 mesmo no t\u00e9cnico, ver o que a Sarinha estava falando, conseguir colocar ali em pr\u00e1tica, fazer o ajuste que estava sendo necess\u00e1rio, mas eu realmente consigo, eu consigo bloquear toda a torcida&#8221;, disse Bia.<\/p>\n<p>No domingo, o Brasil j\u00e1 havia obtido uma prata, com Willian Lima (at\u00e9 66kg), e um bronze, com Larissa Pimenta (at\u00e9 52kg).<\/p>\n<p>Na final, contra a israelense Raz Hershko, uma luta dominante definida com um waza-ari. Um ouro hist\u00f3rico. Um lugar para sempre no Ol\u00edmpico.<\/p>\n<p>cr\u00e9dito :\u00a0 Comit\u00ea Ol\u00edmpico Brasileiro<\/p>\n","protected":false},"excerpt":{"rendered":"<p>Paulista de 26 anos \u00e9 a primeira judoca do pa\u00eds<\/p>\n","protected":false},"author":2,"featured_media":108325,"comment_status":"open","ping_status":"open","sticky":false,"template":"","format":"standard","meta":{"footnotes":""},"categories":[24,21],"tags":[],"class_list":["post-108324","post","type-post","status-publish","format-standard","has-post-thumbnail","hentry","category-brasil","category-esporte"],"yoast_head":"<!-- This site is optimized with the Yoast SEO plugin v27.4 - https:\/\/yoast.com\/product\/yoast-seo-wordpress\/ -->\n<title>Beatriz Souza conquista primeiro ouro do Brasil em Paris 2024 - Regi\u00e3o News<\/title>\n<meta name=\"robots\" content=\"index, follow, max-snippet:-1, max-image-preview:large, max-video-preview:-1\" \/>\n<link rel=\"canonical\" href=\"https:\/\/regiaonews.net.br\/2022\/2024\/08\/02\/beatriz-souza-conquista-primeiro-ouro-do-brasil-em-paris-2024\/\" \/>\n<meta property=\"og:locale\" content=\"pt_BR\" \/>\n<meta property=\"og:type\" content=\"article\" \/>\n<meta property=\"og:title\" content=\"Beatriz Souza conquista primeiro ouro do Brasil em Paris 2024 - Regi\u00e3o News\" \/>\n<meta property=\"og:description\" content=\"Paulista de 26 anos \u00e9 a primeira judoca do pa\u00eds\" \/>\n<meta property=\"og:url\" content=\"https:\/\/regiaonews.net.br\/2022\/2024\/08\/02\/beatriz-souza-conquista-primeiro-ouro-do-brasil-em-paris-2024\/\" \/>\n<meta property=\"og:site_name\" content=\"Regi\u00e3o News\" \/>\n<meta property=\"article:published_time\" content=\"2024-08-02T21:41:16+00:00\" \/>\n<meta property=\"og:image\" content=\"https:\/\/regiaonews.net.br\/2022\/wp-content\/uploads\/2024\/08\/WhatsApp-Image-2024-08-02-at-18.39.54.jpeg\" \/>\n\t<meta property=\"og:image:width\" content=\"1215\" \/>\n\t<meta property=\"og:image:height\" content=\"1080\" \/>\n\t<meta property=\"og:image:type\" content=\"image\/jpeg\" \/>\n<meta name=\"author\" content=\"Roberto\" \/>\n<meta name=\"twitter:card\" content=\"summary_large_image\" \/>\n<meta name=\"twitter:label1\" content=\"Escrito por\" \/>\n\t<meta name=\"twitter:data1\" content=\"Roberto\" \/>\n\t<meta name=\"twitter:label2\" content=\"Est. tempo de leitura\" \/>\n\t<meta name=\"twitter:data2\" content=\"3 minutos\" \/>\n<script type=\"application\/ld+json\" class=\"yoast-schema-graph\">{\"@context\":\"https:\\\/\\\/schema.org\",\"@graph\":[{\"@type\":\"Article\",\"@id\":\"https:\\\/\\\/regiaonews.net.br\\\/2022\\\/2024\\\/08\\\/02\\\/beatriz-souza-conquista-primeiro-ouro-do-brasil-em-paris-2024\\\/#article\",\"isPartOf\":{\"@id\":\"https:\\\/\\\/regiaonews.net.br\\\/2022\\\/2024\\\/08\\\/02\\\/beatriz-souza-conquista-primeiro-ouro-do-brasil-em-paris-2024\\\/\"},\"author\":{\"name\":\"Roberto\",\"@id\":\"https:\\\/\\\/regiaonews.net.br\\\/2022\\\/#\\\/schema\\\/person\\\/2d205a608a5aa97ac279d7a5e6d89ad8\"},\"headline\":\"Beatriz Souza conquista primeiro ouro do Brasil em Paris 2024\",\"datePublished\":\"2024-08-02T21:41:16+00:00\",\"mainEntityOfPage\":{\"@id\":\"https:\\\/\\\/regiaonews.net.br\\\/2022\\\/2024\\\/08\\\/02\\\/beatriz-souza-conquista-primeiro-ouro-do-brasil-em-paris-2024\\\/\"},\"wordCount\":432,\"commentCount\":0,\"publisher\":{\"@id\":\"https:\\\/\\\/regiaonews.net.br\\\/2022\\\/#organization\"},\"image\":{\"@id\":\"https:\\\/\\\/regiaonews.net.br\\\/2022\\\/2024\\\/08\\\/02\\\/beatriz-souza-conquista-primeiro-ouro-do-brasil-em-paris-2024\\\/#primaryimage\"},\"thumbnailUrl\":\"https:\\\/\\\/regiaonews.net.br\\\/2022\\\/wp-content\\\/uploads\\\/2024\\\/08\\\/WhatsApp-Image-2024-08-02-at-18.39.54.jpeg\",\"articleSection\":[\"Brasil\",\"Esporte\"],\"inLanguage\":\"pt-BR\",\"potentialAction\":[{\"@type\":\"CommentAction\",\"name\":\"Comment\",\"target\":[\"https:\\\/\\\/regiaonews.net.br\\\/2022\\\/2024\\\/08\\\/02\\\/beatriz-souza-conquista-primeiro-ouro-do-brasil-em-paris-2024\\\/#respond\"]}]},{\"@type\":\"WebPage\",\"@id\":\"https:\\\/\\\/regiaonews.net.br\\\/2022\\\/2024\\\/08\\\/02\\\/beatriz-souza-conquista-primeiro-ouro-do-brasil-em-paris-2024\\\/\",\"url\":\"https:\\\/\\\/regiaonews.net.br\\\/2022\\\/2024\\\/08\\\/02\\\/beatriz-souza-conquista-primeiro-ouro-do-brasil-em-paris-2024\\\/\",\"name\":\"Beatriz Souza conquista primeiro ouro do Brasil em Paris 2024 - Regi\u00e3o News\",\"isPartOf\":{\"@id\":\"https:\\\/\\\/regiaonews.net.br\\\/2022\\\/#website\"},\"primaryImageOfPage\":{\"@id\":\"https:\\\/\\\/regiaonews.net.br\\\/2022\\\/2024\\\/08\\\/02\\\/beatriz-souza-conquista-primeiro-ouro-do-brasil-em-paris-2024\\\/#primaryimage\"},\"image\":{\"@id\":\"https:\\\/\\\/regiaonews.net.br\\\/2022\\\/2024\\\/08\\\/02\\\/beatriz-souza-conquista-primeiro-ouro-do-brasil-em-paris-2024\\\/#primaryimage\"},\"thumbnailUrl\":\"https:\\\/\\\/regiaonews.net.br\\\/2022\\\/wp-content\\\/uploads\\\/2024\\\/08\\\/WhatsApp-Image-2024-08-02-at-18.39.54.jpeg\",\"datePublished\":\"2024-08-02T21:41:16+00:00\",\"breadcrumb\":{\"@id\":\"https:\\\/\\\/regiaonews.net.br\\\/2022\\\/2024\\\/08\\\/02\\\/beatriz-souza-conquista-primeiro-ouro-do-brasil-em-paris-2024\\\/#breadcrumb\"},\"inLanguage\":\"pt-BR\",\"potentialAction\":[{\"@type\":\"ReadAction\",\"target\":[\"https:\\\/\\\/regiaonews.net.br\\\/2022\\\/2024\\\/08\\\/02\\\/beatriz-souza-conquista-primeiro-ouro-do-brasil-em-paris-2024\\\/\"]}]},{\"@type\":\"ImageObject\",\"inLanguage\":\"pt-BR\",\"@id\":\"https:\\\/\\\/regiaonews.net.br\\\/2022\\\/2024\\\/08\\\/02\\\/beatriz-souza-conquista-primeiro-ouro-do-brasil-em-paris-2024\\\/#primaryimage\",\"url\":\"https:\\\/\\\/regiaonews.net.br\\\/2022\\\/wp-content\\\/uploads\\\/2024\\\/08\\\/WhatsApp-Image-2024-08-02-at-18.39.54.jpeg\",\"contentUrl\":\"https:\\\/\\\/regiaonews.net.br\\\/2022\\\/wp-content\\\/uploads\\\/2024\\\/08\\\/WhatsApp-Image-2024-08-02-at-18.39.54.jpeg\",\"width\":1215,\"height\":1080},{\"@type\":\"BreadcrumbList\",\"@id\":\"https:\\\/\\\/regiaonews.net.br\\\/2022\\\/2024\\\/08\\\/02\\\/beatriz-souza-conquista-primeiro-ouro-do-brasil-em-paris-2024\\\/#breadcrumb\",\"itemListElement\":[{\"@type\":\"ListItem\",\"position\":1,\"name\":\"In\u00edcio\",\"item\":\"https:\\\/\\\/regiaonews.net.br\\\/2022\\\/\"},{\"@type\":\"ListItem\",\"position\":2,\"name\":\"Beatriz Souza conquista primeiro ouro do Brasil em Paris 2024\"}]},{\"@type\":\"WebSite\",\"@id\":\"https:\\\/\\\/regiaonews.net.br\\\/2022\\\/#website\",\"url\":\"https:\\\/\\\/regiaonews.net.br\\\/2022\\\/\",\"name\":\"Regi\u00e3o News\",\"description\":\"Site de Not\u00edcias de Barretos e regi\u00e3o\",\"publisher\":{\"@id\":\"https:\\\/\\\/regiaonews.net.br\\\/2022\\\/#organization\"},\"potentialAction\":[{\"@type\":\"SearchAction\",\"target\":{\"@type\":\"EntryPoint\",\"urlTemplate\":\"https:\\\/\\\/regiaonews.net.br\\\/2022\\\/?s={search_term_string}\"},\"query-input\":{\"@type\":\"PropertyValueSpecification\",\"valueRequired\":true,\"valueName\":\"search_term_string\"}}],\"inLanguage\":\"pt-BR\"},{\"@type\":\"Organization\",\"@id\":\"https:\\\/\\\/regiaonews.net.br\\\/2022\\\/#organization\",\"name\":\"Regi\u00e3o News\",\"url\":\"https:\\\/\\\/regiaonews.net.br\\\/2022\\\/\",\"logo\":{\"@type\":\"ImageObject\",\"inLanguage\":\"pt-BR\",\"@id\":\"https:\\\/\\\/regiaonews.net.br\\\/2022\\\/#\\\/schema\\\/logo\\\/image\\\/\",\"url\":\"https:\\\/\\\/regiaonews.net.br\\\/2022\\\/wp-content\\\/uploads\\\/2026\\\/03\\\/regiao-13-anos-scaled.jpg\",\"contentUrl\":\"https:\\\/\\\/regiaonews.net.br\\\/2022\\\/wp-content\\\/uploads\\\/2026\\\/03\\\/regiao-13-anos-scaled.jpg\",\"width\":2560,\"height\":635,\"caption\":\"Regi\u00e3o News\"},\"image\":{\"@id\":\"https:\\\/\\\/regiaonews.net.br\\\/2022\\\/#\\\/schema\\\/logo\\\/image\\\/\"}},{\"@type\":\"Person\",\"@id\":\"https:\\\/\\\/regiaonews.net.br\\\/2022\\\/#\\\/schema\\\/person\\\/2d205a608a5aa97ac279d7a5e6d89ad8\",\"name\":\"Roberto\",\"image\":{\"@type\":\"ImageObject\",\"inLanguage\":\"pt-BR\",\"@id\":\"https:\\\/\\\/secure.gravatar.com\\\/avatar\\\/42749d8b712ff9d59ca93dc150494e5b55a44134482993f5baeb97e61b7ecc89?s=96&d=mm&r=g\",\"url\":\"https:\\\/\\\/secure.gravatar.com\\\/avatar\\\/42749d8b712ff9d59ca93dc150494e5b55a44134482993f5baeb97e61b7ecc89?s=96&d=mm&r=g\",\"contentUrl\":\"https:\\\/\\\/secure.gravatar.com\\\/avatar\\\/42749d8b712ff9d59ca93dc150494e5b55a44134482993f5baeb97e61b7ecc89?s=96&d=mm&r=g\",\"caption\":\"Roberto\"},\"url\":\"https:\\\/\\\/regiaonews.net.br\\\/2022\\\/author\\\/roberto\\\/\"}]}<\/script>\n<!-- \/ Yoast SEO plugin. -->","yoast_head_json":{"title":"Beatriz Souza conquista primeiro ouro do Brasil em Paris 2024 - Regi\u00e3o News","robots":{"index":"index","follow":"follow","max-snippet":"max-snippet:-1","max-image-preview":"max-image-preview:large","max-video-preview":"max-video-preview:-1"},"canonical":"https:\/\/regiaonews.net.br\/2022\/2024\/08\/02\/beatriz-souza-conquista-primeiro-ouro-do-brasil-em-paris-2024\/","og_locale":"pt_BR","og_type":"article","og_title":"Beatriz Souza conquista primeiro ouro do Brasil em Paris 2024 - Regi\u00e3o News","og_description":"Paulista de 26 anos \u00e9 a primeira judoca do pa\u00eds","og_url":"https:\/\/regiaonews.net.br\/2022\/2024\/08\/02\/beatriz-souza-conquista-primeiro-ouro-do-brasil-em-paris-2024\/","og_site_name":"Regi\u00e3o News","article_published_time":"2024-08-02T21:41:16+00:00","og_image":[{"width":1215,"height":1080,"url":"https:\/\/regiaonews.net.br\/2022\/wp-content\/uploads\/2024\/08\/WhatsApp-Image-2024-08-02-at-18.39.54.jpeg","type":"image\/jpeg"}],"author":"Roberto","twitter_card":"summary_large_image","twitter_misc":{"Escrito por":"Roberto","Est. tempo de leitura":"3 minutos"},"schema":{"@context":"https:\/\/schema.org","@graph":[{"@type":"Article","@id":"https:\/\/regiaonews.net.br\/2022\/2024\/08\/02\/beatriz-souza-conquista-primeiro-ouro-do-brasil-em-paris-2024\/#article","isPartOf":{"@id":"https:\/\/regiaonews.net.br\/2022\/2024\/08\/02\/beatriz-souza-conquista-primeiro-ouro-do-brasil-em-paris-2024\/"},"author":{"name":"Roberto","@id":"https:\/\/regiaonews.net.br\/2022\/#\/schema\/person\/2d205a608a5aa97ac279d7a5e6d89ad8"},"headline":"Beatriz Souza conquista primeiro ouro do Brasil em Paris 2024","datePublished":"2024-08-02T21:41:16+00:00","mainEntityOfPage":{"@id":"https:\/\/regiaonews.net.br\/2022\/2024\/08\/02\/beatriz-souza-conquista-primeiro-ouro-do-brasil-em-paris-2024\/"},"wordCount":432,"commentCount":0,"publisher":{"@id":"https:\/\/regiaonews.net.br\/2022\/#organization"},"image":{"@id":"https:\/\/regiaonews.net.br\/2022\/2024\/08\/02\/beatriz-souza-conquista-primeiro-ouro-do-brasil-em-paris-2024\/#primaryimage"},"thumbnailUrl":"https:\/\/regiaonews.net.br\/2022\/wp-content\/uploads\/2024\/08\/WhatsApp-Image-2024-08-02-at-18.39.54.jpeg","articleSection":["Brasil","Esporte"],"inLanguage":"pt-BR","potentialAction":[{"@type":"CommentAction","name":"Comment","target":["https:\/\/regiaonews.net.br\/2022\/2024\/08\/02\/beatriz-souza-conquista-primeiro-ouro-do-brasil-em-paris-2024\/#respond"]}]},{"@type":"WebPage","@id":"https:\/\/regiaonews.net.br\/2022\/2024\/08\/02\/beatriz-souza-conquista-primeiro-ouro-do-brasil-em-paris-2024\/","url":"https:\/\/regiaonews.net.br\/2022\/2024\/08\/02\/beatriz-souza-conquista-primeiro-ouro-do-brasil-em-paris-2024\/","name":"Beatriz Souza conquista primeiro ouro do Brasil em Paris 2024 - Regi\u00e3o News","isPartOf":{"@id":"https:\/\/regiaonews.net.br\/2022\/#website"},"primaryImageOfPage":{"@id":"https:\/\/regiaonews.net.br\/2022\/2024\/08\/02\/beatriz-souza-conquista-primeiro-ouro-do-brasil-em-paris-2024\/#primaryimage"},"image":{"@id":"https:\/\/regiaonews.net.br\/2022\/2024\/08\/02\/beatriz-souza-conquista-primeiro-ouro-do-brasil-em-paris-2024\/#primaryimage"},"thumbnailUrl":"https:\/\/regiaonews.net.br\/2022\/wp-content\/uploads\/2024\/08\/WhatsApp-Image-2024-08-02-at-18.39.54.jpeg","datePublished":"2024-08-02T21:41:16+00:00","breadcrumb":{"@id":"https:\/\/regiaonews.net.br\/2022\/2024\/08\/02\/beatriz-souza-conquista-primeiro-ouro-do-brasil-em-paris-2024\/#breadcrumb"},"inLanguage":"pt-BR","potentialAction":[{"@type":"ReadAction","target":["https:\/\/regiaonews.net.br\/2022\/2024\/08\/02\/beatriz-souza-conquista-primeiro-ouro-do-brasil-em-paris-2024\/"]}]},{"@type":"ImageObject","inLanguage":"pt-BR","@id":"https:\/\/regiaonews.net.br\/2022\/2024\/08\/02\/beatriz-souza-conquista-primeiro-ouro-do-brasil-em-paris-2024\/#primaryimage","url":"https:\/\/regiaonews.net.br\/2022\/wp-content\/uploads\/2024\/08\/WhatsApp-Image-2024-08-02-at-18.39.54.jpeg","contentUrl":"https:\/\/regiaonews.net.br\/2022\/wp-content\/uploads\/2024\/08\/WhatsApp-Image-2024-08-02-at-18.39.54.jpeg","width":1215,"height":1080},{"@type":"BreadcrumbList","@id":"https:\/\/regiaonews.net.br\/2022\/2024\/08\/02\/beatriz-souza-conquista-primeiro-ouro-do-brasil-em-paris-2024\/#breadcrumb","itemListElement":[{"@type":"ListItem","position":1,"name":"In\u00edcio","item":"https:\/\/regiaonews.net.br\/2022\/"},{"@type":"ListItem","position":2,"name":"Beatriz Souza conquista primeiro ouro do Brasil em Paris 2024"}]},{"@type":"WebSite","@id":"https:\/\/regiaonews.net.br\/2022\/#website","url":"https:\/\/regiaonews.net.br\/2022\/","name":"Regi\u00e3o News","description":"Site de Not\u00edcias de Barretos e regi\u00e3o","publisher":{"@id":"https:\/\/regiaonews.net.br\/2022\/#organization"},"potentialAction":[{"@type":"SearchAction","target":{"@type":"EntryPoint","urlTemplate":"https:\/\/regiaonews.net.br\/2022\/?s={search_term_string}"},"query-input":{"@type":"PropertyValueSpecification","valueRequired":true,"valueName":"search_term_string"}}],"inLanguage":"pt-BR"},{"@type":"Organization","@id":"https:\/\/regiaonews.net.br\/2022\/#organization","name":"Regi\u00e3o News","url":"https:\/\/regiaonews.net.br\/2022\/","logo":{"@type":"ImageObject","inLanguage":"pt-BR","@id":"https:\/\/regiaonews.net.br\/2022\/#\/schema\/logo\/image\/","url":"https:\/\/regiaonews.net.br\/2022\/wp-content\/uploads\/2026\/03\/regiao-13-anos-scaled.jpg","contentUrl":"https:\/\/regiaonews.net.br\/2022\/wp-content\/uploads\/2026\/03\/regiao-13-anos-scaled.jpg","width":2560,"height":635,"caption":"Regi\u00e3o News"},"image":{"@id":"https:\/\/regiaonews.net.br\/2022\/#\/schema\/logo\/image\/"}},{"@type":"Person","@id":"https:\/\/regiaonews.net.br\/2022\/#\/schema\/person\/2d205a608a5aa97ac279d7a5e6d89ad8","name":"Roberto","image":{"@type":"ImageObject","inLanguage":"pt-BR","@id":"https:\/\/secure.gravatar.com\/avatar\/42749d8b712ff9d59ca93dc150494e5b55a44134482993f5baeb97e61b7ecc89?s=96&d=mm&r=g","url":"https:\/\/secure.gravatar.com\/avatar\/42749d8b712ff9d59ca93dc150494e5b55a44134482993f5baeb97e61b7ecc89?s=96&d=mm&r=g","contentUrl":"https:\/\/secure.gravatar.com\/avatar\/42749d8b712ff9d59ca93dc150494e5b55a44134482993f5baeb97e61b7ecc89?s=96&d=mm&r=g","caption":"Roberto"},"url":"https:\/\/regiaonews.net.br\/2022\/author\/roberto\/"}]}},"publishpress_future_action":{"enabled":false,"date":"2026-05-03 04:36:22","action":"change-status","newStatus":"draft","terms":[],"taxonomy":"category","extraData":[]},"publishpress_future_workflow_manual_trigger":{"enabledWorkflows":[]},"_links":{"self":[{"href":"https:\/\/regiaonews.net.br\/2022\/wp-json\/wp\/v2\/posts\/108324","targetHints":{"allow":["GET"]}}],"collection":[{"href":"https:\/\/regiaonews.net.br\/2022\/wp-json\/wp\/v2\/posts"}],"about":[{"href":"https:\/\/regiaonews.net.br\/2022\/wp-json\/wp\/v2\/types\/post"}],"author":[{"embeddable":true,"href":"https:\/\/regiaonews.net.br\/2022\/wp-json\/wp\/v2\/users\/2"}],"replies":[{"embeddable":true,"href":"https:\/\/regiaonews.net.br\/2022\/wp-json\/wp\/v2\/comments?post=108324"}],"version-history":[{"count":1,"href":"https:\/\/regiaonews.net.br\/2022\/wp-json\/wp\/v2\/posts\/108324\/revisions"}],"predecessor-version":[{"id":108326,"href":"https:\/\/regiaonews.net.br\/2022\/wp-json\/wp\/v2\/posts\/108324\/revisions\/108326"}],"wp:featuredmedia":[{"embeddable":true,"href":"https:\/\/regiaonews.net.br\/2022\/wp-json\/wp\/v2\/media\/108325"}],"wp:attachment":[{"href":"https:\/\/regiaonews.net.br\/2022\/wp-json\/wp\/v2\/media?parent=108324"}],"wp:term":[{"taxonomy":"category","embeddable":true,"href":"https:\/\/regiaonews.net.br\/2022\/wp-json\/wp\/v2\/categories?post=108324"},{"taxonomy":"post_tag","embeddable":true,"href":"https:\/\/regiaonews.net.br\/2022\/wp-json\/wp\/v2\/tags?post=108324"}],"curies":[{"name":"wp","href":"https:\/\/api.w.org\/{rel}","templated":true}]}}