{"id":108313,"date":"2024-08-02T14:59:21","date_gmt":"2024-08-02T17:59:21","guid":{"rendered":"https:\/\/regiaonews.net.br\/2022\/?p=108313"},"modified":"2024-08-02T17:45:01","modified_gmt":"2024-08-02T20:45:01","slug":"quirino-dos-reis-silveira-e-benedito-godencio-de-faria-recebem-titulos-de-cidadania-barretense","status":"publish","type":"post","link":"https:\/\/regiaonews.net.br\/2022\/2024\/08\/02\/quirino-dos-reis-silveira-e-benedito-godencio-de-faria-recebem-titulos-de-cidadania-barretense\/","title":{"rendered":"Quirino dos Reis Silveira e Benedito God\u00eancio de Faria recebem T\u00edtulos de Cidadania Barretense"},"content":{"rendered":"<p>O balconista de farm\u00e1cia,\u00a0<strong>Quirino dos Reis Silveira;\u00a0<\/strong>e o \u00e1rbitro de futebol,\u00a0\u00a0<strong>Benedito God\u00eancio Faria,\u00a0<\/strong>receberam<strong>\u00a0T\u00edtulos de Cidadania Barretense\u00a0<\/strong>em\u00a0<strong>Sess\u00e3o Solene<\/strong>\u00a0realizada na noite de\u00a0<strong>quinta-feira (<\/strong><strong>1\u00ba de agosto),\u00a0<\/strong>na C\u00e2mara. Quirino Silveira recebeu o T\u00edtulo de Cidad\u00e3o Honor\u00e1rio e Benedito Faria o T\u00edtulo de Cidad\u00e3o Benem\u00e9rito.<\/p>\n<p>As homenagens foram propostas pelo vereador\u00a0<strong>Dr\u00a0Chafei<\/strong>, por meio dos\u00a0<strong>Projetos de Decreto Legislativo de\u00a0<a href=\"https:\/\/consulta.camarabarretos.sp.gov.br\/Documentos\/ListarArquivosPdf\/398924\" target=\"_blank\" rel=\"noopener\">n\u00ba<\/a><\/strong><a href=\"https:\/\/consulta.camarabarretos.sp.gov.br\/Documentos\/ListarArquivosPdf\/398924\" target=\"_blank\" rel=\"noopener\">\u00a0<strong>39\/2023<\/strong><\/a>\u00a0(Benedito God\u00eancio Faria),\u00a0e\u00a0<a href=\"https:\/\/consulta.camarabarretos.sp.gov.br\/Documentos\/ListarArquivosPdf\/408674\" target=\"_blank\" rel=\"noopener\"><strong>n\u00ba<\/strong>\u00a0<strong>8\/2024<\/strong><\/a>\u00a0(Quirino dos Reis Silveira), aprovados por todos os vereadores.<\/p>\n<p>Fizeram parte da Mesa de Autoridades: os vereadores Dr. Chafei e Angelo Tegami; o empres\u00e1rio propriet\u00e1rio da Rede Drogadada, Luiz Carlos Silva Marreta; Jos\u00e9 Roberto Vanini (representando o Secret\u00e1rio Municipal de Esportes, Tony Carvalho; o e membro efetivo da associa\u00e7\u00e3o Os Independentes, Julio Pimenta.<\/p>\n<p>Familiares e amigos dos homenageados acompanharam de perto as homenagens. Outros enviaram v\u00eddeos com depoimentos, que foram exibidos no tel\u00e3o.<\/p>\n<p>A solenidade teve transmiss\u00e3o ao vivo pela\u00a0<strong>TV C\u00e2mara no canal 31.3, Facebook e Youtube.<\/strong><\/p>\n<p><strong>QUIRINO DOS REIS SILVEIRA<\/strong><\/p>\n<p><strong>Quirino Dos Reis Silveira\u00a0<\/strong>tem 79 anos\u00a0<strong>e\u00a0<\/strong>nasceu na zona rural de C\u00e1ssia (MG). \u00c9 filho de Benedita Maria da Silveira e Francisco Batista da Silveira. Tem 12 irm\u00e3os.\u00a0\u00a0Casado h\u00e1 50 anos com Maria das Gra\u00e7as Rodrigues Silveira , pai de dois filhos: a professora Priscila Rodrigues Silveira Cabral e o assistente social Quirino dos Reis Silveira Junior; e av\u00f4 de seis netos: Lucas, Lara, Kauwan, Ana Caroline, Quirino Neto e Valentina.<\/p>\n<p>Mudou-se para Barretos com 04(quatro) anos de idade. Aos 7(sete) anos come\u00e7ou a\u00a0 trabalhar como servi\u00e7os gerais em uma rede de farm\u00e1cia para colaborar com a renda da fam\u00edlia.\u00a0Dos 8 aos 28 anos,\u00a0trabalhou na Farm\u00e1cia Paulista.\u00a0Em 1980, ingressou na Rede Drogadada e, embora tenha se aposentado oficialmente em 1997, continua trabalhando por l\u00e1 at\u00e9 os dias atuais, na fun\u00e7\u00e3o de balconista.<\/p>\n<p>Em resumo, tem a vida dedicada \u00e0 fam\u00edlia e aos milhares de barretenses que procuram diariamente uma farm\u00e1cia.<\/p>\n<p><strong>BENEDITO GOD\u00caNCIO FARIA<\/strong><\/p>\n<p>Benedito God\u00eancio Faria tem 81 anos e nasceu em Barretos\/SP. \u00c9 filho de Jer\u00f4nimo Gaud\u00eancio de Faria e Maria Aparecida Fonseca de Faria. Foi casado por 56 anos com Robertina Souza de Faria (em mem\u00f3ria) e juntos tiveram quatro filhos: Antonio Cesar Souza de Faria, Julio Cesar Souza de Faria, Maria Regina Souza de Faria e Glaucia Souza de Faria; dois netos: Felipe Cesar Souza de Carvalho e\u00a0 Maur\u00edcio Alexandre;\u00a0 e uma bisneta: Safira Linhares Faria.<\/p>\n<p>Dos 13 aos 27 anos de idade, Faria estudou em S\u00e3o Paulo\/SP, onde tamb\u00e9m tornou-se atleta esportivo e se qualificou como \u00e1rbitro de futebol de campo e futsal.<\/p>\n<p>Faria\u00a0 presta servi\u00e7os para a\u00a0 Liga Barretense de Futebol h\u00e1 50 anos e h\u00e1 32 anos atua como \u00e1rbitro de futebol na Ta\u00e7a EPTV de Futsal,representando com sucesso a cidade de Barretos.<\/p>\n<p>&nbsp;<\/p>\n<p><a href=\"https:\/\/regiaonews.net.br\/2022\/wp-content\/uploads\/2024\/08\/Homenagens.jpg\"><img loading=\"lazy\" decoding=\"async\" class=\"alignnone size-medium wp-image-108317\" src=\"https:\/\/regiaonews.net.br\/2022\/wp-content\/uploads\/2024\/08\/Homenagens-300x180.jpg\" alt=\"\" width=\"300\" height=\"180\" srcset=\"https:\/\/regiaonews.net.br\/2022\/wp-content\/uploads\/2024\/08\/Homenagens-300x180.jpg 300w, https:\/\/regiaonews.net.br\/2022\/wp-content\/uploads\/2024\/08\/Homenagens-768x462.jpg 768w, https:\/\/regiaonews.net.br\/2022\/wp-content\/uploads\/2024\/08\/Homenagens-250x150.jpg 250w, https:\/\/regiaonews.net.br\/2022\/wp-content\/uploads\/2024\/08\/Homenagens.jpg 960w\" sizes=\"auto, (max-width: 300px) 100vw, 300px\" \/><\/a><a href=\"https:\/\/regiaonews.net.br\/2022\/wp-content\/uploads\/2024\/08\/alta_172256254466ac37f0ecbe0.jpg\"><img loading=\"lazy\" decoding=\"async\" class=\"alignnone size-medium wp-image-108314\" src=\"https:\/\/regiaonews.net.br\/2022\/wp-content\/uploads\/2024\/08\/alta_172256254466ac37f0ecbe0-300x199.jpg\" alt=\"\" width=\"300\" height=\"199\" srcset=\"https:\/\/regiaonews.net.br\/2022\/wp-content\/uploads\/2024\/08\/alta_172256254466ac37f0ecbe0-300x199.jpg 300w, https:\/\/regiaonews.net.br\/2022\/wp-content\/uploads\/2024\/08\/alta_172256254466ac37f0ecbe0-1024x678.jpg 1024w, https:\/\/regiaonews.net.br\/2022\/wp-content\/uploads\/2024\/08\/alta_172256254466ac37f0ecbe0-768x508.jpg 768w, https:\/\/regiaonews.net.br\/2022\/wp-content\/uploads\/2024\/08\/alta_172256254466ac37f0ecbe0-250x165.jpg 250w, https:\/\/regiaonews.net.br\/2022\/wp-content\/uploads\/2024\/08\/alta_172256254466ac37f0ecbe0-900x600.jpg 900w, https:\/\/regiaonews.net.br\/2022\/wp-content\/uploads\/2024\/08\/alta_172256254466ac37f0ecbe0.jpg 1280w\" sizes=\"auto, (max-width: 300px) 100vw, 300px\" \/><\/a><\/p>\n","protected":false},"excerpt":{"rendered":"<p>O balconista de farm\u00e1cia,\u00a0Quirino dos Reis Silveira;\u00a0e o \u00e1rbitro de<\/p>\n","protected":false},"author":2,"featured_media":108316,"comment_status":"open","ping_status":"open","sticky":false,"template":"","format":"standard","meta":{"footnotes":""},"categories":[14,22],"tags":[],"class_list":["post-108313","post","type-post","status-publish","format-standard","has-post-thumbnail","hentry","category-barretos","category-politica"],"yoast_head":"<!-- This site is optimized with the Yoast SEO plugin v27.4 - https:\/\/yoast.com\/product\/yoast-seo-wordpress\/ -->\n<title>Quirino dos Reis Silveira e Benedito God\u00eancio de Faria recebem T\u00edtulos de Cidadania Barretense - Regi\u00e3o News<\/title>\n<meta name=\"robots\" content=\"index, follow, max-snippet:-1, max-image-preview:large, max-video-preview:-1\" \/>\n<link rel=\"canonical\" href=\"https:\/\/regiaonews.net.br\/2022\/2024\/08\/02\/quirino-dos-reis-silveira-e-benedito-godencio-de-faria-recebem-titulos-de-cidadania-barretense\/\" \/>\n<meta property=\"og:locale\" content=\"pt_BR\" \/>\n<meta property=\"og:type\" content=\"article\" \/>\n<meta property=\"og:title\" content=\"Quirino dos Reis Silveira e Benedito God\u00eancio de Faria recebem T\u00edtulos de Cidadania Barretense - Regi\u00e3o News\" \/>\n<meta property=\"og:description\" content=\"O balconista de farm\u00e1cia,\u00a0Quirino dos Reis Silveira;\u00a0e o \u00e1rbitro de\" \/>\n<meta property=\"og:url\" content=\"https:\/\/regiaonews.net.br\/2022\/2024\/08\/02\/quirino-dos-reis-silveira-e-benedito-godencio-de-faria-recebem-titulos-de-cidadania-barretense\/\" \/>\n<meta property=\"og:site_name\" content=\"Regi\u00e3o News\" \/>\n<meta property=\"article:published_time\" content=\"2024-08-02T17:59:21+00:00\" \/>\n<meta property=\"article:modified_time\" content=\"2024-08-02T20:45:01+00:00\" \/>\n<meta property=\"og:image\" content=\"https:\/\/regiaonews.net.br\/2022\/wp-content\/uploads\/2024\/08\/Homenagens-1.jpg\" \/>\n\t<meta property=\"og:image:width\" content=\"743\" \/>\n\t<meta property=\"og:image:height\" content=\"597\" \/>\n\t<meta property=\"og:image:type\" content=\"image\/jpeg\" \/>\n<meta name=\"author\" content=\"Roberto\" \/>\n<meta name=\"twitter:card\" content=\"summary_large_image\" \/>\n<meta name=\"twitter:label1\" content=\"Escrito por\" \/>\n\t<meta name=\"twitter:data1\" content=\"Roberto\" \/>\n\t<meta name=\"twitter:label2\" content=\"Est. tempo de leitura\" \/>\n\t<meta name=\"twitter:data2\" content=\"4 minutos\" \/>\n<script type=\"application\/ld+json\" class=\"yoast-schema-graph\">{\"@context\":\"https:\\\/\\\/schema.org\",\"@graph\":[{\"@type\":\"Article\",\"@id\":\"https:\\\/\\\/regiaonews.net.br\\\/2022\\\/2024\\\/08\\\/02\\\/quirino-dos-reis-silveira-e-benedito-godencio-de-faria-recebem-titulos-de-cidadania-barretense\\\/#article\",\"isPartOf\":{\"@id\":\"https:\\\/\\\/regiaonews.net.br\\\/2022\\\/2024\\\/08\\\/02\\\/quirino-dos-reis-silveira-e-benedito-godencio-de-faria-recebem-titulos-de-cidadania-barretense\\\/\"},\"author\":{\"name\":\"Roberto\",\"@id\":\"https:\\\/\\\/regiaonews.net.br\\\/2022\\\/#\\\/schema\\\/person\\\/2d205a608a5aa97ac279d7a5e6d89ad8\"},\"headline\":\"Quirino dos Reis Silveira e Benedito God\u00eancio de Faria recebem T\u00edtulos de Cidadania Barretense\",\"datePublished\":\"2024-08-02T17:59:21+00:00\",\"dateModified\":\"2024-08-02T20:45:01+00:00\",\"mainEntityOfPage\":{\"@id\":\"https:\\\/\\\/regiaonews.net.br\\\/2022\\\/2024\\\/08\\\/02\\\/quirino-dos-reis-silveira-e-benedito-godencio-de-faria-recebem-titulos-de-cidadania-barretense\\\/\"},\"wordCount\":501,\"commentCount\":0,\"publisher\":{\"@id\":\"https:\\\/\\\/regiaonews.net.br\\\/2022\\\/#organization\"},\"image\":{\"@id\":\"https:\\\/\\\/regiaonews.net.br\\\/2022\\\/2024\\\/08\\\/02\\\/quirino-dos-reis-silveira-e-benedito-godencio-de-faria-recebem-titulos-de-cidadania-barretense\\\/#primaryimage\"},\"thumbnailUrl\":\"https:\\\/\\\/regiaonews.net.br\\\/2022\\\/wp-content\\\/uploads\\\/2024\\\/08\\\/Homenagens-1.jpg\",\"articleSection\":[\"Barretos\",\"Pol\u00edtica\"],\"inLanguage\":\"pt-BR\",\"potentialAction\":[{\"@type\":\"CommentAction\",\"name\":\"Comment\",\"target\":[\"https:\\\/\\\/regiaonews.net.br\\\/2022\\\/2024\\\/08\\\/02\\\/quirino-dos-reis-silveira-e-benedito-godencio-de-faria-recebem-titulos-de-cidadania-barretense\\\/#respond\"]}]},{\"@type\":\"WebPage\",\"@id\":\"https:\\\/\\\/regiaonews.net.br\\\/2022\\\/2024\\\/08\\\/02\\\/quirino-dos-reis-silveira-e-benedito-godencio-de-faria-recebem-titulos-de-cidadania-barretense\\\/\",\"url\":\"https:\\\/\\\/regiaonews.net.br\\\/2022\\\/2024\\\/08\\\/02\\\/quirino-dos-reis-silveira-e-benedito-godencio-de-faria-recebem-titulos-de-cidadania-barretense\\\/\",\"name\":\"Quirino dos Reis Silveira e Benedito God\u00eancio de Faria recebem T\u00edtulos de Cidadania Barretense - Regi\u00e3o News\",\"isPartOf\":{\"@id\":\"https:\\\/\\\/regiaonews.net.br\\\/2022\\\/#website\"},\"primaryImageOfPage\":{\"@id\":\"https:\\\/\\\/regiaonews.net.br\\\/2022\\\/2024\\\/08\\\/02\\\/quirino-dos-reis-silveira-e-benedito-godencio-de-faria-recebem-titulos-de-cidadania-barretense\\\/#primaryimage\"},\"image\":{\"@id\":\"https:\\\/\\\/regiaonews.net.br\\\/2022\\\/2024\\\/08\\\/02\\\/quirino-dos-reis-silveira-e-benedito-godencio-de-faria-recebem-titulos-de-cidadania-barretense\\\/#primaryimage\"},\"thumbnailUrl\":\"https:\\\/\\\/regiaonews.net.br\\\/2022\\\/wp-content\\\/uploads\\\/2024\\\/08\\\/Homenagens-1.jpg\",\"datePublished\":\"2024-08-02T17:59:21+00:00\",\"dateModified\":\"2024-08-02T20:45:01+00:00\",\"breadcrumb\":{\"@id\":\"https:\\\/\\\/regiaonews.net.br\\\/2022\\\/2024\\\/08\\\/02\\\/quirino-dos-reis-silveira-e-benedito-godencio-de-faria-recebem-titulos-de-cidadania-barretense\\\/#breadcrumb\"},\"inLanguage\":\"pt-BR\",\"potentialAction\":[{\"@type\":\"ReadAction\",\"target\":[\"https:\\\/\\\/regiaonews.net.br\\\/2022\\\/2024\\\/08\\\/02\\\/quirino-dos-reis-silveira-e-benedito-godencio-de-faria-recebem-titulos-de-cidadania-barretense\\\/\"]}]},{\"@type\":\"ImageObject\",\"inLanguage\":\"pt-BR\",\"@id\":\"https:\\\/\\\/regiaonews.net.br\\\/2022\\\/2024\\\/08\\\/02\\\/quirino-dos-reis-silveira-e-benedito-godencio-de-faria-recebem-titulos-de-cidadania-barretense\\\/#primaryimage\",\"url\":\"https:\\\/\\\/regiaonews.net.br\\\/2022\\\/wp-content\\\/uploads\\\/2024\\\/08\\\/Homenagens-1.jpg\",\"contentUrl\":\"https:\\\/\\\/regiaonews.net.br\\\/2022\\\/wp-content\\\/uploads\\\/2024\\\/08\\\/Homenagens-1.jpg\",\"width\":743,\"height\":597},{\"@type\":\"BreadcrumbList\",\"@id\":\"https:\\\/\\\/regiaonews.net.br\\\/2022\\\/2024\\\/08\\\/02\\\/quirino-dos-reis-silveira-e-benedito-godencio-de-faria-recebem-titulos-de-cidadania-barretense\\\/#breadcrumb\",\"itemListElement\":[{\"@type\":\"ListItem\",\"position\":1,\"name\":\"In\u00edcio\",\"item\":\"https:\\\/\\\/regiaonews.net.br\\\/2022\\\/\"},{\"@type\":\"ListItem\",\"position\":2,\"name\":\"Quirino dos Reis Silveira e Benedito God\u00eancio de Faria recebem T\u00edtulos de Cidadania Barretense\"}]},{\"@type\":\"WebSite\",\"@id\":\"https:\\\/\\\/regiaonews.net.br\\\/2022\\\/#website\",\"url\":\"https:\\\/\\\/regiaonews.net.br\\\/2022\\\/\",\"name\":\"Regi\u00e3o News\",\"description\":\"Site de Not\u00edcias de Barretos e regi\u00e3o\",\"publisher\":{\"@id\":\"https:\\\/\\\/regiaonews.net.br\\\/2022\\\/#organization\"},\"potentialAction\":[{\"@type\":\"SearchAction\",\"target\":{\"@type\":\"EntryPoint\",\"urlTemplate\":\"https:\\\/\\\/regiaonews.net.br\\\/2022\\\/?s={search_term_string}\"},\"query-input\":{\"@type\":\"PropertyValueSpecification\",\"valueRequired\":true,\"valueName\":\"search_term_string\"}}],\"inLanguage\":\"pt-BR\"},{\"@type\":\"Organization\",\"@id\":\"https:\\\/\\\/regiaonews.net.br\\\/2022\\\/#organization\",\"name\":\"Regi\u00e3o News\",\"url\":\"https:\\\/\\\/regiaonews.net.br\\\/2022\\\/\",\"logo\":{\"@type\":\"ImageObject\",\"inLanguage\":\"pt-BR\",\"@id\":\"https:\\\/\\\/regiaonews.net.br\\\/2022\\\/#\\\/schema\\\/logo\\\/image\\\/\",\"url\":\"https:\\\/\\\/regiaonews.net.br\\\/2022\\\/wp-content\\\/uploads\\\/2026\\\/03\\\/regiao-13-anos-scaled.jpg\",\"contentUrl\":\"https:\\\/\\\/regiaonews.net.br\\\/2022\\\/wp-content\\\/uploads\\\/2026\\\/03\\\/regiao-13-anos-scaled.jpg\",\"width\":2560,\"height\":635,\"caption\":\"Regi\u00e3o News\"},\"image\":{\"@id\":\"https:\\\/\\\/regiaonews.net.br\\\/2022\\\/#\\\/schema\\\/logo\\\/image\\\/\"}},{\"@type\":\"Person\",\"@id\":\"https:\\\/\\\/regiaonews.net.br\\\/2022\\\/#\\\/schema\\\/person\\\/2d205a608a5aa97ac279d7a5e6d89ad8\",\"name\":\"Roberto\",\"image\":{\"@type\":\"ImageObject\",\"inLanguage\":\"pt-BR\",\"@id\":\"https:\\\/\\\/secure.gravatar.com\\\/avatar\\\/42749d8b712ff9d59ca93dc150494e5b55a44134482993f5baeb97e61b7ecc89?s=96&d=mm&r=g\",\"url\":\"https:\\\/\\\/secure.gravatar.com\\\/avatar\\\/42749d8b712ff9d59ca93dc150494e5b55a44134482993f5baeb97e61b7ecc89?s=96&d=mm&r=g\",\"contentUrl\":\"https:\\\/\\\/secure.gravatar.com\\\/avatar\\\/42749d8b712ff9d59ca93dc150494e5b55a44134482993f5baeb97e61b7ecc89?s=96&d=mm&r=g\",\"caption\":\"Roberto\"},\"url\":\"https:\\\/\\\/regiaonews.net.br\\\/2022\\\/author\\\/roberto\\\/\"}]}<\/script>\n<!-- \/ Yoast SEO plugin. -->","yoast_head_json":{"title":"Quirino dos Reis Silveira e Benedito God\u00eancio de Faria recebem T\u00edtulos de Cidadania Barretense - Regi\u00e3o News","robots":{"index":"index","follow":"follow","max-snippet":"max-snippet:-1","max-image-preview":"max-image-preview:large","max-video-preview":"max-video-preview:-1"},"canonical":"https:\/\/regiaonews.net.br\/2022\/2024\/08\/02\/quirino-dos-reis-silveira-e-benedito-godencio-de-faria-recebem-titulos-de-cidadania-barretense\/","og_locale":"pt_BR","og_type":"article","og_title":"Quirino dos Reis Silveira e Benedito God\u00eancio de Faria recebem T\u00edtulos de Cidadania Barretense - Regi\u00e3o News","og_description":"O balconista de farm\u00e1cia,\u00a0Quirino dos Reis Silveira;\u00a0e o \u00e1rbitro de","og_url":"https:\/\/regiaonews.net.br\/2022\/2024\/08\/02\/quirino-dos-reis-silveira-e-benedito-godencio-de-faria-recebem-titulos-de-cidadania-barretense\/","og_site_name":"Regi\u00e3o News","article_published_time":"2024-08-02T17:59:21+00:00","article_modified_time":"2024-08-02T20:45:01+00:00","og_image":[{"width":743,"height":597,"url":"https:\/\/regiaonews.net.br\/2022\/wp-content\/uploads\/2024\/08\/Homenagens-1.jpg","type":"image\/jpeg"}],"author":"Roberto","twitter_card":"summary_large_image","twitter_misc":{"Escrito por":"Roberto","Est. tempo de leitura":"4 minutos"},"schema":{"@context":"https:\/\/schema.org","@graph":[{"@type":"Article","@id":"https:\/\/regiaonews.net.br\/2022\/2024\/08\/02\/quirino-dos-reis-silveira-e-benedito-godencio-de-faria-recebem-titulos-de-cidadania-barretense\/#article","isPartOf":{"@id":"https:\/\/regiaonews.net.br\/2022\/2024\/08\/02\/quirino-dos-reis-silveira-e-benedito-godencio-de-faria-recebem-titulos-de-cidadania-barretense\/"},"author":{"name":"Roberto","@id":"https:\/\/regiaonews.net.br\/2022\/#\/schema\/person\/2d205a608a5aa97ac279d7a5e6d89ad8"},"headline":"Quirino dos Reis Silveira e Benedito God\u00eancio de Faria recebem T\u00edtulos de Cidadania Barretense","datePublished":"2024-08-02T17:59:21+00:00","dateModified":"2024-08-02T20:45:01+00:00","mainEntityOfPage":{"@id":"https:\/\/regiaonews.net.br\/2022\/2024\/08\/02\/quirino-dos-reis-silveira-e-benedito-godencio-de-faria-recebem-titulos-de-cidadania-barretense\/"},"wordCount":501,"commentCount":0,"publisher":{"@id":"https:\/\/regiaonews.net.br\/2022\/#organization"},"image":{"@id":"https:\/\/regiaonews.net.br\/2022\/2024\/08\/02\/quirino-dos-reis-silveira-e-benedito-godencio-de-faria-recebem-titulos-de-cidadania-barretense\/#primaryimage"},"thumbnailUrl":"https:\/\/regiaonews.net.br\/2022\/wp-content\/uploads\/2024\/08\/Homenagens-1.jpg","articleSection":["Barretos","Pol\u00edtica"],"inLanguage":"pt-BR","potentialAction":[{"@type":"CommentAction","name":"Comment","target":["https:\/\/regiaonews.net.br\/2022\/2024\/08\/02\/quirino-dos-reis-silveira-e-benedito-godencio-de-faria-recebem-titulos-de-cidadania-barretense\/#respond"]}]},{"@type":"WebPage","@id":"https:\/\/regiaonews.net.br\/2022\/2024\/08\/02\/quirino-dos-reis-silveira-e-benedito-godencio-de-faria-recebem-titulos-de-cidadania-barretense\/","url":"https:\/\/regiaonews.net.br\/2022\/2024\/08\/02\/quirino-dos-reis-silveira-e-benedito-godencio-de-faria-recebem-titulos-de-cidadania-barretense\/","name":"Quirino dos Reis Silveira e Benedito God\u00eancio de Faria recebem T\u00edtulos de Cidadania Barretense - Regi\u00e3o News","isPartOf":{"@id":"https:\/\/regiaonews.net.br\/2022\/#website"},"primaryImageOfPage":{"@id":"https:\/\/regiaonews.net.br\/2022\/2024\/08\/02\/quirino-dos-reis-silveira-e-benedito-godencio-de-faria-recebem-titulos-de-cidadania-barretense\/#primaryimage"},"image":{"@id":"https:\/\/regiaonews.net.br\/2022\/2024\/08\/02\/quirino-dos-reis-silveira-e-benedito-godencio-de-faria-recebem-titulos-de-cidadania-barretense\/#primaryimage"},"thumbnailUrl":"https:\/\/regiaonews.net.br\/2022\/wp-content\/uploads\/2024\/08\/Homenagens-1.jpg","datePublished":"2024-08-02T17:59:21+00:00","dateModified":"2024-08-02T20:45:01+00:00","breadcrumb":{"@id":"https:\/\/regiaonews.net.br\/2022\/2024\/08\/02\/quirino-dos-reis-silveira-e-benedito-godencio-de-faria-recebem-titulos-de-cidadania-barretense\/#breadcrumb"},"inLanguage":"pt-BR","potentialAction":[{"@type":"ReadAction","target":["https:\/\/regiaonews.net.br\/2022\/2024\/08\/02\/quirino-dos-reis-silveira-e-benedito-godencio-de-faria-recebem-titulos-de-cidadania-barretense\/"]}]},{"@type":"ImageObject","inLanguage":"pt-BR","@id":"https:\/\/regiaonews.net.br\/2022\/2024\/08\/02\/quirino-dos-reis-silveira-e-benedito-godencio-de-faria-recebem-titulos-de-cidadania-barretense\/#primaryimage","url":"https:\/\/regiaonews.net.br\/2022\/wp-content\/uploads\/2024\/08\/Homenagens-1.jpg","contentUrl":"https:\/\/regiaonews.net.br\/2022\/wp-content\/uploads\/2024\/08\/Homenagens-1.jpg","width":743,"height":597},{"@type":"BreadcrumbList","@id":"https:\/\/regiaonews.net.br\/2022\/2024\/08\/02\/quirino-dos-reis-silveira-e-benedito-godencio-de-faria-recebem-titulos-de-cidadania-barretense\/#breadcrumb","itemListElement":[{"@type":"ListItem","position":1,"name":"In\u00edcio","item":"https:\/\/regiaonews.net.br\/2022\/"},{"@type":"ListItem","position":2,"name":"Quirino dos Reis Silveira e Benedito God\u00eancio de Faria recebem T\u00edtulos de Cidadania Barretense"}]},{"@type":"WebSite","@id":"https:\/\/regiaonews.net.br\/2022\/#website","url":"https:\/\/regiaonews.net.br\/2022\/","name":"Regi\u00e3o News","description":"Site de Not\u00edcias de Barretos e regi\u00e3o","publisher":{"@id":"https:\/\/regiaonews.net.br\/2022\/#organization"},"potentialAction":[{"@type":"SearchAction","target":{"@type":"EntryPoint","urlTemplate":"https:\/\/regiaonews.net.br\/2022\/?s={search_term_string}"},"query-input":{"@type":"PropertyValueSpecification","valueRequired":true,"valueName":"search_term_string"}}],"inLanguage":"pt-BR"},{"@type":"Organization","@id":"https:\/\/regiaonews.net.br\/2022\/#organization","name":"Regi\u00e3o News","url":"https:\/\/regiaonews.net.br\/2022\/","logo":{"@type":"ImageObject","inLanguage":"pt-BR","@id":"https:\/\/regiaonews.net.br\/2022\/#\/schema\/logo\/image\/","url":"https:\/\/regiaonews.net.br\/2022\/wp-content\/uploads\/2026\/03\/regiao-13-anos-scaled.jpg","contentUrl":"https:\/\/regiaonews.net.br\/2022\/wp-content\/uploads\/2026\/03\/regiao-13-anos-scaled.jpg","width":2560,"height":635,"caption":"Regi\u00e3o News"},"image":{"@id":"https:\/\/regiaonews.net.br\/2022\/#\/schema\/logo\/image\/"}},{"@type":"Person","@id":"https:\/\/regiaonews.net.br\/2022\/#\/schema\/person\/2d205a608a5aa97ac279d7a5e6d89ad8","name":"Roberto","image":{"@type":"ImageObject","inLanguage":"pt-BR","@id":"https:\/\/secure.gravatar.com\/avatar\/42749d8b712ff9d59ca93dc150494e5b55a44134482993f5baeb97e61b7ecc89?s=96&d=mm&r=g","url":"https:\/\/secure.gravatar.com\/avatar\/42749d8b712ff9d59ca93dc150494e5b55a44134482993f5baeb97e61b7ecc89?s=96&d=mm&r=g","contentUrl":"https:\/\/secure.gravatar.com\/avatar\/42749d8b712ff9d59ca93dc150494e5b55a44134482993f5baeb97e61b7ecc89?s=96&d=mm&r=g","caption":"Roberto"},"url":"https:\/\/regiaonews.net.br\/2022\/author\/roberto\/"}]}},"publishpress_future_action":{"enabled":false,"date":"2026-05-03 02:53:27","action":"change-status","newStatus":"draft","terms":[],"taxonomy":"category","extraData":[]},"publishpress_future_workflow_manual_trigger":{"enabledWorkflows":[]},"_links":{"self":[{"href":"https:\/\/regiaonews.net.br\/2022\/wp-json\/wp\/v2\/posts\/108313","targetHints":{"allow":["GET"]}}],"collection":[{"href":"https:\/\/regiaonews.net.br\/2022\/wp-json\/wp\/v2\/posts"}],"about":[{"href":"https:\/\/regiaonews.net.br\/2022\/wp-json\/wp\/v2\/types\/post"}],"author":[{"embeddable":true,"href":"https:\/\/regiaonews.net.br\/2022\/wp-json\/wp\/v2\/users\/2"}],"replies":[{"embeddable":true,"href":"https:\/\/regiaonews.net.br\/2022\/wp-json\/wp\/v2\/comments?post=108313"}],"version-history":[{"count":3,"href":"https:\/\/regiaonews.net.br\/2022\/wp-json\/wp\/v2\/posts\/108313\/revisions"}],"predecessor-version":[{"id":108319,"href":"https:\/\/regiaonews.net.br\/2022\/wp-json\/wp\/v2\/posts\/108313\/revisions\/108319"}],"wp:featuredmedia":[{"embeddable":true,"href":"https:\/\/regiaonews.net.br\/2022\/wp-json\/wp\/v2\/media\/108316"}],"wp:attachment":[{"href":"https:\/\/regiaonews.net.br\/2022\/wp-json\/wp\/v2\/media?parent=108313"}],"wp:term":[{"taxonomy":"category","embeddable":true,"href":"https:\/\/regiaonews.net.br\/2022\/wp-json\/wp\/v2\/categories?post=108313"},{"taxonomy":"post_tag","embeddable":true,"href":"https:\/\/regiaonews.net.br\/2022\/wp-json\/wp\/v2\/tags?post=108313"}],"curies":[{"name":"wp","href":"https:\/\/api.w.org\/{rel}","templated":true}]}}