{"id":108259,"date":"2024-08-01T09:07:43","date_gmt":"2024-08-01T12:07:43","guid":{"rendered":"https:\/\/regiaonews.net.br\/2022\/?p=108259"},"modified":"2024-08-01T09:07:43","modified_gmt":"2024-08-01T12:07:43","slug":"alunos-de-medicina-veterinaria-do-unifeb-participam-de-congresso-internacional-no-parana","status":"publish","type":"post","link":"https:\/\/regiaonews.net.br\/2022\/2024\/08\/01\/alunos-de-medicina-veterinaria-do-unifeb-participam-de-congresso-internacional-no-parana\/","title":{"rendered":"Alunos de Medicina Veterin\u00e1ria do UNIFEB participam de congresso internacional no Paran\u00e1"},"content":{"rendered":"<div class=\"elementToProof\" data-ogsc=\"rgb(0, 0, 0)\"><\/div>\n<div class=\"elementToProof\" data-ogsc=\"rgb(0, 0, 0)\"><\/div>\n<div data-ogsc=\"rgb(0, 0, 0)\">Evento reuniu especialistas de 24 \u00e1reas distintas para debaterem os avan\u00e7os mais recentes do segmento<\/div>\n<div data-ogsc=\"rgb(0, 0, 0)\"><\/div>\n<div data-ogsc=\"rgb(0, 0, 0)\">O Congresso Medvep Internacional de Especialidades Veterin\u00e1rias 2024, realizado entre os dias 25 e 27 de julho, em Curitiba, no Paran\u00e1, contou com a participa\u00e7\u00e3o de um grupo de alunos do curso de Medicina Veterin\u00e1ria do UNIFEB (Centro Universit\u00e1rio da Funda\u00e7\u00e3o Educacional de Barretos).<\/div>\n<div data-ogsc=\"rgb(0, 0, 0)\">O Medvep \u00e9 um congresso destinado a m\u00e9dicos-veterin\u00e1rios e estudantes, que ocorre a cada dois anos e re\u00fane\u00a0especialistas de 24 \u00e1reas distintas para debaterem os avan\u00e7os mais recentes do segmento. Com um cat\u00e1logo de mais de\u00a0500 palestras t\u00e9cnicas,\u00a0o evento fornece um ambiente de aprendizado enriquecedor, onde profissionais de v\u00e1rias partes do mundo podem aprofundar seus conhecimentos e compartilhar experi\u00eancias.<\/div>\n<div data-ogsc=\"rgb(0, 0, 0)\">Os estudantes de Medicina Veterin\u00e1ria do UNIFEB que estiveram no evento s\u00e3o Luiz Henrique Lad\u00e1rio, Mikaela Rayanid de No\u00e1 Mariano, Guilherme Augusto Macena Belone, Thiago Alves da Costa Thomaz e Mariana Alfinete Santiago, ambos do 2\u00ba ano, al\u00e9m de Raissa A. Soldi e Ta\u00eds Varissaia Umeda, alunas do 4\u00ba ano.<\/div>\n<div data-ogsc=\"rgb(0, 0, 0)\">Para o estudante Luiz Henrique Lad\u00e1rio a oportunidade foi muito positiva e ampliou seus conhecimentos na \u00e1rea, al\u00e9m de oferecer uma vis\u00e3o amplificada sobre o mercado da Medicina Veterin\u00e1ria. \u201cO congresso reuniu diversas especialidades e v\u00e1rios palestrantes, tanto nacionais como internacionais, que abordaram assuntos diversos abrindo nossa mente e fomentando o interesse em buscar mais aprendizado. Acredito que foi um divisor de \u00e1guas para nossa forma\u00e7\u00e3o, porque estar inserido em um meio com tantos profissionais qualificados \u00e9 de suma import\u00e2ncia para nossa gradua\u00e7\u00e3o\u201d, destacou.<\/div>\n<div data-ogsc=\"rgb(0, 0, 0)\">A coordenadora do curso de Medicina Veterin\u00e1ria do UNIFEB, Profa. Ma. Carolina Togneri de Souza, explica que congressos internacionais s\u00e3o plataformas onde s\u00e3o apresentadas as mais recentes pesquisas, avan\u00e7os tecnol\u00f3gicos e inova\u00e7\u00f5es da \u00e1rea. \u201cOs alunos t\u00eam a oportunidade de aprenderem sobre novos m\u00e9todos de diagn\u00f3stico, tratamentos e procedimentos que ainda n\u00e3o s\u00e3o amplamente difundidos. Estes eventos sempre contam com a presen\u00e7a de renomados especialistas e pesquisadores proporcionando a chance de participar de palestras, workshops e sess\u00f5es de perguntas e respostas, permitindo um aprendizado aprofundado e direto com l\u00edderes do setor\u201d, enfatizou.<\/div>\n<div class=\"elementToProof\" data-ogsc=\"rgb(0, 0, 0)\">Al\u00e9m disso, Carolina tamb\u00e9m ressalta que nestes eventos o estudante tem a chance de observar as tend\u00eancias e demandas do mercado veterin\u00e1rio, compreendendo melhor as necessidades e expectativas da ind\u00fastria, o que pode influenciar suas escolhas de especializa\u00e7\u00e3o e desenvolvimento de carreira. \u201cA participa\u00e7\u00e3o dos alunos do curso de Medicina Veterin\u00e1ria do UNIFEB no Congresso Medvep 2024 foi um investimento valioso para suas carreiras t\u00e9cnica e mercadol\u00f3gica, porque este evento proporcionou uma plataforma rica em conhecimento, desenvolvimento de habilidades, networking e oportunidades de crescimento profissional, preparando-os melhor para os desafios e demandas do mercado veterin\u00e1rio global\u201d, finalizou.<\/div>\n","protected":false},"excerpt":{"rendered":"<p>Evento reuniu especialistas de 24 \u00e1reas distintas para debaterem os<\/p>\n","protected":false},"author":2,"featured_media":108260,"comment_status":"open","ping_status":"open","sticky":false,"template":"","format":"standard","meta":{"footnotes":""},"categories":[25,111],"tags":[],"class_list":["post-108259","post","type-post","status-publish","format-standard","has-post-thumbnail","hentry","category-cidades","category-cotidiano"],"yoast_head":"<!-- This site is optimized with the Yoast SEO plugin v27.4 - https:\/\/yoast.com\/product\/yoast-seo-wordpress\/ -->\n<title>Alunos de Medicina Veterin\u00e1ria do UNIFEB participam de congresso internacional no Paran\u00e1 - Regi\u00e3o News<\/title>\n<meta name=\"robots\" content=\"index, follow, max-snippet:-1, max-image-preview:large, max-video-preview:-1\" \/>\n<link rel=\"canonical\" href=\"https:\/\/regiaonews.net.br\/2022\/2024\/08\/01\/alunos-de-medicina-veterinaria-do-unifeb-participam-de-congresso-internacional-no-parana\/\" \/>\n<meta property=\"og:locale\" content=\"pt_BR\" \/>\n<meta property=\"og:type\" content=\"article\" \/>\n<meta property=\"og:title\" content=\"Alunos de Medicina Veterin\u00e1ria do UNIFEB participam de congresso internacional no Paran\u00e1 - Regi\u00e3o News\" \/>\n<meta property=\"og:description\" content=\"Evento reuniu especialistas de 24 \u00e1reas distintas para debaterem os\" \/>\n<meta property=\"og:url\" content=\"https:\/\/regiaonews.net.br\/2022\/2024\/08\/01\/alunos-de-medicina-veterinaria-do-unifeb-participam-de-congresso-internacional-no-parana\/\" \/>\n<meta property=\"og:site_name\" content=\"Regi\u00e3o News\" \/>\n<meta property=\"article:published_time\" content=\"2024-08-01T12:07:43+00:00\" \/>\n<meta property=\"og:image\" content=\"https:\/\/regiaonews.net.br\/2022\/wp-content\/uploads\/2024\/08\/Congresso_Medicina_Veterinaria.jpeg\" \/>\n\t<meta property=\"og:image:width\" content=\"960\" \/>\n\t<meta property=\"og:image:height\" content=\"873\" \/>\n\t<meta property=\"og:image:type\" content=\"image\/jpeg\" \/>\n<meta name=\"author\" content=\"Roberto\" \/>\n<meta name=\"twitter:card\" content=\"summary_large_image\" \/>\n<meta name=\"twitter:label1\" content=\"Escrito por\" \/>\n\t<meta name=\"twitter:data1\" content=\"Roberto\" \/>\n\t<meta name=\"twitter:label2\" content=\"Est. tempo de leitura\" \/>\n\t<meta name=\"twitter:data2\" content=\"3 minutos\" \/>\n<script type=\"application\/ld+json\" class=\"yoast-schema-graph\">{\"@context\":\"https:\\\/\\\/schema.org\",\"@graph\":[{\"@type\":\"Article\",\"@id\":\"https:\\\/\\\/regiaonews.net.br\\\/2022\\\/2024\\\/08\\\/01\\\/alunos-de-medicina-veterinaria-do-unifeb-participam-de-congresso-internacional-no-parana\\\/#article\",\"isPartOf\":{\"@id\":\"https:\\\/\\\/regiaonews.net.br\\\/2022\\\/2024\\\/08\\\/01\\\/alunos-de-medicina-veterinaria-do-unifeb-participam-de-congresso-internacional-no-parana\\\/\"},\"author\":{\"name\":\"Roberto\",\"@id\":\"https:\\\/\\\/regiaonews.net.br\\\/2022\\\/#\\\/schema\\\/person\\\/2d205a608a5aa97ac279d7a5e6d89ad8\"},\"headline\":\"Alunos de Medicina Veterin\u00e1ria do UNIFEB participam de congresso internacional no Paran\u00e1\",\"datePublished\":\"2024-08-01T12:07:43+00:00\",\"mainEntityOfPage\":{\"@id\":\"https:\\\/\\\/regiaonews.net.br\\\/2022\\\/2024\\\/08\\\/01\\\/alunos-de-medicina-veterinaria-do-unifeb-participam-de-congresso-internacional-no-parana\\\/\"},\"wordCount\":498,\"commentCount\":0,\"publisher\":{\"@id\":\"https:\\\/\\\/regiaonews.net.br\\\/2022\\\/#organization\"},\"image\":{\"@id\":\"https:\\\/\\\/regiaonews.net.br\\\/2022\\\/2024\\\/08\\\/01\\\/alunos-de-medicina-veterinaria-do-unifeb-participam-de-congresso-internacional-no-parana\\\/#primaryimage\"},\"thumbnailUrl\":\"https:\\\/\\\/regiaonews.net.br\\\/2022\\\/wp-content\\\/uploads\\\/2024\\\/08\\\/Congresso_Medicina_Veterinaria.jpeg\",\"articleSection\":[\"Cidades\",\"Cotidiano\"],\"inLanguage\":\"pt-BR\",\"potentialAction\":[{\"@type\":\"CommentAction\",\"name\":\"Comment\",\"target\":[\"https:\\\/\\\/regiaonews.net.br\\\/2022\\\/2024\\\/08\\\/01\\\/alunos-de-medicina-veterinaria-do-unifeb-participam-de-congresso-internacional-no-parana\\\/#respond\"]}]},{\"@type\":\"WebPage\",\"@id\":\"https:\\\/\\\/regiaonews.net.br\\\/2022\\\/2024\\\/08\\\/01\\\/alunos-de-medicina-veterinaria-do-unifeb-participam-de-congresso-internacional-no-parana\\\/\",\"url\":\"https:\\\/\\\/regiaonews.net.br\\\/2022\\\/2024\\\/08\\\/01\\\/alunos-de-medicina-veterinaria-do-unifeb-participam-de-congresso-internacional-no-parana\\\/\",\"name\":\"Alunos de Medicina Veterin\u00e1ria do UNIFEB participam de congresso internacional no Paran\u00e1 - Regi\u00e3o News\",\"isPartOf\":{\"@id\":\"https:\\\/\\\/regiaonews.net.br\\\/2022\\\/#website\"},\"primaryImageOfPage\":{\"@id\":\"https:\\\/\\\/regiaonews.net.br\\\/2022\\\/2024\\\/08\\\/01\\\/alunos-de-medicina-veterinaria-do-unifeb-participam-de-congresso-internacional-no-parana\\\/#primaryimage\"},\"image\":{\"@id\":\"https:\\\/\\\/regiaonews.net.br\\\/2022\\\/2024\\\/08\\\/01\\\/alunos-de-medicina-veterinaria-do-unifeb-participam-de-congresso-internacional-no-parana\\\/#primaryimage\"},\"thumbnailUrl\":\"https:\\\/\\\/regiaonews.net.br\\\/2022\\\/wp-content\\\/uploads\\\/2024\\\/08\\\/Congresso_Medicina_Veterinaria.jpeg\",\"datePublished\":\"2024-08-01T12:07:43+00:00\",\"breadcrumb\":{\"@id\":\"https:\\\/\\\/regiaonews.net.br\\\/2022\\\/2024\\\/08\\\/01\\\/alunos-de-medicina-veterinaria-do-unifeb-participam-de-congresso-internacional-no-parana\\\/#breadcrumb\"},\"inLanguage\":\"pt-BR\",\"potentialAction\":[{\"@type\":\"ReadAction\",\"target\":[\"https:\\\/\\\/regiaonews.net.br\\\/2022\\\/2024\\\/08\\\/01\\\/alunos-de-medicina-veterinaria-do-unifeb-participam-de-congresso-internacional-no-parana\\\/\"]}]},{\"@type\":\"ImageObject\",\"inLanguage\":\"pt-BR\",\"@id\":\"https:\\\/\\\/regiaonews.net.br\\\/2022\\\/2024\\\/08\\\/01\\\/alunos-de-medicina-veterinaria-do-unifeb-participam-de-congresso-internacional-no-parana\\\/#primaryimage\",\"url\":\"https:\\\/\\\/regiaonews.net.br\\\/2022\\\/wp-content\\\/uploads\\\/2024\\\/08\\\/Congresso_Medicina_Veterinaria.jpeg\",\"contentUrl\":\"https:\\\/\\\/regiaonews.net.br\\\/2022\\\/wp-content\\\/uploads\\\/2024\\\/08\\\/Congresso_Medicina_Veterinaria.jpeg\",\"width\":960,\"height\":873},{\"@type\":\"BreadcrumbList\",\"@id\":\"https:\\\/\\\/regiaonews.net.br\\\/2022\\\/2024\\\/08\\\/01\\\/alunos-de-medicina-veterinaria-do-unifeb-participam-de-congresso-internacional-no-parana\\\/#breadcrumb\",\"itemListElement\":[{\"@type\":\"ListItem\",\"position\":1,\"name\":\"In\u00edcio\",\"item\":\"https:\\\/\\\/regiaonews.net.br\\\/2022\\\/\"},{\"@type\":\"ListItem\",\"position\":2,\"name\":\"Alunos de Medicina Veterin\u00e1ria do UNIFEB participam de congresso internacional no Paran\u00e1\"}]},{\"@type\":\"WebSite\",\"@id\":\"https:\\\/\\\/regiaonews.net.br\\\/2022\\\/#website\",\"url\":\"https:\\\/\\\/regiaonews.net.br\\\/2022\\\/\",\"name\":\"Regi\u00e3o News\",\"description\":\"Site de Not\u00edcias de Barretos e regi\u00e3o\",\"publisher\":{\"@id\":\"https:\\\/\\\/regiaonews.net.br\\\/2022\\\/#organization\"},\"potentialAction\":[{\"@type\":\"SearchAction\",\"target\":{\"@type\":\"EntryPoint\",\"urlTemplate\":\"https:\\\/\\\/regiaonews.net.br\\\/2022\\\/?s={search_term_string}\"},\"query-input\":{\"@type\":\"PropertyValueSpecification\",\"valueRequired\":true,\"valueName\":\"search_term_string\"}}],\"inLanguage\":\"pt-BR\"},{\"@type\":\"Organization\",\"@id\":\"https:\\\/\\\/regiaonews.net.br\\\/2022\\\/#organization\",\"name\":\"Regi\u00e3o News\",\"url\":\"https:\\\/\\\/regiaonews.net.br\\\/2022\\\/\",\"logo\":{\"@type\":\"ImageObject\",\"inLanguage\":\"pt-BR\",\"@id\":\"https:\\\/\\\/regiaonews.net.br\\\/2022\\\/#\\\/schema\\\/logo\\\/image\\\/\",\"url\":\"https:\\\/\\\/regiaonews.net.br\\\/2022\\\/wp-content\\\/uploads\\\/2026\\\/03\\\/regiao-13-anos-scaled.jpg\",\"contentUrl\":\"https:\\\/\\\/regiaonews.net.br\\\/2022\\\/wp-content\\\/uploads\\\/2026\\\/03\\\/regiao-13-anos-scaled.jpg\",\"width\":2560,\"height\":635,\"caption\":\"Regi\u00e3o News\"},\"image\":{\"@id\":\"https:\\\/\\\/regiaonews.net.br\\\/2022\\\/#\\\/schema\\\/logo\\\/image\\\/\"}},{\"@type\":\"Person\",\"@id\":\"https:\\\/\\\/regiaonews.net.br\\\/2022\\\/#\\\/schema\\\/person\\\/2d205a608a5aa97ac279d7a5e6d89ad8\",\"name\":\"Roberto\",\"image\":{\"@type\":\"ImageObject\",\"inLanguage\":\"pt-BR\",\"@id\":\"https:\\\/\\\/secure.gravatar.com\\\/avatar\\\/42749d8b712ff9d59ca93dc150494e5b55a44134482993f5baeb97e61b7ecc89?s=96&d=mm&r=g\",\"url\":\"https:\\\/\\\/secure.gravatar.com\\\/avatar\\\/42749d8b712ff9d59ca93dc150494e5b55a44134482993f5baeb97e61b7ecc89?s=96&d=mm&r=g\",\"contentUrl\":\"https:\\\/\\\/secure.gravatar.com\\\/avatar\\\/42749d8b712ff9d59ca93dc150494e5b55a44134482993f5baeb97e61b7ecc89?s=96&d=mm&r=g\",\"caption\":\"Roberto\"},\"url\":\"https:\\\/\\\/regiaonews.net.br\\\/2022\\\/author\\\/roberto\\\/\"}]}<\/script>\n<!-- \/ Yoast SEO plugin. -->","yoast_head_json":{"title":"Alunos de Medicina Veterin\u00e1ria do UNIFEB participam de congresso internacional no Paran\u00e1 - Regi\u00e3o News","robots":{"index":"index","follow":"follow","max-snippet":"max-snippet:-1","max-image-preview":"max-image-preview:large","max-video-preview":"max-video-preview:-1"},"canonical":"https:\/\/regiaonews.net.br\/2022\/2024\/08\/01\/alunos-de-medicina-veterinaria-do-unifeb-participam-de-congresso-internacional-no-parana\/","og_locale":"pt_BR","og_type":"article","og_title":"Alunos de Medicina Veterin\u00e1ria do UNIFEB participam de congresso internacional no Paran\u00e1 - Regi\u00e3o News","og_description":"Evento reuniu especialistas de 24 \u00e1reas distintas para debaterem os","og_url":"https:\/\/regiaonews.net.br\/2022\/2024\/08\/01\/alunos-de-medicina-veterinaria-do-unifeb-participam-de-congresso-internacional-no-parana\/","og_site_name":"Regi\u00e3o News","article_published_time":"2024-08-01T12:07:43+00:00","og_image":[{"width":960,"height":873,"url":"https:\/\/regiaonews.net.br\/2022\/wp-content\/uploads\/2024\/08\/Congresso_Medicina_Veterinaria.jpeg","type":"image\/jpeg"}],"author":"Roberto","twitter_card":"summary_large_image","twitter_misc":{"Escrito por":"Roberto","Est. tempo de leitura":"3 minutos"},"schema":{"@context":"https:\/\/schema.org","@graph":[{"@type":"Article","@id":"https:\/\/regiaonews.net.br\/2022\/2024\/08\/01\/alunos-de-medicina-veterinaria-do-unifeb-participam-de-congresso-internacional-no-parana\/#article","isPartOf":{"@id":"https:\/\/regiaonews.net.br\/2022\/2024\/08\/01\/alunos-de-medicina-veterinaria-do-unifeb-participam-de-congresso-internacional-no-parana\/"},"author":{"name":"Roberto","@id":"https:\/\/regiaonews.net.br\/2022\/#\/schema\/person\/2d205a608a5aa97ac279d7a5e6d89ad8"},"headline":"Alunos de Medicina Veterin\u00e1ria do UNIFEB participam de congresso internacional no Paran\u00e1","datePublished":"2024-08-01T12:07:43+00:00","mainEntityOfPage":{"@id":"https:\/\/regiaonews.net.br\/2022\/2024\/08\/01\/alunos-de-medicina-veterinaria-do-unifeb-participam-de-congresso-internacional-no-parana\/"},"wordCount":498,"commentCount":0,"publisher":{"@id":"https:\/\/regiaonews.net.br\/2022\/#organization"},"image":{"@id":"https:\/\/regiaonews.net.br\/2022\/2024\/08\/01\/alunos-de-medicina-veterinaria-do-unifeb-participam-de-congresso-internacional-no-parana\/#primaryimage"},"thumbnailUrl":"https:\/\/regiaonews.net.br\/2022\/wp-content\/uploads\/2024\/08\/Congresso_Medicina_Veterinaria.jpeg","articleSection":["Cidades","Cotidiano"],"inLanguage":"pt-BR","potentialAction":[{"@type":"CommentAction","name":"Comment","target":["https:\/\/regiaonews.net.br\/2022\/2024\/08\/01\/alunos-de-medicina-veterinaria-do-unifeb-participam-de-congresso-internacional-no-parana\/#respond"]}]},{"@type":"WebPage","@id":"https:\/\/regiaonews.net.br\/2022\/2024\/08\/01\/alunos-de-medicina-veterinaria-do-unifeb-participam-de-congresso-internacional-no-parana\/","url":"https:\/\/regiaonews.net.br\/2022\/2024\/08\/01\/alunos-de-medicina-veterinaria-do-unifeb-participam-de-congresso-internacional-no-parana\/","name":"Alunos de Medicina Veterin\u00e1ria do UNIFEB participam de congresso internacional no Paran\u00e1 - Regi\u00e3o News","isPartOf":{"@id":"https:\/\/regiaonews.net.br\/2022\/#website"},"primaryImageOfPage":{"@id":"https:\/\/regiaonews.net.br\/2022\/2024\/08\/01\/alunos-de-medicina-veterinaria-do-unifeb-participam-de-congresso-internacional-no-parana\/#primaryimage"},"image":{"@id":"https:\/\/regiaonews.net.br\/2022\/2024\/08\/01\/alunos-de-medicina-veterinaria-do-unifeb-participam-de-congresso-internacional-no-parana\/#primaryimage"},"thumbnailUrl":"https:\/\/regiaonews.net.br\/2022\/wp-content\/uploads\/2024\/08\/Congresso_Medicina_Veterinaria.jpeg","datePublished":"2024-08-01T12:07:43+00:00","breadcrumb":{"@id":"https:\/\/regiaonews.net.br\/2022\/2024\/08\/01\/alunos-de-medicina-veterinaria-do-unifeb-participam-de-congresso-internacional-no-parana\/#breadcrumb"},"inLanguage":"pt-BR","potentialAction":[{"@type":"ReadAction","target":["https:\/\/regiaonews.net.br\/2022\/2024\/08\/01\/alunos-de-medicina-veterinaria-do-unifeb-participam-de-congresso-internacional-no-parana\/"]}]},{"@type":"ImageObject","inLanguage":"pt-BR","@id":"https:\/\/regiaonews.net.br\/2022\/2024\/08\/01\/alunos-de-medicina-veterinaria-do-unifeb-participam-de-congresso-internacional-no-parana\/#primaryimage","url":"https:\/\/regiaonews.net.br\/2022\/wp-content\/uploads\/2024\/08\/Congresso_Medicina_Veterinaria.jpeg","contentUrl":"https:\/\/regiaonews.net.br\/2022\/wp-content\/uploads\/2024\/08\/Congresso_Medicina_Veterinaria.jpeg","width":960,"height":873},{"@type":"BreadcrumbList","@id":"https:\/\/regiaonews.net.br\/2022\/2024\/08\/01\/alunos-de-medicina-veterinaria-do-unifeb-participam-de-congresso-internacional-no-parana\/#breadcrumb","itemListElement":[{"@type":"ListItem","position":1,"name":"In\u00edcio","item":"https:\/\/regiaonews.net.br\/2022\/"},{"@type":"ListItem","position":2,"name":"Alunos de Medicina Veterin\u00e1ria do UNIFEB participam de congresso internacional no Paran\u00e1"}]},{"@type":"WebSite","@id":"https:\/\/regiaonews.net.br\/2022\/#website","url":"https:\/\/regiaonews.net.br\/2022\/","name":"Regi\u00e3o News","description":"Site de Not\u00edcias de Barretos e regi\u00e3o","publisher":{"@id":"https:\/\/regiaonews.net.br\/2022\/#organization"},"potentialAction":[{"@type":"SearchAction","target":{"@type":"EntryPoint","urlTemplate":"https:\/\/regiaonews.net.br\/2022\/?s={search_term_string}"},"query-input":{"@type":"PropertyValueSpecification","valueRequired":true,"valueName":"search_term_string"}}],"inLanguage":"pt-BR"},{"@type":"Organization","@id":"https:\/\/regiaonews.net.br\/2022\/#organization","name":"Regi\u00e3o News","url":"https:\/\/regiaonews.net.br\/2022\/","logo":{"@type":"ImageObject","inLanguage":"pt-BR","@id":"https:\/\/regiaonews.net.br\/2022\/#\/schema\/logo\/image\/","url":"https:\/\/regiaonews.net.br\/2022\/wp-content\/uploads\/2026\/03\/regiao-13-anos-scaled.jpg","contentUrl":"https:\/\/regiaonews.net.br\/2022\/wp-content\/uploads\/2026\/03\/regiao-13-anos-scaled.jpg","width":2560,"height":635,"caption":"Regi\u00e3o News"},"image":{"@id":"https:\/\/regiaonews.net.br\/2022\/#\/schema\/logo\/image\/"}},{"@type":"Person","@id":"https:\/\/regiaonews.net.br\/2022\/#\/schema\/person\/2d205a608a5aa97ac279d7a5e6d89ad8","name":"Roberto","image":{"@type":"ImageObject","inLanguage":"pt-BR","@id":"https:\/\/secure.gravatar.com\/avatar\/42749d8b712ff9d59ca93dc150494e5b55a44134482993f5baeb97e61b7ecc89?s=96&d=mm&r=g","url":"https:\/\/secure.gravatar.com\/avatar\/42749d8b712ff9d59ca93dc150494e5b55a44134482993f5baeb97e61b7ecc89?s=96&d=mm&r=g","contentUrl":"https:\/\/secure.gravatar.com\/avatar\/42749d8b712ff9d59ca93dc150494e5b55a44134482993f5baeb97e61b7ecc89?s=96&d=mm&r=g","caption":"Roberto"},"url":"https:\/\/regiaonews.net.br\/2022\/author\/roberto\/"}]}},"publishpress_future_action":{"enabled":false,"date":"2026-05-03 05:24:55","action":"change-status","newStatus":"draft","terms":[],"taxonomy":"category","extraData":[]},"publishpress_future_workflow_manual_trigger":{"enabledWorkflows":[]},"_links":{"self":[{"href":"https:\/\/regiaonews.net.br\/2022\/wp-json\/wp\/v2\/posts\/108259","targetHints":{"allow":["GET"]}}],"collection":[{"href":"https:\/\/regiaonews.net.br\/2022\/wp-json\/wp\/v2\/posts"}],"about":[{"href":"https:\/\/regiaonews.net.br\/2022\/wp-json\/wp\/v2\/types\/post"}],"author":[{"embeddable":true,"href":"https:\/\/regiaonews.net.br\/2022\/wp-json\/wp\/v2\/users\/2"}],"replies":[{"embeddable":true,"href":"https:\/\/regiaonews.net.br\/2022\/wp-json\/wp\/v2\/comments?post=108259"}],"version-history":[{"count":1,"href":"https:\/\/regiaonews.net.br\/2022\/wp-json\/wp\/v2\/posts\/108259\/revisions"}],"predecessor-version":[{"id":108261,"href":"https:\/\/regiaonews.net.br\/2022\/wp-json\/wp\/v2\/posts\/108259\/revisions\/108261"}],"wp:featuredmedia":[{"embeddable":true,"href":"https:\/\/regiaonews.net.br\/2022\/wp-json\/wp\/v2\/media\/108260"}],"wp:attachment":[{"href":"https:\/\/regiaonews.net.br\/2022\/wp-json\/wp\/v2\/media?parent=108259"}],"wp:term":[{"taxonomy":"category","embeddable":true,"href":"https:\/\/regiaonews.net.br\/2022\/wp-json\/wp\/v2\/categories?post=108259"},{"taxonomy":"post_tag","embeddable":true,"href":"https:\/\/regiaonews.net.br\/2022\/wp-json\/wp\/v2\/tags?post=108259"}],"curies":[{"name":"wp","href":"https:\/\/api.w.org\/{rel}","templated":true}]}}