{"id":108250,"date":"2024-07-31T19:39:46","date_gmt":"2024-07-31T22:39:46","guid":{"rendered":"https:\/\/regiaonews.net.br\/2022\/?p=108250"},"modified":"2024-07-31T21:11:23","modified_gmt":"2024-08-01T00:11:23","slug":"cartorio-do-1o-tabelionato-de-notas-e-protestos-esta-sob-intervencao","status":"publish","type":"post","link":"https:\/\/regiaonews.net.br\/2022\/2024\/07\/31\/cartorio-do-1o-tabelionato-de-notas-e-protestos-esta-sob-intervencao\/","title":{"rendered":"Cart\u00f3rio do 1\u00ba Tabelionato de Notas e Protestos est\u00e1 sob interven\u00e7\u00e3o"},"content":{"rendered":"<p>Com o apoio da Pol\u00edcia Militar, o oficial de justi\u00e7a deu cumprimento na tarde desta quarta-feira (31), a decis\u00e3o expedida pelo juiz da 2\u00aa Vara C\u00edvel de Barretos, Dr. Luiz Fernando Silva Oliveira, que determinou interven\u00e7\u00e3o no 1\u00ba Tabeli\u00e3o de Notas e Protestos de Barretos, localizado na rua 16 entre as avenidas 13 e 15, no centro. Na decis\u00e3o judicial, o juiz nomeou o tabeli\u00e3o titular do 2\u00ba Tabelionato de Notas e Protestos de Barretos, F\u00e1bio Fernando Jacob, como interventor interino do 1\u00ba Tabelionato de Notas e Protestos. \u201cImediatamente o juiz me convocou, j\u00e1 com o oficial de justi\u00e7a que d\u00e1 o cumprimento \u00e0 decis\u00e3o e a gente j\u00e1 foi comunicar aos funcion\u00e1rios e o titular do cart\u00f3rio. O 1\u00ba Tabelionato estar\u00e1 sob interven\u00e7\u00e3o at\u00e9 que os processos administrativos que o juiz instaurar tenham fim, onde o juiz vai decidir qual ser\u00e1 a situa\u00e7\u00e3o do cart\u00f3rio\u201d, explicou o interventor F\u00e1bio Jacob.<br \/>\nA decis\u00e3o segundo o interventor, deve-se ao estado de sa\u00fade do tabeli\u00e3o que poder\u00e1 ser aposentado e o cart\u00f3rio fica dispon\u00edvel para o pr\u00f3ximo concurso ou ele volta ap\u00f3s a constata\u00e7\u00e3o de seu estado de sa\u00fade. \u201cO funcionamento do cart\u00f3rio permanece normal, n\u00e3o podendo ser alterado funcion\u00e1rio e hor\u00e1rio de funcionamento. E continua o trabalho de dois cart\u00f3rios em um, os protestos de t\u00edtulos e na parte de notas onde fazemos escrituras, testamentos, transfer\u00eancias de im\u00f3vel, abertura e reconhecimento de firmas\u201d, disse. A portaria do juiz n\u00e3o tem um prazo definido, mas por lei costuma ser por 90 dias, prorrog\u00e1vel por mais 30 dias. \u201cPode ser prolongado ou encurtado esse prazo, mas na portaria n\u00e3o tem um prazo fixo\u201d, finalizou. O 1\u00ba Tabelionato de Notas e Protestos foi fundado em 1893.<\/p>\n","protected":false},"excerpt":{"rendered":"<p>Com o apoio da Pol\u00edcia Militar, o oficial de justi\u00e7a<\/p>\n","protected":false},"author":2,"featured_media":108252,"comment_status":"open","ping_status":"open","sticky":false,"template":"","format":"standard","meta":{"footnotes":""},"categories":[14,3],"tags":[],"class_list":["post-108250","post","type-post","status-publish","format-standard","has-post-thumbnail","hentry","category-barretos","category-geral"],"yoast_head":"<!-- This site is optimized with the Yoast SEO plugin v27.4 - https:\/\/yoast.com\/product\/yoast-seo-wordpress\/ -->\n<title>Cart\u00f3rio do 1\u00ba Tabelionato de Notas e Protestos est\u00e1 sob interven\u00e7\u00e3o - Regi\u00e3o News<\/title>\n<meta name=\"robots\" content=\"index, follow, max-snippet:-1, max-image-preview:large, max-video-preview:-1\" \/>\n<link rel=\"canonical\" href=\"https:\/\/regiaonews.net.br\/2022\/2024\/07\/31\/cartorio-do-1o-tabelionato-de-notas-e-protestos-esta-sob-intervencao\/\" \/>\n<meta property=\"og:locale\" content=\"pt_BR\" \/>\n<meta property=\"og:type\" content=\"article\" \/>\n<meta property=\"og:title\" content=\"Cart\u00f3rio do 1\u00ba Tabelionato de Notas e Protestos est\u00e1 sob interven\u00e7\u00e3o - Regi\u00e3o News\" \/>\n<meta property=\"og:description\" content=\"Com o apoio da Pol\u00edcia Militar, o oficial de justi\u00e7a\" \/>\n<meta property=\"og:url\" content=\"https:\/\/regiaonews.net.br\/2022\/2024\/07\/31\/cartorio-do-1o-tabelionato-de-notas-e-protestos-esta-sob-intervencao\/\" \/>\n<meta property=\"og:site_name\" content=\"Regi\u00e3o News\" \/>\n<meta property=\"article:published_time\" content=\"2024-07-31T22:39:46+00:00\" \/>\n<meta property=\"article:modified_time\" content=\"2024-08-01T00:11:23+00:00\" \/>\n<meta property=\"og:image\" content=\"https:\/\/regiaonews.net.br\/2022\/wp-content\/uploads\/2024\/07\/images-2-1.jpeg\" \/>\n\t<meta property=\"og:image:width\" content=\"680\" \/>\n\t<meta property=\"og:image:height\" content=\"391\" \/>\n\t<meta property=\"og:image:type\" content=\"image\/jpeg\" \/>\n<meta name=\"author\" content=\"Roberto\" \/>\n<meta name=\"twitter:card\" content=\"summary_large_image\" \/>\n<meta name=\"twitter:label1\" content=\"Escrito por\" \/>\n\t<meta name=\"twitter:data1\" content=\"Roberto\" \/>\n\t<meta name=\"twitter:label2\" content=\"Est. tempo de leitura\" \/>\n\t<meta name=\"twitter:data2\" content=\"2 minutos\" \/>\n<script type=\"application\/ld+json\" class=\"yoast-schema-graph\">{\"@context\":\"https:\\\/\\\/schema.org\",\"@graph\":[{\"@type\":\"Article\",\"@id\":\"https:\\\/\\\/regiaonews.net.br\\\/2022\\\/2024\\\/07\\\/31\\\/cartorio-do-1o-tabelionato-de-notas-e-protestos-esta-sob-intervencao\\\/#article\",\"isPartOf\":{\"@id\":\"https:\\\/\\\/regiaonews.net.br\\\/2022\\\/2024\\\/07\\\/31\\\/cartorio-do-1o-tabelionato-de-notas-e-protestos-esta-sob-intervencao\\\/\"},\"author\":{\"name\":\"Roberto\",\"@id\":\"https:\\\/\\\/regiaonews.net.br\\\/2022\\\/#\\\/schema\\\/person\\\/2d205a608a5aa97ac279d7a5e6d89ad8\"},\"headline\":\"Cart\u00f3rio do 1\u00ba Tabelionato de Notas e Protestos est\u00e1 sob interven\u00e7\u00e3o\",\"datePublished\":\"2024-07-31T22:39:46+00:00\",\"dateModified\":\"2024-08-01T00:11:23+00:00\",\"mainEntityOfPage\":{\"@id\":\"https:\\\/\\\/regiaonews.net.br\\\/2022\\\/2024\\\/07\\\/31\\\/cartorio-do-1o-tabelionato-de-notas-e-protestos-esta-sob-intervencao\\\/\"},\"wordCount\":317,\"commentCount\":0,\"publisher\":{\"@id\":\"https:\\\/\\\/regiaonews.net.br\\\/2022\\\/#organization\"},\"image\":{\"@id\":\"https:\\\/\\\/regiaonews.net.br\\\/2022\\\/2024\\\/07\\\/31\\\/cartorio-do-1o-tabelionato-de-notas-e-protestos-esta-sob-intervencao\\\/#primaryimage\"},\"thumbnailUrl\":\"https:\\\/\\\/regiaonews.net.br\\\/2022\\\/wp-content\\\/uploads\\\/2024\\\/07\\\/images-2-1.jpeg\",\"articleSection\":[\"Barretos\",\"Geral\"],\"inLanguage\":\"pt-BR\",\"potentialAction\":[{\"@type\":\"CommentAction\",\"name\":\"Comment\",\"target\":[\"https:\\\/\\\/regiaonews.net.br\\\/2022\\\/2024\\\/07\\\/31\\\/cartorio-do-1o-tabelionato-de-notas-e-protestos-esta-sob-intervencao\\\/#respond\"]}]},{\"@type\":\"WebPage\",\"@id\":\"https:\\\/\\\/regiaonews.net.br\\\/2022\\\/2024\\\/07\\\/31\\\/cartorio-do-1o-tabelionato-de-notas-e-protestos-esta-sob-intervencao\\\/\",\"url\":\"https:\\\/\\\/regiaonews.net.br\\\/2022\\\/2024\\\/07\\\/31\\\/cartorio-do-1o-tabelionato-de-notas-e-protestos-esta-sob-intervencao\\\/\",\"name\":\"Cart\u00f3rio do 1\u00ba Tabelionato de Notas e Protestos est\u00e1 sob interven\u00e7\u00e3o - Regi\u00e3o News\",\"isPartOf\":{\"@id\":\"https:\\\/\\\/regiaonews.net.br\\\/2022\\\/#website\"},\"primaryImageOfPage\":{\"@id\":\"https:\\\/\\\/regiaonews.net.br\\\/2022\\\/2024\\\/07\\\/31\\\/cartorio-do-1o-tabelionato-de-notas-e-protestos-esta-sob-intervencao\\\/#primaryimage\"},\"image\":{\"@id\":\"https:\\\/\\\/regiaonews.net.br\\\/2022\\\/2024\\\/07\\\/31\\\/cartorio-do-1o-tabelionato-de-notas-e-protestos-esta-sob-intervencao\\\/#primaryimage\"},\"thumbnailUrl\":\"https:\\\/\\\/regiaonews.net.br\\\/2022\\\/wp-content\\\/uploads\\\/2024\\\/07\\\/images-2-1.jpeg\",\"datePublished\":\"2024-07-31T22:39:46+00:00\",\"dateModified\":\"2024-08-01T00:11:23+00:00\",\"breadcrumb\":{\"@id\":\"https:\\\/\\\/regiaonews.net.br\\\/2022\\\/2024\\\/07\\\/31\\\/cartorio-do-1o-tabelionato-de-notas-e-protestos-esta-sob-intervencao\\\/#breadcrumb\"},\"inLanguage\":\"pt-BR\",\"potentialAction\":[{\"@type\":\"ReadAction\",\"target\":[\"https:\\\/\\\/regiaonews.net.br\\\/2022\\\/2024\\\/07\\\/31\\\/cartorio-do-1o-tabelionato-de-notas-e-protestos-esta-sob-intervencao\\\/\"]}]},{\"@type\":\"ImageObject\",\"inLanguage\":\"pt-BR\",\"@id\":\"https:\\\/\\\/regiaonews.net.br\\\/2022\\\/2024\\\/07\\\/31\\\/cartorio-do-1o-tabelionato-de-notas-e-protestos-esta-sob-intervencao\\\/#primaryimage\",\"url\":\"https:\\\/\\\/regiaonews.net.br\\\/2022\\\/wp-content\\\/uploads\\\/2024\\\/07\\\/images-2-1.jpeg\",\"contentUrl\":\"https:\\\/\\\/regiaonews.net.br\\\/2022\\\/wp-content\\\/uploads\\\/2024\\\/07\\\/images-2-1.jpeg\",\"width\":680,\"height\":391},{\"@type\":\"BreadcrumbList\",\"@id\":\"https:\\\/\\\/regiaonews.net.br\\\/2022\\\/2024\\\/07\\\/31\\\/cartorio-do-1o-tabelionato-de-notas-e-protestos-esta-sob-intervencao\\\/#breadcrumb\",\"itemListElement\":[{\"@type\":\"ListItem\",\"position\":1,\"name\":\"In\u00edcio\",\"item\":\"https:\\\/\\\/regiaonews.net.br\\\/2022\\\/\"},{\"@type\":\"ListItem\",\"position\":2,\"name\":\"Cart\u00f3rio do 1\u00ba Tabelionato de Notas e Protestos est\u00e1 sob interven\u00e7\u00e3o\"}]},{\"@type\":\"WebSite\",\"@id\":\"https:\\\/\\\/regiaonews.net.br\\\/2022\\\/#website\",\"url\":\"https:\\\/\\\/regiaonews.net.br\\\/2022\\\/\",\"name\":\"Regi\u00e3o News\",\"description\":\"Site de Not\u00edcias de Barretos e regi\u00e3o\",\"publisher\":{\"@id\":\"https:\\\/\\\/regiaonews.net.br\\\/2022\\\/#organization\"},\"potentialAction\":[{\"@type\":\"SearchAction\",\"target\":{\"@type\":\"EntryPoint\",\"urlTemplate\":\"https:\\\/\\\/regiaonews.net.br\\\/2022\\\/?s={search_term_string}\"},\"query-input\":{\"@type\":\"PropertyValueSpecification\",\"valueRequired\":true,\"valueName\":\"search_term_string\"}}],\"inLanguage\":\"pt-BR\"},{\"@type\":\"Organization\",\"@id\":\"https:\\\/\\\/regiaonews.net.br\\\/2022\\\/#organization\",\"name\":\"Regi\u00e3o News\",\"url\":\"https:\\\/\\\/regiaonews.net.br\\\/2022\\\/\",\"logo\":{\"@type\":\"ImageObject\",\"inLanguage\":\"pt-BR\",\"@id\":\"https:\\\/\\\/regiaonews.net.br\\\/2022\\\/#\\\/schema\\\/logo\\\/image\\\/\",\"url\":\"https:\\\/\\\/regiaonews.net.br\\\/2022\\\/wp-content\\\/uploads\\\/2026\\\/03\\\/regiao-13-anos-scaled.jpg\",\"contentUrl\":\"https:\\\/\\\/regiaonews.net.br\\\/2022\\\/wp-content\\\/uploads\\\/2026\\\/03\\\/regiao-13-anos-scaled.jpg\",\"width\":2560,\"height\":635,\"caption\":\"Regi\u00e3o News\"},\"image\":{\"@id\":\"https:\\\/\\\/regiaonews.net.br\\\/2022\\\/#\\\/schema\\\/logo\\\/image\\\/\"}},{\"@type\":\"Person\",\"@id\":\"https:\\\/\\\/regiaonews.net.br\\\/2022\\\/#\\\/schema\\\/person\\\/2d205a608a5aa97ac279d7a5e6d89ad8\",\"name\":\"Roberto\",\"image\":{\"@type\":\"ImageObject\",\"inLanguage\":\"pt-BR\",\"@id\":\"https:\\\/\\\/secure.gravatar.com\\\/avatar\\\/42749d8b712ff9d59ca93dc150494e5b55a44134482993f5baeb97e61b7ecc89?s=96&d=mm&r=g\",\"url\":\"https:\\\/\\\/secure.gravatar.com\\\/avatar\\\/42749d8b712ff9d59ca93dc150494e5b55a44134482993f5baeb97e61b7ecc89?s=96&d=mm&r=g\",\"contentUrl\":\"https:\\\/\\\/secure.gravatar.com\\\/avatar\\\/42749d8b712ff9d59ca93dc150494e5b55a44134482993f5baeb97e61b7ecc89?s=96&d=mm&r=g\",\"caption\":\"Roberto\"},\"url\":\"https:\\\/\\\/regiaonews.net.br\\\/2022\\\/author\\\/roberto\\\/\"}]}<\/script>\n<!-- \/ Yoast SEO plugin. -->","yoast_head_json":{"title":"Cart\u00f3rio do 1\u00ba Tabelionato de Notas e Protestos est\u00e1 sob interven\u00e7\u00e3o - Regi\u00e3o News","robots":{"index":"index","follow":"follow","max-snippet":"max-snippet:-1","max-image-preview":"max-image-preview:large","max-video-preview":"max-video-preview:-1"},"canonical":"https:\/\/regiaonews.net.br\/2022\/2024\/07\/31\/cartorio-do-1o-tabelionato-de-notas-e-protestos-esta-sob-intervencao\/","og_locale":"pt_BR","og_type":"article","og_title":"Cart\u00f3rio do 1\u00ba Tabelionato de Notas e Protestos est\u00e1 sob interven\u00e7\u00e3o - Regi\u00e3o News","og_description":"Com o apoio da Pol\u00edcia Militar, o oficial de justi\u00e7a","og_url":"https:\/\/regiaonews.net.br\/2022\/2024\/07\/31\/cartorio-do-1o-tabelionato-de-notas-e-protestos-esta-sob-intervencao\/","og_site_name":"Regi\u00e3o News","article_published_time":"2024-07-31T22:39:46+00:00","article_modified_time":"2024-08-01T00:11:23+00:00","og_image":[{"width":680,"height":391,"url":"https:\/\/regiaonews.net.br\/2022\/wp-content\/uploads\/2024\/07\/images-2-1.jpeg","type":"image\/jpeg"}],"author":"Roberto","twitter_card":"summary_large_image","twitter_misc":{"Escrito por":"Roberto","Est. tempo de leitura":"2 minutos"},"schema":{"@context":"https:\/\/schema.org","@graph":[{"@type":"Article","@id":"https:\/\/regiaonews.net.br\/2022\/2024\/07\/31\/cartorio-do-1o-tabelionato-de-notas-e-protestos-esta-sob-intervencao\/#article","isPartOf":{"@id":"https:\/\/regiaonews.net.br\/2022\/2024\/07\/31\/cartorio-do-1o-tabelionato-de-notas-e-protestos-esta-sob-intervencao\/"},"author":{"name":"Roberto","@id":"https:\/\/regiaonews.net.br\/2022\/#\/schema\/person\/2d205a608a5aa97ac279d7a5e6d89ad8"},"headline":"Cart\u00f3rio do 1\u00ba Tabelionato de Notas e Protestos est\u00e1 sob interven\u00e7\u00e3o","datePublished":"2024-07-31T22:39:46+00:00","dateModified":"2024-08-01T00:11:23+00:00","mainEntityOfPage":{"@id":"https:\/\/regiaonews.net.br\/2022\/2024\/07\/31\/cartorio-do-1o-tabelionato-de-notas-e-protestos-esta-sob-intervencao\/"},"wordCount":317,"commentCount":0,"publisher":{"@id":"https:\/\/regiaonews.net.br\/2022\/#organization"},"image":{"@id":"https:\/\/regiaonews.net.br\/2022\/2024\/07\/31\/cartorio-do-1o-tabelionato-de-notas-e-protestos-esta-sob-intervencao\/#primaryimage"},"thumbnailUrl":"https:\/\/regiaonews.net.br\/2022\/wp-content\/uploads\/2024\/07\/images-2-1.jpeg","articleSection":["Barretos","Geral"],"inLanguage":"pt-BR","potentialAction":[{"@type":"CommentAction","name":"Comment","target":["https:\/\/regiaonews.net.br\/2022\/2024\/07\/31\/cartorio-do-1o-tabelionato-de-notas-e-protestos-esta-sob-intervencao\/#respond"]}]},{"@type":"WebPage","@id":"https:\/\/regiaonews.net.br\/2022\/2024\/07\/31\/cartorio-do-1o-tabelionato-de-notas-e-protestos-esta-sob-intervencao\/","url":"https:\/\/regiaonews.net.br\/2022\/2024\/07\/31\/cartorio-do-1o-tabelionato-de-notas-e-protestos-esta-sob-intervencao\/","name":"Cart\u00f3rio do 1\u00ba Tabelionato de Notas e Protestos est\u00e1 sob interven\u00e7\u00e3o - Regi\u00e3o News","isPartOf":{"@id":"https:\/\/regiaonews.net.br\/2022\/#website"},"primaryImageOfPage":{"@id":"https:\/\/regiaonews.net.br\/2022\/2024\/07\/31\/cartorio-do-1o-tabelionato-de-notas-e-protestos-esta-sob-intervencao\/#primaryimage"},"image":{"@id":"https:\/\/regiaonews.net.br\/2022\/2024\/07\/31\/cartorio-do-1o-tabelionato-de-notas-e-protestos-esta-sob-intervencao\/#primaryimage"},"thumbnailUrl":"https:\/\/regiaonews.net.br\/2022\/wp-content\/uploads\/2024\/07\/images-2-1.jpeg","datePublished":"2024-07-31T22:39:46+00:00","dateModified":"2024-08-01T00:11:23+00:00","breadcrumb":{"@id":"https:\/\/regiaonews.net.br\/2022\/2024\/07\/31\/cartorio-do-1o-tabelionato-de-notas-e-protestos-esta-sob-intervencao\/#breadcrumb"},"inLanguage":"pt-BR","potentialAction":[{"@type":"ReadAction","target":["https:\/\/regiaonews.net.br\/2022\/2024\/07\/31\/cartorio-do-1o-tabelionato-de-notas-e-protestos-esta-sob-intervencao\/"]}]},{"@type":"ImageObject","inLanguage":"pt-BR","@id":"https:\/\/regiaonews.net.br\/2022\/2024\/07\/31\/cartorio-do-1o-tabelionato-de-notas-e-protestos-esta-sob-intervencao\/#primaryimage","url":"https:\/\/regiaonews.net.br\/2022\/wp-content\/uploads\/2024\/07\/images-2-1.jpeg","contentUrl":"https:\/\/regiaonews.net.br\/2022\/wp-content\/uploads\/2024\/07\/images-2-1.jpeg","width":680,"height":391},{"@type":"BreadcrumbList","@id":"https:\/\/regiaonews.net.br\/2022\/2024\/07\/31\/cartorio-do-1o-tabelionato-de-notas-e-protestos-esta-sob-intervencao\/#breadcrumb","itemListElement":[{"@type":"ListItem","position":1,"name":"In\u00edcio","item":"https:\/\/regiaonews.net.br\/2022\/"},{"@type":"ListItem","position":2,"name":"Cart\u00f3rio do 1\u00ba Tabelionato de Notas e Protestos est\u00e1 sob interven\u00e7\u00e3o"}]},{"@type":"WebSite","@id":"https:\/\/regiaonews.net.br\/2022\/#website","url":"https:\/\/regiaonews.net.br\/2022\/","name":"Regi\u00e3o News","description":"Site de Not\u00edcias de Barretos e regi\u00e3o","publisher":{"@id":"https:\/\/regiaonews.net.br\/2022\/#organization"},"potentialAction":[{"@type":"SearchAction","target":{"@type":"EntryPoint","urlTemplate":"https:\/\/regiaonews.net.br\/2022\/?s={search_term_string}"},"query-input":{"@type":"PropertyValueSpecification","valueRequired":true,"valueName":"search_term_string"}}],"inLanguage":"pt-BR"},{"@type":"Organization","@id":"https:\/\/regiaonews.net.br\/2022\/#organization","name":"Regi\u00e3o News","url":"https:\/\/regiaonews.net.br\/2022\/","logo":{"@type":"ImageObject","inLanguage":"pt-BR","@id":"https:\/\/regiaonews.net.br\/2022\/#\/schema\/logo\/image\/","url":"https:\/\/regiaonews.net.br\/2022\/wp-content\/uploads\/2026\/03\/regiao-13-anos-scaled.jpg","contentUrl":"https:\/\/regiaonews.net.br\/2022\/wp-content\/uploads\/2026\/03\/regiao-13-anos-scaled.jpg","width":2560,"height":635,"caption":"Regi\u00e3o News"},"image":{"@id":"https:\/\/regiaonews.net.br\/2022\/#\/schema\/logo\/image\/"}},{"@type":"Person","@id":"https:\/\/regiaonews.net.br\/2022\/#\/schema\/person\/2d205a608a5aa97ac279d7a5e6d89ad8","name":"Roberto","image":{"@type":"ImageObject","inLanguage":"pt-BR","@id":"https:\/\/secure.gravatar.com\/avatar\/42749d8b712ff9d59ca93dc150494e5b55a44134482993f5baeb97e61b7ecc89?s=96&d=mm&r=g","url":"https:\/\/secure.gravatar.com\/avatar\/42749d8b712ff9d59ca93dc150494e5b55a44134482993f5baeb97e61b7ecc89?s=96&d=mm&r=g","contentUrl":"https:\/\/secure.gravatar.com\/avatar\/42749d8b712ff9d59ca93dc150494e5b55a44134482993f5baeb97e61b7ecc89?s=96&d=mm&r=g","caption":"Roberto"},"url":"https:\/\/regiaonews.net.br\/2022\/author\/roberto\/"}]}},"publishpress_future_action":{"enabled":false,"date":"2026-05-03 02:53:27","action":"change-status","newStatus":"draft","terms":[],"taxonomy":"category","extraData":[]},"publishpress_future_workflow_manual_trigger":{"enabledWorkflows":[]},"_links":{"self":[{"href":"https:\/\/regiaonews.net.br\/2022\/wp-json\/wp\/v2\/posts\/108250","targetHints":{"allow":["GET"]}}],"collection":[{"href":"https:\/\/regiaonews.net.br\/2022\/wp-json\/wp\/v2\/posts"}],"about":[{"href":"https:\/\/regiaonews.net.br\/2022\/wp-json\/wp\/v2\/types\/post"}],"author":[{"embeddable":true,"href":"https:\/\/regiaonews.net.br\/2022\/wp-json\/wp\/v2\/users\/2"}],"replies":[{"embeddable":true,"href":"https:\/\/regiaonews.net.br\/2022\/wp-json\/wp\/v2\/comments?post=108250"}],"version-history":[{"count":1,"href":"https:\/\/regiaonews.net.br\/2022\/wp-json\/wp\/v2\/posts\/108250\/revisions"}],"predecessor-version":[{"id":108251,"href":"https:\/\/regiaonews.net.br\/2022\/wp-json\/wp\/v2\/posts\/108250\/revisions\/108251"}],"wp:featuredmedia":[{"embeddable":true,"href":"https:\/\/regiaonews.net.br\/2022\/wp-json\/wp\/v2\/media\/108252"}],"wp:attachment":[{"href":"https:\/\/regiaonews.net.br\/2022\/wp-json\/wp\/v2\/media?parent=108250"}],"wp:term":[{"taxonomy":"category","embeddable":true,"href":"https:\/\/regiaonews.net.br\/2022\/wp-json\/wp\/v2\/categories?post=108250"},{"taxonomy":"post_tag","embeddable":true,"href":"https:\/\/regiaonews.net.br\/2022\/wp-json\/wp\/v2\/tags?post=108250"}],"curies":[{"name":"wp","href":"https:\/\/api.w.org\/{rel}","templated":true}]}}