{"id":108210,"date":"2024-07-30T20:18:49","date_gmt":"2024-07-30T23:18:49","guid":{"rendered":"https:\/\/regiaonews.net.br\/2022\/?p=108210"},"modified":"2024-07-30T20:18:49","modified_gmt":"2024-07-30T23:18:49","slug":"reinado-eterno-as-rainhas-da-festa-do-peao-e-a-proxima-exposicao-do-north-shopping-barretos","status":"publish","type":"post","link":"https:\/\/regiaonews.net.br\/2022\/2024\/07\/30\/reinado-eterno-as-rainhas-da-festa-do-peao-e-a-proxima-exposicao-do-north-shopping-barretos\/","title":{"rendered":"Reinado Eterno: As Rainhas da Festa do Pe\u00e3o\u201d \u00e9 a pr\u00f3xima exposi\u00e7\u00e3o do North Shopping Barretos"},"content":{"rendered":"<table role=\"presentation\" border=\"0\" width=\"100%\" cellspacing=\"0\" cellpadding=\"0\">\n<tbody>\n<tr>\n<td align=\"left\">\n<div>\n<p>\u201d<\/p>\n<\/div>\n<\/td>\n<\/tr>\n<tr>\n<td align=\"left\">\n<div>\n<p><em>O p\u00fablico vai conferir a hist\u00f3ria do famoso concurso da rainha da Festa de Barretos, fatos marcantes e trajet\u00f3rias de algumas delas, desde 1956<\/em><\/p>\n<\/div>\n<\/td>\n<\/tr>\n<tr>\n<td align=\"left\">\n<div>\n<p>A exposi\u00e7\u00e3o \u201cReinado Eterno: As Rainhas da Festa do Pe\u00e3o\u201d chega ao North Shopping Barretos de 1\u00ba a 31 de agosto, m\u00eas de realiza\u00e7\u00e3o da maior festa da Am\u00e9rica Latina, com a curadoria da Rainha do ano de 2003, Ligia Malandri.<\/p>\n<p>A mostra traz a hist\u00f3ria do concurso da rainha, fotos, nomes de todas as eleitas, curiosidades, fatos marcantes, trajet\u00f3rias de algumas rainhas e informa\u00e7\u00f5es de como elas est\u00e3o atualmente.<\/p>\n<p>&#8220;Estou fazendo a curadoria da mostra a convite do Ricardo Martins Marques, gerente geral do North Shopping Barretos. A exposi\u00e7\u00e3o \u00e9 uma maneira de homenagear o nosso trabalho junto a Associa\u00e7\u00e3o &#8216;Os Independentes&#8217;. Somos rainhas, trabalhamos na festa durante um ano e depois somos &#8216;esquecidas&#8217;, n\u00e3o temos acesso a nada e nenhum reconhecimento\u201d, afirmou Malandri, curadora da mostra.<\/p>\n<p>Ainda de acordo com L\u00edgia, &#8220;\u00e9 uma maneira de ressignificar o olhar para a Rainha da Festa de Barretos. Fomos eleitas pela beleza, desenvoltura na passarela e comunica\u00e7\u00e3o. Al\u00e9m disso, somos mulheres inteligentes e que contribuem com a festa durante o reinado. Desempenhamos o papel de porta-voz, rela\u00e7\u00f5es p\u00fablicas, al\u00e9m de representar as mulheres, que nem sempre s\u00e3o lembradas, mas que est\u00e3o ali no rodeio, participando como locutoras, peoas, madrinhas, assessoras de imprensa, entre outros cargos\u201d.<\/p>\n<p>Com mais de 15 anos de estudos e experi\u00eancia de atriz e apresentadora, tanto no palco quanto no audiovisual, a curadora da exposi\u00e7\u00e3o, Ligia Malandri, fez v\u00e1rios cursos e com forma\u00e7\u00f5es na \u00e1rea do desenvolvimento humano. Malandri \u00e9 empreendedora social, com os projetos &#8216;Fortalecendo Feminino&#8217;, &#8216;Campanha Entrela\u00e7adas&#8217; e \u00e9 produtora de v\u00eddeos na SATTVA Filmes.<\/p>\n<p>No total, 63 rainhas j\u00e1 foram eleitas, come\u00e7ando pela Primeira Rainha da Festa de Barretos, em 1956, Lecy Corr\u00eaa de Moraes.<\/p>\n<p>&nbsp;<\/p>\n<p><strong><em>Foto\u00a0 &#8211; Ligia Malandri, quando eleita Rainha da Festa do Pe\u00e3o de Barretos, no ano de 2003.<\/em><\/strong><\/p>\n<\/div>\n<\/td>\n<\/tr>\n<\/tbody>\n<\/table>\n","protected":false},"excerpt":{"rendered":"<p>\u201d O p\u00fablico vai conferir a hist\u00f3ria do famoso concurso<\/p>\n","protected":false},"author":2,"featured_media":108211,"comment_status":"open","ping_status":"open","sticky":false,"template":"","format":"standard","meta":{"footnotes":""},"categories":[14,3],"tags":[],"class_list":["post-108210","post","type-post","status-publish","format-standard","has-post-thumbnail","hentry","category-barretos","category-geral"],"yoast_head":"<!-- This site is optimized with the Yoast SEO plugin v27.4 - https:\/\/yoast.com\/product\/yoast-seo-wordpress\/ -->\n<title>Reinado Eterno: As Rainhas da Festa do Pe\u00e3o\u201d \u00e9 a pr\u00f3xima exposi\u00e7\u00e3o do North Shopping Barretos - Regi\u00e3o News<\/title>\n<meta name=\"robots\" content=\"index, follow, max-snippet:-1, max-image-preview:large, max-video-preview:-1\" \/>\n<link rel=\"canonical\" href=\"https:\/\/regiaonews.net.br\/2022\/2024\/07\/30\/reinado-eterno-as-rainhas-da-festa-do-peao-e-a-proxima-exposicao-do-north-shopping-barretos\/\" \/>\n<meta property=\"og:locale\" content=\"pt_BR\" \/>\n<meta property=\"og:type\" content=\"article\" \/>\n<meta property=\"og:title\" content=\"Reinado Eterno: As Rainhas da Festa do Pe\u00e3o\u201d \u00e9 a pr\u00f3xima exposi\u00e7\u00e3o do North Shopping Barretos - Regi\u00e3o News\" \/>\n<meta property=\"og:description\" content=\"\u201d O p\u00fablico vai conferir a hist\u00f3ria do famoso concurso\" \/>\n<meta property=\"og:url\" content=\"https:\/\/regiaonews.net.br\/2022\/2024\/07\/30\/reinado-eterno-as-rainhas-da-festa-do-peao-e-a-proxima-exposicao-do-north-shopping-barretos\/\" \/>\n<meta property=\"og:site_name\" content=\"Regi\u00e3o News\" \/>\n<meta property=\"article:published_time\" content=\"2024-07-30T23:18:49+00:00\" \/>\n<meta property=\"og:image\" content=\"https:\/\/regiaonews.net.br\/2022\/wp-content\/uploads\/2024\/07\/af2c062e-7e8c-4f67-b804-5b513c861a85.jpeg\" \/>\n\t<meta property=\"og:image:width\" content=\"908\" \/>\n\t<meta property=\"og:image:height\" content=\"1280\" \/>\n\t<meta property=\"og:image:type\" content=\"image\/jpeg\" \/>\n<meta name=\"author\" content=\"Roberto\" \/>\n<meta name=\"twitter:card\" content=\"summary_large_image\" \/>\n<meta name=\"twitter:label1\" content=\"Escrito por\" \/>\n\t<meta name=\"twitter:data1\" content=\"Roberto\" \/>\n\t<meta name=\"twitter:label2\" content=\"Est. tempo de leitura\" \/>\n\t<meta name=\"twitter:data2\" content=\"2 minutos\" \/>\n<script type=\"application\/ld+json\" class=\"yoast-schema-graph\">{\"@context\":\"https:\\\/\\\/schema.org\",\"@graph\":[{\"@type\":\"Article\",\"@id\":\"https:\\\/\\\/regiaonews.net.br\\\/2022\\\/2024\\\/07\\\/30\\\/reinado-eterno-as-rainhas-da-festa-do-peao-e-a-proxima-exposicao-do-north-shopping-barretos\\\/#article\",\"isPartOf\":{\"@id\":\"https:\\\/\\\/regiaonews.net.br\\\/2022\\\/2024\\\/07\\\/30\\\/reinado-eterno-as-rainhas-da-festa-do-peao-e-a-proxima-exposicao-do-north-shopping-barretos\\\/\"},\"author\":{\"name\":\"Roberto\",\"@id\":\"https:\\\/\\\/regiaonews.net.br\\\/2022\\\/#\\\/schema\\\/person\\\/2d205a608a5aa97ac279d7a5e6d89ad8\"},\"headline\":\"Reinado Eterno: As Rainhas da Festa do Pe\u00e3o\u201d \u00e9 a pr\u00f3xima exposi\u00e7\u00e3o do North Shopping Barretos\",\"datePublished\":\"2024-07-30T23:18:49+00:00\",\"mainEntityOfPage\":{\"@id\":\"https:\\\/\\\/regiaonews.net.br\\\/2022\\\/2024\\\/07\\\/30\\\/reinado-eterno-as-rainhas-da-festa-do-peao-e-a-proxima-exposicao-do-north-shopping-barretos\\\/\"},\"wordCount\":360,\"commentCount\":0,\"publisher\":{\"@id\":\"https:\\\/\\\/regiaonews.net.br\\\/2022\\\/#organization\"},\"image\":{\"@id\":\"https:\\\/\\\/regiaonews.net.br\\\/2022\\\/2024\\\/07\\\/30\\\/reinado-eterno-as-rainhas-da-festa-do-peao-e-a-proxima-exposicao-do-north-shopping-barretos\\\/#primaryimage\"},\"thumbnailUrl\":\"https:\\\/\\\/regiaonews.net.br\\\/2022\\\/wp-content\\\/uploads\\\/2024\\\/07\\\/af2c062e-7e8c-4f67-b804-5b513c861a85.jpeg\",\"articleSection\":[\"Barretos\",\"Geral\"],\"inLanguage\":\"pt-BR\",\"potentialAction\":[{\"@type\":\"CommentAction\",\"name\":\"Comment\",\"target\":[\"https:\\\/\\\/regiaonews.net.br\\\/2022\\\/2024\\\/07\\\/30\\\/reinado-eterno-as-rainhas-da-festa-do-peao-e-a-proxima-exposicao-do-north-shopping-barretos\\\/#respond\"]}]},{\"@type\":\"WebPage\",\"@id\":\"https:\\\/\\\/regiaonews.net.br\\\/2022\\\/2024\\\/07\\\/30\\\/reinado-eterno-as-rainhas-da-festa-do-peao-e-a-proxima-exposicao-do-north-shopping-barretos\\\/\",\"url\":\"https:\\\/\\\/regiaonews.net.br\\\/2022\\\/2024\\\/07\\\/30\\\/reinado-eterno-as-rainhas-da-festa-do-peao-e-a-proxima-exposicao-do-north-shopping-barretos\\\/\",\"name\":\"Reinado Eterno: As Rainhas da Festa do Pe\u00e3o\u201d \u00e9 a pr\u00f3xima exposi\u00e7\u00e3o do North Shopping Barretos - Regi\u00e3o News\",\"isPartOf\":{\"@id\":\"https:\\\/\\\/regiaonews.net.br\\\/2022\\\/#website\"},\"primaryImageOfPage\":{\"@id\":\"https:\\\/\\\/regiaonews.net.br\\\/2022\\\/2024\\\/07\\\/30\\\/reinado-eterno-as-rainhas-da-festa-do-peao-e-a-proxima-exposicao-do-north-shopping-barretos\\\/#primaryimage\"},\"image\":{\"@id\":\"https:\\\/\\\/regiaonews.net.br\\\/2022\\\/2024\\\/07\\\/30\\\/reinado-eterno-as-rainhas-da-festa-do-peao-e-a-proxima-exposicao-do-north-shopping-barretos\\\/#primaryimage\"},\"thumbnailUrl\":\"https:\\\/\\\/regiaonews.net.br\\\/2022\\\/wp-content\\\/uploads\\\/2024\\\/07\\\/af2c062e-7e8c-4f67-b804-5b513c861a85.jpeg\",\"datePublished\":\"2024-07-30T23:18:49+00:00\",\"breadcrumb\":{\"@id\":\"https:\\\/\\\/regiaonews.net.br\\\/2022\\\/2024\\\/07\\\/30\\\/reinado-eterno-as-rainhas-da-festa-do-peao-e-a-proxima-exposicao-do-north-shopping-barretos\\\/#breadcrumb\"},\"inLanguage\":\"pt-BR\",\"potentialAction\":[{\"@type\":\"ReadAction\",\"target\":[\"https:\\\/\\\/regiaonews.net.br\\\/2022\\\/2024\\\/07\\\/30\\\/reinado-eterno-as-rainhas-da-festa-do-peao-e-a-proxima-exposicao-do-north-shopping-barretos\\\/\"]}]},{\"@type\":\"ImageObject\",\"inLanguage\":\"pt-BR\",\"@id\":\"https:\\\/\\\/regiaonews.net.br\\\/2022\\\/2024\\\/07\\\/30\\\/reinado-eterno-as-rainhas-da-festa-do-peao-e-a-proxima-exposicao-do-north-shopping-barretos\\\/#primaryimage\",\"url\":\"https:\\\/\\\/regiaonews.net.br\\\/2022\\\/wp-content\\\/uploads\\\/2024\\\/07\\\/af2c062e-7e8c-4f67-b804-5b513c861a85.jpeg\",\"contentUrl\":\"https:\\\/\\\/regiaonews.net.br\\\/2022\\\/wp-content\\\/uploads\\\/2024\\\/07\\\/af2c062e-7e8c-4f67-b804-5b513c861a85.jpeg\",\"width\":908,\"height\":1280},{\"@type\":\"BreadcrumbList\",\"@id\":\"https:\\\/\\\/regiaonews.net.br\\\/2022\\\/2024\\\/07\\\/30\\\/reinado-eterno-as-rainhas-da-festa-do-peao-e-a-proxima-exposicao-do-north-shopping-barretos\\\/#breadcrumb\",\"itemListElement\":[{\"@type\":\"ListItem\",\"position\":1,\"name\":\"In\u00edcio\",\"item\":\"https:\\\/\\\/regiaonews.net.br\\\/2022\\\/\"},{\"@type\":\"ListItem\",\"position\":2,\"name\":\"Reinado Eterno: As Rainhas da Festa do Pe\u00e3o\u201d \u00e9 a pr\u00f3xima exposi\u00e7\u00e3o do North Shopping Barretos\"}]},{\"@type\":\"WebSite\",\"@id\":\"https:\\\/\\\/regiaonews.net.br\\\/2022\\\/#website\",\"url\":\"https:\\\/\\\/regiaonews.net.br\\\/2022\\\/\",\"name\":\"Regi\u00e3o News\",\"description\":\"Site de Not\u00edcias de Barretos e regi\u00e3o\",\"publisher\":{\"@id\":\"https:\\\/\\\/regiaonews.net.br\\\/2022\\\/#organization\"},\"potentialAction\":[{\"@type\":\"SearchAction\",\"target\":{\"@type\":\"EntryPoint\",\"urlTemplate\":\"https:\\\/\\\/regiaonews.net.br\\\/2022\\\/?s={search_term_string}\"},\"query-input\":{\"@type\":\"PropertyValueSpecification\",\"valueRequired\":true,\"valueName\":\"search_term_string\"}}],\"inLanguage\":\"pt-BR\"},{\"@type\":\"Organization\",\"@id\":\"https:\\\/\\\/regiaonews.net.br\\\/2022\\\/#organization\",\"name\":\"Regi\u00e3o News\",\"url\":\"https:\\\/\\\/regiaonews.net.br\\\/2022\\\/\",\"logo\":{\"@type\":\"ImageObject\",\"inLanguage\":\"pt-BR\",\"@id\":\"https:\\\/\\\/regiaonews.net.br\\\/2022\\\/#\\\/schema\\\/logo\\\/image\\\/\",\"url\":\"https:\\\/\\\/regiaonews.net.br\\\/2022\\\/wp-content\\\/uploads\\\/2026\\\/03\\\/regiao-13-anos-scaled.jpg\",\"contentUrl\":\"https:\\\/\\\/regiaonews.net.br\\\/2022\\\/wp-content\\\/uploads\\\/2026\\\/03\\\/regiao-13-anos-scaled.jpg\",\"width\":2560,\"height\":635,\"caption\":\"Regi\u00e3o News\"},\"image\":{\"@id\":\"https:\\\/\\\/regiaonews.net.br\\\/2022\\\/#\\\/schema\\\/logo\\\/image\\\/\"}},{\"@type\":\"Person\",\"@id\":\"https:\\\/\\\/regiaonews.net.br\\\/2022\\\/#\\\/schema\\\/person\\\/2d205a608a5aa97ac279d7a5e6d89ad8\",\"name\":\"Roberto\",\"image\":{\"@type\":\"ImageObject\",\"inLanguage\":\"pt-BR\",\"@id\":\"https:\\\/\\\/secure.gravatar.com\\\/avatar\\\/42749d8b712ff9d59ca93dc150494e5b55a44134482993f5baeb97e61b7ecc89?s=96&d=mm&r=g\",\"url\":\"https:\\\/\\\/secure.gravatar.com\\\/avatar\\\/42749d8b712ff9d59ca93dc150494e5b55a44134482993f5baeb97e61b7ecc89?s=96&d=mm&r=g\",\"contentUrl\":\"https:\\\/\\\/secure.gravatar.com\\\/avatar\\\/42749d8b712ff9d59ca93dc150494e5b55a44134482993f5baeb97e61b7ecc89?s=96&d=mm&r=g\",\"caption\":\"Roberto\"},\"url\":\"https:\\\/\\\/regiaonews.net.br\\\/2022\\\/author\\\/roberto\\\/\"}]}<\/script>\n<!-- \/ Yoast SEO plugin. -->","yoast_head_json":{"title":"Reinado Eterno: As Rainhas da Festa do Pe\u00e3o\u201d \u00e9 a pr\u00f3xima exposi\u00e7\u00e3o do North Shopping Barretos - Regi\u00e3o News","robots":{"index":"index","follow":"follow","max-snippet":"max-snippet:-1","max-image-preview":"max-image-preview:large","max-video-preview":"max-video-preview:-1"},"canonical":"https:\/\/regiaonews.net.br\/2022\/2024\/07\/30\/reinado-eterno-as-rainhas-da-festa-do-peao-e-a-proxima-exposicao-do-north-shopping-barretos\/","og_locale":"pt_BR","og_type":"article","og_title":"Reinado Eterno: As Rainhas da Festa do Pe\u00e3o\u201d \u00e9 a pr\u00f3xima exposi\u00e7\u00e3o do North Shopping Barretos - Regi\u00e3o News","og_description":"\u201d O p\u00fablico vai conferir a hist\u00f3ria do famoso concurso","og_url":"https:\/\/regiaonews.net.br\/2022\/2024\/07\/30\/reinado-eterno-as-rainhas-da-festa-do-peao-e-a-proxima-exposicao-do-north-shopping-barretos\/","og_site_name":"Regi\u00e3o News","article_published_time":"2024-07-30T23:18:49+00:00","og_image":[{"width":908,"height":1280,"url":"https:\/\/regiaonews.net.br\/2022\/wp-content\/uploads\/2024\/07\/af2c062e-7e8c-4f67-b804-5b513c861a85.jpeg","type":"image\/jpeg"}],"author":"Roberto","twitter_card":"summary_large_image","twitter_misc":{"Escrito por":"Roberto","Est. tempo de leitura":"2 minutos"},"schema":{"@context":"https:\/\/schema.org","@graph":[{"@type":"Article","@id":"https:\/\/regiaonews.net.br\/2022\/2024\/07\/30\/reinado-eterno-as-rainhas-da-festa-do-peao-e-a-proxima-exposicao-do-north-shopping-barretos\/#article","isPartOf":{"@id":"https:\/\/regiaonews.net.br\/2022\/2024\/07\/30\/reinado-eterno-as-rainhas-da-festa-do-peao-e-a-proxima-exposicao-do-north-shopping-barretos\/"},"author":{"name":"Roberto","@id":"https:\/\/regiaonews.net.br\/2022\/#\/schema\/person\/2d205a608a5aa97ac279d7a5e6d89ad8"},"headline":"Reinado Eterno: As Rainhas da Festa do Pe\u00e3o\u201d \u00e9 a pr\u00f3xima exposi\u00e7\u00e3o do North Shopping Barretos","datePublished":"2024-07-30T23:18:49+00:00","mainEntityOfPage":{"@id":"https:\/\/regiaonews.net.br\/2022\/2024\/07\/30\/reinado-eterno-as-rainhas-da-festa-do-peao-e-a-proxima-exposicao-do-north-shopping-barretos\/"},"wordCount":360,"commentCount":0,"publisher":{"@id":"https:\/\/regiaonews.net.br\/2022\/#organization"},"image":{"@id":"https:\/\/regiaonews.net.br\/2022\/2024\/07\/30\/reinado-eterno-as-rainhas-da-festa-do-peao-e-a-proxima-exposicao-do-north-shopping-barretos\/#primaryimage"},"thumbnailUrl":"https:\/\/regiaonews.net.br\/2022\/wp-content\/uploads\/2024\/07\/af2c062e-7e8c-4f67-b804-5b513c861a85.jpeg","articleSection":["Barretos","Geral"],"inLanguage":"pt-BR","potentialAction":[{"@type":"CommentAction","name":"Comment","target":["https:\/\/regiaonews.net.br\/2022\/2024\/07\/30\/reinado-eterno-as-rainhas-da-festa-do-peao-e-a-proxima-exposicao-do-north-shopping-barretos\/#respond"]}]},{"@type":"WebPage","@id":"https:\/\/regiaonews.net.br\/2022\/2024\/07\/30\/reinado-eterno-as-rainhas-da-festa-do-peao-e-a-proxima-exposicao-do-north-shopping-barretos\/","url":"https:\/\/regiaonews.net.br\/2022\/2024\/07\/30\/reinado-eterno-as-rainhas-da-festa-do-peao-e-a-proxima-exposicao-do-north-shopping-barretos\/","name":"Reinado Eterno: As Rainhas da Festa do Pe\u00e3o\u201d \u00e9 a pr\u00f3xima exposi\u00e7\u00e3o do North Shopping Barretos - Regi\u00e3o News","isPartOf":{"@id":"https:\/\/regiaonews.net.br\/2022\/#website"},"primaryImageOfPage":{"@id":"https:\/\/regiaonews.net.br\/2022\/2024\/07\/30\/reinado-eterno-as-rainhas-da-festa-do-peao-e-a-proxima-exposicao-do-north-shopping-barretos\/#primaryimage"},"image":{"@id":"https:\/\/regiaonews.net.br\/2022\/2024\/07\/30\/reinado-eterno-as-rainhas-da-festa-do-peao-e-a-proxima-exposicao-do-north-shopping-barretos\/#primaryimage"},"thumbnailUrl":"https:\/\/regiaonews.net.br\/2022\/wp-content\/uploads\/2024\/07\/af2c062e-7e8c-4f67-b804-5b513c861a85.jpeg","datePublished":"2024-07-30T23:18:49+00:00","breadcrumb":{"@id":"https:\/\/regiaonews.net.br\/2022\/2024\/07\/30\/reinado-eterno-as-rainhas-da-festa-do-peao-e-a-proxima-exposicao-do-north-shopping-barretos\/#breadcrumb"},"inLanguage":"pt-BR","potentialAction":[{"@type":"ReadAction","target":["https:\/\/regiaonews.net.br\/2022\/2024\/07\/30\/reinado-eterno-as-rainhas-da-festa-do-peao-e-a-proxima-exposicao-do-north-shopping-barretos\/"]}]},{"@type":"ImageObject","inLanguage":"pt-BR","@id":"https:\/\/regiaonews.net.br\/2022\/2024\/07\/30\/reinado-eterno-as-rainhas-da-festa-do-peao-e-a-proxima-exposicao-do-north-shopping-barretos\/#primaryimage","url":"https:\/\/regiaonews.net.br\/2022\/wp-content\/uploads\/2024\/07\/af2c062e-7e8c-4f67-b804-5b513c861a85.jpeg","contentUrl":"https:\/\/regiaonews.net.br\/2022\/wp-content\/uploads\/2024\/07\/af2c062e-7e8c-4f67-b804-5b513c861a85.jpeg","width":908,"height":1280},{"@type":"BreadcrumbList","@id":"https:\/\/regiaonews.net.br\/2022\/2024\/07\/30\/reinado-eterno-as-rainhas-da-festa-do-peao-e-a-proxima-exposicao-do-north-shopping-barretos\/#breadcrumb","itemListElement":[{"@type":"ListItem","position":1,"name":"In\u00edcio","item":"https:\/\/regiaonews.net.br\/2022\/"},{"@type":"ListItem","position":2,"name":"Reinado Eterno: As Rainhas da Festa do Pe\u00e3o\u201d \u00e9 a pr\u00f3xima exposi\u00e7\u00e3o do North Shopping Barretos"}]},{"@type":"WebSite","@id":"https:\/\/regiaonews.net.br\/2022\/#website","url":"https:\/\/regiaonews.net.br\/2022\/","name":"Regi\u00e3o News","description":"Site de Not\u00edcias de Barretos e regi\u00e3o","publisher":{"@id":"https:\/\/regiaonews.net.br\/2022\/#organization"},"potentialAction":[{"@type":"SearchAction","target":{"@type":"EntryPoint","urlTemplate":"https:\/\/regiaonews.net.br\/2022\/?s={search_term_string}"},"query-input":{"@type":"PropertyValueSpecification","valueRequired":true,"valueName":"search_term_string"}}],"inLanguage":"pt-BR"},{"@type":"Organization","@id":"https:\/\/regiaonews.net.br\/2022\/#organization","name":"Regi\u00e3o News","url":"https:\/\/regiaonews.net.br\/2022\/","logo":{"@type":"ImageObject","inLanguage":"pt-BR","@id":"https:\/\/regiaonews.net.br\/2022\/#\/schema\/logo\/image\/","url":"https:\/\/regiaonews.net.br\/2022\/wp-content\/uploads\/2026\/03\/regiao-13-anos-scaled.jpg","contentUrl":"https:\/\/regiaonews.net.br\/2022\/wp-content\/uploads\/2026\/03\/regiao-13-anos-scaled.jpg","width":2560,"height":635,"caption":"Regi\u00e3o News"},"image":{"@id":"https:\/\/regiaonews.net.br\/2022\/#\/schema\/logo\/image\/"}},{"@type":"Person","@id":"https:\/\/regiaonews.net.br\/2022\/#\/schema\/person\/2d205a608a5aa97ac279d7a5e6d89ad8","name":"Roberto","image":{"@type":"ImageObject","inLanguage":"pt-BR","@id":"https:\/\/secure.gravatar.com\/avatar\/42749d8b712ff9d59ca93dc150494e5b55a44134482993f5baeb97e61b7ecc89?s=96&d=mm&r=g","url":"https:\/\/secure.gravatar.com\/avatar\/42749d8b712ff9d59ca93dc150494e5b55a44134482993f5baeb97e61b7ecc89?s=96&d=mm&r=g","contentUrl":"https:\/\/secure.gravatar.com\/avatar\/42749d8b712ff9d59ca93dc150494e5b55a44134482993f5baeb97e61b7ecc89?s=96&d=mm&r=g","caption":"Roberto"},"url":"https:\/\/regiaonews.net.br\/2022\/author\/roberto\/"}]}},"publishpress_future_action":{"enabled":false,"date":"2026-05-03 01:35:47","action":"change-status","newStatus":"draft","terms":[],"taxonomy":"category","extraData":[]},"publishpress_future_workflow_manual_trigger":{"enabledWorkflows":[]},"_links":{"self":[{"href":"https:\/\/regiaonews.net.br\/2022\/wp-json\/wp\/v2\/posts\/108210","targetHints":{"allow":["GET"]}}],"collection":[{"href":"https:\/\/regiaonews.net.br\/2022\/wp-json\/wp\/v2\/posts"}],"about":[{"href":"https:\/\/regiaonews.net.br\/2022\/wp-json\/wp\/v2\/types\/post"}],"author":[{"embeddable":true,"href":"https:\/\/regiaonews.net.br\/2022\/wp-json\/wp\/v2\/users\/2"}],"replies":[{"embeddable":true,"href":"https:\/\/regiaonews.net.br\/2022\/wp-json\/wp\/v2\/comments?post=108210"}],"version-history":[{"count":1,"href":"https:\/\/regiaonews.net.br\/2022\/wp-json\/wp\/v2\/posts\/108210\/revisions"}],"predecessor-version":[{"id":108212,"href":"https:\/\/regiaonews.net.br\/2022\/wp-json\/wp\/v2\/posts\/108210\/revisions\/108212"}],"wp:featuredmedia":[{"embeddable":true,"href":"https:\/\/regiaonews.net.br\/2022\/wp-json\/wp\/v2\/media\/108211"}],"wp:attachment":[{"href":"https:\/\/regiaonews.net.br\/2022\/wp-json\/wp\/v2\/media?parent=108210"}],"wp:term":[{"taxonomy":"category","embeddable":true,"href":"https:\/\/regiaonews.net.br\/2022\/wp-json\/wp\/v2\/categories?post=108210"},{"taxonomy":"post_tag","embeddable":true,"href":"https:\/\/regiaonews.net.br\/2022\/wp-json\/wp\/v2\/tags?post=108210"}],"curies":[{"name":"wp","href":"https:\/\/api.w.org\/{rel}","templated":true}]}}