{"id":108112,"date":"2024-07-28T10:57:36","date_gmt":"2024-07-28T13:57:36","guid":{"rendered":"https:\/\/regiaonews.net.br\/2022\/?p=108112"},"modified":"2024-07-28T11:01:05","modified_gmt":"2024-07-28T14:01:05","slug":"palmeiras-e-sao-paulo-perdem-na-abertura-do-brasileirao","status":"publish","type":"post","link":"https:\/\/regiaonews.net.br\/2022\/2024\/07\/28\/palmeiras-e-sao-paulo-perdem-na-abertura-do-brasileirao\/","title":{"rendered":"Palmeiras e S\u00e3o Paulo perdem na abertura do Brasileir\u00e3o"},"content":{"rendered":"<p>Foto &#8211; C\u00e9sar Greco\/Palmeiras<\/p>\n<div class=\"row col-equal-h clear\">\n<div class=\"post col-md-9 col-sm-12\">\n<p>O s\u00e1bado (27) foi complicado para os dois times paulistas que entraram em campo pelo Brasileir\u00e3o. O Palmeiras foi derrotado pelo Vit\u00f3ria, enquanto o S\u00e3o Paulo foi superado pelo Fortaleza na 20\u00aa rodada, que abre o returno da competi\u00e7\u00e3o.<\/p>\n<p>Jogando em casa, no Allianz Parque, o Palmeiras escalou um time alternativo e foi surpreendido pelo Vit\u00f3ria, que venceu por 2 a 0. Os gols foram marcados por Osvaldo e Matheuzinho, ambos no segundo tempo.<\/p>\n<p>Com o resultado, o Palmeiras segue com 36 pontos, em terceiro lugar, atr\u00e1s de Flamengo, com 37, mas que ainda joga na rodada e tem um jogo atrasado. O l\u00edder Botafogo tem 40, pois perdeu para o Cruzeiro por 3 a 0. O Vit\u00f3ria soma 18, em 16\u00ba.<\/p>\n<p>O alviverde volta a campo pela 21\u00aa rodada apenas no domingo (4), \u00e0s 17h, quando visita o Internacional no Beira-Rio, em Porto Alegre (RS). Antes, na quarta (31), \u00e0s 20h, faz o primeiro jogo das oitavas de final da Copa do Brasil, diante do Flamengo, no Maracan\u00e3, no Rio de Janeiro.<\/p>\n<p>O S\u00e3o Paulo foi derrotado pelo Fortaleza por 1 a 0 na Arena Castel\u00e3o, na capital cearense. O \u00fanico gol foi marcado por Renato Kayzer, logo no come\u00e7o do primeiro tempo em cobran\u00e7a de p\u00eanalti.<\/p>\n<p>Com isso, o S\u00e3o Paulo permanece com 32 pontos, em sexto lugar. O Fortaleza chegou a 36 e segue no G4, em quarto lugar.<\/p>\n<p>Na 21\u00aa rodada, o S\u00e3o Paulo duela com o Flamengo no s\u00e1bado (3), \u00e0s 21h30. Na ter\u00e7a-feira (30), por\u00e9m, o time paulista entra em campo diante do Goi\u00e1s pelo jogo de ida das oitavas da Copa do Brasil. Ambos os jogos ser\u00e3o realizados no MorumBIS<\/p>\n<\/div>\n<\/div>\n","protected":false},"excerpt":{"rendered":"<p>Foto &#8211; C\u00e9sar Greco\/Palmeiras O s\u00e1bado (27) foi complicado para<\/p>\n","protected":false},"author":2,"featured_media":108114,"comment_status":"open","ping_status":"open","sticky":false,"template":"","format":"standard","meta":{"footnotes":""},"categories":[127,21],"tags":[],"class_list":["post-108112","post","type-post","status-publish","format-standard","has-post-thumbnail","hentry","category-brasileirao","category-esporte"],"yoast_head":"<!-- This site is optimized with the Yoast SEO plugin v27.4 - https:\/\/yoast.com\/product\/yoast-seo-wordpress\/ -->\n<title>Palmeiras e S\u00e3o Paulo perdem na abertura do Brasileir\u00e3o - Regi\u00e3o News<\/title>\n<meta name=\"robots\" content=\"index, follow, max-snippet:-1, max-image-preview:large, max-video-preview:-1\" \/>\n<link rel=\"canonical\" href=\"https:\/\/regiaonews.net.br\/2022\/2024\/07\/28\/palmeiras-e-sao-paulo-perdem-na-abertura-do-brasileirao\/\" \/>\n<meta property=\"og:locale\" content=\"pt_BR\" \/>\n<meta property=\"og:type\" content=\"article\" \/>\n<meta property=\"og:title\" content=\"Palmeiras e S\u00e3o Paulo perdem na abertura do Brasileir\u00e3o - Regi\u00e3o News\" \/>\n<meta property=\"og:description\" content=\"Foto &#8211; C\u00e9sar Greco\/Palmeiras O s\u00e1bado (27) foi complicado para\" \/>\n<meta property=\"og:url\" content=\"https:\/\/regiaonews.net.br\/2022\/2024\/07\/28\/palmeiras-e-sao-paulo-perdem-na-abertura-do-brasileirao\/\" \/>\n<meta property=\"og:site_name\" content=\"Regi\u00e3o News\" \/>\n<meta property=\"article:published_time\" content=\"2024-07-28T13:57:36+00:00\" \/>\n<meta property=\"article:modified_time\" content=\"2024-07-28T14:01:05+00:00\" \/>\n<meta property=\"og:image\" content=\"https:\/\/regiaonews.net.br\/2022\/wp-content\/uploads\/2024\/07\/53884638512_bc145e39ed_z.jpg\" \/>\n\t<meta property=\"og:image:width\" content=\"609\" \/>\n\t<meta property=\"og:image:height\" content=\"640\" \/>\n\t<meta property=\"og:image:type\" content=\"image\/jpeg\" \/>\n<meta name=\"author\" content=\"Roberto\" \/>\n<meta name=\"twitter:card\" content=\"summary_large_image\" \/>\n<meta name=\"twitter:label1\" content=\"Escrito por\" \/>\n\t<meta name=\"twitter:data1\" content=\"Roberto\" \/>\n\t<meta name=\"twitter:label2\" content=\"Est. tempo de leitura\" \/>\n\t<meta name=\"twitter:data2\" content=\"2 minutos\" \/>\n<script type=\"application\/ld+json\" class=\"yoast-schema-graph\">{\"@context\":\"https:\\\/\\\/schema.org\",\"@graph\":[{\"@type\":\"Article\",\"@id\":\"https:\\\/\\\/regiaonews.net.br\\\/2022\\\/2024\\\/07\\\/28\\\/palmeiras-e-sao-paulo-perdem-na-abertura-do-brasileirao\\\/#article\",\"isPartOf\":{\"@id\":\"https:\\\/\\\/regiaonews.net.br\\\/2022\\\/2024\\\/07\\\/28\\\/palmeiras-e-sao-paulo-perdem-na-abertura-do-brasileirao\\\/\"},\"author\":{\"name\":\"Roberto\",\"@id\":\"https:\\\/\\\/regiaonews.net.br\\\/2022\\\/#\\\/schema\\\/person\\\/2d205a608a5aa97ac279d7a5e6d89ad8\"},\"headline\":\"Palmeiras e S\u00e3o Paulo perdem na abertura do Brasileir\u00e3o\",\"datePublished\":\"2024-07-28T13:57:36+00:00\",\"dateModified\":\"2024-07-28T14:01:05+00:00\",\"mainEntityOfPage\":{\"@id\":\"https:\\\/\\\/regiaonews.net.br\\\/2022\\\/2024\\\/07\\\/28\\\/palmeiras-e-sao-paulo-perdem-na-abertura-do-brasileirao\\\/\"},\"wordCount\":294,\"commentCount\":0,\"publisher\":{\"@id\":\"https:\\\/\\\/regiaonews.net.br\\\/2022\\\/#organization\"},\"image\":{\"@id\":\"https:\\\/\\\/regiaonews.net.br\\\/2022\\\/2024\\\/07\\\/28\\\/palmeiras-e-sao-paulo-perdem-na-abertura-do-brasileirao\\\/#primaryimage\"},\"thumbnailUrl\":\"https:\\\/\\\/regiaonews.net.br\\\/2022\\\/wp-content\\\/uploads\\\/2024\\\/07\\\/53884638512_bc145e39ed_z.jpg\",\"articleSection\":[\"Brasileir\u00e3o\",\"Esporte\"],\"inLanguage\":\"pt-BR\",\"potentialAction\":[{\"@type\":\"CommentAction\",\"name\":\"Comment\",\"target\":[\"https:\\\/\\\/regiaonews.net.br\\\/2022\\\/2024\\\/07\\\/28\\\/palmeiras-e-sao-paulo-perdem-na-abertura-do-brasileirao\\\/#respond\"]}]},{\"@type\":\"WebPage\",\"@id\":\"https:\\\/\\\/regiaonews.net.br\\\/2022\\\/2024\\\/07\\\/28\\\/palmeiras-e-sao-paulo-perdem-na-abertura-do-brasileirao\\\/\",\"url\":\"https:\\\/\\\/regiaonews.net.br\\\/2022\\\/2024\\\/07\\\/28\\\/palmeiras-e-sao-paulo-perdem-na-abertura-do-brasileirao\\\/\",\"name\":\"Palmeiras e S\u00e3o Paulo perdem na abertura do Brasileir\u00e3o - Regi\u00e3o News\",\"isPartOf\":{\"@id\":\"https:\\\/\\\/regiaonews.net.br\\\/2022\\\/#website\"},\"primaryImageOfPage\":{\"@id\":\"https:\\\/\\\/regiaonews.net.br\\\/2022\\\/2024\\\/07\\\/28\\\/palmeiras-e-sao-paulo-perdem-na-abertura-do-brasileirao\\\/#primaryimage\"},\"image\":{\"@id\":\"https:\\\/\\\/regiaonews.net.br\\\/2022\\\/2024\\\/07\\\/28\\\/palmeiras-e-sao-paulo-perdem-na-abertura-do-brasileirao\\\/#primaryimage\"},\"thumbnailUrl\":\"https:\\\/\\\/regiaonews.net.br\\\/2022\\\/wp-content\\\/uploads\\\/2024\\\/07\\\/53884638512_bc145e39ed_z.jpg\",\"datePublished\":\"2024-07-28T13:57:36+00:00\",\"dateModified\":\"2024-07-28T14:01:05+00:00\",\"breadcrumb\":{\"@id\":\"https:\\\/\\\/regiaonews.net.br\\\/2022\\\/2024\\\/07\\\/28\\\/palmeiras-e-sao-paulo-perdem-na-abertura-do-brasileirao\\\/#breadcrumb\"},\"inLanguage\":\"pt-BR\",\"potentialAction\":[{\"@type\":\"ReadAction\",\"target\":[\"https:\\\/\\\/regiaonews.net.br\\\/2022\\\/2024\\\/07\\\/28\\\/palmeiras-e-sao-paulo-perdem-na-abertura-do-brasileirao\\\/\"]}]},{\"@type\":\"ImageObject\",\"inLanguage\":\"pt-BR\",\"@id\":\"https:\\\/\\\/regiaonews.net.br\\\/2022\\\/2024\\\/07\\\/28\\\/palmeiras-e-sao-paulo-perdem-na-abertura-do-brasileirao\\\/#primaryimage\",\"url\":\"https:\\\/\\\/regiaonews.net.br\\\/2022\\\/wp-content\\\/uploads\\\/2024\\\/07\\\/53884638512_bc145e39ed_z.jpg\",\"contentUrl\":\"https:\\\/\\\/regiaonews.net.br\\\/2022\\\/wp-content\\\/uploads\\\/2024\\\/07\\\/53884638512_bc145e39ed_z.jpg\",\"width\":609,\"height\":640},{\"@type\":\"BreadcrumbList\",\"@id\":\"https:\\\/\\\/regiaonews.net.br\\\/2022\\\/2024\\\/07\\\/28\\\/palmeiras-e-sao-paulo-perdem-na-abertura-do-brasileirao\\\/#breadcrumb\",\"itemListElement\":[{\"@type\":\"ListItem\",\"position\":1,\"name\":\"In\u00edcio\",\"item\":\"https:\\\/\\\/regiaonews.net.br\\\/2022\\\/\"},{\"@type\":\"ListItem\",\"position\":2,\"name\":\"Palmeiras e S\u00e3o Paulo perdem na abertura do Brasileir\u00e3o\"}]},{\"@type\":\"WebSite\",\"@id\":\"https:\\\/\\\/regiaonews.net.br\\\/2022\\\/#website\",\"url\":\"https:\\\/\\\/regiaonews.net.br\\\/2022\\\/\",\"name\":\"Regi\u00e3o News\",\"description\":\"Site de Not\u00edcias de Barretos e regi\u00e3o\",\"publisher\":{\"@id\":\"https:\\\/\\\/regiaonews.net.br\\\/2022\\\/#organization\"},\"potentialAction\":[{\"@type\":\"SearchAction\",\"target\":{\"@type\":\"EntryPoint\",\"urlTemplate\":\"https:\\\/\\\/regiaonews.net.br\\\/2022\\\/?s={search_term_string}\"},\"query-input\":{\"@type\":\"PropertyValueSpecification\",\"valueRequired\":true,\"valueName\":\"search_term_string\"}}],\"inLanguage\":\"pt-BR\"},{\"@type\":\"Organization\",\"@id\":\"https:\\\/\\\/regiaonews.net.br\\\/2022\\\/#organization\",\"name\":\"Regi\u00e3o News\",\"url\":\"https:\\\/\\\/regiaonews.net.br\\\/2022\\\/\",\"logo\":{\"@type\":\"ImageObject\",\"inLanguage\":\"pt-BR\",\"@id\":\"https:\\\/\\\/regiaonews.net.br\\\/2022\\\/#\\\/schema\\\/logo\\\/image\\\/\",\"url\":\"https:\\\/\\\/regiaonews.net.br\\\/2022\\\/wp-content\\\/uploads\\\/2026\\\/03\\\/regiao-13-anos-scaled.jpg\",\"contentUrl\":\"https:\\\/\\\/regiaonews.net.br\\\/2022\\\/wp-content\\\/uploads\\\/2026\\\/03\\\/regiao-13-anos-scaled.jpg\",\"width\":2560,\"height\":635,\"caption\":\"Regi\u00e3o News\"},\"image\":{\"@id\":\"https:\\\/\\\/regiaonews.net.br\\\/2022\\\/#\\\/schema\\\/logo\\\/image\\\/\"}},{\"@type\":\"Person\",\"@id\":\"https:\\\/\\\/regiaonews.net.br\\\/2022\\\/#\\\/schema\\\/person\\\/2d205a608a5aa97ac279d7a5e6d89ad8\",\"name\":\"Roberto\",\"image\":{\"@type\":\"ImageObject\",\"inLanguage\":\"pt-BR\",\"@id\":\"https:\\\/\\\/secure.gravatar.com\\\/avatar\\\/42749d8b712ff9d59ca93dc150494e5b55a44134482993f5baeb97e61b7ecc89?s=96&d=mm&r=g\",\"url\":\"https:\\\/\\\/secure.gravatar.com\\\/avatar\\\/42749d8b712ff9d59ca93dc150494e5b55a44134482993f5baeb97e61b7ecc89?s=96&d=mm&r=g\",\"contentUrl\":\"https:\\\/\\\/secure.gravatar.com\\\/avatar\\\/42749d8b712ff9d59ca93dc150494e5b55a44134482993f5baeb97e61b7ecc89?s=96&d=mm&r=g\",\"caption\":\"Roberto\"},\"url\":\"https:\\\/\\\/regiaonews.net.br\\\/2022\\\/author\\\/roberto\\\/\"}]}<\/script>\n<!-- \/ Yoast SEO plugin. -->","yoast_head_json":{"title":"Palmeiras e S\u00e3o Paulo perdem na abertura do Brasileir\u00e3o - Regi\u00e3o News","robots":{"index":"index","follow":"follow","max-snippet":"max-snippet:-1","max-image-preview":"max-image-preview:large","max-video-preview":"max-video-preview:-1"},"canonical":"https:\/\/regiaonews.net.br\/2022\/2024\/07\/28\/palmeiras-e-sao-paulo-perdem-na-abertura-do-brasileirao\/","og_locale":"pt_BR","og_type":"article","og_title":"Palmeiras e S\u00e3o Paulo perdem na abertura do Brasileir\u00e3o - Regi\u00e3o News","og_description":"Foto &#8211; C\u00e9sar Greco\/Palmeiras O s\u00e1bado (27) foi complicado para","og_url":"https:\/\/regiaonews.net.br\/2022\/2024\/07\/28\/palmeiras-e-sao-paulo-perdem-na-abertura-do-brasileirao\/","og_site_name":"Regi\u00e3o News","article_published_time":"2024-07-28T13:57:36+00:00","article_modified_time":"2024-07-28T14:01:05+00:00","og_image":[{"width":609,"height":640,"url":"https:\/\/regiaonews.net.br\/2022\/wp-content\/uploads\/2024\/07\/53884638512_bc145e39ed_z.jpg","type":"image\/jpeg"}],"author":"Roberto","twitter_card":"summary_large_image","twitter_misc":{"Escrito por":"Roberto","Est. tempo de leitura":"2 minutos"},"schema":{"@context":"https:\/\/schema.org","@graph":[{"@type":"Article","@id":"https:\/\/regiaonews.net.br\/2022\/2024\/07\/28\/palmeiras-e-sao-paulo-perdem-na-abertura-do-brasileirao\/#article","isPartOf":{"@id":"https:\/\/regiaonews.net.br\/2022\/2024\/07\/28\/palmeiras-e-sao-paulo-perdem-na-abertura-do-brasileirao\/"},"author":{"name":"Roberto","@id":"https:\/\/regiaonews.net.br\/2022\/#\/schema\/person\/2d205a608a5aa97ac279d7a5e6d89ad8"},"headline":"Palmeiras e S\u00e3o Paulo perdem na abertura do Brasileir\u00e3o","datePublished":"2024-07-28T13:57:36+00:00","dateModified":"2024-07-28T14:01:05+00:00","mainEntityOfPage":{"@id":"https:\/\/regiaonews.net.br\/2022\/2024\/07\/28\/palmeiras-e-sao-paulo-perdem-na-abertura-do-brasileirao\/"},"wordCount":294,"commentCount":0,"publisher":{"@id":"https:\/\/regiaonews.net.br\/2022\/#organization"},"image":{"@id":"https:\/\/regiaonews.net.br\/2022\/2024\/07\/28\/palmeiras-e-sao-paulo-perdem-na-abertura-do-brasileirao\/#primaryimage"},"thumbnailUrl":"https:\/\/regiaonews.net.br\/2022\/wp-content\/uploads\/2024\/07\/53884638512_bc145e39ed_z.jpg","articleSection":["Brasileir\u00e3o","Esporte"],"inLanguage":"pt-BR","potentialAction":[{"@type":"CommentAction","name":"Comment","target":["https:\/\/regiaonews.net.br\/2022\/2024\/07\/28\/palmeiras-e-sao-paulo-perdem-na-abertura-do-brasileirao\/#respond"]}]},{"@type":"WebPage","@id":"https:\/\/regiaonews.net.br\/2022\/2024\/07\/28\/palmeiras-e-sao-paulo-perdem-na-abertura-do-brasileirao\/","url":"https:\/\/regiaonews.net.br\/2022\/2024\/07\/28\/palmeiras-e-sao-paulo-perdem-na-abertura-do-brasileirao\/","name":"Palmeiras e S\u00e3o Paulo perdem na abertura do Brasileir\u00e3o - Regi\u00e3o News","isPartOf":{"@id":"https:\/\/regiaonews.net.br\/2022\/#website"},"primaryImageOfPage":{"@id":"https:\/\/regiaonews.net.br\/2022\/2024\/07\/28\/palmeiras-e-sao-paulo-perdem-na-abertura-do-brasileirao\/#primaryimage"},"image":{"@id":"https:\/\/regiaonews.net.br\/2022\/2024\/07\/28\/palmeiras-e-sao-paulo-perdem-na-abertura-do-brasileirao\/#primaryimage"},"thumbnailUrl":"https:\/\/regiaonews.net.br\/2022\/wp-content\/uploads\/2024\/07\/53884638512_bc145e39ed_z.jpg","datePublished":"2024-07-28T13:57:36+00:00","dateModified":"2024-07-28T14:01:05+00:00","breadcrumb":{"@id":"https:\/\/regiaonews.net.br\/2022\/2024\/07\/28\/palmeiras-e-sao-paulo-perdem-na-abertura-do-brasileirao\/#breadcrumb"},"inLanguage":"pt-BR","potentialAction":[{"@type":"ReadAction","target":["https:\/\/regiaonews.net.br\/2022\/2024\/07\/28\/palmeiras-e-sao-paulo-perdem-na-abertura-do-brasileirao\/"]}]},{"@type":"ImageObject","inLanguage":"pt-BR","@id":"https:\/\/regiaonews.net.br\/2022\/2024\/07\/28\/palmeiras-e-sao-paulo-perdem-na-abertura-do-brasileirao\/#primaryimage","url":"https:\/\/regiaonews.net.br\/2022\/wp-content\/uploads\/2024\/07\/53884638512_bc145e39ed_z.jpg","contentUrl":"https:\/\/regiaonews.net.br\/2022\/wp-content\/uploads\/2024\/07\/53884638512_bc145e39ed_z.jpg","width":609,"height":640},{"@type":"BreadcrumbList","@id":"https:\/\/regiaonews.net.br\/2022\/2024\/07\/28\/palmeiras-e-sao-paulo-perdem-na-abertura-do-brasileirao\/#breadcrumb","itemListElement":[{"@type":"ListItem","position":1,"name":"In\u00edcio","item":"https:\/\/regiaonews.net.br\/2022\/"},{"@type":"ListItem","position":2,"name":"Palmeiras e S\u00e3o Paulo perdem na abertura do Brasileir\u00e3o"}]},{"@type":"WebSite","@id":"https:\/\/regiaonews.net.br\/2022\/#website","url":"https:\/\/regiaonews.net.br\/2022\/","name":"Regi\u00e3o News","description":"Site de Not\u00edcias de Barretos e regi\u00e3o","publisher":{"@id":"https:\/\/regiaonews.net.br\/2022\/#organization"},"potentialAction":[{"@type":"SearchAction","target":{"@type":"EntryPoint","urlTemplate":"https:\/\/regiaonews.net.br\/2022\/?s={search_term_string}"},"query-input":{"@type":"PropertyValueSpecification","valueRequired":true,"valueName":"search_term_string"}}],"inLanguage":"pt-BR"},{"@type":"Organization","@id":"https:\/\/regiaonews.net.br\/2022\/#organization","name":"Regi\u00e3o News","url":"https:\/\/regiaonews.net.br\/2022\/","logo":{"@type":"ImageObject","inLanguage":"pt-BR","@id":"https:\/\/regiaonews.net.br\/2022\/#\/schema\/logo\/image\/","url":"https:\/\/regiaonews.net.br\/2022\/wp-content\/uploads\/2026\/03\/regiao-13-anos-scaled.jpg","contentUrl":"https:\/\/regiaonews.net.br\/2022\/wp-content\/uploads\/2026\/03\/regiao-13-anos-scaled.jpg","width":2560,"height":635,"caption":"Regi\u00e3o News"},"image":{"@id":"https:\/\/regiaonews.net.br\/2022\/#\/schema\/logo\/image\/"}},{"@type":"Person","@id":"https:\/\/regiaonews.net.br\/2022\/#\/schema\/person\/2d205a608a5aa97ac279d7a5e6d89ad8","name":"Roberto","image":{"@type":"ImageObject","inLanguage":"pt-BR","@id":"https:\/\/secure.gravatar.com\/avatar\/42749d8b712ff9d59ca93dc150494e5b55a44134482993f5baeb97e61b7ecc89?s=96&d=mm&r=g","url":"https:\/\/secure.gravatar.com\/avatar\/42749d8b712ff9d59ca93dc150494e5b55a44134482993f5baeb97e61b7ecc89?s=96&d=mm&r=g","contentUrl":"https:\/\/secure.gravatar.com\/avatar\/42749d8b712ff9d59ca93dc150494e5b55a44134482993f5baeb97e61b7ecc89?s=96&d=mm&r=g","caption":"Roberto"},"url":"https:\/\/regiaonews.net.br\/2022\/author\/roberto\/"}]}},"publishpress_future_action":{"enabled":false,"date":"2026-05-03 08:29:03","action":"change-status","newStatus":"draft","terms":[],"taxonomy":"category","extraData":[]},"publishpress_future_workflow_manual_trigger":{"enabledWorkflows":[]},"_links":{"self":[{"href":"https:\/\/regiaonews.net.br\/2022\/wp-json\/wp\/v2\/posts\/108112","targetHints":{"allow":["GET"]}}],"collection":[{"href":"https:\/\/regiaonews.net.br\/2022\/wp-json\/wp\/v2\/posts"}],"about":[{"href":"https:\/\/regiaonews.net.br\/2022\/wp-json\/wp\/v2\/types\/post"}],"author":[{"embeddable":true,"href":"https:\/\/regiaonews.net.br\/2022\/wp-json\/wp\/v2\/users\/2"}],"replies":[{"embeddable":true,"href":"https:\/\/regiaonews.net.br\/2022\/wp-json\/wp\/v2\/comments?post=108112"}],"version-history":[{"count":3,"href":"https:\/\/regiaonews.net.br\/2022\/wp-json\/wp\/v2\/posts\/108112\/revisions"}],"predecessor-version":[{"id":108116,"href":"https:\/\/regiaonews.net.br\/2022\/wp-json\/wp\/v2\/posts\/108112\/revisions\/108116"}],"wp:featuredmedia":[{"embeddable":true,"href":"https:\/\/regiaonews.net.br\/2022\/wp-json\/wp\/v2\/media\/108114"}],"wp:attachment":[{"href":"https:\/\/regiaonews.net.br\/2022\/wp-json\/wp\/v2\/media?parent=108112"}],"wp:term":[{"taxonomy":"category","embeddable":true,"href":"https:\/\/regiaonews.net.br\/2022\/wp-json\/wp\/v2\/categories?post=108112"},{"taxonomy":"post_tag","embeddable":true,"href":"https:\/\/regiaonews.net.br\/2022\/wp-json\/wp\/v2\/tags?post=108112"}],"curies":[{"name":"wp","href":"https:\/\/api.w.org\/{rel}","templated":true}]}}