{"id":108101,"date":"2024-07-27T16:08:51","date_gmt":"2024-07-27T19:08:51","guid":{"rendered":"https:\/\/regiaonews.net.br\/2022\/?p=108101"},"modified":"2024-07-27T16:12:27","modified_gmt":"2024-07-27T19:12:27","slug":"convencoes-definem-odair-silva-como-pre-candidato-a-prefeito-de-barretos","status":"publish","type":"post","link":"https:\/\/regiaonews.net.br\/2022\/2024\/07\/27\/convencoes-definem-odair-silva-como-pre-candidato-a-prefeito-de-barretos\/","title":{"rendered":"Conven\u00e7\u00f5es definem Odair Silva como pr\u00e9-candidato a prefeito de Barretos"},"content":{"rendered":"<p>Fotos &#8211; J\u00e2nio Munhoz<\/p>\n<p>As Conven\u00e7\u00f5es Partid\u00e1rias dos Partidos Republicanos, Avante e PRD aconteceram na manh\u00e3 de hoje na Associa\u00e7\u00e3o Comercial e Industrial de Barretos e foram acompanhadas por autoridades, pr\u00e9-candidatos, amigos e familiares.<br \/>\nDurante o evento, os tr\u00eas partidos que comp\u00f5em a Coliga\u00e7\u00e3o Muda Barretos, deliberaram Odair Silva (Republicanos) como pr\u00e9-candidato a prefeito de Barretos.<br \/>\nO governador do Estado de S\u00e3o Paulo Tarc\u00edsio Gomes de Freitas n\u00e3o pode estar presente devido a sua agenda mas enviou v\u00eddeo onde afirmou que acredita no potencial de Barretos e que estar\u00e1 junto com Odair Silva nesta caminhada.<br \/>\nO Presidente Municipal do Republicanos, Deputado Estadual Sebasti\u00e3o Santos declarou que iniciou-se na conven\u00e7\u00e3o uma trajet\u00f3ria para levar a popula\u00e7\u00e3o a uma nova realidade. &#8220;Queremos criar uma Barretos melhor, nossa cidade \u00e9 a quinta maior do Estado de S\u00e3o Paulo, ent\u00e3o deve ser grande tamb\u00e9m no desenvolvimento, na gera\u00e7\u00e3o de emprego e em tudo o que a torne melhor para nossa popula\u00e7\u00e3o.&#8221;<br \/>\nO pr\u00e9-candidato a prefeito Odair Silva fez um discurso emocionante, onde relembrou com uma enxada e um pacote de bolacha de suas origens humildes quando ainda crian\u00e7a j\u00e1 ajudava a fam\u00edlia na ro\u00e7a e tinha vontade de comer a bolacha cujo nome via no caminh\u00e3o que passava pela rodovia. Odair declarou ainda que o evento realizado na manh\u00e3 de ontem foi um marco muito importante para Barretos, destacou o convite feito pelo Governador para filiar-se ao Republicanos e a parceria com o Deputado Sebasti\u00e3o Santos. &#8220;N\u00f3s sonhamos com o desenvolvimento de Barretos h\u00e1 muitos anos e agora temos um grupo de pessoas compromissadas e dedicadas a essa caminhada.&#8221;<\/p>\n<p><a href=\"https:\/\/regiaonews.net.br\/2022\/wp-content\/uploads\/2024\/07\/IMG-20240727-WA0335.jpg\"><img loading=\"lazy\" decoding=\"async\" class=\"alignnone size-medium wp-image-108102\" src=\"https:\/\/regiaonews.net.br\/2022\/wp-content\/uploads\/2024\/07\/IMG-20240727-WA0335-300x200.jpg\" alt=\"\" width=\"300\" height=\"200\" srcset=\"https:\/\/regiaonews.net.br\/2022\/wp-content\/uploads\/2024\/07\/IMG-20240727-WA0335-300x200.jpg 300w, https:\/\/regiaonews.net.br\/2022\/wp-content\/uploads\/2024\/07\/IMG-20240727-WA0335-1024x683.jpg 1024w, https:\/\/regiaonews.net.br\/2022\/wp-content\/uploads\/2024\/07\/IMG-20240727-WA0335-768x512.jpg 768w, https:\/\/regiaonews.net.br\/2022\/wp-content\/uploads\/2024\/07\/IMG-20240727-WA0335-250x167.jpg 250w, https:\/\/regiaonews.net.br\/2022\/wp-content\/uploads\/2024\/07\/IMG-20240727-WA0335-900x600.jpg 900w, https:\/\/regiaonews.net.br\/2022\/wp-content\/uploads\/2024\/07\/IMG-20240727-WA0335.jpg 1080w\" sizes=\"auto, (max-width: 300px) 100vw, 300px\" \/><\/a><\/p>\n","protected":false},"excerpt":{"rendered":"<p>Fotos &#8211; J\u00e2nio Munhoz As Conven\u00e7\u00f5es Partid\u00e1rias dos Partidos Republicanos,<\/p>\n","protected":false},"author":2,"featured_media":108103,"comment_status":"open","ping_status":"open","sticky":false,"template":"","format":"standard","meta":{"footnotes":""},"categories":[14,111],"tags":[],"class_list":["post-108101","post","type-post","status-publish","format-standard","has-post-thumbnail","hentry","category-barretos","category-cotidiano"],"yoast_head":"<!-- This site is optimized with the Yoast SEO plugin v27.4 - https:\/\/yoast.com\/product\/yoast-seo-wordpress\/ -->\n<title>Conven\u00e7\u00f5es definem Odair Silva como pr\u00e9-candidato a prefeito de Barretos - Regi\u00e3o News<\/title>\n<meta name=\"robots\" content=\"index, follow, max-snippet:-1, max-image-preview:large, max-video-preview:-1\" \/>\n<link rel=\"canonical\" href=\"https:\/\/regiaonews.net.br\/2022\/2024\/07\/27\/convencoes-definem-odair-silva-como-pre-candidato-a-prefeito-de-barretos\/\" \/>\n<meta property=\"og:locale\" content=\"pt_BR\" \/>\n<meta property=\"og:type\" content=\"article\" \/>\n<meta property=\"og:title\" content=\"Conven\u00e7\u00f5es definem Odair Silva como pr\u00e9-candidato a prefeito de Barretos - Regi\u00e3o News\" \/>\n<meta property=\"og:description\" content=\"Fotos &#8211; J\u00e2nio Munhoz As Conven\u00e7\u00f5es Partid\u00e1rias dos Partidos Republicanos,\" \/>\n<meta property=\"og:url\" content=\"https:\/\/regiaonews.net.br\/2022\/2024\/07\/27\/convencoes-definem-odair-silva-como-pre-candidato-a-prefeito-de-barretos\/\" \/>\n<meta property=\"og:site_name\" content=\"Regi\u00e3o News\" \/>\n<meta property=\"article:published_time\" content=\"2024-07-27T19:08:51+00:00\" \/>\n<meta property=\"article:modified_time\" content=\"2024-07-27T19:12:27+00:00\" \/>\n<meta property=\"og:image\" content=\"https:\/\/regiaonews.net.br\/2022\/wp-content\/uploads\/2024\/07\/IMG-20240727-WA0333.jpg\" \/>\n\t<meta property=\"og:image:width\" content=\"1080\" \/>\n\t<meta property=\"og:image:height\" content=\"720\" \/>\n\t<meta property=\"og:image:type\" content=\"image\/jpeg\" \/>\n<meta name=\"author\" content=\"Roberto\" \/>\n<meta name=\"twitter:card\" content=\"summary_large_image\" \/>\n<meta name=\"twitter:label1\" content=\"Escrito por\" \/>\n\t<meta name=\"twitter:data1\" content=\"Roberto\" \/>\n\t<meta name=\"twitter:label2\" content=\"Est. tempo de leitura\" \/>\n\t<meta name=\"twitter:data2\" content=\"2 minutos\" \/>\n<script type=\"application\/ld+json\" class=\"yoast-schema-graph\">{\"@context\":\"https:\\\/\\\/schema.org\",\"@graph\":[{\"@type\":\"Article\",\"@id\":\"https:\\\/\\\/regiaonews.net.br\\\/2022\\\/2024\\\/07\\\/27\\\/convencoes-definem-odair-silva-como-pre-candidato-a-prefeito-de-barretos\\\/#article\",\"isPartOf\":{\"@id\":\"https:\\\/\\\/regiaonews.net.br\\\/2022\\\/2024\\\/07\\\/27\\\/convencoes-definem-odair-silva-como-pre-candidato-a-prefeito-de-barretos\\\/\"},\"author\":{\"name\":\"Roberto\",\"@id\":\"https:\\\/\\\/regiaonews.net.br\\\/2022\\\/#\\\/schema\\\/person\\\/2d205a608a5aa97ac279d7a5e6d89ad8\"},\"headline\":\"Conven\u00e7\u00f5es definem Odair Silva como pr\u00e9-candidato a prefeito de Barretos\",\"datePublished\":\"2024-07-27T19:08:51+00:00\",\"dateModified\":\"2024-07-27T19:12:27+00:00\",\"mainEntityOfPage\":{\"@id\":\"https:\\\/\\\/regiaonews.net.br\\\/2022\\\/2024\\\/07\\\/27\\\/convencoes-definem-odair-silva-como-pre-candidato-a-prefeito-de-barretos\\\/\"},\"wordCount\":305,\"commentCount\":0,\"publisher\":{\"@id\":\"https:\\\/\\\/regiaonews.net.br\\\/2022\\\/#organization\"},\"image\":{\"@id\":\"https:\\\/\\\/regiaonews.net.br\\\/2022\\\/2024\\\/07\\\/27\\\/convencoes-definem-odair-silva-como-pre-candidato-a-prefeito-de-barretos\\\/#primaryimage\"},\"thumbnailUrl\":\"https:\\\/\\\/regiaonews.net.br\\\/2022\\\/wp-content\\\/uploads\\\/2024\\\/07\\\/IMG-20240727-WA0333.jpg\",\"articleSection\":[\"Barretos\",\"Cotidiano\"],\"inLanguage\":\"pt-BR\",\"potentialAction\":[{\"@type\":\"CommentAction\",\"name\":\"Comment\",\"target\":[\"https:\\\/\\\/regiaonews.net.br\\\/2022\\\/2024\\\/07\\\/27\\\/convencoes-definem-odair-silva-como-pre-candidato-a-prefeito-de-barretos\\\/#respond\"]}]},{\"@type\":\"WebPage\",\"@id\":\"https:\\\/\\\/regiaonews.net.br\\\/2022\\\/2024\\\/07\\\/27\\\/convencoes-definem-odair-silva-como-pre-candidato-a-prefeito-de-barretos\\\/\",\"url\":\"https:\\\/\\\/regiaonews.net.br\\\/2022\\\/2024\\\/07\\\/27\\\/convencoes-definem-odair-silva-como-pre-candidato-a-prefeito-de-barretos\\\/\",\"name\":\"Conven\u00e7\u00f5es definem Odair Silva como pr\u00e9-candidato a prefeito de Barretos - Regi\u00e3o News\",\"isPartOf\":{\"@id\":\"https:\\\/\\\/regiaonews.net.br\\\/2022\\\/#website\"},\"primaryImageOfPage\":{\"@id\":\"https:\\\/\\\/regiaonews.net.br\\\/2022\\\/2024\\\/07\\\/27\\\/convencoes-definem-odair-silva-como-pre-candidato-a-prefeito-de-barretos\\\/#primaryimage\"},\"image\":{\"@id\":\"https:\\\/\\\/regiaonews.net.br\\\/2022\\\/2024\\\/07\\\/27\\\/convencoes-definem-odair-silva-como-pre-candidato-a-prefeito-de-barretos\\\/#primaryimage\"},\"thumbnailUrl\":\"https:\\\/\\\/regiaonews.net.br\\\/2022\\\/wp-content\\\/uploads\\\/2024\\\/07\\\/IMG-20240727-WA0333.jpg\",\"datePublished\":\"2024-07-27T19:08:51+00:00\",\"dateModified\":\"2024-07-27T19:12:27+00:00\",\"breadcrumb\":{\"@id\":\"https:\\\/\\\/regiaonews.net.br\\\/2022\\\/2024\\\/07\\\/27\\\/convencoes-definem-odair-silva-como-pre-candidato-a-prefeito-de-barretos\\\/#breadcrumb\"},\"inLanguage\":\"pt-BR\",\"potentialAction\":[{\"@type\":\"ReadAction\",\"target\":[\"https:\\\/\\\/regiaonews.net.br\\\/2022\\\/2024\\\/07\\\/27\\\/convencoes-definem-odair-silva-como-pre-candidato-a-prefeito-de-barretos\\\/\"]}]},{\"@type\":\"ImageObject\",\"inLanguage\":\"pt-BR\",\"@id\":\"https:\\\/\\\/regiaonews.net.br\\\/2022\\\/2024\\\/07\\\/27\\\/convencoes-definem-odair-silva-como-pre-candidato-a-prefeito-de-barretos\\\/#primaryimage\",\"url\":\"https:\\\/\\\/regiaonews.net.br\\\/2022\\\/wp-content\\\/uploads\\\/2024\\\/07\\\/IMG-20240727-WA0333.jpg\",\"contentUrl\":\"https:\\\/\\\/regiaonews.net.br\\\/2022\\\/wp-content\\\/uploads\\\/2024\\\/07\\\/IMG-20240727-WA0333.jpg\",\"width\":1080,\"height\":720},{\"@type\":\"BreadcrumbList\",\"@id\":\"https:\\\/\\\/regiaonews.net.br\\\/2022\\\/2024\\\/07\\\/27\\\/convencoes-definem-odair-silva-como-pre-candidato-a-prefeito-de-barretos\\\/#breadcrumb\",\"itemListElement\":[{\"@type\":\"ListItem\",\"position\":1,\"name\":\"In\u00edcio\",\"item\":\"https:\\\/\\\/regiaonews.net.br\\\/2022\\\/\"},{\"@type\":\"ListItem\",\"position\":2,\"name\":\"Conven\u00e7\u00f5es definem Odair Silva como pr\u00e9-candidato a prefeito de Barretos\"}]},{\"@type\":\"WebSite\",\"@id\":\"https:\\\/\\\/regiaonews.net.br\\\/2022\\\/#website\",\"url\":\"https:\\\/\\\/regiaonews.net.br\\\/2022\\\/\",\"name\":\"Regi\u00e3o News\",\"description\":\"Site de Not\u00edcias de Barretos e regi\u00e3o\",\"publisher\":{\"@id\":\"https:\\\/\\\/regiaonews.net.br\\\/2022\\\/#organization\"},\"potentialAction\":[{\"@type\":\"SearchAction\",\"target\":{\"@type\":\"EntryPoint\",\"urlTemplate\":\"https:\\\/\\\/regiaonews.net.br\\\/2022\\\/?s={search_term_string}\"},\"query-input\":{\"@type\":\"PropertyValueSpecification\",\"valueRequired\":true,\"valueName\":\"search_term_string\"}}],\"inLanguage\":\"pt-BR\"},{\"@type\":\"Organization\",\"@id\":\"https:\\\/\\\/regiaonews.net.br\\\/2022\\\/#organization\",\"name\":\"Regi\u00e3o News\",\"url\":\"https:\\\/\\\/regiaonews.net.br\\\/2022\\\/\",\"logo\":{\"@type\":\"ImageObject\",\"inLanguage\":\"pt-BR\",\"@id\":\"https:\\\/\\\/regiaonews.net.br\\\/2022\\\/#\\\/schema\\\/logo\\\/image\\\/\",\"url\":\"https:\\\/\\\/regiaonews.net.br\\\/2022\\\/wp-content\\\/uploads\\\/2026\\\/03\\\/regiao-13-anos-scaled.jpg\",\"contentUrl\":\"https:\\\/\\\/regiaonews.net.br\\\/2022\\\/wp-content\\\/uploads\\\/2026\\\/03\\\/regiao-13-anos-scaled.jpg\",\"width\":2560,\"height\":635,\"caption\":\"Regi\u00e3o News\"},\"image\":{\"@id\":\"https:\\\/\\\/regiaonews.net.br\\\/2022\\\/#\\\/schema\\\/logo\\\/image\\\/\"}},{\"@type\":\"Person\",\"@id\":\"https:\\\/\\\/regiaonews.net.br\\\/2022\\\/#\\\/schema\\\/person\\\/2d205a608a5aa97ac279d7a5e6d89ad8\",\"name\":\"Roberto\",\"image\":{\"@type\":\"ImageObject\",\"inLanguage\":\"pt-BR\",\"@id\":\"https:\\\/\\\/secure.gravatar.com\\\/avatar\\\/42749d8b712ff9d59ca93dc150494e5b55a44134482993f5baeb97e61b7ecc89?s=96&d=mm&r=g\",\"url\":\"https:\\\/\\\/secure.gravatar.com\\\/avatar\\\/42749d8b712ff9d59ca93dc150494e5b55a44134482993f5baeb97e61b7ecc89?s=96&d=mm&r=g\",\"contentUrl\":\"https:\\\/\\\/secure.gravatar.com\\\/avatar\\\/42749d8b712ff9d59ca93dc150494e5b55a44134482993f5baeb97e61b7ecc89?s=96&d=mm&r=g\",\"caption\":\"Roberto\"},\"url\":\"https:\\\/\\\/regiaonews.net.br\\\/2022\\\/author\\\/roberto\\\/\"}]}<\/script>\n<!-- \/ Yoast SEO plugin. -->","yoast_head_json":{"title":"Conven\u00e7\u00f5es definem Odair Silva como pr\u00e9-candidato a prefeito de Barretos - Regi\u00e3o News","robots":{"index":"index","follow":"follow","max-snippet":"max-snippet:-1","max-image-preview":"max-image-preview:large","max-video-preview":"max-video-preview:-1"},"canonical":"https:\/\/regiaonews.net.br\/2022\/2024\/07\/27\/convencoes-definem-odair-silva-como-pre-candidato-a-prefeito-de-barretos\/","og_locale":"pt_BR","og_type":"article","og_title":"Conven\u00e7\u00f5es definem Odair Silva como pr\u00e9-candidato a prefeito de Barretos - Regi\u00e3o News","og_description":"Fotos &#8211; J\u00e2nio Munhoz As Conven\u00e7\u00f5es Partid\u00e1rias dos Partidos Republicanos,","og_url":"https:\/\/regiaonews.net.br\/2022\/2024\/07\/27\/convencoes-definem-odair-silva-como-pre-candidato-a-prefeito-de-barretos\/","og_site_name":"Regi\u00e3o News","article_published_time":"2024-07-27T19:08:51+00:00","article_modified_time":"2024-07-27T19:12:27+00:00","og_image":[{"width":1080,"height":720,"url":"https:\/\/regiaonews.net.br\/2022\/wp-content\/uploads\/2024\/07\/IMG-20240727-WA0333.jpg","type":"image\/jpeg"}],"author":"Roberto","twitter_card":"summary_large_image","twitter_misc":{"Escrito por":"Roberto","Est. tempo de leitura":"2 minutos"},"schema":{"@context":"https:\/\/schema.org","@graph":[{"@type":"Article","@id":"https:\/\/regiaonews.net.br\/2022\/2024\/07\/27\/convencoes-definem-odair-silva-como-pre-candidato-a-prefeito-de-barretos\/#article","isPartOf":{"@id":"https:\/\/regiaonews.net.br\/2022\/2024\/07\/27\/convencoes-definem-odair-silva-como-pre-candidato-a-prefeito-de-barretos\/"},"author":{"name":"Roberto","@id":"https:\/\/regiaonews.net.br\/2022\/#\/schema\/person\/2d205a608a5aa97ac279d7a5e6d89ad8"},"headline":"Conven\u00e7\u00f5es definem Odair Silva como pr\u00e9-candidato a prefeito de Barretos","datePublished":"2024-07-27T19:08:51+00:00","dateModified":"2024-07-27T19:12:27+00:00","mainEntityOfPage":{"@id":"https:\/\/regiaonews.net.br\/2022\/2024\/07\/27\/convencoes-definem-odair-silva-como-pre-candidato-a-prefeito-de-barretos\/"},"wordCount":305,"commentCount":0,"publisher":{"@id":"https:\/\/regiaonews.net.br\/2022\/#organization"},"image":{"@id":"https:\/\/regiaonews.net.br\/2022\/2024\/07\/27\/convencoes-definem-odair-silva-como-pre-candidato-a-prefeito-de-barretos\/#primaryimage"},"thumbnailUrl":"https:\/\/regiaonews.net.br\/2022\/wp-content\/uploads\/2024\/07\/IMG-20240727-WA0333.jpg","articleSection":["Barretos","Cotidiano"],"inLanguage":"pt-BR","potentialAction":[{"@type":"CommentAction","name":"Comment","target":["https:\/\/regiaonews.net.br\/2022\/2024\/07\/27\/convencoes-definem-odair-silva-como-pre-candidato-a-prefeito-de-barretos\/#respond"]}]},{"@type":"WebPage","@id":"https:\/\/regiaonews.net.br\/2022\/2024\/07\/27\/convencoes-definem-odair-silva-como-pre-candidato-a-prefeito-de-barretos\/","url":"https:\/\/regiaonews.net.br\/2022\/2024\/07\/27\/convencoes-definem-odair-silva-como-pre-candidato-a-prefeito-de-barretos\/","name":"Conven\u00e7\u00f5es definem Odair Silva como pr\u00e9-candidato a prefeito de Barretos - Regi\u00e3o News","isPartOf":{"@id":"https:\/\/regiaonews.net.br\/2022\/#website"},"primaryImageOfPage":{"@id":"https:\/\/regiaonews.net.br\/2022\/2024\/07\/27\/convencoes-definem-odair-silva-como-pre-candidato-a-prefeito-de-barretos\/#primaryimage"},"image":{"@id":"https:\/\/regiaonews.net.br\/2022\/2024\/07\/27\/convencoes-definem-odair-silva-como-pre-candidato-a-prefeito-de-barretos\/#primaryimage"},"thumbnailUrl":"https:\/\/regiaonews.net.br\/2022\/wp-content\/uploads\/2024\/07\/IMG-20240727-WA0333.jpg","datePublished":"2024-07-27T19:08:51+00:00","dateModified":"2024-07-27T19:12:27+00:00","breadcrumb":{"@id":"https:\/\/regiaonews.net.br\/2022\/2024\/07\/27\/convencoes-definem-odair-silva-como-pre-candidato-a-prefeito-de-barretos\/#breadcrumb"},"inLanguage":"pt-BR","potentialAction":[{"@type":"ReadAction","target":["https:\/\/regiaonews.net.br\/2022\/2024\/07\/27\/convencoes-definem-odair-silva-como-pre-candidato-a-prefeito-de-barretos\/"]}]},{"@type":"ImageObject","inLanguage":"pt-BR","@id":"https:\/\/regiaonews.net.br\/2022\/2024\/07\/27\/convencoes-definem-odair-silva-como-pre-candidato-a-prefeito-de-barretos\/#primaryimage","url":"https:\/\/regiaonews.net.br\/2022\/wp-content\/uploads\/2024\/07\/IMG-20240727-WA0333.jpg","contentUrl":"https:\/\/regiaonews.net.br\/2022\/wp-content\/uploads\/2024\/07\/IMG-20240727-WA0333.jpg","width":1080,"height":720},{"@type":"BreadcrumbList","@id":"https:\/\/regiaonews.net.br\/2022\/2024\/07\/27\/convencoes-definem-odair-silva-como-pre-candidato-a-prefeito-de-barretos\/#breadcrumb","itemListElement":[{"@type":"ListItem","position":1,"name":"In\u00edcio","item":"https:\/\/regiaonews.net.br\/2022\/"},{"@type":"ListItem","position":2,"name":"Conven\u00e7\u00f5es definem Odair Silva como pr\u00e9-candidato a prefeito de Barretos"}]},{"@type":"WebSite","@id":"https:\/\/regiaonews.net.br\/2022\/#website","url":"https:\/\/regiaonews.net.br\/2022\/","name":"Regi\u00e3o News","description":"Site de Not\u00edcias de Barretos e regi\u00e3o","publisher":{"@id":"https:\/\/regiaonews.net.br\/2022\/#organization"},"potentialAction":[{"@type":"SearchAction","target":{"@type":"EntryPoint","urlTemplate":"https:\/\/regiaonews.net.br\/2022\/?s={search_term_string}"},"query-input":{"@type":"PropertyValueSpecification","valueRequired":true,"valueName":"search_term_string"}}],"inLanguage":"pt-BR"},{"@type":"Organization","@id":"https:\/\/regiaonews.net.br\/2022\/#organization","name":"Regi\u00e3o News","url":"https:\/\/regiaonews.net.br\/2022\/","logo":{"@type":"ImageObject","inLanguage":"pt-BR","@id":"https:\/\/regiaonews.net.br\/2022\/#\/schema\/logo\/image\/","url":"https:\/\/regiaonews.net.br\/2022\/wp-content\/uploads\/2026\/03\/regiao-13-anos-scaled.jpg","contentUrl":"https:\/\/regiaonews.net.br\/2022\/wp-content\/uploads\/2026\/03\/regiao-13-anos-scaled.jpg","width":2560,"height":635,"caption":"Regi\u00e3o News"},"image":{"@id":"https:\/\/regiaonews.net.br\/2022\/#\/schema\/logo\/image\/"}},{"@type":"Person","@id":"https:\/\/regiaonews.net.br\/2022\/#\/schema\/person\/2d205a608a5aa97ac279d7a5e6d89ad8","name":"Roberto","image":{"@type":"ImageObject","inLanguage":"pt-BR","@id":"https:\/\/secure.gravatar.com\/avatar\/42749d8b712ff9d59ca93dc150494e5b55a44134482993f5baeb97e61b7ecc89?s=96&d=mm&r=g","url":"https:\/\/secure.gravatar.com\/avatar\/42749d8b712ff9d59ca93dc150494e5b55a44134482993f5baeb97e61b7ecc89?s=96&d=mm&r=g","contentUrl":"https:\/\/secure.gravatar.com\/avatar\/42749d8b712ff9d59ca93dc150494e5b55a44134482993f5baeb97e61b7ecc89?s=96&d=mm&r=g","caption":"Roberto"},"url":"https:\/\/regiaonews.net.br\/2022\/author\/roberto\/"}]}},"publishpress_future_action":{"enabled":false,"date":"2026-05-03 05:12:35","action":"change-status","newStatus":"draft","terms":[],"taxonomy":"category","extraData":[]},"publishpress_future_workflow_manual_trigger":{"enabledWorkflows":[]},"_links":{"self":[{"href":"https:\/\/regiaonews.net.br\/2022\/wp-json\/wp\/v2\/posts\/108101","targetHints":{"allow":["GET"]}}],"collection":[{"href":"https:\/\/regiaonews.net.br\/2022\/wp-json\/wp\/v2\/posts"}],"about":[{"href":"https:\/\/regiaonews.net.br\/2022\/wp-json\/wp\/v2\/types\/post"}],"author":[{"embeddable":true,"href":"https:\/\/regiaonews.net.br\/2022\/wp-json\/wp\/v2\/users\/2"}],"replies":[{"embeddable":true,"href":"https:\/\/regiaonews.net.br\/2022\/wp-json\/wp\/v2\/comments?post=108101"}],"version-history":[{"count":2,"href":"https:\/\/regiaonews.net.br\/2022\/wp-json\/wp\/v2\/posts\/108101\/revisions"}],"predecessor-version":[{"id":108105,"href":"https:\/\/regiaonews.net.br\/2022\/wp-json\/wp\/v2\/posts\/108101\/revisions\/108105"}],"wp:featuredmedia":[{"embeddable":true,"href":"https:\/\/regiaonews.net.br\/2022\/wp-json\/wp\/v2\/media\/108103"}],"wp:attachment":[{"href":"https:\/\/regiaonews.net.br\/2022\/wp-json\/wp\/v2\/media?parent=108101"}],"wp:term":[{"taxonomy":"category","embeddable":true,"href":"https:\/\/regiaonews.net.br\/2022\/wp-json\/wp\/v2\/categories?post=108101"},{"taxonomy":"post_tag","embeddable":true,"href":"https:\/\/regiaonews.net.br\/2022\/wp-json\/wp\/v2\/tags?post=108101"}],"curies":[{"name":"wp","href":"https:\/\/api.w.org\/{rel}","templated":true}]}}