{"id":108022,"date":"2024-07-25T19:53:49","date_gmt":"2024-07-25T22:53:49","guid":{"rendered":"https:\/\/regiaonews.net.br\/2022\/?p=108022"},"modified":"2024-07-25T19:53:49","modified_gmt":"2024-07-25T22:53:49","slug":"sp-vai-contratar-ate-3-mil-profissionais-em-escolas-tecnicas-veja-como-participar","status":"publish","type":"post","link":"https:\/\/regiaonews.net.br\/2022\/2024\/07\/25\/sp-vai-contratar-ate-3-mil-profissionais-em-escolas-tecnicas-veja-como-participar\/","title":{"rendered":"SP vai contratar at\u00e9 3 mil profissionais em escolas t\u00e9cnicas; veja como participar"},"content":{"rendered":"<p>Os profissionais interessados em atuar no Ensino T\u00e9cnico da rede estadual de ensino podem se inscrever at\u00e9 o dia 5 de agosto no Processo Seletivo Simplificado. O cadastro \u00e9 on-line no site da FGV, respons\u00e1vel pelo concurso, no link<a role=\"link\" href=\"https:\/\/click.cse360.com.br\/Click\/AddCampaignEmailClick\/cde62ecf-eac1-400b-5a83-08dc8ed67709\/https%253a%252f%252fconhecimento.fgv.br%252fconcursos%252fseducsp24\/5d2b573c-075c-43b7-b127-563ce5c9c385\/fernanda.porto@educacao.sp.gov.br\/False\" target=\"_blank\" rel=\"noopener\">\u00a0https:\/\/conhecimento.fgv.br\/concursos\/seducsp24<\/a>. Para 2025, devem ser contratados cerca de 3.000 profissionais pela Secretaria da Educa\u00e7\u00e3o do Estado de S\u00e3o Paulo (Seduc-SP).<\/p>\n<p>Os selecionados v\u00e3o ministrar aulas presenciais aos estudantes conforme habilita\u00e7\u00e3o de n\u00edvel superior e os componentes curriculares correspondentes. S\u00e3o nove cursos: administra\u00e7\u00e3o, agroneg\u00f3cio, ci\u00eancia de dados, desenvolvimento de sistemas, enfermagem, farm\u00e1cia, hospedagem, log\u00edstica e vendas.<\/p>\n<p>Na inscri\u00e7\u00e3o, o candidato deve escolher uma Diretoria de Ensino da Secretaria da Educa\u00e7\u00e3o do Estado de S\u00e3o Paulo (Seduc-SP) de sua prefer\u00eancia dentre as 91 regionais de todo o estado para eventual aloca\u00e7\u00e3o. Dever\u00e1 tamb\u00e9m indicar um Eixo de Prova, de acordo com os cursos em que pretende lecionar. A taxa de inscri\u00e7\u00e3o \u00e9 de R$ 49.<\/p>\n<p>As provas objetiva e discursiva est\u00e3o marcadas para\u00a0<b>29 de setembro<\/b>. O processo engloba ainda avalia\u00e7\u00e3o de t\u00edtulos (diplomas de forma\u00e7\u00e3o e experi\u00eancia profissional) e prova pr\u00e1tica (envio de videoaula gravada). Quem n\u00e3o for chamado na primeira sele\u00e7\u00e3o ter\u00e1 o nome inclu\u00eddo no cadastro de reservas.<\/p>\n<p>\u201cPodem participar do processo seletivo n\u00e3o apenas professores, mas tamb\u00e9m profissionais formados, entre outros cursos, em economia, engenharia, direito e na \u00e1rea da sa\u00fade. Todos s\u00e3o bem-vindos e ser\u00e3o importantes na forma\u00e7\u00e3o de nossos estudantes\u201d, ressalta o coordenador pedag\u00f3gico da Educa\u00e7\u00e3o, Daniel Barros.<\/p>\n<p><b>Amplia\u00e7\u00e3o de vagas e escolas em 2025<\/b><\/p>\n<p>A partir de uma pesquisa com as unidades que ofertam o Ensino M\u00e9dio na rede p\u00fablica, a Seduc-SP deve ampliar das atuais 1.393 para 1.911 escolas estaduais que ofertam o itiner\u00e1rio de ensino t\u00e9cnico para o ano de 2025. Neste ano, 71,9 mil alunos est\u00e3o matriculados nesse modelo e o n\u00famero pode crescer para 170 mil matriculados no pr\u00f3ximo ano.<\/p>\n<p>As 170 mil matr\u00edculas previstas para o pr\u00f3ximo ano letivo contemplam os estudantes que estar\u00e3o na 2\u00aa e 3\u00aa s\u00e9rie do Ensino M\u00e9dio, per\u00edodo dedicado aos aprofundamentos previstos no Novo Ensino M\u00e9dio.<\/p>\n<p>A Secretaria da Educa\u00e7\u00e3o ampliar\u00e1, ainda, o n\u00famero de cidades que ter\u00e3o a oferta de ensino t\u00e9cnico na rede \u2014 das atuais 349 para uma perspectiva de estar em 463 munic\u00edpios, um aumento de 32,6%. Em 2022, o t\u00e9cnico era oferecido a alunos de 161 cidades paulistas.<\/p>\n<p>\u201cUm relat\u00f3rio da OCDE (Organiza\u00e7\u00e3o para a Coopera\u00e7\u00e3o e Desenvolvimento Econ\u00f4mico) publicado no ano passado aponta que a educa\u00e7\u00e3o profissional \u00e9 essencial para o desenvolvimento do Brasil. Aqui em S\u00e3o Paulo, estamos caminhando para oferecer ao estado e ao pa\u00eds estudantes formados em \u00e1reas importantes para aumentar a empregabilidade dos jovens e melhorar a produtividade do pa\u00eds\u201d, afirma o secret\u00e1rio da Educa\u00e7\u00e3o, Renato Feder.<\/p>\n","protected":false},"excerpt":{"rendered":"<p>Os profissionais interessados em atuar no Ensino T\u00e9cnico da rede<\/p>\n","protected":false},"author":2,"featured_media":108023,"comment_status":"open","ping_status":"open","sticky":false,"template":"","format":"standard","meta":{"footnotes":""},"categories":[176,7],"tags":[],"class_list":["post-108022","post","type-post","status-publish","format-standard","has-post-thumbnail","hentry","category-educacao-2","category-estado-de-sao-paulo"],"yoast_head":"<!-- This site is optimized with the Yoast SEO plugin v27.4 - https:\/\/yoast.com\/product\/yoast-seo-wordpress\/ -->\n<title>SP vai contratar at\u00e9 3 mil profissionais em escolas t\u00e9cnicas; veja como participar - Regi\u00e3o News<\/title>\n<meta name=\"robots\" content=\"index, follow, max-snippet:-1, max-image-preview:large, max-video-preview:-1\" \/>\n<link rel=\"canonical\" href=\"https:\/\/regiaonews.net.br\/2022\/2024\/07\/25\/sp-vai-contratar-ate-3-mil-profissionais-em-escolas-tecnicas-veja-como-participar\/\" \/>\n<meta property=\"og:locale\" content=\"pt_BR\" \/>\n<meta property=\"og:type\" content=\"article\" \/>\n<meta property=\"og:title\" content=\"SP vai contratar at\u00e9 3 mil profissionais em escolas t\u00e9cnicas; veja como participar - Regi\u00e3o News\" \/>\n<meta property=\"og:description\" content=\"Os profissionais interessados em atuar no Ensino T\u00e9cnico da rede\" \/>\n<meta property=\"og:url\" content=\"https:\/\/regiaonews.net.br\/2022\/2024\/07\/25\/sp-vai-contratar-ate-3-mil-profissionais-em-escolas-tecnicas-veja-como-participar\/\" \/>\n<meta property=\"og:site_name\" content=\"Regi\u00e3o News\" \/>\n<meta property=\"article:published_time\" content=\"2024-07-25T22:53:49+00:00\" \/>\n<meta property=\"og:image\" content=\"https:\/\/regiaonews.net.br\/2022\/wp-content\/uploads\/2024\/07\/download-5-768x509-1.png\" \/>\n\t<meta property=\"og:image:width\" content=\"768\" \/>\n\t<meta property=\"og:image:height\" content=\"509\" \/>\n\t<meta property=\"og:image:type\" content=\"image\/png\" \/>\n<meta name=\"author\" content=\"Roberto\" \/>\n<meta name=\"twitter:card\" content=\"summary_large_image\" \/>\n<meta name=\"twitter:label1\" content=\"Escrito por\" \/>\n\t<meta name=\"twitter:data1\" content=\"Roberto\" \/>\n\t<meta name=\"twitter:label2\" content=\"Est. tempo de leitura\" \/>\n\t<meta name=\"twitter:data2\" content=\"3 minutos\" \/>\n<script type=\"application\/ld+json\" class=\"yoast-schema-graph\">{\"@context\":\"https:\\\/\\\/schema.org\",\"@graph\":[{\"@type\":\"Article\",\"@id\":\"https:\\\/\\\/regiaonews.net.br\\\/2022\\\/2024\\\/07\\\/25\\\/sp-vai-contratar-ate-3-mil-profissionais-em-escolas-tecnicas-veja-como-participar\\\/#article\",\"isPartOf\":{\"@id\":\"https:\\\/\\\/regiaonews.net.br\\\/2022\\\/2024\\\/07\\\/25\\\/sp-vai-contratar-ate-3-mil-profissionais-em-escolas-tecnicas-veja-como-participar\\\/\"},\"author\":{\"name\":\"Roberto\",\"@id\":\"https:\\\/\\\/regiaonews.net.br\\\/2022\\\/#\\\/schema\\\/person\\\/2d205a608a5aa97ac279d7a5e6d89ad8\"},\"headline\":\"SP vai contratar at\u00e9 3 mil profissionais em escolas t\u00e9cnicas; veja como participar\",\"datePublished\":\"2024-07-25T22:53:49+00:00\",\"mainEntityOfPage\":{\"@id\":\"https:\\\/\\\/regiaonews.net.br\\\/2022\\\/2024\\\/07\\\/25\\\/sp-vai-contratar-ate-3-mil-profissionais-em-escolas-tecnicas-veja-como-participar\\\/\"},\"wordCount\":513,\"commentCount\":0,\"publisher\":{\"@id\":\"https:\\\/\\\/regiaonews.net.br\\\/2022\\\/#organization\"},\"image\":{\"@id\":\"https:\\\/\\\/regiaonews.net.br\\\/2022\\\/2024\\\/07\\\/25\\\/sp-vai-contratar-ate-3-mil-profissionais-em-escolas-tecnicas-veja-como-participar\\\/#primaryimage\"},\"thumbnailUrl\":\"https:\\\/\\\/regiaonews.net.br\\\/2022\\\/wp-content\\\/uploads\\\/2024\\\/07\\\/download-5-768x509-1.png\",\"articleSection\":[\"Educa\u00e7\u00e3o\",\"Estado de S\u00e3o Paulo\"],\"inLanguage\":\"pt-BR\",\"potentialAction\":[{\"@type\":\"CommentAction\",\"name\":\"Comment\",\"target\":[\"https:\\\/\\\/regiaonews.net.br\\\/2022\\\/2024\\\/07\\\/25\\\/sp-vai-contratar-ate-3-mil-profissionais-em-escolas-tecnicas-veja-como-participar\\\/#respond\"]}]},{\"@type\":\"WebPage\",\"@id\":\"https:\\\/\\\/regiaonews.net.br\\\/2022\\\/2024\\\/07\\\/25\\\/sp-vai-contratar-ate-3-mil-profissionais-em-escolas-tecnicas-veja-como-participar\\\/\",\"url\":\"https:\\\/\\\/regiaonews.net.br\\\/2022\\\/2024\\\/07\\\/25\\\/sp-vai-contratar-ate-3-mil-profissionais-em-escolas-tecnicas-veja-como-participar\\\/\",\"name\":\"SP vai contratar at\u00e9 3 mil profissionais em escolas t\u00e9cnicas; veja como participar - Regi\u00e3o News\",\"isPartOf\":{\"@id\":\"https:\\\/\\\/regiaonews.net.br\\\/2022\\\/#website\"},\"primaryImageOfPage\":{\"@id\":\"https:\\\/\\\/regiaonews.net.br\\\/2022\\\/2024\\\/07\\\/25\\\/sp-vai-contratar-ate-3-mil-profissionais-em-escolas-tecnicas-veja-como-participar\\\/#primaryimage\"},\"image\":{\"@id\":\"https:\\\/\\\/regiaonews.net.br\\\/2022\\\/2024\\\/07\\\/25\\\/sp-vai-contratar-ate-3-mil-profissionais-em-escolas-tecnicas-veja-como-participar\\\/#primaryimage\"},\"thumbnailUrl\":\"https:\\\/\\\/regiaonews.net.br\\\/2022\\\/wp-content\\\/uploads\\\/2024\\\/07\\\/download-5-768x509-1.png\",\"datePublished\":\"2024-07-25T22:53:49+00:00\",\"breadcrumb\":{\"@id\":\"https:\\\/\\\/regiaonews.net.br\\\/2022\\\/2024\\\/07\\\/25\\\/sp-vai-contratar-ate-3-mil-profissionais-em-escolas-tecnicas-veja-como-participar\\\/#breadcrumb\"},\"inLanguage\":\"pt-BR\",\"potentialAction\":[{\"@type\":\"ReadAction\",\"target\":[\"https:\\\/\\\/regiaonews.net.br\\\/2022\\\/2024\\\/07\\\/25\\\/sp-vai-contratar-ate-3-mil-profissionais-em-escolas-tecnicas-veja-como-participar\\\/\"]}]},{\"@type\":\"ImageObject\",\"inLanguage\":\"pt-BR\",\"@id\":\"https:\\\/\\\/regiaonews.net.br\\\/2022\\\/2024\\\/07\\\/25\\\/sp-vai-contratar-ate-3-mil-profissionais-em-escolas-tecnicas-veja-como-participar\\\/#primaryimage\",\"url\":\"https:\\\/\\\/regiaonews.net.br\\\/2022\\\/wp-content\\\/uploads\\\/2024\\\/07\\\/download-5-768x509-1.png\",\"contentUrl\":\"https:\\\/\\\/regiaonews.net.br\\\/2022\\\/wp-content\\\/uploads\\\/2024\\\/07\\\/download-5-768x509-1.png\",\"width\":768,\"height\":509},{\"@type\":\"BreadcrumbList\",\"@id\":\"https:\\\/\\\/regiaonews.net.br\\\/2022\\\/2024\\\/07\\\/25\\\/sp-vai-contratar-ate-3-mil-profissionais-em-escolas-tecnicas-veja-como-participar\\\/#breadcrumb\",\"itemListElement\":[{\"@type\":\"ListItem\",\"position\":1,\"name\":\"In\u00edcio\",\"item\":\"https:\\\/\\\/regiaonews.net.br\\\/2022\\\/\"},{\"@type\":\"ListItem\",\"position\":2,\"name\":\"SP vai contratar at\u00e9 3 mil profissionais em escolas t\u00e9cnicas; veja como participar\"}]},{\"@type\":\"WebSite\",\"@id\":\"https:\\\/\\\/regiaonews.net.br\\\/2022\\\/#website\",\"url\":\"https:\\\/\\\/regiaonews.net.br\\\/2022\\\/\",\"name\":\"Regi\u00e3o News\",\"description\":\"Site de Not\u00edcias de Barretos e regi\u00e3o\",\"publisher\":{\"@id\":\"https:\\\/\\\/regiaonews.net.br\\\/2022\\\/#organization\"},\"potentialAction\":[{\"@type\":\"SearchAction\",\"target\":{\"@type\":\"EntryPoint\",\"urlTemplate\":\"https:\\\/\\\/regiaonews.net.br\\\/2022\\\/?s={search_term_string}\"},\"query-input\":{\"@type\":\"PropertyValueSpecification\",\"valueRequired\":true,\"valueName\":\"search_term_string\"}}],\"inLanguage\":\"pt-BR\"},{\"@type\":\"Organization\",\"@id\":\"https:\\\/\\\/regiaonews.net.br\\\/2022\\\/#organization\",\"name\":\"Regi\u00e3o News\",\"url\":\"https:\\\/\\\/regiaonews.net.br\\\/2022\\\/\",\"logo\":{\"@type\":\"ImageObject\",\"inLanguage\":\"pt-BR\",\"@id\":\"https:\\\/\\\/regiaonews.net.br\\\/2022\\\/#\\\/schema\\\/logo\\\/image\\\/\",\"url\":\"https:\\\/\\\/regiaonews.net.br\\\/2022\\\/wp-content\\\/uploads\\\/2026\\\/03\\\/regiao-13-anos-scaled.jpg\",\"contentUrl\":\"https:\\\/\\\/regiaonews.net.br\\\/2022\\\/wp-content\\\/uploads\\\/2026\\\/03\\\/regiao-13-anos-scaled.jpg\",\"width\":2560,\"height\":635,\"caption\":\"Regi\u00e3o News\"},\"image\":{\"@id\":\"https:\\\/\\\/regiaonews.net.br\\\/2022\\\/#\\\/schema\\\/logo\\\/image\\\/\"}},{\"@type\":\"Person\",\"@id\":\"https:\\\/\\\/regiaonews.net.br\\\/2022\\\/#\\\/schema\\\/person\\\/2d205a608a5aa97ac279d7a5e6d89ad8\",\"name\":\"Roberto\",\"image\":{\"@type\":\"ImageObject\",\"inLanguage\":\"pt-BR\",\"@id\":\"https:\\\/\\\/secure.gravatar.com\\\/avatar\\\/42749d8b712ff9d59ca93dc150494e5b55a44134482993f5baeb97e61b7ecc89?s=96&d=mm&r=g\",\"url\":\"https:\\\/\\\/secure.gravatar.com\\\/avatar\\\/42749d8b712ff9d59ca93dc150494e5b55a44134482993f5baeb97e61b7ecc89?s=96&d=mm&r=g\",\"contentUrl\":\"https:\\\/\\\/secure.gravatar.com\\\/avatar\\\/42749d8b712ff9d59ca93dc150494e5b55a44134482993f5baeb97e61b7ecc89?s=96&d=mm&r=g\",\"caption\":\"Roberto\"},\"url\":\"https:\\\/\\\/regiaonews.net.br\\\/2022\\\/author\\\/roberto\\\/\"}]}<\/script>\n<!-- \/ Yoast SEO plugin. -->","yoast_head_json":{"title":"SP vai contratar at\u00e9 3 mil profissionais em escolas t\u00e9cnicas; veja como participar - Regi\u00e3o News","robots":{"index":"index","follow":"follow","max-snippet":"max-snippet:-1","max-image-preview":"max-image-preview:large","max-video-preview":"max-video-preview:-1"},"canonical":"https:\/\/regiaonews.net.br\/2022\/2024\/07\/25\/sp-vai-contratar-ate-3-mil-profissionais-em-escolas-tecnicas-veja-como-participar\/","og_locale":"pt_BR","og_type":"article","og_title":"SP vai contratar at\u00e9 3 mil profissionais em escolas t\u00e9cnicas; veja como participar - Regi\u00e3o News","og_description":"Os profissionais interessados em atuar no Ensino T\u00e9cnico da rede","og_url":"https:\/\/regiaonews.net.br\/2022\/2024\/07\/25\/sp-vai-contratar-ate-3-mil-profissionais-em-escolas-tecnicas-veja-como-participar\/","og_site_name":"Regi\u00e3o News","article_published_time":"2024-07-25T22:53:49+00:00","og_image":[{"width":768,"height":509,"url":"https:\/\/regiaonews.net.br\/2022\/wp-content\/uploads\/2024\/07\/download-5-768x509-1.png","type":"image\/png"}],"author":"Roberto","twitter_card":"summary_large_image","twitter_misc":{"Escrito por":"Roberto","Est. tempo de leitura":"3 minutos"},"schema":{"@context":"https:\/\/schema.org","@graph":[{"@type":"Article","@id":"https:\/\/regiaonews.net.br\/2022\/2024\/07\/25\/sp-vai-contratar-ate-3-mil-profissionais-em-escolas-tecnicas-veja-como-participar\/#article","isPartOf":{"@id":"https:\/\/regiaonews.net.br\/2022\/2024\/07\/25\/sp-vai-contratar-ate-3-mil-profissionais-em-escolas-tecnicas-veja-como-participar\/"},"author":{"name":"Roberto","@id":"https:\/\/regiaonews.net.br\/2022\/#\/schema\/person\/2d205a608a5aa97ac279d7a5e6d89ad8"},"headline":"SP vai contratar at\u00e9 3 mil profissionais em escolas t\u00e9cnicas; veja como participar","datePublished":"2024-07-25T22:53:49+00:00","mainEntityOfPage":{"@id":"https:\/\/regiaonews.net.br\/2022\/2024\/07\/25\/sp-vai-contratar-ate-3-mil-profissionais-em-escolas-tecnicas-veja-como-participar\/"},"wordCount":513,"commentCount":0,"publisher":{"@id":"https:\/\/regiaonews.net.br\/2022\/#organization"},"image":{"@id":"https:\/\/regiaonews.net.br\/2022\/2024\/07\/25\/sp-vai-contratar-ate-3-mil-profissionais-em-escolas-tecnicas-veja-como-participar\/#primaryimage"},"thumbnailUrl":"https:\/\/regiaonews.net.br\/2022\/wp-content\/uploads\/2024\/07\/download-5-768x509-1.png","articleSection":["Educa\u00e7\u00e3o","Estado de S\u00e3o Paulo"],"inLanguage":"pt-BR","potentialAction":[{"@type":"CommentAction","name":"Comment","target":["https:\/\/regiaonews.net.br\/2022\/2024\/07\/25\/sp-vai-contratar-ate-3-mil-profissionais-em-escolas-tecnicas-veja-como-participar\/#respond"]}]},{"@type":"WebPage","@id":"https:\/\/regiaonews.net.br\/2022\/2024\/07\/25\/sp-vai-contratar-ate-3-mil-profissionais-em-escolas-tecnicas-veja-como-participar\/","url":"https:\/\/regiaonews.net.br\/2022\/2024\/07\/25\/sp-vai-contratar-ate-3-mil-profissionais-em-escolas-tecnicas-veja-como-participar\/","name":"SP vai contratar at\u00e9 3 mil profissionais em escolas t\u00e9cnicas; veja como participar - Regi\u00e3o News","isPartOf":{"@id":"https:\/\/regiaonews.net.br\/2022\/#website"},"primaryImageOfPage":{"@id":"https:\/\/regiaonews.net.br\/2022\/2024\/07\/25\/sp-vai-contratar-ate-3-mil-profissionais-em-escolas-tecnicas-veja-como-participar\/#primaryimage"},"image":{"@id":"https:\/\/regiaonews.net.br\/2022\/2024\/07\/25\/sp-vai-contratar-ate-3-mil-profissionais-em-escolas-tecnicas-veja-como-participar\/#primaryimage"},"thumbnailUrl":"https:\/\/regiaonews.net.br\/2022\/wp-content\/uploads\/2024\/07\/download-5-768x509-1.png","datePublished":"2024-07-25T22:53:49+00:00","breadcrumb":{"@id":"https:\/\/regiaonews.net.br\/2022\/2024\/07\/25\/sp-vai-contratar-ate-3-mil-profissionais-em-escolas-tecnicas-veja-como-participar\/#breadcrumb"},"inLanguage":"pt-BR","potentialAction":[{"@type":"ReadAction","target":["https:\/\/regiaonews.net.br\/2022\/2024\/07\/25\/sp-vai-contratar-ate-3-mil-profissionais-em-escolas-tecnicas-veja-como-participar\/"]}]},{"@type":"ImageObject","inLanguage":"pt-BR","@id":"https:\/\/regiaonews.net.br\/2022\/2024\/07\/25\/sp-vai-contratar-ate-3-mil-profissionais-em-escolas-tecnicas-veja-como-participar\/#primaryimage","url":"https:\/\/regiaonews.net.br\/2022\/wp-content\/uploads\/2024\/07\/download-5-768x509-1.png","contentUrl":"https:\/\/regiaonews.net.br\/2022\/wp-content\/uploads\/2024\/07\/download-5-768x509-1.png","width":768,"height":509},{"@type":"BreadcrumbList","@id":"https:\/\/regiaonews.net.br\/2022\/2024\/07\/25\/sp-vai-contratar-ate-3-mil-profissionais-em-escolas-tecnicas-veja-como-participar\/#breadcrumb","itemListElement":[{"@type":"ListItem","position":1,"name":"In\u00edcio","item":"https:\/\/regiaonews.net.br\/2022\/"},{"@type":"ListItem","position":2,"name":"SP vai contratar at\u00e9 3 mil profissionais em escolas t\u00e9cnicas; veja como participar"}]},{"@type":"WebSite","@id":"https:\/\/regiaonews.net.br\/2022\/#website","url":"https:\/\/regiaonews.net.br\/2022\/","name":"Regi\u00e3o News","description":"Site de Not\u00edcias de Barretos e regi\u00e3o","publisher":{"@id":"https:\/\/regiaonews.net.br\/2022\/#organization"},"potentialAction":[{"@type":"SearchAction","target":{"@type":"EntryPoint","urlTemplate":"https:\/\/regiaonews.net.br\/2022\/?s={search_term_string}"},"query-input":{"@type":"PropertyValueSpecification","valueRequired":true,"valueName":"search_term_string"}}],"inLanguage":"pt-BR"},{"@type":"Organization","@id":"https:\/\/regiaonews.net.br\/2022\/#organization","name":"Regi\u00e3o News","url":"https:\/\/regiaonews.net.br\/2022\/","logo":{"@type":"ImageObject","inLanguage":"pt-BR","@id":"https:\/\/regiaonews.net.br\/2022\/#\/schema\/logo\/image\/","url":"https:\/\/regiaonews.net.br\/2022\/wp-content\/uploads\/2026\/03\/regiao-13-anos-scaled.jpg","contentUrl":"https:\/\/regiaonews.net.br\/2022\/wp-content\/uploads\/2026\/03\/regiao-13-anos-scaled.jpg","width":2560,"height":635,"caption":"Regi\u00e3o News"},"image":{"@id":"https:\/\/regiaonews.net.br\/2022\/#\/schema\/logo\/image\/"}},{"@type":"Person","@id":"https:\/\/regiaonews.net.br\/2022\/#\/schema\/person\/2d205a608a5aa97ac279d7a5e6d89ad8","name":"Roberto","image":{"@type":"ImageObject","inLanguage":"pt-BR","@id":"https:\/\/secure.gravatar.com\/avatar\/42749d8b712ff9d59ca93dc150494e5b55a44134482993f5baeb97e61b7ecc89?s=96&d=mm&r=g","url":"https:\/\/secure.gravatar.com\/avatar\/42749d8b712ff9d59ca93dc150494e5b55a44134482993f5baeb97e61b7ecc89?s=96&d=mm&r=g","contentUrl":"https:\/\/secure.gravatar.com\/avatar\/42749d8b712ff9d59ca93dc150494e5b55a44134482993f5baeb97e61b7ecc89?s=96&d=mm&r=g","caption":"Roberto"},"url":"https:\/\/regiaonews.net.br\/2022\/author\/roberto\/"}]}},"publishpress_future_action":{"enabled":false,"date":"2026-05-03 08:28:46","action":"change-status","newStatus":"draft","terms":[],"taxonomy":"category","extraData":[]},"publishpress_future_workflow_manual_trigger":{"enabledWorkflows":[]},"_links":{"self":[{"href":"https:\/\/regiaonews.net.br\/2022\/wp-json\/wp\/v2\/posts\/108022","targetHints":{"allow":["GET"]}}],"collection":[{"href":"https:\/\/regiaonews.net.br\/2022\/wp-json\/wp\/v2\/posts"}],"about":[{"href":"https:\/\/regiaonews.net.br\/2022\/wp-json\/wp\/v2\/types\/post"}],"author":[{"embeddable":true,"href":"https:\/\/regiaonews.net.br\/2022\/wp-json\/wp\/v2\/users\/2"}],"replies":[{"embeddable":true,"href":"https:\/\/regiaonews.net.br\/2022\/wp-json\/wp\/v2\/comments?post=108022"}],"version-history":[{"count":1,"href":"https:\/\/regiaonews.net.br\/2022\/wp-json\/wp\/v2\/posts\/108022\/revisions"}],"predecessor-version":[{"id":108024,"href":"https:\/\/regiaonews.net.br\/2022\/wp-json\/wp\/v2\/posts\/108022\/revisions\/108024"}],"wp:featuredmedia":[{"embeddable":true,"href":"https:\/\/regiaonews.net.br\/2022\/wp-json\/wp\/v2\/media\/108023"}],"wp:attachment":[{"href":"https:\/\/regiaonews.net.br\/2022\/wp-json\/wp\/v2\/media?parent=108022"}],"wp:term":[{"taxonomy":"category","embeddable":true,"href":"https:\/\/regiaonews.net.br\/2022\/wp-json\/wp\/v2\/categories?post=108022"},{"taxonomy":"post_tag","embeddable":true,"href":"https:\/\/regiaonews.net.br\/2022\/wp-json\/wp\/v2\/tags?post=108022"}],"curies":[{"name":"wp","href":"https:\/\/api.w.org\/{rel}","templated":true}]}}