{"id":107961,"date":"2024-07-23T20:20:58","date_gmt":"2024-07-23T23:20:58","guid":{"rendered":"https:\/\/regiaonews.net.br\/2022\/?p=107961"},"modified":"2024-07-23T20:26:59","modified_gmt":"2024-07-23T23:26:59","slug":"educacao-de-sp-divulga-datas-do-provao-paulista-seriado-2024","status":"publish","type":"post","link":"https:\/\/regiaonews.net.br\/2022\/2024\/07\/23\/educacao-de-sp-divulga-datas-do-provao-paulista-seriado-2024\/","title":{"rendered":"Educa\u00e7\u00e3o de SP divulga datas do Prov\u00e3o Paulista Seriado 2024"},"content":{"rendered":"<p>Para a 3\u00aa s\u00e9rie do Ensino M\u00e9dio, a prova que d\u00e1 acesso direto ao ensino superior ser\u00e1 aplicada em 30 e 31 de outubro<\/p>\n<p>A edi\u00e7\u00e3o do Prov\u00e3o Paulista Seriado j\u00e1 tem data para ocorrer neste ano. Alunos da 3\u00aa s\u00e9rie do Ensino M\u00e9dio fazem a prova entre os dias 30 e 31 de outubro. Os alunos das 1\u00aa e 2\u00aa s\u00e9ries ser\u00e3o avaliados nos dias 11 e 12 de novembro.<\/p>\n<p>Mais de um milh\u00e3o de estudantes do Ensino M\u00e9dio da rede p\u00fablica paulista devem fazer o Prov\u00e3o Paulista Seriado.<\/p>\n<p>A divulga\u00e7\u00e3o das datas j\u00e1 serve para os estudantes se prepararem para a avalia\u00e7\u00e3o que garante o acesso direto \u00e0 USP, Unesp, Unicamp, Fatecs e Univesp. \u201cNo primeiro ano do Prov\u00e3o Paulista, a Secretaria da Educa\u00e7\u00e3o, em conjunto com as melhores universidades e faculdades paulista, ofereceu 15 mil vagas no ensino superior a alunos da rede p\u00fablica. Agora, com as datas da avalia\u00e7\u00e3o deste ano j\u00e1 divulgadas, nossas escolas e estudantes j\u00e1 podem organizar cronogramas espec\u00edficos para a prepara\u00e7\u00e3o para a prova que garante o acesso direto a um futuro na universidade\u201d, afirma o secret\u00e1rio-executivo da Educa\u00e7\u00e3o, Vinicius Neiva.<\/p>\n<p>Os estudantes da rede estadual e das escolas de Ensino M\u00e9dio da USP, Unesp e Unicamp ter\u00e3o as inscri\u00e7\u00f5es feitas de forma autom\u00e1tica. Os alunos do Centro Paula Souza e das redes municipais paulistas tamb\u00e9m poder\u00e3o ter suas inscri\u00e7\u00f5es autom\u00e1ticas, mediante a manifesta\u00e7\u00e3o de interesse e a ades\u00e3o \u00e0 avalia\u00e7\u00e3o por parte da rede de ensino em que cada um est\u00e1 matriculado.<\/p>\n<p>J\u00e1 os estudantes de outras redes p\u00fablicas da federa\u00e7\u00e3o poder\u00e3o se inscrever no Prov\u00e3o Paulista por meio do site da Vunesp, a partir da pr\u00f3xima segunda-feira, dia 29 de julho at\u00e9 9 de agosto.<\/p>\n<p>Para os estudantes de outras redes p\u00fablicas da federa\u00e7\u00e3o, h\u00e1 uma novidade para a edi\u00e7\u00e3o deste ano: eles poder\u00e3o escolher a cidade onde ir\u00e3o realizar a prova. A Secretaria da Educa\u00e7\u00e3o do Estado de S\u00e3o Paulo (Seduc-SP) dividiu em cinco polos: capital paulista, Ara\u00e7atuba, Campinas, Itapetininga e Ribeir\u00e3o Preto.<\/p>\n<p>O Prov\u00e3o Paulista Seriado permite que alunos do Ensino M\u00e9dio comecem a construir sua trajet\u00f3ria rumo \u00e0 universidade desde a 1\u00aa s\u00e9rie. As vagas s\u00e3o destinadas exclusivamente a estudantes que cursaram todo o Ensino M\u00e9dio na rede p\u00fablica.<\/p>\n<p>Alunos de todas as redes poder\u00e3o consultar informa\u00e7\u00f5es da resolu\u00e7\u00e3o e do edital do Prov\u00e3o Paulista no site da Secretaria:\u00a0<a role=\"link\" href=\"http:\/\/www.educacao.sp.gov.br\/\" target=\"_blank\" rel=\"noopener\">www.educacao.sp.gov.br<\/a><\/p>\n<h2><strong>Saresp na Educa\u00e7\u00e3o<\/strong><\/h2>\n<p>O Saresp deste ano ser\u00e1 aplicado para alunos do 2\u00ba e 5\u00ba ano dos anos iniciais do Ensino Fundamental e do 6\u00ba ao 9\u00ba ano do Ensino Fundamental, em todas as escolas estaduais. Outras escolas p\u00fablicas e particulares tamb\u00e9m podem receber a aplica\u00e7\u00e3o, mediante manifesta\u00e7\u00e3o de interesse ades\u00e3o.<\/p>\n<p>O cronograma de aplica\u00e7\u00e3o do Saresp ser\u00e1 o seguinte para este ano:<\/p>\n<ul>\n<li>Os alunos dos 2\u00ba e 5\u00ba anos do Ensino Fundamental far\u00e3o as provas de l\u00edngua portuguesa e matem\u00e1tica no dia 13 de novembro;<\/li>\n<li>Os alunos do 6\u00ba ano far\u00e3o as provas nos dias 18 e 19 de novembro;<\/li>\n<li>Estudantes do 7\u00ba ano far\u00e3o as provas nos dias 21 e 22 de novembro;<\/li>\n<li>Estudantes do 8\u00ba ano far\u00e3o as provas nos dias 25 e 26 de novembro;<\/li>\n<li>Os alunos do 9\u00ba ano do Ensino Fundamental far\u00e3o as provas nos dias 27 e 28 de novembro;<\/li>\n<li>Para todos os estudantes dos anos finais, o primeiro dia de provas avalia as \u00e1reas de linguagens e ci\u00eancia da natureza e o segundo dia, de matem\u00e1tica e ci\u00eancias humanas.<\/li>\n<\/ul>\n<p>Desde o ano passado, as provas dos anos finais do Ensino Fundamental do Saresp incluem as quatro \u00e1reas do conhecimento previstas no Curr\u00edculo Paulista para cada etapa \u2014 com provas nas disciplinas de l\u00edngua portuguesa, matem\u00e1tica, ci\u00eancias, hist\u00f3ria, geografia e l\u00edngua inglesa. A partir de 2025, com base nos resultados do pr\u00f3ximo Saresp, a aferi\u00e7\u00e3o das metas, para o pagamento de b\u00f4nus, levar\u00e1 em considera\u00e7\u00e3o metas individuais de professores de todas as disciplinas avaliadas de acordo com a etapa de ensino, al\u00e9m dos objetivos das escolas.<\/p>\n<p>O Saresp tem como objetivo avaliar o desempenho dos alunos da rede p\u00fablica estadual em disciplinas fundamentais, identificando defici\u00eancias no aprendizado e fornecendo dados essenciais para a formula\u00e7\u00e3o de pol\u00edticas p\u00fablicas educacionais.<\/p>\n","protected":false},"excerpt":{"rendered":"<p>Para a 3\u00aa s\u00e9rie do Ensino M\u00e9dio, a prova que<\/p>\n","protected":false},"author":2,"featured_media":107963,"comment_status":"open","ping_status":"open","sticky":false,"template":"","format":"standard","meta":{"footnotes":""},"categories":[176,7],"tags":[],"class_list":["post-107961","post","type-post","status-publish","format-standard","has-post-thumbnail","hentry","category-educacao-2","category-estado-de-sao-paulo"],"yoast_head":"<!-- This site is optimized with the Yoast SEO plugin v27.4 - https:\/\/yoast.com\/product\/yoast-seo-wordpress\/ -->\n<title>Educa\u00e7\u00e3o de SP divulga datas do Prov\u00e3o Paulista Seriado 2024 - Regi\u00e3o News<\/title>\n<meta name=\"robots\" content=\"index, follow, max-snippet:-1, max-image-preview:large, max-video-preview:-1\" \/>\n<link rel=\"canonical\" href=\"https:\/\/regiaonews.net.br\/2022\/2024\/07\/23\/educacao-de-sp-divulga-datas-do-provao-paulista-seriado-2024\/\" \/>\n<meta property=\"og:locale\" content=\"pt_BR\" \/>\n<meta property=\"og:type\" content=\"article\" \/>\n<meta property=\"og:title\" content=\"Educa\u00e7\u00e3o de SP divulga datas do Prov\u00e3o Paulista Seriado 2024 - Regi\u00e3o News\" \/>\n<meta property=\"og:description\" content=\"Para a 3\u00aa s\u00e9rie do Ensino M\u00e9dio, a prova que\" \/>\n<meta property=\"og:url\" content=\"https:\/\/regiaonews.net.br\/2022\/2024\/07\/23\/educacao-de-sp-divulga-datas-do-provao-paulista-seriado-2024\/\" \/>\n<meta property=\"og:site_name\" content=\"Regi\u00e3o News\" \/>\n<meta property=\"article:published_time\" content=\"2024-07-23T23:20:58+00:00\" \/>\n<meta property=\"article:modified_time\" content=\"2024-07-23T23:26:59+00:00\" \/>\n<meta property=\"og:image\" content=\"https:\/\/regiaonews.net.br\/2022\/wp-content\/uploads\/2024\/07\/educacao-1.png\" \/>\n\t<meta property=\"og:image:width\" content=\"990\" \/>\n\t<meta property=\"og:image:height\" content=\"744\" \/>\n\t<meta property=\"og:image:type\" content=\"image\/png\" \/>\n<meta name=\"author\" content=\"Roberto\" \/>\n<meta name=\"twitter:card\" content=\"summary_large_image\" \/>\n<meta name=\"twitter:label1\" content=\"Escrito por\" \/>\n\t<meta name=\"twitter:data1\" content=\"Roberto\" \/>\n\t<meta name=\"twitter:label2\" content=\"Est. tempo de leitura\" \/>\n\t<meta name=\"twitter:data2\" content=\"4 minutos\" \/>\n<script type=\"application\/ld+json\" class=\"yoast-schema-graph\">{\"@context\":\"https:\\\/\\\/schema.org\",\"@graph\":[{\"@type\":\"Article\",\"@id\":\"https:\\\/\\\/regiaonews.net.br\\\/2022\\\/2024\\\/07\\\/23\\\/educacao-de-sp-divulga-datas-do-provao-paulista-seriado-2024\\\/#article\",\"isPartOf\":{\"@id\":\"https:\\\/\\\/regiaonews.net.br\\\/2022\\\/2024\\\/07\\\/23\\\/educacao-de-sp-divulga-datas-do-provao-paulista-seriado-2024\\\/\"},\"author\":{\"name\":\"Roberto\",\"@id\":\"https:\\\/\\\/regiaonews.net.br\\\/2022\\\/#\\\/schema\\\/person\\\/2d205a608a5aa97ac279d7a5e6d89ad8\"},\"headline\":\"Educa\u00e7\u00e3o de SP divulga datas do Prov\u00e3o Paulista Seriado 2024\",\"datePublished\":\"2024-07-23T23:20:58+00:00\",\"dateModified\":\"2024-07-23T23:26:59+00:00\",\"mainEntityOfPage\":{\"@id\":\"https:\\\/\\\/regiaonews.net.br\\\/2022\\\/2024\\\/07\\\/23\\\/educacao-de-sp-divulga-datas-do-provao-paulista-seriado-2024\\\/\"},\"wordCount\":756,\"commentCount\":0,\"publisher\":{\"@id\":\"https:\\\/\\\/regiaonews.net.br\\\/2022\\\/#organization\"},\"image\":{\"@id\":\"https:\\\/\\\/regiaonews.net.br\\\/2022\\\/2024\\\/07\\\/23\\\/educacao-de-sp-divulga-datas-do-provao-paulista-seriado-2024\\\/#primaryimage\"},\"thumbnailUrl\":\"https:\\\/\\\/regiaonews.net.br\\\/2022\\\/wp-content\\\/uploads\\\/2024\\\/07\\\/educacao-1.png\",\"articleSection\":[\"Educa\u00e7\u00e3o\",\"Estado de S\u00e3o Paulo\"],\"inLanguage\":\"pt-BR\",\"potentialAction\":[{\"@type\":\"CommentAction\",\"name\":\"Comment\",\"target\":[\"https:\\\/\\\/regiaonews.net.br\\\/2022\\\/2024\\\/07\\\/23\\\/educacao-de-sp-divulga-datas-do-provao-paulista-seriado-2024\\\/#respond\"]}]},{\"@type\":\"WebPage\",\"@id\":\"https:\\\/\\\/regiaonews.net.br\\\/2022\\\/2024\\\/07\\\/23\\\/educacao-de-sp-divulga-datas-do-provao-paulista-seriado-2024\\\/\",\"url\":\"https:\\\/\\\/regiaonews.net.br\\\/2022\\\/2024\\\/07\\\/23\\\/educacao-de-sp-divulga-datas-do-provao-paulista-seriado-2024\\\/\",\"name\":\"Educa\u00e7\u00e3o de SP divulga datas do Prov\u00e3o Paulista Seriado 2024 - Regi\u00e3o News\",\"isPartOf\":{\"@id\":\"https:\\\/\\\/regiaonews.net.br\\\/2022\\\/#website\"},\"primaryImageOfPage\":{\"@id\":\"https:\\\/\\\/regiaonews.net.br\\\/2022\\\/2024\\\/07\\\/23\\\/educacao-de-sp-divulga-datas-do-provao-paulista-seriado-2024\\\/#primaryimage\"},\"image\":{\"@id\":\"https:\\\/\\\/regiaonews.net.br\\\/2022\\\/2024\\\/07\\\/23\\\/educacao-de-sp-divulga-datas-do-provao-paulista-seriado-2024\\\/#primaryimage\"},\"thumbnailUrl\":\"https:\\\/\\\/regiaonews.net.br\\\/2022\\\/wp-content\\\/uploads\\\/2024\\\/07\\\/educacao-1.png\",\"datePublished\":\"2024-07-23T23:20:58+00:00\",\"dateModified\":\"2024-07-23T23:26:59+00:00\",\"breadcrumb\":{\"@id\":\"https:\\\/\\\/regiaonews.net.br\\\/2022\\\/2024\\\/07\\\/23\\\/educacao-de-sp-divulga-datas-do-provao-paulista-seriado-2024\\\/#breadcrumb\"},\"inLanguage\":\"pt-BR\",\"potentialAction\":[{\"@type\":\"ReadAction\",\"target\":[\"https:\\\/\\\/regiaonews.net.br\\\/2022\\\/2024\\\/07\\\/23\\\/educacao-de-sp-divulga-datas-do-provao-paulista-seriado-2024\\\/\"]}]},{\"@type\":\"ImageObject\",\"inLanguage\":\"pt-BR\",\"@id\":\"https:\\\/\\\/regiaonews.net.br\\\/2022\\\/2024\\\/07\\\/23\\\/educacao-de-sp-divulga-datas-do-provao-paulista-seriado-2024\\\/#primaryimage\",\"url\":\"https:\\\/\\\/regiaonews.net.br\\\/2022\\\/wp-content\\\/uploads\\\/2024\\\/07\\\/educacao-1.png\",\"contentUrl\":\"https:\\\/\\\/regiaonews.net.br\\\/2022\\\/wp-content\\\/uploads\\\/2024\\\/07\\\/educacao-1.png\",\"width\":990,\"height\":744},{\"@type\":\"BreadcrumbList\",\"@id\":\"https:\\\/\\\/regiaonews.net.br\\\/2022\\\/2024\\\/07\\\/23\\\/educacao-de-sp-divulga-datas-do-provao-paulista-seriado-2024\\\/#breadcrumb\",\"itemListElement\":[{\"@type\":\"ListItem\",\"position\":1,\"name\":\"In\u00edcio\",\"item\":\"https:\\\/\\\/regiaonews.net.br\\\/2022\\\/\"},{\"@type\":\"ListItem\",\"position\":2,\"name\":\"Educa\u00e7\u00e3o de SP divulga datas do Prov\u00e3o Paulista Seriado 2024\"}]},{\"@type\":\"WebSite\",\"@id\":\"https:\\\/\\\/regiaonews.net.br\\\/2022\\\/#website\",\"url\":\"https:\\\/\\\/regiaonews.net.br\\\/2022\\\/\",\"name\":\"Regi\u00e3o News\",\"description\":\"Site de Not\u00edcias de Barretos e regi\u00e3o\",\"publisher\":{\"@id\":\"https:\\\/\\\/regiaonews.net.br\\\/2022\\\/#organization\"},\"potentialAction\":[{\"@type\":\"SearchAction\",\"target\":{\"@type\":\"EntryPoint\",\"urlTemplate\":\"https:\\\/\\\/regiaonews.net.br\\\/2022\\\/?s={search_term_string}\"},\"query-input\":{\"@type\":\"PropertyValueSpecification\",\"valueRequired\":true,\"valueName\":\"search_term_string\"}}],\"inLanguage\":\"pt-BR\"},{\"@type\":\"Organization\",\"@id\":\"https:\\\/\\\/regiaonews.net.br\\\/2022\\\/#organization\",\"name\":\"Regi\u00e3o News\",\"url\":\"https:\\\/\\\/regiaonews.net.br\\\/2022\\\/\",\"logo\":{\"@type\":\"ImageObject\",\"inLanguage\":\"pt-BR\",\"@id\":\"https:\\\/\\\/regiaonews.net.br\\\/2022\\\/#\\\/schema\\\/logo\\\/image\\\/\",\"url\":\"https:\\\/\\\/regiaonews.net.br\\\/2022\\\/wp-content\\\/uploads\\\/2026\\\/03\\\/regiao-13-anos-scaled.jpg\",\"contentUrl\":\"https:\\\/\\\/regiaonews.net.br\\\/2022\\\/wp-content\\\/uploads\\\/2026\\\/03\\\/regiao-13-anos-scaled.jpg\",\"width\":2560,\"height\":635,\"caption\":\"Regi\u00e3o News\"},\"image\":{\"@id\":\"https:\\\/\\\/regiaonews.net.br\\\/2022\\\/#\\\/schema\\\/logo\\\/image\\\/\"}},{\"@type\":\"Person\",\"@id\":\"https:\\\/\\\/regiaonews.net.br\\\/2022\\\/#\\\/schema\\\/person\\\/2d205a608a5aa97ac279d7a5e6d89ad8\",\"name\":\"Roberto\",\"image\":{\"@type\":\"ImageObject\",\"inLanguage\":\"pt-BR\",\"@id\":\"https:\\\/\\\/secure.gravatar.com\\\/avatar\\\/42749d8b712ff9d59ca93dc150494e5b55a44134482993f5baeb97e61b7ecc89?s=96&d=mm&r=g\",\"url\":\"https:\\\/\\\/secure.gravatar.com\\\/avatar\\\/42749d8b712ff9d59ca93dc150494e5b55a44134482993f5baeb97e61b7ecc89?s=96&d=mm&r=g\",\"contentUrl\":\"https:\\\/\\\/secure.gravatar.com\\\/avatar\\\/42749d8b712ff9d59ca93dc150494e5b55a44134482993f5baeb97e61b7ecc89?s=96&d=mm&r=g\",\"caption\":\"Roberto\"},\"url\":\"https:\\\/\\\/regiaonews.net.br\\\/2022\\\/author\\\/roberto\\\/\"}]}<\/script>\n<!-- \/ Yoast SEO plugin. -->","yoast_head_json":{"title":"Educa\u00e7\u00e3o de SP divulga datas do Prov\u00e3o Paulista Seriado 2024 - Regi\u00e3o News","robots":{"index":"index","follow":"follow","max-snippet":"max-snippet:-1","max-image-preview":"max-image-preview:large","max-video-preview":"max-video-preview:-1"},"canonical":"https:\/\/regiaonews.net.br\/2022\/2024\/07\/23\/educacao-de-sp-divulga-datas-do-provao-paulista-seriado-2024\/","og_locale":"pt_BR","og_type":"article","og_title":"Educa\u00e7\u00e3o de SP divulga datas do Prov\u00e3o Paulista Seriado 2024 - Regi\u00e3o News","og_description":"Para a 3\u00aa s\u00e9rie do Ensino M\u00e9dio, a prova que","og_url":"https:\/\/regiaonews.net.br\/2022\/2024\/07\/23\/educacao-de-sp-divulga-datas-do-provao-paulista-seriado-2024\/","og_site_name":"Regi\u00e3o News","article_published_time":"2024-07-23T23:20:58+00:00","article_modified_time":"2024-07-23T23:26:59+00:00","og_image":[{"width":990,"height":744,"url":"https:\/\/regiaonews.net.br\/2022\/wp-content\/uploads\/2024\/07\/educacao-1.png","type":"image\/png"}],"author":"Roberto","twitter_card":"summary_large_image","twitter_misc":{"Escrito por":"Roberto","Est. tempo de leitura":"4 minutos"},"schema":{"@context":"https:\/\/schema.org","@graph":[{"@type":"Article","@id":"https:\/\/regiaonews.net.br\/2022\/2024\/07\/23\/educacao-de-sp-divulga-datas-do-provao-paulista-seriado-2024\/#article","isPartOf":{"@id":"https:\/\/regiaonews.net.br\/2022\/2024\/07\/23\/educacao-de-sp-divulga-datas-do-provao-paulista-seriado-2024\/"},"author":{"name":"Roberto","@id":"https:\/\/regiaonews.net.br\/2022\/#\/schema\/person\/2d205a608a5aa97ac279d7a5e6d89ad8"},"headline":"Educa\u00e7\u00e3o de SP divulga datas do Prov\u00e3o Paulista Seriado 2024","datePublished":"2024-07-23T23:20:58+00:00","dateModified":"2024-07-23T23:26:59+00:00","mainEntityOfPage":{"@id":"https:\/\/regiaonews.net.br\/2022\/2024\/07\/23\/educacao-de-sp-divulga-datas-do-provao-paulista-seriado-2024\/"},"wordCount":756,"commentCount":0,"publisher":{"@id":"https:\/\/regiaonews.net.br\/2022\/#organization"},"image":{"@id":"https:\/\/regiaonews.net.br\/2022\/2024\/07\/23\/educacao-de-sp-divulga-datas-do-provao-paulista-seriado-2024\/#primaryimage"},"thumbnailUrl":"https:\/\/regiaonews.net.br\/2022\/wp-content\/uploads\/2024\/07\/educacao-1.png","articleSection":["Educa\u00e7\u00e3o","Estado de S\u00e3o Paulo"],"inLanguage":"pt-BR","potentialAction":[{"@type":"CommentAction","name":"Comment","target":["https:\/\/regiaonews.net.br\/2022\/2024\/07\/23\/educacao-de-sp-divulga-datas-do-provao-paulista-seriado-2024\/#respond"]}]},{"@type":"WebPage","@id":"https:\/\/regiaonews.net.br\/2022\/2024\/07\/23\/educacao-de-sp-divulga-datas-do-provao-paulista-seriado-2024\/","url":"https:\/\/regiaonews.net.br\/2022\/2024\/07\/23\/educacao-de-sp-divulga-datas-do-provao-paulista-seriado-2024\/","name":"Educa\u00e7\u00e3o de SP divulga datas do Prov\u00e3o Paulista Seriado 2024 - Regi\u00e3o News","isPartOf":{"@id":"https:\/\/regiaonews.net.br\/2022\/#website"},"primaryImageOfPage":{"@id":"https:\/\/regiaonews.net.br\/2022\/2024\/07\/23\/educacao-de-sp-divulga-datas-do-provao-paulista-seriado-2024\/#primaryimage"},"image":{"@id":"https:\/\/regiaonews.net.br\/2022\/2024\/07\/23\/educacao-de-sp-divulga-datas-do-provao-paulista-seriado-2024\/#primaryimage"},"thumbnailUrl":"https:\/\/regiaonews.net.br\/2022\/wp-content\/uploads\/2024\/07\/educacao-1.png","datePublished":"2024-07-23T23:20:58+00:00","dateModified":"2024-07-23T23:26:59+00:00","breadcrumb":{"@id":"https:\/\/regiaonews.net.br\/2022\/2024\/07\/23\/educacao-de-sp-divulga-datas-do-provao-paulista-seriado-2024\/#breadcrumb"},"inLanguage":"pt-BR","potentialAction":[{"@type":"ReadAction","target":["https:\/\/regiaonews.net.br\/2022\/2024\/07\/23\/educacao-de-sp-divulga-datas-do-provao-paulista-seriado-2024\/"]}]},{"@type":"ImageObject","inLanguage":"pt-BR","@id":"https:\/\/regiaonews.net.br\/2022\/2024\/07\/23\/educacao-de-sp-divulga-datas-do-provao-paulista-seriado-2024\/#primaryimage","url":"https:\/\/regiaonews.net.br\/2022\/wp-content\/uploads\/2024\/07\/educacao-1.png","contentUrl":"https:\/\/regiaonews.net.br\/2022\/wp-content\/uploads\/2024\/07\/educacao-1.png","width":990,"height":744},{"@type":"BreadcrumbList","@id":"https:\/\/regiaonews.net.br\/2022\/2024\/07\/23\/educacao-de-sp-divulga-datas-do-provao-paulista-seriado-2024\/#breadcrumb","itemListElement":[{"@type":"ListItem","position":1,"name":"In\u00edcio","item":"https:\/\/regiaonews.net.br\/2022\/"},{"@type":"ListItem","position":2,"name":"Educa\u00e7\u00e3o de SP divulga datas do Prov\u00e3o Paulista Seriado 2024"}]},{"@type":"WebSite","@id":"https:\/\/regiaonews.net.br\/2022\/#website","url":"https:\/\/regiaonews.net.br\/2022\/","name":"Regi\u00e3o News","description":"Site de Not\u00edcias de Barretos e regi\u00e3o","publisher":{"@id":"https:\/\/regiaonews.net.br\/2022\/#organization"},"potentialAction":[{"@type":"SearchAction","target":{"@type":"EntryPoint","urlTemplate":"https:\/\/regiaonews.net.br\/2022\/?s={search_term_string}"},"query-input":{"@type":"PropertyValueSpecification","valueRequired":true,"valueName":"search_term_string"}}],"inLanguage":"pt-BR"},{"@type":"Organization","@id":"https:\/\/regiaonews.net.br\/2022\/#organization","name":"Regi\u00e3o News","url":"https:\/\/regiaonews.net.br\/2022\/","logo":{"@type":"ImageObject","inLanguage":"pt-BR","@id":"https:\/\/regiaonews.net.br\/2022\/#\/schema\/logo\/image\/","url":"https:\/\/regiaonews.net.br\/2022\/wp-content\/uploads\/2026\/03\/regiao-13-anos-scaled.jpg","contentUrl":"https:\/\/regiaonews.net.br\/2022\/wp-content\/uploads\/2026\/03\/regiao-13-anos-scaled.jpg","width":2560,"height":635,"caption":"Regi\u00e3o News"},"image":{"@id":"https:\/\/regiaonews.net.br\/2022\/#\/schema\/logo\/image\/"}},{"@type":"Person","@id":"https:\/\/regiaonews.net.br\/2022\/#\/schema\/person\/2d205a608a5aa97ac279d7a5e6d89ad8","name":"Roberto","image":{"@type":"ImageObject","inLanguage":"pt-BR","@id":"https:\/\/secure.gravatar.com\/avatar\/42749d8b712ff9d59ca93dc150494e5b55a44134482993f5baeb97e61b7ecc89?s=96&d=mm&r=g","url":"https:\/\/secure.gravatar.com\/avatar\/42749d8b712ff9d59ca93dc150494e5b55a44134482993f5baeb97e61b7ecc89?s=96&d=mm&r=g","contentUrl":"https:\/\/secure.gravatar.com\/avatar\/42749d8b712ff9d59ca93dc150494e5b55a44134482993f5baeb97e61b7ecc89?s=96&d=mm&r=g","caption":"Roberto"},"url":"https:\/\/regiaonews.net.br\/2022\/author\/roberto\/"}]}},"publishpress_future_action":{"enabled":false,"date":"2026-05-03 02:52:29","action":"change-status","newStatus":"draft","terms":[],"taxonomy":"category","extraData":[]},"publishpress_future_workflow_manual_trigger":{"enabledWorkflows":[]},"_links":{"self":[{"href":"https:\/\/regiaonews.net.br\/2022\/wp-json\/wp\/v2\/posts\/107961","targetHints":{"allow":["GET"]}}],"collection":[{"href":"https:\/\/regiaonews.net.br\/2022\/wp-json\/wp\/v2\/posts"}],"about":[{"href":"https:\/\/regiaonews.net.br\/2022\/wp-json\/wp\/v2\/types\/post"}],"author":[{"embeddable":true,"href":"https:\/\/regiaonews.net.br\/2022\/wp-json\/wp\/v2\/users\/2"}],"replies":[{"embeddable":true,"href":"https:\/\/regiaonews.net.br\/2022\/wp-json\/wp\/v2\/comments?post=107961"}],"version-history":[{"count":1,"href":"https:\/\/regiaonews.net.br\/2022\/wp-json\/wp\/v2\/posts\/107961\/revisions"}],"predecessor-version":[{"id":107962,"href":"https:\/\/regiaonews.net.br\/2022\/wp-json\/wp\/v2\/posts\/107961\/revisions\/107962"}],"wp:featuredmedia":[{"embeddable":true,"href":"https:\/\/regiaonews.net.br\/2022\/wp-json\/wp\/v2\/media\/107963"}],"wp:attachment":[{"href":"https:\/\/regiaonews.net.br\/2022\/wp-json\/wp\/v2\/media?parent=107961"}],"wp:term":[{"taxonomy":"category","embeddable":true,"href":"https:\/\/regiaonews.net.br\/2022\/wp-json\/wp\/v2\/categories?post=107961"},{"taxonomy":"post_tag","embeddable":true,"href":"https:\/\/regiaonews.net.br\/2022\/wp-json\/wp\/v2\/tags?post=107961"}],"curies":[{"name":"wp","href":"https:\/\/api.w.org\/{rel}","templated":true}]}}