{"id":107954,"date":"2024-07-23T18:25:22","date_gmt":"2024-07-23T21:25:22","guid":{"rendered":"https:\/\/regiaonews.net.br\/2022\/?p=107954"},"modified":"2024-07-23T18:25:22","modified_gmt":"2024-07-23T21:25:22","slug":"com-mais-de-r-1-milhao-em-premiacao-festa-de-barretos-anuncia-programacao-esportiva-do-rodeio","status":"publish","type":"post","link":"https:\/\/regiaonews.net.br\/2022\/2024\/07\/23\/com-mais-de-r-1-milhao-em-premiacao-festa-de-barretos-anuncia-programacao-esportiva-do-rodeio\/","title":{"rendered":"Com mais de R$ 1 milh\u00e3o em premia\u00e7\u00e3o, Festa  de Barretos anuncia programa\u00e7\u00e3o esportiva do rodeio"},"content":{"rendered":"<p>Arena do Est\u00e1dio de Rodeio do Parque do Pe\u00e3o receber\u00e1 as finais dos principais campeonatos do Pa\u00eds e a disputa do Barretos International Rodeo. Evento acontece de 15 a 25 de agosto<\/p>\n<p>Com uma premia\u00e7\u00e3o superior a R$ 1 milh\u00e3o, a Festa do Pe\u00e3o de Barretos ter\u00e1 11 dias de disputas esportivas na arena do Parque do Pe\u00e3o, de 15 a 25 de agosto. Ao todo ser\u00e3o mais de 600 competidores em disputas nas modalidades &#8211; Touros, Cutiano, Tr\u00eas Tambores, Team Penning, Sela Americana, Bareback e Ranch Sorting. O Est\u00e1dio de Rodeios sedia as principais finais do esporte no pa\u00eds e a disputa pelo t\u00edtulo de campe\u00e3o do Barretos International Rodeo.<\/p>\n<p>Em sua 31\u00aa edi\u00e7\u00e3o, o rodeio internacional reunir\u00e1 os melhores competidores brasileiros ranqueados nos campeonatos nacionais, al\u00e9m de convidados dos Estados Unidos e M\u00e9xico. As disputas acontecem de 22 a 25 de agosto.<\/p>\n<p>\u201cAs competi\u00e7\u00f5es da Festa do Pe\u00e3o de Barretos trazem grande visibilidade aos competidores. Vencer nesta arena de rodeio proporciona reconhecimento no universo de rodeio e ter seu nome na hist\u00f3ria da festa, como tamb\u00e9m, projeta atletas brasileiros para rodeios fora do Brasil. Todos querem ganhar em Barretos\u201d, afirma Hussein Gemha Junior, presidente de Os Independentes, associa\u00e7\u00e3o realizadora da Festa.<\/p>\n<p>Al\u00e9m das disputas do Barretos International Rodeo, a arena de Barretos receber\u00e1 as finais da PBR Brazil &#8211; Professional Bull Riders, da Liga Nacional de Rodeio e do Campeonato Barretos de Tr\u00eas Tambores.<\/p>\n<p>Finais de campeonatos e provas cronometradas<br \/>\nDe 15 a 18 de agosto, Barretos sedia a final do campeonato de montarias em touros da PBR Brazil, recebendo competidores ranqueados ao longo do ano para a grande final na Festa.<\/p>\n<p>O primeiro final de semana ter\u00e1 as competi\u00e7\u00f5es de Team Penning e Ranch Sorting. As seletivas classificat\u00f3rias s\u00e3o realizadas na H\u00edpica do Parque do Pe\u00e3o durante o dia e os melhores v\u00e3o para a noite no Est\u00e1dio de Rodeios. O p\u00fablico tamb\u00e9m conhecer\u00e1 amazona campe\u00e3 do Campeonato Barretos de Tr\u00eas tambores.<\/p>\n<p>J\u00e1 de 19 a 21 e 24, a arena do Est\u00e1dio de Rodeio recebe as montarias nacionais e a final\u00edssima pela LNR \u2013 Liga Nacional de Rodeio, oportunidade em que os ranqueados de todas as etapas da LNR competem pelo t\u00edtulo de campe\u00e3o em Barretos. Os melhores colocados s\u00e3o ainda classificados para o The American Rodeo, rodeio milion\u00e1rio que ocorre no Texas\/Estados Unidos.<\/p>\n<p>\u201cO campe\u00e3o da LNR vai direto para semifinal do The American ficando apenas quatro montarias para o pr\u00eamio de 1 milh\u00e3o de d\u00f3lares. O segundo e terceiro colocado tamb\u00e9m garante vaga para o rodeio do Texas, mas com seis montarias pela frente\u201d, conta Marcos Abud, presidente da Liga Nacional de Rodeio.<\/p>\n<p>Rodeio internacional<br \/>\nO 31\u00ba Barretos International Rodeo acontece de 22 a 25 de agosto com provas de montarias em touros, Cutiano, Sela Americana, Bareback, Tr\u00eas Tambores e o Team Penning.<\/p>\n<p>Os competidores participantes s\u00e3o ranqueados nos campeonatos nacionais que integram a Confedera\u00e7\u00e3o Nacional de Rodeio (CNAR) \u2013 LNR, PBR, Circuito Rancho Primavera e Equip Rozeta, al\u00e9m de convidados do evento.<\/p>\n<p>J\u00e1 nas montarias em cavalo estilo cutiano, s\u00e3o atletas classificados pela Sele\u00e7\u00e3o Brasileira do Cutiano, Equip Rozeta, os melhores colocados da Confedera\u00e7\u00e3o Nacional de Rodeio e convidados.<\/p>\n<p>Al\u00e9m de todos os campe\u00f5es das modalidades, a arena tamb\u00e9m conhecer\u00e1 o campe\u00e3o do Rodeio J\u00fanior.<\/p>\n<p>\u201cEstamos muito otimistas com as competi\u00e7\u00f5es deste ano. O n\u00edvel dos atletas nos rodeios nacionais est\u00e1 surpreendendo e teremos os melhores em Barretos\u201d, continua o diretor de rodeio, Marcos Abud.<\/p>\n<p>Calend\u00e1rio Rodeio 69\u00aa Festa do Pe\u00e3o de Barretos<br \/>\n15 A 18 DE AGOSTO &#8211; FINAL DA PBR BRASIL, SELA E BAREBACK<br \/>\n15 A 18 &#8211; TEAM PENNING E RANCH SORTING, FINAL CAMPEONATO BARRETOS DE 3 TAMBORES<br \/>\n19 A 21 E 24 DE AGOSTO &#8211; FINAL DA LIGA NACIONAL DE RODEIO<br \/>\n19 A 21 &#8211; TR\u00caS TAMBORES MIRIM<br \/>\n21 A 25 &#8211; TR\u00caS TAMBORES<br \/>\n22 A 25 &#8211; RODEIO J\u00daNIOR<br \/>\n22 A 25 &#8211; 31\u00ba BARRETOS INTERNATIONAL RODEO &#8211; TEAM PENNING\/TR\u00caS TAMBORES\/CUTIANO\/TOUROS<\/p>\n<p>Segue link com os v\u00eddeos exibidos no evento de Lan\u00e7amento da Programa\u00e7\u00e3o de Rodeio<br \/>\nV\u00cdDEOS LAN\u00c7AMENTO DE RODEIO 2024 &#8211; https:\/\/we.tl\/t-xBXm2wrWFk<\/p>\n<p><a href=\"https:\/\/regiaonews.net.br\/2022\/wp-content\/uploads\/2024\/07\/WhatsApp-Image-2024-07-23-at-17.55.31.jpeg\"><img loading=\"lazy\" decoding=\"async\" class=\"alignnone size-medium wp-image-107955\" src=\"https:\/\/regiaonews.net.br\/2022\/wp-content\/uploads\/2024\/07\/WhatsApp-Image-2024-07-23-at-17.55.31-300x200.jpeg\" alt=\"\" width=\"300\" height=\"200\" srcset=\"https:\/\/regiaonews.net.br\/2022\/wp-content\/uploads\/2024\/07\/WhatsApp-Image-2024-07-23-at-17.55.31-300x200.jpeg 300w, https:\/\/regiaonews.net.br\/2022\/wp-content\/uploads\/2024\/07\/WhatsApp-Image-2024-07-23-at-17.55.31-1024x684.jpeg 1024w, https:\/\/regiaonews.net.br\/2022\/wp-content\/uploads\/2024\/07\/WhatsApp-Image-2024-07-23-at-17.55.31-768x513.jpeg 768w, https:\/\/regiaonews.net.br\/2022\/wp-content\/uploads\/2024\/07\/WhatsApp-Image-2024-07-23-at-17.55.31-1536x1025.jpeg 1536w, https:\/\/regiaonews.net.br\/2022\/wp-content\/uploads\/2024\/07\/WhatsApp-Image-2024-07-23-at-17.55.31-250x167.jpeg 250w, https:\/\/regiaonews.net.br\/2022\/wp-content\/uploads\/2024\/07\/WhatsApp-Image-2024-07-23-at-17.55.31-900x600.jpeg 900w, https:\/\/regiaonews.net.br\/2022\/wp-content\/uploads\/2024\/07\/WhatsApp-Image-2024-07-23-at-17.55.31.jpeg 1600w\" sizes=\"auto, (max-width: 300px) 100vw, 300px\" \/><\/a><\/p>\n","protected":false},"excerpt":{"rendered":"<p>Arena do Est\u00e1dio de Rodeio do Parque do Pe\u00e3o receber\u00e1<\/p>\n","protected":false},"author":2,"featured_media":107956,"comment_status":"open","ping_status":"open","sticky":false,"template":"","format":"standard","meta":{"footnotes":""},"categories":[14,21,45],"tags":[],"class_list":["post-107954","post","type-post","status-publish","format-standard","has-post-thumbnail","hentry","category-barretos","category-esporte","category-festa-do-peao"],"yoast_head":"<!-- This site is optimized with the Yoast SEO plugin v27.4 - https:\/\/yoast.com\/product\/yoast-seo-wordpress\/ -->\n<title>Com mais de R$ 1 milh\u00e3o em premia\u00e7\u00e3o, Festa de Barretos anuncia programa\u00e7\u00e3o esportiva do rodeio - Regi\u00e3o News<\/title>\n<meta name=\"robots\" content=\"index, follow, max-snippet:-1, max-image-preview:large, max-video-preview:-1\" \/>\n<link rel=\"canonical\" href=\"https:\/\/regiaonews.net.br\/2022\/2024\/07\/23\/com-mais-de-r-1-milhao-em-premiacao-festa-de-barretos-anuncia-programacao-esportiva-do-rodeio\/\" \/>\n<meta property=\"og:locale\" content=\"pt_BR\" \/>\n<meta property=\"og:type\" content=\"article\" \/>\n<meta property=\"og:title\" content=\"Com mais de R$ 1 milh\u00e3o em premia\u00e7\u00e3o, Festa de Barretos anuncia programa\u00e7\u00e3o esportiva do rodeio - Regi\u00e3o News\" \/>\n<meta property=\"og:description\" content=\"Arena do Est\u00e1dio de Rodeio do Parque do Pe\u00e3o receber\u00e1\" \/>\n<meta property=\"og:url\" content=\"https:\/\/regiaonews.net.br\/2022\/2024\/07\/23\/com-mais-de-r-1-milhao-em-premiacao-festa-de-barretos-anuncia-programacao-esportiva-do-rodeio\/\" \/>\n<meta property=\"og:site_name\" content=\"Regi\u00e3o News\" \/>\n<meta property=\"article:published_time\" content=\"2024-07-23T21:25:22+00:00\" \/>\n<meta property=\"og:image\" content=\"https:\/\/regiaonews.net.br\/2022\/wp-content\/uploads\/2024\/07\/WhatsApp-Image-2024-07-23-at-17.55.40.jpeg\" \/>\n\t<meta property=\"og:image:width\" content=\"800\" \/>\n\t<meta property=\"og:image:height\" content=\"534\" \/>\n\t<meta property=\"og:image:type\" content=\"image\/jpeg\" \/>\n<meta name=\"author\" content=\"Roberto\" \/>\n<meta name=\"twitter:card\" content=\"summary_large_image\" \/>\n<meta name=\"twitter:label1\" content=\"Escrito por\" \/>\n\t<meta name=\"twitter:data1\" content=\"Roberto\" \/>\n\t<meta name=\"twitter:label2\" content=\"Est. tempo de leitura\" \/>\n\t<meta name=\"twitter:data2\" content=\"4 minutos\" \/>\n<script type=\"application\/ld+json\" class=\"yoast-schema-graph\">{\"@context\":\"https:\\\/\\\/schema.org\",\"@graph\":[{\"@type\":\"Article\",\"@id\":\"https:\\\/\\\/regiaonews.net.br\\\/2022\\\/2024\\\/07\\\/23\\\/com-mais-de-r-1-milhao-em-premiacao-festa-de-barretos-anuncia-programacao-esportiva-do-rodeio\\\/#article\",\"isPartOf\":{\"@id\":\"https:\\\/\\\/regiaonews.net.br\\\/2022\\\/2024\\\/07\\\/23\\\/com-mais-de-r-1-milhao-em-premiacao-festa-de-barretos-anuncia-programacao-esportiva-do-rodeio\\\/\"},\"author\":{\"name\":\"Roberto\",\"@id\":\"https:\\\/\\\/regiaonews.net.br\\\/2022\\\/#\\\/schema\\\/person\\\/2d205a608a5aa97ac279d7a5e6d89ad8\"},\"headline\":\"Com mais de R$ 1 milh\u00e3o em premia\u00e7\u00e3o, Festa de Barretos anuncia programa\u00e7\u00e3o esportiva do rodeio\",\"datePublished\":\"2024-07-23T21:25:22+00:00\",\"mainEntityOfPage\":{\"@id\":\"https:\\\/\\\/regiaonews.net.br\\\/2022\\\/2024\\\/07\\\/23\\\/com-mais-de-r-1-milhao-em-premiacao-festa-de-barretos-anuncia-programacao-esportiva-do-rodeio\\\/\"},\"wordCount\":729,\"commentCount\":0,\"publisher\":{\"@id\":\"https:\\\/\\\/regiaonews.net.br\\\/2022\\\/#organization\"},\"image\":{\"@id\":\"https:\\\/\\\/regiaonews.net.br\\\/2022\\\/2024\\\/07\\\/23\\\/com-mais-de-r-1-milhao-em-premiacao-festa-de-barretos-anuncia-programacao-esportiva-do-rodeio\\\/#primaryimage\"},\"thumbnailUrl\":\"https:\\\/\\\/regiaonews.net.br\\\/2022\\\/wp-content\\\/uploads\\\/2024\\\/07\\\/WhatsApp-Image-2024-07-23-at-17.55.40.jpeg\",\"articleSection\":[\"Barretos\",\"Esporte\",\"Festa do Pe\u00e3o\"],\"inLanguage\":\"pt-BR\",\"potentialAction\":[{\"@type\":\"CommentAction\",\"name\":\"Comment\",\"target\":[\"https:\\\/\\\/regiaonews.net.br\\\/2022\\\/2024\\\/07\\\/23\\\/com-mais-de-r-1-milhao-em-premiacao-festa-de-barretos-anuncia-programacao-esportiva-do-rodeio\\\/#respond\"]}]},{\"@type\":\"WebPage\",\"@id\":\"https:\\\/\\\/regiaonews.net.br\\\/2022\\\/2024\\\/07\\\/23\\\/com-mais-de-r-1-milhao-em-premiacao-festa-de-barretos-anuncia-programacao-esportiva-do-rodeio\\\/\",\"url\":\"https:\\\/\\\/regiaonews.net.br\\\/2022\\\/2024\\\/07\\\/23\\\/com-mais-de-r-1-milhao-em-premiacao-festa-de-barretos-anuncia-programacao-esportiva-do-rodeio\\\/\",\"name\":\"Com mais de R$ 1 milh\u00e3o em premia\u00e7\u00e3o, Festa de Barretos anuncia programa\u00e7\u00e3o esportiva do rodeio - Regi\u00e3o News\",\"isPartOf\":{\"@id\":\"https:\\\/\\\/regiaonews.net.br\\\/2022\\\/#website\"},\"primaryImageOfPage\":{\"@id\":\"https:\\\/\\\/regiaonews.net.br\\\/2022\\\/2024\\\/07\\\/23\\\/com-mais-de-r-1-milhao-em-premiacao-festa-de-barretos-anuncia-programacao-esportiva-do-rodeio\\\/#primaryimage\"},\"image\":{\"@id\":\"https:\\\/\\\/regiaonews.net.br\\\/2022\\\/2024\\\/07\\\/23\\\/com-mais-de-r-1-milhao-em-premiacao-festa-de-barretos-anuncia-programacao-esportiva-do-rodeio\\\/#primaryimage\"},\"thumbnailUrl\":\"https:\\\/\\\/regiaonews.net.br\\\/2022\\\/wp-content\\\/uploads\\\/2024\\\/07\\\/WhatsApp-Image-2024-07-23-at-17.55.40.jpeg\",\"datePublished\":\"2024-07-23T21:25:22+00:00\",\"breadcrumb\":{\"@id\":\"https:\\\/\\\/regiaonews.net.br\\\/2022\\\/2024\\\/07\\\/23\\\/com-mais-de-r-1-milhao-em-premiacao-festa-de-barretos-anuncia-programacao-esportiva-do-rodeio\\\/#breadcrumb\"},\"inLanguage\":\"pt-BR\",\"potentialAction\":[{\"@type\":\"ReadAction\",\"target\":[\"https:\\\/\\\/regiaonews.net.br\\\/2022\\\/2024\\\/07\\\/23\\\/com-mais-de-r-1-milhao-em-premiacao-festa-de-barretos-anuncia-programacao-esportiva-do-rodeio\\\/\"]}]},{\"@type\":\"ImageObject\",\"inLanguage\":\"pt-BR\",\"@id\":\"https:\\\/\\\/regiaonews.net.br\\\/2022\\\/2024\\\/07\\\/23\\\/com-mais-de-r-1-milhao-em-premiacao-festa-de-barretos-anuncia-programacao-esportiva-do-rodeio\\\/#primaryimage\",\"url\":\"https:\\\/\\\/regiaonews.net.br\\\/2022\\\/wp-content\\\/uploads\\\/2024\\\/07\\\/WhatsApp-Image-2024-07-23-at-17.55.40.jpeg\",\"contentUrl\":\"https:\\\/\\\/regiaonews.net.br\\\/2022\\\/wp-content\\\/uploads\\\/2024\\\/07\\\/WhatsApp-Image-2024-07-23-at-17.55.40.jpeg\",\"width\":800,\"height\":534},{\"@type\":\"BreadcrumbList\",\"@id\":\"https:\\\/\\\/regiaonews.net.br\\\/2022\\\/2024\\\/07\\\/23\\\/com-mais-de-r-1-milhao-em-premiacao-festa-de-barretos-anuncia-programacao-esportiva-do-rodeio\\\/#breadcrumb\",\"itemListElement\":[{\"@type\":\"ListItem\",\"position\":1,\"name\":\"In\u00edcio\",\"item\":\"https:\\\/\\\/regiaonews.net.br\\\/2022\\\/\"},{\"@type\":\"ListItem\",\"position\":2,\"name\":\"Com mais de R$ 1 milh\u00e3o em premia\u00e7\u00e3o, Festa de Barretos anuncia programa\u00e7\u00e3o esportiva do rodeio\"}]},{\"@type\":\"WebSite\",\"@id\":\"https:\\\/\\\/regiaonews.net.br\\\/2022\\\/#website\",\"url\":\"https:\\\/\\\/regiaonews.net.br\\\/2022\\\/\",\"name\":\"Regi\u00e3o News\",\"description\":\"Site de Not\u00edcias de Barretos e regi\u00e3o\",\"publisher\":{\"@id\":\"https:\\\/\\\/regiaonews.net.br\\\/2022\\\/#organization\"},\"potentialAction\":[{\"@type\":\"SearchAction\",\"target\":{\"@type\":\"EntryPoint\",\"urlTemplate\":\"https:\\\/\\\/regiaonews.net.br\\\/2022\\\/?s={search_term_string}\"},\"query-input\":{\"@type\":\"PropertyValueSpecification\",\"valueRequired\":true,\"valueName\":\"search_term_string\"}}],\"inLanguage\":\"pt-BR\"},{\"@type\":\"Organization\",\"@id\":\"https:\\\/\\\/regiaonews.net.br\\\/2022\\\/#organization\",\"name\":\"Regi\u00e3o News\",\"url\":\"https:\\\/\\\/regiaonews.net.br\\\/2022\\\/\",\"logo\":{\"@type\":\"ImageObject\",\"inLanguage\":\"pt-BR\",\"@id\":\"https:\\\/\\\/regiaonews.net.br\\\/2022\\\/#\\\/schema\\\/logo\\\/image\\\/\",\"url\":\"https:\\\/\\\/regiaonews.net.br\\\/2022\\\/wp-content\\\/uploads\\\/2026\\\/03\\\/regiao-13-anos-scaled.jpg\",\"contentUrl\":\"https:\\\/\\\/regiaonews.net.br\\\/2022\\\/wp-content\\\/uploads\\\/2026\\\/03\\\/regiao-13-anos-scaled.jpg\",\"width\":2560,\"height\":635,\"caption\":\"Regi\u00e3o News\"},\"image\":{\"@id\":\"https:\\\/\\\/regiaonews.net.br\\\/2022\\\/#\\\/schema\\\/logo\\\/image\\\/\"}},{\"@type\":\"Person\",\"@id\":\"https:\\\/\\\/regiaonews.net.br\\\/2022\\\/#\\\/schema\\\/person\\\/2d205a608a5aa97ac279d7a5e6d89ad8\",\"name\":\"Roberto\",\"image\":{\"@type\":\"ImageObject\",\"inLanguage\":\"pt-BR\",\"@id\":\"https:\\\/\\\/secure.gravatar.com\\\/avatar\\\/42749d8b712ff9d59ca93dc150494e5b55a44134482993f5baeb97e61b7ecc89?s=96&d=mm&r=g\",\"url\":\"https:\\\/\\\/secure.gravatar.com\\\/avatar\\\/42749d8b712ff9d59ca93dc150494e5b55a44134482993f5baeb97e61b7ecc89?s=96&d=mm&r=g\",\"contentUrl\":\"https:\\\/\\\/secure.gravatar.com\\\/avatar\\\/42749d8b712ff9d59ca93dc150494e5b55a44134482993f5baeb97e61b7ecc89?s=96&d=mm&r=g\",\"caption\":\"Roberto\"},\"url\":\"https:\\\/\\\/regiaonews.net.br\\\/2022\\\/author\\\/roberto\\\/\"}]}<\/script>\n<!-- \/ Yoast SEO plugin. -->","yoast_head_json":{"title":"Com mais de R$ 1 milh\u00e3o em premia\u00e7\u00e3o, Festa de Barretos anuncia programa\u00e7\u00e3o esportiva do rodeio - Regi\u00e3o News","robots":{"index":"index","follow":"follow","max-snippet":"max-snippet:-1","max-image-preview":"max-image-preview:large","max-video-preview":"max-video-preview:-1"},"canonical":"https:\/\/regiaonews.net.br\/2022\/2024\/07\/23\/com-mais-de-r-1-milhao-em-premiacao-festa-de-barretos-anuncia-programacao-esportiva-do-rodeio\/","og_locale":"pt_BR","og_type":"article","og_title":"Com mais de R$ 1 milh\u00e3o em premia\u00e7\u00e3o, Festa de Barretos anuncia programa\u00e7\u00e3o esportiva do rodeio - Regi\u00e3o News","og_description":"Arena do Est\u00e1dio de Rodeio do Parque do Pe\u00e3o receber\u00e1","og_url":"https:\/\/regiaonews.net.br\/2022\/2024\/07\/23\/com-mais-de-r-1-milhao-em-premiacao-festa-de-barretos-anuncia-programacao-esportiva-do-rodeio\/","og_site_name":"Regi\u00e3o News","article_published_time":"2024-07-23T21:25:22+00:00","og_image":[{"width":800,"height":534,"url":"https:\/\/regiaonews.net.br\/2022\/wp-content\/uploads\/2024\/07\/WhatsApp-Image-2024-07-23-at-17.55.40.jpeg","type":"image\/jpeg"}],"author":"Roberto","twitter_card":"summary_large_image","twitter_misc":{"Escrito por":"Roberto","Est. tempo de leitura":"4 minutos"},"schema":{"@context":"https:\/\/schema.org","@graph":[{"@type":"Article","@id":"https:\/\/regiaonews.net.br\/2022\/2024\/07\/23\/com-mais-de-r-1-milhao-em-premiacao-festa-de-barretos-anuncia-programacao-esportiva-do-rodeio\/#article","isPartOf":{"@id":"https:\/\/regiaonews.net.br\/2022\/2024\/07\/23\/com-mais-de-r-1-milhao-em-premiacao-festa-de-barretos-anuncia-programacao-esportiva-do-rodeio\/"},"author":{"name":"Roberto","@id":"https:\/\/regiaonews.net.br\/2022\/#\/schema\/person\/2d205a608a5aa97ac279d7a5e6d89ad8"},"headline":"Com mais de R$ 1 milh\u00e3o em premia\u00e7\u00e3o, Festa de Barretos anuncia programa\u00e7\u00e3o esportiva do rodeio","datePublished":"2024-07-23T21:25:22+00:00","mainEntityOfPage":{"@id":"https:\/\/regiaonews.net.br\/2022\/2024\/07\/23\/com-mais-de-r-1-milhao-em-premiacao-festa-de-barretos-anuncia-programacao-esportiva-do-rodeio\/"},"wordCount":729,"commentCount":0,"publisher":{"@id":"https:\/\/regiaonews.net.br\/2022\/#organization"},"image":{"@id":"https:\/\/regiaonews.net.br\/2022\/2024\/07\/23\/com-mais-de-r-1-milhao-em-premiacao-festa-de-barretos-anuncia-programacao-esportiva-do-rodeio\/#primaryimage"},"thumbnailUrl":"https:\/\/regiaonews.net.br\/2022\/wp-content\/uploads\/2024\/07\/WhatsApp-Image-2024-07-23-at-17.55.40.jpeg","articleSection":["Barretos","Esporte","Festa do Pe\u00e3o"],"inLanguage":"pt-BR","potentialAction":[{"@type":"CommentAction","name":"Comment","target":["https:\/\/regiaonews.net.br\/2022\/2024\/07\/23\/com-mais-de-r-1-milhao-em-premiacao-festa-de-barretos-anuncia-programacao-esportiva-do-rodeio\/#respond"]}]},{"@type":"WebPage","@id":"https:\/\/regiaonews.net.br\/2022\/2024\/07\/23\/com-mais-de-r-1-milhao-em-premiacao-festa-de-barretos-anuncia-programacao-esportiva-do-rodeio\/","url":"https:\/\/regiaonews.net.br\/2022\/2024\/07\/23\/com-mais-de-r-1-milhao-em-premiacao-festa-de-barretos-anuncia-programacao-esportiva-do-rodeio\/","name":"Com mais de R$ 1 milh\u00e3o em premia\u00e7\u00e3o, Festa de Barretos anuncia programa\u00e7\u00e3o esportiva do rodeio - Regi\u00e3o News","isPartOf":{"@id":"https:\/\/regiaonews.net.br\/2022\/#website"},"primaryImageOfPage":{"@id":"https:\/\/regiaonews.net.br\/2022\/2024\/07\/23\/com-mais-de-r-1-milhao-em-premiacao-festa-de-barretos-anuncia-programacao-esportiva-do-rodeio\/#primaryimage"},"image":{"@id":"https:\/\/regiaonews.net.br\/2022\/2024\/07\/23\/com-mais-de-r-1-milhao-em-premiacao-festa-de-barretos-anuncia-programacao-esportiva-do-rodeio\/#primaryimage"},"thumbnailUrl":"https:\/\/regiaonews.net.br\/2022\/wp-content\/uploads\/2024\/07\/WhatsApp-Image-2024-07-23-at-17.55.40.jpeg","datePublished":"2024-07-23T21:25:22+00:00","breadcrumb":{"@id":"https:\/\/regiaonews.net.br\/2022\/2024\/07\/23\/com-mais-de-r-1-milhao-em-premiacao-festa-de-barretos-anuncia-programacao-esportiva-do-rodeio\/#breadcrumb"},"inLanguage":"pt-BR","potentialAction":[{"@type":"ReadAction","target":["https:\/\/regiaonews.net.br\/2022\/2024\/07\/23\/com-mais-de-r-1-milhao-em-premiacao-festa-de-barretos-anuncia-programacao-esportiva-do-rodeio\/"]}]},{"@type":"ImageObject","inLanguage":"pt-BR","@id":"https:\/\/regiaonews.net.br\/2022\/2024\/07\/23\/com-mais-de-r-1-milhao-em-premiacao-festa-de-barretos-anuncia-programacao-esportiva-do-rodeio\/#primaryimage","url":"https:\/\/regiaonews.net.br\/2022\/wp-content\/uploads\/2024\/07\/WhatsApp-Image-2024-07-23-at-17.55.40.jpeg","contentUrl":"https:\/\/regiaonews.net.br\/2022\/wp-content\/uploads\/2024\/07\/WhatsApp-Image-2024-07-23-at-17.55.40.jpeg","width":800,"height":534},{"@type":"BreadcrumbList","@id":"https:\/\/regiaonews.net.br\/2022\/2024\/07\/23\/com-mais-de-r-1-milhao-em-premiacao-festa-de-barretos-anuncia-programacao-esportiva-do-rodeio\/#breadcrumb","itemListElement":[{"@type":"ListItem","position":1,"name":"In\u00edcio","item":"https:\/\/regiaonews.net.br\/2022\/"},{"@type":"ListItem","position":2,"name":"Com mais de R$ 1 milh\u00e3o em premia\u00e7\u00e3o, Festa de Barretos anuncia programa\u00e7\u00e3o esportiva do rodeio"}]},{"@type":"WebSite","@id":"https:\/\/regiaonews.net.br\/2022\/#website","url":"https:\/\/regiaonews.net.br\/2022\/","name":"Regi\u00e3o News","description":"Site de Not\u00edcias de Barretos e regi\u00e3o","publisher":{"@id":"https:\/\/regiaonews.net.br\/2022\/#organization"},"potentialAction":[{"@type":"SearchAction","target":{"@type":"EntryPoint","urlTemplate":"https:\/\/regiaonews.net.br\/2022\/?s={search_term_string}"},"query-input":{"@type":"PropertyValueSpecification","valueRequired":true,"valueName":"search_term_string"}}],"inLanguage":"pt-BR"},{"@type":"Organization","@id":"https:\/\/regiaonews.net.br\/2022\/#organization","name":"Regi\u00e3o News","url":"https:\/\/regiaonews.net.br\/2022\/","logo":{"@type":"ImageObject","inLanguage":"pt-BR","@id":"https:\/\/regiaonews.net.br\/2022\/#\/schema\/logo\/image\/","url":"https:\/\/regiaonews.net.br\/2022\/wp-content\/uploads\/2026\/03\/regiao-13-anos-scaled.jpg","contentUrl":"https:\/\/regiaonews.net.br\/2022\/wp-content\/uploads\/2026\/03\/regiao-13-anos-scaled.jpg","width":2560,"height":635,"caption":"Regi\u00e3o News"},"image":{"@id":"https:\/\/regiaonews.net.br\/2022\/#\/schema\/logo\/image\/"}},{"@type":"Person","@id":"https:\/\/regiaonews.net.br\/2022\/#\/schema\/person\/2d205a608a5aa97ac279d7a5e6d89ad8","name":"Roberto","image":{"@type":"ImageObject","inLanguage":"pt-BR","@id":"https:\/\/secure.gravatar.com\/avatar\/42749d8b712ff9d59ca93dc150494e5b55a44134482993f5baeb97e61b7ecc89?s=96&d=mm&r=g","url":"https:\/\/secure.gravatar.com\/avatar\/42749d8b712ff9d59ca93dc150494e5b55a44134482993f5baeb97e61b7ecc89?s=96&d=mm&r=g","contentUrl":"https:\/\/secure.gravatar.com\/avatar\/42749d8b712ff9d59ca93dc150494e5b55a44134482993f5baeb97e61b7ecc89?s=96&d=mm&r=g","caption":"Roberto"},"url":"https:\/\/regiaonews.net.br\/2022\/author\/roberto\/"}]}},"publishpress_future_action":{"enabled":false,"date":"2026-05-03 06:21:56","action":"change-status","newStatus":"draft","terms":[],"taxonomy":"category","extraData":[]},"publishpress_future_workflow_manual_trigger":{"enabledWorkflows":[]},"_links":{"self":[{"href":"https:\/\/regiaonews.net.br\/2022\/wp-json\/wp\/v2\/posts\/107954","targetHints":{"allow":["GET"]}}],"collection":[{"href":"https:\/\/regiaonews.net.br\/2022\/wp-json\/wp\/v2\/posts"}],"about":[{"href":"https:\/\/regiaonews.net.br\/2022\/wp-json\/wp\/v2\/types\/post"}],"author":[{"embeddable":true,"href":"https:\/\/regiaonews.net.br\/2022\/wp-json\/wp\/v2\/users\/2"}],"replies":[{"embeddable":true,"href":"https:\/\/regiaonews.net.br\/2022\/wp-json\/wp\/v2\/comments?post=107954"}],"version-history":[{"count":1,"href":"https:\/\/regiaonews.net.br\/2022\/wp-json\/wp\/v2\/posts\/107954\/revisions"}],"predecessor-version":[{"id":107957,"href":"https:\/\/regiaonews.net.br\/2022\/wp-json\/wp\/v2\/posts\/107954\/revisions\/107957"}],"wp:featuredmedia":[{"embeddable":true,"href":"https:\/\/regiaonews.net.br\/2022\/wp-json\/wp\/v2\/media\/107956"}],"wp:attachment":[{"href":"https:\/\/regiaonews.net.br\/2022\/wp-json\/wp\/v2\/media?parent=107954"}],"wp:term":[{"taxonomy":"category","embeddable":true,"href":"https:\/\/regiaonews.net.br\/2022\/wp-json\/wp\/v2\/categories?post=107954"},{"taxonomy":"post_tag","embeddable":true,"href":"https:\/\/regiaonews.net.br\/2022\/wp-json\/wp\/v2\/tags?post=107954"}],"curies":[{"name":"wp","href":"https:\/\/api.w.org\/{rel}","templated":true}]}}