{"id":107937,"date":"2024-07-23T04:43:57","date_gmt":"2024-07-23T07:43:57","guid":{"rendered":"https:\/\/regiaonews.net.br\/2022\/?p=107937"},"modified":"2024-07-23T04:43:57","modified_gmt":"2024-07-23T07:43:57","slug":"governo-de-sp-investe-r-7-milhoes-em-acessibilidade-e-melhorias-estruturais-para-escolas-estaduais-de-bebedouro","status":"publish","type":"post","link":"https:\/\/regiaonews.net.br\/2022\/2024\/07\/23\/governo-de-sp-investe-r-7-milhoes-em-acessibilidade-e-melhorias-estruturais-para-escolas-estaduais-de-bebedouro\/","title":{"rendered":"Governo de SP investe R$ 7 milh\u00f5es em acessibilidade e melhorias estruturais para escolas estaduais de Bebedouro"},"content":{"rendered":"<p>&nbsp;<\/p>\n<p>Tarc\u00edsio de Freitas entregou reforma na EE Professor Jo\u00e3o Domingos Madeira que beneficia cerca de 600 alunos<\/p>\n<p>O governador Tarc\u00edsio de Freitas entregou nesta segunda-feira (22) a reforma na Escola Professor Domingos Madeira, em Bebedouro, no norte do estado. Al\u00e9m de mudan\u00e7as estruturais, o pr\u00e9dio ganhou adequa\u00e7\u00f5es de acessibilidade em obras que custaram R$ 2,4 milh\u00f5es. Durante a visita, o governador tamb\u00e9m anunciou investimento de R$ 4,6 milh\u00f5es para reformas em outras duas unidades do munic\u00edpio, a Escola Estadual Gustavo Fernando Kuhlmann e a Escola Estadual Professor Orlando Fran\u00e7a de Carvalho. Tamb\u00e9m em Bebedouro, Tarc\u00edsio participou da abertura da feira Coopercitrus Expo.<\/p>\n<p>\u201cQuando voc\u00ea faz uma obra de acessibilidade, de fato est\u00e1 trazendo a inclus\u00e3o para o ambiente escolar, porque n\u00e3o existe transforma\u00e7\u00e3o sem educa\u00e7\u00e3o\u201d, afirmou o governador. \u201cS\u00e3o 1.600 escolas acess\u00edveis no estado de S\u00e3o Paulo, mas n\u00f3s temos que fazer mais. Ent\u00e3o existe um desafio de estrutura gigantesco. A gente tamb\u00e9m quer trazer conectividade e climatiza\u00e7\u00e3o para as escolas, principalmente nas regi\u00f5es mais quentes\u201d, completou Tarc\u00edsio.<\/p>\n<p>A solenidade contou ainda com a presen\u00e7a do secret\u00e1rio dos Direitos da Pessoa com Defici\u00eancia, Marcos da Costa, e do secret\u00e1rio executivo da Educa\u00e7\u00e3o, Vinicius Neiva, parlamentares municipais e estaduais, comunidade escolar, entre outras autoridades.<\/p>\n<p>As obras da escola Professor Jo\u00e3o Domingos Madeira come\u00e7aram em setembro de 2023. Entre as melhorias, est\u00e3o a implanta\u00e7\u00e3o de rampas e corrim\u00f5es, reforma de sanit\u00e1rios, troca de pisos, adequa\u00e7\u00f5es hidr\u00e1ulicas e el\u00e9tricas e pintura do pr\u00e9dio. Com as reformas, a unidade educacional atende aos padr\u00f5es de acessibilidade e de AVCB (Auto de Vistoria do Corpo de Bombeiros).<\/p>\n<p>\u201cEssa iniciativa refor\u00e7a o compromisso do Governo de SP com a inclus\u00e3o. Al\u00e9m da educa\u00e7\u00e3o, o ambiente escolar representa um espa\u00e7o onde crian\u00e7as com defici\u00eancia podem desenvolver suas habilidades, interagir e sentir-se plenamente inclu\u00eddas na sociedade\u201d, destacou o secret\u00e1rio Marcos da Costa.<\/p>\n<p>*Investimentos na regi\u00e3o*<\/p>\n<p>Entre janeiro de 2023 e junho de 2024, o Governo do Estado de S\u00e3o Paulo investiu R$ 1 bilh\u00e3o e entregou 1.261 obras em unidades de ensino paulistas. Desse montante, R$ 9,8 milh\u00f5es foram empregados para oito obras em escolas p\u00fablicas na Diretoria Regional de Ensino de Jaboticabal \u2014 com melhorias na cidade-sede e tamb\u00e9m nas cidades de Bebedouro, Monte Alto, Tai\u00fava e Taquaral.<\/p>\n<p>\u201cEstamos investindo muito pesado na infraestrutura das escolas. A gente est\u00e1 tentando fazer uma transforma\u00e7\u00e3o em um tempo mais curto poss\u00edvel para entregar uma escola \u00e0 altura do que S\u00e3o Paulo merece. Estamos fazendo um investimento maci\u00e7o em acessibilidade. Antes de 2023, o maior investimento em acessibilidade foi de R$ 130 milh\u00f5es. Nestes 18 meses do governo, j\u00e1 foram investidos mais de R$ 300 milh\u00f5es de obras de acessibilidade\u201d, diz o secret\u00e1rio executivo Vinicius Neiva.<\/p>\n<p>Na regi\u00e3o, h\u00e1 outras seis obras em andamento, que totalizam um investimento de R$ 20,7 milh\u00f5es. Entre elas, est\u00e1 a constru\u00e7\u00e3o de uma nova unidade de ensino do Conjunto Residencial Pedro Bedin, em Jaboticabal, com previs\u00e3o de entrega para 2025.<\/p>\n<p>Neste m\u00eas de julho, a Secretaria da Educa\u00e7\u00e3o do Estado de S\u00e3o Paulo (Seduc-SP) depositou R$ 180 milh\u00f5es nas contas das escolas para melhorias para a volta \u00e0s aulas no segundo semestre. Para as escolas da Diretoria Regional de Ensino de Jaboticabal, foram destinados R$ 913,3 mil por meio do Programa Dinheiro Direto na Escola (PDDE), R$ 195,5 mil apenas para a cidade de Bebedouro.<\/p>\n<p><a href=\"https:\/\/regiaonews.net.br\/2022\/wp-content\/uploads\/2024\/07\/20240722_131346-scaled.jpg\"><img loading=\"lazy\" decoding=\"async\" class=\"alignnone size-medium wp-image-107940\" src=\"https:\/\/regiaonews.net.br\/2022\/wp-content\/uploads\/2024\/07\/20240722_131346-300x225.jpg\" alt=\"\" width=\"300\" height=\"225\" srcset=\"https:\/\/regiaonews.net.br\/2022\/wp-content\/uploads\/2024\/07\/20240722_131346-300x225.jpg 300w, https:\/\/regiaonews.net.br\/2022\/wp-content\/uploads\/2024\/07\/20240722_131346-1024x768.jpg 1024w, https:\/\/regiaonews.net.br\/2022\/wp-content\/uploads\/2024\/07\/20240722_131346-768x576.jpg 768w, https:\/\/regiaonews.net.br\/2022\/wp-content\/uploads\/2024\/07\/20240722_131346-1536x1152.jpg 1536w, https:\/\/regiaonews.net.br\/2022\/wp-content\/uploads\/2024\/07\/20240722_131346-2048x1536.jpg 2048w, https:\/\/regiaonews.net.br\/2022\/wp-content\/uploads\/2024\/07\/20240722_131346-250x188.jpg 250w, https:\/\/regiaonews.net.br\/2022\/wp-content\/uploads\/2024\/07\/20240722_131346-200x150.jpg 200w\" sizes=\"auto, (max-width: 300px) 100vw, 300px\" \/><\/a><\/p>\n<p>&nbsp;<\/p>\n","protected":false},"excerpt":{"rendered":"<p>&nbsp; Tarc\u00edsio de Freitas entregou reforma na EE Professor Jo\u00e3o<\/p>\n","protected":false},"author":2,"featured_media":107941,"comment_status":"open","ping_status":"open","sticky":false,"template":"","format":"standard","meta":{"footnotes":""},"categories":[4,25],"tags":[],"class_list":["post-107937","post","type-post","status-publish","format-standard","has-post-thumbnail","hentry","category-bebedouro","category-cidades"],"yoast_head":"<!-- This site is optimized with the Yoast SEO plugin v27.4 - https:\/\/yoast.com\/product\/yoast-seo-wordpress\/ -->\n<title>Governo de SP investe R$ 7 milh\u00f5es em acessibilidade e melhorias estruturais para escolas estaduais de Bebedouro - Regi\u00e3o News<\/title>\n<meta name=\"robots\" content=\"index, follow, max-snippet:-1, max-image-preview:large, max-video-preview:-1\" \/>\n<link rel=\"canonical\" href=\"https:\/\/regiaonews.net.br\/2022\/2024\/07\/23\/governo-de-sp-investe-r-7-milhoes-em-acessibilidade-e-melhorias-estruturais-para-escolas-estaduais-de-bebedouro\/\" \/>\n<meta property=\"og:locale\" content=\"pt_BR\" \/>\n<meta property=\"og:type\" content=\"article\" \/>\n<meta property=\"og:title\" content=\"Governo de SP investe R$ 7 milh\u00f5es em acessibilidade e melhorias estruturais para escolas estaduais de Bebedouro - Regi\u00e3o News\" \/>\n<meta property=\"og:description\" content=\"&nbsp; Tarc\u00edsio de Freitas entregou reforma na EE Professor Jo\u00e3o\" \/>\n<meta property=\"og:url\" content=\"https:\/\/regiaonews.net.br\/2022\/2024\/07\/23\/governo-de-sp-investe-r-7-milhoes-em-acessibilidade-e-melhorias-estruturais-para-escolas-estaduais-de-bebedouro\/\" \/>\n<meta property=\"og:site_name\" content=\"Regi\u00e3o News\" \/>\n<meta property=\"article:published_time\" content=\"2024-07-23T07:43:57+00:00\" \/>\n<meta property=\"og:image\" content=\"https:\/\/regiaonews.net.br\/2022\/wp-content\/uploads\/2024\/07\/20240722_131818-scaled.jpg\" \/>\n\t<meta property=\"og:image:width\" content=\"2560\" \/>\n\t<meta property=\"og:image:height\" content=\"1920\" \/>\n\t<meta property=\"og:image:type\" content=\"image\/jpeg\" \/>\n<meta name=\"author\" content=\"Roberto\" \/>\n<meta name=\"twitter:card\" content=\"summary_large_image\" \/>\n<meta name=\"twitter:label1\" content=\"Escrito por\" \/>\n\t<meta name=\"twitter:data1\" content=\"Roberto\" \/>\n\t<meta name=\"twitter:label2\" content=\"Est. tempo de leitura\" \/>\n\t<meta name=\"twitter:data2\" content=\"4 minutos\" \/>\n<script type=\"application\/ld+json\" class=\"yoast-schema-graph\">{\"@context\":\"https:\\\/\\\/schema.org\",\"@graph\":[{\"@type\":\"Article\",\"@id\":\"https:\\\/\\\/regiaonews.net.br\\\/2022\\\/2024\\\/07\\\/23\\\/governo-de-sp-investe-r-7-milhoes-em-acessibilidade-e-melhorias-estruturais-para-escolas-estaduais-de-bebedouro\\\/#article\",\"isPartOf\":{\"@id\":\"https:\\\/\\\/regiaonews.net.br\\\/2022\\\/2024\\\/07\\\/23\\\/governo-de-sp-investe-r-7-milhoes-em-acessibilidade-e-melhorias-estruturais-para-escolas-estaduais-de-bebedouro\\\/\"},\"author\":{\"name\":\"Roberto\",\"@id\":\"https:\\\/\\\/regiaonews.net.br\\\/2022\\\/#\\\/schema\\\/person\\\/2d205a608a5aa97ac279d7a5e6d89ad8\"},\"headline\":\"Governo de SP investe R$ 7 milh\u00f5es em acessibilidade e melhorias estruturais para escolas estaduais de Bebedouro\",\"datePublished\":\"2024-07-23T07:43:57+00:00\",\"mainEntityOfPage\":{\"@id\":\"https:\\\/\\\/regiaonews.net.br\\\/2022\\\/2024\\\/07\\\/23\\\/governo-de-sp-investe-r-7-milhoes-em-acessibilidade-e-melhorias-estruturais-para-escolas-estaduais-de-bebedouro\\\/\"},\"wordCount\":621,\"commentCount\":0,\"publisher\":{\"@id\":\"https:\\\/\\\/regiaonews.net.br\\\/2022\\\/#organization\"},\"image\":{\"@id\":\"https:\\\/\\\/regiaonews.net.br\\\/2022\\\/2024\\\/07\\\/23\\\/governo-de-sp-investe-r-7-milhoes-em-acessibilidade-e-melhorias-estruturais-para-escolas-estaduais-de-bebedouro\\\/#primaryimage\"},\"thumbnailUrl\":\"https:\\\/\\\/regiaonews.net.br\\\/2022\\\/wp-content\\\/uploads\\\/2024\\\/07\\\/20240722_131818-scaled.jpg\",\"articleSection\":[\"Bebedouro\",\"Cidades\"],\"inLanguage\":\"pt-BR\",\"potentialAction\":[{\"@type\":\"CommentAction\",\"name\":\"Comment\",\"target\":[\"https:\\\/\\\/regiaonews.net.br\\\/2022\\\/2024\\\/07\\\/23\\\/governo-de-sp-investe-r-7-milhoes-em-acessibilidade-e-melhorias-estruturais-para-escolas-estaduais-de-bebedouro\\\/#respond\"]}]},{\"@type\":\"WebPage\",\"@id\":\"https:\\\/\\\/regiaonews.net.br\\\/2022\\\/2024\\\/07\\\/23\\\/governo-de-sp-investe-r-7-milhoes-em-acessibilidade-e-melhorias-estruturais-para-escolas-estaduais-de-bebedouro\\\/\",\"url\":\"https:\\\/\\\/regiaonews.net.br\\\/2022\\\/2024\\\/07\\\/23\\\/governo-de-sp-investe-r-7-milhoes-em-acessibilidade-e-melhorias-estruturais-para-escolas-estaduais-de-bebedouro\\\/\",\"name\":\"Governo de SP investe R$ 7 milh\u00f5es em acessibilidade e melhorias estruturais para escolas estaduais de Bebedouro - Regi\u00e3o News\",\"isPartOf\":{\"@id\":\"https:\\\/\\\/regiaonews.net.br\\\/2022\\\/#website\"},\"primaryImageOfPage\":{\"@id\":\"https:\\\/\\\/regiaonews.net.br\\\/2022\\\/2024\\\/07\\\/23\\\/governo-de-sp-investe-r-7-milhoes-em-acessibilidade-e-melhorias-estruturais-para-escolas-estaduais-de-bebedouro\\\/#primaryimage\"},\"image\":{\"@id\":\"https:\\\/\\\/regiaonews.net.br\\\/2022\\\/2024\\\/07\\\/23\\\/governo-de-sp-investe-r-7-milhoes-em-acessibilidade-e-melhorias-estruturais-para-escolas-estaduais-de-bebedouro\\\/#primaryimage\"},\"thumbnailUrl\":\"https:\\\/\\\/regiaonews.net.br\\\/2022\\\/wp-content\\\/uploads\\\/2024\\\/07\\\/20240722_131818-scaled.jpg\",\"datePublished\":\"2024-07-23T07:43:57+00:00\",\"breadcrumb\":{\"@id\":\"https:\\\/\\\/regiaonews.net.br\\\/2022\\\/2024\\\/07\\\/23\\\/governo-de-sp-investe-r-7-milhoes-em-acessibilidade-e-melhorias-estruturais-para-escolas-estaduais-de-bebedouro\\\/#breadcrumb\"},\"inLanguage\":\"pt-BR\",\"potentialAction\":[{\"@type\":\"ReadAction\",\"target\":[\"https:\\\/\\\/regiaonews.net.br\\\/2022\\\/2024\\\/07\\\/23\\\/governo-de-sp-investe-r-7-milhoes-em-acessibilidade-e-melhorias-estruturais-para-escolas-estaduais-de-bebedouro\\\/\"]}]},{\"@type\":\"ImageObject\",\"inLanguage\":\"pt-BR\",\"@id\":\"https:\\\/\\\/regiaonews.net.br\\\/2022\\\/2024\\\/07\\\/23\\\/governo-de-sp-investe-r-7-milhoes-em-acessibilidade-e-melhorias-estruturais-para-escolas-estaduais-de-bebedouro\\\/#primaryimage\",\"url\":\"https:\\\/\\\/regiaonews.net.br\\\/2022\\\/wp-content\\\/uploads\\\/2024\\\/07\\\/20240722_131818-scaled.jpg\",\"contentUrl\":\"https:\\\/\\\/regiaonews.net.br\\\/2022\\\/wp-content\\\/uploads\\\/2024\\\/07\\\/20240722_131818-scaled.jpg\",\"width\":2560,\"height\":1920},{\"@type\":\"BreadcrumbList\",\"@id\":\"https:\\\/\\\/regiaonews.net.br\\\/2022\\\/2024\\\/07\\\/23\\\/governo-de-sp-investe-r-7-milhoes-em-acessibilidade-e-melhorias-estruturais-para-escolas-estaduais-de-bebedouro\\\/#breadcrumb\",\"itemListElement\":[{\"@type\":\"ListItem\",\"position\":1,\"name\":\"In\u00edcio\",\"item\":\"https:\\\/\\\/regiaonews.net.br\\\/2022\\\/\"},{\"@type\":\"ListItem\",\"position\":2,\"name\":\"Governo de SP investe R$ 7 milh\u00f5es em acessibilidade e melhorias estruturais para escolas estaduais de Bebedouro\"}]},{\"@type\":\"WebSite\",\"@id\":\"https:\\\/\\\/regiaonews.net.br\\\/2022\\\/#website\",\"url\":\"https:\\\/\\\/regiaonews.net.br\\\/2022\\\/\",\"name\":\"Regi\u00e3o News\",\"description\":\"Site de Not\u00edcias de Barretos e regi\u00e3o\",\"publisher\":{\"@id\":\"https:\\\/\\\/regiaonews.net.br\\\/2022\\\/#organization\"},\"potentialAction\":[{\"@type\":\"SearchAction\",\"target\":{\"@type\":\"EntryPoint\",\"urlTemplate\":\"https:\\\/\\\/regiaonews.net.br\\\/2022\\\/?s={search_term_string}\"},\"query-input\":{\"@type\":\"PropertyValueSpecification\",\"valueRequired\":true,\"valueName\":\"search_term_string\"}}],\"inLanguage\":\"pt-BR\"},{\"@type\":\"Organization\",\"@id\":\"https:\\\/\\\/regiaonews.net.br\\\/2022\\\/#organization\",\"name\":\"Regi\u00e3o News\",\"url\":\"https:\\\/\\\/regiaonews.net.br\\\/2022\\\/\",\"logo\":{\"@type\":\"ImageObject\",\"inLanguage\":\"pt-BR\",\"@id\":\"https:\\\/\\\/regiaonews.net.br\\\/2022\\\/#\\\/schema\\\/logo\\\/image\\\/\",\"url\":\"https:\\\/\\\/regiaonews.net.br\\\/2022\\\/wp-content\\\/uploads\\\/2026\\\/03\\\/regiao-13-anos-scaled.jpg\",\"contentUrl\":\"https:\\\/\\\/regiaonews.net.br\\\/2022\\\/wp-content\\\/uploads\\\/2026\\\/03\\\/regiao-13-anos-scaled.jpg\",\"width\":2560,\"height\":635,\"caption\":\"Regi\u00e3o News\"},\"image\":{\"@id\":\"https:\\\/\\\/regiaonews.net.br\\\/2022\\\/#\\\/schema\\\/logo\\\/image\\\/\"}},{\"@type\":\"Person\",\"@id\":\"https:\\\/\\\/regiaonews.net.br\\\/2022\\\/#\\\/schema\\\/person\\\/2d205a608a5aa97ac279d7a5e6d89ad8\",\"name\":\"Roberto\",\"image\":{\"@type\":\"ImageObject\",\"inLanguage\":\"pt-BR\",\"@id\":\"https:\\\/\\\/secure.gravatar.com\\\/avatar\\\/42749d8b712ff9d59ca93dc150494e5b55a44134482993f5baeb97e61b7ecc89?s=96&d=mm&r=g\",\"url\":\"https:\\\/\\\/secure.gravatar.com\\\/avatar\\\/42749d8b712ff9d59ca93dc150494e5b55a44134482993f5baeb97e61b7ecc89?s=96&d=mm&r=g\",\"contentUrl\":\"https:\\\/\\\/secure.gravatar.com\\\/avatar\\\/42749d8b712ff9d59ca93dc150494e5b55a44134482993f5baeb97e61b7ecc89?s=96&d=mm&r=g\",\"caption\":\"Roberto\"},\"url\":\"https:\\\/\\\/regiaonews.net.br\\\/2022\\\/author\\\/roberto\\\/\"}]}<\/script>\n<!-- \/ Yoast SEO plugin. -->","yoast_head_json":{"title":"Governo de SP investe R$ 7 milh\u00f5es em acessibilidade e melhorias estruturais para escolas estaduais de Bebedouro - Regi\u00e3o News","robots":{"index":"index","follow":"follow","max-snippet":"max-snippet:-1","max-image-preview":"max-image-preview:large","max-video-preview":"max-video-preview:-1"},"canonical":"https:\/\/regiaonews.net.br\/2022\/2024\/07\/23\/governo-de-sp-investe-r-7-milhoes-em-acessibilidade-e-melhorias-estruturais-para-escolas-estaduais-de-bebedouro\/","og_locale":"pt_BR","og_type":"article","og_title":"Governo de SP investe R$ 7 milh\u00f5es em acessibilidade e melhorias estruturais para escolas estaduais de Bebedouro - Regi\u00e3o News","og_description":"&nbsp; Tarc\u00edsio de Freitas entregou reforma na EE Professor Jo\u00e3o","og_url":"https:\/\/regiaonews.net.br\/2022\/2024\/07\/23\/governo-de-sp-investe-r-7-milhoes-em-acessibilidade-e-melhorias-estruturais-para-escolas-estaduais-de-bebedouro\/","og_site_name":"Regi\u00e3o News","article_published_time":"2024-07-23T07:43:57+00:00","og_image":[{"width":2560,"height":1920,"url":"https:\/\/regiaonews.net.br\/2022\/wp-content\/uploads\/2024\/07\/20240722_131818-scaled.jpg","type":"image\/jpeg"}],"author":"Roberto","twitter_card":"summary_large_image","twitter_misc":{"Escrito por":"Roberto","Est. tempo de leitura":"4 minutos"},"schema":{"@context":"https:\/\/schema.org","@graph":[{"@type":"Article","@id":"https:\/\/regiaonews.net.br\/2022\/2024\/07\/23\/governo-de-sp-investe-r-7-milhoes-em-acessibilidade-e-melhorias-estruturais-para-escolas-estaduais-de-bebedouro\/#article","isPartOf":{"@id":"https:\/\/regiaonews.net.br\/2022\/2024\/07\/23\/governo-de-sp-investe-r-7-milhoes-em-acessibilidade-e-melhorias-estruturais-para-escolas-estaduais-de-bebedouro\/"},"author":{"name":"Roberto","@id":"https:\/\/regiaonews.net.br\/2022\/#\/schema\/person\/2d205a608a5aa97ac279d7a5e6d89ad8"},"headline":"Governo de SP investe R$ 7 milh\u00f5es em acessibilidade e melhorias estruturais para escolas estaduais de Bebedouro","datePublished":"2024-07-23T07:43:57+00:00","mainEntityOfPage":{"@id":"https:\/\/regiaonews.net.br\/2022\/2024\/07\/23\/governo-de-sp-investe-r-7-milhoes-em-acessibilidade-e-melhorias-estruturais-para-escolas-estaduais-de-bebedouro\/"},"wordCount":621,"commentCount":0,"publisher":{"@id":"https:\/\/regiaonews.net.br\/2022\/#organization"},"image":{"@id":"https:\/\/regiaonews.net.br\/2022\/2024\/07\/23\/governo-de-sp-investe-r-7-milhoes-em-acessibilidade-e-melhorias-estruturais-para-escolas-estaduais-de-bebedouro\/#primaryimage"},"thumbnailUrl":"https:\/\/regiaonews.net.br\/2022\/wp-content\/uploads\/2024\/07\/20240722_131818-scaled.jpg","articleSection":["Bebedouro","Cidades"],"inLanguage":"pt-BR","potentialAction":[{"@type":"CommentAction","name":"Comment","target":["https:\/\/regiaonews.net.br\/2022\/2024\/07\/23\/governo-de-sp-investe-r-7-milhoes-em-acessibilidade-e-melhorias-estruturais-para-escolas-estaduais-de-bebedouro\/#respond"]}]},{"@type":"WebPage","@id":"https:\/\/regiaonews.net.br\/2022\/2024\/07\/23\/governo-de-sp-investe-r-7-milhoes-em-acessibilidade-e-melhorias-estruturais-para-escolas-estaduais-de-bebedouro\/","url":"https:\/\/regiaonews.net.br\/2022\/2024\/07\/23\/governo-de-sp-investe-r-7-milhoes-em-acessibilidade-e-melhorias-estruturais-para-escolas-estaduais-de-bebedouro\/","name":"Governo de SP investe R$ 7 milh\u00f5es em acessibilidade e melhorias estruturais para escolas estaduais de Bebedouro - Regi\u00e3o News","isPartOf":{"@id":"https:\/\/regiaonews.net.br\/2022\/#website"},"primaryImageOfPage":{"@id":"https:\/\/regiaonews.net.br\/2022\/2024\/07\/23\/governo-de-sp-investe-r-7-milhoes-em-acessibilidade-e-melhorias-estruturais-para-escolas-estaduais-de-bebedouro\/#primaryimage"},"image":{"@id":"https:\/\/regiaonews.net.br\/2022\/2024\/07\/23\/governo-de-sp-investe-r-7-milhoes-em-acessibilidade-e-melhorias-estruturais-para-escolas-estaduais-de-bebedouro\/#primaryimage"},"thumbnailUrl":"https:\/\/regiaonews.net.br\/2022\/wp-content\/uploads\/2024\/07\/20240722_131818-scaled.jpg","datePublished":"2024-07-23T07:43:57+00:00","breadcrumb":{"@id":"https:\/\/regiaonews.net.br\/2022\/2024\/07\/23\/governo-de-sp-investe-r-7-milhoes-em-acessibilidade-e-melhorias-estruturais-para-escolas-estaduais-de-bebedouro\/#breadcrumb"},"inLanguage":"pt-BR","potentialAction":[{"@type":"ReadAction","target":["https:\/\/regiaonews.net.br\/2022\/2024\/07\/23\/governo-de-sp-investe-r-7-milhoes-em-acessibilidade-e-melhorias-estruturais-para-escolas-estaduais-de-bebedouro\/"]}]},{"@type":"ImageObject","inLanguage":"pt-BR","@id":"https:\/\/regiaonews.net.br\/2022\/2024\/07\/23\/governo-de-sp-investe-r-7-milhoes-em-acessibilidade-e-melhorias-estruturais-para-escolas-estaduais-de-bebedouro\/#primaryimage","url":"https:\/\/regiaonews.net.br\/2022\/wp-content\/uploads\/2024\/07\/20240722_131818-scaled.jpg","contentUrl":"https:\/\/regiaonews.net.br\/2022\/wp-content\/uploads\/2024\/07\/20240722_131818-scaled.jpg","width":2560,"height":1920},{"@type":"BreadcrumbList","@id":"https:\/\/regiaonews.net.br\/2022\/2024\/07\/23\/governo-de-sp-investe-r-7-milhoes-em-acessibilidade-e-melhorias-estruturais-para-escolas-estaduais-de-bebedouro\/#breadcrumb","itemListElement":[{"@type":"ListItem","position":1,"name":"In\u00edcio","item":"https:\/\/regiaonews.net.br\/2022\/"},{"@type":"ListItem","position":2,"name":"Governo de SP investe R$ 7 milh\u00f5es em acessibilidade e melhorias estruturais para escolas estaduais de Bebedouro"}]},{"@type":"WebSite","@id":"https:\/\/regiaonews.net.br\/2022\/#website","url":"https:\/\/regiaonews.net.br\/2022\/","name":"Regi\u00e3o News","description":"Site de Not\u00edcias de Barretos e regi\u00e3o","publisher":{"@id":"https:\/\/regiaonews.net.br\/2022\/#organization"},"potentialAction":[{"@type":"SearchAction","target":{"@type":"EntryPoint","urlTemplate":"https:\/\/regiaonews.net.br\/2022\/?s={search_term_string}"},"query-input":{"@type":"PropertyValueSpecification","valueRequired":true,"valueName":"search_term_string"}}],"inLanguage":"pt-BR"},{"@type":"Organization","@id":"https:\/\/regiaonews.net.br\/2022\/#organization","name":"Regi\u00e3o News","url":"https:\/\/regiaonews.net.br\/2022\/","logo":{"@type":"ImageObject","inLanguage":"pt-BR","@id":"https:\/\/regiaonews.net.br\/2022\/#\/schema\/logo\/image\/","url":"https:\/\/regiaonews.net.br\/2022\/wp-content\/uploads\/2026\/03\/regiao-13-anos-scaled.jpg","contentUrl":"https:\/\/regiaonews.net.br\/2022\/wp-content\/uploads\/2026\/03\/regiao-13-anos-scaled.jpg","width":2560,"height":635,"caption":"Regi\u00e3o News"},"image":{"@id":"https:\/\/regiaonews.net.br\/2022\/#\/schema\/logo\/image\/"}},{"@type":"Person","@id":"https:\/\/regiaonews.net.br\/2022\/#\/schema\/person\/2d205a608a5aa97ac279d7a5e6d89ad8","name":"Roberto","image":{"@type":"ImageObject","inLanguage":"pt-BR","@id":"https:\/\/secure.gravatar.com\/avatar\/42749d8b712ff9d59ca93dc150494e5b55a44134482993f5baeb97e61b7ecc89?s=96&d=mm&r=g","url":"https:\/\/secure.gravatar.com\/avatar\/42749d8b712ff9d59ca93dc150494e5b55a44134482993f5baeb97e61b7ecc89?s=96&d=mm&r=g","contentUrl":"https:\/\/secure.gravatar.com\/avatar\/42749d8b712ff9d59ca93dc150494e5b55a44134482993f5baeb97e61b7ecc89?s=96&d=mm&r=g","caption":"Roberto"},"url":"https:\/\/regiaonews.net.br\/2022\/author\/roberto\/"}]}},"publishpress_future_action":{"enabled":false,"date":"2026-05-03 06:21:28","action":"change-status","newStatus":"draft","terms":[],"taxonomy":"category","extraData":[]},"publishpress_future_workflow_manual_trigger":{"enabledWorkflows":[]},"_links":{"self":[{"href":"https:\/\/regiaonews.net.br\/2022\/wp-json\/wp\/v2\/posts\/107937","targetHints":{"allow":["GET"]}}],"collection":[{"href":"https:\/\/regiaonews.net.br\/2022\/wp-json\/wp\/v2\/posts"}],"about":[{"href":"https:\/\/regiaonews.net.br\/2022\/wp-json\/wp\/v2\/types\/post"}],"author":[{"embeddable":true,"href":"https:\/\/regiaonews.net.br\/2022\/wp-json\/wp\/v2\/users\/2"}],"replies":[{"embeddable":true,"href":"https:\/\/regiaonews.net.br\/2022\/wp-json\/wp\/v2\/comments?post=107937"}],"version-history":[{"count":1,"href":"https:\/\/regiaonews.net.br\/2022\/wp-json\/wp\/v2\/posts\/107937\/revisions"}],"predecessor-version":[{"id":107942,"href":"https:\/\/regiaonews.net.br\/2022\/wp-json\/wp\/v2\/posts\/107937\/revisions\/107942"}],"wp:featuredmedia":[{"embeddable":true,"href":"https:\/\/regiaonews.net.br\/2022\/wp-json\/wp\/v2\/media\/107941"}],"wp:attachment":[{"href":"https:\/\/regiaonews.net.br\/2022\/wp-json\/wp\/v2\/media?parent=107937"}],"wp:term":[{"taxonomy":"category","embeddable":true,"href":"https:\/\/regiaonews.net.br\/2022\/wp-json\/wp\/v2\/categories?post=107937"},{"taxonomy":"post_tag","embeddable":true,"href":"https:\/\/regiaonews.net.br\/2022\/wp-json\/wp\/v2\/tags?post=107937"}],"curies":[{"name":"wp","href":"https:\/\/api.w.org\/{rel}","templated":true}]}}