{"id":107932,"date":"2024-07-22T22:40:47","date_gmt":"2024-07-23T01:40:47","guid":{"rendered":"https:\/\/regiaonews.net.br\/2022\/?p=107932"},"modified":"2024-07-24T06:59:05","modified_gmt":"2024-07-24T09:59:05","slug":"governador-tarcisio-participa-da-abertura-da-25a-expo-coopercitrus","status":"publish","type":"post","link":"https:\/\/regiaonews.net.br\/2022\/2024\/07\/22\/governador-tarcisio-participa-da-abertura-da-25a-expo-coopercitrus\/","title":{"rendered":"Governador Tarc\u00edsio participa da abertura da 25\u00aa Expo Coopercitrus"},"content":{"rendered":"<p>&nbsp;<\/p>\n<p>O governo de S\u00e3o Paulo visitou nesta segunda-feira (22), a Coopercitrus Expo 2024, no munic\u00edpio de Bebedouro. O governador Tarcisio de Freitas, ao lado do\u00a0 secret\u00e1rio de Agricultura de SP, Guilherme Piai, participou da cerim\u00f4nia de abertura da 25\u00aa edi\u00e7\u00e3o da feira.<\/p>\n<p>Na ocasi\u00e3o, o secret\u00e1rio ressaltou a import\u00e2ncia das cooperativas agr\u00edcolas, entidades fundamentais no fortalecimento do agro paulista. &#8220;Estamos no ber\u00e7o do cooperativismo paulista, participando desse grande evento de uma cooperativa parceira da Secretaria de Agricultura. Por meio desse trabalho conjunto, os produtores cooperados conseguem ter acesso facilitado ao cr\u00e9dito e seguro rural oferecido pelo governo paulista e por isso agradecemos imensamente a toda a diretoria da Coopercitrus e, principalmente, aos seus cooperados\u201d, completou Piai.<\/p>\n<p>Durante a cerim\u00f4nia, o presidente do Conselho de Administra\u00e7\u00e3o da Coopercitrus, Matheus Kfouri Marino, falou sobre a pr\u00f3xima safra de ver\u00e3o. \u201cCom a aproxima\u00e7\u00e3o das chuvas, o agricultor necessitar\u00e1 de insumos para produ\u00e7\u00e3o. A Coopercitrus se antecipou e construiu parcerias estrat\u00e9gicas de neg\u00f3cios para oferecer ao cooperado solu\u00e7\u00f5es inovadoras com condi\u00e7\u00f5es comerciais incr\u00edveis\u201d, afirmou.<\/p>\n<p>O evento, promovido pela Coopercitrus \u2013 Cooperativa de Produtores Rurais, re\u00fane mais de 160 empresas l\u00edderes nos setores de m\u00e1quinas, implementos, insumos, sementes, sa\u00fade e nutri\u00e7\u00e3o animal, seguros, irriga\u00e7\u00e3o e tecnologias de precis\u00e3o.<\/p>\n<p>O governador do Estado de SP, Tarc\u00edsio de Freitas, que visitou a Coopercitrus pela segunda vez desde o in\u00edcio da gest\u00e3o atual, reiterou a import\u00e2ncia do cooperativismo principalmente no suporte ao pequeno agricultor paulista. \u201cEssa cooperativa que conta com mais de 40 mil cooperados, garantindo competividade, renda e retribuindo os produtores rurais por seu incans\u00e1vel trabalho no campo. Nosso estado se tornou o que \u00e9, em grande medida, pelo agroneg\u00f3cio\u201d.<\/p>\n<p>Durante a Coopercitrus Expo, que acontece entre os dias 22 e 26 de julho, um estande da CATI, com uma equipe t\u00e9cnica da Regional Barretos, estar\u00e1 \u00e0 disposi\u00e7\u00e3o dos agricultores para passar orienta\u00e7\u00f5es sobre os programas da Secretaria de Agricultura: o Cadastro Ambiental Rural (CAR) e o Programa de Regulariza\u00e7\u00e3o Ambiental (PRA).<\/p>\n<p>Exig\u00eancia do novo C\u00f3digo Florestal, o CAR \u00e9 o primeiro passo para que o produtor rural tenha seguran\u00e7a quanto ao status do seu patrim\u00f4nio e o meio ambiente, preserva\u00e7\u00e3o e recupera\u00e7\u00e3o. Vale destacar que a Campanha \u201cAceite seu CAR\u201d, do governo do Estadual paulista, possui o objetivo de conscientizar propriet\u00e1rios de im\u00f3veis rurais sobre a import\u00e2ncia de regularizar o cadastro ambiental, registro p\u00fablico eletr\u00f4nico nacional obrigat\u00f3rio a todas as propriedades rurais.<\/p>\n<p>Hoje, S\u00e3o Paulo est\u00e1 em posi\u00e7\u00e3o destacada frente aos demais estados brasileiros com um total de 427 mil cadastros ativos e 390 mil cadastros j\u00e1 processados no sistema estadual, sendo que 13% (39.649) j\u00e1 se encontram validados pela SAA. Al\u00e9m disso, S\u00e3o Paulo lan\u00e7ou o Painel P\u00fablico da Regulariza\u00e7\u00e3o Ambiental dos Im\u00f3veis Rurais, que presta contas \u00e0 sociedade tornando dados ambientais p\u00fablicos.<\/p>\n<p>\u201cO CAR \u00e9 dignidade, extens\u00e3o rural, valoriza\u00e7\u00e3o da propriedade e sustentabilidade, e o Estado de S\u00e3o Paulo tem mais CARs registrados e validados do que o Brasil inteiro em conjunto. Vamos seguir a passos largos na maior regulariza\u00e7\u00e3o ambiental da hist\u00f3ria do Estado de SP\u201d, destacou o secret\u00e1rio Guilherme Piai.<\/p>\n<p>O produtor tem acesso \u00e0s informa\u00e7\u00f5es de regulariza\u00e7\u00e3o ambiental no link: https:\/\/car.agricultura.sp.gov.br\/<\/p>\n","protected":false},"excerpt":{"rendered":"<p>&nbsp; O governo de S\u00e3o Paulo visitou nesta segunda-feira (22),<\/p>\n","protected":false},"author":2,"featured_media":107936,"comment_status":"open","ping_status":"open","sticky":false,"template":"","format":"standard","meta":{"footnotes":""},"categories":[4,111],"tags":[],"class_list":["post-107932","post","type-post","status-publish","format-standard","has-post-thumbnail","hentry","category-bebedouro","category-cotidiano"],"yoast_head":"<!-- This site is optimized with the Yoast SEO plugin v27.4 - https:\/\/yoast.com\/product\/yoast-seo-wordpress\/ -->\n<title>Governador Tarc\u00edsio participa da abertura da 25\u00aa Expo Coopercitrus - Regi\u00e3o News<\/title>\n<meta name=\"robots\" content=\"index, follow, max-snippet:-1, max-image-preview:large, max-video-preview:-1\" \/>\n<link rel=\"canonical\" href=\"https:\/\/regiaonews.net.br\/2022\/2024\/07\/22\/governador-tarcisio-participa-da-abertura-da-25a-expo-coopercitrus\/\" \/>\n<meta property=\"og:locale\" content=\"pt_BR\" \/>\n<meta property=\"og:type\" content=\"article\" \/>\n<meta property=\"og:title\" content=\"Governador Tarc\u00edsio participa da abertura da 25\u00aa Expo Coopercitrus - Regi\u00e3o News\" \/>\n<meta property=\"og:description\" content=\"&nbsp; O governo de S\u00e3o Paulo visitou nesta segunda-feira (22),\" \/>\n<meta property=\"og:url\" content=\"https:\/\/regiaonews.net.br\/2022\/2024\/07\/22\/governador-tarcisio-participa-da-abertura-da-25a-expo-coopercitrus\/\" \/>\n<meta property=\"og:site_name\" content=\"Regi\u00e3o News\" \/>\n<meta property=\"article:published_time\" content=\"2024-07-23T01:40:47+00:00\" \/>\n<meta property=\"article:modified_time\" content=\"2024-07-24T09:59:05+00:00\" \/>\n<meta property=\"og:image\" content=\"https:\/\/regiaonews.net.br\/2022\/wp-content\/uploads\/2024\/07\/1918681448-dcgqt5pr6bhe7h2jkdepimxtpi.jpg\" \/>\n\t<meta property=\"og:image:width\" content=\"774\" \/>\n\t<meta property=\"og:image:height\" content=\"516\" \/>\n\t<meta property=\"og:image:type\" content=\"image\/jpeg\" \/>\n<meta name=\"author\" content=\"Roberto\" \/>\n<meta name=\"twitter:card\" content=\"summary_large_image\" \/>\n<meta name=\"twitter:label1\" content=\"Escrito por\" \/>\n\t<meta name=\"twitter:data1\" content=\"Roberto\" \/>\n\t<meta name=\"twitter:label2\" content=\"Est. tempo de leitura\" \/>\n\t<meta name=\"twitter:data2\" content=\"4 minutos\" \/>\n<script type=\"application\/ld+json\" class=\"yoast-schema-graph\">{\"@context\":\"https:\\\/\\\/schema.org\",\"@graph\":[{\"@type\":\"Article\",\"@id\":\"https:\\\/\\\/regiaonews.net.br\\\/2022\\\/2024\\\/07\\\/22\\\/governador-tarcisio-participa-da-abertura-da-25a-expo-coopercitrus\\\/#article\",\"isPartOf\":{\"@id\":\"https:\\\/\\\/regiaonews.net.br\\\/2022\\\/2024\\\/07\\\/22\\\/governador-tarcisio-participa-da-abertura-da-25a-expo-coopercitrus\\\/\"},\"author\":{\"name\":\"Roberto\",\"@id\":\"https:\\\/\\\/regiaonews.net.br\\\/2022\\\/#\\\/schema\\\/person\\\/2d205a608a5aa97ac279d7a5e6d89ad8\"},\"headline\":\"Governador Tarc\u00edsio participa da abertura da 25\u00aa Expo Coopercitrus\",\"datePublished\":\"2024-07-23T01:40:47+00:00\",\"dateModified\":\"2024-07-24T09:59:05+00:00\",\"mainEntityOfPage\":{\"@id\":\"https:\\\/\\\/regiaonews.net.br\\\/2022\\\/2024\\\/07\\\/22\\\/governador-tarcisio-participa-da-abertura-da-25a-expo-coopercitrus\\\/\"},\"wordCount\":586,\"commentCount\":0,\"publisher\":{\"@id\":\"https:\\\/\\\/regiaonews.net.br\\\/2022\\\/#organization\"},\"image\":{\"@id\":\"https:\\\/\\\/regiaonews.net.br\\\/2022\\\/2024\\\/07\\\/22\\\/governador-tarcisio-participa-da-abertura-da-25a-expo-coopercitrus\\\/#primaryimage\"},\"thumbnailUrl\":\"https:\\\/\\\/regiaonews.net.br\\\/2022\\\/wp-content\\\/uploads\\\/2024\\\/07\\\/1918681448-dcgqt5pr6bhe7h2jkdepimxtpi.jpg\",\"articleSection\":[\"Bebedouro\",\"Cotidiano\"],\"inLanguage\":\"pt-BR\",\"potentialAction\":[{\"@type\":\"CommentAction\",\"name\":\"Comment\",\"target\":[\"https:\\\/\\\/regiaonews.net.br\\\/2022\\\/2024\\\/07\\\/22\\\/governador-tarcisio-participa-da-abertura-da-25a-expo-coopercitrus\\\/#respond\"]}]},{\"@type\":\"WebPage\",\"@id\":\"https:\\\/\\\/regiaonews.net.br\\\/2022\\\/2024\\\/07\\\/22\\\/governador-tarcisio-participa-da-abertura-da-25a-expo-coopercitrus\\\/\",\"url\":\"https:\\\/\\\/regiaonews.net.br\\\/2022\\\/2024\\\/07\\\/22\\\/governador-tarcisio-participa-da-abertura-da-25a-expo-coopercitrus\\\/\",\"name\":\"Governador Tarc\u00edsio participa da abertura da 25\u00aa Expo Coopercitrus - Regi\u00e3o News\",\"isPartOf\":{\"@id\":\"https:\\\/\\\/regiaonews.net.br\\\/2022\\\/#website\"},\"primaryImageOfPage\":{\"@id\":\"https:\\\/\\\/regiaonews.net.br\\\/2022\\\/2024\\\/07\\\/22\\\/governador-tarcisio-participa-da-abertura-da-25a-expo-coopercitrus\\\/#primaryimage\"},\"image\":{\"@id\":\"https:\\\/\\\/regiaonews.net.br\\\/2022\\\/2024\\\/07\\\/22\\\/governador-tarcisio-participa-da-abertura-da-25a-expo-coopercitrus\\\/#primaryimage\"},\"thumbnailUrl\":\"https:\\\/\\\/regiaonews.net.br\\\/2022\\\/wp-content\\\/uploads\\\/2024\\\/07\\\/1918681448-dcgqt5pr6bhe7h2jkdepimxtpi.jpg\",\"datePublished\":\"2024-07-23T01:40:47+00:00\",\"dateModified\":\"2024-07-24T09:59:05+00:00\",\"breadcrumb\":{\"@id\":\"https:\\\/\\\/regiaonews.net.br\\\/2022\\\/2024\\\/07\\\/22\\\/governador-tarcisio-participa-da-abertura-da-25a-expo-coopercitrus\\\/#breadcrumb\"},\"inLanguage\":\"pt-BR\",\"potentialAction\":[{\"@type\":\"ReadAction\",\"target\":[\"https:\\\/\\\/regiaonews.net.br\\\/2022\\\/2024\\\/07\\\/22\\\/governador-tarcisio-participa-da-abertura-da-25a-expo-coopercitrus\\\/\"]}]},{\"@type\":\"ImageObject\",\"inLanguage\":\"pt-BR\",\"@id\":\"https:\\\/\\\/regiaonews.net.br\\\/2022\\\/2024\\\/07\\\/22\\\/governador-tarcisio-participa-da-abertura-da-25a-expo-coopercitrus\\\/#primaryimage\",\"url\":\"https:\\\/\\\/regiaonews.net.br\\\/2022\\\/wp-content\\\/uploads\\\/2024\\\/07\\\/1918681448-dcgqt5pr6bhe7h2jkdepimxtpi.jpg\",\"contentUrl\":\"https:\\\/\\\/regiaonews.net.br\\\/2022\\\/wp-content\\\/uploads\\\/2024\\\/07\\\/1918681448-dcgqt5pr6bhe7h2jkdepimxtpi.jpg\",\"width\":774,\"height\":516},{\"@type\":\"BreadcrumbList\",\"@id\":\"https:\\\/\\\/regiaonews.net.br\\\/2022\\\/2024\\\/07\\\/22\\\/governador-tarcisio-participa-da-abertura-da-25a-expo-coopercitrus\\\/#breadcrumb\",\"itemListElement\":[{\"@type\":\"ListItem\",\"position\":1,\"name\":\"In\u00edcio\",\"item\":\"https:\\\/\\\/regiaonews.net.br\\\/2022\\\/\"},{\"@type\":\"ListItem\",\"position\":2,\"name\":\"Governador Tarc\u00edsio participa da abertura da 25\u00aa Expo Coopercitrus\"}]},{\"@type\":\"WebSite\",\"@id\":\"https:\\\/\\\/regiaonews.net.br\\\/2022\\\/#website\",\"url\":\"https:\\\/\\\/regiaonews.net.br\\\/2022\\\/\",\"name\":\"Regi\u00e3o News\",\"description\":\"Site de Not\u00edcias de Barretos e regi\u00e3o\",\"publisher\":{\"@id\":\"https:\\\/\\\/regiaonews.net.br\\\/2022\\\/#organization\"},\"potentialAction\":[{\"@type\":\"SearchAction\",\"target\":{\"@type\":\"EntryPoint\",\"urlTemplate\":\"https:\\\/\\\/regiaonews.net.br\\\/2022\\\/?s={search_term_string}\"},\"query-input\":{\"@type\":\"PropertyValueSpecification\",\"valueRequired\":true,\"valueName\":\"search_term_string\"}}],\"inLanguage\":\"pt-BR\"},{\"@type\":\"Organization\",\"@id\":\"https:\\\/\\\/regiaonews.net.br\\\/2022\\\/#organization\",\"name\":\"Regi\u00e3o News\",\"url\":\"https:\\\/\\\/regiaonews.net.br\\\/2022\\\/\",\"logo\":{\"@type\":\"ImageObject\",\"inLanguage\":\"pt-BR\",\"@id\":\"https:\\\/\\\/regiaonews.net.br\\\/2022\\\/#\\\/schema\\\/logo\\\/image\\\/\",\"url\":\"https:\\\/\\\/regiaonews.net.br\\\/2022\\\/wp-content\\\/uploads\\\/2026\\\/03\\\/regiao-13-anos-scaled.jpg\",\"contentUrl\":\"https:\\\/\\\/regiaonews.net.br\\\/2022\\\/wp-content\\\/uploads\\\/2026\\\/03\\\/regiao-13-anos-scaled.jpg\",\"width\":2560,\"height\":635,\"caption\":\"Regi\u00e3o News\"},\"image\":{\"@id\":\"https:\\\/\\\/regiaonews.net.br\\\/2022\\\/#\\\/schema\\\/logo\\\/image\\\/\"}},{\"@type\":\"Person\",\"@id\":\"https:\\\/\\\/regiaonews.net.br\\\/2022\\\/#\\\/schema\\\/person\\\/2d205a608a5aa97ac279d7a5e6d89ad8\",\"name\":\"Roberto\",\"image\":{\"@type\":\"ImageObject\",\"inLanguage\":\"pt-BR\",\"@id\":\"https:\\\/\\\/secure.gravatar.com\\\/avatar\\\/42749d8b712ff9d59ca93dc150494e5b55a44134482993f5baeb97e61b7ecc89?s=96&d=mm&r=g\",\"url\":\"https:\\\/\\\/secure.gravatar.com\\\/avatar\\\/42749d8b712ff9d59ca93dc150494e5b55a44134482993f5baeb97e61b7ecc89?s=96&d=mm&r=g\",\"contentUrl\":\"https:\\\/\\\/secure.gravatar.com\\\/avatar\\\/42749d8b712ff9d59ca93dc150494e5b55a44134482993f5baeb97e61b7ecc89?s=96&d=mm&r=g\",\"caption\":\"Roberto\"},\"url\":\"https:\\\/\\\/regiaonews.net.br\\\/2022\\\/author\\\/roberto\\\/\"}]}<\/script>\n<!-- \/ Yoast SEO plugin. -->","yoast_head_json":{"title":"Governador Tarc\u00edsio participa da abertura da 25\u00aa Expo Coopercitrus - Regi\u00e3o News","robots":{"index":"index","follow":"follow","max-snippet":"max-snippet:-1","max-image-preview":"max-image-preview:large","max-video-preview":"max-video-preview:-1"},"canonical":"https:\/\/regiaonews.net.br\/2022\/2024\/07\/22\/governador-tarcisio-participa-da-abertura-da-25a-expo-coopercitrus\/","og_locale":"pt_BR","og_type":"article","og_title":"Governador Tarc\u00edsio participa da abertura da 25\u00aa Expo Coopercitrus - Regi\u00e3o News","og_description":"&nbsp; O governo de S\u00e3o Paulo visitou nesta segunda-feira (22),","og_url":"https:\/\/regiaonews.net.br\/2022\/2024\/07\/22\/governador-tarcisio-participa-da-abertura-da-25a-expo-coopercitrus\/","og_site_name":"Regi\u00e3o News","article_published_time":"2024-07-23T01:40:47+00:00","article_modified_time":"2024-07-24T09:59:05+00:00","og_image":[{"width":774,"height":516,"url":"https:\/\/regiaonews.net.br\/2022\/wp-content\/uploads\/2024\/07\/1918681448-dcgqt5pr6bhe7h2jkdepimxtpi.jpg","type":"image\/jpeg"}],"author":"Roberto","twitter_card":"summary_large_image","twitter_misc":{"Escrito por":"Roberto","Est. tempo de leitura":"4 minutos"},"schema":{"@context":"https:\/\/schema.org","@graph":[{"@type":"Article","@id":"https:\/\/regiaonews.net.br\/2022\/2024\/07\/22\/governador-tarcisio-participa-da-abertura-da-25a-expo-coopercitrus\/#article","isPartOf":{"@id":"https:\/\/regiaonews.net.br\/2022\/2024\/07\/22\/governador-tarcisio-participa-da-abertura-da-25a-expo-coopercitrus\/"},"author":{"name":"Roberto","@id":"https:\/\/regiaonews.net.br\/2022\/#\/schema\/person\/2d205a608a5aa97ac279d7a5e6d89ad8"},"headline":"Governador Tarc\u00edsio participa da abertura da 25\u00aa Expo Coopercitrus","datePublished":"2024-07-23T01:40:47+00:00","dateModified":"2024-07-24T09:59:05+00:00","mainEntityOfPage":{"@id":"https:\/\/regiaonews.net.br\/2022\/2024\/07\/22\/governador-tarcisio-participa-da-abertura-da-25a-expo-coopercitrus\/"},"wordCount":586,"commentCount":0,"publisher":{"@id":"https:\/\/regiaonews.net.br\/2022\/#organization"},"image":{"@id":"https:\/\/regiaonews.net.br\/2022\/2024\/07\/22\/governador-tarcisio-participa-da-abertura-da-25a-expo-coopercitrus\/#primaryimage"},"thumbnailUrl":"https:\/\/regiaonews.net.br\/2022\/wp-content\/uploads\/2024\/07\/1918681448-dcgqt5pr6bhe7h2jkdepimxtpi.jpg","articleSection":["Bebedouro","Cotidiano"],"inLanguage":"pt-BR","potentialAction":[{"@type":"CommentAction","name":"Comment","target":["https:\/\/regiaonews.net.br\/2022\/2024\/07\/22\/governador-tarcisio-participa-da-abertura-da-25a-expo-coopercitrus\/#respond"]}]},{"@type":"WebPage","@id":"https:\/\/regiaonews.net.br\/2022\/2024\/07\/22\/governador-tarcisio-participa-da-abertura-da-25a-expo-coopercitrus\/","url":"https:\/\/regiaonews.net.br\/2022\/2024\/07\/22\/governador-tarcisio-participa-da-abertura-da-25a-expo-coopercitrus\/","name":"Governador Tarc\u00edsio participa da abertura da 25\u00aa Expo Coopercitrus - Regi\u00e3o News","isPartOf":{"@id":"https:\/\/regiaonews.net.br\/2022\/#website"},"primaryImageOfPage":{"@id":"https:\/\/regiaonews.net.br\/2022\/2024\/07\/22\/governador-tarcisio-participa-da-abertura-da-25a-expo-coopercitrus\/#primaryimage"},"image":{"@id":"https:\/\/regiaonews.net.br\/2022\/2024\/07\/22\/governador-tarcisio-participa-da-abertura-da-25a-expo-coopercitrus\/#primaryimage"},"thumbnailUrl":"https:\/\/regiaonews.net.br\/2022\/wp-content\/uploads\/2024\/07\/1918681448-dcgqt5pr6bhe7h2jkdepimxtpi.jpg","datePublished":"2024-07-23T01:40:47+00:00","dateModified":"2024-07-24T09:59:05+00:00","breadcrumb":{"@id":"https:\/\/regiaonews.net.br\/2022\/2024\/07\/22\/governador-tarcisio-participa-da-abertura-da-25a-expo-coopercitrus\/#breadcrumb"},"inLanguage":"pt-BR","potentialAction":[{"@type":"ReadAction","target":["https:\/\/regiaonews.net.br\/2022\/2024\/07\/22\/governador-tarcisio-participa-da-abertura-da-25a-expo-coopercitrus\/"]}]},{"@type":"ImageObject","inLanguage":"pt-BR","@id":"https:\/\/regiaonews.net.br\/2022\/2024\/07\/22\/governador-tarcisio-participa-da-abertura-da-25a-expo-coopercitrus\/#primaryimage","url":"https:\/\/regiaonews.net.br\/2022\/wp-content\/uploads\/2024\/07\/1918681448-dcgqt5pr6bhe7h2jkdepimxtpi.jpg","contentUrl":"https:\/\/regiaonews.net.br\/2022\/wp-content\/uploads\/2024\/07\/1918681448-dcgqt5pr6bhe7h2jkdepimxtpi.jpg","width":774,"height":516},{"@type":"BreadcrumbList","@id":"https:\/\/regiaonews.net.br\/2022\/2024\/07\/22\/governador-tarcisio-participa-da-abertura-da-25a-expo-coopercitrus\/#breadcrumb","itemListElement":[{"@type":"ListItem","position":1,"name":"In\u00edcio","item":"https:\/\/regiaonews.net.br\/2022\/"},{"@type":"ListItem","position":2,"name":"Governador Tarc\u00edsio participa da abertura da 25\u00aa Expo Coopercitrus"}]},{"@type":"WebSite","@id":"https:\/\/regiaonews.net.br\/2022\/#website","url":"https:\/\/regiaonews.net.br\/2022\/","name":"Regi\u00e3o News","description":"Site de Not\u00edcias de Barretos e regi\u00e3o","publisher":{"@id":"https:\/\/regiaonews.net.br\/2022\/#organization"},"potentialAction":[{"@type":"SearchAction","target":{"@type":"EntryPoint","urlTemplate":"https:\/\/regiaonews.net.br\/2022\/?s={search_term_string}"},"query-input":{"@type":"PropertyValueSpecification","valueRequired":true,"valueName":"search_term_string"}}],"inLanguage":"pt-BR"},{"@type":"Organization","@id":"https:\/\/regiaonews.net.br\/2022\/#organization","name":"Regi\u00e3o News","url":"https:\/\/regiaonews.net.br\/2022\/","logo":{"@type":"ImageObject","inLanguage":"pt-BR","@id":"https:\/\/regiaonews.net.br\/2022\/#\/schema\/logo\/image\/","url":"https:\/\/regiaonews.net.br\/2022\/wp-content\/uploads\/2026\/03\/regiao-13-anos-scaled.jpg","contentUrl":"https:\/\/regiaonews.net.br\/2022\/wp-content\/uploads\/2026\/03\/regiao-13-anos-scaled.jpg","width":2560,"height":635,"caption":"Regi\u00e3o News"},"image":{"@id":"https:\/\/regiaonews.net.br\/2022\/#\/schema\/logo\/image\/"}},{"@type":"Person","@id":"https:\/\/regiaonews.net.br\/2022\/#\/schema\/person\/2d205a608a5aa97ac279d7a5e6d89ad8","name":"Roberto","image":{"@type":"ImageObject","inLanguage":"pt-BR","@id":"https:\/\/secure.gravatar.com\/avatar\/42749d8b712ff9d59ca93dc150494e5b55a44134482993f5baeb97e61b7ecc89?s=96&d=mm&r=g","url":"https:\/\/secure.gravatar.com\/avatar\/42749d8b712ff9d59ca93dc150494e5b55a44134482993f5baeb97e61b7ecc89?s=96&d=mm&r=g","contentUrl":"https:\/\/secure.gravatar.com\/avatar\/42749d8b712ff9d59ca93dc150494e5b55a44134482993f5baeb97e61b7ecc89?s=96&d=mm&r=g","caption":"Roberto"},"url":"https:\/\/regiaonews.net.br\/2022\/author\/roberto\/"}]}},"publishpress_future_action":{"enabled":false,"date":"2026-05-03 03:05:42","action":"change-status","newStatus":"draft","terms":[],"taxonomy":"category","extraData":[]},"publishpress_future_workflow_manual_trigger":{"enabledWorkflows":[]},"_links":{"self":[{"href":"https:\/\/regiaonews.net.br\/2022\/wp-json\/wp\/v2\/posts\/107932","targetHints":{"allow":["GET"]}}],"collection":[{"href":"https:\/\/regiaonews.net.br\/2022\/wp-json\/wp\/v2\/posts"}],"about":[{"href":"https:\/\/regiaonews.net.br\/2022\/wp-json\/wp\/v2\/types\/post"}],"author":[{"embeddable":true,"href":"https:\/\/regiaonews.net.br\/2022\/wp-json\/wp\/v2\/users\/2"}],"replies":[{"embeddable":true,"href":"https:\/\/regiaonews.net.br\/2022\/wp-json\/wp\/v2\/comments?post=107932"}],"version-history":[{"count":1,"href":"https:\/\/regiaonews.net.br\/2022\/wp-json\/wp\/v2\/posts\/107932\/revisions"}],"predecessor-version":[{"id":107933,"href":"https:\/\/regiaonews.net.br\/2022\/wp-json\/wp\/v2\/posts\/107932\/revisions\/107933"}],"wp:featuredmedia":[{"embeddable":true,"href":"https:\/\/regiaonews.net.br\/2022\/wp-json\/wp\/v2\/media\/107936"}],"wp:attachment":[{"href":"https:\/\/regiaonews.net.br\/2022\/wp-json\/wp\/v2\/media?parent=107932"}],"wp:term":[{"taxonomy":"category","embeddable":true,"href":"https:\/\/regiaonews.net.br\/2022\/wp-json\/wp\/v2\/categories?post=107932"},{"taxonomy":"post_tag","embeddable":true,"href":"https:\/\/regiaonews.net.br\/2022\/wp-json\/wp\/v2\/tags?post=107932"}],"curies":[{"name":"wp","href":"https:\/\/api.w.org\/{rel}","templated":true}]}}