{"id":107866,"date":"2024-07-19T22:36:08","date_gmt":"2024-07-20T01:36:08","guid":{"rendered":"https:\/\/regiaonews.net.br\/2022\/?p=107866"},"modified":"2024-07-19T22:37:47","modified_gmt":"2024-07-20T01:37:47","slug":"greve-do-inss-comeca-forte-em-11-estados-e-servidores-da-saude-e-do-trabalho-fazem-paralisacao-de-48h","status":"publish","type":"post","link":"https:\/\/regiaonews.net.br\/2022\/2024\/07\/19\/greve-do-inss-comeca-forte-em-11-estados-e-servidores-da-saude-e-do-trabalho-fazem-paralisacao-de-48h\/","title":{"rendered":"Greve do INSS come\u00e7a forte em 11 estados,  e  servidores da Sa\u00fade e do Trabalho fazem paralisa\u00e7\u00e3o de 48h"},"content":{"rendered":"<p>&nbsp;<\/p>\n<p>Ap\u00f3s in\u00edcio de mobiliza\u00e7\u00e3o, governo marcou negocia\u00e7\u00e3o, mas proposta \u00e9 insuficiente<br \/>\nNesta quinta (18) e sexta-feira (19), servidores p\u00fablicos federais da Sa\u00fade e do Trabalho realizam 48 horas de paralisa\u00e7\u00e3o. Manifesta\u00e7\u00f5es em frente \u00e0s superintend\u00eancias do Minist\u00e9rio da Sa\u00fade e do Trabalho ocorreram ao longo do dia.<br \/>\nEm SP, o Sinsprev realizou ato em frente \u00e0 superintend\u00eancia, na Avenida Prestes Maia, no centro da capital. No Rio de Janeiro, os servidores realizam ato no Hospital Federal Cardoso Fontes, numa luta que tamb\u00e9m \u00e9 contra a proposta de entrega do hospital para a gest\u00e3o municipal.<br \/>\nA mobiliza\u00e7\u00e3o se soma \u00e0\u00a0greve nacional deflagrada pelos trabalhadores do INSS na ter\u00e7a-feira (16). A mobiliza\u00e7\u00e3o come\u00e7ou forte. Segundo informe da Fenasps (Federa\u00e7\u00e3o Nacional dos Sindicatos de Trabalhadores em Sa\u00fade, Trabalho, Previd\u00eancia e Assist\u00eancia Social), a greve por tempo indeterminado teve in\u00edcio em 11 estados.<br \/>\nPararam servidores do INSS dos estados Bahia, Cear\u00e1, Esp\u00edrito Santo, Minas Gerais, Paran\u00e1, Piau\u00ed, Rio Grande do Norte, Rio Grande do Sul, Rond\u00f4nia, Santa Catarina e S\u00e3o Paulo. Os demais estados est\u00e3o em mobiliza\u00e7\u00e3o. Em v\u00e1rias ag\u00eancias, houve piquetes dos trabalhadores. No Rio Grande do Sul, dentre as palavras de ordem entoadas pelos trabalhadores est\u00e1 a exig\u00eancia de valoriza\u00e7\u00e3o da carreira e &#8220;Negocia, Lula!\u201d.<br \/>\nSegundo a Fenasps, tamb\u00e9m h\u00e1 greve parcial de servidores dos minist\u00e9rios da Sa\u00fade e do Trabalho em Minas Gerais e no Rio de Janeiro.<\/p>\n<p>Greve for\u00e7a governo chamar reuni\u00e3o<\/p>\n<p>Ap\u00f3s o in\u00edcio da greve, o governo agendou a 4\u00aa Reuni\u00e3o da Mesa Espec\u00edfica e Tempor\u00e1ria da Carreira do Seguro Social, o que, segundo a Fenasps, j\u00e1 \u00e9 uma demonstra\u00e7\u00e3o da import\u00e2ncia da mobiliza\u00e7\u00e3o dos trabalhadores. Em rela\u00e7\u00e3o \u00e0 proposta anterior, apresentada na reuni\u00e3o do dia 03\/07, houve algumas mudan\u00e7as, por\u00e9m ainda est\u00e1 aqu\u00e9m da pauta aprovada pelos servidores.<br \/>\nA proposta anterior indicava um reajuste de 9% para janeiro de 2025 e 5 % para abril de 2026. Essa semana, o governo manteve o percentual de 9% para janeiro de 2025 e prop\u00f4s 9% para janeiro de 2026, totalizando 18% de reajuste, bem como um ajuste dos steps, referentes \u00e0 mudan\u00e7a de classe e padr\u00e3o. Por\u00e9m, foi mantido o aumento de n\u00edveis e classes para progress\u00e3o funcional, dos atuais 17 n\u00edveis para 20 n\u00edveis, reduzindo sal\u00e1rio inicial de entrada na Carreira. Apesar do incremento dos percentuais, os valores est\u00e3o abaixo das perdas salariais acumuladas pela categoria desde 2017, da ordem de 53%.<br \/>\nAinda de acordo com os sindicatos, o governo recua quanto \u00e0 extin\u00e7\u00e3o da GAE (Gratifica\u00e7\u00e3o de Atividade Executiva), por\u00e9m mant\u00e9m o VB (vencimento b\u00e1sico) inalterado e aumenta a parcela vari\u00e1vel da GDASS (gratifica\u00e7\u00f5es). Em rela\u00e7\u00e3o a outras demandas, como pend\u00eancias do Acordo de 2022, teletrabalho e avalia\u00e7\u00e3o de desempenho, os impasses continuam.<br \/>\nOs sindicatos orientam que a categoria se mantenha mobilizada e amplie a greve, com atua\u00e7\u00e3o nos locais de trabalho e com a instala\u00e7\u00e3o de comandos de greve, reuni\u00f5es, atos p\u00fablicos e assembleias estaduais para que haja um processo concreto de negocia\u00e7\u00e3o da pauta da greve.<\/p>\n<p>Pol\u00edtica do arcabou\u00e7o fiscal<\/p>\n<p>Segundo Claudio Machado, que \u00e9 servidor da Sa\u00fade e ativista da CSP-Conlutas, diretor do Sinsprev-SP e da Fenasps, a &#8220;mobiliza\u00e7\u00e3o est\u00e1 numa crescente\u201d.<br \/>\n\u201cA greve come\u00e7ou em 11 estados. Onde h\u00e1 trabalho presencial nas ag\u00eancias, tem chefe mantendo, mas a categoria aderiu \u00e0 greve. Como uma boa parte hoje tamb\u00e9m est\u00e1 em trabalho remoto, ainda temos de mensurar o alcance, mas a avalia\u00e7\u00e3o \u00e9 de que est\u00e1 numa crescente\u201d, informou.<br \/>\nSegundo Machado, com a paralisa\u00e7\u00e3o, o governo chamou para negociar. \u201cMas, apesar de algumas mudan\u00e7as, est\u00e1 oferecendo praticamente a mesma coisa de outras carreiras, com o discurso de limite or\u00e7ament\u00e1rio. Na pr\u00e1tica, quer impor o arrocho do arcabou\u00e7o fiscal\u201d, avaliou.<br \/>\nTodo apoio<br \/>\nAs mobiliza\u00e7\u00f5es dos servidores p\u00fablicos federais esteve no centro dos debates sobre\u00a0conjuntura nacional\u00a0e\u00a0lutas em curso no pa\u00eds\u00a0na reuni\u00e3o da Coordena\u00e7\u00e3o Nacional da CSP-Conlutas, realizada neste final de semana, de 12 a 14 de julho.<br \/>\nA CSP-Conlutas reafirma todo apoio e solidariedade \u00e0 greve no INSS e demais categorias da Sa\u00fade e do Trabalho..<br \/>\nPelo atendimento das reivindica\u00e7\u00f5es dos servidores p\u00fablicos! Chega de priorizar o arrocho do Arcabou\u00e7o Fiscal para direcionar dinheiro p\u00fablico para banqueiros e especuladores em detrimento das necessidades dos trabalhadores e de investimentos nos servi\u00e7os p\u00fablicos<\/p>\n","protected":false},"excerpt":{"rendered":"<p>&nbsp; Ap\u00f3s in\u00edcio de mobiliza\u00e7\u00e3o, governo marcou negocia\u00e7\u00e3o, mas proposta<\/p>\n","protected":false},"author":2,"featured_media":107868,"comment_status":"open","ping_status":"open","sticky":false,"template":"","format":"standard","meta":{"footnotes":""},"categories":[24,25],"tags":[],"class_list":["post-107866","post","type-post","status-publish","format-standard","has-post-thumbnail","hentry","category-brasil","category-cidades"],"yoast_head":"<!-- This site is optimized with the Yoast SEO plugin v27.4 - https:\/\/yoast.com\/product\/yoast-seo-wordpress\/ -->\n<title>Greve do INSS come\u00e7a forte em 11 estados, e servidores da Sa\u00fade e do Trabalho fazem paralisa\u00e7\u00e3o de 48h - Regi\u00e3o News<\/title>\n<meta name=\"robots\" content=\"index, follow, max-snippet:-1, max-image-preview:large, max-video-preview:-1\" \/>\n<link rel=\"canonical\" href=\"https:\/\/regiaonews.net.br\/2022\/2024\/07\/19\/greve-do-inss-comeca-forte-em-11-estados-e-servidores-da-saude-e-do-trabalho-fazem-paralisacao-de-48h\/\" \/>\n<meta property=\"og:locale\" content=\"pt_BR\" \/>\n<meta property=\"og:type\" content=\"article\" \/>\n<meta property=\"og:title\" content=\"Greve do INSS come\u00e7a forte em 11 estados, e servidores da Sa\u00fade e do Trabalho fazem paralisa\u00e7\u00e3o de 48h - Regi\u00e3o News\" \/>\n<meta property=\"og:description\" content=\"&nbsp; Ap\u00f3s in\u00edcio de mobiliza\u00e7\u00e3o, governo marcou negocia\u00e7\u00e3o, mas proposta\" \/>\n<meta property=\"og:url\" content=\"https:\/\/regiaonews.net.br\/2022\/2024\/07\/19\/greve-do-inss-comeca-forte-em-11-estados-e-servidores-da-saude-e-do-trabalho-fazem-paralisacao-de-48h\/\" \/>\n<meta property=\"og:site_name\" content=\"Regi\u00e3o News\" \/>\n<meta property=\"article:published_time\" content=\"2024-07-20T01:36:08+00:00\" \/>\n<meta property=\"article:modified_time\" content=\"2024-07-20T01:37:47+00:00\" \/>\n<meta property=\"og:image\" content=\"https:\/\/regiaonews.net.br\/2022\/wp-content\/uploads\/2024\/07\/1345685bb81a4380dbb6_1170x530_0_0_1_1-1.png\" \/>\n\t<meta property=\"og:image:width\" content=\"1170\" \/>\n\t<meta property=\"og:image:height\" content=\"530\" \/>\n\t<meta property=\"og:image:type\" content=\"image\/png\" \/>\n<meta name=\"author\" content=\"Roberto\" \/>\n<meta name=\"twitter:card\" content=\"summary_large_image\" \/>\n<meta name=\"twitter:label1\" content=\"Escrito por\" \/>\n\t<meta name=\"twitter:data1\" content=\"Roberto\" \/>\n\t<meta name=\"twitter:label2\" content=\"Est. tempo de leitura\" \/>\n\t<meta name=\"twitter:data2\" content=\"5 minutos\" \/>\n<script type=\"application\/ld+json\" class=\"yoast-schema-graph\">{\"@context\":\"https:\\\/\\\/schema.org\",\"@graph\":[{\"@type\":\"Article\",\"@id\":\"https:\\\/\\\/regiaonews.net.br\\\/2022\\\/2024\\\/07\\\/19\\\/greve-do-inss-comeca-forte-em-11-estados-e-servidores-da-saude-e-do-trabalho-fazem-paralisacao-de-48h\\\/#article\",\"isPartOf\":{\"@id\":\"https:\\\/\\\/regiaonews.net.br\\\/2022\\\/2024\\\/07\\\/19\\\/greve-do-inss-comeca-forte-em-11-estados-e-servidores-da-saude-e-do-trabalho-fazem-paralisacao-de-48h\\\/\"},\"author\":{\"name\":\"Roberto\",\"@id\":\"https:\\\/\\\/regiaonews.net.br\\\/2022\\\/#\\\/schema\\\/person\\\/2d205a608a5aa97ac279d7a5e6d89ad8\"},\"headline\":\"Greve do INSS come\u00e7a forte em 11 estados, e servidores da Sa\u00fade e do Trabalho fazem paralisa\u00e7\u00e3o de 48h\",\"datePublished\":\"2024-07-20T01:36:08+00:00\",\"dateModified\":\"2024-07-20T01:37:47+00:00\",\"mainEntityOfPage\":{\"@id\":\"https:\\\/\\\/regiaonews.net.br\\\/2022\\\/2024\\\/07\\\/19\\\/greve-do-inss-comeca-forte-em-11-estados-e-servidores-da-saude-e-do-trabalho-fazem-paralisacao-de-48h\\\/\"},\"wordCount\":786,\"commentCount\":0,\"publisher\":{\"@id\":\"https:\\\/\\\/regiaonews.net.br\\\/2022\\\/#organization\"},\"image\":{\"@id\":\"https:\\\/\\\/regiaonews.net.br\\\/2022\\\/2024\\\/07\\\/19\\\/greve-do-inss-comeca-forte-em-11-estados-e-servidores-da-saude-e-do-trabalho-fazem-paralisacao-de-48h\\\/#primaryimage\"},\"thumbnailUrl\":\"https:\\\/\\\/regiaonews.net.br\\\/2022\\\/wp-content\\\/uploads\\\/2024\\\/07\\\/1345685bb81a4380dbb6_1170x530_0_0_1_1-1.png\",\"articleSection\":[\"Brasil\",\"Cidades\"],\"inLanguage\":\"pt-BR\",\"potentialAction\":[{\"@type\":\"CommentAction\",\"name\":\"Comment\",\"target\":[\"https:\\\/\\\/regiaonews.net.br\\\/2022\\\/2024\\\/07\\\/19\\\/greve-do-inss-comeca-forte-em-11-estados-e-servidores-da-saude-e-do-trabalho-fazem-paralisacao-de-48h\\\/#respond\"]}]},{\"@type\":\"WebPage\",\"@id\":\"https:\\\/\\\/regiaonews.net.br\\\/2022\\\/2024\\\/07\\\/19\\\/greve-do-inss-comeca-forte-em-11-estados-e-servidores-da-saude-e-do-trabalho-fazem-paralisacao-de-48h\\\/\",\"url\":\"https:\\\/\\\/regiaonews.net.br\\\/2022\\\/2024\\\/07\\\/19\\\/greve-do-inss-comeca-forte-em-11-estados-e-servidores-da-saude-e-do-trabalho-fazem-paralisacao-de-48h\\\/\",\"name\":\"Greve do INSS come\u00e7a forte em 11 estados, e servidores da Sa\u00fade e do Trabalho fazem paralisa\u00e7\u00e3o de 48h - Regi\u00e3o News\",\"isPartOf\":{\"@id\":\"https:\\\/\\\/regiaonews.net.br\\\/2022\\\/#website\"},\"primaryImageOfPage\":{\"@id\":\"https:\\\/\\\/regiaonews.net.br\\\/2022\\\/2024\\\/07\\\/19\\\/greve-do-inss-comeca-forte-em-11-estados-e-servidores-da-saude-e-do-trabalho-fazem-paralisacao-de-48h\\\/#primaryimage\"},\"image\":{\"@id\":\"https:\\\/\\\/regiaonews.net.br\\\/2022\\\/2024\\\/07\\\/19\\\/greve-do-inss-comeca-forte-em-11-estados-e-servidores-da-saude-e-do-trabalho-fazem-paralisacao-de-48h\\\/#primaryimage\"},\"thumbnailUrl\":\"https:\\\/\\\/regiaonews.net.br\\\/2022\\\/wp-content\\\/uploads\\\/2024\\\/07\\\/1345685bb81a4380dbb6_1170x530_0_0_1_1-1.png\",\"datePublished\":\"2024-07-20T01:36:08+00:00\",\"dateModified\":\"2024-07-20T01:37:47+00:00\",\"breadcrumb\":{\"@id\":\"https:\\\/\\\/regiaonews.net.br\\\/2022\\\/2024\\\/07\\\/19\\\/greve-do-inss-comeca-forte-em-11-estados-e-servidores-da-saude-e-do-trabalho-fazem-paralisacao-de-48h\\\/#breadcrumb\"},\"inLanguage\":\"pt-BR\",\"potentialAction\":[{\"@type\":\"ReadAction\",\"target\":[\"https:\\\/\\\/regiaonews.net.br\\\/2022\\\/2024\\\/07\\\/19\\\/greve-do-inss-comeca-forte-em-11-estados-e-servidores-da-saude-e-do-trabalho-fazem-paralisacao-de-48h\\\/\"]}]},{\"@type\":\"ImageObject\",\"inLanguage\":\"pt-BR\",\"@id\":\"https:\\\/\\\/regiaonews.net.br\\\/2022\\\/2024\\\/07\\\/19\\\/greve-do-inss-comeca-forte-em-11-estados-e-servidores-da-saude-e-do-trabalho-fazem-paralisacao-de-48h\\\/#primaryimage\",\"url\":\"https:\\\/\\\/regiaonews.net.br\\\/2022\\\/wp-content\\\/uploads\\\/2024\\\/07\\\/1345685bb81a4380dbb6_1170x530_0_0_1_1-1.png\",\"contentUrl\":\"https:\\\/\\\/regiaonews.net.br\\\/2022\\\/wp-content\\\/uploads\\\/2024\\\/07\\\/1345685bb81a4380dbb6_1170x530_0_0_1_1-1.png\",\"width\":1170,\"height\":530},{\"@type\":\"BreadcrumbList\",\"@id\":\"https:\\\/\\\/regiaonews.net.br\\\/2022\\\/2024\\\/07\\\/19\\\/greve-do-inss-comeca-forte-em-11-estados-e-servidores-da-saude-e-do-trabalho-fazem-paralisacao-de-48h\\\/#breadcrumb\",\"itemListElement\":[{\"@type\":\"ListItem\",\"position\":1,\"name\":\"In\u00edcio\",\"item\":\"https:\\\/\\\/regiaonews.net.br\\\/2022\\\/\"},{\"@type\":\"ListItem\",\"position\":2,\"name\":\"Greve do INSS come\u00e7a forte em 11 estados, e servidores da Sa\u00fade e do Trabalho fazem paralisa\u00e7\u00e3o de 48h\"}]},{\"@type\":\"WebSite\",\"@id\":\"https:\\\/\\\/regiaonews.net.br\\\/2022\\\/#website\",\"url\":\"https:\\\/\\\/regiaonews.net.br\\\/2022\\\/\",\"name\":\"Regi\u00e3o News\",\"description\":\"Site de Not\u00edcias de Barretos e regi\u00e3o\",\"publisher\":{\"@id\":\"https:\\\/\\\/regiaonews.net.br\\\/2022\\\/#organization\"},\"potentialAction\":[{\"@type\":\"SearchAction\",\"target\":{\"@type\":\"EntryPoint\",\"urlTemplate\":\"https:\\\/\\\/regiaonews.net.br\\\/2022\\\/?s={search_term_string}\"},\"query-input\":{\"@type\":\"PropertyValueSpecification\",\"valueRequired\":true,\"valueName\":\"search_term_string\"}}],\"inLanguage\":\"pt-BR\"},{\"@type\":\"Organization\",\"@id\":\"https:\\\/\\\/regiaonews.net.br\\\/2022\\\/#organization\",\"name\":\"Regi\u00e3o News\",\"url\":\"https:\\\/\\\/regiaonews.net.br\\\/2022\\\/\",\"logo\":{\"@type\":\"ImageObject\",\"inLanguage\":\"pt-BR\",\"@id\":\"https:\\\/\\\/regiaonews.net.br\\\/2022\\\/#\\\/schema\\\/logo\\\/image\\\/\",\"url\":\"https:\\\/\\\/regiaonews.net.br\\\/2022\\\/wp-content\\\/uploads\\\/2026\\\/03\\\/regiao-13-anos-scaled.jpg\",\"contentUrl\":\"https:\\\/\\\/regiaonews.net.br\\\/2022\\\/wp-content\\\/uploads\\\/2026\\\/03\\\/regiao-13-anos-scaled.jpg\",\"width\":2560,\"height\":635,\"caption\":\"Regi\u00e3o News\"},\"image\":{\"@id\":\"https:\\\/\\\/regiaonews.net.br\\\/2022\\\/#\\\/schema\\\/logo\\\/image\\\/\"}},{\"@type\":\"Person\",\"@id\":\"https:\\\/\\\/regiaonews.net.br\\\/2022\\\/#\\\/schema\\\/person\\\/2d205a608a5aa97ac279d7a5e6d89ad8\",\"name\":\"Roberto\",\"image\":{\"@type\":\"ImageObject\",\"inLanguage\":\"pt-BR\",\"@id\":\"https:\\\/\\\/secure.gravatar.com\\\/avatar\\\/42749d8b712ff9d59ca93dc150494e5b55a44134482993f5baeb97e61b7ecc89?s=96&d=mm&r=g\",\"url\":\"https:\\\/\\\/secure.gravatar.com\\\/avatar\\\/42749d8b712ff9d59ca93dc150494e5b55a44134482993f5baeb97e61b7ecc89?s=96&d=mm&r=g\",\"contentUrl\":\"https:\\\/\\\/secure.gravatar.com\\\/avatar\\\/42749d8b712ff9d59ca93dc150494e5b55a44134482993f5baeb97e61b7ecc89?s=96&d=mm&r=g\",\"caption\":\"Roberto\"},\"url\":\"https:\\\/\\\/regiaonews.net.br\\\/2022\\\/author\\\/roberto\\\/\"}]}<\/script>\n<!-- \/ Yoast SEO plugin. -->","yoast_head_json":{"title":"Greve do INSS come\u00e7a forte em 11 estados, e servidores da Sa\u00fade e do Trabalho fazem paralisa\u00e7\u00e3o de 48h - Regi\u00e3o News","robots":{"index":"index","follow":"follow","max-snippet":"max-snippet:-1","max-image-preview":"max-image-preview:large","max-video-preview":"max-video-preview:-1"},"canonical":"https:\/\/regiaonews.net.br\/2022\/2024\/07\/19\/greve-do-inss-comeca-forte-em-11-estados-e-servidores-da-saude-e-do-trabalho-fazem-paralisacao-de-48h\/","og_locale":"pt_BR","og_type":"article","og_title":"Greve do INSS come\u00e7a forte em 11 estados, e servidores da Sa\u00fade e do Trabalho fazem paralisa\u00e7\u00e3o de 48h - Regi\u00e3o News","og_description":"&nbsp; Ap\u00f3s in\u00edcio de mobiliza\u00e7\u00e3o, governo marcou negocia\u00e7\u00e3o, mas proposta","og_url":"https:\/\/regiaonews.net.br\/2022\/2024\/07\/19\/greve-do-inss-comeca-forte-em-11-estados-e-servidores-da-saude-e-do-trabalho-fazem-paralisacao-de-48h\/","og_site_name":"Regi\u00e3o News","article_published_time":"2024-07-20T01:36:08+00:00","article_modified_time":"2024-07-20T01:37:47+00:00","og_image":[{"width":1170,"height":530,"url":"https:\/\/regiaonews.net.br\/2022\/wp-content\/uploads\/2024\/07\/1345685bb81a4380dbb6_1170x530_0_0_1_1-1.png","type":"image\/png"}],"author":"Roberto","twitter_card":"summary_large_image","twitter_misc":{"Escrito por":"Roberto","Est. tempo de leitura":"5 minutos"},"schema":{"@context":"https:\/\/schema.org","@graph":[{"@type":"Article","@id":"https:\/\/regiaonews.net.br\/2022\/2024\/07\/19\/greve-do-inss-comeca-forte-em-11-estados-e-servidores-da-saude-e-do-trabalho-fazem-paralisacao-de-48h\/#article","isPartOf":{"@id":"https:\/\/regiaonews.net.br\/2022\/2024\/07\/19\/greve-do-inss-comeca-forte-em-11-estados-e-servidores-da-saude-e-do-trabalho-fazem-paralisacao-de-48h\/"},"author":{"name":"Roberto","@id":"https:\/\/regiaonews.net.br\/2022\/#\/schema\/person\/2d205a608a5aa97ac279d7a5e6d89ad8"},"headline":"Greve do INSS come\u00e7a forte em 11 estados, e servidores da Sa\u00fade e do Trabalho fazem paralisa\u00e7\u00e3o de 48h","datePublished":"2024-07-20T01:36:08+00:00","dateModified":"2024-07-20T01:37:47+00:00","mainEntityOfPage":{"@id":"https:\/\/regiaonews.net.br\/2022\/2024\/07\/19\/greve-do-inss-comeca-forte-em-11-estados-e-servidores-da-saude-e-do-trabalho-fazem-paralisacao-de-48h\/"},"wordCount":786,"commentCount":0,"publisher":{"@id":"https:\/\/regiaonews.net.br\/2022\/#organization"},"image":{"@id":"https:\/\/regiaonews.net.br\/2022\/2024\/07\/19\/greve-do-inss-comeca-forte-em-11-estados-e-servidores-da-saude-e-do-trabalho-fazem-paralisacao-de-48h\/#primaryimage"},"thumbnailUrl":"https:\/\/regiaonews.net.br\/2022\/wp-content\/uploads\/2024\/07\/1345685bb81a4380dbb6_1170x530_0_0_1_1-1.png","articleSection":["Brasil","Cidades"],"inLanguage":"pt-BR","potentialAction":[{"@type":"CommentAction","name":"Comment","target":["https:\/\/regiaonews.net.br\/2022\/2024\/07\/19\/greve-do-inss-comeca-forte-em-11-estados-e-servidores-da-saude-e-do-trabalho-fazem-paralisacao-de-48h\/#respond"]}]},{"@type":"WebPage","@id":"https:\/\/regiaonews.net.br\/2022\/2024\/07\/19\/greve-do-inss-comeca-forte-em-11-estados-e-servidores-da-saude-e-do-trabalho-fazem-paralisacao-de-48h\/","url":"https:\/\/regiaonews.net.br\/2022\/2024\/07\/19\/greve-do-inss-comeca-forte-em-11-estados-e-servidores-da-saude-e-do-trabalho-fazem-paralisacao-de-48h\/","name":"Greve do INSS come\u00e7a forte em 11 estados, e servidores da Sa\u00fade e do Trabalho fazem paralisa\u00e7\u00e3o de 48h - Regi\u00e3o News","isPartOf":{"@id":"https:\/\/regiaonews.net.br\/2022\/#website"},"primaryImageOfPage":{"@id":"https:\/\/regiaonews.net.br\/2022\/2024\/07\/19\/greve-do-inss-comeca-forte-em-11-estados-e-servidores-da-saude-e-do-trabalho-fazem-paralisacao-de-48h\/#primaryimage"},"image":{"@id":"https:\/\/regiaonews.net.br\/2022\/2024\/07\/19\/greve-do-inss-comeca-forte-em-11-estados-e-servidores-da-saude-e-do-trabalho-fazem-paralisacao-de-48h\/#primaryimage"},"thumbnailUrl":"https:\/\/regiaonews.net.br\/2022\/wp-content\/uploads\/2024\/07\/1345685bb81a4380dbb6_1170x530_0_0_1_1-1.png","datePublished":"2024-07-20T01:36:08+00:00","dateModified":"2024-07-20T01:37:47+00:00","breadcrumb":{"@id":"https:\/\/regiaonews.net.br\/2022\/2024\/07\/19\/greve-do-inss-comeca-forte-em-11-estados-e-servidores-da-saude-e-do-trabalho-fazem-paralisacao-de-48h\/#breadcrumb"},"inLanguage":"pt-BR","potentialAction":[{"@type":"ReadAction","target":["https:\/\/regiaonews.net.br\/2022\/2024\/07\/19\/greve-do-inss-comeca-forte-em-11-estados-e-servidores-da-saude-e-do-trabalho-fazem-paralisacao-de-48h\/"]}]},{"@type":"ImageObject","inLanguage":"pt-BR","@id":"https:\/\/regiaonews.net.br\/2022\/2024\/07\/19\/greve-do-inss-comeca-forte-em-11-estados-e-servidores-da-saude-e-do-trabalho-fazem-paralisacao-de-48h\/#primaryimage","url":"https:\/\/regiaonews.net.br\/2022\/wp-content\/uploads\/2024\/07\/1345685bb81a4380dbb6_1170x530_0_0_1_1-1.png","contentUrl":"https:\/\/regiaonews.net.br\/2022\/wp-content\/uploads\/2024\/07\/1345685bb81a4380dbb6_1170x530_0_0_1_1-1.png","width":1170,"height":530},{"@type":"BreadcrumbList","@id":"https:\/\/regiaonews.net.br\/2022\/2024\/07\/19\/greve-do-inss-comeca-forte-em-11-estados-e-servidores-da-saude-e-do-trabalho-fazem-paralisacao-de-48h\/#breadcrumb","itemListElement":[{"@type":"ListItem","position":1,"name":"In\u00edcio","item":"https:\/\/regiaonews.net.br\/2022\/"},{"@type":"ListItem","position":2,"name":"Greve do INSS come\u00e7a forte em 11 estados, e servidores da Sa\u00fade e do Trabalho fazem paralisa\u00e7\u00e3o de 48h"}]},{"@type":"WebSite","@id":"https:\/\/regiaonews.net.br\/2022\/#website","url":"https:\/\/regiaonews.net.br\/2022\/","name":"Regi\u00e3o News","description":"Site de Not\u00edcias de Barretos e regi\u00e3o","publisher":{"@id":"https:\/\/regiaonews.net.br\/2022\/#organization"},"potentialAction":[{"@type":"SearchAction","target":{"@type":"EntryPoint","urlTemplate":"https:\/\/regiaonews.net.br\/2022\/?s={search_term_string}"},"query-input":{"@type":"PropertyValueSpecification","valueRequired":true,"valueName":"search_term_string"}}],"inLanguage":"pt-BR"},{"@type":"Organization","@id":"https:\/\/regiaonews.net.br\/2022\/#organization","name":"Regi\u00e3o News","url":"https:\/\/regiaonews.net.br\/2022\/","logo":{"@type":"ImageObject","inLanguage":"pt-BR","@id":"https:\/\/regiaonews.net.br\/2022\/#\/schema\/logo\/image\/","url":"https:\/\/regiaonews.net.br\/2022\/wp-content\/uploads\/2026\/03\/regiao-13-anos-scaled.jpg","contentUrl":"https:\/\/regiaonews.net.br\/2022\/wp-content\/uploads\/2026\/03\/regiao-13-anos-scaled.jpg","width":2560,"height":635,"caption":"Regi\u00e3o News"},"image":{"@id":"https:\/\/regiaonews.net.br\/2022\/#\/schema\/logo\/image\/"}},{"@type":"Person","@id":"https:\/\/regiaonews.net.br\/2022\/#\/schema\/person\/2d205a608a5aa97ac279d7a5e6d89ad8","name":"Roberto","image":{"@type":"ImageObject","inLanguage":"pt-BR","@id":"https:\/\/secure.gravatar.com\/avatar\/42749d8b712ff9d59ca93dc150494e5b55a44134482993f5baeb97e61b7ecc89?s=96&d=mm&r=g","url":"https:\/\/secure.gravatar.com\/avatar\/42749d8b712ff9d59ca93dc150494e5b55a44134482993f5baeb97e61b7ecc89?s=96&d=mm&r=g","contentUrl":"https:\/\/secure.gravatar.com\/avatar\/42749d8b712ff9d59ca93dc150494e5b55a44134482993f5baeb97e61b7ecc89?s=96&d=mm&r=g","caption":"Roberto"},"url":"https:\/\/regiaonews.net.br\/2022\/author\/roberto\/"}]}},"publishpress_future_action":{"enabled":false,"date":"2026-05-03 04:37:00","action":"change-status","newStatus":"draft","terms":[],"taxonomy":"category","extraData":[]},"publishpress_future_workflow_manual_trigger":{"enabledWorkflows":[]},"_links":{"self":[{"href":"https:\/\/regiaonews.net.br\/2022\/wp-json\/wp\/v2\/posts\/107866","targetHints":{"allow":["GET"]}}],"collection":[{"href":"https:\/\/regiaonews.net.br\/2022\/wp-json\/wp\/v2\/posts"}],"about":[{"href":"https:\/\/regiaonews.net.br\/2022\/wp-json\/wp\/v2\/types\/post"}],"author":[{"embeddable":true,"href":"https:\/\/regiaonews.net.br\/2022\/wp-json\/wp\/v2\/users\/2"}],"replies":[{"embeddable":true,"href":"https:\/\/regiaonews.net.br\/2022\/wp-json\/wp\/v2\/comments?post=107866"}],"version-history":[{"count":1,"href":"https:\/\/regiaonews.net.br\/2022\/wp-json\/wp\/v2\/posts\/107866\/revisions"}],"predecessor-version":[{"id":107867,"href":"https:\/\/regiaonews.net.br\/2022\/wp-json\/wp\/v2\/posts\/107866\/revisions\/107867"}],"wp:featuredmedia":[{"embeddable":true,"href":"https:\/\/regiaonews.net.br\/2022\/wp-json\/wp\/v2\/media\/107868"}],"wp:attachment":[{"href":"https:\/\/regiaonews.net.br\/2022\/wp-json\/wp\/v2\/media?parent=107866"}],"wp:term":[{"taxonomy":"category","embeddable":true,"href":"https:\/\/regiaonews.net.br\/2022\/wp-json\/wp\/v2\/categories?post=107866"},{"taxonomy":"post_tag","embeddable":true,"href":"https:\/\/regiaonews.net.br\/2022\/wp-json\/wp\/v2\/tags?post=107866"}],"curies":[{"name":"wp","href":"https:\/\/api.w.org\/{rel}","templated":true}]}}