{"id":107844,"date":"2024-07-18T19:03:58","date_gmt":"2024-07-18T22:03:58","guid":{"rendered":"https:\/\/regiaonews.net.br\/2022\/?p=107844"},"modified":"2024-07-18T19:03:58","modified_gmt":"2024-07-18T22:03:58","slug":"saae-decreta-racionamento-de-agua-em-periodo-critico-de-estiagem","status":"publish","type":"post","link":"https:\/\/regiaonews.net.br\/2022\/2024\/07\/18\/saae-decreta-racionamento-de-agua-em-periodo-critico-de-estiagem\/","title":{"rendered":"SAAE decreta racionamento de \u00e1gua em per\u00edodo cr\u00edtico de estiagem"},"content":{"rendered":"<p><em>Medida tem vig\u00eancia de 120 dias e pode ser prorrogada conforme a situa\u00e7\u00e3o<\/em><\/p>\n<p>O SAAE decretou medidas para racionar o consumo de \u00e1gua no munic\u00edpio devido ao longo per\u00edodo de estiagem. A decis\u00e3o considera a grave condi\u00e7\u00e3o h\u00eddrica do munic\u00edpio, especialmente com os baixos n\u00edveis do c\u00f3rrego Pitangueiras que abastece a cidade. O superintendente Marcelo Cunha Borges informou que o monitoramento dos mananciais est\u00e1 intensificado desde mar\u00e7o e que uma comiss\u00e3o verifica as condi\u00e7\u00f5es de capta\u00e7\u00e3o. \u201cDependemos 50% da capta\u00e7\u00e3o superficial e a estiagem tem preocupado, estamos quase tr\u00eas meses sem chuvas e se continuar a tend\u00eancia \u00e9 de que os mananciais sofram drasticamente\u201d, disse.<\/p>\n<h2 class=\"wp-block-heading\">Decreto<\/h2>\n<p>O racionamento tem vig\u00eancia de 120 dias, podendo ser prorrogado conforme a situa\u00e7\u00e3o h\u00eddrica. Os mun\u00edcipes devem evitar o desperd\u00edcio ao lavar ruas, cal\u00e7adas, ve\u00edculos motorizados de qualquer esp\u00e9cie em vias p\u00fablicas, garagens de pr\u00e9dios ou resid\u00eancias, com \u00e1gua fornecida pelo SAAE, devendo ser privilegiada a pr\u00e1tica do reuso. Qualquer cidad\u00e3o poder\u00e1 denunciar o uso ou abuso dos recursos h\u00eddricos atrav\u00e9s da Ouvidoria pelos telefones e WhatsApp (17) 3321-5300 ou 0800-772-5300 ou e-mail\u00a0<a href=\"mailto:ouvidoria@saaeb.com.br\">ouvidoria@saaeb.com.br<\/a>.<\/p>\n<h2 class=\"wp-block-heading\">San\u00e7\u00f5es<\/h2>\n<p>A 1\u00aa infra\u00e7\u00e3o acarretar\u00e1 em notifica\u00e7\u00e3o para regularizar a situa\u00e7\u00e3o em 24 horas. Na 2\u00aa infra\u00e7\u00e3o, o mun\u00edcipe ser\u00e1 multado em 10 UFESPs (R$ 353,60) e na 3\u00aa infra\u00e7\u00e3o a multa ser\u00e1 de 45 UFESPs (R$ 1.591,20) e o dobro do valor em caso de reincid\u00eancia.<\/p>\n<h2 class=\"wp-block-heading\">Situa\u00e7\u00e3o<\/h2>\n<p>Conforme os dados, Barretos teve 50 dias de chuva de janeiro a junho. Em maio, a m\u00e9dia prevista era de 47,4 mil\u00edmetros, mas em tr\u00eas dias de chuva o acumulado ficou em 17,6 mil\u00edmetros. A previs\u00e3o de junho eram 21,3 mil\u00edmetros, no entanto n\u00e3o choveu nenhum dia. Julho tamb\u00e9m caminha para a mesma situa\u00e7\u00e3o tendo 13,5 mil\u00edmetros previstos e escassez de chuvas.<\/p>\n<h2 class=\"wp-block-heading\">Colabora\u00e7\u00e3o<\/h2>\n<p>O superintendente Marcelo Cunha Borges solicita apoio da popula\u00e7\u00e3o. \u201cPedimos para que evitem desperd\u00edcio reduzindo o tempo do banho, ao lavar as m\u00e3os e escovar os dentes procurar fechar as torneiras e n\u00e3o lavar cal\u00e7adas, medidas que auxiliam toda a cidade\u201d, finalizou.<\/p>\n","protected":false},"excerpt":{"rendered":"<p>Medida tem vig\u00eancia de 120 dias e pode ser prorrogada<\/p>\n","protected":false},"author":2,"featured_media":43342,"comment_status":"open","ping_status":"open","sticky":false,"template":"","format":"standard","meta":{"footnotes":""},"categories":[14,25],"tags":[],"class_list":["post-107844","post","type-post","status-publish","format-standard","has-post-thumbnail","hentry","category-barretos","category-cidades"],"yoast_head":"<!-- This site is optimized with the Yoast SEO plugin v27.4 - https:\/\/yoast.com\/product\/yoast-seo-wordpress\/ -->\n<title>SAAE decreta racionamento de \u00e1gua em per\u00edodo cr\u00edtico de estiagem - Regi\u00e3o News<\/title>\n<meta name=\"robots\" content=\"index, follow, max-snippet:-1, max-image-preview:large, max-video-preview:-1\" \/>\n<link rel=\"canonical\" href=\"https:\/\/regiaonews.net.br\/2022\/2024\/07\/18\/saae-decreta-racionamento-de-agua-em-periodo-critico-de-estiagem\/\" \/>\n<meta property=\"og:locale\" content=\"pt_BR\" \/>\n<meta property=\"og:type\" content=\"article\" \/>\n<meta property=\"og:title\" content=\"SAAE decreta racionamento de \u00e1gua em per\u00edodo cr\u00edtico de estiagem - Regi\u00e3o News\" \/>\n<meta property=\"og:description\" content=\"Medida tem vig\u00eancia de 120 dias e pode ser prorrogada\" \/>\n<meta property=\"og:url\" content=\"https:\/\/regiaonews.net.br\/2022\/2024\/07\/18\/saae-decreta-racionamento-de-agua-em-periodo-critico-de-estiagem\/\" \/>\n<meta property=\"og:site_name\" content=\"Regi\u00e3o News\" \/>\n<meta property=\"article:published_time\" content=\"2024-07-18T22:03:58+00:00\" \/>\n<meta property=\"og:image\" content=\"https:\/\/regiaonews.net.br\/2022\/wp-content\/uploads\/2021\/02\/caminhao-SAAE.jpg\" \/>\n\t<meta property=\"og:image:width\" content=\"922\" \/>\n\t<meta property=\"og:image:height\" content=\"641\" \/>\n\t<meta property=\"og:image:type\" content=\"image\/jpeg\" \/>\n<meta name=\"author\" content=\"Roberto\" \/>\n<meta name=\"twitter:card\" content=\"summary_large_image\" \/>\n<meta name=\"twitter:label1\" content=\"Escrito por\" \/>\n\t<meta name=\"twitter:data1\" content=\"Roberto\" \/>\n\t<meta name=\"twitter:label2\" content=\"Est. tempo de leitura\" \/>\n\t<meta name=\"twitter:data2\" content=\"3 minutos\" \/>\n<script type=\"application\/ld+json\" class=\"yoast-schema-graph\">{\"@context\":\"https:\\\/\\\/schema.org\",\"@graph\":[{\"@type\":\"Article\",\"@id\":\"https:\\\/\\\/regiaonews.net.br\\\/2022\\\/2024\\\/07\\\/18\\\/saae-decreta-racionamento-de-agua-em-periodo-critico-de-estiagem\\\/#article\",\"isPartOf\":{\"@id\":\"https:\\\/\\\/regiaonews.net.br\\\/2022\\\/2024\\\/07\\\/18\\\/saae-decreta-racionamento-de-agua-em-periodo-critico-de-estiagem\\\/\"},\"author\":{\"name\":\"Roberto\",\"@id\":\"https:\\\/\\\/regiaonews.net.br\\\/2022\\\/#\\\/schema\\\/person\\\/2d205a608a5aa97ac279d7a5e6d89ad8\"},\"headline\":\"SAAE decreta racionamento de \u00e1gua em per\u00edodo cr\u00edtico de estiagem\",\"datePublished\":\"2024-07-18T22:03:58+00:00\",\"mainEntityOfPage\":{\"@id\":\"https:\\\/\\\/regiaonews.net.br\\\/2022\\\/2024\\\/07\\\/18\\\/saae-decreta-racionamento-de-agua-em-periodo-critico-de-estiagem\\\/\"},\"wordCount\":388,\"commentCount\":0,\"publisher\":{\"@id\":\"https:\\\/\\\/regiaonews.net.br\\\/2022\\\/#organization\"},\"image\":{\"@id\":\"https:\\\/\\\/regiaonews.net.br\\\/2022\\\/2024\\\/07\\\/18\\\/saae-decreta-racionamento-de-agua-em-periodo-critico-de-estiagem\\\/#primaryimage\"},\"thumbnailUrl\":\"https:\\\/\\\/regiaonews.net.br\\\/2022\\\/wp-content\\\/uploads\\\/2021\\\/02\\\/caminhao-SAAE.jpg\",\"articleSection\":[\"Barretos\",\"Cidades\"],\"inLanguage\":\"pt-BR\",\"potentialAction\":[{\"@type\":\"CommentAction\",\"name\":\"Comment\",\"target\":[\"https:\\\/\\\/regiaonews.net.br\\\/2022\\\/2024\\\/07\\\/18\\\/saae-decreta-racionamento-de-agua-em-periodo-critico-de-estiagem\\\/#respond\"]}]},{\"@type\":\"WebPage\",\"@id\":\"https:\\\/\\\/regiaonews.net.br\\\/2022\\\/2024\\\/07\\\/18\\\/saae-decreta-racionamento-de-agua-em-periodo-critico-de-estiagem\\\/\",\"url\":\"https:\\\/\\\/regiaonews.net.br\\\/2022\\\/2024\\\/07\\\/18\\\/saae-decreta-racionamento-de-agua-em-periodo-critico-de-estiagem\\\/\",\"name\":\"SAAE decreta racionamento de \u00e1gua em per\u00edodo cr\u00edtico de estiagem - Regi\u00e3o News\",\"isPartOf\":{\"@id\":\"https:\\\/\\\/regiaonews.net.br\\\/2022\\\/#website\"},\"primaryImageOfPage\":{\"@id\":\"https:\\\/\\\/regiaonews.net.br\\\/2022\\\/2024\\\/07\\\/18\\\/saae-decreta-racionamento-de-agua-em-periodo-critico-de-estiagem\\\/#primaryimage\"},\"image\":{\"@id\":\"https:\\\/\\\/regiaonews.net.br\\\/2022\\\/2024\\\/07\\\/18\\\/saae-decreta-racionamento-de-agua-em-periodo-critico-de-estiagem\\\/#primaryimage\"},\"thumbnailUrl\":\"https:\\\/\\\/regiaonews.net.br\\\/2022\\\/wp-content\\\/uploads\\\/2021\\\/02\\\/caminhao-SAAE.jpg\",\"datePublished\":\"2024-07-18T22:03:58+00:00\",\"breadcrumb\":{\"@id\":\"https:\\\/\\\/regiaonews.net.br\\\/2022\\\/2024\\\/07\\\/18\\\/saae-decreta-racionamento-de-agua-em-periodo-critico-de-estiagem\\\/#breadcrumb\"},\"inLanguage\":\"pt-BR\",\"potentialAction\":[{\"@type\":\"ReadAction\",\"target\":[\"https:\\\/\\\/regiaonews.net.br\\\/2022\\\/2024\\\/07\\\/18\\\/saae-decreta-racionamento-de-agua-em-periodo-critico-de-estiagem\\\/\"]}]},{\"@type\":\"ImageObject\",\"inLanguage\":\"pt-BR\",\"@id\":\"https:\\\/\\\/regiaonews.net.br\\\/2022\\\/2024\\\/07\\\/18\\\/saae-decreta-racionamento-de-agua-em-periodo-critico-de-estiagem\\\/#primaryimage\",\"url\":\"https:\\\/\\\/regiaonews.net.br\\\/2022\\\/wp-content\\\/uploads\\\/2021\\\/02\\\/caminhao-SAAE.jpg\",\"contentUrl\":\"https:\\\/\\\/regiaonews.net.br\\\/2022\\\/wp-content\\\/uploads\\\/2021\\\/02\\\/caminhao-SAAE.jpg\",\"width\":922,\"height\":641},{\"@type\":\"BreadcrumbList\",\"@id\":\"https:\\\/\\\/regiaonews.net.br\\\/2022\\\/2024\\\/07\\\/18\\\/saae-decreta-racionamento-de-agua-em-periodo-critico-de-estiagem\\\/#breadcrumb\",\"itemListElement\":[{\"@type\":\"ListItem\",\"position\":1,\"name\":\"In\u00edcio\",\"item\":\"https:\\\/\\\/regiaonews.net.br\\\/2022\\\/\"},{\"@type\":\"ListItem\",\"position\":2,\"name\":\"SAAE decreta racionamento de \u00e1gua em per\u00edodo cr\u00edtico de estiagem\"}]},{\"@type\":\"WebSite\",\"@id\":\"https:\\\/\\\/regiaonews.net.br\\\/2022\\\/#website\",\"url\":\"https:\\\/\\\/regiaonews.net.br\\\/2022\\\/\",\"name\":\"Regi\u00e3o News\",\"description\":\"Site de Not\u00edcias de Barretos e regi\u00e3o\",\"publisher\":{\"@id\":\"https:\\\/\\\/regiaonews.net.br\\\/2022\\\/#organization\"},\"potentialAction\":[{\"@type\":\"SearchAction\",\"target\":{\"@type\":\"EntryPoint\",\"urlTemplate\":\"https:\\\/\\\/regiaonews.net.br\\\/2022\\\/?s={search_term_string}\"},\"query-input\":{\"@type\":\"PropertyValueSpecification\",\"valueRequired\":true,\"valueName\":\"search_term_string\"}}],\"inLanguage\":\"pt-BR\"},{\"@type\":\"Organization\",\"@id\":\"https:\\\/\\\/regiaonews.net.br\\\/2022\\\/#organization\",\"name\":\"Regi\u00e3o News\",\"url\":\"https:\\\/\\\/regiaonews.net.br\\\/2022\\\/\",\"logo\":{\"@type\":\"ImageObject\",\"inLanguage\":\"pt-BR\",\"@id\":\"https:\\\/\\\/regiaonews.net.br\\\/2022\\\/#\\\/schema\\\/logo\\\/image\\\/\",\"url\":\"https:\\\/\\\/regiaonews.net.br\\\/2022\\\/wp-content\\\/uploads\\\/2026\\\/03\\\/regiao-13-anos-scaled.jpg\",\"contentUrl\":\"https:\\\/\\\/regiaonews.net.br\\\/2022\\\/wp-content\\\/uploads\\\/2026\\\/03\\\/regiao-13-anos-scaled.jpg\",\"width\":2560,\"height\":635,\"caption\":\"Regi\u00e3o News\"},\"image\":{\"@id\":\"https:\\\/\\\/regiaonews.net.br\\\/2022\\\/#\\\/schema\\\/logo\\\/image\\\/\"}},{\"@type\":\"Person\",\"@id\":\"https:\\\/\\\/regiaonews.net.br\\\/2022\\\/#\\\/schema\\\/person\\\/2d205a608a5aa97ac279d7a5e6d89ad8\",\"name\":\"Roberto\",\"image\":{\"@type\":\"ImageObject\",\"inLanguage\":\"pt-BR\",\"@id\":\"https:\\\/\\\/secure.gravatar.com\\\/avatar\\\/42749d8b712ff9d59ca93dc150494e5b55a44134482993f5baeb97e61b7ecc89?s=96&d=mm&r=g\",\"url\":\"https:\\\/\\\/secure.gravatar.com\\\/avatar\\\/42749d8b712ff9d59ca93dc150494e5b55a44134482993f5baeb97e61b7ecc89?s=96&d=mm&r=g\",\"contentUrl\":\"https:\\\/\\\/secure.gravatar.com\\\/avatar\\\/42749d8b712ff9d59ca93dc150494e5b55a44134482993f5baeb97e61b7ecc89?s=96&d=mm&r=g\",\"caption\":\"Roberto\"},\"url\":\"https:\\\/\\\/regiaonews.net.br\\\/2022\\\/author\\\/roberto\\\/\"}]}<\/script>\n<!-- \/ Yoast SEO plugin. -->","yoast_head_json":{"title":"SAAE decreta racionamento de \u00e1gua em per\u00edodo cr\u00edtico de estiagem - Regi\u00e3o News","robots":{"index":"index","follow":"follow","max-snippet":"max-snippet:-1","max-image-preview":"max-image-preview:large","max-video-preview":"max-video-preview:-1"},"canonical":"https:\/\/regiaonews.net.br\/2022\/2024\/07\/18\/saae-decreta-racionamento-de-agua-em-periodo-critico-de-estiagem\/","og_locale":"pt_BR","og_type":"article","og_title":"SAAE decreta racionamento de \u00e1gua em per\u00edodo cr\u00edtico de estiagem - Regi\u00e3o News","og_description":"Medida tem vig\u00eancia de 120 dias e pode ser prorrogada","og_url":"https:\/\/regiaonews.net.br\/2022\/2024\/07\/18\/saae-decreta-racionamento-de-agua-em-periodo-critico-de-estiagem\/","og_site_name":"Regi\u00e3o News","article_published_time":"2024-07-18T22:03:58+00:00","og_image":[{"width":922,"height":641,"url":"https:\/\/regiaonews.net.br\/2022\/wp-content\/uploads\/2021\/02\/caminhao-SAAE.jpg","type":"image\/jpeg"}],"author":"Roberto","twitter_card":"summary_large_image","twitter_misc":{"Escrito por":"Roberto","Est. tempo de leitura":"3 minutos"},"schema":{"@context":"https:\/\/schema.org","@graph":[{"@type":"Article","@id":"https:\/\/regiaonews.net.br\/2022\/2024\/07\/18\/saae-decreta-racionamento-de-agua-em-periodo-critico-de-estiagem\/#article","isPartOf":{"@id":"https:\/\/regiaonews.net.br\/2022\/2024\/07\/18\/saae-decreta-racionamento-de-agua-em-periodo-critico-de-estiagem\/"},"author":{"name":"Roberto","@id":"https:\/\/regiaonews.net.br\/2022\/#\/schema\/person\/2d205a608a5aa97ac279d7a5e6d89ad8"},"headline":"SAAE decreta racionamento de \u00e1gua em per\u00edodo cr\u00edtico de estiagem","datePublished":"2024-07-18T22:03:58+00:00","mainEntityOfPage":{"@id":"https:\/\/regiaonews.net.br\/2022\/2024\/07\/18\/saae-decreta-racionamento-de-agua-em-periodo-critico-de-estiagem\/"},"wordCount":388,"commentCount":0,"publisher":{"@id":"https:\/\/regiaonews.net.br\/2022\/#organization"},"image":{"@id":"https:\/\/regiaonews.net.br\/2022\/2024\/07\/18\/saae-decreta-racionamento-de-agua-em-periodo-critico-de-estiagem\/#primaryimage"},"thumbnailUrl":"https:\/\/regiaonews.net.br\/2022\/wp-content\/uploads\/2021\/02\/caminhao-SAAE.jpg","articleSection":["Barretos","Cidades"],"inLanguage":"pt-BR","potentialAction":[{"@type":"CommentAction","name":"Comment","target":["https:\/\/regiaonews.net.br\/2022\/2024\/07\/18\/saae-decreta-racionamento-de-agua-em-periodo-critico-de-estiagem\/#respond"]}]},{"@type":"WebPage","@id":"https:\/\/regiaonews.net.br\/2022\/2024\/07\/18\/saae-decreta-racionamento-de-agua-em-periodo-critico-de-estiagem\/","url":"https:\/\/regiaonews.net.br\/2022\/2024\/07\/18\/saae-decreta-racionamento-de-agua-em-periodo-critico-de-estiagem\/","name":"SAAE decreta racionamento de \u00e1gua em per\u00edodo cr\u00edtico de estiagem - Regi\u00e3o News","isPartOf":{"@id":"https:\/\/regiaonews.net.br\/2022\/#website"},"primaryImageOfPage":{"@id":"https:\/\/regiaonews.net.br\/2022\/2024\/07\/18\/saae-decreta-racionamento-de-agua-em-periodo-critico-de-estiagem\/#primaryimage"},"image":{"@id":"https:\/\/regiaonews.net.br\/2022\/2024\/07\/18\/saae-decreta-racionamento-de-agua-em-periodo-critico-de-estiagem\/#primaryimage"},"thumbnailUrl":"https:\/\/regiaonews.net.br\/2022\/wp-content\/uploads\/2021\/02\/caminhao-SAAE.jpg","datePublished":"2024-07-18T22:03:58+00:00","breadcrumb":{"@id":"https:\/\/regiaonews.net.br\/2022\/2024\/07\/18\/saae-decreta-racionamento-de-agua-em-periodo-critico-de-estiagem\/#breadcrumb"},"inLanguage":"pt-BR","potentialAction":[{"@type":"ReadAction","target":["https:\/\/regiaonews.net.br\/2022\/2024\/07\/18\/saae-decreta-racionamento-de-agua-em-periodo-critico-de-estiagem\/"]}]},{"@type":"ImageObject","inLanguage":"pt-BR","@id":"https:\/\/regiaonews.net.br\/2022\/2024\/07\/18\/saae-decreta-racionamento-de-agua-em-periodo-critico-de-estiagem\/#primaryimage","url":"https:\/\/regiaonews.net.br\/2022\/wp-content\/uploads\/2021\/02\/caminhao-SAAE.jpg","contentUrl":"https:\/\/regiaonews.net.br\/2022\/wp-content\/uploads\/2021\/02\/caminhao-SAAE.jpg","width":922,"height":641},{"@type":"BreadcrumbList","@id":"https:\/\/regiaonews.net.br\/2022\/2024\/07\/18\/saae-decreta-racionamento-de-agua-em-periodo-critico-de-estiagem\/#breadcrumb","itemListElement":[{"@type":"ListItem","position":1,"name":"In\u00edcio","item":"https:\/\/regiaonews.net.br\/2022\/"},{"@type":"ListItem","position":2,"name":"SAAE decreta racionamento de \u00e1gua em per\u00edodo cr\u00edtico de estiagem"}]},{"@type":"WebSite","@id":"https:\/\/regiaonews.net.br\/2022\/#website","url":"https:\/\/regiaonews.net.br\/2022\/","name":"Regi\u00e3o News","description":"Site de Not\u00edcias de Barretos e regi\u00e3o","publisher":{"@id":"https:\/\/regiaonews.net.br\/2022\/#organization"},"potentialAction":[{"@type":"SearchAction","target":{"@type":"EntryPoint","urlTemplate":"https:\/\/regiaonews.net.br\/2022\/?s={search_term_string}"},"query-input":{"@type":"PropertyValueSpecification","valueRequired":true,"valueName":"search_term_string"}}],"inLanguage":"pt-BR"},{"@type":"Organization","@id":"https:\/\/regiaonews.net.br\/2022\/#organization","name":"Regi\u00e3o News","url":"https:\/\/regiaonews.net.br\/2022\/","logo":{"@type":"ImageObject","inLanguage":"pt-BR","@id":"https:\/\/regiaonews.net.br\/2022\/#\/schema\/logo\/image\/","url":"https:\/\/regiaonews.net.br\/2022\/wp-content\/uploads\/2026\/03\/regiao-13-anos-scaled.jpg","contentUrl":"https:\/\/regiaonews.net.br\/2022\/wp-content\/uploads\/2026\/03\/regiao-13-anos-scaled.jpg","width":2560,"height":635,"caption":"Regi\u00e3o News"},"image":{"@id":"https:\/\/regiaonews.net.br\/2022\/#\/schema\/logo\/image\/"}},{"@type":"Person","@id":"https:\/\/regiaonews.net.br\/2022\/#\/schema\/person\/2d205a608a5aa97ac279d7a5e6d89ad8","name":"Roberto","image":{"@type":"ImageObject","inLanguage":"pt-BR","@id":"https:\/\/secure.gravatar.com\/avatar\/42749d8b712ff9d59ca93dc150494e5b55a44134482993f5baeb97e61b7ecc89?s=96&d=mm&r=g","url":"https:\/\/secure.gravatar.com\/avatar\/42749d8b712ff9d59ca93dc150494e5b55a44134482993f5baeb97e61b7ecc89?s=96&d=mm&r=g","contentUrl":"https:\/\/secure.gravatar.com\/avatar\/42749d8b712ff9d59ca93dc150494e5b55a44134482993f5baeb97e61b7ecc89?s=96&d=mm&r=g","caption":"Roberto"},"url":"https:\/\/regiaonews.net.br\/2022\/author\/roberto\/"}]}},"publishpress_future_action":{"enabled":false,"date":"2026-05-03 08:39:12","action":"change-status","newStatus":"draft","terms":[],"taxonomy":"category","extraData":[]},"publishpress_future_workflow_manual_trigger":{"enabledWorkflows":[]},"_links":{"self":[{"href":"https:\/\/regiaonews.net.br\/2022\/wp-json\/wp\/v2\/posts\/107844","targetHints":{"allow":["GET"]}}],"collection":[{"href":"https:\/\/regiaonews.net.br\/2022\/wp-json\/wp\/v2\/posts"}],"about":[{"href":"https:\/\/regiaonews.net.br\/2022\/wp-json\/wp\/v2\/types\/post"}],"author":[{"embeddable":true,"href":"https:\/\/regiaonews.net.br\/2022\/wp-json\/wp\/v2\/users\/2"}],"replies":[{"embeddable":true,"href":"https:\/\/regiaonews.net.br\/2022\/wp-json\/wp\/v2\/comments?post=107844"}],"version-history":[{"count":1,"href":"https:\/\/regiaonews.net.br\/2022\/wp-json\/wp\/v2\/posts\/107844\/revisions"}],"predecessor-version":[{"id":107845,"href":"https:\/\/regiaonews.net.br\/2022\/wp-json\/wp\/v2\/posts\/107844\/revisions\/107845"}],"wp:featuredmedia":[{"embeddable":true,"href":"https:\/\/regiaonews.net.br\/2022\/wp-json\/wp\/v2\/media\/43342"}],"wp:attachment":[{"href":"https:\/\/regiaonews.net.br\/2022\/wp-json\/wp\/v2\/media?parent=107844"}],"wp:term":[{"taxonomy":"category","embeddable":true,"href":"https:\/\/regiaonews.net.br\/2022\/wp-json\/wp\/v2\/categories?post=107844"},{"taxonomy":"post_tag","embeddable":true,"href":"https:\/\/regiaonews.net.br\/2022\/wp-json\/wp\/v2\/tags?post=107844"}],"curies":[{"name":"wp","href":"https:\/\/api.w.org\/{rel}","templated":true}]}}