{"id":107834,"date":"2024-07-18T18:51:20","date_gmt":"2024-07-18T21:51:20","guid":{"rendered":"https:\/\/regiaonews.net.br\/2022\/?p=107834"},"modified":"2024-07-18T18:52:37","modified_gmt":"2024-07-18T21:52:37","slug":"unifeb-doa-1-350-kits-de-higiene-bucal-infantil-para-projeto-social-promovido-na-reserva-indigena-xakriaba-no-norte-de-minas-gerais","status":"publish","type":"post","link":"https:\/\/regiaonews.net.br\/2022\/2024\/07\/18\/unifeb-doa-1-350-kits-de-higiene-bucal-infantil-para-projeto-social-promovido-na-reserva-indigena-xakriaba-no-norte-de-minas-gerais\/","title":{"rendered":"UNIFEB doa 1.350 kits de higiene bucal infantil para projeto social promovido na Reserva Ind\u00edgena Xakriab\u00e1 no norte de Minas Gerais"},"content":{"rendered":"<p>&nbsp;<\/p>\n<p>&nbsp;<\/p>\n<p>A a\u00e7\u00e3o organizada pelo Projeto Maloca contou com o voluntariado de cirurgi\u00f5es-dentistas formados pelo Centro Universit\u00e1rio e tamb\u00e9m da gestora da Cl\u00ednica Odontol\u00f3gica da institui\u00e7\u00e3o<\/p>\n<p>&nbsp;<\/p>\n<p>O UNIFEB (Centro Universit\u00e1rio da Funda\u00e7\u00e3o Educacional de Barretos) atuou em mais um projeto de extens\u00e3o, desta vez doando produtos de higiene bucal infantil e participando de atendimentos odontol\u00f3gicos na Reserva Ind\u00edgena Xakriab\u00e1, localizada no munic\u00edpio de S\u00e3o Jo\u00e3o das Miss\u00f5es, no norte de Minas Gerais. Na regi\u00e3o vivem mais de 11 mil ind\u00edgenas em 35 aldeias e a equipe ficou instalada na Escola Ind\u00edgena Xakriab\u00e1 no Brejo Mata Fome, que tem como cacique Domingos Xakriab\u00e1. A a\u00e7\u00e3o foi desenvolvida entre os \u00faltimos dias 6 e 14 de julho.<\/p>\n<p>O Projeto Maloca \u00e9 organizado pelo PAP (Projeto de Assist\u00eancia \u00e0 Popula\u00e7\u00e3o), Organiza\u00e7\u00e3o N\u00e3o Governamental e sem fins lucrativos, com sede em Barretos e administrada por alunos da FACISB (Faculdade de Ci\u00eancias da Sa\u00fade de Barretos) Dr. Paulo Prata.<\/p>\n<p>Ao todo, o UNIFEB doou 1.350 kits Sr. Dentu\u00e7o, que contam com produtos de higiene bucal infantil. Os atendimentos odontol\u00f3gicos foram realizados por uma equipe composta tamb\u00e9m por cirurgi\u00f5es-dentistas formados pelo Centro Universit\u00e1rio, com a apoio da Cl\u00ednica Odontol\u00f3gica da institui\u00e7\u00e3o.<\/p>\n<p>De acordo com a gestora da Cl\u00ednica Odontol\u00f3gica do UNIFEB, Cristiane Ferreira, que foi volunt\u00e1ria do projeto e atuou como prot\u00e9tica nos atendimentos, foram realizados 386 procedimentos odontol\u00f3gicos. \u201cMais de 80 volunt\u00e1rios participaram da a\u00e7\u00e3o e realizaram 2.345 atendimentos em diversas especialidades m\u00e9dicas e odontol\u00f3gicas, al\u00e9m de procedimentos de les\u00f5es cut\u00e2neas e bi\u00f3psia de pele, inser\u00e7\u00e3o de dispositivos intrauterinos (DIUS), doa\u00e7\u00f5es de \u00f3culos e lentes de grau, entre outros\u201d, destacou. A equipe de cirurgi\u00f5es-dentistas egressos do UNIFEB que participou do projeto foi composta por Alan Testa, Jhonatan Melani, Joana Darc S. Oliveira e Iasmin Bueno.<\/p>\n<p>Cristiane explica que os atendimentos foram realizados na UBS da aldeia utilizando um ve\u00edculo Van da Brasil Sorridente, al\u00e9m das visitas em domic\u00edlio para aqueles que n\u00e3o tinham condi\u00e7\u00f5es de locomo\u00e7\u00e3o. \u201cFoi uma experi\u00eancia inesquec\u00edvel contribuir e ajudar neste projeto t\u00e3o necess\u00e1rio. Tenho certeza que cada um deixou um pouco de si no territ\u00f3rio ind\u00edgena, pois vi doa\u00e7\u00e3o total de todos da equipe, uma entrega de carinho, compreens\u00e3o e ajuda ao pr\u00f3ximo. Levamos conosco a certeza de que se cada um fizer um pouquinho que seja, tornamos nosso planeta um lugar melhor para viver. Na aldeia me senti realizada como profissional e, principalmente, como ser humano\u201d, enfatizou.<\/p>\n<p>Para o Reitor do UNIFEB, Prof. Dr. Angelo Davis, contribuir com projetos como este \u00e9 exercer a fun\u00e7\u00e3o de responsabilidade social que toda institui\u00e7\u00e3o de ensino deve prezar. \u201cContamos com diversos projetos de extens\u00e3o em apoio \u00e0 comunidade e a Cl\u00ednica Odontol\u00f3gica desenvolve um trabalho incr\u00edvel h\u00e1 muitos anos em nossa cidade e regi\u00e3o. Ampliar nossa atua\u00e7\u00e3o para \u00e1reas mais distantes, principalmente para popula\u00e7\u00f5es com dificuldade de acesso a esses servi\u00e7os, nos prova como nosso papel social \u00e9 importante\u201d, finalizou.<\/p>\n","protected":false},"excerpt":{"rendered":"<p>&nbsp; &nbsp; A a\u00e7\u00e3o organizada pelo Projeto Maloca contou com<\/p>\n","protected":false},"author":2,"featured_media":107835,"comment_status":"open","ping_status":"open","sticky":false,"template":"","format":"standard","meta":{"footnotes":""},"categories":[14,25],"tags":[],"class_list":["post-107834","post","type-post","status-publish","format-standard","has-post-thumbnail","hentry","category-barretos","category-cidades"],"yoast_head":"<!-- This site is optimized with the Yoast SEO plugin v27.4 - https:\/\/yoast.com\/product\/yoast-seo-wordpress\/ -->\n<title>UNIFEB doa 1.350 kits de higiene bucal infantil para projeto social promovido na Reserva Ind\u00edgena Xakriab\u00e1 no norte de Minas Gerais - Regi\u00e3o News<\/title>\n<meta name=\"robots\" content=\"index, follow, max-snippet:-1, max-image-preview:large, max-video-preview:-1\" \/>\n<link rel=\"canonical\" href=\"https:\/\/regiaonews.net.br\/2022\/2024\/07\/18\/unifeb-doa-1-350-kits-de-higiene-bucal-infantil-para-projeto-social-promovido-na-reserva-indigena-xakriaba-no-norte-de-minas-gerais\/\" \/>\n<meta property=\"og:locale\" content=\"pt_BR\" \/>\n<meta property=\"og:type\" content=\"article\" \/>\n<meta property=\"og:title\" content=\"UNIFEB doa 1.350 kits de higiene bucal infantil para projeto social promovido na Reserva Ind\u00edgena Xakriab\u00e1 no norte de Minas Gerais - Regi\u00e3o News\" \/>\n<meta property=\"og:description\" content=\"&nbsp; &nbsp; A a\u00e7\u00e3o organizada pelo Projeto Maloca contou com\" \/>\n<meta property=\"og:url\" content=\"https:\/\/regiaonews.net.br\/2022\/2024\/07\/18\/unifeb-doa-1-350-kits-de-higiene-bucal-infantil-para-projeto-social-promovido-na-reserva-indigena-xakriaba-no-norte-de-minas-gerais\/\" \/>\n<meta property=\"og:site_name\" content=\"Regi\u00e3o News\" \/>\n<meta property=\"article:published_time\" content=\"2024-07-18T21:51:20+00:00\" \/>\n<meta property=\"article:modified_time\" content=\"2024-07-18T21:52:37+00:00\" \/>\n<meta property=\"og:image\" content=\"https:\/\/regiaonews.net.br\/2022\/wp-content\/uploads\/2024\/07\/WhatsApp-Image-2024-07-18-at-16.43.39.jpeg\" \/>\n\t<meta property=\"og:image:width\" content=\"1600\" \/>\n\t<meta property=\"og:image:height\" content=\"1200\" \/>\n\t<meta property=\"og:image:type\" content=\"image\/jpeg\" \/>\n<meta name=\"author\" content=\"Roberto\" \/>\n<meta name=\"twitter:card\" content=\"summary_large_image\" \/>\n<meta name=\"twitter:label1\" content=\"Escrito por\" \/>\n\t<meta name=\"twitter:data1\" content=\"Roberto\" \/>\n\t<meta name=\"twitter:label2\" content=\"Est. tempo de leitura\" \/>\n\t<meta name=\"twitter:data2\" content=\"3 minutos\" \/>\n<script type=\"application\/ld+json\" class=\"yoast-schema-graph\">{\"@context\":\"https:\\\/\\\/schema.org\",\"@graph\":[{\"@type\":\"Article\",\"@id\":\"https:\\\/\\\/regiaonews.net.br\\\/2022\\\/2024\\\/07\\\/18\\\/unifeb-doa-1-350-kits-de-higiene-bucal-infantil-para-projeto-social-promovido-na-reserva-indigena-xakriaba-no-norte-de-minas-gerais\\\/#article\",\"isPartOf\":{\"@id\":\"https:\\\/\\\/regiaonews.net.br\\\/2022\\\/2024\\\/07\\\/18\\\/unifeb-doa-1-350-kits-de-higiene-bucal-infantil-para-projeto-social-promovido-na-reserva-indigena-xakriaba-no-norte-de-minas-gerais\\\/\"},\"author\":{\"name\":\"Roberto\",\"@id\":\"https:\\\/\\\/regiaonews.net.br\\\/2022\\\/#\\\/schema\\\/person\\\/2d205a608a5aa97ac279d7a5e6d89ad8\"},\"headline\":\"UNIFEB doa 1.350 kits de higiene bucal infantil para projeto social promovido na Reserva Ind\u00edgena Xakriab\u00e1 no norte de Minas Gerais\",\"datePublished\":\"2024-07-18T21:51:20+00:00\",\"dateModified\":\"2024-07-18T21:52:37+00:00\",\"mainEntityOfPage\":{\"@id\":\"https:\\\/\\\/regiaonews.net.br\\\/2022\\\/2024\\\/07\\\/18\\\/unifeb-doa-1-350-kits-de-higiene-bucal-infantil-para-projeto-social-promovido-na-reserva-indigena-xakriaba-no-norte-de-minas-gerais\\\/\"},\"wordCount\":562,\"commentCount\":0,\"publisher\":{\"@id\":\"https:\\\/\\\/regiaonews.net.br\\\/2022\\\/#organization\"},\"image\":{\"@id\":\"https:\\\/\\\/regiaonews.net.br\\\/2022\\\/2024\\\/07\\\/18\\\/unifeb-doa-1-350-kits-de-higiene-bucal-infantil-para-projeto-social-promovido-na-reserva-indigena-xakriaba-no-norte-de-minas-gerais\\\/#primaryimage\"},\"thumbnailUrl\":\"https:\\\/\\\/regiaonews.net.br\\\/2022\\\/wp-content\\\/uploads\\\/2024\\\/07\\\/WhatsApp-Image-2024-07-18-at-16.43.39.jpeg\",\"articleSection\":[\"Barretos\",\"Cidades\"],\"inLanguage\":\"pt-BR\",\"potentialAction\":[{\"@type\":\"CommentAction\",\"name\":\"Comment\",\"target\":[\"https:\\\/\\\/regiaonews.net.br\\\/2022\\\/2024\\\/07\\\/18\\\/unifeb-doa-1-350-kits-de-higiene-bucal-infantil-para-projeto-social-promovido-na-reserva-indigena-xakriaba-no-norte-de-minas-gerais\\\/#respond\"]}]},{\"@type\":\"WebPage\",\"@id\":\"https:\\\/\\\/regiaonews.net.br\\\/2022\\\/2024\\\/07\\\/18\\\/unifeb-doa-1-350-kits-de-higiene-bucal-infantil-para-projeto-social-promovido-na-reserva-indigena-xakriaba-no-norte-de-minas-gerais\\\/\",\"url\":\"https:\\\/\\\/regiaonews.net.br\\\/2022\\\/2024\\\/07\\\/18\\\/unifeb-doa-1-350-kits-de-higiene-bucal-infantil-para-projeto-social-promovido-na-reserva-indigena-xakriaba-no-norte-de-minas-gerais\\\/\",\"name\":\"UNIFEB doa 1.350 kits de higiene bucal infantil para projeto social promovido na Reserva Ind\u00edgena Xakriab\u00e1 no norte de Minas Gerais - Regi\u00e3o News\",\"isPartOf\":{\"@id\":\"https:\\\/\\\/regiaonews.net.br\\\/2022\\\/#website\"},\"primaryImageOfPage\":{\"@id\":\"https:\\\/\\\/regiaonews.net.br\\\/2022\\\/2024\\\/07\\\/18\\\/unifeb-doa-1-350-kits-de-higiene-bucal-infantil-para-projeto-social-promovido-na-reserva-indigena-xakriaba-no-norte-de-minas-gerais\\\/#primaryimage\"},\"image\":{\"@id\":\"https:\\\/\\\/regiaonews.net.br\\\/2022\\\/2024\\\/07\\\/18\\\/unifeb-doa-1-350-kits-de-higiene-bucal-infantil-para-projeto-social-promovido-na-reserva-indigena-xakriaba-no-norte-de-minas-gerais\\\/#primaryimage\"},\"thumbnailUrl\":\"https:\\\/\\\/regiaonews.net.br\\\/2022\\\/wp-content\\\/uploads\\\/2024\\\/07\\\/WhatsApp-Image-2024-07-18-at-16.43.39.jpeg\",\"datePublished\":\"2024-07-18T21:51:20+00:00\",\"dateModified\":\"2024-07-18T21:52:37+00:00\",\"breadcrumb\":{\"@id\":\"https:\\\/\\\/regiaonews.net.br\\\/2022\\\/2024\\\/07\\\/18\\\/unifeb-doa-1-350-kits-de-higiene-bucal-infantil-para-projeto-social-promovido-na-reserva-indigena-xakriaba-no-norte-de-minas-gerais\\\/#breadcrumb\"},\"inLanguage\":\"pt-BR\",\"potentialAction\":[{\"@type\":\"ReadAction\",\"target\":[\"https:\\\/\\\/regiaonews.net.br\\\/2022\\\/2024\\\/07\\\/18\\\/unifeb-doa-1-350-kits-de-higiene-bucal-infantil-para-projeto-social-promovido-na-reserva-indigena-xakriaba-no-norte-de-minas-gerais\\\/\"]}]},{\"@type\":\"ImageObject\",\"inLanguage\":\"pt-BR\",\"@id\":\"https:\\\/\\\/regiaonews.net.br\\\/2022\\\/2024\\\/07\\\/18\\\/unifeb-doa-1-350-kits-de-higiene-bucal-infantil-para-projeto-social-promovido-na-reserva-indigena-xakriaba-no-norte-de-minas-gerais\\\/#primaryimage\",\"url\":\"https:\\\/\\\/regiaonews.net.br\\\/2022\\\/wp-content\\\/uploads\\\/2024\\\/07\\\/WhatsApp-Image-2024-07-18-at-16.43.39.jpeg\",\"contentUrl\":\"https:\\\/\\\/regiaonews.net.br\\\/2022\\\/wp-content\\\/uploads\\\/2024\\\/07\\\/WhatsApp-Image-2024-07-18-at-16.43.39.jpeg\",\"width\":1600,\"height\":1200},{\"@type\":\"BreadcrumbList\",\"@id\":\"https:\\\/\\\/regiaonews.net.br\\\/2022\\\/2024\\\/07\\\/18\\\/unifeb-doa-1-350-kits-de-higiene-bucal-infantil-para-projeto-social-promovido-na-reserva-indigena-xakriaba-no-norte-de-minas-gerais\\\/#breadcrumb\",\"itemListElement\":[{\"@type\":\"ListItem\",\"position\":1,\"name\":\"In\u00edcio\",\"item\":\"https:\\\/\\\/regiaonews.net.br\\\/2022\\\/\"},{\"@type\":\"ListItem\",\"position\":2,\"name\":\"UNIFEB doa 1.350 kits de higiene bucal infantil para projeto social promovido na Reserva Ind\u00edgena Xakriab\u00e1 no norte de Minas Gerais\"}]},{\"@type\":\"WebSite\",\"@id\":\"https:\\\/\\\/regiaonews.net.br\\\/2022\\\/#website\",\"url\":\"https:\\\/\\\/regiaonews.net.br\\\/2022\\\/\",\"name\":\"Regi\u00e3o News\",\"description\":\"Site de Not\u00edcias de Barretos e regi\u00e3o\",\"publisher\":{\"@id\":\"https:\\\/\\\/regiaonews.net.br\\\/2022\\\/#organization\"},\"potentialAction\":[{\"@type\":\"SearchAction\",\"target\":{\"@type\":\"EntryPoint\",\"urlTemplate\":\"https:\\\/\\\/regiaonews.net.br\\\/2022\\\/?s={search_term_string}\"},\"query-input\":{\"@type\":\"PropertyValueSpecification\",\"valueRequired\":true,\"valueName\":\"search_term_string\"}}],\"inLanguage\":\"pt-BR\"},{\"@type\":\"Organization\",\"@id\":\"https:\\\/\\\/regiaonews.net.br\\\/2022\\\/#organization\",\"name\":\"Regi\u00e3o News\",\"url\":\"https:\\\/\\\/regiaonews.net.br\\\/2022\\\/\",\"logo\":{\"@type\":\"ImageObject\",\"inLanguage\":\"pt-BR\",\"@id\":\"https:\\\/\\\/regiaonews.net.br\\\/2022\\\/#\\\/schema\\\/logo\\\/image\\\/\",\"url\":\"https:\\\/\\\/regiaonews.net.br\\\/2022\\\/wp-content\\\/uploads\\\/2026\\\/03\\\/regiao-13-anos-scaled.jpg\",\"contentUrl\":\"https:\\\/\\\/regiaonews.net.br\\\/2022\\\/wp-content\\\/uploads\\\/2026\\\/03\\\/regiao-13-anos-scaled.jpg\",\"width\":2560,\"height\":635,\"caption\":\"Regi\u00e3o News\"},\"image\":{\"@id\":\"https:\\\/\\\/regiaonews.net.br\\\/2022\\\/#\\\/schema\\\/logo\\\/image\\\/\"}},{\"@type\":\"Person\",\"@id\":\"https:\\\/\\\/regiaonews.net.br\\\/2022\\\/#\\\/schema\\\/person\\\/2d205a608a5aa97ac279d7a5e6d89ad8\",\"name\":\"Roberto\",\"image\":{\"@type\":\"ImageObject\",\"inLanguage\":\"pt-BR\",\"@id\":\"https:\\\/\\\/secure.gravatar.com\\\/avatar\\\/42749d8b712ff9d59ca93dc150494e5b55a44134482993f5baeb97e61b7ecc89?s=96&d=mm&r=g\",\"url\":\"https:\\\/\\\/secure.gravatar.com\\\/avatar\\\/42749d8b712ff9d59ca93dc150494e5b55a44134482993f5baeb97e61b7ecc89?s=96&d=mm&r=g\",\"contentUrl\":\"https:\\\/\\\/secure.gravatar.com\\\/avatar\\\/42749d8b712ff9d59ca93dc150494e5b55a44134482993f5baeb97e61b7ecc89?s=96&d=mm&r=g\",\"caption\":\"Roberto\"},\"url\":\"https:\\\/\\\/regiaonews.net.br\\\/2022\\\/author\\\/roberto\\\/\"}]}<\/script>\n<!-- \/ Yoast SEO plugin. -->","yoast_head_json":{"title":"UNIFEB doa 1.350 kits de higiene bucal infantil para projeto social promovido na Reserva Ind\u00edgena Xakriab\u00e1 no norte de Minas Gerais - Regi\u00e3o News","robots":{"index":"index","follow":"follow","max-snippet":"max-snippet:-1","max-image-preview":"max-image-preview:large","max-video-preview":"max-video-preview:-1"},"canonical":"https:\/\/regiaonews.net.br\/2022\/2024\/07\/18\/unifeb-doa-1-350-kits-de-higiene-bucal-infantil-para-projeto-social-promovido-na-reserva-indigena-xakriaba-no-norte-de-minas-gerais\/","og_locale":"pt_BR","og_type":"article","og_title":"UNIFEB doa 1.350 kits de higiene bucal infantil para projeto social promovido na Reserva Ind\u00edgena Xakriab\u00e1 no norte de Minas Gerais - Regi\u00e3o News","og_description":"&nbsp; &nbsp; A a\u00e7\u00e3o organizada pelo Projeto Maloca contou com","og_url":"https:\/\/regiaonews.net.br\/2022\/2024\/07\/18\/unifeb-doa-1-350-kits-de-higiene-bucal-infantil-para-projeto-social-promovido-na-reserva-indigena-xakriaba-no-norte-de-minas-gerais\/","og_site_name":"Regi\u00e3o News","article_published_time":"2024-07-18T21:51:20+00:00","article_modified_time":"2024-07-18T21:52:37+00:00","og_image":[{"width":1600,"height":1200,"url":"https:\/\/regiaonews.net.br\/2022\/wp-content\/uploads\/2024\/07\/WhatsApp-Image-2024-07-18-at-16.43.39.jpeg","type":"image\/jpeg"}],"author":"Roberto","twitter_card":"summary_large_image","twitter_misc":{"Escrito por":"Roberto","Est. tempo de leitura":"3 minutos"},"schema":{"@context":"https:\/\/schema.org","@graph":[{"@type":"Article","@id":"https:\/\/regiaonews.net.br\/2022\/2024\/07\/18\/unifeb-doa-1-350-kits-de-higiene-bucal-infantil-para-projeto-social-promovido-na-reserva-indigena-xakriaba-no-norte-de-minas-gerais\/#article","isPartOf":{"@id":"https:\/\/regiaonews.net.br\/2022\/2024\/07\/18\/unifeb-doa-1-350-kits-de-higiene-bucal-infantil-para-projeto-social-promovido-na-reserva-indigena-xakriaba-no-norte-de-minas-gerais\/"},"author":{"name":"Roberto","@id":"https:\/\/regiaonews.net.br\/2022\/#\/schema\/person\/2d205a608a5aa97ac279d7a5e6d89ad8"},"headline":"UNIFEB doa 1.350 kits de higiene bucal infantil para projeto social promovido na Reserva Ind\u00edgena Xakriab\u00e1 no norte de Minas Gerais","datePublished":"2024-07-18T21:51:20+00:00","dateModified":"2024-07-18T21:52:37+00:00","mainEntityOfPage":{"@id":"https:\/\/regiaonews.net.br\/2022\/2024\/07\/18\/unifeb-doa-1-350-kits-de-higiene-bucal-infantil-para-projeto-social-promovido-na-reserva-indigena-xakriaba-no-norte-de-minas-gerais\/"},"wordCount":562,"commentCount":0,"publisher":{"@id":"https:\/\/regiaonews.net.br\/2022\/#organization"},"image":{"@id":"https:\/\/regiaonews.net.br\/2022\/2024\/07\/18\/unifeb-doa-1-350-kits-de-higiene-bucal-infantil-para-projeto-social-promovido-na-reserva-indigena-xakriaba-no-norte-de-minas-gerais\/#primaryimage"},"thumbnailUrl":"https:\/\/regiaonews.net.br\/2022\/wp-content\/uploads\/2024\/07\/WhatsApp-Image-2024-07-18-at-16.43.39.jpeg","articleSection":["Barretos","Cidades"],"inLanguage":"pt-BR","potentialAction":[{"@type":"CommentAction","name":"Comment","target":["https:\/\/regiaonews.net.br\/2022\/2024\/07\/18\/unifeb-doa-1-350-kits-de-higiene-bucal-infantil-para-projeto-social-promovido-na-reserva-indigena-xakriaba-no-norte-de-minas-gerais\/#respond"]}]},{"@type":"WebPage","@id":"https:\/\/regiaonews.net.br\/2022\/2024\/07\/18\/unifeb-doa-1-350-kits-de-higiene-bucal-infantil-para-projeto-social-promovido-na-reserva-indigena-xakriaba-no-norte-de-minas-gerais\/","url":"https:\/\/regiaonews.net.br\/2022\/2024\/07\/18\/unifeb-doa-1-350-kits-de-higiene-bucal-infantil-para-projeto-social-promovido-na-reserva-indigena-xakriaba-no-norte-de-minas-gerais\/","name":"UNIFEB doa 1.350 kits de higiene bucal infantil para projeto social promovido na Reserva Ind\u00edgena Xakriab\u00e1 no norte de Minas Gerais - Regi\u00e3o News","isPartOf":{"@id":"https:\/\/regiaonews.net.br\/2022\/#website"},"primaryImageOfPage":{"@id":"https:\/\/regiaonews.net.br\/2022\/2024\/07\/18\/unifeb-doa-1-350-kits-de-higiene-bucal-infantil-para-projeto-social-promovido-na-reserva-indigena-xakriaba-no-norte-de-minas-gerais\/#primaryimage"},"image":{"@id":"https:\/\/regiaonews.net.br\/2022\/2024\/07\/18\/unifeb-doa-1-350-kits-de-higiene-bucal-infantil-para-projeto-social-promovido-na-reserva-indigena-xakriaba-no-norte-de-minas-gerais\/#primaryimage"},"thumbnailUrl":"https:\/\/regiaonews.net.br\/2022\/wp-content\/uploads\/2024\/07\/WhatsApp-Image-2024-07-18-at-16.43.39.jpeg","datePublished":"2024-07-18T21:51:20+00:00","dateModified":"2024-07-18T21:52:37+00:00","breadcrumb":{"@id":"https:\/\/regiaonews.net.br\/2022\/2024\/07\/18\/unifeb-doa-1-350-kits-de-higiene-bucal-infantil-para-projeto-social-promovido-na-reserva-indigena-xakriaba-no-norte-de-minas-gerais\/#breadcrumb"},"inLanguage":"pt-BR","potentialAction":[{"@type":"ReadAction","target":["https:\/\/regiaonews.net.br\/2022\/2024\/07\/18\/unifeb-doa-1-350-kits-de-higiene-bucal-infantil-para-projeto-social-promovido-na-reserva-indigena-xakriaba-no-norte-de-minas-gerais\/"]}]},{"@type":"ImageObject","inLanguage":"pt-BR","@id":"https:\/\/regiaonews.net.br\/2022\/2024\/07\/18\/unifeb-doa-1-350-kits-de-higiene-bucal-infantil-para-projeto-social-promovido-na-reserva-indigena-xakriaba-no-norte-de-minas-gerais\/#primaryimage","url":"https:\/\/regiaonews.net.br\/2022\/wp-content\/uploads\/2024\/07\/WhatsApp-Image-2024-07-18-at-16.43.39.jpeg","contentUrl":"https:\/\/regiaonews.net.br\/2022\/wp-content\/uploads\/2024\/07\/WhatsApp-Image-2024-07-18-at-16.43.39.jpeg","width":1600,"height":1200},{"@type":"BreadcrumbList","@id":"https:\/\/regiaonews.net.br\/2022\/2024\/07\/18\/unifeb-doa-1-350-kits-de-higiene-bucal-infantil-para-projeto-social-promovido-na-reserva-indigena-xakriaba-no-norte-de-minas-gerais\/#breadcrumb","itemListElement":[{"@type":"ListItem","position":1,"name":"In\u00edcio","item":"https:\/\/regiaonews.net.br\/2022\/"},{"@type":"ListItem","position":2,"name":"UNIFEB doa 1.350 kits de higiene bucal infantil para projeto social promovido na Reserva Ind\u00edgena Xakriab\u00e1 no norte de Minas Gerais"}]},{"@type":"WebSite","@id":"https:\/\/regiaonews.net.br\/2022\/#website","url":"https:\/\/regiaonews.net.br\/2022\/","name":"Regi\u00e3o News","description":"Site de Not\u00edcias de Barretos e regi\u00e3o","publisher":{"@id":"https:\/\/regiaonews.net.br\/2022\/#organization"},"potentialAction":[{"@type":"SearchAction","target":{"@type":"EntryPoint","urlTemplate":"https:\/\/regiaonews.net.br\/2022\/?s={search_term_string}"},"query-input":{"@type":"PropertyValueSpecification","valueRequired":true,"valueName":"search_term_string"}}],"inLanguage":"pt-BR"},{"@type":"Organization","@id":"https:\/\/regiaonews.net.br\/2022\/#organization","name":"Regi\u00e3o News","url":"https:\/\/regiaonews.net.br\/2022\/","logo":{"@type":"ImageObject","inLanguage":"pt-BR","@id":"https:\/\/regiaonews.net.br\/2022\/#\/schema\/logo\/image\/","url":"https:\/\/regiaonews.net.br\/2022\/wp-content\/uploads\/2026\/03\/regiao-13-anos-scaled.jpg","contentUrl":"https:\/\/regiaonews.net.br\/2022\/wp-content\/uploads\/2026\/03\/regiao-13-anos-scaled.jpg","width":2560,"height":635,"caption":"Regi\u00e3o News"},"image":{"@id":"https:\/\/regiaonews.net.br\/2022\/#\/schema\/logo\/image\/"}},{"@type":"Person","@id":"https:\/\/regiaonews.net.br\/2022\/#\/schema\/person\/2d205a608a5aa97ac279d7a5e6d89ad8","name":"Roberto","image":{"@type":"ImageObject","inLanguage":"pt-BR","@id":"https:\/\/secure.gravatar.com\/avatar\/42749d8b712ff9d59ca93dc150494e5b55a44134482993f5baeb97e61b7ecc89?s=96&d=mm&r=g","url":"https:\/\/secure.gravatar.com\/avatar\/42749d8b712ff9d59ca93dc150494e5b55a44134482993f5baeb97e61b7ecc89?s=96&d=mm&r=g","contentUrl":"https:\/\/secure.gravatar.com\/avatar\/42749d8b712ff9d59ca93dc150494e5b55a44134482993f5baeb97e61b7ecc89?s=96&d=mm&r=g","caption":"Roberto"},"url":"https:\/\/regiaonews.net.br\/2022\/author\/roberto\/"}]}},"publishpress_future_action":{"enabled":false,"date":"2026-05-03 13:27:40","action":"change-status","newStatus":"draft","terms":[],"taxonomy":"category","extraData":[]},"publishpress_future_workflow_manual_trigger":{"enabledWorkflows":[]},"_links":{"self":[{"href":"https:\/\/regiaonews.net.br\/2022\/wp-json\/wp\/v2\/posts\/107834","targetHints":{"allow":["GET"]}}],"collection":[{"href":"https:\/\/regiaonews.net.br\/2022\/wp-json\/wp\/v2\/posts"}],"about":[{"href":"https:\/\/regiaonews.net.br\/2022\/wp-json\/wp\/v2\/types\/post"}],"author":[{"embeddable":true,"href":"https:\/\/regiaonews.net.br\/2022\/wp-json\/wp\/v2\/users\/2"}],"replies":[{"embeddable":true,"href":"https:\/\/regiaonews.net.br\/2022\/wp-json\/wp\/v2\/comments?post=107834"}],"version-history":[{"count":2,"href":"https:\/\/regiaonews.net.br\/2022\/wp-json\/wp\/v2\/posts\/107834\/revisions"}],"predecessor-version":[{"id":107837,"href":"https:\/\/regiaonews.net.br\/2022\/wp-json\/wp\/v2\/posts\/107834\/revisions\/107837"}],"wp:featuredmedia":[{"embeddable":true,"href":"https:\/\/regiaonews.net.br\/2022\/wp-json\/wp\/v2\/media\/107835"}],"wp:attachment":[{"href":"https:\/\/regiaonews.net.br\/2022\/wp-json\/wp\/v2\/media?parent=107834"}],"wp:term":[{"taxonomy":"category","embeddable":true,"href":"https:\/\/regiaonews.net.br\/2022\/wp-json\/wp\/v2\/categories?post=107834"},{"taxonomy":"post_tag","embeddable":true,"href":"https:\/\/regiaonews.net.br\/2022\/wp-json\/wp\/v2\/tags?post=107834"}],"curies":[{"name":"wp","href":"https:\/\/api.w.org\/{rel}","templated":true}]}}