{"id":107831,"date":"2024-07-18T18:48:50","date_gmt":"2024-07-18T21:48:50","guid":{"rendered":"https:\/\/regiaonews.net.br\/2022\/?p=107831"},"modified":"2024-07-18T18:48:50","modified_gmt":"2024-07-18T21:48:50","slug":"abertas-as-inscricoes-de-processo-seletivo-para-contratacao-de-docentes-no-unifeb","status":"publish","type":"post","link":"https:\/\/regiaonews.net.br\/2022\/2024\/07\/18\/abertas-as-inscricoes-de-processo-seletivo-para-contratacao-de-docentes-no-unifeb\/","title":{"rendered":"Abertas as inscri\u00e7\u00f5es de processo seletivo para contrata\u00e7\u00e3o de docentes no UNIFEB"},"content":{"rendered":"<p>&nbsp;<\/p>\n<p>&nbsp;<\/p>\n<p>Os interessados devem se cadastrar at\u00e9 o dia 21 de julho pelo site do Centro Universit\u00e1rio<\/p>\n<p>&nbsp;<\/p>\n<p>Barretos, 16 de julho de 2024\u00a0&#8211; O UNIFEB (Centro Universit\u00e1rio da Funda\u00e7\u00e3o Educacional de Barretos) est\u00e1 com as inscri\u00e7\u00f5es abertas para o processo seletivo de contrata\u00e7\u00e3o de novos docentes por tempo indeterminado Os interessados devem se cadastrar de 16\/07 a 21\/07 pelo site\u00a0www.unifeb.edu.br, na op\u00e7\u00e3o do menu TRABALHE CONOSCO.<\/p>\n<p>As vagas dispon\u00edveis para novos docentes s\u00e3o para atua\u00e7\u00e3o nos cursos de Administra\u00e7\u00e3o (2 vagas); Arquitetura e Urbanismo (1 vaga); Biomedicina (2 vagas); Farm\u00e1cia (1 vaga); e Medicina Veterin\u00e1ria (2 vagas).<\/p>\n<p>Os candidatos ser\u00e3o submetidos a uma banca individual de avalia\u00e7\u00e3o, com a presen\u00e7a do respectivo coordenador e um docente convidado. Os aprovados come\u00e7am a atuar j\u00e1 neste segundo semestre.<\/p>\n<p>A diretora administrativa-financeira do UNIFEB, Profa. Me. Eliane\u00a0Ara\u00fajo, explica que o Centro Universit\u00e1rio est\u00e1 promovendo semestralmente o processo seletivo para docentes a fim de suprir a demanda de crescimento dos cursos. \u201cNosso \u00faltimo vestibular foi recorde de capta\u00e7\u00e3o de alunos o que projetou a institui\u00e7\u00e3o para um novo patamar. Com isso, a necessidade por novos professores tem aumentado gradativamente, considerando que hoje contamos com 19 cursos de gradua\u00e7\u00e3o\u201d, ressaltou.<\/p>\n","protected":false},"excerpt":{"rendered":"<p>&nbsp; &nbsp; Os interessados devem se cadastrar at\u00e9 o dia<\/p>\n","protected":false},"author":2,"featured_media":107832,"comment_status":"open","ping_status":"open","sticky":false,"template":"","format":"standard","meta":{"footnotes":""},"categories":[14,25],"tags":[],"class_list":["post-107831","post","type-post","status-publish","format-standard","has-post-thumbnail","hentry","category-barretos","category-cidades"],"yoast_head":"<!-- This site is optimized with the Yoast SEO plugin v27.4 - https:\/\/yoast.com\/product\/yoast-seo-wordpress\/ -->\n<title>Abertas as inscri\u00e7\u00f5es de processo seletivo para contrata\u00e7\u00e3o de docentes no UNIFEB - Regi\u00e3o News<\/title>\n<meta name=\"robots\" content=\"index, follow, max-snippet:-1, max-image-preview:large, max-video-preview:-1\" \/>\n<link rel=\"canonical\" href=\"https:\/\/regiaonews.net.br\/2022\/2024\/07\/18\/abertas-as-inscricoes-de-processo-seletivo-para-contratacao-de-docentes-no-unifeb\/\" \/>\n<meta property=\"og:locale\" content=\"pt_BR\" \/>\n<meta property=\"og:type\" content=\"article\" \/>\n<meta property=\"og:title\" content=\"Abertas as inscri\u00e7\u00f5es de processo seletivo para contrata\u00e7\u00e3o de docentes no UNIFEB - Regi\u00e3o News\" \/>\n<meta property=\"og:description\" content=\"&nbsp; &nbsp; Os interessados devem se cadastrar at\u00e9 o dia\" \/>\n<meta property=\"og:url\" content=\"https:\/\/regiaonews.net.br\/2022\/2024\/07\/18\/abertas-as-inscricoes-de-processo-seletivo-para-contratacao-de-docentes-no-unifeb\/\" \/>\n<meta property=\"og:site_name\" content=\"Regi\u00e3o News\" \/>\n<meta property=\"article:published_time\" content=\"2024-07-18T21:48:50+00:00\" \/>\n<meta property=\"og:image\" content=\"https:\/\/regiaonews.net.br\/2022\/wp-content\/uploads\/2024\/07\/WhatsApp-Image-2024-07-18-at-16.45.29.jpeg\" \/>\n\t<meta property=\"og:image:width\" content=\"1080\" \/>\n\t<meta property=\"og:image:height\" content=\"1080\" \/>\n\t<meta property=\"og:image:type\" content=\"image\/jpeg\" \/>\n<meta name=\"author\" content=\"Roberto\" \/>\n<meta name=\"twitter:card\" content=\"summary_large_image\" \/>\n<meta name=\"twitter:label1\" content=\"Escrito por\" \/>\n\t<meta name=\"twitter:data1\" content=\"Roberto\" \/>\n\t<meta name=\"twitter:label2\" content=\"Est. tempo de leitura\" \/>\n\t<meta name=\"twitter:data2\" content=\"2 minutos\" \/>\n<script type=\"application\/ld+json\" class=\"yoast-schema-graph\">{\"@context\":\"https:\\\/\\\/schema.org\",\"@graph\":[{\"@type\":\"Article\",\"@id\":\"https:\\\/\\\/regiaonews.net.br\\\/2022\\\/2024\\\/07\\\/18\\\/abertas-as-inscricoes-de-processo-seletivo-para-contratacao-de-docentes-no-unifeb\\\/#article\",\"isPartOf\":{\"@id\":\"https:\\\/\\\/regiaonews.net.br\\\/2022\\\/2024\\\/07\\\/18\\\/abertas-as-inscricoes-de-processo-seletivo-para-contratacao-de-docentes-no-unifeb\\\/\"},\"author\":{\"name\":\"Roberto\",\"@id\":\"https:\\\/\\\/regiaonews.net.br\\\/2022\\\/#\\\/schema\\\/person\\\/2d205a608a5aa97ac279d7a5e6d89ad8\"},\"headline\":\"Abertas as inscri\u00e7\u00f5es de processo seletivo para contrata\u00e7\u00e3o de docentes no UNIFEB\",\"datePublished\":\"2024-07-18T21:48:50+00:00\",\"mainEntityOfPage\":{\"@id\":\"https:\\\/\\\/regiaonews.net.br\\\/2022\\\/2024\\\/07\\\/18\\\/abertas-as-inscricoes-de-processo-seletivo-para-contratacao-de-docentes-no-unifeb\\\/\"},\"wordCount\":227,\"commentCount\":0,\"publisher\":{\"@id\":\"https:\\\/\\\/regiaonews.net.br\\\/2022\\\/#organization\"},\"image\":{\"@id\":\"https:\\\/\\\/regiaonews.net.br\\\/2022\\\/2024\\\/07\\\/18\\\/abertas-as-inscricoes-de-processo-seletivo-para-contratacao-de-docentes-no-unifeb\\\/#primaryimage\"},\"thumbnailUrl\":\"https:\\\/\\\/regiaonews.net.br\\\/2022\\\/wp-content\\\/uploads\\\/2024\\\/07\\\/WhatsApp-Image-2024-07-18-at-16.45.29.jpeg\",\"articleSection\":[\"Barretos\",\"Cidades\"],\"inLanguage\":\"pt-BR\",\"potentialAction\":[{\"@type\":\"CommentAction\",\"name\":\"Comment\",\"target\":[\"https:\\\/\\\/regiaonews.net.br\\\/2022\\\/2024\\\/07\\\/18\\\/abertas-as-inscricoes-de-processo-seletivo-para-contratacao-de-docentes-no-unifeb\\\/#respond\"]}]},{\"@type\":\"WebPage\",\"@id\":\"https:\\\/\\\/regiaonews.net.br\\\/2022\\\/2024\\\/07\\\/18\\\/abertas-as-inscricoes-de-processo-seletivo-para-contratacao-de-docentes-no-unifeb\\\/\",\"url\":\"https:\\\/\\\/regiaonews.net.br\\\/2022\\\/2024\\\/07\\\/18\\\/abertas-as-inscricoes-de-processo-seletivo-para-contratacao-de-docentes-no-unifeb\\\/\",\"name\":\"Abertas as inscri\u00e7\u00f5es de processo seletivo para contrata\u00e7\u00e3o de docentes no UNIFEB - Regi\u00e3o News\",\"isPartOf\":{\"@id\":\"https:\\\/\\\/regiaonews.net.br\\\/2022\\\/#website\"},\"primaryImageOfPage\":{\"@id\":\"https:\\\/\\\/regiaonews.net.br\\\/2022\\\/2024\\\/07\\\/18\\\/abertas-as-inscricoes-de-processo-seletivo-para-contratacao-de-docentes-no-unifeb\\\/#primaryimage\"},\"image\":{\"@id\":\"https:\\\/\\\/regiaonews.net.br\\\/2022\\\/2024\\\/07\\\/18\\\/abertas-as-inscricoes-de-processo-seletivo-para-contratacao-de-docentes-no-unifeb\\\/#primaryimage\"},\"thumbnailUrl\":\"https:\\\/\\\/regiaonews.net.br\\\/2022\\\/wp-content\\\/uploads\\\/2024\\\/07\\\/WhatsApp-Image-2024-07-18-at-16.45.29.jpeg\",\"datePublished\":\"2024-07-18T21:48:50+00:00\",\"breadcrumb\":{\"@id\":\"https:\\\/\\\/regiaonews.net.br\\\/2022\\\/2024\\\/07\\\/18\\\/abertas-as-inscricoes-de-processo-seletivo-para-contratacao-de-docentes-no-unifeb\\\/#breadcrumb\"},\"inLanguage\":\"pt-BR\",\"potentialAction\":[{\"@type\":\"ReadAction\",\"target\":[\"https:\\\/\\\/regiaonews.net.br\\\/2022\\\/2024\\\/07\\\/18\\\/abertas-as-inscricoes-de-processo-seletivo-para-contratacao-de-docentes-no-unifeb\\\/\"]}]},{\"@type\":\"ImageObject\",\"inLanguage\":\"pt-BR\",\"@id\":\"https:\\\/\\\/regiaonews.net.br\\\/2022\\\/2024\\\/07\\\/18\\\/abertas-as-inscricoes-de-processo-seletivo-para-contratacao-de-docentes-no-unifeb\\\/#primaryimage\",\"url\":\"https:\\\/\\\/regiaonews.net.br\\\/2022\\\/wp-content\\\/uploads\\\/2024\\\/07\\\/WhatsApp-Image-2024-07-18-at-16.45.29.jpeg\",\"contentUrl\":\"https:\\\/\\\/regiaonews.net.br\\\/2022\\\/wp-content\\\/uploads\\\/2024\\\/07\\\/WhatsApp-Image-2024-07-18-at-16.45.29.jpeg\",\"width\":1080,\"height\":1080},{\"@type\":\"BreadcrumbList\",\"@id\":\"https:\\\/\\\/regiaonews.net.br\\\/2022\\\/2024\\\/07\\\/18\\\/abertas-as-inscricoes-de-processo-seletivo-para-contratacao-de-docentes-no-unifeb\\\/#breadcrumb\",\"itemListElement\":[{\"@type\":\"ListItem\",\"position\":1,\"name\":\"In\u00edcio\",\"item\":\"https:\\\/\\\/regiaonews.net.br\\\/2022\\\/\"},{\"@type\":\"ListItem\",\"position\":2,\"name\":\"Abertas as inscri\u00e7\u00f5es de processo seletivo para contrata\u00e7\u00e3o de docentes no UNIFEB\"}]},{\"@type\":\"WebSite\",\"@id\":\"https:\\\/\\\/regiaonews.net.br\\\/2022\\\/#website\",\"url\":\"https:\\\/\\\/regiaonews.net.br\\\/2022\\\/\",\"name\":\"Regi\u00e3o News\",\"description\":\"Site de Not\u00edcias de Barretos e regi\u00e3o\",\"publisher\":{\"@id\":\"https:\\\/\\\/regiaonews.net.br\\\/2022\\\/#organization\"},\"potentialAction\":[{\"@type\":\"SearchAction\",\"target\":{\"@type\":\"EntryPoint\",\"urlTemplate\":\"https:\\\/\\\/regiaonews.net.br\\\/2022\\\/?s={search_term_string}\"},\"query-input\":{\"@type\":\"PropertyValueSpecification\",\"valueRequired\":true,\"valueName\":\"search_term_string\"}}],\"inLanguage\":\"pt-BR\"},{\"@type\":\"Organization\",\"@id\":\"https:\\\/\\\/regiaonews.net.br\\\/2022\\\/#organization\",\"name\":\"Regi\u00e3o News\",\"url\":\"https:\\\/\\\/regiaonews.net.br\\\/2022\\\/\",\"logo\":{\"@type\":\"ImageObject\",\"inLanguage\":\"pt-BR\",\"@id\":\"https:\\\/\\\/regiaonews.net.br\\\/2022\\\/#\\\/schema\\\/logo\\\/image\\\/\",\"url\":\"https:\\\/\\\/regiaonews.net.br\\\/2022\\\/wp-content\\\/uploads\\\/2026\\\/03\\\/regiao-13-anos-scaled.jpg\",\"contentUrl\":\"https:\\\/\\\/regiaonews.net.br\\\/2022\\\/wp-content\\\/uploads\\\/2026\\\/03\\\/regiao-13-anos-scaled.jpg\",\"width\":2560,\"height\":635,\"caption\":\"Regi\u00e3o News\"},\"image\":{\"@id\":\"https:\\\/\\\/regiaonews.net.br\\\/2022\\\/#\\\/schema\\\/logo\\\/image\\\/\"}},{\"@type\":\"Person\",\"@id\":\"https:\\\/\\\/regiaonews.net.br\\\/2022\\\/#\\\/schema\\\/person\\\/2d205a608a5aa97ac279d7a5e6d89ad8\",\"name\":\"Roberto\",\"image\":{\"@type\":\"ImageObject\",\"inLanguage\":\"pt-BR\",\"@id\":\"https:\\\/\\\/secure.gravatar.com\\\/avatar\\\/42749d8b712ff9d59ca93dc150494e5b55a44134482993f5baeb97e61b7ecc89?s=96&d=mm&r=g\",\"url\":\"https:\\\/\\\/secure.gravatar.com\\\/avatar\\\/42749d8b712ff9d59ca93dc150494e5b55a44134482993f5baeb97e61b7ecc89?s=96&d=mm&r=g\",\"contentUrl\":\"https:\\\/\\\/secure.gravatar.com\\\/avatar\\\/42749d8b712ff9d59ca93dc150494e5b55a44134482993f5baeb97e61b7ecc89?s=96&d=mm&r=g\",\"caption\":\"Roberto\"},\"url\":\"https:\\\/\\\/regiaonews.net.br\\\/2022\\\/author\\\/roberto\\\/\"}]}<\/script>\n<!-- \/ Yoast SEO plugin. -->","yoast_head_json":{"title":"Abertas as inscri\u00e7\u00f5es de processo seletivo para contrata\u00e7\u00e3o de docentes no UNIFEB - Regi\u00e3o News","robots":{"index":"index","follow":"follow","max-snippet":"max-snippet:-1","max-image-preview":"max-image-preview:large","max-video-preview":"max-video-preview:-1"},"canonical":"https:\/\/regiaonews.net.br\/2022\/2024\/07\/18\/abertas-as-inscricoes-de-processo-seletivo-para-contratacao-de-docentes-no-unifeb\/","og_locale":"pt_BR","og_type":"article","og_title":"Abertas as inscri\u00e7\u00f5es de processo seletivo para contrata\u00e7\u00e3o de docentes no UNIFEB - Regi\u00e3o News","og_description":"&nbsp; &nbsp; Os interessados devem se cadastrar at\u00e9 o dia","og_url":"https:\/\/regiaonews.net.br\/2022\/2024\/07\/18\/abertas-as-inscricoes-de-processo-seletivo-para-contratacao-de-docentes-no-unifeb\/","og_site_name":"Regi\u00e3o News","article_published_time":"2024-07-18T21:48:50+00:00","og_image":[{"width":1080,"height":1080,"url":"https:\/\/regiaonews.net.br\/2022\/wp-content\/uploads\/2024\/07\/WhatsApp-Image-2024-07-18-at-16.45.29.jpeg","type":"image\/jpeg"}],"author":"Roberto","twitter_card":"summary_large_image","twitter_misc":{"Escrito por":"Roberto","Est. tempo de leitura":"2 minutos"},"schema":{"@context":"https:\/\/schema.org","@graph":[{"@type":"Article","@id":"https:\/\/regiaonews.net.br\/2022\/2024\/07\/18\/abertas-as-inscricoes-de-processo-seletivo-para-contratacao-de-docentes-no-unifeb\/#article","isPartOf":{"@id":"https:\/\/regiaonews.net.br\/2022\/2024\/07\/18\/abertas-as-inscricoes-de-processo-seletivo-para-contratacao-de-docentes-no-unifeb\/"},"author":{"name":"Roberto","@id":"https:\/\/regiaonews.net.br\/2022\/#\/schema\/person\/2d205a608a5aa97ac279d7a5e6d89ad8"},"headline":"Abertas as inscri\u00e7\u00f5es de processo seletivo para contrata\u00e7\u00e3o de docentes no UNIFEB","datePublished":"2024-07-18T21:48:50+00:00","mainEntityOfPage":{"@id":"https:\/\/regiaonews.net.br\/2022\/2024\/07\/18\/abertas-as-inscricoes-de-processo-seletivo-para-contratacao-de-docentes-no-unifeb\/"},"wordCount":227,"commentCount":0,"publisher":{"@id":"https:\/\/regiaonews.net.br\/2022\/#organization"},"image":{"@id":"https:\/\/regiaonews.net.br\/2022\/2024\/07\/18\/abertas-as-inscricoes-de-processo-seletivo-para-contratacao-de-docentes-no-unifeb\/#primaryimage"},"thumbnailUrl":"https:\/\/regiaonews.net.br\/2022\/wp-content\/uploads\/2024\/07\/WhatsApp-Image-2024-07-18-at-16.45.29.jpeg","articleSection":["Barretos","Cidades"],"inLanguage":"pt-BR","potentialAction":[{"@type":"CommentAction","name":"Comment","target":["https:\/\/regiaonews.net.br\/2022\/2024\/07\/18\/abertas-as-inscricoes-de-processo-seletivo-para-contratacao-de-docentes-no-unifeb\/#respond"]}]},{"@type":"WebPage","@id":"https:\/\/regiaonews.net.br\/2022\/2024\/07\/18\/abertas-as-inscricoes-de-processo-seletivo-para-contratacao-de-docentes-no-unifeb\/","url":"https:\/\/regiaonews.net.br\/2022\/2024\/07\/18\/abertas-as-inscricoes-de-processo-seletivo-para-contratacao-de-docentes-no-unifeb\/","name":"Abertas as inscri\u00e7\u00f5es de processo seletivo para contrata\u00e7\u00e3o de docentes no UNIFEB - Regi\u00e3o News","isPartOf":{"@id":"https:\/\/regiaonews.net.br\/2022\/#website"},"primaryImageOfPage":{"@id":"https:\/\/regiaonews.net.br\/2022\/2024\/07\/18\/abertas-as-inscricoes-de-processo-seletivo-para-contratacao-de-docentes-no-unifeb\/#primaryimage"},"image":{"@id":"https:\/\/regiaonews.net.br\/2022\/2024\/07\/18\/abertas-as-inscricoes-de-processo-seletivo-para-contratacao-de-docentes-no-unifeb\/#primaryimage"},"thumbnailUrl":"https:\/\/regiaonews.net.br\/2022\/wp-content\/uploads\/2024\/07\/WhatsApp-Image-2024-07-18-at-16.45.29.jpeg","datePublished":"2024-07-18T21:48:50+00:00","breadcrumb":{"@id":"https:\/\/regiaonews.net.br\/2022\/2024\/07\/18\/abertas-as-inscricoes-de-processo-seletivo-para-contratacao-de-docentes-no-unifeb\/#breadcrumb"},"inLanguage":"pt-BR","potentialAction":[{"@type":"ReadAction","target":["https:\/\/regiaonews.net.br\/2022\/2024\/07\/18\/abertas-as-inscricoes-de-processo-seletivo-para-contratacao-de-docentes-no-unifeb\/"]}]},{"@type":"ImageObject","inLanguage":"pt-BR","@id":"https:\/\/regiaonews.net.br\/2022\/2024\/07\/18\/abertas-as-inscricoes-de-processo-seletivo-para-contratacao-de-docentes-no-unifeb\/#primaryimage","url":"https:\/\/regiaonews.net.br\/2022\/wp-content\/uploads\/2024\/07\/WhatsApp-Image-2024-07-18-at-16.45.29.jpeg","contentUrl":"https:\/\/regiaonews.net.br\/2022\/wp-content\/uploads\/2024\/07\/WhatsApp-Image-2024-07-18-at-16.45.29.jpeg","width":1080,"height":1080},{"@type":"BreadcrumbList","@id":"https:\/\/regiaonews.net.br\/2022\/2024\/07\/18\/abertas-as-inscricoes-de-processo-seletivo-para-contratacao-de-docentes-no-unifeb\/#breadcrumb","itemListElement":[{"@type":"ListItem","position":1,"name":"In\u00edcio","item":"https:\/\/regiaonews.net.br\/2022\/"},{"@type":"ListItem","position":2,"name":"Abertas as inscri\u00e7\u00f5es de processo seletivo para contrata\u00e7\u00e3o de docentes no UNIFEB"}]},{"@type":"WebSite","@id":"https:\/\/regiaonews.net.br\/2022\/#website","url":"https:\/\/regiaonews.net.br\/2022\/","name":"Regi\u00e3o News","description":"Site de Not\u00edcias de Barretos e regi\u00e3o","publisher":{"@id":"https:\/\/regiaonews.net.br\/2022\/#organization"},"potentialAction":[{"@type":"SearchAction","target":{"@type":"EntryPoint","urlTemplate":"https:\/\/regiaonews.net.br\/2022\/?s={search_term_string}"},"query-input":{"@type":"PropertyValueSpecification","valueRequired":true,"valueName":"search_term_string"}}],"inLanguage":"pt-BR"},{"@type":"Organization","@id":"https:\/\/regiaonews.net.br\/2022\/#organization","name":"Regi\u00e3o News","url":"https:\/\/regiaonews.net.br\/2022\/","logo":{"@type":"ImageObject","inLanguage":"pt-BR","@id":"https:\/\/regiaonews.net.br\/2022\/#\/schema\/logo\/image\/","url":"https:\/\/regiaonews.net.br\/2022\/wp-content\/uploads\/2026\/03\/regiao-13-anos-scaled.jpg","contentUrl":"https:\/\/regiaonews.net.br\/2022\/wp-content\/uploads\/2026\/03\/regiao-13-anos-scaled.jpg","width":2560,"height":635,"caption":"Regi\u00e3o News"},"image":{"@id":"https:\/\/regiaonews.net.br\/2022\/#\/schema\/logo\/image\/"}},{"@type":"Person","@id":"https:\/\/regiaonews.net.br\/2022\/#\/schema\/person\/2d205a608a5aa97ac279d7a5e6d89ad8","name":"Roberto","image":{"@type":"ImageObject","inLanguage":"pt-BR","@id":"https:\/\/secure.gravatar.com\/avatar\/42749d8b712ff9d59ca93dc150494e5b55a44134482993f5baeb97e61b7ecc89?s=96&d=mm&r=g","url":"https:\/\/secure.gravatar.com\/avatar\/42749d8b712ff9d59ca93dc150494e5b55a44134482993f5baeb97e61b7ecc89?s=96&d=mm&r=g","contentUrl":"https:\/\/secure.gravatar.com\/avatar\/42749d8b712ff9d59ca93dc150494e5b55a44134482993f5baeb97e61b7ecc89?s=96&d=mm&r=g","caption":"Roberto"},"url":"https:\/\/regiaonews.net.br\/2022\/author\/roberto\/"}]}},"publishpress_future_action":{"enabled":false,"date":"2026-05-03 14:55:41","action":"change-status","newStatus":"draft","terms":[],"taxonomy":"category","extraData":[]},"publishpress_future_workflow_manual_trigger":{"enabledWorkflows":[]},"_links":{"self":[{"href":"https:\/\/regiaonews.net.br\/2022\/wp-json\/wp\/v2\/posts\/107831","targetHints":{"allow":["GET"]}}],"collection":[{"href":"https:\/\/regiaonews.net.br\/2022\/wp-json\/wp\/v2\/posts"}],"about":[{"href":"https:\/\/regiaonews.net.br\/2022\/wp-json\/wp\/v2\/types\/post"}],"author":[{"embeddable":true,"href":"https:\/\/regiaonews.net.br\/2022\/wp-json\/wp\/v2\/users\/2"}],"replies":[{"embeddable":true,"href":"https:\/\/regiaonews.net.br\/2022\/wp-json\/wp\/v2\/comments?post=107831"}],"version-history":[{"count":1,"href":"https:\/\/regiaonews.net.br\/2022\/wp-json\/wp\/v2\/posts\/107831\/revisions"}],"predecessor-version":[{"id":107833,"href":"https:\/\/regiaonews.net.br\/2022\/wp-json\/wp\/v2\/posts\/107831\/revisions\/107833"}],"wp:featuredmedia":[{"embeddable":true,"href":"https:\/\/regiaonews.net.br\/2022\/wp-json\/wp\/v2\/media\/107832"}],"wp:attachment":[{"href":"https:\/\/regiaonews.net.br\/2022\/wp-json\/wp\/v2\/media?parent=107831"}],"wp:term":[{"taxonomy":"category","embeddable":true,"href":"https:\/\/regiaonews.net.br\/2022\/wp-json\/wp\/v2\/categories?post=107831"},{"taxonomy":"post_tag","embeddable":true,"href":"https:\/\/regiaonews.net.br\/2022\/wp-json\/wp\/v2\/tags?post=107831"}],"curies":[{"name":"wp","href":"https:\/\/api.w.org\/{rel}","templated":true}]}}