{"id":107813,"date":"2024-07-18T14:15:19","date_gmt":"2024-07-18T17:15:19","guid":{"rendered":"https:\/\/regiaonews.net.br\/2022\/?p=107813"},"modified":"2024-07-18T14:15:19","modified_gmt":"2024-07-18T17:15:19","slug":"minerva-foods-abre-inscricoes-para-12a-turma-do-programa-de-inclusao-para-pessoas-com-deficiencia-na-regiao-de-barretos","status":"publish","type":"post","link":"https:\/\/regiaonews.net.br\/2022\/2024\/07\/18\/minerva-foods-abre-inscricoes-para-12a-turma-do-programa-de-inclusao-para-pessoas-com-deficiencia-na-regiao-de-barretos\/","title":{"rendered":"Minerva Foods abre inscri\u00e7\u00f5es para 12\u00aa turma do Programa de Inclus\u00e3o para Pessoas com Defici\u00eancia na regi\u00e3o de Barretos"},"content":{"rendered":"<h3 style=\"text-align: center;\">O curso tem como objetivo promover a capacita\u00e7\u00e3o e a inser\u00e7\u00e3o de pessoas com defici\u00eancia no mercado de trabalho<\/h3>\n<p>A Minerva Foods, l\u00edder em exporta\u00e7\u00e3o de carne bovina na Am\u00e9rica do Sul e uma das maiores empresas na produ\u00e7\u00e3o e comercializa\u00e7\u00e3o de carne in natura e seus derivados na regi\u00e3o, abre as inscri\u00e7\u00f5es para a 12\u00aa turma do Programa de Inclus\u00e3o para Pessoas com Defici\u00eancia, que tem como objetivo central promover a capacita\u00e7\u00e3o e a inser\u00e7\u00e3o de pessoas com defici\u00eancia no mercado de trabalho, por meio de desenvolvimento em diferentes \u00e1reas de atua\u00e7\u00e3o.<\/p>\n<p>O programa disponibiliza uma s\u00e9rie de ensinamentos essenciais para o desenvolvimento profissional, por meio de aprendizados sobre a integra\u00e7\u00e3o ao ambiente de trabalho, relacionamento interpessoal, comunica\u00e7\u00e3o, rotinas administrativas, inform\u00e1tica b\u00e1sica e desenvolvimento para o mercado de trabalho. Al\u00e9m disso, os alunos ter\u00e3o a oportunidade de aprender como elaborar um bom curr\u00edculo profissional, serem assertivos na busca por vagas em plataformas digitais e como se preparar para entrevistas de emprego.<\/p>\n<p>A iniciativa reafirma o compromisso da Minerva Foods com a inclus\u00e3o social e igualdade de oportunidades no mercado de trabalho, destacando que a diversidade \u00e9 um valor fundamental para sua estrat\u00e9gia de gest\u00e3o de pessoas. A Companhia incentiva cada vez mais a participa\u00e7\u00e3o na a\u00e7\u00e3o, que visa contribuir para o desenvolvimento pessoal e profissional desses indiv\u00edduos. Desde sua cria\u00e7\u00e3o em 2017, o curso j\u00e1 contribuiu para a capacita\u00e7\u00e3o de cerca de 100 pessoas desde o in\u00edcio das atividades.<\/p>\n<p>As inscri\u00e7\u00f5es para a 12\u00aa turma estar\u00e3o abertas entre os dias 17 a 24 de julho e ser\u00e3o realizadas no Centro Municipal de Reabilita\u00e7\u00e3o Solange Lana de \u00c1vila, em Barretos, das 13h30 \u00e0s 17h30, com previs\u00e3o de in\u00edcio das aulas no dia 29 de julho. Para participar do programa, o candidato dever\u00e1 ter 18 anos ou mais, ser devidamente identificado pela CID (Classifica\u00e7\u00e3o Internacional de Doen\u00e7as) e ter disponibilidade para realizar o curso no per\u00edodo da tarde.<\/p>\n<p>Nesta edi\u00e7\u00e3o, o curso ser\u00e1 dividido em dois m\u00f3dulos, sendo o primeiro voltado para o ingresso dos candidatos ao mercado de trabalho e o desenvolvimento de soft skills. Os alunos que forem bem avaliados seguir\u00e3o para o segundo m\u00f3dulo, que \u00e9 focado nas \u00e1reas de atua\u00e7\u00e3o da Companhia. As aulas ser\u00e3o ministradas pelos colaboradores de cada setor da Minerva Foods, entre eles, o de recursos humanos, tecnologia da informa\u00e7\u00e3o, seguran\u00e7a do trabalho, meio ambiente, seguran\u00e7a patrimonial, log\u00edstica, controle de qualidade, rastreabilidade, compra gado, processos industriais, conserva, embarque, almoxarifado e manuten\u00e7\u00e3o, por exemplo.<\/p>\n<p>Ao final, o aluno ser\u00e1 avaliado em um processo seletivo da Companhia, com a possibilidade de contrata\u00e7\u00e3o de acordo com seu desempenho e a disponibilidade de vagas.<\/p>\n<p><strong>Sobre a Minerva Foods<\/strong><\/p>\n<p>A Minerva Foods \u00e9 l\u00edder em exporta\u00e7\u00e3o de carne bovina na Am\u00e9rica do Sul e atua tamb\u00e9m no segmento de industrializados, comercializando seus produtos para mais de 100 pa\u00edses. Al\u00e9m do Brasil, a Minerva Foods est\u00e1 presente no Paraguai, na Argentina, no Uruguai, na Col\u00f4mbia, e possui plantas especializadas em ovinos na Austr\u00e1lia, somando mais de 23 mil colaboradores. A empresa atende a cinco continentes com carne bovina, ovina e seus derivados e opera, hoje, 33 unidades industriais, 17 escrit\u00f3rios internacionais e 14 centros de distribui\u00e7\u00e3o.<\/p>\n<p><strong>Contato assessoria:\u00a0<\/strong><\/p>\n<p>Paola Souza<\/p>\n<p>55 11 96995-0110<\/p>\n<p><a href=\"mailto:paola.souza@giusticom.com.br\">paola.souza@giusticom.com.br<\/a><\/p>\n<p>&nbsp;<\/p>\n<p>Samuel Olimpio Barbosa<\/p>\n<p>55 11 99121-6073<\/p>\n<p><a href=\"mailto:samuel.olimpio@giusticom.com.br\">samuel.olimpio@giusticom.com.br<\/a><\/p>\n","protected":false},"excerpt":{"rendered":"<p>O curso tem como objetivo promover a capacita\u00e7\u00e3o e a<\/p>\n","protected":false},"author":2,"featured_media":107814,"comment_status":"open","ping_status":"open","sticky":false,"template":"","format":"standard","meta":{"footnotes":""},"categories":[14,3],"tags":[],"class_list":["post-107813","post","type-post","status-publish","format-standard","has-post-thumbnail","hentry","category-barretos","category-geral"],"yoast_head":"<!-- This site is optimized with the Yoast SEO plugin v27.4 - https:\/\/yoast.com\/product\/yoast-seo-wordpress\/ -->\n<title>Minerva Foods abre inscri\u00e7\u00f5es para 12\u00aa turma do Programa de Inclus\u00e3o para Pessoas com Defici\u00eancia na regi\u00e3o de Barretos - Regi\u00e3o News<\/title>\n<meta name=\"robots\" content=\"index, follow, max-snippet:-1, max-image-preview:large, max-video-preview:-1\" \/>\n<link rel=\"canonical\" href=\"https:\/\/regiaonews.net.br\/2022\/2024\/07\/18\/minerva-foods-abre-inscricoes-para-12a-turma-do-programa-de-inclusao-para-pessoas-com-deficiencia-na-regiao-de-barretos\/\" \/>\n<meta property=\"og:locale\" content=\"pt_BR\" \/>\n<meta property=\"og:type\" content=\"article\" \/>\n<meta property=\"og:title\" content=\"Minerva Foods abre inscri\u00e7\u00f5es para 12\u00aa turma do Programa de Inclus\u00e3o para Pessoas com Defici\u00eancia na regi\u00e3o de Barretos - Regi\u00e3o News\" \/>\n<meta property=\"og:description\" content=\"O curso tem como objetivo promover a capacita\u00e7\u00e3o e a\" \/>\n<meta property=\"og:url\" content=\"https:\/\/regiaonews.net.br\/2022\/2024\/07\/18\/minerva-foods-abre-inscricoes-para-12a-turma-do-programa-de-inclusao-para-pessoas-com-deficiencia-na-regiao-de-barretos\/\" \/>\n<meta property=\"og:site_name\" content=\"Regi\u00e3o News\" \/>\n<meta property=\"article:published_time\" content=\"2024-07-18T17:15:19+00:00\" \/>\n<meta property=\"og:image\" content=\"https:\/\/regiaonews.net.br\/2022\/wp-content\/uploads\/2024\/07\/Fachada-Barretos-Toten-e-portao-1-1024x576.png\" \/>\n\t<meta property=\"og:image:width\" content=\"1024\" \/>\n\t<meta property=\"og:image:height\" content=\"576\" \/>\n\t<meta property=\"og:image:type\" content=\"image\/png\" \/>\n<meta name=\"author\" content=\"Roberto\" \/>\n<meta name=\"twitter:card\" content=\"summary_large_image\" \/>\n<meta name=\"twitter:label1\" content=\"Escrito por\" \/>\n\t<meta name=\"twitter:data1\" content=\"Roberto\" \/>\n\t<meta name=\"twitter:label2\" content=\"Est. tempo de leitura\" \/>\n\t<meta name=\"twitter:data2\" content=\"4 minutos\" \/>\n<script type=\"application\/ld+json\" class=\"yoast-schema-graph\">{\"@context\":\"https:\\\/\\\/schema.org\",\"@graph\":[{\"@type\":\"Article\",\"@id\":\"https:\\\/\\\/regiaonews.net.br\\\/2022\\\/2024\\\/07\\\/18\\\/minerva-foods-abre-inscricoes-para-12a-turma-do-programa-de-inclusao-para-pessoas-com-deficiencia-na-regiao-de-barretos\\\/#article\",\"isPartOf\":{\"@id\":\"https:\\\/\\\/regiaonews.net.br\\\/2022\\\/2024\\\/07\\\/18\\\/minerva-foods-abre-inscricoes-para-12a-turma-do-programa-de-inclusao-para-pessoas-com-deficiencia-na-regiao-de-barretos\\\/\"},\"author\":{\"name\":\"Roberto\",\"@id\":\"https:\\\/\\\/regiaonews.net.br\\\/2022\\\/#\\\/schema\\\/person\\\/2d205a608a5aa97ac279d7a5e6d89ad8\"},\"headline\":\"Minerva Foods abre inscri\u00e7\u00f5es para 12\u00aa turma do Programa de Inclus\u00e3o para Pessoas com Defici\u00eancia na regi\u00e3o de Barretos\",\"datePublished\":\"2024-07-18T17:15:19+00:00\",\"mainEntityOfPage\":{\"@id\":\"https:\\\/\\\/regiaonews.net.br\\\/2022\\\/2024\\\/07\\\/18\\\/minerva-foods-abre-inscricoes-para-12a-turma-do-programa-de-inclusao-para-pessoas-com-deficiencia-na-regiao-de-barretos\\\/\"},\"wordCount\":616,\"commentCount\":0,\"publisher\":{\"@id\":\"https:\\\/\\\/regiaonews.net.br\\\/2022\\\/#organization\"},\"image\":{\"@id\":\"https:\\\/\\\/regiaonews.net.br\\\/2022\\\/2024\\\/07\\\/18\\\/minerva-foods-abre-inscricoes-para-12a-turma-do-programa-de-inclusao-para-pessoas-com-deficiencia-na-regiao-de-barretos\\\/#primaryimage\"},\"thumbnailUrl\":\"https:\\\/\\\/regiaonews.net.br\\\/2022\\\/wp-content\\\/uploads\\\/2024\\\/07\\\/Fachada-Barretos-Toten-e-portao-1.png\",\"articleSection\":[\"Barretos\",\"Geral\"],\"inLanguage\":\"pt-BR\",\"potentialAction\":[{\"@type\":\"CommentAction\",\"name\":\"Comment\",\"target\":[\"https:\\\/\\\/regiaonews.net.br\\\/2022\\\/2024\\\/07\\\/18\\\/minerva-foods-abre-inscricoes-para-12a-turma-do-programa-de-inclusao-para-pessoas-com-deficiencia-na-regiao-de-barretos\\\/#respond\"]}]},{\"@type\":\"WebPage\",\"@id\":\"https:\\\/\\\/regiaonews.net.br\\\/2022\\\/2024\\\/07\\\/18\\\/minerva-foods-abre-inscricoes-para-12a-turma-do-programa-de-inclusao-para-pessoas-com-deficiencia-na-regiao-de-barretos\\\/\",\"url\":\"https:\\\/\\\/regiaonews.net.br\\\/2022\\\/2024\\\/07\\\/18\\\/minerva-foods-abre-inscricoes-para-12a-turma-do-programa-de-inclusao-para-pessoas-com-deficiencia-na-regiao-de-barretos\\\/\",\"name\":\"Minerva Foods abre inscri\u00e7\u00f5es para 12\u00aa turma do Programa de Inclus\u00e3o para Pessoas com Defici\u00eancia na regi\u00e3o de Barretos - Regi\u00e3o News\",\"isPartOf\":{\"@id\":\"https:\\\/\\\/regiaonews.net.br\\\/2022\\\/#website\"},\"primaryImageOfPage\":{\"@id\":\"https:\\\/\\\/regiaonews.net.br\\\/2022\\\/2024\\\/07\\\/18\\\/minerva-foods-abre-inscricoes-para-12a-turma-do-programa-de-inclusao-para-pessoas-com-deficiencia-na-regiao-de-barretos\\\/#primaryimage\"},\"image\":{\"@id\":\"https:\\\/\\\/regiaonews.net.br\\\/2022\\\/2024\\\/07\\\/18\\\/minerva-foods-abre-inscricoes-para-12a-turma-do-programa-de-inclusao-para-pessoas-com-deficiencia-na-regiao-de-barretos\\\/#primaryimage\"},\"thumbnailUrl\":\"https:\\\/\\\/regiaonews.net.br\\\/2022\\\/wp-content\\\/uploads\\\/2024\\\/07\\\/Fachada-Barretos-Toten-e-portao-1.png\",\"datePublished\":\"2024-07-18T17:15:19+00:00\",\"breadcrumb\":{\"@id\":\"https:\\\/\\\/regiaonews.net.br\\\/2022\\\/2024\\\/07\\\/18\\\/minerva-foods-abre-inscricoes-para-12a-turma-do-programa-de-inclusao-para-pessoas-com-deficiencia-na-regiao-de-barretos\\\/#breadcrumb\"},\"inLanguage\":\"pt-BR\",\"potentialAction\":[{\"@type\":\"ReadAction\",\"target\":[\"https:\\\/\\\/regiaonews.net.br\\\/2022\\\/2024\\\/07\\\/18\\\/minerva-foods-abre-inscricoes-para-12a-turma-do-programa-de-inclusao-para-pessoas-com-deficiencia-na-regiao-de-barretos\\\/\"]}]},{\"@type\":\"ImageObject\",\"inLanguage\":\"pt-BR\",\"@id\":\"https:\\\/\\\/regiaonews.net.br\\\/2022\\\/2024\\\/07\\\/18\\\/minerva-foods-abre-inscricoes-para-12a-turma-do-programa-de-inclusao-para-pessoas-com-deficiencia-na-regiao-de-barretos\\\/#primaryimage\",\"url\":\"https:\\\/\\\/regiaonews.net.br\\\/2022\\\/wp-content\\\/uploads\\\/2024\\\/07\\\/Fachada-Barretos-Toten-e-portao-1.png\",\"contentUrl\":\"https:\\\/\\\/regiaonews.net.br\\\/2022\\\/wp-content\\\/uploads\\\/2024\\\/07\\\/Fachada-Barretos-Toten-e-portao-1.png\",\"width\":4000,\"height\":2250},{\"@type\":\"BreadcrumbList\",\"@id\":\"https:\\\/\\\/regiaonews.net.br\\\/2022\\\/2024\\\/07\\\/18\\\/minerva-foods-abre-inscricoes-para-12a-turma-do-programa-de-inclusao-para-pessoas-com-deficiencia-na-regiao-de-barretos\\\/#breadcrumb\",\"itemListElement\":[{\"@type\":\"ListItem\",\"position\":1,\"name\":\"In\u00edcio\",\"item\":\"https:\\\/\\\/regiaonews.net.br\\\/2022\\\/\"},{\"@type\":\"ListItem\",\"position\":2,\"name\":\"Minerva Foods abre inscri\u00e7\u00f5es para 12\u00aa turma do Programa de Inclus\u00e3o para Pessoas com Defici\u00eancia na regi\u00e3o de Barretos\"}]},{\"@type\":\"WebSite\",\"@id\":\"https:\\\/\\\/regiaonews.net.br\\\/2022\\\/#website\",\"url\":\"https:\\\/\\\/regiaonews.net.br\\\/2022\\\/\",\"name\":\"Regi\u00e3o News\",\"description\":\"Site de Not\u00edcias de Barretos e regi\u00e3o\",\"publisher\":{\"@id\":\"https:\\\/\\\/regiaonews.net.br\\\/2022\\\/#organization\"},\"potentialAction\":[{\"@type\":\"SearchAction\",\"target\":{\"@type\":\"EntryPoint\",\"urlTemplate\":\"https:\\\/\\\/regiaonews.net.br\\\/2022\\\/?s={search_term_string}\"},\"query-input\":{\"@type\":\"PropertyValueSpecification\",\"valueRequired\":true,\"valueName\":\"search_term_string\"}}],\"inLanguage\":\"pt-BR\"},{\"@type\":\"Organization\",\"@id\":\"https:\\\/\\\/regiaonews.net.br\\\/2022\\\/#organization\",\"name\":\"Regi\u00e3o News\",\"url\":\"https:\\\/\\\/regiaonews.net.br\\\/2022\\\/\",\"logo\":{\"@type\":\"ImageObject\",\"inLanguage\":\"pt-BR\",\"@id\":\"https:\\\/\\\/regiaonews.net.br\\\/2022\\\/#\\\/schema\\\/logo\\\/image\\\/\",\"url\":\"https:\\\/\\\/regiaonews.net.br\\\/2022\\\/wp-content\\\/uploads\\\/2026\\\/03\\\/regiao-13-anos-scaled.jpg\",\"contentUrl\":\"https:\\\/\\\/regiaonews.net.br\\\/2022\\\/wp-content\\\/uploads\\\/2026\\\/03\\\/regiao-13-anos-scaled.jpg\",\"width\":2560,\"height\":635,\"caption\":\"Regi\u00e3o News\"},\"image\":{\"@id\":\"https:\\\/\\\/regiaonews.net.br\\\/2022\\\/#\\\/schema\\\/logo\\\/image\\\/\"}},{\"@type\":\"Person\",\"@id\":\"https:\\\/\\\/regiaonews.net.br\\\/2022\\\/#\\\/schema\\\/person\\\/2d205a608a5aa97ac279d7a5e6d89ad8\",\"name\":\"Roberto\",\"image\":{\"@type\":\"ImageObject\",\"inLanguage\":\"pt-BR\",\"@id\":\"https:\\\/\\\/secure.gravatar.com\\\/avatar\\\/42749d8b712ff9d59ca93dc150494e5b55a44134482993f5baeb97e61b7ecc89?s=96&d=mm&r=g\",\"url\":\"https:\\\/\\\/secure.gravatar.com\\\/avatar\\\/42749d8b712ff9d59ca93dc150494e5b55a44134482993f5baeb97e61b7ecc89?s=96&d=mm&r=g\",\"contentUrl\":\"https:\\\/\\\/secure.gravatar.com\\\/avatar\\\/42749d8b712ff9d59ca93dc150494e5b55a44134482993f5baeb97e61b7ecc89?s=96&d=mm&r=g\",\"caption\":\"Roberto\"},\"url\":\"https:\\\/\\\/regiaonews.net.br\\\/2022\\\/author\\\/roberto\\\/\"}]}<\/script>\n<!-- \/ Yoast SEO plugin. -->","yoast_head_json":{"title":"Minerva Foods abre inscri\u00e7\u00f5es para 12\u00aa turma do Programa de Inclus\u00e3o para Pessoas com Defici\u00eancia na regi\u00e3o de Barretos - Regi\u00e3o News","robots":{"index":"index","follow":"follow","max-snippet":"max-snippet:-1","max-image-preview":"max-image-preview:large","max-video-preview":"max-video-preview:-1"},"canonical":"https:\/\/regiaonews.net.br\/2022\/2024\/07\/18\/minerva-foods-abre-inscricoes-para-12a-turma-do-programa-de-inclusao-para-pessoas-com-deficiencia-na-regiao-de-barretos\/","og_locale":"pt_BR","og_type":"article","og_title":"Minerva Foods abre inscri\u00e7\u00f5es para 12\u00aa turma do Programa de Inclus\u00e3o para Pessoas com Defici\u00eancia na regi\u00e3o de Barretos - Regi\u00e3o News","og_description":"O curso tem como objetivo promover a capacita\u00e7\u00e3o e a","og_url":"https:\/\/regiaonews.net.br\/2022\/2024\/07\/18\/minerva-foods-abre-inscricoes-para-12a-turma-do-programa-de-inclusao-para-pessoas-com-deficiencia-na-regiao-de-barretos\/","og_site_name":"Regi\u00e3o News","article_published_time":"2024-07-18T17:15:19+00:00","og_image":[{"width":1024,"height":576,"url":"https:\/\/regiaonews.net.br\/2022\/wp-content\/uploads\/2024\/07\/Fachada-Barretos-Toten-e-portao-1-1024x576.png","type":"image\/png"}],"author":"Roberto","twitter_card":"summary_large_image","twitter_misc":{"Escrito por":"Roberto","Est. tempo de leitura":"4 minutos"},"schema":{"@context":"https:\/\/schema.org","@graph":[{"@type":"Article","@id":"https:\/\/regiaonews.net.br\/2022\/2024\/07\/18\/minerva-foods-abre-inscricoes-para-12a-turma-do-programa-de-inclusao-para-pessoas-com-deficiencia-na-regiao-de-barretos\/#article","isPartOf":{"@id":"https:\/\/regiaonews.net.br\/2022\/2024\/07\/18\/minerva-foods-abre-inscricoes-para-12a-turma-do-programa-de-inclusao-para-pessoas-com-deficiencia-na-regiao-de-barretos\/"},"author":{"name":"Roberto","@id":"https:\/\/regiaonews.net.br\/2022\/#\/schema\/person\/2d205a608a5aa97ac279d7a5e6d89ad8"},"headline":"Minerva Foods abre inscri\u00e7\u00f5es para 12\u00aa turma do Programa de Inclus\u00e3o para Pessoas com Defici\u00eancia na regi\u00e3o de Barretos","datePublished":"2024-07-18T17:15:19+00:00","mainEntityOfPage":{"@id":"https:\/\/regiaonews.net.br\/2022\/2024\/07\/18\/minerva-foods-abre-inscricoes-para-12a-turma-do-programa-de-inclusao-para-pessoas-com-deficiencia-na-regiao-de-barretos\/"},"wordCount":616,"commentCount":0,"publisher":{"@id":"https:\/\/regiaonews.net.br\/2022\/#organization"},"image":{"@id":"https:\/\/regiaonews.net.br\/2022\/2024\/07\/18\/minerva-foods-abre-inscricoes-para-12a-turma-do-programa-de-inclusao-para-pessoas-com-deficiencia-na-regiao-de-barretos\/#primaryimage"},"thumbnailUrl":"https:\/\/regiaonews.net.br\/2022\/wp-content\/uploads\/2024\/07\/Fachada-Barretos-Toten-e-portao-1.png","articleSection":["Barretos","Geral"],"inLanguage":"pt-BR","potentialAction":[{"@type":"CommentAction","name":"Comment","target":["https:\/\/regiaonews.net.br\/2022\/2024\/07\/18\/minerva-foods-abre-inscricoes-para-12a-turma-do-programa-de-inclusao-para-pessoas-com-deficiencia-na-regiao-de-barretos\/#respond"]}]},{"@type":"WebPage","@id":"https:\/\/regiaonews.net.br\/2022\/2024\/07\/18\/minerva-foods-abre-inscricoes-para-12a-turma-do-programa-de-inclusao-para-pessoas-com-deficiencia-na-regiao-de-barretos\/","url":"https:\/\/regiaonews.net.br\/2022\/2024\/07\/18\/minerva-foods-abre-inscricoes-para-12a-turma-do-programa-de-inclusao-para-pessoas-com-deficiencia-na-regiao-de-barretos\/","name":"Minerva Foods abre inscri\u00e7\u00f5es para 12\u00aa turma do Programa de Inclus\u00e3o para Pessoas com Defici\u00eancia na regi\u00e3o de Barretos - Regi\u00e3o News","isPartOf":{"@id":"https:\/\/regiaonews.net.br\/2022\/#website"},"primaryImageOfPage":{"@id":"https:\/\/regiaonews.net.br\/2022\/2024\/07\/18\/minerva-foods-abre-inscricoes-para-12a-turma-do-programa-de-inclusao-para-pessoas-com-deficiencia-na-regiao-de-barretos\/#primaryimage"},"image":{"@id":"https:\/\/regiaonews.net.br\/2022\/2024\/07\/18\/minerva-foods-abre-inscricoes-para-12a-turma-do-programa-de-inclusao-para-pessoas-com-deficiencia-na-regiao-de-barretos\/#primaryimage"},"thumbnailUrl":"https:\/\/regiaonews.net.br\/2022\/wp-content\/uploads\/2024\/07\/Fachada-Barretos-Toten-e-portao-1.png","datePublished":"2024-07-18T17:15:19+00:00","breadcrumb":{"@id":"https:\/\/regiaonews.net.br\/2022\/2024\/07\/18\/minerva-foods-abre-inscricoes-para-12a-turma-do-programa-de-inclusao-para-pessoas-com-deficiencia-na-regiao-de-barretos\/#breadcrumb"},"inLanguage":"pt-BR","potentialAction":[{"@type":"ReadAction","target":["https:\/\/regiaonews.net.br\/2022\/2024\/07\/18\/minerva-foods-abre-inscricoes-para-12a-turma-do-programa-de-inclusao-para-pessoas-com-deficiencia-na-regiao-de-barretos\/"]}]},{"@type":"ImageObject","inLanguage":"pt-BR","@id":"https:\/\/regiaonews.net.br\/2022\/2024\/07\/18\/minerva-foods-abre-inscricoes-para-12a-turma-do-programa-de-inclusao-para-pessoas-com-deficiencia-na-regiao-de-barretos\/#primaryimage","url":"https:\/\/regiaonews.net.br\/2022\/wp-content\/uploads\/2024\/07\/Fachada-Barretos-Toten-e-portao-1.png","contentUrl":"https:\/\/regiaonews.net.br\/2022\/wp-content\/uploads\/2024\/07\/Fachada-Barretos-Toten-e-portao-1.png","width":4000,"height":2250},{"@type":"BreadcrumbList","@id":"https:\/\/regiaonews.net.br\/2022\/2024\/07\/18\/minerva-foods-abre-inscricoes-para-12a-turma-do-programa-de-inclusao-para-pessoas-com-deficiencia-na-regiao-de-barretos\/#breadcrumb","itemListElement":[{"@type":"ListItem","position":1,"name":"In\u00edcio","item":"https:\/\/regiaonews.net.br\/2022\/"},{"@type":"ListItem","position":2,"name":"Minerva Foods abre inscri\u00e7\u00f5es para 12\u00aa turma do Programa de Inclus\u00e3o para Pessoas com Defici\u00eancia na regi\u00e3o de Barretos"}]},{"@type":"WebSite","@id":"https:\/\/regiaonews.net.br\/2022\/#website","url":"https:\/\/regiaonews.net.br\/2022\/","name":"Regi\u00e3o News","description":"Site de Not\u00edcias de Barretos e regi\u00e3o","publisher":{"@id":"https:\/\/regiaonews.net.br\/2022\/#organization"},"potentialAction":[{"@type":"SearchAction","target":{"@type":"EntryPoint","urlTemplate":"https:\/\/regiaonews.net.br\/2022\/?s={search_term_string}"},"query-input":{"@type":"PropertyValueSpecification","valueRequired":true,"valueName":"search_term_string"}}],"inLanguage":"pt-BR"},{"@type":"Organization","@id":"https:\/\/regiaonews.net.br\/2022\/#organization","name":"Regi\u00e3o News","url":"https:\/\/regiaonews.net.br\/2022\/","logo":{"@type":"ImageObject","inLanguage":"pt-BR","@id":"https:\/\/regiaonews.net.br\/2022\/#\/schema\/logo\/image\/","url":"https:\/\/regiaonews.net.br\/2022\/wp-content\/uploads\/2026\/03\/regiao-13-anos-scaled.jpg","contentUrl":"https:\/\/regiaonews.net.br\/2022\/wp-content\/uploads\/2026\/03\/regiao-13-anos-scaled.jpg","width":2560,"height":635,"caption":"Regi\u00e3o News"},"image":{"@id":"https:\/\/regiaonews.net.br\/2022\/#\/schema\/logo\/image\/"}},{"@type":"Person","@id":"https:\/\/regiaonews.net.br\/2022\/#\/schema\/person\/2d205a608a5aa97ac279d7a5e6d89ad8","name":"Roberto","image":{"@type":"ImageObject","inLanguage":"pt-BR","@id":"https:\/\/secure.gravatar.com\/avatar\/42749d8b712ff9d59ca93dc150494e5b55a44134482993f5baeb97e61b7ecc89?s=96&d=mm&r=g","url":"https:\/\/secure.gravatar.com\/avatar\/42749d8b712ff9d59ca93dc150494e5b55a44134482993f5baeb97e61b7ecc89?s=96&d=mm&r=g","contentUrl":"https:\/\/secure.gravatar.com\/avatar\/42749d8b712ff9d59ca93dc150494e5b55a44134482993f5baeb97e61b7ecc89?s=96&d=mm&r=g","caption":"Roberto"},"url":"https:\/\/regiaonews.net.br\/2022\/author\/roberto\/"}]}},"publishpress_future_action":{"enabled":false,"date":"2026-05-03 18:26:27","action":"change-status","newStatus":"draft","terms":[],"taxonomy":"category","extraData":[]},"publishpress_future_workflow_manual_trigger":{"enabledWorkflows":[]},"_links":{"self":[{"href":"https:\/\/regiaonews.net.br\/2022\/wp-json\/wp\/v2\/posts\/107813","targetHints":{"allow":["GET"]}}],"collection":[{"href":"https:\/\/regiaonews.net.br\/2022\/wp-json\/wp\/v2\/posts"}],"about":[{"href":"https:\/\/regiaonews.net.br\/2022\/wp-json\/wp\/v2\/types\/post"}],"author":[{"embeddable":true,"href":"https:\/\/regiaonews.net.br\/2022\/wp-json\/wp\/v2\/users\/2"}],"replies":[{"embeddable":true,"href":"https:\/\/regiaonews.net.br\/2022\/wp-json\/wp\/v2\/comments?post=107813"}],"version-history":[{"count":1,"href":"https:\/\/regiaonews.net.br\/2022\/wp-json\/wp\/v2\/posts\/107813\/revisions"}],"predecessor-version":[{"id":107815,"href":"https:\/\/regiaonews.net.br\/2022\/wp-json\/wp\/v2\/posts\/107813\/revisions\/107815"}],"wp:featuredmedia":[{"embeddable":true,"href":"https:\/\/regiaonews.net.br\/2022\/wp-json\/wp\/v2\/media\/107814"}],"wp:attachment":[{"href":"https:\/\/regiaonews.net.br\/2022\/wp-json\/wp\/v2\/media?parent=107813"}],"wp:term":[{"taxonomy":"category","embeddable":true,"href":"https:\/\/regiaonews.net.br\/2022\/wp-json\/wp\/v2\/categories?post=107813"},{"taxonomy":"post_tag","embeddable":true,"href":"https:\/\/regiaonews.net.br\/2022\/wp-json\/wp\/v2\/tags?post=107813"}],"curies":[{"name":"wp","href":"https:\/\/api.w.org\/{rel}","templated":true}]}}