{"id":107803,"date":"2024-07-17T14:12:58","date_gmt":"2024-07-17T17:12:58","guid":{"rendered":"https:\/\/regiaonews.net.br\/2022\/?p=107803"},"modified":"2024-07-17T14:12:58","modified_gmt":"2024-07-17T17:12:58","slug":"vagas-no-ensino-tecnico-da-educacao-de-sp-devem-aumentar-quase-140-em-2025","status":"publish","type":"post","link":"https:\/\/regiaonews.net.br\/2022\/2024\/07\/17\/vagas-no-ensino-tecnico-da-educacao-de-sp-devem-aumentar-quase-140-em-2025\/","title":{"rendered":"Vagas no ensino t\u00e9cnico da Educa\u00e7\u00e3o de SP devem aumentar quase 140% em 2025"},"content":{"rendered":"<h3 class=\"excerpt\" style=\"text-align: center;\">N\u00famero de alunos matriculados no ensino t\u00e9cnico da rede estadual de S\u00e3o Paulo deve aumentar de quase 72 mil neste ano para 170 mil em 2025<\/h3>\n<p>O n\u00famero de alunos matriculados no ensino t\u00e9cnico da rede estadual de S\u00e3o Paulo deve aumentar de quase 72 mil neste ano, para 170 mil em 2025. A previs\u00e3o \u00e9 da Secretaria da Educa\u00e7\u00e3o do Estado.<\/p>\n<p>A pasta prev\u00ea ampliar de 1.393 para 1.911 escolas estaduais que oferecem o ensino profissionalizante, citado por especialistas como etapa importante para impulsionar a entrada dos estudantes no mercado de trabalho.<\/p>\n<p>As 170 mil matr\u00edculas previstas para o pr\u00f3ximo ano letivo contemplam os estudantes que estar\u00e3o na 2\u00aa e 3\u00aa s\u00e9rie do Ensino M\u00e9dio, per\u00edodo dedicado aos aprofundamentos previstos no Novo Ensino M\u00e9dio.<\/p>\n<p>Para o ano que vem, ser\u00e3o oferecidos os nove cursos da grade da Educa\u00e7\u00e3o, que inclui administra\u00e7\u00e3o, agroneg\u00f3cio, ci\u00eancia de dados, desenvolvimento de sistemas, enfermagem, farm\u00e1cia, hospedagem, log\u00edstica e vendas, al\u00e9m das turmas com aulas nos centros do Senai (Servi\u00e7o Nacional de Aprendizagem Industrial) e no Senac (Servi\u00e7o Nacional de Aprendizagem Comercial).<\/p>\n<p>A Secretaria da Educa\u00e7\u00e3o ampliar\u00e1, ainda, o n\u00famero de cidades que ter\u00e3o a oferta de ensino t\u00e9cnico na rede \u2014 das atuais 349 para uma perspectiva de estar em 463 munic\u00edpios, um aumento de 32,6%. Em 2022, o t\u00e9cnico era oferecido a alunos de 161 cidades paulistas.<\/p>\n<p>\u201cUm relat\u00f3rio da OCDE (Organiza\u00e7\u00e3o para a Coopera\u00e7\u00e3o e Desenvolvimento Econ\u00f4mico) publicado no ano passado aponta que a educa\u00e7\u00e3o profissional \u00e9 essencial para o desenvolvimento do Brasil. Aqui em S\u00e3o Paulo, estamos caminhando para oferecer ao estado e ao pa\u00eds estudantes formados em \u00e1reas importantes para o desenvolvimento econ\u00f4mico e valoriza\u00e7\u00e3o desses mesmos alunos\u201d, afirma o secret\u00e1rio da Educa\u00e7\u00e3o, Renato Feder.<\/p>\n<p>O coordenador pedag\u00f3gico da Educa\u00e7\u00e3o, Daniel Barros, explica que al\u00e9m da educa\u00e7\u00e3o profissionalizante ser um diferencial para o aluno no mercado de trabalho, estudos apontam tamb\u00e9m impactos positivos no rendimento escolar desse estudante: \u201cOs alunos que fazem o ensino t\u00e9cnico t\u00eam quatro, cinco pontos percentuais a mais de frequ\u00eancia escolar. Ent\u00e3o, esses alunos v\u00e3o mais para a escola, eles s\u00e3o mais frequentes, mais motivados e t\u00eam um desempenho melhor nas avalia\u00e7\u00f5es padronizadas da Secretaria da Educa\u00e7\u00e3o, as avalia\u00e7\u00f5es da Prova Paulista, que s\u00e3o bimestrais\u201d.<\/p>\n<p>Nas escolas estaduais, as aulas s\u00e3o ministradas por professores contratados pela Seduc-SP e em alguns casos por professores do Centro Paula Souza.<\/p>\n<h2><strong>Sele\u00e7\u00e3o para professores<\/strong><\/h2>\n<p><a href=\"https:\/\/www.saopaulo.sp.gov.br\/spnoticias\/ultimas-noticias\/sp-abre-edital-para-processo-seletivo-de-professores-para-turmas-do-ensino-tecnico\/\">A Educa\u00e7\u00e3o est\u00e1 com inscri\u00e7\u00f5es abertas no processo seletivo simplificado para contrata\u00e7\u00e3o tempor\u00e1ria de professores do Itiner\u00e1rio de Forma\u00e7\u00e3o T\u00e9cnica Profissional do Ensino M\u00e9dio.<\/a>\u00a0As inscri\u00e7\u00f5es podem ser feitas at\u00e9 5 de agosto no site\u00a0<a href=\"https:\/\/conhecimento.fgv.br\/concursos\/seducsp24\" target=\"_blank\" rel=\"noopener\">https:\/\/conhecimento.fgv.br\/concursos\/seducsp24<\/a>.<\/p>\n<p>Na inscri\u00e7\u00e3o, o candidato deve escolher uma Diretoria de Ensino de sua prefer\u00eancia dentre as 91 regionais de todo o estado para sua eventual aloca\u00e7\u00e3o. Dever\u00e1 tamb\u00e9m indicar um Eixo de Prova, de acordo com os cursos em que pretende lecionar. A taxa de inscri\u00e7\u00e3o \u00e9 de R$ 49.<\/p>\n<p>A remunera\u00e7\u00e3o dos professores selecionados \u00e9 de R$ 5.300 para jornada de 40 horas semanais e de R$ 3.312,50 para jornada de 25 horas semanais. Para 2025, devem ser contratados cerca de 3.000 profissionais. As provas objetiva e discursiva est\u00e3o marcadas para 29 de setembro.<\/p>\n","protected":false},"excerpt":{"rendered":"<p>N\u00famero de alunos matriculados no ensino t\u00e9cnico da rede estadual<\/p>\n","protected":false},"author":2,"featured_media":85913,"comment_status":"open","ping_status":"open","sticky":false,"template":"","format":"standard","meta":{"footnotes":""},"categories":[7,3],"tags":[],"class_list":["post-107803","post","type-post","status-publish","format-standard","has-post-thumbnail","hentry","category-estado-de-sao-paulo","category-geral"],"yoast_head":"<!-- This site is optimized with the Yoast SEO plugin v27.4 - https:\/\/yoast.com\/product\/yoast-seo-wordpress\/ -->\n<title>Vagas no ensino t\u00e9cnico da Educa\u00e7\u00e3o de SP devem aumentar quase 140% em 2025 - Regi\u00e3o News<\/title>\n<meta name=\"robots\" content=\"index, follow, max-snippet:-1, max-image-preview:large, max-video-preview:-1\" \/>\n<link rel=\"canonical\" href=\"https:\/\/regiaonews.net.br\/2022\/2024\/07\/17\/vagas-no-ensino-tecnico-da-educacao-de-sp-devem-aumentar-quase-140-em-2025\/\" \/>\n<meta property=\"og:locale\" content=\"pt_BR\" \/>\n<meta property=\"og:type\" content=\"article\" \/>\n<meta property=\"og:title\" content=\"Vagas no ensino t\u00e9cnico da Educa\u00e7\u00e3o de SP devem aumentar quase 140% em 2025 - Regi\u00e3o News\" \/>\n<meta property=\"og:description\" content=\"N\u00famero de alunos matriculados no ensino t\u00e9cnico da rede estadual\" \/>\n<meta property=\"og:url\" content=\"https:\/\/regiaonews.net.br\/2022\/2024\/07\/17\/vagas-no-ensino-tecnico-da-educacao-de-sp-devem-aumentar-quase-140-em-2025\/\" \/>\n<meta property=\"og:site_name\" content=\"Regi\u00e3o News\" \/>\n<meta property=\"article:published_time\" content=\"2024-07-17T17:12:58+00:00\" \/>\n<meta property=\"og:image\" content=\"https:\/\/regiaonews.net.br\/2022\/wp-content\/uploads\/2023\/03\/carteira-de-trabalho-digital_mcamgo_abr_240620211818-5.jpg\" \/>\n\t<meta property=\"og:image:width\" content=\"1170\" \/>\n\t<meta property=\"og:image:height\" content=\"700\" \/>\n\t<meta property=\"og:image:type\" content=\"image\/jpeg\" \/>\n<meta name=\"author\" content=\"Roberto\" \/>\n<meta name=\"twitter:card\" content=\"summary_large_image\" \/>\n<meta name=\"twitter:label1\" content=\"Escrito por\" \/>\n\t<meta name=\"twitter:data1\" content=\"Roberto\" \/>\n\t<meta name=\"twitter:label2\" content=\"Est. tempo de leitura\" \/>\n\t<meta name=\"twitter:data2\" content=\"3 minutos\" \/>\n<script type=\"application\/ld+json\" class=\"yoast-schema-graph\">{\"@context\":\"https:\\\/\\\/schema.org\",\"@graph\":[{\"@type\":\"Article\",\"@id\":\"https:\\\/\\\/regiaonews.net.br\\\/2022\\\/2024\\\/07\\\/17\\\/vagas-no-ensino-tecnico-da-educacao-de-sp-devem-aumentar-quase-140-em-2025\\\/#article\",\"isPartOf\":{\"@id\":\"https:\\\/\\\/regiaonews.net.br\\\/2022\\\/2024\\\/07\\\/17\\\/vagas-no-ensino-tecnico-da-educacao-de-sp-devem-aumentar-quase-140-em-2025\\\/\"},\"author\":{\"name\":\"Roberto\",\"@id\":\"https:\\\/\\\/regiaonews.net.br\\\/2022\\\/#\\\/schema\\\/person\\\/2d205a608a5aa97ac279d7a5e6d89ad8\"},\"headline\":\"Vagas no ensino t\u00e9cnico da Educa\u00e7\u00e3o de SP devem aumentar quase 140% em 2025\",\"datePublished\":\"2024-07-17T17:12:58+00:00\",\"mainEntityOfPage\":{\"@id\":\"https:\\\/\\\/regiaonews.net.br\\\/2022\\\/2024\\\/07\\\/17\\\/vagas-no-ensino-tecnico-da-educacao-de-sp-devem-aumentar-quase-140-em-2025\\\/\"},\"wordCount\":588,\"commentCount\":0,\"publisher\":{\"@id\":\"https:\\\/\\\/regiaonews.net.br\\\/2022\\\/#organization\"},\"image\":{\"@id\":\"https:\\\/\\\/regiaonews.net.br\\\/2022\\\/2024\\\/07\\\/17\\\/vagas-no-ensino-tecnico-da-educacao-de-sp-devem-aumentar-quase-140-em-2025\\\/#primaryimage\"},\"thumbnailUrl\":\"https:\\\/\\\/regiaonews.net.br\\\/2022\\\/wp-content\\\/uploads\\\/2023\\\/03\\\/carteira-de-trabalho-digital_mcamgo_abr_240620211818-5.jpg\",\"articleSection\":[\"Estado de S\u00e3o Paulo\",\"Geral\"],\"inLanguage\":\"pt-BR\",\"potentialAction\":[{\"@type\":\"CommentAction\",\"name\":\"Comment\",\"target\":[\"https:\\\/\\\/regiaonews.net.br\\\/2022\\\/2024\\\/07\\\/17\\\/vagas-no-ensino-tecnico-da-educacao-de-sp-devem-aumentar-quase-140-em-2025\\\/#respond\"]}]},{\"@type\":\"WebPage\",\"@id\":\"https:\\\/\\\/regiaonews.net.br\\\/2022\\\/2024\\\/07\\\/17\\\/vagas-no-ensino-tecnico-da-educacao-de-sp-devem-aumentar-quase-140-em-2025\\\/\",\"url\":\"https:\\\/\\\/regiaonews.net.br\\\/2022\\\/2024\\\/07\\\/17\\\/vagas-no-ensino-tecnico-da-educacao-de-sp-devem-aumentar-quase-140-em-2025\\\/\",\"name\":\"Vagas no ensino t\u00e9cnico da Educa\u00e7\u00e3o de SP devem aumentar quase 140% em 2025 - Regi\u00e3o News\",\"isPartOf\":{\"@id\":\"https:\\\/\\\/regiaonews.net.br\\\/2022\\\/#website\"},\"primaryImageOfPage\":{\"@id\":\"https:\\\/\\\/regiaonews.net.br\\\/2022\\\/2024\\\/07\\\/17\\\/vagas-no-ensino-tecnico-da-educacao-de-sp-devem-aumentar-quase-140-em-2025\\\/#primaryimage\"},\"image\":{\"@id\":\"https:\\\/\\\/regiaonews.net.br\\\/2022\\\/2024\\\/07\\\/17\\\/vagas-no-ensino-tecnico-da-educacao-de-sp-devem-aumentar-quase-140-em-2025\\\/#primaryimage\"},\"thumbnailUrl\":\"https:\\\/\\\/regiaonews.net.br\\\/2022\\\/wp-content\\\/uploads\\\/2023\\\/03\\\/carteira-de-trabalho-digital_mcamgo_abr_240620211818-5.jpg\",\"datePublished\":\"2024-07-17T17:12:58+00:00\",\"breadcrumb\":{\"@id\":\"https:\\\/\\\/regiaonews.net.br\\\/2022\\\/2024\\\/07\\\/17\\\/vagas-no-ensino-tecnico-da-educacao-de-sp-devem-aumentar-quase-140-em-2025\\\/#breadcrumb\"},\"inLanguage\":\"pt-BR\",\"potentialAction\":[{\"@type\":\"ReadAction\",\"target\":[\"https:\\\/\\\/regiaonews.net.br\\\/2022\\\/2024\\\/07\\\/17\\\/vagas-no-ensino-tecnico-da-educacao-de-sp-devem-aumentar-quase-140-em-2025\\\/\"]}]},{\"@type\":\"ImageObject\",\"inLanguage\":\"pt-BR\",\"@id\":\"https:\\\/\\\/regiaonews.net.br\\\/2022\\\/2024\\\/07\\\/17\\\/vagas-no-ensino-tecnico-da-educacao-de-sp-devem-aumentar-quase-140-em-2025\\\/#primaryimage\",\"url\":\"https:\\\/\\\/regiaonews.net.br\\\/2022\\\/wp-content\\\/uploads\\\/2023\\\/03\\\/carteira-de-trabalho-digital_mcamgo_abr_240620211818-5.jpg\",\"contentUrl\":\"https:\\\/\\\/regiaonews.net.br\\\/2022\\\/wp-content\\\/uploads\\\/2023\\\/03\\\/carteira-de-trabalho-digital_mcamgo_abr_240620211818-5.jpg\",\"width\":1170,\"height\":700,\"caption\":\"Carteira de trabalho digital.\"},{\"@type\":\"BreadcrumbList\",\"@id\":\"https:\\\/\\\/regiaonews.net.br\\\/2022\\\/2024\\\/07\\\/17\\\/vagas-no-ensino-tecnico-da-educacao-de-sp-devem-aumentar-quase-140-em-2025\\\/#breadcrumb\",\"itemListElement\":[{\"@type\":\"ListItem\",\"position\":1,\"name\":\"In\u00edcio\",\"item\":\"https:\\\/\\\/regiaonews.net.br\\\/2022\\\/\"},{\"@type\":\"ListItem\",\"position\":2,\"name\":\"Vagas no ensino t\u00e9cnico da Educa\u00e7\u00e3o de SP devem aumentar quase 140% em 2025\"}]},{\"@type\":\"WebSite\",\"@id\":\"https:\\\/\\\/regiaonews.net.br\\\/2022\\\/#website\",\"url\":\"https:\\\/\\\/regiaonews.net.br\\\/2022\\\/\",\"name\":\"Regi\u00e3o News\",\"description\":\"Site de Not\u00edcias de Barretos e regi\u00e3o\",\"publisher\":{\"@id\":\"https:\\\/\\\/regiaonews.net.br\\\/2022\\\/#organization\"},\"potentialAction\":[{\"@type\":\"SearchAction\",\"target\":{\"@type\":\"EntryPoint\",\"urlTemplate\":\"https:\\\/\\\/regiaonews.net.br\\\/2022\\\/?s={search_term_string}\"},\"query-input\":{\"@type\":\"PropertyValueSpecification\",\"valueRequired\":true,\"valueName\":\"search_term_string\"}}],\"inLanguage\":\"pt-BR\"},{\"@type\":\"Organization\",\"@id\":\"https:\\\/\\\/regiaonews.net.br\\\/2022\\\/#organization\",\"name\":\"Regi\u00e3o News\",\"url\":\"https:\\\/\\\/regiaonews.net.br\\\/2022\\\/\",\"logo\":{\"@type\":\"ImageObject\",\"inLanguage\":\"pt-BR\",\"@id\":\"https:\\\/\\\/regiaonews.net.br\\\/2022\\\/#\\\/schema\\\/logo\\\/image\\\/\",\"url\":\"https:\\\/\\\/regiaonews.net.br\\\/2022\\\/wp-content\\\/uploads\\\/2026\\\/03\\\/regiao-13-anos-scaled.jpg\",\"contentUrl\":\"https:\\\/\\\/regiaonews.net.br\\\/2022\\\/wp-content\\\/uploads\\\/2026\\\/03\\\/regiao-13-anos-scaled.jpg\",\"width\":2560,\"height\":635,\"caption\":\"Regi\u00e3o News\"},\"image\":{\"@id\":\"https:\\\/\\\/regiaonews.net.br\\\/2022\\\/#\\\/schema\\\/logo\\\/image\\\/\"}},{\"@type\":\"Person\",\"@id\":\"https:\\\/\\\/regiaonews.net.br\\\/2022\\\/#\\\/schema\\\/person\\\/2d205a608a5aa97ac279d7a5e6d89ad8\",\"name\":\"Roberto\",\"image\":{\"@type\":\"ImageObject\",\"inLanguage\":\"pt-BR\",\"@id\":\"https:\\\/\\\/secure.gravatar.com\\\/avatar\\\/42749d8b712ff9d59ca93dc150494e5b55a44134482993f5baeb97e61b7ecc89?s=96&d=mm&r=g\",\"url\":\"https:\\\/\\\/secure.gravatar.com\\\/avatar\\\/42749d8b712ff9d59ca93dc150494e5b55a44134482993f5baeb97e61b7ecc89?s=96&d=mm&r=g\",\"contentUrl\":\"https:\\\/\\\/secure.gravatar.com\\\/avatar\\\/42749d8b712ff9d59ca93dc150494e5b55a44134482993f5baeb97e61b7ecc89?s=96&d=mm&r=g\",\"caption\":\"Roberto\"},\"url\":\"https:\\\/\\\/regiaonews.net.br\\\/2022\\\/author\\\/roberto\\\/\"}]}<\/script>\n<!-- \/ Yoast SEO plugin. -->","yoast_head_json":{"title":"Vagas no ensino t\u00e9cnico da Educa\u00e7\u00e3o de SP devem aumentar quase 140% em 2025 - Regi\u00e3o News","robots":{"index":"index","follow":"follow","max-snippet":"max-snippet:-1","max-image-preview":"max-image-preview:large","max-video-preview":"max-video-preview:-1"},"canonical":"https:\/\/regiaonews.net.br\/2022\/2024\/07\/17\/vagas-no-ensino-tecnico-da-educacao-de-sp-devem-aumentar-quase-140-em-2025\/","og_locale":"pt_BR","og_type":"article","og_title":"Vagas no ensino t\u00e9cnico da Educa\u00e7\u00e3o de SP devem aumentar quase 140% em 2025 - Regi\u00e3o News","og_description":"N\u00famero de alunos matriculados no ensino t\u00e9cnico da rede estadual","og_url":"https:\/\/regiaonews.net.br\/2022\/2024\/07\/17\/vagas-no-ensino-tecnico-da-educacao-de-sp-devem-aumentar-quase-140-em-2025\/","og_site_name":"Regi\u00e3o News","article_published_time":"2024-07-17T17:12:58+00:00","og_image":[{"width":1170,"height":700,"url":"https:\/\/regiaonews.net.br\/2022\/wp-content\/uploads\/2023\/03\/carteira-de-trabalho-digital_mcamgo_abr_240620211818-5.jpg","type":"image\/jpeg"}],"author":"Roberto","twitter_card":"summary_large_image","twitter_misc":{"Escrito por":"Roberto","Est. tempo de leitura":"3 minutos"},"schema":{"@context":"https:\/\/schema.org","@graph":[{"@type":"Article","@id":"https:\/\/regiaonews.net.br\/2022\/2024\/07\/17\/vagas-no-ensino-tecnico-da-educacao-de-sp-devem-aumentar-quase-140-em-2025\/#article","isPartOf":{"@id":"https:\/\/regiaonews.net.br\/2022\/2024\/07\/17\/vagas-no-ensino-tecnico-da-educacao-de-sp-devem-aumentar-quase-140-em-2025\/"},"author":{"name":"Roberto","@id":"https:\/\/regiaonews.net.br\/2022\/#\/schema\/person\/2d205a608a5aa97ac279d7a5e6d89ad8"},"headline":"Vagas no ensino t\u00e9cnico da Educa\u00e7\u00e3o de SP devem aumentar quase 140% em 2025","datePublished":"2024-07-17T17:12:58+00:00","mainEntityOfPage":{"@id":"https:\/\/regiaonews.net.br\/2022\/2024\/07\/17\/vagas-no-ensino-tecnico-da-educacao-de-sp-devem-aumentar-quase-140-em-2025\/"},"wordCount":588,"commentCount":0,"publisher":{"@id":"https:\/\/regiaonews.net.br\/2022\/#organization"},"image":{"@id":"https:\/\/regiaonews.net.br\/2022\/2024\/07\/17\/vagas-no-ensino-tecnico-da-educacao-de-sp-devem-aumentar-quase-140-em-2025\/#primaryimage"},"thumbnailUrl":"https:\/\/regiaonews.net.br\/2022\/wp-content\/uploads\/2023\/03\/carteira-de-trabalho-digital_mcamgo_abr_240620211818-5.jpg","articleSection":["Estado de S\u00e3o Paulo","Geral"],"inLanguage":"pt-BR","potentialAction":[{"@type":"CommentAction","name":"Comment","target":["https:\/\/regiaonews.net.br\/2022\/2024\/07\/17\/vagas-no-ensino-tecnico-da-educacao-de-sp-devem-aumentar-quase-140-em-2025\/#respond"]}]},{"@type":"WebPage","@id":"https:\/\/regiaonews.net.br\/2022\/2024\/07\/17\/vagas-no-ensino-tecnico-da-educacao-de-sp-devem-aumentar-quase-140-em-2025\/","url":"https:\/\/regiaonews.net.br\/2022\/2024\/07\/17\/vagas-no-ensino-tecnico-da-educacao-de-sp-devem-aumentar-quase-140-em-2025\/","name":"Vagas no ensino t\u00e9cnico da Educa\u00e7\u00e3o de SP devem aumentar quase 140% em 2025 - Regi\u00e3o News","isPartOf":{"@id":"https:\/\/regiaonews.net.br\/2022\/#website"},"primaryImageOfPage":{"@id":"https:\/\/regiaonews.net.br\/2022\/2024\/07\/17\/vagas-no-ensino-tecnico-da-educacao-de-sp-devem-aumentar-quase-140-em-2025\/#primaryimage"},"image":{"@id":"https:\/\/regiaonews.net.br\/2022\/2024\/07\/17\/vagas-no-ensino-tecnico-da-educacao-de-sp-devem-aumentar-quase-140-em-2025\/#primaryimage"},"thumbnailUrl":"https:\/\/regiaonews.net.br\/2022\/wp-content\/uploads\/2023\/03\/carteira-de-trabalho-digital_mcamgo_abr_240620211818-5.jpg","datePublished":"2024-07-17T17:12:58+00:00","breadcrumb":{"@id":"https:\/\/regiaonews.net.br\/2022\/2024\/07\/17\/vagas-no-ensino-tecnico-da-educacao-de-sp-devem-aumentar-quase-140-em-2025\/#breadcrumb"},"inLanguage":"pt-BR","potentialAction":[{"@type":"ReadAction","target":["https:\/\/regiaonews.net.br\/2022\/2024\/07\/17\/vagas-no-ensino-tecnico-da-educacao-de-sp-devem-aumentar-quase-140-em-2025\/"]}]},{"@type":"ImageObject","inLanguage":"pt-BR","@id":"https:\/\/regiaonews.net.br\/2022\/2024\/07\/17\/vagas-no-ensino-tecnico-da-educacao-de-sp-devem-aumentar-quase-140-em-2025\/#primaryimage","url":"https:\/\/regiaonews.net.br\/2022\/wp-content\/uploads\/2023\/03\/carteira-de-trabalho-digital_mcamgo_abr_240620211818-5.jpg","contentUrl":"https:\/\/regiaonews.net.br\/2022\/wp-content\/uploads\/2023\/03\/carteira-de-trabalho-digital_mcamgo_abr_240620211818-5.jpg","width":1170,"height":700,"caption":"Carteira de trabalho digital."},{"@type":"BreadcrumbList","@id":"https:\/\/regiaonews.net.br\/2022\/2024\/07\/17\/vagas-no-ensino-tecnico-da-educacao-de-sp-devem-aumentar-quase-140-em-2025\/#breadcrumb","itemListElement":[{"@type":"ListItem","position":1,"name":"In\u00edcio","item":"https:\/\/regiaonews.net.br\/2022\/"},{"@type":"ListItem","position":2,"name":"Vagas no ensino t\u00e9cnico da Educa\u00e7\u00e3o de SP devem aumentar quase 140% em 2025"}]},{"@type":"WebSite","@id":"https:\/\/regiaonews.net.br\/2022\/#website","url":"https:\/\/regiaonews.net.br\/2022\/","name":"Regi\u00e3o News","description":"Site de Not\u00edcias de Barretos e regi\u00e3o","publisher":{"@id":"https:\/\/regiaonews.net.br\/2022\/#organization"},"potentialAction":[{"@type":"SearchAction","target":{"@type":"EntryPoint","urlTemplate":"https:\/\/regiaonews.net.br\/2022\/?s={search_term_string}"},"query-input":{"@type":"PropertyValueSpecification","valueRequired":true,"valueName":"search_term_string"}}],"inLanguage":"pt-BR"},{"@type":"Organization","@id":"https:\/\/regiaonews.net.br\/2022\/#organization","name":"Regi\u00e3o News","url":"https:\/\/regiaonews.net.br\/2022\/","logo":{"@type":"ImageObject","inLanguage":"pt-BR","@id":"https:\/\/regiaonews.net.br\/2022\/#\/schema\/logo\/image\/","url":"https:\/\/regiaonews.net.br\/2022\/wp-content\/uploads\/2026\/03\/regiao-13-anos-scaled.jpg","contentUrl":"https:\/\/regiaonews.net.br\/2022\/wp-content\/uploads\/2026\/03\/regiao-13-anos-scaled.jpg","width":2560,"height":635,"caption":"Regi\u00e3o News"},"image":{"@id":"https:\/\/regiaonews.net.br\/2022\/#\/schema\/logo\/image\/"}},{"@type":"Person","@id":"https:\/\/regiaonews.net.br\/2022\/#\/schema\/person\/2d205a608a5aa97ac279d7a5e6d89ad8","name":"Roberto","image":{"@type":"ImageObject","inLanguage":"pt-BR","@id":"https:\/\/secure.gravatar.com\/avatar\/42749d8b712ff9d59ca93dc150494e5b55a44134482993f5baeb97e61b7ecc89?s=96&d=mm&r=g","url":"https:\/\/secure.gravatar.com\/avatar\/42749d8b712ff9d59ca93dc150494e5b55a44134482993f5baeb97e61b7ecc89?s=96&d=mm&r=g","contentUrl":"https:\/\/secure.gravatar.com\/avatar\/42749d8b712ff9d59ca93dc150494e5b55a44134482993f5baeb97e61b7ecc89?s=96&d=mm&r=g","caption":"Roberto"},"url":"https:\/\/regiaonews.net.br\/2022\/author\/roberto\/"}]}},"publishpress_future_action":{"enabled":false,"date":"2026-05-03 11:16:32","action":"change-status","newStatus":"draft","terms":[],"taxonomy":"category","extraData":[]},"publishpress_future_workflow_manual_trigger":{"enabledWorkflows":[]},"_links":{"self":[{"href":"https:\/\/regiaonews.net.br\/2022\/wp-json\/wp\/v2\/posts\/107803","targetHints":{"allow":["GET"]}}],"collection":[{"href":"https:\/\/regiaonews.net.br\/2022\/wp-json\/wp\/v2\/posts"}],"about":[{"href":"https:\/\/regiaonews.net.br\/2022\/wp-json\/wp\/v2\/types\/post"}],"author":[{"embeddable":true,"href":"https:\/\/regiaonews.net.br\/2022\/wp-json\/wp\/v2\/users\/2"}],"replies":[{"embeddable":true,"href":"https:\/\/regiaonews.net.br\/2022\/wp-json\/wp\/v2\/comments?post=107803"}],"version-history":[{"count":1,"href":"https:\/\/regiaonews.net.br\/2022\/wp-json\/wp\/v2\/posts\/107803\/revisions"}],"predecessor-version":[{"id":107804,"href":"https:\/\/regiaonews.net.br\/2022\/wp-json\/wp\/v2\/posts\/107803\/revisions\/107804"}],"wp:featuredmedia":[{"embeddable":true,"href":"https:\/\/regiaonews.net.br\/2022\/wp-json\/wp\/v2\/media\/85913"}],"wp:attachment":[{"href":"https:\/\/regiaonews.net.br\/2022\/wp-json\/wp\/v2\/media?parent=107803"}],"wp:term":[{"taxonomy":"category","embeddable":true,"href":"https:\/\/regiaonews.net.br\/2022\/wp-json\/wp\/v2\/categories?post=107803"},{"taxonomy":"post_tag","embeddable":true,"href":"https:\/\/regiaonews.net.br\/2022\/wp-json\/wp\/v2\/tags?post=107803"}],"curies":[{"name":"wp","href":"https:\/\/api.w.org\/{rel}","templated":true}]}}