{"id":107782,"date":"2024-07-17T09:40:17","date_gmt":"2024-07-17T12:40:17","guid":{"rendered":"https:\/\/regiaonews.net.br\/2022\/?p=107782"},"modified":"2024-07-17T09:40:17","modified_gmt":"2024-07-17T12:40:17","slug":"ibge-reduz-projecao-para-o-plano-safra-saiba-quais-os-impactos-e-implicacoes-economicas","status":"publish","type":"post","link":"https:\/\/regiaonews.net.br\/2022\/2024\/07\/17\/ibge-reduz-projecao-para-o-plano-safra-saiba-quais-os-impactos-e-implicacoes-economicas\/","title":{"rendered":"IBGE reduz proje\u00e7\u00e3o para o Plano Safra: Saiba quais os impactos e implica\u00e7\u00f5es econ\u00f4micas"},"content":{"rendered":"<p>O Instituto Brasileiro de Geografia e Estat\u00edstica (IBGE) recentemente revisou para baixo suas proje\u00e7\u00f5es para o Plano Safra, gerando repercuss\u00f5es significativas no cen\u00e1rio econ\u00f4mico nacional. Esta revis\u00e3o representa um ajuste cr\u00edtico nas expectativas para a produ\u00e7\u00e3o agr\u00edcola do Brasil, um dos pilares fundamentais da economia do pa\u00eds.<\/p>\n<p>Contexto e Import\u00e2ncia do Plano Safra<br \/>\nO Plano Safra \u00e9 um programa crucial para o setor agr\u00edcola brasileiro, oferecendo diretrizes e recursos financeiros para fomentar a produ\u00e7\u00e3o agr\u00edcola, garantir a seguran\u00e7a alimentar e impulsionar o crescimento econ\u00f4mico. A cada ano, o Governo Federal estabelece metas e recursos para subsidiar insumos, custeio e investimentos em infraestrutura rural, como forma de sustentar a competitividade do agroneg\u00f3cio brasileiro tanto no mercado interno quanto no internacional.<\/p>\n<p>Revis\u00e3o pelo IBGE e Motiva\u00e7\u00f5es<br \/>\nA redu\u00e7\u00e3o nas proje\u00e7\u00f5es pelo IBGE reflete uma an\u00e1lise revisada das condi\u00e7\u00f5es clim\u00e1ticas, tend\u00eancias de mercado e outros fatores que afetam diretamente a produ\u00e7\u00e3o agr\u00edcola. A metodologia utilizada pelo IBGE combina dados hist\u00f3ricos, previs\u00f5es clim\u00e1ticas e an\u00e1lises econ\u00f4micas para prever com precis\u00e3o a produ\u00e7\u00e3o agr\u00edcola futura. A revis\u00e3o para baixo indica um cen\u00e1rio de menor crescimento ou at\u00e9 mesmo estagna\u00e7\u00e3o em compara\u00e7\u00e3o com as expectativas anteriores.<\/p>\n<p>Impactos Econ\u00f4micos e Sociais<\/p>\n<p>1 &#8211; Econ\u00f4micos: A redu\u00e7\u00e3o nas proje\u00e7\u00f5es do Plano Safra pode ter impactos econ\u00f4micos significativos, especialmente no que tange \u00e0 oferta de alimentos e commodities agr\u00edcolas. Menor produ\u00e7\u00e3o pode levar a aumentos nos pre\u00e7os dos alimentos, afetando a infla\u00e7\u00e3o e o poder de compra dos consumidores. Al\u00e9m disso, a agricultura representa uma parte substancial do PIB brasileiro, sendo essencial para a balan\u00e7a comercial do pa\u00eds.<\/p>\n<p>2 &#8211; Sociais: A agricultura \u00e9 uma importante fonte de emprego e renda em \u00e1reas rurais, sendo que qualquer redu\u00e7\u00e3o na produ\u00e7\u00e3o pode afetar diretamente o emprego nessas regi\u00f5es. Al\u00e9m disso, a seguran\u00e7a alimentar da popula\u00e7\u00e3o depende da produ\u00e7\u00e3o agr\u00edcola est\u00e1vel e suficiente.<\/p>\n<p>Estrat\u00e9gias e Respostas<br \/>\nDiante dessa revis\u00e3o, \u00e9 esperado que o governo e o setor privado adotem estrat\u00e9gias para mitigar os impactos negativos. Isso pode incluir incentivos adicionais aos agricultores, investimentos em tecnologia agr\u00edcola para aumentar a efici\u00eancia produtiva, e medidas para garantir que os recursos do Plano Safra sejam utilizados de forma eficaz e transparente.<\/p>\n<p>Conclus\u00e3o<br \/>\nMinha conclus\u00e3o, como advogado especialista em Direito do Agroneg\u00f3cio, \u00e9 que a revis\u00e3o para baixo das proje\u00e7\u00f5es pelo IBGE para o Plano Safra alerta para desafios iminentes no setor agr\u00edcola brasileiro. \u00c9 essencial que pol\u00edticas p\u00fablicas e estrat\u00e9gias privadas estejam alinhadas para garantir a resili\u00eancia do setor, promover o crescimento sustent\u00e1vel e assegurar a estabilidade econ\u00f4mica e social do pa\u00eds.<\/p>\n<p>*Ricardo Dosso \u00e9 advogado no escrit\u00f3rio Dosso Toledo Advogados, situado em Ribeir\u00e3o\u00a0Preto-SP.<\/p>\n","protected":false},"excerpt":{"rendered":"<p>O Instituto Brasileiro de Geografia e Estat\u00edstica (IBGE) recentemente revisou<\/p>\n","protected":false},"author":2,"featured_media":107784,"comment_status":"open","ping_status":"open","sticky":false,"template":"","format":"standard","meta":{"footnotes":""},"categories":[24,3],"tags":[],"class_list":["post-107782","post","type-post","status-publish","format-standard","has-post-thumbnail","hentry","category-brasil","category-geral"],"yoast_head":"<!-- This site is optimized with the Yoast SEO plugin v27.4 - https:\/\/yoast.com\/product\/yoast-seo-wordpress\/ -->\n<title>IBGE reduz proje\u00e7\u00e3o para o Plano Safra: Saiba quais os impactos e implica\u00e7\u00f5es econ\u00f4micas - Regi\u00e3o News<\/title>\n<meta name=\"robots\" content=\"index, follow, max-snippet:-1, max-image-preview:large, max-video-preview:-1\" \/>\n<link rel=\"canonical\" href=\"https:\/\/regiaonews.net.br\/2022\/2024\/07\/17\/ibge-reduz-projecao-para-o-plano-safra-saiba-quais-os-impactos-e-implicacoes-economicas\/\" \/>\n<meta property=\"og:locale\" content=\"pt_BR\" \/>\n<meta property=\"og:type\" content=\"article\" \/>\n<meta property=\"og:title\" content=\"IBGE reduz proje\u00e7\u00e3o para o Plano Safra: Saiba quais os impactos e implica\u00e7\u00f5es econ\u00f4micas - Regi\u00e3o News\" \/>\n<meta property=\"og:description\" content=\"O Instituto Brasileiro de Geografia e Estat\u00edstica (IBGE) recentemente revisou\" \/>\n<meta property=\"og:url\" content=\"https:\/\/regiaonews.net.br\/2022\/2024\/07\/17\/ibge-reduz-projecao-para-o-plano-safra-saiba-quais-os-impactos-e-implicacoes-economicas\/\" \/>\n<meta property=\"og:site_name\" content=\"Regi\u00e3o News\" \/>\n<meta property=\"article:published_time\" content=\"2024-07-17T12:40:17+00:00\" \/>\n<meta property=\"og:image\" content=\"https:\/\/regiaonews.net.br\/2022\/wp-content\/uploads\/2024\/07\/Imagem-do-WhatsApp-de-2024-07-17-as-08.35.27_60706a7b.jpg\" \/>\n\t<meta property=\"og:image:width\" content=\"1200\" \/>\n\t<meta property=\"og:image:height\" content=\"720\" \/>\n\t<meta property=\"og:image:type\" content=\"image\/jpeg\" \/>\n<meta name=\"author\" content=\"Roberto\" \/>\n<meta name=\"twitter:card\" content=\"summary_large_image\" \/>\n<meta name=\"twitter:label1\" content=\"Escrito por\" \/>\n\t<meta name=\"twitter:data1\" content=\"Roberto\" \/>\n\t<meta name=\"twitter:label2\" content=\"Est. tempo de leitura\" \/>\n\t<meta name=\"twitter:data2\" content=\"3 minutos\" \/>\n<script type=\"application\/ld+json\" class=\"yoast-schema-graph\">{\"@context\":\"https:\\\/\\\/schema.org\",\"@graph\":[{\"@type\":\"Article\",\"@id\":\"https:\\\/\\\/regiaonews.net.br\\\/2022\\\/2024\\\/07\\\/17\\\/ibge-reduz-projecao-para-o-plano-safra-saiba-quais-os-impactos-e-implicacoes-economicas\\\/#article\",\"isPartOf\":{\"@id\":\"https:\\\/\\\/regiaonews.net.br\\\/2022\\\/2024\\\/07\\\/17\\\/ibge-reduz-projecao-para-o-plano-safra-saiba-quais-os-impactos-e-implicacoes-economicas\\\/\"},\"author\":{\"name\":\"Roberto\",\"@id\":\"https:\\\/\\\/regiaonews.net.br\\\/2022\\\/#\\\/schema\\\/person\\\/2d205a608a5aa97ac279d7a5e6d89ad8\"},\"headline\":\"IBGE reduz proje\u00e7\u00e3o para o Plano Safra: Saiba quais os impactos e implica\u00e7\u00f5es econ\u00f4micas\",\"datePublished\":\"2024-07-17T12:40:17+00:00\",\"mainEntityOfPage\":{\"@id\":\"https:\\\/\\\/regiaonews.net.br\\\/2022\\\/2024\\\/07\\\/17\\\/ibge-reduz-projecao-para-o-plano-safra-saiba-quais-os-impactos-e-implicacoes-economicas\\\/\"},\"wordCount\":519,\"commentCount\":0,\"publisher\":{\"@id\":\"https:\\\/\\\/regiaonews.net.br\\\/2022\\\/#organization\"},\"image\":{\"@id\":\"https:\\\/\\\/regiaonews.net.br\\\/2022\\\/2024\\\/07\\\/17\\\/ibge-reduz-projecao-para-o-plano-safra-saiba-quais-os-impactos-e-implicacoes-economicas\\\/#primaryimage\"},\"thumbnailUrl\":\"https:\\\/\\\/regiaonews.net.br\\\/2022\\\/wp-content\\\/uploads\\\/2024\\\/07\\\/Imagem-do-WhatsApp-de-2024-07-17-as-08.35.27_60706a7b.jpg\",\"articleSection\":[\"Brasil\",\"Geral\"],\"inLanguage\":\"pt-BR\",\"potentialAction\":[{\"@type\":\"CommentAction\",\"name\":\"Comment\",\"target\":[\"https:\\\/\\\/regiaonews.net.br\\\/2022\\\/2024\\\/07\\\/17\\\/ibge-reduz-projecao-para-o-plano-safra-saiba-quais-os-impactos-e-implicacoes-economicas\\\/#respond\"]}]},{\"@type\":\"WebPage\",\"@id\":\"https:\\\/\\\/regiaonews.net.br\\\/2022\\\/2024\\\/07\\\/17\\\/ibge-reduz-projecao-para-o-plano-safra-saiba-quais-os-impactos-e-implicacoes-economicas\\\/\",\"url\":\"https:\\\/\\\/regiaonews.net.br\\\/2022\\\/2024\\\/07\\\/17\\\/ibge-reduz-projecao-para-o-plano-safra-saiba-quais-os-impactos-e-implicacoes-economicas\\\/\",\"name\":\"IBGE reduz proje\u00e7\u00e3o para o Plano Safra: Saiba quais os impactos e implica\u00e7\u00f5es econ\u00f4micas - Regi\u00e3o News\",\"isPartOf\":{\"@id\":\"https:\\\/\\\/regiaonews.net.br\\\/2022\\\/#website\"},\"primaryImageOfPage\":{\"@id\":\"https:\\\/\\\/regiaonews.net.br\\\/2022\\\/2024\\\/07\\\/17\\\/ibge-reduz-projecao-para-o-plano-safra-saiba-quais-os-impactos-e-implicacoes-economicas\\\/#primaryimage\"},\"image\":{\"@id\":\"https:\\\/\\\/regiaonews.net.br\\\/2022\\\/2024\\\/07\\\/17\\\/ibge-reduz-projecao-para-o-plano-safra-saiba-quais-os-impactos-e-implicacoes-economicas\\\/#primaryimage\"},\"thumbnailUrl\":\"https:\\\/\\\/regiaonews.net.br\\\/2022\\\/wp-content\\\/uploads\\\/2024\\\/07\\\/Imagem-do-WhatsApp-de-2024-07-17-as-08.35.27_60706a7b.jpg\",\"datePublished\":\"2024-07-17T12:40:17+00:00\",\"breadcrumb\":{\"@id\":\"https:\\\/\\\/regiaonews.net.br\\\/2022\\\/2024\\\/07\\\/17\\\/ibge-reduz-projecao-para-o-plano-safra-saiba-quais-os-impactos-e-implicacoes-economicas\\\/#breadcrumb\"},\"inLanguage\":\"pt-BR\",\"potentialAction\":[{\"@type\":\"ReadAction\",\"target\":[\"https:\\\/\\\/regiaonews.net.br\\\/2022\\\/2024\\\/07\\\/17\\\/ibge-reduz-projecao-para-o-plano-safra-saiba-quais-os-impactos-e-implicacoes-economicas\\\/\"]}]},{\"@type\":\"ImageObject\",\"inLanguage\":\"pt-BR\",\"@id\":\"https:\\\/\\\/regiaonews.net.br\\\/2022\\\/2024\\\/07\\\/17\\\/ibge-reduz-projecao-para-o-plano-safra-saiba-quais-os-impactos-e-implicacoes-economicas\\\/#primaryimage\",\"url\":\"https:\\\/\\\/regiaonews.net.br\\\/2022\\\/wp-content\\\/uploads\\\/2024\\\/07\\\/Imagem-do-WhatsApp-de-2024-07-17-as-08.35.27_60706a7b.jpg\",\"contentUrl\":\"https:\\\/\\\/regiaonews.net.br\\\/2022\\\/wp-content\\\/uploads\\\/2024\\\/07\\\/Imagem-do-WhatsApp-de-2024-07-17-as-08.35.27_60706a7b.jpg\",\"width\":1200,\"height\":720},{\"@type\":\"BreadcrumbList\",\"@id\":\"https:\\\/\\\/regiaonews.net.br\\\/2022\\\/2024\\\/07\\\/17\\\/ibge-reduz-projecao-para-o-plano-safra-saiba-quais-os-impactos-e-implicacoes-economicas\\\/#breadcrumb\",\"itemListElement\":[{\"@type\":\"ListItem\",\"position\":1,\"name\":\"In\u00edcio\",\"item\":\"https:\\\/\\\/regiaonews.net.br\\\/2022\\\/\"},{\"@type\":\"ListItem\",\"position\":2,\"name\":\"IBGE reduz proje\u00e7\u00e3o para o Plano Safra: Saiba quais os impactos e implica\u00e7\u00f5es econ\u00f4micas\"}]},{\"@type\":\"WebSite\",\"@id\":\"https:\\\/\\\/regiaonews.net.br\\\/2022\\\/#website\",\"url\":\"https:\\\/\\\/regiaonews.net.br\\\/2022\\\/\",\"name\":\"Regi\u00e3o News\",\"description\":\"Site de Not\u00edcias de Barretos e regi\u00e3o\",\"publisher\":{\"@id\":\"https:\\\/\\\/regiaonews.net.br\\\/2022\\\/#organization\"},\"potentialAction\":[{\"@type\":\"SearchAction\",\"target\":{\"@type\":\"EntryPoint\",\"urlTemplate\":\"https:\\\/\\\/regiaonews.net.br\\\/2022\\\/?s={search_term_string}\"},\"query-input\":{\"@type\":\"PropertyValueSpecification\",\"valueRequired\":true,\"valueName\":\"search_term_string\"}}],\"inLanguage\":\"pt-BR\"},{\"@type\":\"Organization\",\"@id\":\"https:\\\/\\\/regiaonews.net.br\\\/2022\\\/#organization\",\"name\":\"Regi\u00e3o News\",\"url\":\"https:\\\/\\\/regiaonews.net.br\\\/2022\\\/\",\"logo\":{\"@type\":\"ImageObject\",\"inLanguage\":\"pt-BR\",\"@id\":\"https:\\\/\\\/regiaonews.net.br\\\/2022\\\/#\\\/schema\\\/logo\\\/image\\\/\",\"url\":\"https:\\\/\\\/regiaonews.net.br\\\/2022\\\/wp-content\\\/uploads\\\/2026\\\/03\\\/regiao-13-anos-scaled.jpg\",\"contentUrl\":\"https:\\\/\\\/regiaonews.net.br\\\/2022\\\/wp-content\\\/uploads\\\/2026\\\/03\\\/regiao-13-anos-scaled.jpg\",\"width\":2560,\"height\":635,\"caption\":\"Regi\u00e3o News\"},\"image\":{\"@id\":\"https:\\\/\\\/regiaonews.net.br\\\/2022\\\/#\\\/schema\\\/logo\\\/image\\\/\"}},{\"@type\":\"Person\",\"@id\":\"https:\\\/\\\/regiaonews.net.br\\\/2022\\\/#\\\/schema\\\/person\\\/2d205a608a5aa97ac279d7a5e6d89ad8\",\"name\":\"Roberto\",\"image\":{\"@type\":\"ImageObject\",\"inLanguage\":\"pt-BR\",\"@id\":\"https:\\\/\\\/secure.gravatar.com\\\/avatar\\\/42749d8b712ff9d59ca93dc150494e5b55a44134482993f5baeb97e61b7ecc89?s=96&d=mm&r=g\",\"url\":\"https:\\\/\\\/secure.gravatar.com\\\/avatar\\\/42749d8b712ff9d59ca93dc150494e5b55a44134482993f5baeb97e61b7ecc89?s=96&d=mm&r=g\",\"contentUrl\":\"https:\\\/\\\/secure.gravatar.com\\\/avatar\\\/42749d8b712ff9d59ca93dc150494e5b55a44134482993f5baeb97e61b7ecc89?s=96&d=mm&r=g\",\"caption\":\"Roberto\"},\"url\":\"https:\\\/\\\/regiaonews.net.br\\\/2022\\\/author\\\/roberto\\\/\"}]}<\/script>\n<!-- \/ Yoast SEO plugin. -->","yoast_head_json":{"title":"IBGE reduz proje\u00e7\u00e3o para o Plano Safra: Saiba quais os impactos e implica\u00e7\u00f5es econ\u00f4micas - Regi\u00e3o News","robots":{"index":"index","follow":"follow","max-snippet":"max-snippet:-1","max-image-preview":"max-image-preview:large","max-video-preview":"max-video-preview:-1"},"canonical":"https:\/\/regiaonews.net.br\/2022\/2024\/07\/17\/ibge-reduz-projecao-para-o-plano-safra-saiba-quais-os-impactos-e-implicacoes-economicas\/","og_locale":"pt_BR","og_type":"article","og_title":"IBGE reduz proje\u00e7\u00e3o para o Plano Safra: Saiba quais os impactos e implica\u00e7\u00f5es econ\u00f4micas - Regi\u00e3o News","og_description":"O Instituto Brasileiro de Geografia e Estat\u00edstica (IBGE) recentemente revisou","og_url":"https:\/\/regiaonews.net.br\/2022\/2024\/07\/17\/ibge-reduz-projecao-para-o-plano-safra-saiba-quais-os-impactos-e-implicacoes-economicas\/","og_site_name":"Regi\u00e3o News","article_published_time":"2024-07-17T12:40:17+00:00","og_image":[{"width":1200,"height":720,"url":"https:\/\/regiaonews.net.br\/2022\/wp-content\/uploads\/2024\/07\/Imagem-do-WhatsApp-de-2024-07-17-as-08.35.27_60706a7b.jpg","type":"image\/jpeg"}],"author":"Roberto","twitter_card":"summary_large_image","twitter_misc":{"Escrito por":"Roberto","Est. tempo de leitura":"3 minutos"},"schema":{"@context":"https:\/\/schema.org","@graph":[{"@type":"Article","@id":"https:\/\/regiaonews.net.br\/2022\/2024\/07\/17\/ibge-reduz-projecao-para-o-plano-safra-saiba-quais-os-impactos-e-implicacoes-economicas\/#article","isPartOf":{"@id":"https:\/\/regiaonews.net.br\/2022\/2024\/07\/17\/ibge-reduz-projecao-para-o-plano-safra-saiba-quais-os-impactos-e-implicacoes-economicas\/"},"author":{"name":"Roberto","@id":"https:\/\/regiaonews.net.br\/2022\/#\/schema\/person\/2d205a608a5aa97ac279d7a5e6d89ad8"},"headline":"IBGE reduz proje\u00e7\u00e3o para o Plano Safra: Saiba quais os impactos e implica\u00e7\u00f5es econ\u00f4micas","datePublished":"2024-07-17T12:40:17+00:00","mainEntityOfPage":{"@id":"https:\/\/regiaonews.net.br\/2022\/2024\/07\/17\/ibge-reduz-projecao-para-o-plano-safra-saiba-quais-os-impactos-e-implicacoes-economicas\/"},"wordCount":519,"commentCount":0,"publisher":{"@id":"https:\/\/regiaonews.net.br\/2022\/#organization"},"image":{"@id":"https:\/\/regiaonews.net.br\/2022\/2024\/07\/17\/ibge-reduz-projecao-para-o-plano-safra-saiba-quais-os-impactos-e-implicacoes-economicas\/#primaryimage"},"thumbnailUrl":"https:\/\/regiaonews.net.br\/2022\/wp-content\/uploads\/2024\/07\/Imagem-do-WhatsApp-de-2024-07-17-as-08.35.27_60706a7b.jpg","articleSection":["Brasil","Geral"],"inLanguage":"pt-BR","potentialAction":[{"@type":"CommentAction","name":"Comment","target":["https:\/\/regiaonews.net.br\/2022\/2024\/07\/17\/ibge-reduz-projecao-para-o-plano-safra-saiba-quais-os-impactos-e-implicacoes-economicas\/#respond"]}]},{"@type":"WebPage","@id":"https:\/\/regiaonews.net.br\/2022\/2024\/07\/17\/ibge-reduz-projecao-para-o-plano-safra-saiba-quais-os-impactos-e-implicacoes-economicas\/","url":"https:\/\/regiaonews.net.br\/2022\/2024\/07\/17\/ibge-reduz-projecao-para-o-plano-safra-saiba-quais-os-impactos-e-implicacoes-economicas\/","name":"IBGE reduz proje\u00e7\u00e3o para o Plano Safra: Saiba quais os impactos e implica\u00e7\u00f5es econ\u00f4micas - Regi\u00e3o News","isPartOf":{"@id":"https:\/\/regiaonews.net.br\/2022\/#website"},"primaryImageOfPage":{"@id":"https:\/\/regiaonews.net.br\/2022\/2024\/07\/17\/ibge-reduz-projecao-para-o-plano-safra-saiba-quais-os-impactos-e-implicacoes-economicas\/#primaryimage"},"image":{"@id":"https:\/\/regiaonews.net.br\/2022\/2024\/07\/17\/ibge-reduz-projecao-para-o-plano-safra-saiba-quais-os-impactos-e-implicacoes-economicas\/#primaryimage"},"thumbnailUrl":"https:\/\/regiaonews.net.br\/2022\/wp-content\/uploads\/2024\/07\/Imagem-do-WhatsApp-de-2024-07-17-as-08.35.27_60706a7b.jpg","datePublished":"2024-07-17T12:40:17+00:00","breadcrumb":{"@id":"https:\/\/regiaonews.net.br\/2022\/2024\/07\/17\/ibge-reduz-projecao-para-o-plano-safra-saiba-quais-os-impactos-e-implicacoes-economicas\/#breadcrumb"},"inLanguage":"pt-BR","potentialAction":[{"@type":"ReadAction","target":["https:\/\/regiaonews.net.br\/2022\/2024\/07\/17\/ibge-reduz-projecao-para-o-plano-safra-saiba-quais-os-impactos-e-implicacoes-economicas\/"]}]},{"@type":"ImageObject","inLanguage":"pt-BR","@id":"https:\/\/regiaonews.net.br\/2022\/2024\/07\/17\/ibge-reduz-projecao-para-o-plano-safra-saiba-quais-os-impactos-e-implicacoes-economicas\/#primaryimage","url":"https:\/\/regiaonews.net.br\/2022\/wp-content\/uploads\/2024\/07\/Imagem-do-WhatsApp-de-2024-07-17-as-08.35.27_60706a7b.jpg","contentUrl":"https:\/\/regiaonews.net.br\/2022\/wp-content\/uploads\/2024\/07\/Imagem-do-WhatsApp-de-2024-07-17-as-08.35.27_60706a7b.jpg","width":1200,"height":720},{"@type":"BreadcrumbList","@id":"https:\/\/regiaonews.net.br\/2022\/2024\/07\/17\/ibge-reduz-projecao-para-o-plano-safra-saiba-quais-os-impactos-e-implicacoes-economicas\/#breadcrumb","itemListElement":[{"@type":"ListItem","position":1,"name":"In\u00edcio","item":"https:\/\/regiaonews.net.br\/2022\/"},{"@type":"ListItem","position":2,"name":"IBGE reduz proje\u00e7\u00e3o para o Plano Safra: Saiba quais os impactos e implica\u00e7\u00f5es econ\u00f4micas"}]},{"@type":"WebSite","@id":"https:\/\/regiaonews.net.br\/2022\/#website","url":"https:\/\/regiaonews.net.br\/2022\/","name":"Regi\u00e3o News","description":"Site de Not\u00edcias de Barretos e regi\u00e3o","publisher":{"@id":"https:\/\/regiaonews.net.br\/2022\/#organization"},"potentialAction":[{"@type":"SearchAction","target":{"@type":"EntryPoint","urlTemplate":"https:\/\/regiaonews.net.br\/2022\/?s={search_term_string}"},"query-input":{"@type":"PropertyValueSpecification","valueRequired":true,"valueName":"search_term_string"}}],"inLanguage":"pt-BR"},{"@type":"Organization","@id":"https:\/\/regiaonews.net.br\/2022\/#organization","name":"Regi\u00e3o News","url":"https:\/\/regiaonews.net.br\/2022\/","logo":{"@type":"ImageObject","inLanguage":"pt-BR","@id":"https:\/\/regiaonews.net.br\/2022\/#\/schema\/logo\/image\/","url":"https:\/\/regiaonews.net.br\/2022\/wp-content\/uploads\/2026\/03\/regiao-13-anos-scaled.jpg","contentUrl":"https:\/\/regiaonews.net.br\/2022\/wp-content\/uploads\/2026\/03\/regiao-13-anos-scaled.jpg","width":2560,"height":635,"caption":"Regi\u00e3o News"},"image":{"@id":"https:\/\/regiaonews.net.br\/2022\/#\/schema\/logo\/image\/"}},{"@type":"Person","@id":"https:\/\/regiaonews.net.br\/2022\/#\/schema\/person\/2d205a608a5aa97ac279d7a5e6d89ad8","name":"Roberto","image":{"@type":"ImageObject","inLanguage":"pt-BR","@id":"https:\/\/secure.gravatar.com\/avatar\/42749d8b712ff9d59ca93dc150494e5b55a44134482993f5baeb97e61b7ecc89?s=96&d=mm&r=g","url":"https:\/\/secure.gravatar.com\/avatar\/42749d8b712ff9d59ca93dc150494e5b55a44134482993f5baeb97e61b7ecc89?s=96&d=mm&r=g","contentUrl":"https:\/\/secure.gravatar.com\/avatar\/42749d8b712ff9d59ca93dc150494e5b55a44134482993f5baeb97e61b7ecc89?s=96&d=mm&r=g","caption":"Roberto"},"url":"https:\/\/regiaonews.net.br\/2022\/author\/roberto\/"}]}},"publishpress_future_action":{"enabled":false,"date":"2026-05-03 03:05:42","action":"change-status","newStatus":"draft","terms":[],"taxonomy":"category","extraData":[]},"publishpress_future_workflow_manual_trigger":{"enabledWorkflows":[]},"_links":{"self":[{"href":"https:\/\/regiaonews.net.br\/2022\/wp-json\/wp\/v2\/posts\/107782","targetHints":{"allow":["GET"]}}],"collection":[{"href":"https:\/\/regiaonews.net.br\/2022\/wp-json\/wp\/v2\/posts"}],"about":[{"href":"https:\/\/regiaonews.net.br\/2022\/wp-json\/wp\/v2\/types\/post"}],"author":[{"embeddable":true,"href":"https:\/\/regiaonews.net.br\/2022\/wp-json\/wp\/v2\/users\/2"}],"replies":[{"embeddable":true,"href":"https:\/\/regiaonews.net.br\/2022\/wp-json\/wp\/v2\/comments?post=107782"}],"version-history":[{"count":1,"href":"https:\/\/regiaonews.net.br\/2022\/wp-json\/wp\/v2\/posts\/107782\/revisions"}],"predecessor-version":[{"id":107785,"href":"https:\/\/regiaonews.net.br\/2022\/wp-json\/wp\/v2\/posts\/107782\/revisions\/107785"}],"wp:featuredmedia":[{"embeddable":true,"href":"https:\/\/regiaonews.net.br\/2022\/wp-json\/wp\/v2\/media\/107784"}],"wp:attachment":[{"href":"https:\/\/regiaonews.net.br\/2022\/wp-json\/wp\/v2\/media?parent=107782"}],"wp:term":[{"taxonomy":"category","embeddable":true,"href":"https:\/\/regiaonews.net.br\/2022\/wp-json\/wp\/v2\/categories?post=107782"},{"taxonomy":"post_tag","embeddable":true,"href":"https:\/\/regiaonews.net.br\/2022\/wp-json\/wp\/v2\/tags?post=107782"}],"curies":[{"name":"wp","href":"https:\/\/api.w.org\/{rel}","templated":true}]}}