{"id":107732,"date":"2024-07-16T14:27:34","date_gmt":"2024-07-16T17:27:34","guid":{"rendered":"https:\/\/regiaonews.net.br\/2022\/?p=107732"},"modified":"2024-07-16T15:42:11","modified_gmt":"2024-07-16T18:42:11","slug":"escoteiros-do-brasil-comemoram-100-anos-com-mega-acampamento-em-barretos","status":"publish","type":"post","link":"https:\/\/regiaonews.net.br\/2022\/2024\/07\/16\/escoteiros-do-brasil-comemoram-100-anos-com-mega-acampamento-em-barretos\/","title":{"rendered":"Escoteiros do Brasil comemoram 100 anos com mega acampamento em Barretos"},"content":{"rendered":"<h3 style=\"text-align: center;\">Mais de 6 mil participantes se encontrar\u00e3o no Parque do Pe\u00e3o durante as f\u00e9rias de julho.<\/h3>\n<p>Para celebrar um s\u00e9culo de exist\u00eancia, mais de 6 mil Escoteiros do Brasil, Portugal e Hong Kong, se reunir\u00e3o em Barretos para o Jamboree do Centen\u00e1rio, um acampamento de grande dimens\u00e3o em estrutura e em recursos humanos volunt\u00e1rios que acontece trienalmente e j\u00e1 est\u00e1 em sua nona edi\u00e7\u00e3o, mas que neste ano comemora, os 100 anos da Uni\u00e3o dos Escoteiros do Brasil.<br \/>\nEntre os dias 13 a 19 de julho os jovens de 11 a 17 anos ter\u00e3o a oportunidade de vivenciar atividades ao ar livre como escalada, bicicross, pista de orienta\u00e7\u00e3o por b\u00fassola, al\u00e9m de atividades tipicamente escoteiras como n\u00f3s e amarras, fogueiras, rastreamento, orienta\u00e7\u00e3o, constru\u00e7\u00e3o de pioneirias e abrigos e t\u00e9cnicas de sobreviv\u00eancia geek.<br \/>\nOs inscritos tamb\u00e9m participar\u00e3o de atividades que incentivam a conscientiza\u00e7\u00e3o de um mundo melhor e mais inclusivo, permeando eixos tem\u00e1ticos de cultura brasileira, diversidade e inclus\u00e3o, habilidades para a vida, sa\u00fade e bem-estar, desenvolvimento sustent\u00e1vel e tecnologia do amanh\u00e3, ligados aos Objetivos de Desenvolvimento Sustent\u00e1vel da ONU.<br \/>\nOutro m\u00f3dulo do programa \u00e9 o de Jogos do Brasil, que ensinar\u00e1 jogos t\u00edpicos de cada regi\u00e3o do pa\u00eds, incluindo jogos ind\u00edgenas. Tamb\u00e9m ser\u00e3o oferecidos momentos de conviv\u00eancia e conhecimento de outras culturas, como o festival do folclore e a feira das cidades, em que os jovens experimentar\u00e3o comidas t\u00edpicas de diferentes regi\u00f5es brasileiras. Os Escoteiros aproveitar\u00e3o tamb\u00e9m um dia voltado ao turismo e ao lazer, no qual conhecer\u00e3o o Thermas dos Laranjais, com um dia inteiro de atividades no Parque Aqu\u00e1tico, que \u00e9 um dos principais complexos tur\u00edsticos da Am\u00e9rica Latina. \u201cEstamos reunindo nossos jovens para celebrar cem anos de aventuras, proporcionando a eles experi\u00eancias educativas junto \u00e0 natureza. Esse evento promover\u00e1 a integra\u00e7\u00e3o e o di\u00e1logo, servindo como um ambiente de amizade e coopera\u00e7\u00e3o. Ser\u00e1 um espa\u00e7o para informar, conscientizar e engajar os participantes em a\u00e7\u00f5es que contribuam para a constru\u00e7\u00e3o de um mundo melhor.\u201d, explica Ivan Nascimento, Presidente dos Escoteiros do Brasil sobre a concep\u00e7\u00e3o educativa do evento. \u201cAs minhas expectativas est\u00e3o l\u00e1 no alto. Estou muito ansiosa e animada com o evento, quero me divertir muito, fazer novas amizades e aprender tamb\u00e9m com tudo o que vai ter l\u00e1.\u201d, conta L\u00edvia Giovana Werlang Silva, de 13 anos, que \u00e9\u00a0escoteira\u00a0h\u00e1\u00a07.<\/p>\n","protected":false},"excerpt":{"rendered":"<p>Mais de 6 mil participantes se encontrar\u00e3o no Parque do<\/p>\n","protected":false},"author":2,"featured_media":107742,"comment_status":"open","ping_status":"open","sticky":false,"template":"","format":"standard","meta":{"footnotes":""},"categories":[14,3],"tags":[],"class_list":["post-107732","post","type-post","status-publish","format-standard","has-post-thumbnail","hentry","category-barretos","category-geral"],"yoast_head":"<!-- This site is optimized with the Yoast SEO plugin v27.4 - https:\/\/yoast.com\/product\/yoast-seo-wordpress\/ -->\n<title>Escoteiros do Brasil comemoram 100 anos com mega acampamento em Barretos - Regi\u00e3o News<\/title>\n<meta name=\"robots\" content=\"index, follow, max-snippet:-1, max-image-preview:large, max-video-preview:-1\" \/>\n<link rel=\"canonical\" href=\"https:\/\/regiaonews.net.br\/2022\/2024\/07\/16\/escoteiros-do-brasil-comemoram-100-anos-com-mega-acampamento-em-barretos\/\" \/>\n<meta property=\"og:locale\" content=\"pt_BR\" \/>\n<meta property=\"og:type\" content=\"article\" \/>\n<meta property=\"og:title\" content=\"Escoteiros do Brasil comemoram 100 anos com mega acampamento em Barretos - Regi\u00e3o News\" \/>\n<meta property=\"og:description\" content=\"Mais de 6 mil participantes se encontrar\u00e3o no Parque do\" \/>\n<meta property=\"og:url\" content=\"https:\/\/regiaonews.net.br\/2022\/2024\/07\/16\/escoteiros-do-brasil-comemoram-100-anos-com-mega-acampamento-em-barretos\/\" \/>\n<meta property=\"og:site_name\" content=\"Regi\u00e3o News\" \/>\n<meta property=\"article:published_time\" content=\"2024-07-16T17:27:34+00:00\" \/>\n<meta property=\"article:modified_time\" content=\"2024-07-16T18:42:11+00:00\" \/>\n<meta property=\"og:image\" content=\"https:\/\/regiaonews.net.br\/2022\/wp-content\/uploads\/2024\/07\/jamboree_camilla_-203-scaled.jpg\" \/>\n\t<meta property=\"og:image:width\" content=\"2560\" \/>\n\t<meta property=\"og:image:height\" content=\"1709\" \/>\n\t<meta property=\"og:image:type\" content=\"image\/jpeg\" \/>\n<meta name=\"author\" content=\"Roberto\" \/>\n<meta name=\"twitter:card\" content=\"summary_large_image\" \/>\n<meta name=\"twitter:label1\" content=\"Escrito por\" \/>\n\t<meta name=\"twitter:data1\" content=\"Roberto\" \/>\n\t<meta name=\"twitter:label2\" content=\"Est. tempo de leitura\" \/>\n\t<meta name=\"twitter:data2\" content=\"3 minutos\" \/>\n<script type=\"application\/ld+json\" class=\"yoast-schema-graph\">{\"@context\":\"https:\\\/\\\/schema.org\",\"@graph\":[{\"@type\":\"Article\",\"@id\":\"https:\\\/\\\/regiaonews.net.br\\\/2022\\\/2024\\\/07\\\/16\\\/escoteiros-do-brasil-comemoram-100-anos-com-mega-acampamento-em-barretos\\\/#article\",\"isPartOf\":{\"@id\":\"https:\\\/\\\/regiaonews.net.br\\\/2022\\\/2024\\\/07\\\/16\\\/escoteiros-do-brasil-comemoram-100-anos-com-mega-acampamento-em-barretos\\\/\"},\"author\":{\"name\":\"Roberto\",\"@id\":\"https:\\\/\\\/regiaonews.net.br\\\/2022\\\/#\\\/schema\\\/person\\\/2d205a608a5aa97ac279d7a5e6d89ad8\"},\"headline\":\"Escoteiros do Brasil comemoram 100 anos com mega acampamento em Barretos\",\"datePublished\":\"2024-07-16T17:27:34+00:00\",\"dateModified\":\"2024-07-16T18:42:11+00:00\",\"mainEntityOfPage\":{\"@id\":\"https:\\\/\\\/regiaonews.net.br\\\/2022\\\/2024\\\/07\\\/16\\\/escoteiros-do-brasil-comemoram-100-anos-com-mega-acampamento-em-barretos\\\/\"},\"wordCount\":438,\"commentCount\":0,\"publisher\":{\"@id\":\"https:\\\/\\\/regiaonews.net.br\\\/2022\\\/#organization\"},\"image\":{\"@id\":\"https:\\\/\\\/regiaonews.net.br\\\/2022\\\/2024\\\/07\\\/16\\\/escoteiros-do-brasil-comemoram-100-anos-com-mega-acampamento-em-barretos\\\/#primaryimage\"},\"thumbnailUrl\":\"https:\\\/\\\/regiaonews.net.br\\\/2022\\\/wp-content\\\/uploads\\\/2024\\\/07\\\/jamboree_camilla_-203-scaled.jpg\",\"articleSection\":[\"Barretos\",\"Geral\"],\"inLanguage\":\"pt-BR\",\"potentialAction\":[{\"@type\":\"CommentAction\",\"name\":\"Comment\",\"target\":[\"https:\\\/\\\/regiaonews.net.br\\\/2022\\\/2024\\\/07\\\/16\\\/escoteiros-do-brasil-comemoram-100-anos-com-mega-acampamento-em-barretos\\\/#respond\"]}]},{\"@type\":\"WebPage\",\"@id\":\"https:\\\/\\\/regiaonews.net.br\\\/2022\\\/2024\\\/07\\\/16\\\/escoteiros-do-brasil-comemoram-100-anos-com-mega-acampamento-em-barretos\\\/\",\"url\":\"https:\\\/\\\/regiaonews.net.br\\\/2022\\\/2024\\\/07\\\/16\\\/escoteiros-do-brasil-comemoram-100-anos-com-mega-acampamento-em-barretos\\\/\",\"name\":\"Escoteiros do Brasil comemoram 100 anos com mega acampamento em Barretos - Regi\u00e3o News\",\"isPartOf\":{\"@id\":\"https:\\\/\\\/regiaonews.net.br\\\/2022\\\/#website\"},\"primaryImageOfPage\":{\"@id\":\"https:\\\/\\\/regiaonews.net.br\\\/2022\\\/2024\\\/07\\\/16\\\/escoteiros-do-brasil-comemoram-100-anos-com-mega-acampamento-em-barretos\\\/#primaryimage\"},\"image\":{\"@id\":\"https:\\\/\\\/regiaonews.net.br\\\/2022\\\/2024\\\/07\\\/16\\\/escoteiros-do-brasil-comemoram-100-anos-com-mega-acampamento-em-barretos\\\/#primaryimage\"},\"thumbnailUrl\":\"https:\\\/\\\/regiaonews.net.br\\\/2022\\\/wp-content\\\/uploads\\\/2024\\\/07\\\/jamboree_camilla_-203-scaled.jpg\",\"datePublished\":\"2024-07-16T17:27:34+00:00\",\"dateModified\":\"2024-07-16T18:42:11+00:00\",\"breadcrumb\":{\"@id\":\"https:\\\/\\\/regiaonews.net.br\\\/2022\\\/2024\\\/07\\\/16\\\/escoteiros-do-brasil-comemoram-100-anos-com-mega-acampamento-em-barretos\\\/#breadcrumb\"},\"inLanguage\":\"pt-BR\",\"potentialAction\":[{\"@type\":\"ReadAction\",\"target\":[\"https:\\\/\\\/regiaonews.net.br\\\/2022\\\/2024\\\/07\\\/16\\\/escoteiros-do-brasil-comemoram-100-anos-com-mega-acampamento-em-barretos\\\/\"]}]},{\"@type\":\"ImageObject\",\"inLanguage\":\"pt-BR\",\"@id\":\"https:\\\/\\\/regiaonews.net.br\\\/2022\\\/2024\\\/07\\\/16\\\/escoteiros-do-brasil-comemoram-100-anos-com-mega-acampamento-em-barretos\\\/#primaryimage\",\"url\":\"https:\\\/\\\/regiaonews.net.br\\\/2022\\\/wp-content\\\/uploads\\\/2024\\\/07\\\/jamboree_camilla_-203-scaled.jpg\",\"contentUrl\":\"https:\\\/\\\/regiaonews.net.br\\\/2022\\\/wp-content\\\/uploads\\\/2024\\\/07\\\/jamboree_camilla_-203-scaled.jpg\",\"width\":2560,\"height\":1709},{\"@type\":\"BreadcrumbList\",\"@id\":\"https:\\\/\\\/regiaonews.net.br\\\/2022\\\/2024\\\/07\\\/16\\\/escoteiros-do-brasil-comemoram-100-anos-com-mega-acampamento-em-barretos\\\/#breadcrumb\",\"itemListElement\":[{\"@type\":\"ListItem\",\"position\":1,\"name\":\"In\u00edcio\",\"item\":\"https:\\\/\\\/regiaonews.net.br\\\/2022\\\/\"},{\"@type\":\"ListItem\",\"position\":2,\"name\":\"Escoteiros do Brasil comemoram 100 anos com mega acampamento em Barretos\"}]},{\"@type\":\"WebSite\",\"@id\":\"https:\\\/\\\/regiaonews.net.br\\\/2022\\\/#website\",\"url\":\"https:\\\/\\\/regiaonews.net.br\\\/2022\\\/\",\"name\":\"Regi\u00e3o News\",\"description\":\"Site de Not\u00edcias de Barretos e regi\u00e3o\",\"publisher\":{\"@id\":\"https:\\\/\\\/regiaonews.net.br\\\/2022\\\/#organization\"},\"potentialAction\":[{\"@type\":\"SearchAction\",\"target\":{\"@type\":\"EntryPoint\",\"urlTemplate\":\"https:\\\/\\\/regiaonews.net.br\\\/2022\\\/?s={search_term_string}\"},\"query-input\":{\"@type\":\"PropertyValueSpecification\",\"valueRequired\":true,\"valueName\":\"search_term_string\"}}],\"inLanguage\":\"pt-BR\"},{\"@type\":\"Organization\",\"@id\":\"https:\\\/\\\/regiaonews.net.br\\\/2022\\\/#organization\",\"name\":\"Regi\u00e3o News\",\"url\":\"https:\\\/\\\/regiaonews.net.br\\\/2022\\\/\",\"logo\":{\"@type\":\"ImageObject\",\"inLanguage\":\"pt-BR\",\"@id\":\"https:\\\/\\\/regiaonews.net.br\\\/2022\\\/#\\\/schema\\\/logo\\\/image\\\/\",\"url\":\"https:\\\/\\\/regiaonews.net.br\\\/2022\\\/wp-content\\\/uploads\\\/2026\\\/03\\\/regiao-13-anos-scaled.jpg\",\"contentUrl\":\"https:\\\/\\\/regiaonews.net.br\\\/2022\\\/wp-content\\\/uploads\\\/2026\\\/03\\\/regiao-13-anos-scaled.jpg\",\"width\":2560,\"height\":635,\"caption\":\"Regi\u00e3o News\"},\"image\":{\"@id\":\"https:\\\/\\\/regiaonews.net.br\\\/2022\\\/#\\\/schema\\\/logo\\\/image\\\/\"}},{\"@type\":\"Person\",\"@id\":\"https:\\\/\\\/regiaonews.net.br\\\/2022\\\/#\\\/schema\\\/person\\\/2d205a608a5aa97ac279d7a5e6d89ad8\",\"name\":\"Roberto\",\"image\":{\"@type\":\"ImageObject\",\"inLanguage\":\"pt-BR\",\"@id\":\"https:\\\/\\\/secure.gravatar.com\\\/avatar\\\/42749d8b712ff9d59ca93dc150494e5b55a44134482993f5baeb97e61b7ecc89?s=96&d=mm&r=g\",\"url\":\"https:\\\/\\\/secure.gravatar.com\\\/avatar\\\/42749d8b712ff9d59ca93dc150494e5b55a44134482993f5baeb97e61b7ecc89?s=96&d=mm&r=g\",\"contentUrl\":\"https:\\\/\\\/secure.gravatar.com\\\/avatar\\\/42749d8b712ff9d59ca93dc150494e5b55a44134482993f5baeb97e61b7ecc89?s=96&d=mm&r=g\",\"caption\":\"Roberto\"},\"url\":\"https:\\\/\\\/regiaonews.net.br\\\/2022\\\/author\\\/roberto\\\/\"}]}<\/script>\n<!-- \/ Yoast SEO plugin. -->","yoast_head_json":{"title":"Escoteiros do Brasil comemoram 100 anos com mega acampamento em Barretos - Regi\u00e3o News","robots":{"index":"index","follow":"follow","max-snippet":"max-snippet:-1","max-image-preview":"max-image-preview:large","max-video-preview":"max-video-preview:-1"},"canonical":"https:\/\/regiaonews.net.br\/2022\/2024\/07\/16\/escoteiros-do-brasil-comemoram-100-anos-com-mega-acampamento-em-barretos\/","og_locale":"pt_BR","og_type":"article","og_title":"Escoteiros do Brasil comemoram 100 anos com mega acampamento em Barretos - Regi\u00e3o News","og_description":"Mais de 6 mil participantes se encontrar\u00e3o no Parque do","og_url":"https:\/\/regiaonews.net.br\/2022\/2024\/07\/16\/escoteiros-do-brasil-comemoram-100-anos-com-mega-acampamento-em-barretos\/","og_site_name":"Regi\u00e3o News","article_published_time":"2024-07-16T17:27:34+00:00","article_modified_time":"2024-07-16T18:42:11+00:00","og_image":[{"width":2560,"height":1709,"url":"https:\/\/regiaonews.net.br\/2022\/wp-content\/uploads\/2024\/07\/jamboree_camilla_-203-scaled.jpg","type":"image\/jpeg"}],"author":"Roberto","twitter_card":"summary_large_image","twitter_misc":{"Escrito por":"Roberto","Est. tempo de leitura":"3 minutos"},"schema":{"@context":"https:\/\/schema.org","@graph":[{"@type":"Article","@id":"https:\/\/regiaonews.net.br\/2022\/2024\/07\/16\/escoteiros-do-brasil-comemoram-100-anos-com-mega-acampamento-em-barretos\/#article","isPartOf":{"@id":"https:\/\/regiaonews.net.br\/2022\/2024\/07\/16\/escoteiros-do-brasil-comemoram-100-anos-com-mega-acampamento-em-barretos\/"},"author":{"name":"Roberto","@id":"https:\/\/regiaonews.net.br\/2022\/#\/schema\/person\/2d205a608a5aa97ac279d7a5e6d89ad8"},"headline":"Escoteiros do Brasil comemoram 100 anos com mega acampamento em Barretos","datePublished":"2024-07-16T17:27:34+00:00","dateModified":"2024-07-16T18:42:11+00:00","mainEntityOfPage":{"@id":"https:\/\/regiaonews.net.br\/2022\/2024\/07\/16\/escoteiros-do-brasil-comemoram-100-anos-com-mega-acampamento-em-barretos\/"},"wordCount":438,"commentCount":0,"publisher":{"@id":"https:\/\/regiaonews.net.br\/2022\/#organization"},"image":{"@id":"https:\/\/regiaonews.net.br\/2022\/2024\/07\/16\/escoteiros-do-brasil-comemoram-100-anos-com-mega-acampamento-em-barretos\/#primaryimage"},"thumbnailUrl":"https:\/\/regiaonews.net.br\/2022\/wp-content\/uploads\/2024\/07\/jamboree_camilla_-203-scaled.jpg","articleSection":["Barretos","Geral"],"inLanguage":"pt-BR","potentialAction":[{"@type":"CommentAction","name":"Comment","target":["https:\/\/regiaonews.net.br\/2022\/2024\/07\/16\/escoteiros-do-brasil-comemoram-100-anos-com-mega-acampamento-em-barretos\/#respond"]}]},{"@type":"WebPage","@id":"https:\/\/regiaonews.net.br\/2022\/2024\/07\/16\/escoteiros-do-brasil-comemoram-100-anos-com-mega-acampamento-em-barretos\/","url":"https:\/\/regiaonews.net.br\/2022\/2024\/07\/16\/escoteiros-do-brasil-comemoram-100-anos-com-mega-acampamento-em-barretos\/","name":"Escoteiros do Brasil comemoram 100 anos com mega acampamento em Barretos - Regi\u00e3o News","isPartOf":{"@id":"https:\/\/regiaonews.net.br\/2022\/#website"},"primaryImageOfPage":{"@id":"https:\/\/regiaonews.net.br\/2022\/2024\/07\/16\/escoteiros-do-brasil-comemoram-100-anos-com-mega-acampamento-em-barretos\/#primaryimage"},"image":{"@id":"https:\/\/regiaonews.net.br\/2022\/2024\/07\/16\/escoteiros-do-brasil-comemoram-100-anos-com-mega-acampamento-em-barretos\/#primaryimage"},"thumbnailUrl":"https:\/\/regiaonews.net.br\/2022\/wp-content\/uploads\/2024\/07\/jamboree_camilla_-203-scaled.jpg","datePublished":"2024-07-16T17:27:34+00:00","dateModified":"2024-07-16T18:42:11+00:00","breadcrumb":{"@id":"https:\/\/regiaonews.net.br\/2022\/2024\/07\/16\/escoteiros-do-brasil-comemoram-100-anos-com-mega-acampamento-em-barretos\/#breadcrumb"},"inLanguage":"pt-BR","potentialAction":[{"@type":"ReadAction","target":["https:\/\/regiaonews.net.br\/2022\/2024\/07\/16\/escoteiros-do-brasil-comemoram-100-anos-com-mega-acampamento-em-barretos\/"]}]},{"@type":"ImageObject","inLanguage":"pt-BR","@id":"https:\/\/regiaonews.net.br\/2022\/2024\/07\/16\/escoteiros-do-brasil-comemoram-100-anos-com-mega-acampamento-em-barretos\/#primaryimage","url":"https:\/\/regiaonews.net.br\/2022\/wp-content\/uploads\/2024\/07\/jamboree_camilla_-203-scaled.jpg","contentUrl":"https:\/\/regiaonews.net.br\/2022\/wp-content\/uploads\/2024\/07\/jamboree_camilla_-203-scaled.jpg","width":2560,"height":1709},{"@type":"BreadcrumbList","@id":"https:\/\/regiaonews.net.br\/2022\/2024\/07\/16\/escoteiros-do-brasil-comemoram-100-anos-com-mega-acampamento-em-barretos\/#breadcrumb","itemListElement":[{"@type":"ListItem","position":1,"name":"In\u00edcio","item":"https:\/\/regiaonews.net.br\/2022\/"},{"@type":"ListItem","position":2,"name":"Escoteiros do Brasil comemoram 100 anos com mega acampamento em Barretos"}]},{"@type":"WebSite","@id":"https:\/\/regiaonews.net.br\/2022\/#website","url":"https:\/\/regiaonews.net.br\/2022\/","name":"Regi\u00e3o News","description":"Site de Not\u00edcias de Barretos e regi\u00e3o","publisher":{"@id":"https:\/\/regiaonews.net.br\/2022\/#organization"},"potentialAction":[{"@type":"SearchAction","target":{"@type":"EntryPoint","urlTemplate":"https:\/\/regiaonews.net.br\/2022\/?s={search_term_string}"},"query-input":{"@type":"PropertyValueSpecification","valueRequired":true,"valueName":"search_term_string"}}],"inLanguage":"pt-BR"},{"@type":"Organization","@id":"https:\/\/regiaonews.net.br\/2022\/#organization","name":"Regi\u00e3o News","url":"https:\/\/regiaonews.net.br\/2022\/","logo":{"@type":"ImageObject","inLanguage":"pt-BR","@id":"https:\/\/regiaonews.net.br\/2022\/#\/schema\/logo\/image\/","url":"https:\/\/regiaonews.net.br\/2022\/wp-content\/uploads\/2026\/03\/regiao-13-anos-scaled.jpg","contentUrl":"https:\/\/regiaonews.net.br\/2022\/wp-content\/uploads\/2026\/03\/regiao-13-anos-scaled.jpg","width":2560,"height":635,"caption":"Regi\u00e3o News"},"image":{"@id":"https:\/\/regiaonews.net.br\/2022\/#\/schema\/logo\/image\/"}},{"@type":"Person","@id":"https:\/\/regiaonews.net.br\/2022\/#\/schema\/person\/2d205a608a5aa97ac279d7a5e6d89ad8","name":"Roberto","image":{"@type":"ImageObject","inLanguage":"pt-BR","@id":"https:\/\/secure.gravatar.com\/avatar\/42749d8b712ff9d59ca93dc150494e5b55a44134482993f5baeb97e61b7ecc89?s=96&d=mm&r=g","url":"https:\/\/secure.gravatar.com\/avatar\/42749d8b712ff9d59ca93dc150494e5b55a44134482993f5baeb97e61b7ecc89?s=96&d=mm&r=g","contentUrl":"https:\/\/secure.gravatar.com\/avatar\/42749d8b712ff9d59ca93dc150494e5b55a44134482993f5baeb97e61b7ecc89?s=96&d=mm&r=g","caption":"Roberto"},"url":"https:\/\/regiaonews.net.br\/2022\/author\/roberto\/"}]}},"publishpress_future_action":{"enabled":false,"date":"2026-05-03 04:35:10","action":"change-status","newStatus":"draft","terms":[],"taxonomy":"category","extraData":[]},"publishpress_future_workflow_manual_trigger":{"enabledWorkflows":[]},"_links":{"self":[{"href":"https:\/\/regiaonews.net.br\/2022\/wp-json\/wp\/v2\/posts\/107732","targetHints":{"allow":["GET"]}}],"collection":[{"href":"https:\/\/regiaonews.net.br\/2022\/wp-json\/wp\/v2\/posts"}],"about":[{"href":"https:\/\/regiaonews.net.br\/2022\/wp-json\/wp\/v2\/types\/post"}],"author":[{"embeddable":true,"href":"https:\/\/regiaonews.net.br\/2022\/wp-json\/wp\/v2\/users\/2"}],"replies":[{"embeddable":true,"href":"https:\/\/regiaonews.net.br\/2022\/wp-json\/wp\/v2\/comments?post=107732"}],"version-history":[{"count":1,"href":"https:\/\/regiaonews.net.br\/2022\/wp-json\/wp\/v2\/posts\/107732\/revisions"}],"predecessor-version":[{"id":107734,"href":"https:\/\/regiaonews.net.br\/2022\/wp-json\/wp\/v2\/posts\/107732\/revisions\/107734"}],"wp:featuredmedia":[{"embeddable":true,"href":"https:\/\/regiaonews.net.br\/2022\/wp-json\/wp\/v2\/media\/107742"}],"wp:attachment":[{"href":"https:\/\/regiaonews.net.br\/2022\/wp-json\/wp\/v2\/media?parent=107732"}],"wp:term":[{"taxonomy":"category","embeddable":true,"href":"https:\/\/regiaonews.net.br\/2022\/wp-json\/wp\/v2\/categories?post=107732"},{"taxonomy":"post_tag","embeddable":true,"href":"https:\/\/regiaonews.net.br\/2022\/wp-json\/wp\/v2\/tags?post=107732"}],"curies":[{"name":"wp","href":"https:\/\/api.w.org\/{rel}","templated":true}]}}