{"id":107729,"date":"2024-07-16T13:52:13","date_gmt":"2024-07-16T16:52:13","guid":{"rendered":"https:\/\/regiaonews.net.br\/2022\/?p=107729"},"modified":"2024-07-16T13:52:13","modified_gmt":"2024-07-16T16:52:13","slug":"equatorial-e-confirmada-como-investidora-estrategica-na-sabesp","status":"publish","type":"post","link":"https:\/\/regiaonews.net.br\/2022\/2024\/07\/16\/equatorial-e-confirmada-como-investidora-estrategica-na-sabesp\/","title":{"rendered":"Equatorial \u00e9 confirmada como investidora estrat\u00e9gica na Sabesp"},"content":{"rendered":"<h3 class=\"excerpt\" style=\"text-align: center;\">Per\u00edodo de manifesta\u00e7\u00e3o de inten\u00e7\u00f5es de investimento foi conclu\u00eddo na segunda (15); book atingiu cobertura m\u00ednima para a oferta p\u00fablica<\/h3>\n<p>A Equatorial Participa\u00e7\u00f5es e Investimentos IV S.A. foi confirmada como investidora estrat\u00e9gica na Sabesp, ap\u00f3s cumprir as exig\u00eancias previstas no prospecto da oferta p\u00fablica para adquirir o bloco priorit\u00e1rio de 15% das a\u00e7\u00f5es da empresa.<\/p>\n<p>Tamb\u00e9m nesta segunda-feira foi encerrado o per\u00edodo de bookbuilding, ou seja, quando investidores de diferentes perfis, inclusive pessoas f\u00edsicas, funcion\u00e1rios e aposentados da Sabesp, puderam fazer suas inten\u00e7\u00f5es de investimento em 17% das a\u00e7\u00f5es da Sabesp pertencentes ao Governo. O book foi conclu\u00eddo com o atingimento da cobertura m\u00ednima, isto \u00e9, o volume de sobredemanda m\u00ednimo com base nas ordens recebidas dos investidores.<\/p>\n<p>\u201cA Equatorial \u00e9 uma empresa multi-utilities, com reputa\u00e7\u00e3o no mercado e capacidade de investimento que certamente auxiliar\u00e3o para que consigamos atingir os objetivos da desestatiza\u00e7\u00e3o. A conjuga\u00e7\u00e3o da reconhecida gest\u00e3o e governan\u00e7a da Equatorial com a expertise de constru\u00e7\u00e3o e opera\u00e7\u00e3o no setor de saneamento do qualificado corpo t\u00e9cnico da Sabesp contribuir\u00e1 com o alcance da universaliza\u00e7\u00e3o, de forma antecipada, levando o servi\u00e7o para quem hoje n\u00e3o tem acesso\u201d, afirma a secret\u00e1ria de Meio Ambiente, Infraestrutura e Log\u00edstica, Nat\u00e1lia Resende.<\/p>\n<p>A oferta vai agora para a fase de precifica\u00e7\u00e3o, quando ser\u00e1 apurado o pre\u00e7o e o volume finais da oferta, e o resultado dever\u00e1 ser anunciado na quinta-feira, 18 de julho, nos termos j\u00e1 definidos no prospecto. A liquida\u00e7\u00e3o da oferta p\u00fablica est\u00e1 prevista para o dia 22 de julho.<\/p>\n<h2>Desestatiza\u00e7\u00e3o da Sabesp<\/h2>\n<p>Conforme anunciado desde o in\u00edcio do processo, o objetivo da desestatiza\u00e7\u00e3o da Sabesp \u00e9 ampliar os investimentos, antecipando a universaliza\u00e7\u00e3o do saneamento at\u00e9 2029 nas \u00e1reas de atua\u00e7\u00e3o da Sabesp no estado de S\u00e3o Paulo, com a inclus\u00e3o de quem hoje n\u00e3o \u00e9 atendido, e reduzindo tarifas para todos, em especial aos mais vulner\u00e1veis.<\/p>\n<p>O cronograma previsto no in\u00edcio do processo de desestatiza\u00e7\u00e3o da Sabesp tem sido estritamente cumprido, com transpar\u00eancia e amplo di\u00e1logo, incluindo munic\u00edpios, parlamentares, \u00f3rg\u00e3os de controle, judici\u00e1rio e sociedade civil. Em 31 de julho de 2023, o Governo de S\u00e3o Paulo anunciou as diretrizes do projeto \u2013 antecipar a universaliza\u00e7\u00e3o, incluir \u00e1reas rurais e vulner\u00e1veis, e reduzir a tarifa. Em 6 de dezembro, foi aprovada a Lei 17.853\/2023, que autorizou a desestatiza\u00e7\u00e3o.<\/p>\n<p>LEIA TAMB\u00c9M:\u00a0<a href=\"https:\/\/www.saopaulo.sp.gov.br\/spnoticias\/ultimas-noticias\/desestatizacao-da-sabesp-vai-levar-saneamento-para-todos-diz-tarcisio-nos-eua\/\">\u2018Desestatiza\u00e7\u00e3o da Sabesp vai levar saneamento para todos\u2019, diz Tarc\u00edsio nos EUA<\/a><\/p>\n<p>O novo contrato de concess\u00e3o da Sabesp, seus anexos e o Plano Regional de Saneamento B\u00e1sico foram debatidos com a sociedade entre 15 de fevereiro e 15 de mar\u00e7o deste ano, por meio de consulta p\u00fablica e 8 audi\u00eancias p\u00fablicas. Ap\u00f3s avalia\u00e7\u00e3o das 975 contribui\u00e7\u00f5es recebidas, os documentos foram aprovados pela URAE-1 Sudeste (Unidade Regional de Servi\u00e7os de Abastecimento de \u00c1gua Pot\u00e1vel e Esgotamento Sanit\u00e1rio Sudeste) em 20 de maio de 2024. E desde 21 de junho est\u00e1 aberta a oferta p\u00fablica, cumprindo o objetivo anunciado de encerrar o processo at\u00e9 julho deste ano.<\/p>\n","protected":false},"excerpt":{"rendered":"<p>Per\u00edodo de manifesta\u00e7\u00e3o de inten\u00e7\u00f5es de investimento foi conclu\u00eddo na<\/p>\n","protected":false},"author":2,"featured_media":107730,"comment_status":"open","ping_status":"open","sticky":false,"template":"","format":"standard","meta":{"footnotes":""},"categories":[24,3],"tags":[],"class_list":["post-107729","post","type-post","status-publish","format-standard","has-post-thumbnail","hentry","category-brasil","category-geral"],"yoast_head":"<!-- This site is optimized with the Yoast SEO plugin v27.4 - https:\/\/yoast.com\/product\/yoast-seo-wordpress\/ -->\n<title>Equatorial \u00e9 confirmada como investidora estrat\u00e9gica na Sabesp - Regi\u00e3o News<\/title>\n<meta name=\"robots\" content=\"index, follow, max-snippet:-1, max-image-preview:large, max-video-preview:-1\" \/>\n<link rel=\"canonical\" href=\"https:\/\/regiaonews.net.br\/2022\/2024\/07\/16\/equatorial-e-confirmada-como-investidora-estrategica-na-sabesp\/\" \/>\n<meta property=\"og:locale\" content=\"pt_BR\" \/>\n<meta property=\"og:type\" content=\"article\" \/>\n<meta property=\"og:title\" content=\"Equatorial \u00e9 confirmada como investidora estrat\u00e9gica na Sabesp - Regi\u00e3o News\" \/>\n<meta property=\"og:description\" content=\"Per\u00edodo de manifesta\u00e7\u00e3o de inten\u00e7\u00f5es de investimento foi conclu\u00eddo na\" \/>\n<meta property=\"og:url\" content=\"https:\/\/regiaonews.net.br\/2022\/2024\/07\/16\/equatorial-e-confirmada-como-investidora-estrategica-na-sabesp\/\" \/>\n<meta property=\"og:site_name\" content=\"Regi\u00e3o News\" \/>\n<meta property=\"article:published_time\" content=\"2024-07-16T16:52:13+00:00\" \/>\n<meta property=\"og:image\" content=\"https:\/\/regiaonews.net.br\/2022\/wp-content\/uploads\/2024\/07\/images-1.jpeg\" \/>\n\t<meta property=\"og:image:width\" content=\"283\" \/>\n\t<meta property=\"og:image:height\" content=\"178\" \/>\n\t<meta property=\"og:image:type\" content=\"image\/jpeg\" \/>\n<meta name=\"author\" content=\"Roberto\" \/>\n<meta name=\"twitter:card\" content=\"summary_large_image\" \/>\n<meta name=\"twitter:label1\" content=\"Escrito por\" \/>\n\t<meta name=\"twitter:data1\" content=\"Roberto\" \/>\n\t<meta name=\"twitter:label2\" content=\"Est. tempo de leitura\" \/>\n\t<meta name=\"twitter:data2\" content=\"3 minutos\" \/>\n<script type=\"application\/ld+json\" class=\"yoast-schema-graph\">{\"@context\":\"https:\\\/\\\/schema.org\",\"@graph\":[{\"@type\":\"Article\",\"@id\":\"https:\\\/\\\/regiaonews.net.br\\\/2022\\\/2024\\\/07\\\/16\\\/equatorial-e-confirmada-como-investidora-estrategica-na-sabesp\\\/#article\",\"isPartOf\":{\"@id\":\"https:\\\/\\\/regiaonews.net.br\\\/2022\\\/2024\\\/07\\\/16\\\/equatorial-e-confirmada-como-investidora-estrategica-na-sabesp\\\/\"},\"author\":{\"name\":\"Roberto\",\"@id\":\"https:\\\/\\\/regiaonews.net.br\\\/2022\\\/#\\\/schema\\\/person\\\/2d205a608a5aa97ac279d7a5e6d89ad8\"},\"headline\":\"Equatorial \u00e9 confirmada como investidora estrat\u00e9gica na Sabesp\",\"datePublished\":\"2024-07-16T16:52:13+00:00\",\"mainEntityOfPage\":{\"@id\":\"https:\\\/\\\/regiaonews.net.br\\\/2022\\\/2024\\\/07\\\/16\\\/equatorial-e-confirmada-como-investidora-estrategica-na-sabesp\\\/\"},\"wordCount\":549,\"commentCount\":0,\"publisher\":{\"@id\":\"https:\\\/\\\/regiaonews.net.br\\\/2022\\\/#organization\"},\"image\":{\"@id\":\"https:\\\/\\\/regiaonews.net.br\\\/2022\\\/2024\\\/07\\\/16\\\/equatorial-e-confirmada-como-investidora-estrategica-na-sabesp\\\/#primaryimage\"},\"thumbnailUrl\":\"https:\\\/\\\/regiaonews.net.br\\\/2022\\\/wp-content\\\/uploads\\\/2024\\\/07\\\/images-1.jpeg\",\"articleSection\":[\"Brasil\",\"Geral\"],\"inLanguage\":\"pt-BR\",\"potentialAction\":[{\"@type\":\"CommentAction\",\"name\":\"Comment\",\"target\":[\"https:\\\/\\\/regiaonews.net.br\\\/2022\\\/2024\\\/07\\\/16\\\/equatorial-e-confirmada-como-investidora-estrategica-na-sabesp\\\/#respond\"]}]},{\"@type\":\"WebPage\",\"@id\":\"https:\\\/\\\/regiaonews.net.br\\\/2022\\\/2024\\\/07\\\/16\\\/equatorial-e-confirmada-como-investidora-estrategica-na-sabesp\\\/\",\"url\":\"https:\\\/\\\/regiaonews.net.br\\\/2022\\\/2024\\\/07\\\/16\\\/equatorial-e-confirmada-como-investidora-estrategica-na-sabesp\\\/\",\"name\":\"Equatorial \u00e9 confirmada como investidora estrat\u00e9gica na Sabesp - Regi\u00e3o News\",\"isPartOf\":{\"@id\":\"https:\\\/\\\/regiaonews.net.br\\\/2022\\\/#website\"},\"primaryImageOfPage\":{\"@id\":\"https:\\\/\\\/regiaonews.net.br\\\/2022\\\/2024\\\/07\\\/16\\\/equatorial-e-confirmada-como-investidora-estrategica-na-sabesp\\\/#primaryimage\"},\"image\":{\"@id\":\"https:\\\/\\\/regiaonews.net.br\\\/2022\\\/2024\\\/07\\\/16\\\/equatorial-e-confirmada-como-investidora-estrategica-na-sabesp\\\/#primaryimage\"},\"thumbnailUrl\":\"https:\\\/\\\/regiaonews.net.br\\\/2022\\\/wp-content\\\/uploads\\\/2024\\\/07\\\/images-1.jpeg\",\"datePublished\":\"2024-07-16T16:52:13+00:00\",\"breadcrumb\":{\"@id\":\"https:\\\/\\\/regiaonews.net.br\\\/2022\\\/2024\\\/07\\\/16\\\/equatorial-e-confirmada-como-investidora-estrategica-na-sabesp\\\/#breadcrumb\"},\"inLanguage\":\"pt-BR\",\"potentialAction\":[{\"@type\":\"ReadAction\",\"target\":[\"https:\\\/\\\/regiaonews.net.br\\\/2022\\\/2024\\\/07\\\/16\\\/equatorial-e-confirmada-como-investidora-estrategica-na-sabesp\\\/\"]}]},{\"@type\":\"ImageObject\",\"inLanguage\":\"pt-BR\",\"@id\":\"https:\\\/\\\/regiaonews.net.br\\\/2022\\\/2024\\\/07\\\/16\\\/equatorial-e-confirmada-como-investidora-estrategica-na-sabesp\\\/#primaryimage\",\"url\":\"https:\\\/\\\/regiaonews.net.br\\\/2022\\\/wp-content\\\/uploads\\\/2024\\\/07\\\/images-1.jpeg\",\"contentUrl\":\"https:\\\/\\\/regiaonews.net.br\\\/2022\\\/wp-content\\\/uploads\\\/2024\\\/07\\\/images-1.jpeg\",\"width\":283,\"height\":178},{\"@type\":\"BreadcrumbList\",\"@id\":\"https:\\\/\\\/regiaonews.net.br\\\/2022\\\/2024\\\/07\\\/16\\\/equatorial-e-confirmada-como-investidora-estrategica-na-sabesp\\\/#breadcrumb\",\"itemListElement\":[{\"@type\":\"ListItem\",\"position\":1,\"name\":\"In\u00edcio\",\"item\":\"https:\\\/\\\/regiaonews.net.br\\\/2022\\\/\"},{\"@type\":\"ListItem\",\"position\":2,\"name\":\"Equatorial \u00e9 confirmada como investidora estrat\u00e9gica na Sabesp\"}]},{\"@type\":\"WebSite\",\"@id\":\"https:\\\/\\\/regiaonews.net.br\\\/2022\\\/#website\",\"url\":\"https:\\\/\\\/regiaonews.net.br\\\/2022\\\/\",\"name\":\"Regi\u00e3o News\",\"description\":\"Site de Not\u00edcias de Barretos e regi\u00e3o\",\"publisher\":{\"@id\":\"https:\\\/\\\/regiaonews.net.br\\\/2022\\\/#organization\"},\"potentialAction\":[{\"@type\":\"SearchAction\",\"target\":{\"@type\":\"EntryPoint\",\"urlTemplate\":\"https:\\\/\\\/regiaonews.net.br\\\/2022\\\/?s={search_term_string}\"},\"query-input\":{\"@type\":\"PropertyValueSpecification\",\"valueRequired\":true,\"valueName\":\"search_term_string\"}}],\"inLanguage\":\"pt-BR\"},{\"@type\":\"Organization\",\"@id\":\"https:\\\/\\\/regiaonews.net.br\\\/2022\\\/#organization\",\"name\":\"Regi\u00e3o News\",\"url\":\"https:\\\/\\\/regiaonews.net.br\\\/2022\\\/\",\"logo\":{\"@type\":\"ImageObject\",\"inLanguage\":\"pt-BR\",\"@id\":\"https:\\\/\\\/regiaonews.net.br\\\/2022\\\/#\\\/schema\\\/logo\\\/image\\\/\",\"url\":\"https:\\\/\\\/regiaonews.net.br\\\/2022\\\/wp-content\\\/uploads\\\/2026\\\/03\\\/regiao-13-anos-scaled.jpg\",\"contentUrl\":\"https:\\\/\\\/regiaonews.net.br\\\/2022\\\/wp-content\\\/uploads\\\/2026\\\/03\\\/regiao-13-anos-scaled.jpg\",\"width\":2560,\"height\":635,\"caption\":\"Regi\u00e3o News\"},\"image\":{\"@id\":\"https:\\\/\\\/regiaonews.net.br\\\/2022\\\/#\\\/schema\\\/logo\\\/image\\\/\"}},{\"@type\":\"Person\",\"@id\":\"https:\\\/\\\/regiaonews.net.br\\\/2022\\\/#\\\/schema\\\/person\\\/2d205a608a5aa97ac279d7a5e6d89ad8\",\"name\":\"Roberto\",\"image\":{\"@type\":\"ImageObject\",\"inLanguage\":\"pt-BR\",\"@id\":\"https:\\\/\\\/secure.gravatar.com\\\/avatar\\\/42749d8b712ff9d59ca93dc150494e5b55a44134482993f5baeb97e61b7ecc89?s=96&d=mm&r=g\",\"url\":\"https:\\\/\\\/secure.gravatar.com\\\/avatar\\\/42749d8b712ff9d59ca93dc150494e5b55a44134482993f5baeb97e61b7ecc89?s=96&d=mm&r=g\",\"contentUrl\":\"https:\\\/\\\/secure.gravatar.com\\\/avatar\\\/42749d8b712ff9d59ca93dc150494e5b55a44134482993f5baeb97e61b7ecc89?s=96&d=mm&r=g\",\"caption\":\"Roberto\"},\"url\":\"https:\\\/\\\/regiaonews.net.br\\\/2022\\\/author\\\/roberto\\\/\"}]}<\/script>\n<!-- \/ Yoast SEO plugin. -->","yoast_head_json":{"title":"Equatorial \u00e9 confirmada como investidora estrat\u00e9gica na Sabesp - Regi\u00e3o News","robots":{"index":"index","follow":"follow","max-snippet":"max-snippet:-1","max-image-preview":"max-image-preview:large","max-video-preview":"max-video-preview:-1"},"canonical":"https:\/\/regiaonews.net.br\/2022\/2024\/07\/16\/equatorial-e-confirmada-como-investidora-estrategica-na-sabesp\/","og_locale":"pt_BR","og_type":"article","og_title":"Equatorial \u00e9 confirmada como investidora estrat\u00e9gica na Sabesp - Regi\u00e3o News","og_description":"Per\u00edodo de manifesta\u00e7\u00e3o de inten\u00e7\u00f5es de investimento foi conclu\u00eddo na","og_url":"https:\/\/regiaonews.net.br\/2022\/2024\/07\/16\/equatorial-e-confirmada-como-investidora-estrategica-na-sabesp\/","og_site_name":"Regi\u00e3o News","article_published_time":"2024-07-16T16:52:13+00:00","og_image":[{"width":283,"height":178,"url":"https:\/\/regiaonews.net.br\/2022\/wp-content\/uploads\/2024\/07\/images-1.jpeg","type":"image\/jpeg"}],"author":"Roberto","twitter_card":"summary_large_image","twitter_misc":{"Escrito por":"Roberto","Est. tempo de leitura":"3 minutos"},"schema":{"@context":"https:\/\/schema.org","@graph":[{"@type":"Article","@id":"https:\/\/regiaonews.net.br\/2022\/2024\/07\/16\/equatorial-e-confirmada-como-investidora-estrategica-na-sabesp\/#article","isPartOf":{"@id":"https:\/\/regiaonews.net.br\/2022\/2024\/07\/16\/equatorial-e-confirmada-como-investidora-estrategica-na-sabesp\/"},"author":{"name":"Roberto","@id":"https:\/\/regiaonews.net.br\/2022\/#\/schema\/person\/2d205a608a5aa97ac279d7a5e6d89ad8"},"headline":"Equatorial \u00e9 confirmada como investidora estrat\u00e9gica na Sabesp","datePublished":"2024-07-16T16:52:13+00:00","mainEntityOfPage":{"@id":"https:\/\/regiaonews.net.br\/2022\/2024\/07\/16\/equatorial-e-confirmada-como-investidora-estrategica-na-sabesp\/"},"wordCount":549,"commentCount":0,"publisher":{"@id":"https:\/\/regiaonews.net.br\/2022\/#organization"},"image":{"@id":"https:\/\/regiaonews.net.br\/2022\/2024\/07\/16\/equatorial-e-confirmada-como-investidora-estrategica-na-sabesp\/#primaryimage"},"thumbnailUrl":"https:\/\/regiaonews.net.br\/2022\/wp-content\/uploads\/2024\/07\/images-1.jpeg","articleSection":["Brasil","Geral"],"inLanguage":"pt-BR","potentialAction":[{"@type":"CommentAction","name":"Comment","target":["https:\/\/regiaonews.net.br\/2022\/2024\/07\/16\/equatorial-e-confirmada-como-investidora-estrategica-na-sabesp\/#respond"]}]},{"@type":"WebPage","@id":"https:\/\/regiaonews.net.br\/2022\/2024\/07\/16\/equatorial-e-confirmada-como-investidora-estrategica-na-sabesp\/","url":"https:\/\/regiaonews.net.br\/2022\/2024\/07\/16\/equatorial-e-confirmada-como-investidora-estrategica-na-sabesp\/","name":"Equatorial \u00e9 confirmada como investidora estrat\u00e9gica na Sabesp - Regi\u00e3o News","isPartOf":{"@id":"https:\/\/regiaonews.net.br\/2022\/#website"},"primaryImageOfPage":{"@id":"https:\/\/regiaonews.net.br\/2022\/2024\/07\/16\/equatorial-e-confirmada-como-investidora-estrategica-na-sabesp\/#primaryimage"},"image":{"@id":"https:\/\/regiaonews.net.br\/2022\/2024\/07\/16\/equatorial-e-confirmada-como-investidora-estrategica-na-sabesp\/#primaryimage"},"thumbnailUrl":"https:\/\/regiaonews.net.br\/2022\/wp-content\/uploads\/2024\/07\/images-1.jpeg","datePublished":"2024-07-16T16:52:13+00:00","breadcrumb":{"@id":"https:\/\/regiaonews.net.br\/2022\/2024\/07\/16\/equatorial-e-confirmada-como-investidora-estrategica-na-sabesp\/#breadcrumb"},"inLanguage":"pt-BR","potentialAction":[{"@type":"ReadAction","target":["https:\/\/regiaonews.net.br\/2022\/2024\/07\/16\/equatorial-e-confirmada-como-investidora-estrategica-na-sabesp\/"]}]},{"@type":"ImageObject","inLanguage":"pt-BR","@id":"https:\/\/regiaonews.net.br\/2022\/2024\/07\/16\/equatorial-e-confirmada-como-investidora-estrategica-na-sabesp\/#primaryimage","url":"https:\/\/regiaonews.net.br\/2022\/wp-content\/uploads\/2024\/07\/images-1.jpeg","contentUrl":"https:\/\/regiaonews.net.br\/2022\/wp-content\/uploads\/2024\/07\/images-1.jpeg","width":283,"height":178},{"@type":"BreadcrumbList","@id":"https:\/\/regiaonews.net.br\/2022\/2024\/07\/16\/equatorial-e-confirmada-como-investidora-estrategica-na-sabesp\/#breadcrumb","itemListElement":[{"@type":"ListItem","position":1,"name":"In\u00edcio","item":"https:\/\/regiaonews.net.br\/2022\/"},{"@type":"ListItem","position":2,"name":"Equatorial \u00e9 confirmada como investidora estrat\u00e9gica na Sabesp"}]},{"@type":"WebSite","@id":"https:\/\/regiaonews.net.br\/2022\/#website","url":"https:\/\/regiaonews.net.br\/2022\/","name":"Regi\u00e3o News","description":"Site de Not\u00edcias de Barretos e regi\u00e3o","publisher":{"@id":"https:\/\/regiaonews.net.br\/2022\/#organization"},"potentialAction":[{"@type":"SearchAction","target":{"@type":"EntryPoint","urlTemplate":"https:\/\/regiaonews.net.br\/2022\/?s={search_term_string}"},"query-input":{"@type":"PropertyValueSpecification","valueRequired":true,"valueName":"search_term_string"}}],"inLanguage":"pt-BR"},{"@type":"Organization","@id":"https:\/\/regiaonews.net.br\/2022\/#organization","name":"Regi\u00e3o News","url":"https:\/\/regiaonews.net.br\/2022\/","logo":{"@type":"ImageObject","inLanguage":"pt-BR","@id":"https:\/\/regiaonews.net.br\/2022\/#\/schema\/logo\/image\/","url":"https:\/\/regiaonews.net.br\/2022\/wp-content\/uploads\/2026\/03\/regiao-13-anos-scaled.jpg","contentUrl":"https:\/\/regiaonews.net.br\/2022\/wp-content\/uploads\/2026\/03\/regiao-13-anos-scaled.jpg","width":2560,"height":635,"caption":"Regi\u00e3o News"},"image":{"@id":"https:\/\/regiaonews.net.br\/2022\/#\/schema\/logo\/image\/"}},{"@type":"Person","@id":"https:\/\/regiaonews.net.br\/2022\/#\/schema\/person\/2d205a608a5aa97ac279d7a5e6d89ad8","name":"Roberto","image":{"@type":"ImageObject","inLanguage":"pt-BR","@id":"https:\/\/secure.gravatar.com\/avatar\/42749d8b712ff9d59ca93dc150494e5b55a44134482993f5baeb97e61b7ecc89?s=96&d=mm&r=g","url":"https:\/\/secure.gravatar.com\/avatar\/42749d8b712ff9d59ca93dc150494e5b55a44134482993f5baeb97e61b7ecc89?s=96&d=mm&r=g","contentUrl":"https:\/\/secure.gravatar.com\/avatar\/42749d8b712ff9d59ca93dc150494e5b55a44134482993f5baeb97e61b7ecc89?s=96&d=mm&r=g","caption":"Roberto"},"url":"https:\/\/regiaonews.net.br\/2022\/author\/roberto\/"}]}},"publishpress_future_action":{"enabled":false,"date":"2026-05-03 02:51:58","action":"change-status","newStatus":"draft","terms":[],"taxonomy":"category","extraData":[]},"publishpress_future_workflow_manual_trigger":{"enabledWorkflows":[]},"_links":{"self":[{"href":"https:\/\/regiaonews.net.br\/2022\/wp-json\/wp\/v2\/posts\/107729","targetHints":{"allow":["GET"]}}],"collection":[{"href":"https:\/\/regiaonews.net.br\/2022\/wp-json\/wp\/v2\/posts"}],"about":[{"href":"https:\/\/regiaonews.net.br\/2022\/wp-json\/wp\/v2\/types\/post"}],"author":[{"embeddable":true,"href":"https:\/\/regiaonews.net.br\/2022\/wp-json\/wp\/v2\/users\/2"}],"replies":[{"embeddable":true,"href":"https:\/\/regiaonews.net.br\/2022\/wp-json\/wp\/v2\/comments?post=107729"}],"version-history":[{"count":1,"href":"https:\/\/regiaonews.net.br\/2022\/wp-json\/wp\/v2\/posts\/107729\/revisions"}],"predecessor-version":[{"id":107731,"href":"https:\/\/regiaonews.net.br\/2022\/wp-json\/wp\/v2\/posts\/107729\/revisions\/107731"}],"wp:featuredmedia":[{"embeddable":true,"href":"https:\/\/regiaonews.net.br\/2022\/wp-json\/wp\/v2\/media\/107730"}],"wp:attachment":[{"href":"https:\/\/regiaonews.net.br\/2022\/wp-json\/wp\/v2\/media?parent=107729"}],"wp:term":[{"taxonomy":"category","embeddable":true,"href":"https:\/\/regiaonews.net.br\/2022\/wp-json\/wp\/v2\/categories?post=107729"},{"taxonomy":"post_tag","embeddable":true,"href":"https:\/\/regiaonews.net.br\/2022\/wp-json\/wp\/v2\/tags?post=107729"}],"curies":[{"name":"wp","href":"https:\/\/api.w.org\/{rel}","templated":true}]}}