{"id":107709,"date":"2024-07-15T22:22:53","date_gmt":"2024-07-16T01:22:53","guid":{"rendered":"https:\/\/regiaonews.net.br\/2022\/?p=107709"},"modified":"2024-07-15T22:22:53","modified_gmt":"2024-07-16T01:22:53","slug":"alunas-do-unifeb-conquistam-titulos-de-rainha-e-princesa-da-festa-do-peao-de-barretos","status":"publish","type":"post","link":"https:\/\/regiaonews.net.br\/2022\/2024\/07\/15\/alunas-do-unifeb-conquistam-titulos-de-rainha-e-princesa-da-festa-do-peao-de-barretos\/","title":{"rendered":"Alunas do UNIFEB conquistam t\u00edtulos de Rainha e Princesa da Festa do Pe\u00e3o de Barretos"},"content":{"rendered":"<div class=\"elementToProof\">O desfile para escolha da Rainha e Princesa da 69\u00aa edi\u00e7\u00e3o da Festa do Pe\u00e3o de Barretos consagrou duas alunas do UNIFEB (Centro Universit\u00e1rio da Funda\u00e7\u00e3o Educacional de Barretos). O evento foi realizado na sexta-feira, dia 12 de julho, no North Shopping Barretos.<\/div>\n<div>A estudante do \u00faltimo ano de Odontologia, Rebecca Almeida, de 24 anos, venceu o concurso e levou o t\u00edtulo de Rainha. J\u00e1 a aluna do 1\u00ba ano de Administra\u00e7\u00e3o, Ana Laura Coqueiro, de 20 anos, foi aclamada Princesa da maior festa de rodeio da Am\u00e9rica Latina, que neste ano acontece de 15 a 25 de agosto.<\/div>\n<div>As candidatas desfilaram com muita simpatia passando pelo crivo de uma avalia\u00e7\u00e3o criteriosa da comiss\u00e3o de jurados. Al\u00e9m de celebrar a beleza das participantes, o evento tamb\u00e9m enaltece a tradi\u00e7\u00e3o sertaneja de Barretos. As dez candidatas utilizaram os encantadores trajes t\u00edpicos de rodeio criados pelo estilista Marcelo Ortale.<\/div>\n<div>Rebecca Almeida destaca o privil\u00e9gio de ser a Rainha da 69\u00aa Festa do Pe\u00e3o de Barretos enaltecendo a cultura sertaneja da cidade. \u201cMeu objetivo \u00e9 levar pautas como inclus\u00e3o social e diversidade, porque espero que todos sintam-se representados por mim neste grande evento\u201d, disse.<\/div>\n<div>Para Ana Laura Coqueiro \u00e9 uma grande honra ter sido escolhida como Princesa da Festa do Pe\u00e3o de Barretos. \u201cEstou profundamente grata pela oportunidade de representar este evento t\u00e3o significativo para nossa cultura e tradi\u00e7\u00f5es. \u00c9 um momento especial que valorizo imensamente\u201d, enfatizou.<\/div>\n<div>O Reitor do UNIFEF, Prof. Dr. Angelo Davis, parabenizou as estudantes pela conquista. \u201cElas demonstraram muito mais do que beleza e simpatia, porque conquistaram o p\u00fablico e os jurados com muita comunica\u00e7\u00e3o e conhecimento sobre a Festa do Pe\u00e3o e cultura de nossa cidade. Desejo \u00e0s alunas muito sucesso neste grande desafio\u201d, finalizou.<\/div>\n<div class=\"elementToProof\">O concurso acontece desde 1956, coincidindo com a primeira edi\u00e7\u00e3o da Festa. Atualmente, somente residentes de Barretos ou aquelas que moram na cidade h\u00e1 pelo menos um ano podem participar.<\/div>\n","protected":false},"excerpt":{"rendered":"<p>O desfile para escolha da Rainha e Princesa da 69\u00aa<\/p>\n","protected":false},"author":2,"featured_media":107710,"comment_status":"open","ping_status":"open","sticky":false,"template":"","format":"standard","meta":{"footnotes":""},"categories":[14,25],"tags":[],"class_list":["post-107709","post","type-post","status-publish","format-standard","has-post-thumbnail","hentry","category-barretos","category-cidades"],"yoast_head":"<!-- This site is optimized with the Yoast SEO plugin v27.4 - https:\/\/yoast.com\/product\/yoast-seo-wordpress\/ -->\n<title>Alunas do UNIFEB conquistam t\u00edtulos de Rainha e Princesa da Festa do Pe\u00e3o de Barretos - Regi\u00e3o News<\/title>\n<meta name=\"robots\" content=\"index, follow, max-snippet:-1, max-image-preview:large, max-video-preview:-1\" \/>\n<link rel=\"canonical\" href=\"https:\/\/regiaonews.net.br\/2022\/2024\/07\/15\/alunas-do-unifeb-conquistam-titulos-de-rainha-e-princesa-da-festa-do-peao-de-barretos\/\" \/>\n<meta property=\"og:locale\" content=\"pt_BR\" \/>\n<meta property=\"og:type\" content=\"article\" \/>\n<meta property=\"og:title\" content=\"Alunas do UNIFEB conquistam t\u00edtulos de Rainha e Princesa da Festa do Pe\u00e3o de Barretos - Regi\u00e3o News\" \/>\n<meta property=\"og:description\" content=\"O desfile para escolha da Rainha e Princesa da 69\u00aa\" \/>\n<meta property=\"og:url\" content=\"https:\/\/regiaonews.net.br\/2022\/2024\/07\/15\/alunas-do-unifeb-conquistam-titulos-de-rainha-e-princesa-da-festa-do-peao-de-barretos\/\" \/>\n<meta property=\"og:site_name\" content=\"Regi\u00e3o News\" \/>\n<meta property=\"article:published_time\" content=\"2024-07-16T01:22:53+00:00\" \/>\n<meta property=\"og:image\" content=\"https:\/\/regiaonews.net.br\/2022\/wp-content\/uploads\/2024\/07\/Rainha-e-Princesa-da-Festa-do-Peao-de-Barretos.jpg\" \/>\n\t<meta property=\"og:image:width\" content=\"963\" \/>\n\t<meta property=\"og:image:height\" content=\"962\" \/>\n\t<meta property=\"og:image:type\" content=\"image\/jpeg\" \/>\n<meta name=\"author\" content=\"Roberto\" \/>\n<meta name=\"twitter:card\" content=\"summary_large_image\" \/>\n<meta name=\"twitter:label1\" content=\"Escrito por\" \/>\n\t<meta name=\"twitter:data1\" content=\"Roberto\" \/>\n\t<meta name=\"twitter:label2\" content=\"Est. tempo de leitura\" \/>\n\t<meta name=\"twitter:data2\" content=\"2 minutos\" \/>\n<script type=\"application\/ld+json\" class=\"yoast-schema-graph\">{\"@context\":\"https:\\\/\\\/schema.org\",\"@graph\":[{\"@type\":\"Article\",\"@id\":\"https:\\\/\\\/regiaonews.net.br\\\/2022\\\/2024\\\/07\\\/15\\\/alunas-do-unifeb-conquistam-titulos-de-rainha-e-princesa-da-festa-do-peao-de-barretos\\\/#article\",\"isPartOf\":{\"@id\":\"https:\\\/\\\/regiaonews.net.br\\\/2022\\\/2024\\\/07\\\/15\\\/alunas-do-unifeb-conquistam-titulos-de-rainha-e-princesa-da-festa-do-peao-de-barretos\\\/\"},\"author\":{\"name\":\"Roberto\",\"@id\":\"https:\\\/\\\/regiaonews.net.br\\\/2022\\\/#\\\/schema\\\/person\\\/2d205a608a5aa97ac279d7a5e6d89ad8\"},\"headline\":\"Alunas do UNIFEB conquistam t\u00edtulos de Rainha e Princesa da Festa do Pe\u00e3o de Barretos\",\"datePublished\":\"2024-07-16T01:22:53+00:00\",\"mainEntityOfPage\":{\"@id\":\"https:\\\/\\\/regiaonews.net.br\\\/2022\\\/2024\\\/07\\\/15\\\/alunas-do-unifeb-conquistam-titulos-de-rainha-e-princesa-da-festa-do-peao-de-barretos\\\/\"},\"wordCount\":345,\"commentCount\":0,\"publisher\":{\"@id\":\"https:\\\/\\\/regiaonews.net.br\\\/2022\\\/#organization\"},\"image\":{\"@id\":\"https:\\\/\\\/regiaonews.net.br\\\/2022\\\/2024\\\/07\\\/15\\\/alunas-do-unifeb-conquistam-titulos-de-rainha-e-princesa-da-festa-do-peao-de-barretos\\\/#primaryimage\"},\"thumbnailUrl\":\"https:\\\/\\\/regiaonews.net.br\\\/2022\\\/wp-content\\\/uploads\\\/2024\\\/07\\\/Rainha-e-Princesa-da-Festa-do-Peao-de-Barretos.jpg\",\"articleSection\":[\"Barretos\",\"Cidades\"],\"inLanguage\":\"pt-BR\",\"potentialAction\":[{\"@type\":\"CommentAction\",\"name\":\"Comment\",\"target\":[\"https:\\\/\\\/regiaonews.net.br\\\/2022\\\/2024\\\/07\\\/15\\\/alunas-do-unifeb-conquistam-titulos-de-rainha-e-princesa-da-festa-do-peao-de-barretos\\\/#respond\"]}]},{\"@type\":\"WebPage\",\"@id\":\"https:\\\/\\\/regiaonews.net.br\\\/2022\\\/2024\\\/07\\\/15\\\/alunas-do-unifeb-conquistam-titulos-de-rainha-e-princesa-da-festa-do-peao-de-barretos\\\/\",\"url\":\"https:\\\/\\\/regiaonews.net.br\\\/2022\\\/2024\\\/07\\\/15\\\/alunas-do-unifeb-conquistam-titulos-de-rainha-e-princesa-da-festa-do-peao-de-barretos\\\/\",\"name\":\"Alunas do UNIFEB conquistam t\u00edtulos de Rainha e Princesa da Festa do Pe\u00e3o de Barretos - Regi\u00e3o News\",\"isPartOf\":{\"@id\":\"https:\\\/\\\/regiaonews.net.br\\\/2022\\\/#website\"},\"primaryImageOfPage\":{\"@id\":\"https:\\\/\\\/regiaonews.net.br\\\/2022\\\/2024\\\/07\\\/15\\\/alunas-do-unifeb-conquistam-titulos-de-rainha-e-princesa-da-festa-do-peao-de-barretos\\\/#primaryimage\"},\"image\":{\"@id\":\"https:\\\/\\\/regiaonews.net.br\\\/2022\\\/2024\\\/07\\\/15\\\/alunas-do-unifeb-conquistam-titulos-de-rainha-e-princesa-da-festa-do-peao-de-barretos\\\/#primaryimage\"},\"thumbnailUrl\":\"https:\\\/\\\/regiaonews.net.br\\\/2022\\\/wp-content\\\/uploads\\\/2024\\\/07\\\/Rainha-e-Princesa-da-Festa-do-Peao-de-Barretos.jpg\",\"datePublished\":\"2024-07-16T01:22:53+00:00\",\"breadcrumb\":{\"@id\":\"https:\\\/\\\/regiaonews.net.br\\\/2022\\\/2024\\\/07\\\/15\\\/alunas-do-unifeb-conquistam-titulos-de-rainha-e-princesa-da-festa-do-peao-de-barretos\\\/#breadcrumb\"},\"inLanguage\":\"pt-BR\",\"potentialAction\":[{\"@type\":\"ReadAction\",\"target\":[\"https:\\\/\\\/regiaonews.net.br\\\/2022\\\/2024\\\/07\\\/15\\\/alunas-do-unifeb-conquistam-titulos-de-rainha-e-princesa-da-festa-do-peao-de-barretos\\\/\"]}]},{\"@type\":\"ImageObject\",\"inLanguage\":\"pt-BR\",\"@id\":\"https:\\\/\\\/regiaonews.net.br\\\/2022\\\/2024\\\/07\\\/15\\\/alunas-do-unifeb-conquistam-titulos-de-rainha-e-princesa-da-festa-do-peao-de-barretos\\\/#primaryimage\",\"url\":\"https:\\\/\\\/regiaonews.net.br\\\/2022\\\/wp-content\\\/uploads\\\/2024\\\/07\\\/Rainha-e-Princesa-da-Festa-do-Peao-de-Barretos.jpg\",\"contentUrl\":\"https:\\\/\\\/regiaonews.net.br\\\/2022\\\/wp-content\\\/uploads\\\/2024\\\/07\\\/Rainha-e-Princesa-da-Festa-do-Peao-de-Barretos.jpg\",\"width\":963,\"height\":962},{\"@type\":\"BreadcrumbList\",\"@id\":\"https:\\\/\\\/regiaonews.net.br\\\/2022\\\/2024\\\/07\\\/15\\\/alunas-do-unifeb-conquistam-titulos-de-rainha-e-princesa-da-festa-do-peao-de-barretos\\\/#breadcrumb\",\"itemListElement\":[{\"@type\":\"ListItem\",\"position\":1,\"name\":\"In\u00edcio\",\"item\":\"https:\\\/\\\/regiaonews.net.br\\\/2022\\\/\"},{\"@type\":\"ListItem\",\"position\":2,\"name\":\"Alunas do UNIFEB conquistam t\u00edtulos de Rainha e Princesa da Festa do Pe\u00e3o de Barretos\"}]},{\"@type\":\"WebSite\",\"@id\":\"https:\\\/\\\/regiaonews.net.br\\\/2022\\\/#website\",\"url\":\"https:\\\/\\\/regiaonews.net.br\\\/2022\\\/\",\"name\":\"Regi\u00e3o News\",\"description\":\"Site de Not\u00edcias de Barretos e regi\u00e3o\",\"publisher\":{\"@id\":\"https:\\\/\\\/regiaonews.net.br\\\/2022\\\/#organization\"},\"potentialAction\":[{\"@type\":\"SearchAction\",\"target\":{\"@type\":\"EntryPoint\",\"urlTemplate\":\"https:\\\/\\\/regiaonews.net.br\\\/2022\\\/?s={search_term_string}\"},\"query-input\":{\"@type\":\"PropertyValueSpecification\",\"valueRequired\":true,\"valueName\":\"search_term_string\"}}],\"inLanguage\":\"pt-BR\"},{\"@type\":\"Organization\",\"@id\":\"https:\\\/\\\/regiaonews.net.br\\\/2022\\\/#organization\",\"name\":\"Regi\u00e3o News\",\"url\":\"https:\\\/\\\/regiaonews.net.br\\\/2022\\\/\",\"logo\":{\"@type\":\"ImageObject\",\"inLanguage\":\"pt-BR\",\"@id\":\"https:\\\/\\\/regiaonews.net.br\\\/2022\\\/#\\\/schema\\\/logo\\\/image\\\/\",\"url\":\"https:\\\/\\\/regiaonews.net.br\\\/2022\\\/wp-content\\\/uploads\\\/2026\\\/03\\\/regiao-13-anos-scaled.jpg\",\"contentUrl\":\"https:\\\/\\\/regiaonews.net.br\\\/2022\\\/wp-content\\\/uploads\\\/2026\\\/03\\\/regiao-13-anos-scaled.jpg\",\"width\":2560,\"height\":635,\"caption\":\"Regi\u00e3o News\"},\"image\":{\"@id\":\"https:\\\/\\\/regiaonews.net.br\\\/2022\\\/#\\\/schema\\\/logo\\\/image\\\/\"}},{\"@type\":\"Person\",\"@id\":\"https:\\\/\\\/regiaonews.net.br\\\/2022\\\/#\\\/schema\\\/person\\\/2d205a608a5aa97ac279d7a5e6d89ad8\",\"name\":\"Roberto\",\"image\":{\"@type\":\"ImageObject\",\"inLanguage\":\"pt-BR\",\"@id\":\"https:\\\/\\\/secure.gravatar.com\\\/avatar\\\/42749d8b712ff9d59ca93dc150494e5b55a44134482993f5baeb97e61b7ecc89?s=96&d=mm&r=g\",\"url\":\"https:\\\/\\\/secure.gravatar.com\\\/avatar\\\/42749d8b712ff9d59ca93dc150494e5b55a44134482993f5baeb97e61b7ecc89?s=96&d=mm&r=g\",\"contentUrl\":\"https:\\\/\\\/secure.gravatar.com\\\/avatar\\\/42749d8b712ff9d59ca93dc150494e5b55a44134482993f5baeb97e61b7ecc89?s=96&d=mm&r=g\",\"caption\":\"Roberto\"},\"url\":\"https:\\\/\\\/regiaonews.net.br\\\/2022\\\/author\\\/roberto\\\/\"}]}<\/script>\n<!-- \/ Yoast SEO plugin. -->","yoast_head_json":{"title":"Alunas do UNIFEB conquistam t\u00edtulos de Rainha e Princesa da Festa do Pe\u00e3o de Barretos - Regi\u00e3o News","robots":{"index":"index","follow":"follow","max-snippet":"max-snippet:-1","max-image-preview":"max-image-preview:large","max-video-preview":"max-video-preview:-1"},"canonical":"https:\/\/regiaonews.net.br\/2022\/2024\/07\/15\/alunas-do-unifeb-conquistam-titulos-de-rainha-e-princesa-da-festa-do-peao-de-barretos\/","og_locale":"pt_BR","og_type":"article","og_title":"Alunas do UNIFEB conquistam t\u00edtulos de Rainha e Princesa da Festa do Pe\u00e3o de Barretos - Regi\u00e3o News","og_description":"O desfile para escolha da Rainha e Princesa da 69\u00aa","og_url":"https:\/\/regiaonews.net.br\/2022\/2024\/07\/15\/alunas-do-unifeb-conquistam-titulos-de-rainha-e-princesa-da-festa-do-peao-de-barretos\/","og_site_name":"Regi\u00e3o News","article_published_time":"2024-07-16T01:22:53+00:00","og_image":[{"width":963,"height":962,"url":"https:\/\/regiaonews.net.br\/2022\/wp-content\/uploads\/2024\/07\/Rainha-e-Princesa-da-Festa-do-Peao-de-Barretos.jpg","type":"image\/jpeg"}],"author":"Roberto","twitter_card":"summary_large_image","twitter_misc":{"Escrito por":"Roberto","Est. tempo de leitura":"2 minutos"},"schema":{"@context":"https:\/\/schema.org","@graph":[{"@type":"Article","@id":"https:\/\/regiaonews.net.br\/2022\/2024\/07\/15\/alunas-do-unifeb-conquistam-titulos-de-rainha-e-princesa-da-festa-do-peao-de-barretos\/#article","isPartOf":{"@id":"https:\/\/regiaonews.net.br\/2022\/2024\/07\/15\/alunas-do-unifeb-conquistam-titulos-de-rainha-e-princesa-da-festa-do-peao-de-barretos\/"},"author":{"name":"Roberto","@id":"https:\/\/regiaonews.net.br\/2022\/#\/schema\/person\/2d205a608a5aa97ac279d7a5e6d89ad8"},"headline":"Alunas do UNIFEB conquistam t\u00edtulos de Rainha e Princesa da Festa do Pe\u00e3o de Barretos","datePublished":"2024-07-16T01:22:53+00:00","mainEntityOfPage":{"@id":"https:\/\/regiaonews.net.br\/2022\/2024\/07\/15\/alunas-do-unifeb-conquistam-titulos-de-rainha-e-princesa-da-festa-do-peao-de-barretos\/"},"wordCount":345,"commentCount":0,"publisher":{"@id":"https:\/\/regiaonews.net.br\/2022\/#organization"},"image":{"@id":"https:\/\/regiaonews.net.br\/2022\/2024\/07\/15\/alunas-do-unifeb-conquistam-titulos-de-rainha-e-princesa-da-festa-do-peao-de-barretos\/#primaryimage"},"thumbnailUrl":"https:\/\/regiaonews.net.br\/2022\/wp-content\/uploads\/2024\/07\/Rainha-e-Princesa-da-Festa-do-Peao-de-Barretos.jpg","articleSection":["Barretos","Cidades"],"inLanguage":"pt-BR","potentialAction":[{"@type":"CommentAction","name":"Comment","target":["https:\/\/regiaonews.net.br\/2022\/2024\/07\/15\/alunas-do-unifeb-conquistam-titulos-de-rainha-e-princesa-da-festa-do-peao-de-barretos\/#respond"]}]},{"@type":"WebPage","@id":"https:\/\/regiaonews.net.br\/2022\/2024\/07\/15\/alunas-do-unifeb-conquistam-titulos-de-rainha-e-princesa-da-festa-do-peao-de-barretos\/","url":"https:\/\/regiaonews.net.br\/2022\/2024\/07\/15\/alunas-do-unifeb-conquistam-titulos-de-rainha-e-princesa-da-festa-do-peao-de-barretos\/","name":"Alunas do UNIFEB conquistam t\u00edtulos de Rainha e Princesa da Festa do Pe\u00e3o de Barretos - Regi\u00e3o News","isPartOf":{"@id":"https:\/\/regiaonews.net.br\/2022\/#website"},"primaryImageOfPage":{"@id":"https:\/\/regiaonews.net.br\/2022\/2024\/07\/15\/alunas-do-unifeb-conquistam-titulos-de-rainha-e-princesa-da-festa-do-peao-de-barretos\/#primaryimage"},"image":{"@id":"https:\/\/regiaonews.net.br\/2022\/2024\/07\/15\/alunas-do-unifeb-conquistam-titulos-de-rainha-e-princesa-da-festa-do-peao-de-barretos\/#primaryimage"},"thumbnailUrl":"https:\/\/regiaonews.net.br\/2022\/wp-content\/uploads\/2024\/07\/Rainha-e-Princesa-da-Festa-do-Peao-de-Barretos.jpg","datePublished":"2024-07-16T01:22:53+00:00","breadcrumb":{"@id":"https:\/\/regiaonews.net.br\/2022\/2024\/07\/15\/alunas-do-unifeb-conquistam-titulos-de-rainha-e-princesa-da-festa-do-peao-de-barretos\/#breadcrumb"},"inLanguage":"pt-BR","potentialAction":[{"@type":"ReadAction","target":["https:\/\/regiaonews.net.br\/2022\/2024\/07\/15\/alunas-do-unifeb-conquistam-titulos-de-rainha-e-princesa-da-festa-do-peao-de-barretos\/"]}]},{"@type":"ImageObject","inLanguage":"pt-BR","@id":"https:\/\/regiaonews.net.br\/2022\/2024\/07\/15\/alunas-do-unifeb-conquistam-titulos-de-rainha-e-princesa-da-festa-do-peao-de-barretos\/#primaryimage","url":"https:\/\/regiaonews.net.br\/2022\/wp-content\/uploads\/2024\/07\/Rainha-e-Princesa-da-Festa-do-Peao-de-Barretos.jpg","contentUrl":"https:\/\/regiaonews.net.br\/2022\/wp-content\/uploads\/2024\/07\/Rainha-e-Princesa-da-Festa-do-Peao-de-Barretos.jpg","width":963,"height":962},{"@type":"BreadcrumbList","@id":"https:\/\/regiaonews.net.br\/2022\/2024\/07\/15\/alunas-do-unifeb-conquistam-titulos-de-rainha-e-princesa-da-festa-do-peao-de-barretos\/#breadcrumb","itemListElement":[{"@type":"ListItem","position":1,"name":"In\u00edcio","item":"https:\/\/regiaonews.net.br\/2022\/"},{"@type":"ListItem","position":2,"name":"Alunas do UNIFEB conquistam t\u00edtulos de Rainha e Princesa da Festa do Pe\u00e3o de Barretos"}]},{"@type":"WebSite","@id":"https:\/\/regiaonews.net.br\/2022\/#website","url":"https:\/\/regiaonews.net.br\/2022\/","name":"Regi\u00e3o News","description":"Site de Not\u00edcias de Barretos e regi\u00e3o","publisher":{"@id":"https:\/\/regiaonews.net.br\/2022\/#organization"},"potentialAction":[{"@type":"SearchAction","target":{"@type":"EntryPoint","urlTemplate":"https:\/\/regiaonews.net.br\/2022\/?s={search_term_string}"},"query-input":{"@type":"PropertyValueSpecification","valueRequired":true,"valueName":"search_term_string"}}],"inLanguage":"pt-BR"},{"@type":"Organization","@id":"https:\/\/regiaonews.net.br\/2022\/#organization","name":"Regi\u00e3o News","url":"https:\/\/regiaonews.net.br\/2022\/","logo":{"@type":"ImageObject","inLanguage":"pt-BR","@id":"https:\/\/regiaonews.net.br\/2022\/#\/schema\/logo\/image\/","url":"https:\/\/regiaonews.net.br\/2022\/wp-content\/uploads\/2026\/03\/regiao-13-anos-scaled.jpg","contentUrl":"https:\/\/regiaonews.net.br\/2022\/wp-content\/uploads\/2026\/03\/regiao-13-anos-scaled.jpg","width":2560,"height":635,"caption":"Regi\u00e3o News"},"image":{"@id":"https:\/\/regiaonews.net.br\/2022\/#\/schema\/logo\/image\/"}},{"@type":"Person","@id":"https:\/\/regiaonews.net.br\/2022\/#\/schema\/person\/2d205a608a5aa97ac279d7a5e6d89ad8","name":"Roberto","image":{"@type":"ImageObject","inLanguage":"pt-BR","@id":"https:\/\/secure.gravatar.com\/avatar\/42749d8b712ff9d59ca93dc150494e5b55a44134482993f5baeb97e61b7ecc89?s=96&d=mm&r=g","url":"https:\/\/secure.gravatar.com\/avatar\/42749d8b712ff9d59ca93dc150494e5b55a44134482993f5baeb97e61b7ecc89?s=96&d=mm&r=g","contentUrl":"https:\/\/secure.gravatar.com\/avatar\/42749d8b712ff9d59ca93dc150494e5b55a44134482993f5baeb97e61b7ecc89?s=96&d=mm&r=g","caption":"Roberto"},"url":"https:\/\/regiaonews.net.br\/2022\/author\/roberto\/"}]}},"publishpress_future_action":{"enabled":false,"date":"2026-05-03 04:36:07","action":"change-status","newStatus":"draft","terms":[],"taxonomy":"category","extraData":[]},"publishpress_future_workflow_manual_trigger":{"enabledWorkflows":[]},"_links":{"self":[{"href":"https:\/\/regiaonews.net.br\/2022\/wp-json\/wp\/v2\/posts\/107709","targetHints":{"allow":["GET"]}}],"collection":[{"href":"https:\/\/regiaonews.net.br\/2022\/wp-json\/wp\/v2\/posts"}],"about":[{"href":"https:\/\/regiaonews.net.br\/2022\/wp-json\/wp\/v2\/types\/post"}],"author":[{"embeddable":true,"href":"https:\/\/regiaonews.net.br\/2022\/wp-json\/wp\/v2\/users\/2"}],"replies":[{"embeddable":true,"href":"https:\/\/regiaonews.net.br\/2022\/wp-json\/wp\/v2\/comments?post=107709"}],"version-history":[{"count":1,"href":"https:\/\/regiaonews.net.br\/2022\/wp-json\/wp\/v2\/posts\/107709\/revisions"}],"predecessor-version":[{"id":107711,"href":"https:\/\/regiaonews.net.br\/2022\/wp-json\/wp\/v2\/posts\/107709\/revisions\/107711"}],"wp:featuredmedia":[{"embeddable":true,"href":"https:\/\/regiaonews.net.br\/2022\/wp-json\/wp\/v2\/media\/107710"}],"wp:attachment":[{"href":"https:\/\/regiaonews.net.br\/2022\/wp-json\/wp\/v2\/media?parent=107709"}],"wp:term":[{"taxonomy":"category","embeddable":true,"href":"https:\/\/regiaonews.net.br\/2022\/wp-json\/wp\/v2\/categories?post=107709"},{"taxonomy":"post_tag","embeddable":true,"href":"https:\/\/regiaonews.net.br\/2022\/wp-json\/wp\/v2\/tags?post=107709"}],"curies":[{"name":"wp","href":"https:\/\/api.w.org\/{rel}","templated":true}]}}