{"id":107692,"date":"2024-07-15T19:07:27","date_gmt":"2024-07-15T22:07:27","guid":{"rendered":"https:\/\/regiaonews.net.br\/2022\/?p=107692"},"modified":"2024-07-15T19:07:27","modified_gmt":"2024-07-15T22:07:27","slug":"north-shopping-barretos-conclui-doacao-de-agasalhos-ao-fundo-social-de-solidariedade","status":"publish","type":"post","link":"https:\/\/regiaonews.net.br\/2022\/2024\/07\/15\/north-shopping-barretos-conclui-doacao-de-agasalhos-ao-fundo-social-de-solidariedade\/","title":{"rendered":"North Shopping Barretos conclui doa\u00e7\u00e3o de agasalhos ao Fundo Social de Solidariedade"},"content":{"rendered":"<p>&nbsp;<\/p>\n<p>Neste ano a Campanha do Agasalho do shopping se fundiu com a campanha em prol dos atingidos pelas enchentes no sul do pa\u00eds<\/p>\n<p>A Campanha de Agasalho 2024 do North Shopping Barretos come\u00e7ou no m\u00eas de maio e durante 70 dias arrecadou roupas, sapatos, cobertores e outros itens para aquecimento no inverno, todos em boa condi\u00e7\u00e3o de uso, alguns novos. As mais de cinco mil pe\u00e7as foram divididas entre a campanha para os atingidos pelas enchentes no Rio Grande do Sul e para o Fundo Social de Solidariedade de Barretos e, posteriormente, ser\u00e3o destinados \u00e0s fam\u00edlias cadastradas nos programas sociais do munic\u00edpio.<\/p>\n<p>&#8220;A popula\u00e7\u00e3o de Barretos e de toda a regi\u00e3o que frequenta o shopping \u00e9 sempre muito solid\u00e1ria, sempre colabora com nossas campanhas. Paralelamente, neste ano, tamb\u00e9m participamos da campanha em prol aos irm\u00e3os ga\u00fachos, que perderam tudo nas trag\u00e9dias das enchentes na regi\u00e3o sul do pa\u00eds. Carretas lotadas partiram de Barretos com roupas, mantimentos e itens de limpeza e higiene pessoal, muitas delas com doa\u00e7\u00f5es recolhidas no shopping&#8221;, lembrou Melina Tamy, gerente de marketing do North Shopping Barretos.<\/p>\n<p>O North Shopping realiza a Campanha do Agasalho desde 2011, primeira temporada de frio ap\u00f3s sua inaugura\u00e7\u00e3o em 2010.<\/p>\n<p>&nbsp;<\/p>\n","protected":false},"excerpt":{"rendered":"<p>&nbsp; Neste ano a Campanha do Agasalho do shopping se<\/p>\n","protected":false},"author":2,"featured_media":107693,"comment_status":"open","ping_status":"open","sticky":false,"template":"","format":"standard","meta":{"footnotes":""},"categories":[14,25],"tags":[],"class_list":["post-107692","post","type-post","status-publish","format-standard","has-post-thumbnail","hentry","category-barretos","category-cidades"],"yoast_head":"<!-- This site is optimized with the Yoast SEO plugin v27.4 - https:\/\/yoast.com\/product\/yoast-seo-wordpress\/ -->\n<title>North Shopping Barretos conclui doa\u00e7\u00e3o de agasalhos ao Fundo Social de Solidariedade - Regi\u00e3o News<\/title>\n<meta name=\"robots\" content=\"index, follow, max-snippet:-1, max-image-preview:large, max-video-preview:-1\" \/>\n<link rel=\"canonical\" href=\"https:\/\/regiaonews.net.br\/2022\/2024\/07\/15\/north-shopping-barretos-conclui-doacao-de-agasalhos-ao-fundo-social-de-solidariedade\/\" \/>\n<meta property=\"og:locale\" content=\"pt_BR\" \/>\n<meta property=\"og:type\" content=\"article\" \/>\n<meta property=\"og:title\" content=\"North Shopping Barretos conclui doa\u00e7\u00e3o de agasalhos ao Fundo Social de Solidariedade - Regi\u00e3o News\" \/>\n<meta property=\"og:description\" content=\"&nbsp; Neste ano a Campanha do Agasalho do shopping se\" \/>\n<meta property=\"og:url\" content=\"https:\/\/regiaonews.net.br\/2022\/2024\/07\/15\/north-shopping-barretos-conclui-doacao-de-agasalhos-ao-fundo-social-de-solidariedade\/\" \/>\n<meta property=\"og:site_name\" content=\"Regi\u00e3o News\" \/>\n<meta property=\"article:published_time\" content=\"2024-07-15T22:07:27+00:00\" \/>\n<meta property=\"og:image\" content=\"https:\/\/regiaonews.net.br\/2022\/wp-content\/uploads\/2024\/07\/WhatsApp-Image-2024-07-15-at-16.30.05.jpeg\" \/>\n\t<meta property=\"og:image:width\" content=\"1600\" \/>\n\t<meta property=\"og:image:height\" content=\"900\" \/>\n\t<meta property=\"og:image:type\" content=\"image\/jpeg\" \/>\n<meta name=\"author\" content=\"Roberto\" \/>\n<meta name=\"twitter:card\" content=\"summary_large_image\" \/>\n<meta name=\"twitter:label1\" content=\"Escrito por\" \/>\n\t<meta name=\"twitter:data1\" content=\"Roberto\" \/>\n\t<meta name=\"twitter:label2\" content=\"Est. tempo de leitura\" \/>\n\t<meta name=\"twitter:data2\" content=\"2 minutos\" \/>\n<script type=\"application\/ld+json\" class=\"yoast-schema-graph\">{\"@context\":\"https:\\\/\\\/schema.org\",\"@graph\":[{\"@type\":\"Article\",\"@id\":\"https:\\\/\\\/regiaonews.net.br\\\/2022\\\/2024\\\/07\\\/15\\\/north-shopping-barretos-conclui-doacao-de-agasalhos-ao-fundo-social-de-solidariedade\\\/#article\",\"isPartOf\":{\"@id\":\"https:\\\/\\\/regiaonews.net.br\\\/2022\\\/2024\\\/07\\\/15\\\/north-shopping-barretos-conclui-doacao-de-agasalhos-ao-fundo-social-de-solidariedade\\\/\"},\"author\":{\"name\":\"Roberto\",\"@id\":\"https:\\\/\\\/regiaonews.net.br\\\/2022\\\/#\\\/schema\\\/person\\\/2d205a608a5aa97ac279d7a5e6d89ad8\"},\"headline\":\"North Shopping Barretos conclui doa\u00e7\u00e3o de agasalhos ao Fundo Social de Solidariedade\",\"datePublished\":\"2024-07-15T22:07:27+00:00\",\"mainEntityOfPage\":{\"@id\":\"https:\\\/\\\/regiaonews.net.br\\\/2022\\\/2024\\\/07\\\/15\\\/north-shopping-barretos-conclui-doacao-de-agasalhos-ao-fundo-social-de-solidariedade\\\/\"},\"wordCount\":229,\"commentCount\":0,\"publisher\":{\"@id\":\"https:\\\/\\\/regiaonews.net.br\\\/2022\\\/#organization\"},\"image\":{\"@id\":\"https:\\\/\\\/regiaonews.net.br\\\/2022\\\/2024\\\/07\\\/15\\\/north-shopping-barretos-conclui-doacao-de-agasalhos-ao-fundo-social-de-solidariedade\\\/#primaryimage\"},\"thumbnailUrl\":\"https:\\\/\\\/regiaonews.net.br\\\/2022\\\/wp-content\\\/uploads\\\/2024\\\/07\\\/WhatsApp-Image-2024-07-15-at-16.30.05.jpeg\",\"articleSection\":[\"Barretos\",\"Cidades\"],\"inLanguage\":\"pt-BR\",\"potentialAction\":[{\"@type\":\"CommentAction\",\"name\":\"Comment\",\"target\":[\"https:\\\/\\\/regiaonews.net.br\\\/2022\\\/2024\\\/07\\\/15\\\/north-shopping-barretos-conclui-doacao-de-agasalhos-ao-fundo-social-de-solidariedade\\\/#respond\"]}]},{\"@type\":\"WebPage\",\"@id\":\"https:\\\/\\\/regiaonews.net.br\\\/2022\\\/2024\\\/07\\\/15\\\/north-shopping-barretos-conclui-doacao-de-agasalhos-ao-fundo-social-de-solidariedade\\\/\",\"url\":\"https:\\\/\\\/regiaonews.net.br\\\/2022\\\/2024\\\/07\\\/15\\\/north-shopping-barretos-conclui-doacao-de-agasalhos-ao-fundo-social-de-solidariedade\\\/\",\"name\":\"North Shopping Barretos conclui doa\u00e7\u00e3o de agasalhos ao Fundo Social de Solidariedade - Regi\u00e3o News\",\"isPartOf\":{\"@id\":\"https:\\\/\\\/regiaonews.net.br\\\/2022\\\/#website\"},\"primaryImageOfPage\":{\"@id\":\"https:\\\/\\\/regiaonews.net.br\\\/2022\\\/2024\\\/07\\\/15\\\/north-shopping-barretos-conclui-doacao-de-agasalhos-ao-fundo-social-de-solidariedade\\\/#primaryimage\"},\"image\":{\"@id\":\"https:\\\/\\\/regiaonews.net.br\\\/2022\\\/2024\\\/07\\\/15\\\/north-shopping-barretos-conclui-doacao-de-agasalhos-ao-fundo-social-de-solidariedade\\\/#primaryimage\"},\"thumbnailUrl\":\"https:\\\/\\\/regiaonews.net.br\\\/2022\\\/wp-content\\\/uploads\\\/2024\\\/07\\\/WhatsApp-Image-2024-07-15-at-16.30.05.jpeg\",\"datePublished\":\"2024-07-15T22:07:27+00:00\",\"breadcrumb\":{\"@id\":\"https:\\\/\\\/regiaonews.net.br\\\/2022\\\/2024\\\/07\\\/15\\\/north-shopping-barretos-conclui-doacao-de-agasalhos-ao-fundo-social-de-solidariedade\\\/#breadcrumb\"},\"inLanguage\":\"pt-BR\",\"potentialAction\":[{\"@type\":\"ReadAction\",\"target\":[\"https:\\\/\\\/regiaonews.net.br\\\/2022\\\/2024\\\/07\\\/15\\\/north-shopping-barretos-conclui-doacao-de-agasalhos-ao-fundo-social-de-solidariedade\\\/\"]}]},{\"@type\":\"ImageObject\",\"inLanguage\":\"pt-BR\",\"@id\":\"https:\\\/\\\/regiaonews.net.br\\\/2022\\\/2024\\\/07\\\/15\\\/north-shopping-barretos-conclui-doacao-de-agasalhos-ao-fundo-social-de-solidariedade\\\/#primaryimage\",\"url\":\"https:\\\/\\\/regiaonews.net.br\\\/2022\\\/wp-content\\\/uploads\\\/2024\\\/07\\\/WhatsApp-Image-2024-07-15-at-16.30.05.jpeg\",\"contentUrl\":\"https:\\\/\\\/regiaonews.net.br\\\/2022\\\/wp-content\\\/uploads\\\/2024\\\/07\\\/WhatsApp-Image-2024-07-15-at-16.30.05.jpeg\",\"width\":1600,\"height\":900},{\"@type\":\"BreadcrumbList\",\"@id\":\"https:\\\/\\\/regiaonews.net.br\\\/2022\\\/2024\\\/07\\\/15\\\/north-shopping-barretos-conclui-doacao-de-agasalhos-ao-fundo-social-de-solidariedade\\\/#breadcrumb\",\"itemListElement\":[{\"@type\":\"ListItem\",\"position\":1,\"name\":\"In\u00edcio\",\"item\":\"https:\\\/\\\/regiaonews.net.br\\\/2022\\\/\"},{\"@type\":\"ListItem\",\"position\":2,\"name\":\"North Shopping Barretos conclui doa\u00e7\u00e3o de agasalhos ao Fundo Social de Solidariedade\"}]},{\"@type\":\"WebSite\",\"@id\":\"https:\\\/\\\/regiaonews.net.br\\\/2022\\\/#website\",\"url\":\"https:\\\/\\\/regiaonews.net.br\\\/2022\\\/\",\"name\":\"Regi\u00e3o News\",\"description\":\"Site de Not\u00edcias de Barretos e regi\u00e3o\",\"publisher\":{\"@id\":\"https:\\\/\\\/regiaonews.net.br\\\/2022\\\/#organization\"},\"potentialAction\":[{\"@type\":\"SearchAction\",\"target\":{\"@type\":\"EntryPoint\",\"urlTemplate\":\"https:\\\/\\\/regiaonews.net.br\\\/2022\\\/?s={search_term_string}\"},\"query-input\":{\"@type\":\"PropertyValueSpecification\",\"valueRequired\":true,\"valueName\":\"search_term_string\"}}],\"inLanguage\":\"pt-BR\"},{\"@type\":\"Organization\",\"@id\":\"https:\\\/\\\/regiaonews.net.br\\\/2022\\\/#organization\",\"name\":\"Regi\u00e3o News\",\"url\":\"https:\\\/\\\/regiaonews.net.br\\\/2022\\\/\",\"logo\":{\"@type\":\"ImageObject\",\"inLanguage\":\"pt-BR\",\"@id\":\"https:\\\/\\\/regiaonews.net.br\\\/2022\\\/#\\\/schema\\\/logo\\\/image\\\/\",\"url\":\"https:\\\/\\\/regiaonews.net.br\\\/2022\\\/wp-content\\\/uploads\\\/2026\\\/03\\\/regiao-13-anos-scaled.jpg\",\"contentUrl\":\"https:\\\/\\\/regiaonews.net.br\\\/2022\\\/wp-content\\\/uploads\\\/2026\\\/03\\\/regiao-13-anos-scaled.jpg\",\"width\":2560,\"height\":635,\"caption\":\"Regi\u00e3o News\"},\"image\":{\"@id\":\"https:\\\/\\\/regiaonews.net.br\\\/2022\\\/#\\\/schema\\\/logo\\\/image\\\/\"}},{\"@type\":\"Person\",\"@id\":\"https:\\\/\\\/regiaonews.net.br\\\/2022\\\/#\\\/schema\\\/person\\\/2d205a608a5aa97ac279d7a5e6d89ad8\",\"name\":\"Roberto\",\"image\":{\"@type\":\"ImageObject\",\"inLanguage\":\"pt-BR\",\"@id\":\"https:\\\/\\\/secure.gravatar.com\\\/avatar\\\/42749d8b712ff9d59ca93dc150494e5b55a44134482993f5baeb97e61b7ecc89?s=96&d=mm&r=g\",\"url\":\"https:\\\/\\\/secure.gravatar.com\\\/avatar\\\/42749d8b712ff9d59ca93dc150494e5b55a44134482993f5baeb97e61b7ecc89?s=96&d=mm&r=g\",\"contentUrl\":\"https:\\\/\\\/secure.gravatar.com\\\/avatar\\\/42749d8b712ff9d59ca93dc150494e5b55a44134482993f5baeb97e61b7ecc89?s=96&d=mm&r=g\",\"caption\":\"Roberto\"},\"url\":\"https:\\\/\\\/regiaonews.net.br\\\/2022\\\/author\\\/roberto\\\/\"}]}<\/script>\n<!-- \/ Yoast SEO plugin. -->","yoast_head_json":{"title":"North Shopping Barretos conclui doa\u00e7\u00e3o de agasalhos ao Fundo Social de Solidariedade - Regi\u00e3o News","robots":{"index":"index","follow":"follow","max-snippet":"max-snippet:-1","max-image-preview":"max-image-preview:large","max-video-preview":"max-video-preview:-1"},"canonical":"https:\/\/regiaonews.net.br\/2022\/2024\/07\/15\/north-shopping-barretos-conclui-doacao-de-agasalhos-ao-fundo-social-de-solidariedade\/","og_locale":"pt_BR","og_type":"article","og_title":"North Shopping Barretos conclui doa\u00e7\u00e3o de agasalhos ao Fundo Social de Solidariedade - Regi\u00e3o News","og_description":"&nbsp; Neste ano a Campanha do Agasalho do shopping se","og_url":"https:\/\/regiaonews.net.br\/2022\/2024\/07\/15\/north-shopping-barretos-conclui-doacao-de-agasalhos-ao-fundo-social-de-solidariedade\/","og_site_name":"Regi\u00e3o News","article_published_time":"2024-07-15T22:07:27+00:00","og_image":[{"width":1600,"height":900,"url":"https:\/\/regiaonews.net.br\/2022\/wp-content\/uploads\/2024\/07\/WhatsApp-Image-2024-07-15-at-16.30.05.jpeg","type":"image\/jpeg"}],"author":"Roberto","twitter_card":"summary_large_image","twitter_misc":{"Escrito por":"Roberto","Est. tempo de leitura":"2 minutos"},"schema":{"@context":"https:\/\/schema.org","@graph":[{"@type":"Article","@id":"https:\/\/regiaonews.net.br\/2022\/2024\/07\/15\/north-shopping-barretos-conclui-doacao-de-agasalhos-ao-fundo-social-de-solidariedade\/#article","isPartOf":{"@id":"https:\/\/regiaonews.net.br\/2022\/2024\/07\/15\/north-shopping-barretos-conclui-doacao-de-agasalhos-ao-fundo-social-de-solidariedade\/"},"author":{"name":"Roberto","@id":"https:\/\/regiaonews.net.br\/2022\/#\/schema\/person\/2d205a608a5aa97ac279d7a5e6d89ad8"},"headline":"North Shopping Barretos conclui doa\u00e7\u00e3o de agasalhos ao Fundo Social de Solidariedade","datePublished":"2024-07-15T22:07:27+00:00","mainEntityOfPage":{"@id":"https:\/\/regiaonews.net.br\/2022\/2024\/07\/15\/north-shopping-barretos-conclui-doacao-de-agasalhos-ao-fundo-social-de-solidariedade\/"},"wordCount":229,"commentCount":0,"publisher":{"@id":"https:\/\/regiaonews.net.br\/2022\/#organization"},"image":{"@id":"https:\/\/regiaonews.net.br\/2022\/2024\/07\/15\/north-shopping-barretos-conclui-doacao-de-agasalhos-ao-fundo-social-de-solidariedade\/#primaryimage"},"thumbnailUrl":"https:\/\/regiaonews.net.br\/2022\/wp-content\/uploads\/2024\/07\/WhatsApp-Image-2024-07-15-at-16.30.05.jpeg","articleSection":["Barretos","Cidades"],"inLanguage":"pt-BR","potentialAction":[{"@type":"CommentAction","name":"Comment","target":["https:\/\/regiaonews.net.br\/2022\/2024\/07\/15\/north-shopping-barretos-conclui-doacao-de-agasalhos-ao-fundo-social-de-solidariedade\/#respond"]}]},{"@type":"WebPage","@id":"https:\/\/regiaonews.net.br\/2022\/2024\/07\/15\/north-shopping-barretos-conclui-doacao-de-agasalhos-ao-fundo-social-de-solidariedade\/","url":"https:\/\/regiaonews.net.br\/2022\/2024\/07\/15\/north-shopping-barretos-conclui-doacao-de-agasalhos-ao-fundo-social-de-solidariedade\/","name":"North Shopping Barretos conclui doa\u00e7\u00e3o de agasalhos ao Fundo Social de Solidariedade - Regi\u00e3o News","isPartOf":{"@id":"https:\/\/regiaonews.net.br\/2022\/#website"},"primaryImageOfPage":{"@id":"https:\/\/regiaonews.net.br\/2022\/2024\/07\/15\/north-shopping-barretos-conclui-doacao-de-agasalhos-ao-fundo-social-de-solidariedade\/#primaryimage"},"image":{"@id":"https:\/\/regiaonews.net.br\/2022\/2024\/07\/15\/north-shopping-barretos-conclui-doacao-de-agasalhos-ao-fundo-social-de-solidariedade\/#primaryimage"},"thumbnailUrl":"https:\/\/regiaonews.net.br\/2022\/wp-content\/uploads\/2024\/07\/WhatsApp-Image-2024-07-15-at-16.30.05.jpeg","datePublished":"2024-07-15T22:07:27+00:00","breadcrumb":{"@id":"https:\/\/regiaonews.net.br\/2022\/2024\/07\/15\/north-shopping-barretos-conclui-doacao-de-agasalhos-ao-fundo-social-de-solidariedade\/#breadcrumb"},"inLanguage":"pt-BR","potentialAction":[{"@type":"ReadAction","target":["https:\/\/regiaonews.net.br\/2022\/2024\/07\/15\/north-shopping-barretos-conclui-doacao-de-agasalhos-ao-fundo-social-de-solidariedade\/"]}]},{"@type":"ImageObject","inLanguage":"pt-BR","@id":"https:\/\/regiaonews.net.br\/2022\/2024\/07\/15\/north-shopping-barretos-conclui-doacao-de-agasalhos-ao-fundo-social-de-solidariedade\/#primaryimage","url":"https:\/\/regiaonews.net.br\/2022\/wp-content\/uploads\/2024\/07\/WhatsApp-Image-2024-07-15-at-16.30.05.jpeg","contentUrl":"https:\/\/regiaonews.net.br\/2022\/wp-content\/uploads\/2024\/07\/WhatsApp-Image-2024-07-15-at-16.30.05.jpeg","width":1600,"height":900},{"@type":"BreadcrumbList","@id":"https:\/\/regiaonews.net.br\/2022\/2024\/07\/15\/north-shopping-barretos-conclui-doacao-de-agasalhos-ao-fundo-social-de-solidariedade\/#breadcrumb","itemListElement":[{"@type":"ListItem","position":1,"name":"In\u00edcio","item":"https:\/\/regiaonews.net.br\/2022\/"},{"@type":"ListItem","position":2,"name":"North Shopping Barretos conclui doa\u00e7\u00e3o de agasalhos ao Fundo Social de Solidariedade"}]},{"@type":"WebSite","@id":"https:\/\/regiaonews.net.br\/2022\/#website","url":"https:\/\/regiaonews.net.br\/2022\/","name":"Regi\u00e3o News","description":"Site de Not\u00edcias de Barretos e regi\u00e3o","publisher":{"@id":"https:\/\/regiaonews.net.br\/2022\/#organization"},"potentialAction":[{"@type":"SearchAction","target":{"@type":"EntryPoint","urlTemplate":"https:\/\/regiaonews.net.br\/2022\/?s={search_term_string}"},"query-input":{"@type":"PropertyValueSpecification","valueRequired":true,"valueName":"search_term_string"}}],"inLanguage":"pt-BR"},{"@type":"Organization","@id":"https:\/\/regiaonews.net.br\/2022\/#organization","name":"Regi\u00e3o News","url":"https:\/\/regiaonews.net.br\/2022\/","logo":{"@type":"ImageObject","inLanguage":"pt-BR","@id":"https:\/\/regiaonews.net.br\/2022\/#\/schema\/logo\/image\/","url":"https:\/\/regiaonews.net.br\/2022\/wp-content\/uploads\/2026\/03\/regiao-13-anos-scaled.jpg","contentUrl":"https:\/\/regiaonews.net.br\/2022\/wp-content\/uploads\/2026\/03\/regiao-13-anos-scaled.jpg","width":2560,"height":635,"caption":"Regi\u00e3o News"},"image":{"@id":"https:\/\/regiaonews.net.br\/2022\/#\/schema\/logo\/image\/"}},{"@type":"Person","@id":"https:\/\/regiaonews.net.br\/2022\/#\/schema\/person\/2d205a608a5aa97ac279d7a5e6d89ad8","name":"Roberto","image":{"@type":"ImageObject","inLanguage":"pt-BR","@id":"https:\/\/secure.gravatar.com\/avatar\/42749d8b712ff9d59ca93dc150494e5b55a44134482993f5baeb97e61b7ecc89?s=96&d=mm&r=g","url":"https:\/\/secure.gravatar.com\/avatar\/42749d8b712ff9d59ca93dc150494e5b55a44134482993f5baeb97e61b7ecc89?s=96&d=mm&r=g","contentUrl":"https:\/\/secure.gravatar.com\/avatar\/42749d8b712ff9d59ca93dc150494e5b55a44134482993f5baeb97e61b7ecc89?s=96&d=mm&r=g","caption":"Roberto"},"url":"https:\/\/regiaonews.net.br\/2022\/author\/roberto\/"}]}},"publishpress_future_action":{"enabled":false,"date":"2026-05-03 07:00:25","action":"change-status","newStatus":"draft","terms":[],"taxonomy":"category","extraData":[]},"publishpress_future_workflow_manual_trigger":{"enabledWorkflows":[]},"_links":{"self":[{"href":"https:\/\/regiaonews.net.br\/2022\/wp-json\/wp\/v2\/posts\/107692","targetHints":{"allow":["GET"]}}],"collection":[{"href":"https:\/\/regiaonews.net.br\/2022\/wp-json\/wp\/v2\/posts"}],"about":[{"href":"https:\/\/regiaonews.net.br\/2022\/wp-json\/wp\/v2\/types\/post"}],"author":[{"embeddable":true,"href":"https:\/\/regiaonews.net.br\/2022\/wp-json\/wp\/v2\/users\/2"}],"replies":[{"embeddable":true,"href":"https:\/\/regiaonews.net.br\/2022\/wp-json\/wp\/v2\/comments?post=107692"}],"version-history":[{"count":1,"href":"https:\/\/regiaonews.net.br\/2022\/wp-json\/wp\/v2\/posts\/107692\/revisions"}],"predecessor-version":[{"id":107694,"href":"https:\/\/regiaonews.net.br\/2022\/wp-json\/wp\/v2\/posts\/107692\/revisions\/107694"}],"wp:featuredmedia":[{"embeddable":true,"href":"https:\/\/regiaonews.net.br\/2022\/wp-json\/wp\/v2\/media\/107693"}],"wp:attachment":[{"href":"https:\/\/regiaonews.net.br\/2022\/wp-json\/wp\/v2\/media?parent=107692"}],"wp:term":[{"taxonomy":"category","embeddable":true,"href":"https:\/\/regiaonews.net.br\/2022\/wp-json\/wp\/v2\/categories?post=107692"},{"taxonomy":"post_tag","embeddable":true,"href":"https:\/\/regiaonews.net.br\/2022\/wp-json\/wp\/v2\/tags?post=107692"}],"curies":[{"name":"wp","href":"https:\/\/api.w.org\/{rel}","templated":true}]}}