{"id":107689,"date":"2024-07-15T19:05:54","date_gmt":"2024-07-15T22:05:54","guid":{"rendered":"https:\/\/regiaonews.net.br\/2022\/?p=107689"},"modified":"2024-07-15T19:05:54","modified_gmt":"2024-07-15T22:05:54","slug":"coral-papo-furado-emociona-profissionais-da-saude-em-apresentacao-no-ircad","status":"publish","type":"post","link":"https:\/\/regiaonews.net.br\/2022\/2024\/07\/15\/coral-papo-furado-emociona-profissionais-da-saude-em-apresentacao-no-ircad\/","title":{"rendered":"Coral Papo Furado\u201d emociona profissionais da sa\u00fade em apresenta\u00e7\u00e3o no IRCAD"},"content":{"rendered":"<p>Grupo composto por pacientes laringectomizados integra um dos projetos do Instituto Sociocultural do Hospital de Amor<\/p>\n<p>Pacientes em tratamento ou que j\u00e1 conclu\u00edram tratamento de tumores que atingiram tamb\u00e9m a laringe, e que exigiu uma laringectomia (cirurgia de remo\u00e7\u00e3o da laringe), assim s\u00e3o os coralistas do \u201cCoral Papo Furado\u201d que se apresentou na abertura do &#8220;II F\u00f3rum Julho Verde de Conscientiza\u00e7\u00e3o e Preven\u00e7\u00e3o do C\u00e2ncer de Cabe\u00e7a e Pesco\u00e7o\u201d e emocionou o p\u00fablico, gestores e profissionais da sa\u00fade, no IRCAD &#8211; Am\u00e9rica Latina, na \u00faltima sexta-feira, 12.<\/p>\n<p>O grupo integra um dos projetos do Instituto Sociocultural do Hospital de Amor, em parceria com o Minist\u00e9rio da Cultura, por meio da Lei de Incentivo \u00e0 Cultura &#8211; Lei Rouanet.<\/p>\n<p>\u201cEsse grupo existe desde 2002 com o objetivo de atuar na reabilita\u00e7\u00e3o dos pacientes, ap\u00f3s a cirurgia da retirada total da laringe, ele promove a socializa\u00e7\u00e3o e a autoestima dessas pessoas laringectomizadas. Para esta no &#8216;Coral Papo Furado\u2019 eles utilizam uma das tr\u00eas formas de comunica\u00e7\u00e3o: a voz esof\u00e1gica, a laringe eletr\u00f4nica ou a pr\u00f3tese traqueo-esof\u00e1gica\u201d, explicou a fonoaudi\u00f3loga Juliana Levy Daher.<\/p>\n<p>O senhor Jo\u00e3o Aparecido de Carvalho, 67 anos, da cidade de Catanduva\/SP, \u00e9 um dos 25 coralistas do \u2018Papo Furado\u2019. Ele conta que \u00e9 ex-fumante, teve uma situa\u00e7\u00e3o de alcoolismo e, com hist\u00f3rico de c\u00e2ncer na fam\u00edlia, desenvolveu c\u00e2ncer de laringe. No ano de 2008 passou pela cirurgia de laringectomia e hoje ele aconselha as pessoas a pararem com o v\u00edcio do cigarro e do \u00e1lcool para n\u00e3o terem maiores complica\u00e7\u00f5es no futuro.<\/p>\n<p>\u201cO coral mudou totalmente minha vida, aqui, al\u00e9m de poder cantar de uma forma minha, nos tornamos, juntos, uma verdadeira fam\u00edlia. Hoje eu alerto as pessoas a pararem com o v\u00edcio enquanto se tem tempo, pois pode levar a um c\u00e2ncer, como eu tive\u201d, alerta o coralista que possui a pr\u00f3tese traqueo-esof\u00e1gica.<\/p>\n<p>Atualmente com 25 integrantes, o Coral realizou muitas apresenta\u00e7\u00f5es durante esses 22 anos de hist\u00f3ria e teve diversos componentes. J\u00e1 se apresentou para celebridades, pol\u00edticos e em eventos do pr\u00f3prio hospital.<\/p>\n","protected":false},"excerpt":{"rendered":"<p>Grupo composto por pacientes laringectomizados integra um dos projetos do<\/p>\n","protected":false},"author":2,"featured_media":107690,"comment_status":"open","ping_status":"open","sticky":false,"template":"","format":"standard","meta":{"footnotes":""},"categories":[14,25],"tags":[],"class_list":["post-107689","post","type-post","status-publish","format-standard","has-post-thumbnail","hentry","category-barretos","category-cidades"],"yoast_head":"<!-- This site is optimized with the Yoast SEO plugin v27.4 - https:\/\/yoast.com\/product\/yoast-seo-wordpress\/ -->\n<title>Coral Papo Furado\u201d emociona profissionais da sa\u00fade em apresenta\u00e7\u00e3o no IRCAD - Regi\u00e3o News<\/title>\n<meta name=\"robots\" content=\"index, follow, max-snippet:-1, max-image-preview:large, max-video-preview:-1\" \/>\n<link rel=\"canonical\" href=\"https:\/\/regiaonews.net.br\/2022\/2024\/07\/15\/coral-papo-furado-emociona-profissionais-da-saude-em-apresentacao-no-ircad\/\" \/>\n<meta property=\"og:locale\" content=\"pt_BR\" \/>\n<meta property=\"og:type\" content=\"article\" \/>\n<meta property=\"og:title\" content=\"Coral Papo Furado\u201d emociona profissionais da sa\u00fade em apresenta\u00e7\u00e3o no IRCAD - Regi\u00e3o News\" \/>\n<meta property=\"og:description\" content=\"Grupo composto por pacientes laringectomizados integra um dos projetos do\" \/>\n<meta property=\"og:url\" content=\"https:\/\/regiaonews.net.br\/2022\/2024\/07\/15\/coral-papo-furado-emociona-profissionais-da-saude-em-apresentacao-no-ircad\/\" \/>\n<meta property=\"og:site_name\" content=\"Regi\u00e3o News\" \/>\n<meta property=\"article:published_time\" content=\"2024-07-15T22:05:54+00:00\" \/>\n<meta property=\"og:image\" content=\"https:\/\/regiaonews.net.br\/2022\/wp-content\/uploads\/2024\/07\/WhatsApp-Image-2024-07-15-at-16.30.03.jpeg\" \/>\n\t<meta property=\"og:image:width\" content=\"1280\" \/>\n\t<meta property=\"og:image:height\" content=\"720\" \/>\n\t<meta property=\"og:image:type\" content=\"image\/jpeg\" \/>\n<meta name=\"author\" content=\"Roberto\" \/>\n<meta name=\"twitter:card\" content=\"summary_large_image\" \/>\n<meta name=\"twitter:label1\" content=\"Escrito por\" \/>\n\t<meta name=\"twitter:data1\" content=\"Roberto\" \/>\n\t<meta name=\"twitter:label2\" content=\"Est. tempo de leitura\" \/>\n\t<meta name=\"twitter:data2\" content=\"3 minutos\" \/>\n<script type=\"application\/ld+json\" class=\"yoast-schema-graph\">{\"@context\":\"https:\\\/\\\/schema.org\",\"@graph\":[{\"@type\":\"Article\",\"@id\":\"https:\\\/\\\/regiaonews.net.br\\\/2022\\\/2024\\\/07\\\/15\\\/coral-papo-furado-emociona-profissionais-da-saude-em-apresentacao-no-ircad\\\/#article\",\"isPartOf\":{\"@id\":\"https:\\\/\\\/regiaonews.net.br\\\/2022\\\/2024\\\/07\\\/15\\\/coral-papo-furado-emociona-profissionais-da-saude-em-apresentacao-no-ircad\\\/\"},\"author\":{\"name\":\"Roberto\",\"@id\":\"https:\\\/\\\/regiaonews.net.br\\\/2022\\\/#\\\/schema\\\/person\\\/2d205a608a5aa97ac279d7a5e6d89ad8\"},\"headline\":\"Coral Papo Furado\u201d emociona profissionais da sa\u00fade em apresenta\u00e7\u00e3o no IRCAD\",\"datePublished\":\"2024-07-15T22:05:54+00:00\",\"mainEntityOfPage\":{\"@id\":\"https:\\\/\\\/regiaonews.net.br\\\/2022\\\/2024\\\/07\\\/15\\\/coral-papo-furado-emociona-profissionais-da-saude-em-apresentacao-no-ircad\\\/\"},\"wordCount\":383,\"commentCount\":0,\"publisher\":{\"@id\":\"https:\\\/\\\/regiaonews.net.br\\\/2022\\\/#organization\"},\"image\":{\"@id\":\"https:\\\/\\\/regiaonews.net.br\\\/2022\\\/2024\\\/07\\\/15\\\/coral-papo-furado-emociona-profissionais-da-saude-em-apresentacao-no-ircad\\\/#primaryimage\"},\"thumbnailUrl\":\"https:\\\/\\\/regiaonews.net.br\\\/2022\\\/wp-content\\\/uploads\\\/2024\\\/07\\\/WhatsApp-Image-2024-07-15-at-16.30.03.jpeg\",\"articleSection\":[\"Barretos\",\"Cidades\"],\"inLanguage\":\"pt-BR\",\"potentialAction\":[{\"@type\":\"CommentAction\",\"name\":\"Comment\",\"target\":[\"https:\\\/\\\/regiaonews.net.br\\\/2022\\\/2024\\\/07\\\/15\\\/coral-papo-furado-emociona-profissionais-da-saude-em-apresentacao-no-ircad\\\/#respond\"]}]},{\"@type\":\"WebPage\",\"@id\":\"https:\\\/\\\/regiaonews.net.br\\\/2022\\\/2024\\\/07\\\/15\\\/coral-papo-furado-emociona-profissionais-da-saude-em-apresentacao-no-ircad\\\/\",\"url\":\"https:\\\/\\\/regiaonews.net.br\\\/2022\\\/2024\\\/07\\\/15\\\/coral-papo-furado-emociona-profissionais-da-saude-em-apresentacao-no-ircad\\\/\",\"name\":\"Coral Papo Furado\u201d emociona profissionais da sa\u00fade em apresenta\u00e7\u00e3o no IRCAD - Regi\u00e3o News\",\"isPartOf\":{\"@id\":\"https:\\\/\\\/regiaonews.net.br\\\/2022\\\/#website\"},\"primaryImageOfPage\":{\"@id\":\"https:\\\/\\\/regiaonews.net.br\\\/2022\\\/2024\\\/07\\\/15\\\/coral-papo-furado-emociona-profissionais-da-saude-em-apresentacao-no-ircad\\\/#primaryimage\"},\"image\":{\"@id\":\"https:\\\/\\\/regiaonews.net.br\\\/2022\\\/2024\\\/07\\\/15\\\/coral-papo-furado-emociona-profissionais-da-saude-em-apresentacao-no-ircad\\\/#primaryimage\"},\"thumbnailUrl\":\"https:\\\/\\\/regiaonews.net.br\\\/2022\\\/wp-content\\\/uploads\\\/2024\\\/07\\\/WhatsApp-Image-2024-07-15-at-16.30.03.jpeg\",\"datePublished\":\"2024-07-15T22:05:54+00:00\",\"breadcrumb\":{\"@id\":\"https:\\\/\\\/regiaonews.net.br\\\/2022\\\/2024\\\/07\\\/15\\\/coral-papo-furado-emociona-profissionais-da-saude-em-apresentacao-no-ircad\\\/#breadcrumb\"},\"inLanguage\":\"pt-BR\",\"potentialAction\":[{\"@type\":\"ReadAction\",\"target\":[\"https:\\\/\\\/regiaonews.net.br\\\/2022\\\/2024\\\/07\\\/15\\\/coral-papo-furado-emociona-profissionais-da-saude-em-apresentacao-no-ircad\\\/\"]}]},{\"@type\":\"ImageObject\",\"inLanguage\":\"pt-BR\",\"@id\":\"https:\\\/\\\/regiaonews.net.br\\\/2022\\\/2024\\\/07\\\/15\\\/coral-papo-furado-emociona-profissionais-da-saude-em-apresentacao-no-ircad\\\/#primaryimage\",\"url\":\"https:\\\/\\\/regiaonews.net.br\\\/2022\\\/wp-content\\\/uploads\\\/2024\\\/07\\\/WhatsApp-Image-2024-07-15-at-16.30.03.jpeg\",\"contentUrl\":\"https:\\\/\\\/regiaonews.net.br\\\/2022\\\/wp-content\\\/uploads\\\/2024\\\/07\\\/WhatsApp-Image-2024-07-15-at-16.30.03.jpeg\",\"width\":1280,\"height\":720},{\"@type\":\"BreadcrumbList\",\"@id\":\"https:\\\/\\\/regiaonews.net.br\\\/2022\\\/2024\\\/07\\\/15\\\/coral-papo-furado-emociona-profissionais-da-saude-em-apresentacao-no-ircad\\\/#breadcrumb\",\"itemListElement\":[{\"@type\":\"ListItem\",\"position\":1,\"name\":\"In\u00edcio\",\"item\":\"https:\\\/\\\/regiaonews.net.br\\\/2022\\\/\"},{\"@type\":\"ListItem\",\"position\":2,\"name\":\"Coral Papo Furado\u201d emociona profissionais da sa\u00fade em apresenta\u00e7\u00e3o no IRCAD\"}]},{\"@type\":\"WebSite\",\"@id\":\"https:\\\/\\\/regiaonews.net.br\\\/2022\\\/#website\",\"url\":\"https:\\\/\\\/regiaonews.net.br\\\/2022\\\/\",\"name\":\"Regi\u00e3o News\",\"description\":\"Site de Not\u00edcias de Barretos e regi\u00e3o\",\"publisher\":{\"@id\":\"https:\\\/\\\/regiaonews.net.br\\\/2022\\\/#organization\"},\"potentialAction\":[{\"@type\":\"SearchAction\",\"target\":{\"@type\":\"EntryPoint\",\"urlTemplate\":\"https:\\\/\\\/regiaonews.net.br\\\/2022\\\/?s={search_term_string}\"},\"query-input\":{\"@type\":\"PropertyValueSpecification\",\"valueRequired\":true,\"valueName\":\"search_term_string\"}}],\"inLanguage\":\"pt-BR\"},{\"@type\":\"Organization\",\"@id\":\"https:\\\/\\\/regiaonews.net.br\\\/2022\\\/#organization\",\"name\":\"Regi\u00e3o News\",\"url\":\"https:\\\/\\\/regiaonews.net.br\\\/2022\\\/\",\"logo\":{\"@type\":\"ImageObject\",\"inLanguage\":\"pt-BR\",\"@id\":\"https:\\\/\\\/regiaonews.net.br\\\/2022\\\/#\\\/schema\\\/logo\\\/image\\\/\",\"url\":\"https:\\\/\\\/regiaonews.net.br\\\/2022\\\/wp-content\\\/uploads\\\/2026\\\/03\\\/regiao-13-anos-scaled.jpg\",\"contentUrl\":\"https:\\\/\\\/regiaonews.net.br\\\/2022\\\/wp-content\\\/uploads\\\/2026\\\/03\\\/regiao-13-anos-scaled.jpg\",\"width\":2560,\"height\":635,\"caption\":\"Regi\u00e3o News\"},\"image\":{\"@id\":\"https:\\\/\\\/regiaonews.net.br\\\/2022\\\/#\\\/schema\\\/logo\\\/image\\\/\"}},{\"@type\":\"Person\",\"@id\":\"https:\\\/\\\/regiaonews.net.br\\\/2022\\\/#\\\/schema\\\/person\\\/2d205a608a5aa97ac279d7a5e6d89ad8\",\"name\":\"Roberto\",\"image\":{\"@type\":\"ImageObject\",\"inLanguage\":\"pt-BR\",\"@id\":\"https:\\\/\\\/secure.gravatar.com\\\/avatar\\\/42749d8b712ff9d59ca93dc150494e5b55a44134482993f5baeb97e61b7ecc89?s=96&d=mm&r=g\",\"url\":\"https:\\\/\\\/secure.gravatar.com\\\/avatar\\\/42749d8b712ff9d59ca93dc150494e5b55a44134482993f5baeb97e61b7ecc89?s=96&d=mm&r=g\",\"contentUrl\":\"https:\\\/\\\/secure.gravatar.com\\\/avatar\\\/42749d8b712ff9d59ca93dc150494e5b55a44134482993f5baeb97e61b7ecc89?s=96&d=mm&r=g\",\"caption\":\"Roberto\"},\"url\":\"https:\\\/\\\/regiaonews.net.br\\\/2022\\\/author\\\/roberto\\\/\"}]}<\/script>\n<!-- \/ Yoast SEO plugin. -->","yoast_head_json":{"title":"Coral Papo Furado\u201d emociona profissionais da sa\u00fade em apresenta\u00e7\u00e3o no IRCAD - Regi\u00e3o News","robots":{"index":"index","follow":"follow","max-snippet":"max-snippet:-1","max-image-preview":"max-image-preview:large","max-video-preview":"max-video-preview:-1"},"canonical":"https:\/\/regiaonews.net.br\/2022\/2024\/07\/15\/coral-papo-furado-emociona-profissionais-da-saude-em-apresentacao-no-ircad\/","og_locale":"pt_BR","og_type":"article","og_title":"Coral Papo Furado\u201d emociona profissionais da sa\u00fade em apresenta\u00e7\u00e3o no IRCAD - Regi\u00e3o News","og_description":"Grupo composto por pacientes laringectomizados integra um dos projetos do","og_url":"https:\/\/regiaonews.net.br\/2022\/2024\/07\/15\/coral-papo-furado-emociona-profissionais-da-saude-em-apresentacao-no-ircad\/","og_site_name":"Regi\u00e3o News","article_published_time":"2024-07-15T22:05:54+00:00","og_image":[{"width":1280,"height":720,"url":"https:\/\/regiaonews.net.br\/2022\/wp-content\/uploads\/2024\/07\/WhatsApp-Image-2024-07-15-at-16.30.03.jpeg","type":"image\/jpeg"}],"author":"Roberto","twitter_card":"summary_large_image","twitter_misc":{"Escrito por":"Roberto","Est. tempo de leitura":"3 minutos"},"schema":{"@context":"https:\/\/schema.org","@graph":[{"@type":"Article","@id":"https:\/\/regiaonews.net.br\/2022\/2024\/07\/15\/coral-papo-furado-emociona-profissionais-da-saude-em-apresentacao-no-ircad\/#article","isPartOf":{"@id":"https:\/\/regiaonews.net.br\/2022\/2024\/07\/15\/coral-papo-furado-emociona-profissionais-da-saude-em-apresentacao-no-ircad\/"},"author":{"name":"Roberto","@id":"https:\/\/regiaonews.net.br\/2022\/#\/schema\/person\/2d205a608a5aa97ac279d7a5e6d89ad8"},"headline":"Coral Papo Furado\u201d emociona profissionais da sa\u00fade em apresenta\u00e7\u00e3o no IRCAD","datePublished":"2024-07-15T22:05:54+00:00","mainEntityOfPage":{"@id":"https:\/\/regiaonews.net.br\/2022\/2024\/07\/15\/coral-papo-furado-emociona-profissionais-da-saude-em-apresentacao-no-ircad\/"},"wordCount":383,"commentCount":0,"publisher":{"@id":"https:\/\/regiaonews.net.br\/2022\/#organization"},"image":{"@id":"https:\/\/regiaonews.net.br\/2022\/2024\/07\/15\/coral-papo-furado-emociona-profissionais-da-saude-em-apresentacao-no-ircad\/#primaryimage"},"thumbnailUrl":"https:\/\/regiaonews.net.br\/2022\/wp-content\/uploads\/2024\/07\/WhatsApp-Image-2024-07-15-at-16.30.03.jpeg","articleSection":["Barretos","Cidades"],"inLanguage":"pt-BR","potentialAction":[{"@type":"CommentAction","name":"Comment","target":["https:\/\/regiaonews.net.br\/2022\/2024\/07\/15\/coral-papo-furado-emociona-profissionais-da-saude-em-apresentacao-no-ircad\/#respond"]}]},{"@type":"WebPage","@id":"https:\/\/regiaonews.net.br\/2022\/2024\/07\/15\/coral-papo-furado-emociona-profissionais-da-saude-em-apresentacao-no-ircad\/","url":"https:\/\/regiaonews.net.br\/2022\/2024\/07\/15\/coral-papo-furado-emociona-profissionais-da-saude-em-apresentacao-no-ircad\/","name":"Coral Papo Furado\u201d emociona profissionais da sa\u00fade em apresenta\u00e7\u00e3o no IRCAD - Regi\u00e3o News","isPartOf":{"@id":"https:\/\/regiaonews.net.br\/2022\/#website"},"primaryImageOfPage":{"@id":"https:\/\/regiaonews.net.br\/2022\/2024\/07\/15\/coral-papo-furado-emociona-profissionais-da-saude-em-apresentacao-no-ircad\/#primaryimage"},"image":{"@id":"https:\/\/regiaonews.net.br\/2022\/2024\/07\/15\/coral-papo-furado-emociona-profissionais-da-saude-em-apresentacao-no-ircad\/#primaryimage"},"thumbnailUrl":"https:\/\/regiaonews.net.br\/2022\/wp-content\/uploads\/2024\/07\/WhatsApp-Image-2024-07-15-at-16.30.03.jpeg","datePublished":"2024-07-15T22:05:54+00:00","breadcrumb":{"@id":"https:\/\/regiaonews.net.br\/2022\/2024\/07\/15\/coral-papo-furado-emociona-profissionais-da-saude-em-apresentacao-no-ircad\/#breadcrumb"},"inLanguage":"pt-BR","potentialAction":[{"@type":"ReadAction","target":["https:\/\/regiaonews.net.br\/2022\/2024\/07\/15\/coral-papo-furado-emociona-profissionais-da-saude-em-apresentacao-no-ircad\/"]}]},{"@type":"ImageObject","inLanguage":"pt-BR","@id":"https:\/\/regiaonews.net.br\/2022\/2024\/07\/15\/coral-papo-furado-emociona-profissionais-da-saude-em-apresentacao-no-ircad\/#primaryimage","url":"https:\/\/regiaonews.net.br\/2022\/wp-content\/uploads\/2024\/07\/WhatsApp-Image-2024-07-15-at-16.30.03.jpeg","contentUrl":"https:\/\/regiaonews.net.br\/2022\/wp-content\/uploads\/2024\/07\/WhatsApp-Image-2024-07-15-at-16.30.03.jpeg","width":1280,"height":720},{"@type":"BreadcrumbList","@id":"https:\/\/regiaonews.net.br\/2022\/2024\/07\/15\/coral-papo-furado-emociona-profissionais-da-saude-em-apresentacao-no-ircad\/#breadcrumb","itemListElement":[{"@type":"ListItem","position":1,"name":"In\u00edcio","item":"https:\/\/regiaonews.net.br\/2022\/"},{"@type":"ListItem","position":2,"name":"Coral Papo Furado\u201d emociona profissionais da sa\u00fade em apresenta\u00e7\u00e3o no IRCAD"}]},{"@type":"WebSite","@id":"https:\/\/regiaonews.net.br\/2022\/#website","url":"https:\/\/regiaonews.net.br\/2022\/","name":"Regi\u00e3o News","description":"Site de Not\u00edcias de Barretos e regi\u00e3o","publisher":{"@id":"https:\/\/regiaonews.net.br\/2022\/#organization"},"potentialAction":[{"@type":"SearchAction","target":{"@type":"EntryPoint","urlTemplate":"https:\/\/regiaonews.net.br\/2022\/?s={search_term_string}"},"query-input":{"@type":"PropertyValueSpecification","valueRequired":true,"valueName":"search_term_string"}}],"inLanguage":"pt-BR"},{"@type":"Organization","@id":"https:\/\/regiaonews.net.br\/2022\/#organization","name":"Regi\u00e3o News","url":"https:\/\/regiaonews.net.br\/2022\/","logo":{"@type":"ImageObject","inLanguage":"pt-BR","@id":"https:\/\/regiaonews.net.br\/2022\/#\/schema\/logo\/image\/","url":"https:\/\/regiaonews.net.br\/2022\/wp-content\/uploads\/2026\/03\/regiao-13-anos-scaled.jpg","contentUrl":"https:\/\/regiaonews.net.br\/2022\/wp-content\/uploads\/2026\/03\/regiao-13-anos-scaled.jpg","width":2560,"height":635,"caption":"Regi\u00e3o News"},"image":{"@id":"https:\/\/regiaonews.net.br\/2022\/#\/schema\/logo\/image\/"}},{"@type":"Person","@id":"https:\/\/regiaonews.net.br\/2022\/#\/schema\/person\/2d205a608a5aa97ac279d7a5e6d89ad8","name":"Roberto","image":{"@type":"ImageObject","inLanguage":"pt-BR","@id":"https:\/\/secure.gravatar.com\/avatar\/42749d8b712ff9d59ca93dc150494e5b55a44134482993f5baeb97e61b7ecc89?s=96&d=mm&r=g","url":"https:\/\/secure.gravatar.com\/avatar\/42749d8b712ff9d59ca93dc150494e5b55a44134482993f5baeb97e61b7ecc89?s=96&d=mm&r=g","contentUrl":"https:\/\/secure.gravatar.com\/avatar\/42749d8b712ff9d59ca93dc150494e5b55a44134482993f5baeb97e61b7ecc89?s=96&d=mm&r=g","caption":"Roberto"},"url":"https:\/\/regiaonews.net.br\/2022\/author\/roberto\/"}]}},"publishpress_future_action":{"enabled":false,"date":"2026-05-03 05:11:27","action":"change-status","newStatus":"draft","terms":[],"taxonomy":"category","extraData":[]},"publishpress_future_workflow_manual_trigger":{"enabledWorkflows":[]},"_links":{"self":[{"href":"https:\/\/regiaonews.net.br\/2022\/wp-json\/wp\/v2\/posts\/107689","targetHints":{"allow":["GET"]}}],"collection":[{"href":"https:\/\/regiaonews.net.br\/2022\/wp-json\/wp\/v2\/posts"}],"about":[{"href":"https:\/\/regiaonews.net.br\/2022\/wp-json\/wp\/v2\/types\/post"}],"author":[{"embeddable":true,"href":"https:\/\/regiaonews.net.br\/2022\/wp-json\/wp\/v2\/users\/2"}],"replies":[{"embeddable":true,"href":"https:\/\/regiaonews.net.br\/2022\/wp-json\/wp\/v2\/comments?post=107689"}],"version-history":[{"count":1,"href":"https:\/\/regiaonews.net.br\/2022\/wp-json\/wp\/v2\/posts\/107689\/revisions"}],"predecessor-version":[{"id":107691,"href":"https:\/\/regiaonews.net.br\/2022\/wp-json\/wp\/v2\/posts\/107689\/revisions\/107691"}],"wp:featuredmedia":[{"embeddable":true,"href":"https:\/\/regiaonews.net.br\/2022\/wp-json\/wp\/v2\/media\/107690"}],"wp:attachment":[{"href":"https:\/\/regiaonews.net.br\/2022\/wp-json\/wp\/v2\/media?parent=107689"}],"wp:term":[{"taxonomy":"category","embeddable":true,"href":"https:\/\/regiaonews.net.br\/2022\/wp-json\/wp\/v2\/categories?post=107689"},{"taxonomy":"post_tag","embeddable":true,"href":"https:\/\/regiaonews.net.br\/2022\/wp-json\/wp\/v2\/tags?post=107689"}],"curies":[{"name":"wp","href":"https:\/\/api.w.org\/{rel}","templated":true}]}}