{"id":107687,"date":"2024-07-15T17:50:53","date_gmt":"2024-07-15T20:50:53","guid":{"rendered":"https:\/\/regiaonews.net.br\/2022\/?p=107687"},"modified":"2024-07-15T17:50:53","modified_gmt":"2024-07-15T20:50:53","slug":"prefeitura-de-colina-paga-1a-parcela-do-13o-salario-dos-servidores-colinenses","status":"publish","type":"post","link":"https:\/\/regiaonews.net.br\/2022\/2024\/07\/15\/prefeitura-de-colina-paga-1a-parcela-do-13o-salario-dos-servidores-colinenses\/","title":{"rendered":"Prefeitura de Colina paga 1\u00aa parcela do 13\u00ba sal\u00e1rio dos servidores colinenses"},"content":{"rendered":"<header class=\"post-header\"><\/header>\n<div class=\"post-content\">\n<article class=\"post-text\">&nbsp;<\/p>\n<p>A Prefeitura Municipal de Colina prioriza e investe na realiza\u00e7\u00e3o de a\u00e7\u00f5es que beneficiam e valorizam o funcionalismo p\u00fablico municipal.<\/p>\n<p>Nesta sexta-feira, dia 12 de julho, tanto os servidores da Prefeitura quanto do SAAEC (Servi\u00e7o Aut\u00f4nomo de \u00c1gua e Esgoto de Colina), receberam a parcela antecipada do 13\u00b0 sal\u00e1rio, popularmente chamada de \u201c1\u00aa parcela\u201d.<\/p>\n<p>A antecipa\u00e7\u00e3o do pagamento da 1\u00aa parcela, que por Lei pode ser realizada at\u00e9 o m\u00eas de novembro de 2024, foi paga a 1.195 funcion\u00e1rios ativos (contratos tempor\u00e1rios, cargos efetivos e comissionados), bem como pensionistas e inativos; agentes comunit\u00e1rios de sa\u00fade e conselheiros tutelares, que receberam 50% de seus sal\u00e1rios, sem qualquer desconto.<\/p>\n<p>No total, foram R$ 1.984.758,59 investidos no benef\u00edcio, sendo que para a Prefeitura Municipal, o pagamento da metade do 13\u00ba sal\u00e1rio representa recursos da ordem de R$ 1.900.066,79, e para a Autarquia (SAAEC), R$ 84.691,80.<\/p>\n<p>\u201cA antecipa\u00e7\u00e3o foi adotada pela Administra\u00e7\u00e3o Municipal como forma de valorizar a dedica\u00e7\u00e3o e atender aos anseios do funcionalismo, que poder\u00e1 usufruir do dinheiro com tranquilidade e de forma a auxiliar no seu or\u00e7amento. O munic\u00edpio tem efetuado os pagamentos em dia, o que beneficia os servidores, ajuda o com\u00e9rcio local e aquece a economia\u201d, destacou o Prefeito Municipal Dieb Taha.<\/p>\n<p>\u00c9 importante destacar os tr\u00eas pagamentos efetuados tanto pela Prefeitura Municipal quanto pelo SAAEC no m\u00eas de julho: o sal\u00e1rio (Folha Mensal) no dia 05; a parcela antecipada do 13\u00ba sal\u00e1rio neste dia 12 e o \u201cVale\u201d (Adiantamento) previsto para o pr\u00f3ximo dia 24.<\/p>\n<\/article>\n<\/div>\n","protected":false},"excerpt":{"rendered":"<p>&nbsp; A Prefeitura Municipal de Colina prioriza e investe na<\/p>\n","protected":false},"author":2,"featured_media":64047,"comment_status":"open","ping_status":"open","sticky":false,"template":"","format":"standard","meta":{"footnotes":""},"categories":[5,111],"tags":[],"class_list":["post-107687","post","type-post","status-publish","format-standard","has-post-thumbnail","hentry","category-colina","category-cotidiano"],"yoast_head":"<!-- This site is optimized with the Yoast SEO plugin v27.4 - https:\/\/yoast.com\/product\/yoast-seo-wordpress\/ -->\n<title>Prefeitura de Colina paga 1\u00aa parcela do 13\u00ba sal\u00e1rio dos servidores colinenses - Regi\u00e3o News<\/title>\n<meta name=\"robots\" content=\"index, follow, max-snippet:-1, max-image-preview:large, max-video-preview:-1\" \/>\n<link rel=\"canonical\" href=\"https:\/\/regiaonews.net.br\/2022\/2024\/07\/15\/prefeitura-de-colina-paga-1a-parcela-do-13o-salario-dos-servidores-colinenses\/\" \/>\n<meta property=\"og:locale\" content=\"pt_BR\" \/>\n<meta property=\"og:type\" content=\"article\" \/>\n<meta property=\"og:title\" content=\"Prefeitura de Colina paga 1\u00aa parcela do 13\u00ba sal\u00e1rio dos servidores colinenses - Regi\u00e3o News\" \/>\n<meta property=\"og:description\" content=\"&nbsp; A Prefeitura Municipal de Colina prioriza e investe na\" \/>\n<meta property=\"og:url\" content=\"https:\/\/regiaonews.net.br\/2022\/2024\/07\/15\/prefeitura-de-colina-paga-1a-parcela-do-13o-salario-dos-servidores-colinenses\/\" \/>\n<meta property=\"og:site_name\" content=\"Regi\u00e3o News\" \/>\n<meta property=\"article:published_time\" content=\"2024-07-15T20:50:53+00:00\" \/>\n<meta property=\"og:image\" content=\"https:\/\/regiaonews.net.br\/2022\/wp-content\/uploads\/2021\/12\/Dieb-Taha.jpg\" \/>\n\t<meta property=\"og:image:width\" content=\"1280\" \/>\n\t<meta property=\"og:image:height\" content=\"853\" \/>\n\t<meta property=\"og:image:type\" content=\"image\/jpeg\" \/>\n<meta name=\"author\" content=\"Roberto\" \/>\n<meta name=\"twitter:card\" content=\"summary_large_image\" \/>\n<meta name=\"twitter:label1\" content=\"Escrito por\" \/>\n\t<meta name=\"twitter:data1\" content=\"Roberto\" \/>\n\t<meta name=\"twitter:label2\" content=\"Est. tempo de leitura\" \/>\n\t<meta name=\"twitter:data2\" content=\"2 minutos\" \/>\n<script type=\"application\/ld+json\" class=\"yoast-schema-graph\">{\"@context\":\"https:\\\/\\\/schema.org\",\"@graph\":[{\"@type\":\"Article\",\"@id\":\"https:\\\/\\\/regiaonews.net.br\\\/2022\\\/2024\\\/07\\\/15\\\/prefeitura-de-colina-paga-1a-parcela-do-13o-salario-dos-servidores-colinenses\\\/#article\",\"isPartOf\":{\"@id\":\"https:\\\/\\\/regiaonews.net.br\\\/2022\\\/2024\\\/07\\\/15\\\/prefeitura-de-colina-paga-1a-parcela-do-13o-salario-dos-servidores-colinenses\\\/\"},\"author\":{\"name\":\"Roberto\",\"@id\":\"https:\\\/\\\/regiaonews.net.br\\\/2022\\\/#\\\/schema\\\/person\\\/2d205a608a5aa97ac279d7a5e6d89ad8\"},\"headline\":\"Prefeitura de Colina paga 1\u00aa parcela do 13\u00ba sal\u00e1rio dos servidores colinenses\",\"datePublished\":\"2024-07-15T20:50:53+00:00\",\"mainEntityOfPage\":{\"@id\":\"https:\\\/\\\/regiaonews.net.br\\\/2022\\\/2024\\\/07\\\/15\\\/prefeitura-de-colina-paga-1a-parcela-do-13o-salario-dos-servidores-colinenses\\\/\"},\"wordCount\":269,\"commentCount\":0,\"publisher\":{\"@id\":\"https:\\\/\\\/regiaonews.net.br\\\/2022\\\/#organization\"},\"image\":{\"@id\":\"https:\\\/\\\/regiaonews.net.br\\\/2022\\\/2024\\\/07\\\/15\\\/prefeitura-de-colina-paga-1a-parcela-do-13o-salario-dos-servidores-colinenses\\\/#primaryimage\"},\"thumbnailUrl\":\"https:\\\/\\\/regiaonews.net.br\\\/2022\\\/wp-content\\\/uploads\\\/2021\\\/12\\\/Dieb-Taha.jpg\",\"articleSection\":[\"Colina\",\"Cotidiano\"],\"inLanguage\":\"pt-BR\",\"potentialAction\":[{\"@type\":\"CommentAction\",\"name\":\"Comment\",\"target\":[\"https:\\\/\\\/regiaonews.net.br\\\/2022\\\/2024\\\/07\\\/15\\\/prefeitura-de-colina-paga-1a-parcela-do-13o-salario-dos-servidores-colinenses\\\/#respond\"]}]},{\"@type\":\"WebPage\",\"@id\":\"https:\\\/\\\/regiaonews.net.br\\\/2022\\\/2024\\\/07\\\/15\\\/prefeitura-de-colina-paga-1a-parcela-do-13o-salario-dos-servidores-colinenses\\\/\",\"url\":\"https:\\\/\\\/regiaonews.net.br\\\/2022\\\/2024\\\/07\\\/15\\\/prefeitura-de-colina-paga-1a-parcela-do-13o-salario-dos-servidores-colinenses\\\/\",\"name\":\"Prefeitura de Colina paga 1\u00aa parcela do 13\u00ba sal\u00e1rio dos servidores colinenses - Regi\u00e3o News\",\"isPartOf\":{\"@id\":\"https:\\\/\\\/regiaonews.net.br\\\/2022\\\/#website\"},\"primaryImageOfPage\":{\"@id\":\"https:\\\/\\\/regiaonews.net.br\\\/2022\\\/2024\\\/07\\\/15\\\/prefeitura-de-colina-paga-1a-parcela-do-13o-salario-dos-servidores-colinenses\\\/#primaryimage\"},\"image\":{\"@id\":\"https:\\\/\\\/regiaonews.net.br\\\/2022\\\/2024\\\/07\\\/15\\\/prefeitura-de-colina-paga-1a-parcela-do-13o-salario-dos-servidores-colinenses\\\/#primaryimage\"},\"thumbnailUrl\":\"https:\\\/\\\/regiaonews.net.br\\\/2022\\\/wp-content\\\/uploads\\\/2021\\\/12\\\/Dieb-Taha.jpg\",\"datePublished\":\"2024-07-15T20:50:53+00:00\",\"breadcrumb\":{\"@id\":\"https:\\\/\\\/regiaonews.net.br\\\/2022\\\/2024\\\/07\\\/15\\\/prefeitura-de-colina-paga-1a-parcela-do-13o-salario-dos-servidores-colinenses\\\/#breadcrumb\"},\"inLanguage\":\"pt-BR\",\"potentialAction\":[{\"@type\":\"ReadAction\",\"target\":[\"https:\\\/\\\/regiaonews.net.br\\\/2022\\\/2024\\\/07\\\/15\\\/prefeitura-de-colina-paga-1a-parcela-do-13o-salario-dos-servidores-colinenses\\\/\"]}]},{\"@type\":\"ImageObject\",\"inLanguage\":\"pt-BR\",\"@id\":\"https:\\\/\\\/regiaonews.net.br\\\/2022\\\/2024\\\/07\\\/15\\\/prefeitura-de-colina-paga-1a-parcela-do-13o-salario-dos-servidores-colinenses\\\/#primaryimage\",\"url\":\"https:\\\/\\\/regiaonews.net.br\\\/2022\\\/wp-content\\\/uploads\\\/2021\\\/12\\\/Dieb-Taha.jpg\",\"contentUrl\":\"https:\\\/\\\/regiaonews.net.br\\\/2022\\\/wp-content\\\/uploads\\\/2021\\\/12\\\/Dieb-Taha.jpg\",\"width\":1280,\"height\":853},{\"@type\":\"BreadcrumbList\",\"@id\":\"https:\\\/\\\/regiaonews.net.br\\\/2022\\\/2024\\\/07\\\/15\\\/prefeitura-de-colina-paga-1a-parcela-do-13o-salario-dos-servidores-colinenses\\\/#breadcrumb\",\"itemListElement\":[{\"@type\":\"ListItem\",\"position\":1,\"name\":\"In\u00edcio\",\"item\":\"https:\\\/\\\/regiaonews.net.br\\\/2022\\\/\"},{\"@type\":\"ListItem\",\"position\":2,\"name\":\"Prefeitura de Colina paga 1\u00aa parcela do 13\u00ba sal\u00e1rio dos servidores colinenses\"}]},{\"@type\":\"WebSite\",\"@id\":\"https:\\\/\\\/regiaonews.net.br\\\/2022\\\/#website\",\"url\":\"https:\\\/\\\/regiaonews.net.br\\\/2022\\\/\",\"name\":\"Regi\u00e3o News\",\"description\":\"Site de Not\u00edcias de Barretos e regi\u00e3o\",\"publisher\":{\"@id\":\"https:\\\/\\\/regiaonews.net.br\\\/2022\\\/#organization\"},\"potentialAction\":[{\"@type\":\"SearchAction\",\"target\":{\"@type\":\"EntryPoint\",\"urlTemplate\":\"https:\\\/\\\/regiaonews.net.br\\\/2022\\\/?s={search_term_string}\"},\"query-input\":{\"@type\":\"PropertyValueSpecification\",\"valueRequired\":true,\"valueName\":\"search_term_string\"}}],\"inLanguage\":\"pt-BR\"},{\"@type\":\"Organization\",\"@id\":\"https:\\\/\\\/regiaonews.net.br\\\/2022\\\/#organization\",\"name\":\"Regi\u00e3o News\",\"url\":\"https:\\\/\\\/regiaonews.net.br\\\/2022\\\/\",\"logo\":{\"@type\":\"ImageObject\",\"inLanguage\":\"pt-BR\",\"@id\":\"https:\\\/\\\/regiaonews.net.br\\\/2022\\\/#\\\/schema\\\/logo\\\/image\\\/\",\"url\":\"https:\\\/\\\/regiaonews.net.br\\\/2022\\\/wp-content\\\/uploads\\\/2026\\\/03\\\/regiao-13-anos-scaled.jpg\",\"contentUrl\":\"https:\\\/\\\/regiaonews.net.br\\\/2022\\\/wp-content\\\/uploads\\\/2026\\\/03\\\/regiao-13-anos-scaled.jpg\",\"width\":2560,\"height\":635,\"caption\":\"Regi\u00e3o News\"},\"image\":{\"@id\":\"https:\\\/\\\/regiaonews.net.br\\\/2022\\\/#\\\/schema\\\/logo\\\/image\\\/\"}},{\"@type\":\"Person\",\"@id\":\"https:\\\/\\\/regiaonews.net.br\\\/2022\\\/#\\\/schema\\\/person\\\/2d205a608a5aa97ac279d7a5e6d89ad8\",\"name\":\"Roberto\",\"image\":{\"@type\":\"ImageObject\",\"inLanguage\":\"pt-BR\",\"@id\":\"https:\\\/\\\/secure.gravatar.com\\\/avatar\\\/42749d8b712ff9d59ca93dc150494e5b55a44134482993f5baeb97e61b7ecc89?s=96&d=mm&r=g\",\"url\":\"https:\\\/\\\/secure.gravatar.com\\\/avatar\\\/42749d8b712ff9d59ca93dc150494e5b55a44134482993f5baeb97e61b7ecc89?s=96&d=mm&r=g\",\"contentUrl\":\"https:\\\/\\\/secure.gravatar.com\\\/avatar\\\/42749d8b712ff9d59ca93dc150494e5b55a44134482993f5baeb97e61b7ecc89?s=96&d=mm&r=g\",\"caption\":\"Roberto\"},\"url\":\"https:\\\/\\\/regiaonews.net.br\\\/2022\\\/author\\\/roberto\\\/\"}]}<\/script>\n<!-- \/ Yoast SEO plugin. -->","yoast_head_json":{"title":"Prefeitura de Colina paga 1\u00aa parcela do 13\u00ba sal\u00e1rio dos servidores colinenses - Regi\u00e3o News","robots":{"index":"index","follow":"follow","max-snippet":"max-snippet:-1","max-image-preview":"max-image-preview:large","max-video-preview":"max-video-preview:-1"},"canonical":"https:\/\/regiaonews.net.br\/2022\/2024\/07\/15\/prefeitura-de-colina-paga-1a-parcela-do-13o-salario-dos-servidores-colinenses\/","og_locale":"pt_BR","og_type":"article","og_title":"Prefeitura de Colina paga 1\u00aa parcela do 13\u00ba sal\u00e1rio dos servidores colinenses - Regi\u00e3o News","og_description":"&nbsp; A Prefeitura Municipal de Colina prioriza e investe na","og_url":"https:\/\/regiaonews.net.br\/2022\/2024\/07\/15\/prefeitura-de-colina-paga-1a-parcela-do-13o-salario-dos-servidores-colinenses\/","og_site_name":"Regi\u00e3o News","article_published_time":"2024-07-15T20:50:53+00:00","og_image":[{"width":1280,"height":853,"url":"https:\/\/regiaonews.net.br\/2022\/wp-content\/uploads\/2021\/12\/Dieb-Taha.jpg","type":"image\/jpeg"}],"author":"Roberto","twitter_card":"summary_large_image","twitter_misc":{"Escrito por":"Roberto","Est. tempo de leitura":"2 minutos"},"schema":{"@context":"https:\/\/schema.org","@graph":[{"@type":"Article","@id":"https:\/\/regiaonews.net.br\/2022\/2024\/07\/15\/prefeitura-de-colina-paga-1a-parcela-do-13o-salario-dos-servidores-colinenses\/#article","isPartOf":{"@id":"https:\/\/regiaonews.net.br\/2022\/2024\/07\/15\/prefeitura-de-colina-paga-1a-parcela-do-13o-salario-dos-servidores-colinenses\/"},"author":{"name":"Roberto","@id":"https:\/\/regiaonews.net.br\/2022\/#\/schema\/person\/2d205a608a5aa97ac279d7a5e6d89ad8"},"headline":"Prefeitura de Colina paga 1\u00aa parcela do 13\u00ba sal\u00e1rio dos servidores colinenses","datePublished":"2024-07-15T20:50:53+00:00","mainEntityOfPage":{"@id":"https:\/\/regiaonews.net.br\/2022\/2024\/07\/15\/prefeitura-de-colina-paga-1a-parcela-do-13o-salario-dos-servidores-colinenses\/"},"wordCount":269,"commentCount":0,"publisher":{"@id":"https:\/\/regiaonews.net.br\/2022\/#organization"},"image":{"@id":"https:\/\/regiaonews.net.br\/2022\/2024\/07\/15\/prefeitura-de-colina-paga-1a-parcela-do-13o-salario-dos-servidores-colinenses\/#primaryimage"},"thumbnailUrl":"https:\/\/regiaonews.net.br\/2022\/wp-content\/uploads\/2021\/12\/Dieb-Taha.jpg","articleSection":["Colina","Cotidiano"],"inLanguage":"pt-BR","potentialAction":[{"@type":"CommentAction","name":"Comment","target":["https:\/\/regiaonews.net.br\/2022\/2024\/07\/15\/prefeitura-de-colina-paga-1a-parcela-do-13o-salario-dos-servidores-colinenses\/#respond"]}]},{"@type":"WebPage","@id":"https:\/\/regiaonews.net.br\/2022\/2024\/07\/15\/prefeitura-de-colina-paga-1a-parcela-do-13o-salario-dos-servidores-colinenses\/","url":"https:\/\/regiaonews.net.br\/2022\/2024\/07\/15\/prefeitura-de-colina-paga-1a-parcela-do-13o-salario-dos-servidores-colinenses\/","name":"Prefeitura de Colina paga 1\u00aa parcela do 13\u00ba sal\u00e1rio dos servidores colinenses - Regi\u00e3o News","isPartOf":{"@id":"https:\/\/regiaonews.net.br\/2022\/#website"},"primaryImageOfPage":{"@id":"https:\/\/regiaonews.net.br\/2022\/2024\/07\/15\/prefeitura-de-colina-paga-1a-parcela-do-13o-salario-dos-servidores-colinenses\/#primaryimage"},"image":{"@id":"https:\/\/regiaonews.net.br\/2022\/2024\/07\/15\/prefeitura-de-colina-paga-1a-parcela-do-13o-salario-dos-servidores-colinenses\/#primaryimage"},"thumbnailUrl":"https:\/\/regiaonews.net.br\/2022\/wp-content\/uploads\/2021\/12\/Dieb-Taha.jpg","datePublished":"2024-07-15T20:50:53+00:00","breadcrumb":{"@id":"https:\/\/regiaonews.net.br\/2022\/2024\/07\/15\/prefeitura-de-colina-paga-1a-parcela-do-13o-salario-dos-servidores-colinenses\/#breadcrumb"},"inLanguage":"pt-BR","potentialAction":[{"@type":"ReadAction","target":["https:\/\/regiaonews.net.br\/2022\/2024\/07\/15\/prefeitura-de-colina-paga-1a-parcela-do-13o-salario-dos-servidores-colinenses\/"]}]},{"@type":"ImageObject","inLanguage":"pt-BR","@id":"https:\/\/regiaonews.net.br\/2022\/2024\/07\/15\/prefeitura-de-colina-paga-1a-parcela-do-13o-salario-dos-servidores-colinenses\/#primaryimage","url":"https:\/\/regiaonews.net.br\/2022\/wp-content\/uploads\/2021\/12\/Dieb-Taha.jpg","contentUrl":"https:\/\/regiaonews.net.br\/2022\/wp-content\/uploads\/2021\/12\/Dieb-Taha.jpg","width":1280,"height":853},{"@type":"BreadcrumbList","@id":"https:\/\/regiaonews.net.br\/2022\/2024\/07\/15\/prefeitura-de-colina-paga-1a-parcela-do-13o-salario-dos-servidores-colinenses\/#breadcrumb","itemListElement":[{"@type":"ListItem","position":1,"name":"In\u00edcio","item":"https:\/\/regiaonews.net.br\/2022\/"},{"@type":"ListItem","position":2,"name":"Prefeitura de Colina paga 1\u00aa parcela do 13\u00ba sal\u00e1rio dos servidores colinenses"}]},{"@type":"WebSite","@id":"https:\/\/regiaonews.net.br\/2022\/#website","url":"https:\/\/regiaonews.net.br\/2022\/","name":"Regi\u00e3o News","description":"Site de Not\u00edcias de Barretos e regi\u00e3o","publisher":{"@id":"https:\/\/regiaonews.net.br\/2022\/#organization"},"potentialAction":[{"@type":"SearchAction","target":{"@type":"EntryPoint","urlTemplate":"https:\/\/regiaonews.net.br\/2022\/?s={search_term_string}"},"query-input":{"@type":"PropertyValueSpecification","valueRequired":true,"valueName":"search_term_string"}}],"inLanguage":"pt-BR"},{"@type":"Organization","@id":"https:\/\/regiaonews.net.br\/2022\/#organization","name":"Regi\u00e3o News","url":"https:\/\/regiaonews.net.br\/2022\/","logo":{"@type":"ImageObject","inLanguage":"pt-BR","@id":"https:\/\/regiaonews.net.br\/2022\/#\/schema\/logo\/image\/","url":"https:\/\/regiaonews.net.br\/2022\/wp-content\/uploads\/2026\/03\/regiao-13-anos-scaled.jpg","contentUrl":"https:\/\/regiaonews.net.br\/2022\/wp-content\/uploads\/2026\/03\/regiao-13-anos-scaled.jpg","width":2560,"height":635,"caption":"Regi\u00e3o News"},"image":{"@id":"https:\/\/regiaonews.net.br\/2022\/#\/schema\/logo\/image\/"}},{"@type":"Person","@id":"https:\/\/regiaonews.net.br\/2022\/#\/schema\/person\/2d205a608a5aa97ac279d7a5e6d89ad8","name":"Roberto","image":{"@type":"ImageObject","inLanguage":"pt-BR","@id":"https:\/\/secure.gravatar.com\/avatar\/42749d8b712ff9d59ca93dc150494e5b55a44134482993f5baeb97e61b7ecc89?s=96&d=mm&r=g","url":"https:\/\/secure.gravatar.com\/avatar\/42749d8b712ff9d59ca93dc150494e5b55a44134482993f5baeb97e61b7ecc89?s=96&d=mm&r=g","contentUrl":"https:\/\/secure.gravatar.com\/avatar\/42749d8b712ff9d59ca93dc150494e5b55a44134482993f5baeb97e61b7ecc89?s=96&d=mm&r=g","caption":"Roberto"},"url":"https:\/\/regiaonews.net.br\/2022\/author\/roberto\/"}]}},"publishpress_future_action":{"enabled":false,"date":"2026-05-03 05:11:21","action":"change-status","newStatus":"draft","terms":[],"taxonomy":"category","extraData":[]},"publishpress_future_workflow_manual_trigger":{"enabledWorkflows":[]},"_links":{"self":[{"href":"https:\/\/regiaonews.net.br\/2022\/wp-json\/wp\/v2\/posts\/107687","targetHints":{"allow":["GET"]}}],"collection":[{"href":"https:\/\/regiaonews.net.br\/2022\/wp-json\/wp\/v2\/posts"}],"about":[{"href":"https:\/\/regiaonews.net.br\/2022\/wp-json\/wp\/v2\/types\/post"}],"author":[{"embeddable":true,"href":"https:\/\/regiaonews.net.br\/2022\/wp-json\/wp\/v2\/users\/2"}],"replies":[{"embeddable":true,"href":"https:\/\/regiaonews.net.br\/2022\/wp-json\/wp\/v2\/comments?post=107687"}],"version-history":[{"count":1,"href":"https:\/\/regiaonews.net.br\/2022\/wp-json\/wp\/v2\/posts\/107687\/revisions"}],"predecessor-version":[{"id":107688,"href":"https:\/\/regiaonews.net.br\/2022\/wp-json\/wp\/v2\/posts\/107687\/revisions\/107688"}],"wp:featuredmedia":[{"embeddable":true,"href":"https:\/\/regiaonews.net.br\/2022\/wp-json\/wp\/v2\/media\/64047"}],"wp:attachment":[{"href":"https:\/\/regiaonews.net.br\/2022\/wp-json\/wp\/v2\/media?parent=107687"}],"wp:term":[{"taxonomy":"category","embeddable":true,"href":"https:\/\/regiaonews.net.br\/2022\/wp-json\/wp\/v2\/categories?post=107687"},{"taxonomy":"post_tag","embeddable":true,"href":"https:\/\/regiaonews.net.br\/2022\/wp-json\/wp\/v2\/tags?post=107687"}],"curies":[{"name":"wp","href":"https:\/\/api.w.org\/{rel}","templated":true}]}}