{"id":107677,"date":"2024-07-15T15:47:19","date_gmt":"2024-07-15T18:47:19","guid":{"rendered":"https:\/\/regiaonews.net.br\/2022\/?p=107677"},"modified":"2024-07-15T15:47:25","modified_gmt":"2024-07-15T18:47:25","slug":"gradiente-estreia-em-projetos-de-energia-solar-com-atuacao-em-barretos","status":"publish","type":"post","link":"https:\/\/regiaonews.net.br\/2022\/2024\/07\/15\/gradiente-estreia-em-projetos-de-energia-solar-com-atuacao-em-barretos\/","title":{"rendered":"Gradiente estreia em projetos de energia solar com atua\u00e7\u00e3o em Barretos"},"content":{"rendered":"<p><em>Batizada de Gradiente Solar, nova empresa do Grupo Gradiente oferece solu\u00e7\u00e3o<\/em><em> completa de gera\u00e7\u00e3o de energia solar para resid\u00eancias e pequenos e m\u00e9dios\u00a0<\/em><em>neg\u00f3cios. <\/em><em>Companhia alia marca forte, qualidade de servi\u00e7o e financiamento para se tornar <\/em><em>refer\u00eancia e consolidar um mercado potencial de 57 milh\u00f5es de resid\u00eancias no Brasil.<\/em><\/p>\n<p><strong>\u00a0<\/strong><\/p>\n<p style=\"text-align: left;\">A Gradiente, refer\u00eancia em tecnologia, inova\u00e7\u00e3o e qualidade no mercado brasileiro, acaba de entrar em um dos setores de maior potencial de crescimento na atualidade: a gera\u00e7\u00e3o distribu\u00edda de energia solar.<\/p>\n<p style=\"text-align: left;\">Batizada de Gradiente Solar, a nova empresa do Grupo Gradiente, \u00e9 uma one-stop-shop de instala\u00e7\u00e3o de usinas solares em resid\u00eancias e em pequenos e m\u00e9dios neg\u00f3cios.<\/p>\n<p style=\"text-align: left;\">A proposta \u00e9 oferecer um servi\u00e7o completo, que inclua projeto, escolha dos equipamentos, instala\u00e7\u00e3o, homologa\u00e7\u00e3o, monitoramento e manuten\u00e7\u00e3o. Atualmente, h\u00e1 mais de 20 000 instaladores aut\u00f4nomos ativos de sistemas residenciais de gera\u00e7\u00e3o de energia solar no pa\u00eds\u2013 a maioria deles, pequenas empresas pouco profissionalizadas, que nem sempre oferecem garantias ou servi\u00e7os de p\u00f3s-venda aos clientes. O mercado potencial, por sua vez, \u00e9 gigante.<\/p>\n<p style=\"text-align: left;\">Existem hoje cerca de 2 milh\u00f5es de sistemas desse tipo instalados em casas espalhadas por todo o Brasil. Segundo o IBGE, h\u00e1 aproximadamente 60 milh\u00f5es de casas no pa\u00eds. A penetra\u00e7\u00e3o desse tipo de sistema seria de apenas 3%, portanto. Segundo dados da \u00a0Ag\u00eancia Internacional de Energia (IEA), a gera\u00e7\u00e3o de energia solar dever\u00e1 acrescentar ao sistema uma m\u00e9dia anual de 7 gigawatts at\u00e9 2028. Isso significa cerca de 2 000 novas instala\u00e7\u00f5es de usinas solares residenciais por dia. \u201cEstamos diante de um mercado com enorme potencial, que combina economia de recursos financeiros, j\u00e1 que o consumidor passa a gerar sua pr\u00f3pria energia e deixa de pagar \u00e0 distribuidora, com sustentabilidade ambiental&#8221;, diz Eug\u00eanio Staub, presidente do conselho de administra\u00e7\u00e3o da Gradiente. &#8220;O crescimento ser\u00e1 exponencial. Vamos nos posicionar para ser, em cinco anos, a principal refer\u00eancia nesse segmento. Para isso contamos com a for\u00e7a da nossa marca e com a experi\u00eancia que adquirimos, ao longo de 90 anos, de trabalhar com o consumidor final. &#8220;Inicialmente, a Gradiente Solar operar\u00e1 em todo estado de S\u00e3o Paulo, com foco nas regi\u00f5es da Grande S\u00e3o Paulo, Litoral, Campinas, Ribeir\u00e3o Preto, S\u00e3o Jos\u00e9 do Rio Preto, Barretos e S\u00e3o Jos\u00e9 dos Campos. Todo o servi\u00e7o envolvido na contrata\u00e7\u00e3o do sistema\u2013 projeto de engenharia, homologa\u00e7\u00e3o junto \u00e0s distribuidoras de energia \u00a0locais e instala\u00e7\u00e3o dos pain\u00e9is solares\u2013 fica sob a responsabilidade de equipes treinadas pela empresa. O tempo m\u00e9dio de obras no local da instala\u00e7\u00e3o fica em torno\u00a0de dois dias.<\/p>\n<p style=\"text-align: left;\"><strong>Energia de gra\u00e7a por toda a vida <\/strong><\/p>\n<p style=\"text-align: left;\">O financiamento da instala\u00e7\u00e3o pode ser feito em at\u00e9 21 meses via cart\u00e3o de cr\u00e9dito ou em at\u00e9 120 meses, por meio de bancos e financeiras parceiras. Nesse per\u00edodo, o consumidor basicamente substitui o pagamento de sua conta de energia pelo<\/p>\n<p style=\"text-align: left;\">\u00a0financiamento. Ao final do per\u00edodo de financiamento, o custo de energia deixa de\u00a0existir. Na maioria dos casos, o retorno sobre o investimento se d\u00e1 entre tr\u00eas e cinco anos.\u00a0 \u201cAo instalar uma usina fotovoltaica, o consumidor faz um investimento que se paga em, no m\u00e1ximo, cinco anos e garante energia de gra\u00e7a pelo resto da vida&#8221;, afirma Marcelo Ribeiro, CEO da Gradiente Solar. &#8220;\u00c9 uma decis\u00e3o f\u00e1cil, sem contraponto. Mas \u00a0faltava no mercado um projeto, capitaneado por uma grande empresa, com marca forte e reputa\u00e7\u00e3o, que garantisse total seguran\u00e7a quanto \u00e0 qualidade do servi\u00e7o prestado.&#8221;<\/p>\n<p style=\"text-align: left;\">A Gradiente Solar contar\u00e1 com equipes pr\u00f3prias e terceirizadas treinadas para realizar\u00a0todo o pacote de servi\u00e7os incluso na solu\u00e7\u00e3o. Atuar\u00e1 focada em projetos de at\u00e9 75kWp de pot\u00eancia, suficiente para abastecer o consumo de fam\u00edlias e de empreendimentos como padarias, pet shops, lojas, mercados e outros neg\u00f3cios.<\/p>\n","protected":false},"excerpt":{"rendered":"<p>Batizada de Gradiente Solar, nova empresa do Grupo Gradiente oferece<\/p>\n","protected":false},"author":2,"featured_media":107678,"comment_status":"open","ping_status":"open","sticky":false,"template":"","format":"standard","meta":{"footnotes":""},"categories":[25,29],"tags":[],"class_list":["post-107677","post","type-post","status-publish","format-standard","has-post-thumbnail","hentry","category-cidades","category-sao-paulo"],"yoast_head":"<!-- This site is optimized with the Yoast SEO plugin v27.4 - https:\/\/yoast.com\/product\/yoast-seo-wordpress\/ -->\n<title>Gradiente estreia em projetos de energia solar com atua\u00e7\u00e3o em Barretos - Regi\u00e3o News<\/title>\n<meta name=\"robots\" content=\"index, follow, max-snippet:-1, max-image-preview:large, max-video-preview:-1\" \/>\n<link rel=\"canonical\" href=\"https:\/\/regiaonews.net.br\/2022\/2024\/07\/15\/gradiente-estreia-em-projetos-de-energia-solar-com-atuacao-em-barretos\/\" \/>\n<meta property=\"og:locale\" content=\"pt_BR\" \/>\n<meta property=\"og:type\" content=\"article\" \/>\n<meta property=\"og:title\" content=\"Gradiente estreia em projetos de energia solar com atua\u00e7\u00e3o em Barretos - Regi\u00e3o News\" \/>\n<meta property=\"og:description\" content=\"Batizada de Gradiente Solar, nova empresa do Grupo Gradiente oferece\" \/>\n<meta property=\"og:url\" content=\"https:\/\/regiaonews.net.br\/2022\/2024\/07\/15\/gradiente-estreia-em-projetos-de-energia-solar-com-atuacao-em-barretos\/\" \/>\n<meta property=\"og:site_name\" content=\"Regi\u00e3o News\" \/>\n<meta property=\"article:published_time\" content=\"2024-07-15T18:47:19+00:00\" \/>\n<meta property=\"article:modified_time\" content=\"2024-07-15T18:47:25+00:00\" \/>\n<meta property=\"og:image\" content=\"https:\/\/regiaonews.net.br\/2022\/wp-content\/uploads\/2024\/07\/energia-gradiente.jpg\" \/>\n\t<meta property=\"og:image:width\" content=\"388\" \/>\n\t<meta property=\"og:image:height\" content=\"368\" \/>\n\t<meta property=\"og:image:type\" content=\"image\/jpeg\" \/>\n<meta name=\"author\" content=\"Roberto\" \/>\n<meta name=\"twitter:card\" content=\"summary_large_image\" \/>\n<meta name=\"twitter:label1\" content=\"Escrito por\" \/>\n\t<meta name=\"twitter:data1\" content=\"Roberto\" \/>\n\t<meta name=\"twitter:label2\" content=\"Est. tempo de leitura\" \/>\n\t<meta name=\"twitter:data2\" content=\"4 minutos\" \/>\n<script type=\"application\/ld+json\" class=\"yoast-schema-graph\">{\"@context\":\"https:\\\/\\\/schema.org\",\"@graph\":[{\"@type\":\"Article\",\"@id\":\"https:\\\/\\\/regiaonews.net.br\\\/2022\\\/2024\\\/07\\\/15\\\/gradiente-estreia-em-projetos-de-energia-solar-com-atuacao-em-barretos\\\/#article\",\"isPartOf\":{\"@id\":\"https:\\\/\\\/regiaonews.net.br\\\/2022\\\/2024\\\/07\\\/15\\\/gradiente-estreia-em-projetos-de-energia-solar-com-atuacao-em-barretos\\\/\"},\"author\":{\"name\":\"Roberto\",\"@id\":\"https:\\\/\\\/regiaonews.net.br\\\/2022\\\/#\\\/schema\\\/person\\\/2d205a608a5aa97ac279d7a5e6d89ad8\"},\"headline\":\"Gradiente estreia em projetos de energia solar com atua\u00e7\u00e3o em Barretos\",\"datePublished\":\"2024-07-15T18:47:19+00:00\",\"dateModified\":\"2024-07-15T18:47:25+00:00\",\"mainEntityOfPage\":{\"@id\":\"https:\\\/\\\/regiaonews.net.br\\\/2022\\\/2024\\\/07\\\/15\\\/gradiente-estreia-em-projetos-de-energia-solar-com-atuacao-em-barretos\\\/\"},\"wordCount\":673,\"commentCount\":0,\"publisher\":{\"@id\":\"https:\\\/\\\/regiaonews.net.br\\\/2022\\\/#organization\"},\"image\":{\"@id\":\"https:\\\/\\\/regiaonews.net.br\\\/2022\\\/2024\\\/07\\\/15\\\/gradiente-estreia-em-projetos-de-energia-solar-com-atuacao-em-barretos\\\/#primaryimage\"},\"thumbnailUrl\":\"https:\\\/\\\/regiaonews.net.br\\\/2022\\\/wp-content\\\/uploads\\\/2024\\\/07\\\/energia-gradiente.jpg\",\"articleSection\":[\"Cidades\",\"S\u00e3o Paulo\"],\"inLanguage\":\"pt-BR\",\"potentialAction\":[{\"@type\":\"CommentAction\",\"name\":\"Comment\",\"target\":[\"https:\\\/\\\/regiaonews.net.br\\\/2022\\\/2024\\\/07\\\/15\\\/gradiente-estreia-em-projetos-de-energia-solar-com-atuacao-em-barretos\\\/#respond\"]}]},{\"@type\":\"WebPage\",\"@id\":\"https:\\\/\\\/regiaonews.net.br\\\/2022\\\/2024\\\/07\\\/15\\\/gradiente-estreia-em-projetos-de-energia-solar-com-atuacao-em-barretos\\\/\",\"url\":\"https:\\\/\\\/regiaonews.net.br\\\/2022\\\/2024\\\/07\\\/15\\\/gradiente-estreia-em-projetos-de-energia-solar-com-atuacao-em-barretos\\\/\",\"name\":\"Gradiente estreia em projetos de energia solar com atua\u00e7\u00e3o em Barretos - Regi\u00e3o News\",\"isPartOf\":{\"@id\":\"https:\\\/\\\/regiaonews.net.br\\\/2022\\\/#website\"},\"primaryImageOfPage\":{\"@id\":\"https:\\\/\\\/regiaonews.net.br\\\/2022\\\/2024\\\/07\\\/15\\\/gradiente-estreia-em-projetos-de-energia-solar-com-atuacao-em-barretos\\\/#primaryimage\"},\"image\":{\"@id\":\"https:\\\/\\\/regiaonews.net.br\\\/2022\\\/2024\\\/07\\\/15\\\/gradiente-estreia-em-projetos-de-energia-solar-com-atuacao-em-barretos\\\/#primaryimage\"},\"thumbnailUrl\":\"https:\\\/\\\/regiaonews.net.br\\\/2022\\\/wp-content\\\/uploads\\\/2024\\\/07\\\/energia-gradiente.jpg\",\"datePublished\":\"2024-07-15T18:47:19+00:00\",\"dateModified\":\"2024-07-15T18:47:25+00:00\",\"breadcrumb\":{\"@id\":\"https:\\\/\\\/regiaonews.net.br\\\/2022\\\/2024\\\/07\\\/15\\\/gradiente-estreia-em-projetos-de-energia-solar-com-atuacao-em-barretos\\\/#breadcrumb\"},\"inLanguage\":\"pt-BR\",\"potentialAction\":[{\"@type\":\"ReadAction\",\"target\":[\"https:\\\/\\\/regiaonews.net.br\\\/2022\\\/2024\\\/07\\\/15\\\/gradiente-estreia-em-projetos-de-energia-solar-com-atuacao-em-barretos\\\/\"]}]},{\"@type\":\"ImageObject\",\"inLanguage\":\"pt-BR\",\"@id\":\"https:\\\/\\\/regiaonews.net.br\\\/2022\\\/2024\\\/07\\\/15\\\/gradiente-estreia-em-projetos-de-energia-solar-com-atuacao-em-barretos\\\/#primaryimage\",\"url\":\"https:\\\/\\\/regiaonews.net.br\\\/2022\\\/wp-content\\\/uploads\\\/2024\\\/07\\\/energia-gradiente.jpg\",\"contentUrl\":\"https:\\\/\\\/regiaonews.net.br\\\/2022\\\/wp-content\\\/uploads\\\/2024\\\/07\\\/energia-gradiente.jpg\",\"width\":388,\"height\":368},{\"@type\":\"BreadcrumbList\",\"@id\":\"https:\\\/\\\/regiaonews.net.br\\\/2022\\\/2024\\\/07\\\/15\\\/gradiente-estreia-em-projetos-de-energia-solar-com-atuacao-em-barretos\\\/#breadcrumb\",\"itemListElement\":[{\"@type\":\"ListItem\",\"position\":1,\"name\":\"In\u00edcio\",\"item\":\"https:\\\/\\\/regiaonews.net.br\\\/2022\\\/\"},{\"@type\":\"ListItem\",\"position\":2,\"name\":\"Gradiente estreia em projetos de energia solar com atua\u00e7\u00e3o em Barretos\"}]},{\"@type\":\"WebSite\",\"@id\":\"https:\\\/\\\/regiaonews.net.br\\\/2022\\\/#website\",\"url\":\"https:\\\/\\\/regiaonews.net.br\\\/2022\\\/\",\"name\":\"Regi\u00e3o News\",\"description\":\"Site de Not\u00edcias de Barretos e regi\u00e3o\",\"publisher\":{\"@id\":\"https:\\\/\\\/regiaonews.net.br\\\/2022\\\/#organization\"},\"potentialAction\":[{\"@type\":\"SearchAction\",\"target\":{\"@type\":\"EntryPoint\",\"urlTemplate\":\"https:\\\/\\\/regiaonews.net.br\\\/2022\\\/?s={search_term_string}\"},\"query-input\":{\"@type\":\"PropertyValueSpecification\",\"valueRequired\":true,\"valueName\":\"search_term_string\"}}],\"inLanguage\":\"pt-BR\"},{\"@type\":\"Organization\",\"@id\":\"https:\\\/\\\/regiaonews.net.br\\\/2022\\\/#organization\",\"name\":\"Regi\u00e3o News\",\"url\":\"https:\\\/\\\/regiaonews.net.br\\\/2022\\\/\",\"logo\":{\"@type\":\"ImageObject\",\"inLanguage\":\"pt-BR\",\"@id\":\"https:\\\/\\\/regiaonews.net.br\\\/2022\\\/#\\\/schema\\\/logo\\\/image\\\/\",\"url\":\"https:\\\/\\\/regiaonews.net.br\\\/2022\\\/wp-content\\\/uploads\\\/2026\\\/03\\\/regiao-13-anos-scaled.jpg\",\"contentUrl\":\"https:\\\/\\\/regiaonews.net.br\\\/2022\\\/wp-content\\\/uploads\\\/2026\\\/03\\\/regiao-13-anos-scaled.jpg\",\"width\":2560,\"height\":635,\"caption\":\"Regi\u00e3o News\"},\"image\":{\"@id\":\"https:\\\/\\\/regiaonews.net.br\\\/2022\\\/#\\\/schema\\\/logo\\\/image\\\/\"}},{\"@type\":\"Person\",\"@id\":\"https:\\\/\\\/regiaonews.net.br\\\/2022\\\/#\\\/schema\\\/person\\\/2d205a608a5aa97ac279d7a5e6d89ad8\",\"name\":\"Roberto\",\"image\":{\"@type\":\"ImageObject\",\"inLanguage\":\"pt-BR\",\"@id\":\"https:\\\/\\\/secure.gravatar.com\\\/avatar\\\/42749d8b712ff9d59ca93dc150494e5b55a44134482993f5baeb97e61b7ecc89?s=96&d=mm&r=g\",\"url\":\"https:\\\/\\\/secure.gravatar.com\\\/avatar\\\/42749d8b712ff9d59ca93dc150494e5b55a44134482993f5baeb97e61b7ecc89?s=96&d=mm&r=g\",\"contentUrl\":\"https:\\\/\\\/secure.gravatar.com\\\/avatar\\\/42749d8b712ff9d59ca93dc150494e5b55a44134482993f5baeb97e61b7ecc89?s=96&d=mm&r=g\",\"caption\":\"Roberto\"},\"url\":\"https:\\\/\\\/regiaonews.net.br\\\/2022\\\/author\\\/roberto\\\/\"}]}<\/script>\n<!-- \/ Yoast SEO plugin. -->","yoast_head_json":{"title":"Gradiente estreia em projetos de energia solar com atua\u00e7\u00e3o em Barretos - Regi\u00e3o News","robots":{"index":"index","follow":"follow","max-snippet":"max-snippet:-1","max-image-preview":"max-image-preview:large","max-video-preview":"max-video-preview:-1"},"canonical":"https:\/\/regiaonews.net.br\/2022\/2024\/07\/15\/gradiente-estreia-em-projetos-de-energia-solar-com-atuacao-em-barretos\/","og_locale":"pt_BR","og_type":"article","og_title":"Gradiente estreia em projetos de energia solar com atua\u00e7\u00e3o em Barretos - Regi\u00e3o News","og_description":"Batizada de Gradiente Solar, nova empresa do Grupo Gradiente oferece","og_url":"https:\/\/regiaonews.net.br\/2022\/2024\/07\/15\/gradiente-estreia-em-projetos-de-energia-solar-com-atuacao-em-barretos\/","og_site_name":"Regi\u00e3o News","article_published_time":"2024-07-15T18:47:19+00:00","article_modified_time":"2024-07-15T18:47:25+00:00","og_image":[{"width":388,"height":368,"url":"https:\/\/regiaonews.net.br\/2022\/wp-content\/uploads\/2024\/07\/energia-gradiente.jpg","type":"image\/jpeg"}],"author":"Roberto","twitter_card":"summary_large_image","twitter_misc":{"Escrito por":"Roberto","Est. tempo de leitura":"4 minutos"},"schema":{"@context":"https:\/\/schema.org","@graph":[{"@type":"Article","@id":"https:\/\/regiaonews.net.br\/2022\/2024\/07\/15\/gradiente-estreia-em-projetos-de-energia-solar-com-atuacao-em-barretos\/#article","isPartOf":{"@id":"https:\/\/regiaonews.net.br\/2022\/2024\/07\/15\/gradiente-estreia-em-projetos-de-energia-solar-com-atuacao-em-barretos\/"},"author":{"name":"Roberto","@id":"https:\/\/regiaonews.net.br\/2022\/#\/schema\/person\/2d205a608a5aa97ac279d7a5e6d89ad8"},"headline":"Gradiente estreia em projetos de energia solar com atua\u00e7\u00e3o em Barretos","datePublished":"2024-07-15T18:47:19+00:00","dateModified":"2024-07-15T18:47:25+00:00","mainEntityOfPage":{"@id":"https:\/\/regiaonews.net.br\/2022\/2024\/07\/15\/gradiente-estreia-em-projetos-de-energia-solar-com-atuacao-em-barretos\/"},"wordCount":673,"commentCount":0,"publisher":{"@id":"https:\/\/regiaonews.net.br\/2022\/#organization"},"image":{"@id":"https:\/\/regiaonews.net.br\/2022\/2024\/07\/15\/gradiente-estreia-em-projetos-de-energia-solar-com-atuacao-em-barretos\/#primaryimage"},"thumbnailUrl":"https:\/\/regiaonews.net.br\/2022\/wp-content\/uploads\/2024\/07\/energia-gradiente.jpg","articleSection":["Cidades","S\u00e3o Paulo"],"inLanguage":"pt-BR","potentialAction":[{"@type":"CommentAction","name":"Comment","target":["https:\/\/regiaonews.net.br\/2022\/2024\/07\/15\/gradiente-estreia-em-projetos-de-energia-solar-com-atuacao-em-barretos\/#respond"]}]},{"@type":"WebPage","@id":"https:\/\/regiaonews.net.br\/2022\/2024\/07\/15\/gradiente-estreia-em-projetos-de-energia-solar-com-atuacao-em-barretos\/","url":"https:\/\/regiaonews.net.br\/2022\/2024\/07\/15\/gradiente-estreia-em-projetos-de-energia-solar-com-atuacao-em-barretos\/","name":"Gradiente estreia em projetos de energia solar com atua\u00e7\u00e3o em Barretos - Regi\u00e3o News","isPartOf":{"@id":"https:\/\/regiaonews.net.br\/2022\/#website"},"primaryImageOfPage":{"@id":"https:\/\/regiaonews.net.br\/2022\/2024\/07\/15\/gradiente-estreia-em-projetos-de-energia-solar-com-atuacao-em-barretos\/#primaryimage"},"image":{"@id":"https:\/\/regiaonews.net.br\/2022\/2024\/07\/15\/gradiente-estreia-em-projetos-de-energia-solar-com-atuacao-em-barretos\/#primaryimage"},"thumbnailUrl":"https:\/\/regiaonews.net.br\/2022\/wp-content\/uploads\/2024\/07\/energia-gradiente.jpg","datePublished":"2024-07-15T18:47:19+00:00","dateModified":"2024-07-15T18:47:25+00:00","breadcrumb":{"@id":"https:\/\/regiaonews.net.br\/2022\/2024\/07\/15\/gradiente-estreia-em-projetos-de-energia-solar-com-atuacao-em-barretos\/#breadcrumb"},"inLanguage":"pt-BR","potentialAction":[{"@type":"ReadAction","target":["https:\/\/regiaonews.net.br\/2022\/2024\/07\/15\/gradiente-estreia-em-projetos-de-energia-solar-com-atuacao-em-barretos\/"]}]},{"@type":"ImageObject","inLanguage":"pt-BR","@id":"https:\/\/regiaonews.net.br\/2022\/2024\/07\/15\/gradiente-estreia-em-projetos-de-energia-solar-com-atuacao-em-barretos\/#primaryimage","url":"https:\/\/regiaonews.net.br\/2022\/wp-content\/uploads\/2024\/07\/energia-gradiente.jpg","contentUrl":"https:\/\/regiaonews.net.br\/2022\/wp-content\/uploads\/2024\/07\/energia-gradiente.jpg","width":388,"height":368},{"@type":"BreadcrumbList","@id":"https:\/\/regiaonews.net.br\/2022\/2024\/07\/15\/gradiente-estreia-em-projetos-de-energia-solar-com-atuacao-em-barretos\/#breadcrumb","itemListElement":[{"@type":"ListItem","position":1,"name":"In\u00edcio","item":"https:\/\/regiaonews.net.br\/2022\/"},{"@type":"ListItem","position":2,"name":"Gradiente estreia em projetos de energia solar com atua\u00e7\u00e3o em Barretos"}]},{"@type":"WebSite","@id":"https:\/\/regiaonews.net.br\/2022\/#website","url":"https:\/\/regiaonews.net.br\/2022\/","name":"Regi\u00e3o News","description":"Site de Not\u00edcias de Barretos e regi\u00e3o","publisher":{"@id":"https:\/\/regiaonews.net.br\/2022\/#organization"},"potentialAction":[{"@type":"SearchAction","target":{"@type":"EntryPoint","urlTemplate":"https:\/\/regiaonews.net.br\/2022\/?s={search_term_string}"},"query-input":{"@type":"PropertyValueSpecification","valueRequired":true,"valueName":"search_term_string"}}],"inLanguage":"pt-BR"},{"@type":"Organization","@id":"https:\/\/regiaonews.net.br\/2022\/#organization","name":"Regi\u00e3o News","url":"https:\/\/regiaonews.net.br\/2022\/","logo":{"@type":"ImageObject","inLanguage":"pt-BR","@id":"https:\/\/regiaonews.net.br\/2022\/#\/schema\/logo\/image\/","url":"https:\/\/regiaonews.net.br\/2022\/wp-content\/uploads\/2026\/03\/regiao-13-anos-scaled.jpg","contentUrl":"https:\/\/regiaonews.net.br\/2022\/wp-content\/uploads\/2026\/03\/regiao-13-anos-scaled.jpg","width":2560,"height":635,"caption":"Regi\u00e3o News"},"image":{"@id":"https:\/\/regiaonews.net.br\/2022\/#\/schema\/logo\/image\/"}},{"@type":"Person","@id":"https:\/\/regiaonews.net.br\/2022\/#\/schema\/person\/2d205a608a5aa97ac279d7a5e6d89ad8","name":"Roberto","image":{"@type":"ImageObject","inLanguage":"pt-BR","@id":"https:\/\/secure.gravatar.com\/avatar\/42749d8b712ff9d59ca93dc150494e5b55a44134482993f5baeb97e61b7ecc89?s=96&d=mm&r=g","url":"https:\/\/secure.gravatar.com\/avatar\/42749d8b712ff9d59ca93dc150494e5b55a44134482993f5baeb97e61b7ecc89?s=96&d=mm&r=g","contentUrl":"https:\/\/secure.gravatar.com\/avatar\/42749d8b712ff9d59ca93dc150494e5b55a44134482993f5baeb97e61b7ecc89?s=96&d=mm&r=g","caption":"Roberto"},"url":"https:\/\/regiaonews.net.br\/2022\/author\/roberto\/"}]}},"publishpress_future_action":{"enabled":false,"date":"2026-05-03 08:38:13","action":"change-status","newStatus":"draft","terms":[],"taxonomy":"category","extraData":[]},"publishpress_future_workflow_manual_trigger":{"enabledWorkflows":[]},"_links":{"self":[{"href":"https:\/\/regiaonews.net.br\/2022\/wp-json\/wp\/v2\/posts\/107677","targetHints":{"allow":["GET"]}}],"collection":[{"href":"https:\/\/regiaonews.net.br\/2022\/wp-json\/wp\/v2\/posts"}],"about":[{"href":"https:\/\/regiaonews.net.br\/2022\/wp-json\/wp\/v2\/types\/post"}],"author":[{"embeddable":true,"href":"https:\/\/regiaonews.net.br\/2022\/wp-json\/wp\/v2\/users\/2"}],"replies":[{"embeddable":true,"href":"https:\/\/regiaonews.net.br\/2022\/wp-json\/wp\/v2\/comments?post=107677"}],"version-history":[{"count":2,"href":"https:\/\/regiaonews.net.br\/2022\/wp-json\/wp\/v2\/posts\/107677\/revisions"}],"predecessor-version":[{"id":107680,"href":"https:\/\/regiaonews.net.br\/2022\/wp-json\/wp\/v2\/posts\/107677\/revisions\/107680"}],"wp:featuredmedia":[{"embeddable":true,"href":"https:\/\/regiaonews.net.br\/2022\/wp-json\/wp\/v2\/media\/107678"}],"wp:attachment":[{"href":"https:\/\/regiaonews.net.br\/2022\/wp-json\/wp\/v2\/media?parent=107677"}],"wp:term":[{"taxonomy":"category","embeddable":true,"href":"https:\/\/regiaonews.net.br\/2022\/wp-json\/wp\/v2\/categories?post=107677"},{"taxonomy":"post_tag","embeddable":true,"href":"https:\/\/regiaonews.net.br\/2022\/wp-json\/wp\/v2\/tags?post=107677"}],"curies":[{"name":"wp","href":"https:\/\/api.w.org\/{rel}","templated":true}]}}