{"id":107674,"date":"2024-07-15T13:35:29","date_gmt":"2024-07-15T16:35:29","guid":{"rendered":"https:\/\/regiaonews.net.br\/2022\/?p=107674"},"modified":"2024-07-15T13:35:29","modified_gmt":"2024-07-15T16:35:29","slug":"narrador-de-rodeios-adriano-do-vale-celebra-30-anos-de-carreira-com-documentario-inedito","status":"publish","type":"post","link":"https:\/\/regiaonews.net.br\/2022\/2024\/07\/15\/narrador-de-rodeios-adriano-do-vale-celebra-30-anos-de-carreira-com-documentario-inedito\/","title":{"rendered":"Narrador de rodeios Adriano do Vale celebra 30 anos de carreira com document\u00e1rio in\u00e9dito"},"content":{"rendered":"<h3 style=\"text-align: center;\">Apresentando as emo\u00e7\u00f5es das arenas pelos Brasil, o barretense se orgulha de sua trajet\u00f3ria de tr\u00eas d\u00e9cadas dentro da Festa do Pe\u00e3o de Boiadeiro de Barretos<\/h3>\n<p>\u201cPoderia ser uma comemora\u00e7\u00e3o dos 32 anos, porque, na verdade, eu comecei em 1992, mas eu ignoro os dois anos de pandemia, ent\u00e3o s\u00e3o 30 anos pra valer, no microfone, mas na arena, com o pov\u00e3o, dando sempre o meu melhor, conquistando o direito de ser locutor oficial da Festa de Barretos, tr\u00eas d\u00e9cadas, tr\u00eas d\u00e9cadas\u201d, assim Adriano do Vale conta parte de sua hist\u00f3ria. A celebra\u00e7\u00e3o do marco in\u00e9dito no mundo do rodeio estar\u00e1 na tela da sala de cinema, em um document\u00e1rio sobre sua vida.<\/p>\n<p>Nascido em Barretos, interior de S\u00e3o Paulo, cidade que \u00e9, comprovadamente, o ber\u00e7o do rodeio na Am\u00e9rica Latina, onde acontece o mais antigo e o maior rodeio do pa\u00eds, na Festa do Pe\u00e3o de Boiadeiro de Barretos, Adriano Martins de Oliveira desenvolveu a paix\u00e3o pela locu\u00e7\u00e3o ao vivo nas arenas em sua pr\u00f3pria terra, ainda crian\u00e7a, assistindo a Festa no antigo Recinto Paulo de Lima Correia, na d\u00e9cada de 80, antes do evento ganhar o espa\u00e7o em que \u00e9 realizado hoje, a \u00e1rea de dois milh\u00f5es de metros quadrados, o Parque do Pe\u00e3o. \u00c9 com orgulho que ele diz ser o primeiro de sua profiss\u00e3o a bater a marca de narrar as competi\u00e7\u00f5es de trinta edi\u00e7\u00f5es do evento, sendo o apresentador oficial em muitas finais emocionantes.<\/p>\n<p>\u201cDesde muito crian\u00e7a eu sempre gostei desse mundo do interior, do rural. Meu pai, caminhoneiro, me incentivou a desenvolver uma verdadeira paix\u00e3o pela m\u00fasica sertaneja, pela moda de viola, paix\u00e3o que eu alimento at\u00e9 hoje. Acabei adotando um estilo de narra\u00e7\u00e3o do rodeio em que a m\u00fasica divide o protagonismo com a minha voz, at\u00e9 atrever a cantar eu me atrevo. E sou afinado, viu?\u201d, diz o profissional que comprova seu reconhecimento como uma das estrelas das competi\u00e7\u00f5es do esporte rodeio, pelo volume n\u00e3o s\u00f3 de contratos em eventos, s\u00e3o mais 30 por ano, mas tamb\u00e9m pelo prest\u00edgio de patroc\u00ednio de grandes marcas, que aliam seus nomes ao talento de Adriano.<\/p>\n<p>O nome art\u00edstico surgiu logo no in\u00edcio, por sugest\u00e3o e \u201cbatismo\u201d de Em\u00edlio Carlos do Santos, o Cac\u00e1 do Rodeio. O \u201cdo Vale\u201d faz refer\u00eancia a regi\u00e3o em que a cidade natal est\u00e1 localizada. Barretos \u00e9 considerada a sede da Regi\u00e3o do Vale do Rio Grande, em men\u00e7\u00e3o ao principal rio do noroeste do estado de S\u00e3o Paulo, respons\u00e1vel pela divisa oficial com Minas Gerais.<\/p>\n<p>Adriano do Vale conta que quando frequentava, com a fam\u00edlia toda, a Festa do Pe\u00e3o de Barretos, sentia uma emo\u00e7\u00e3o inexplic\u00e1vel ao testemunhar os grandes e pioneiros narradores de rodeio como Donizete Alves e Barra Mansa. \u201cEu voltava pra casa imitando o jeito daqueles profissionais falarem ao microfone. Ficava tanto tempo no banho, aproveitando a ac\u00fastica do banheiro para imit\u00e1-los, que um vizinho da \u00e9poca, o Muzetinho, abordou meu pai um dia para recomendar que levassem a s\u00e9rio a minha vontade de ser locutor. \u2018Aquele menino vai ficar maluco se n\u00e3o virar narrador de rodeio!\u2019\u201d, conta um dos nomes mais conhecidos das arenas do Brasil.<\/p>\n<p>\u201cMas foi em 1991 que o jogo virou e eu decidi mesmo levar a s\u00e9rio a profiss\u00e3o, tudo porque vi, da arquibancada, o maior profissional de todos os tempos do rodeio, o Asa Branca, Waldemar Ruy dos Santos, descendo de helic\u00f3ptero na Festa de Barretos, narrando desde a chegada ainda no c\u00e9u, com uma for\u00e7a, uma energia, inexplic\u00e1veis. Ali eu decidi, vou fazer isso da minha vida, quero ser igual a esse cara. N\u00e3o tenho vergonha nenhuma de dizer que comecei imitando meu \u00eddolo, ali\u00e1s, tenho \u00e9 muito orgulho dele ter passado de inspira\u00e7\u00e3o \u00e0 amigo pessoal\u201d conta um emocionado Adriano do Vale. O locutor Asa Branca revolucionou o estilo de narra\u00e7\u00e3o de rodeios, teve uma carreira que ultrapassou as fronteiras da m\u00eddia da \u00e9poca e morreu em fevereiro de 2020.<\/p>\n<p>O document\u00e1rio sobre a carreira de Adriano do Vale conta essas e outras hist\u00f3rias, como a do maior pesquisador veterin\u00e1rio especializado em rodeio no pa\u00eds, Orivaldo Ten\u00f3rio, ou Professor Ten\u00f3rio, como \u00e9 conhecido, que no in\u00edcio da trajet\u00f3ria de Adriano recomendou que ele procurasse outra profiss\u00e3o, pois \u201cn\u00e3o daria certo ao microfone\u201d. E \u00e9 o pr\u00f3prio Ten\u00f3rio que conta isso no document\u00e1rio que tem estreia prevista para 20 de agosto, no Centerplex Cinemas do North Shopping Barretos, durante o per\u00edodo de realiza\u00e7\u00e3o da Festa do Pe\u00e3o, que neste ano acontece de 15 a 25 de agosto.<\/p>\n<p>\u201cO filme t\u00e1 ficando muito legal, tem depoimentos bem bacanas, tem encena\u00e7\u00e3o reconstituindo parte da minha hist\u00f3ria de crian\u00e7a, tem emo\u00e7\u00e3o, acredito que vai ficar muito legal. Eu at\u00e9 conto algumas das muitas gafes que j\u00e1 cometi ao microfone. E tudo feito por gente muito talentosa da minha cidade. Boa parte das imagens mais antigas foram cedidas pela TV Rodeio, uma refer\u00eancia no segmento, a montagem e entrevistas est\u00e1 a cargo da Conka Filmes, o roteiro \u00e9 do jornalista Milton Figueiredo, o menino que interpreta eu crian\u00e7a \u00e9 um talento, e o meu pai \u00e9 interpretado pelo grande ator Guito, que fez a novela Pantanal, que tamb\u00e9m \u00e9 cantor e acabou virando meu amigo\u201d, revela Adriano do Vale.<\/p>\n<p>Al\u00e9m do filme, outras a\u00e7\u00f5es marcar\u00e3o o ano de comemora\u00e7\u00e3o de tr\u00eas d\u00e9cadas da carreira, principalmente durante a Festa do Pe\u00e3o de Barretos, maior evento da Am\u00e9rica Latina e que est\u00e1 cravado na alma do narrador. \u201cEu tenho muito orgulho de cada festa que me contrata, dou sempre o meu melhor, s\u00e3o mais de 30 a cada ano, mas n\u00e3o escondo de ningu\u00e9m que Barretos \u00e9 diferente. Aqui eu estou em casa, literalmente, porque, andando pelas estradas do Brasil durante boa parte do ano, foi em Barretos, minha terra natal, que eu decidi fixar resid\u00eancia, que constitu\u00ed minha fam\u00edlia com minha esposa Alessandra, que honro meus pais e que re\u00fano amigos para comemorar com for\u00e7a esses trinta anos de carreira\u201d, diz ele.<\/p>\n<p>Sobre a profiss\u00e3o<br \/>\nRegulamentada por lei desde 2015, a profiss\u00e3o de narrador de rodeios \u00e9 definida como atividade cultural. Os narradores tem a miss\u00e3o de traduzir para o p\u00fablico que prestigia os eventos de rodeio a emo\u00e7\u00e3o do esporte, fornecendo informa\u00e7\u00f5es t\u00e9cnicas das competi\u00e7\u00f5es, assim como, servindo de animador da plateia, utilizando recursos como o trabalho integrados com DJs e t\u00e9cnicas vocais espec\u00edficas para o trabalho. Boa parte dos narradores atualmente realizam a locu\u00e7\u00e3o com presen\u00e7a f\u00edsica dentro da arena, estilo implementado pela primeira vez pelo lend\u00e1rio Asa Branca. Adriano do Vale segue esse tipo de performance e tem o diferencial de utilizar sua voz n\u00e3o apenas para narrar o rodeio, mas tamb\u00e9m para cantar trechos de m\u00fasicas nos intervalos das montarias. \u201cExiste ainda uma pol\u00eamica se chama de narrador, como est\u00e1 na lei que regulamenta a profiss\u00e3o, se chama de locutor de rodeio ou at\u00e9 de apresentador de rodeio, eu n\u00e3o me importo para o termo, mas luto para que nossa atividade seja cada vez mais respeitada, valorizada e que continuemos tendo as condi\u00e7\u00f5es b\u00e1sicas par a o trabalho, que os eventos invistam em bons equipamentos de som, o resto \u00e9 pelo talento de cada um. Se estou nesse mundo h\u00e1 trinta anos, tendo o orgulho de ostentar as marcas que trago comigo, \u00e9 porque o talento eu tenho, n\u00e9?\u201d, encerra Adriano do Vale, uma das mais importantes vozes do rodeio brasileiro.<\/p>\n","protected":false},"excerpt":{"rendered":"<p>Apresentando as emo\u00e7\u00f5es das arenas pelos Brasil, o barretense se<\/p>\n","protected":false},"author":2,"featured_media":107675,"comment_status":"open","ping_status":"open","sticky":false,"template":"","format":"standard","meta":{"footnotes":""},"categories":[14,3],"tags":[],"class_list":["post-107674","post","type-post","status-publish","format-standard","has-post-thumbnail","hentry","category-barretos","category-geral"],"yoast_head":"<!-- This site is optimized with the Yoast SEO plugin v27.4 - https:\/\/yoast.com\/product\/yoast-seo-wordpress\/ -->\n<title>Narrador de rodeios Adriano do Vale celebra 30 anos de carreira com document\u00e1rio in\u00e9dito - Regi\u00e3o News<\/title>\n<meta name=\"robots\" content=\"index, follow, max-snippet:-1, max-image-preview:large, max-video-preview:-1\" \/>\n<link rel=\"canonical\" href=\"https:\/\/regiaonews.net.br\/2022\/2024\/07\/15\/narrador-de-rodeios-adriano-do-vale-celebra-30-anos-de-carreira-com-documentario-inedito\/\" \/>\n<meta property=\"og:locale\" content=\"pt_BR\" \/>\n<meta property=\"og:type\" content=\"article\" \/>\n<meta property=\"og:title\" content=\"Narrador de rodeios Adriano do Vale celebra 30 anos de carreira com document\u00e1rio in\u00e9dito - Regi\u00e3o News\" \/>\n<meta property=\"og:description\" content=\"Apresentando as emo\u00e7\u00f5es das arenas pelos Brasil, o barretense se\" \/>\n<meta property=\"og:url\" content=\"https:\/\/regiaonews.net.br\/2022\/2024\/07\/15\/narrador-de-rodeios-adriano-do-vale-celebra-30-anos-de-carreira-com-documentario-inedito\/\" \/>\n<meta property=\"og:site_name\" content=\"Regi\u00e3o News\" \/>\n<meta property=\"article:published_time\" content=\"2024-07-15T16:35:29+00:00\" \/>\n<meta property=\"og:image\" content=\"https:\/\/regiaonews.net.br\/2022\/wp-content\/uploads\/2024\/07\/Imagem-do-WhatsApp-de-2024-07-15-as-12.03.38_89dfcd3e.jpg\" \/>\n\t<meta property=\"og:image:width\" content=\"1024\" \/>\n\t<meta property=\"og:image:height\" content=\"681\" \/>\n\t<meta property=\"og:image:type\" content=\"image\/jpeg\" \/>\n<meta name=\"author\" content=\"Roberto\" \/>\n<meta name=\"twitter:card\" content=\"summary_large_image\" \/>\n<meta name=\"twitter:label1\" content=\"Escrito por\" \/>\n\t<meta name=\"twitter:data1\" content=\"Roberto\" \/>\n\t<meta name=\"twitter:label2\" content=\"Est. tempo de leitura\" \/>\n\t<meta name=\"twitter:data2\" content=\"7 minutos\" \/>\n<script type=\"application\/ld+json\" class=\"yoast-schema-graph\">{\"@context\":\"https:\\\/\\\/schema.org\",\"@graph\":[{\"@type\":\"Article\",\"@id\":\"https:\\\/\\\/regiaonews.net.br\\\/2022\\\/2024\\\/07\\\/15\\\/narrador-de-rodeios-adriano-do-vale-celebra-30-anos-de-carreira-com-documentario-inedito\\\/#article\",\"isPartOf\":{\"@id\":\"https:\\\/\\\/regiaonews.net.br\\\/2022\\\/2024\\\/07\\\/15\\\/narrador-de-rodeios-adriano-do-vale-celebra-30-anos-de-carreira-com-documentario-inedito\\\/\"},\"author\":{\"name\":\"Roberto\",\"@id\":\"https:\\\/\\\/regiaonews.net.br\\\/2022\\\/#\\\/schema\\\/person\\\/2d205a608a5aa97ac279d7a5e6d89ad8\"},\"headline\":\"Narrador de rodeios Adriano do Vale celebra 30 anos de carreira com document\u00e1rio in\u00e9dito\",\"datePublished\":\"2024-07-15T16:35:29+00:00\",\"mainEntityOfPage\":{\"@id\":\"https:\\\/\\\/regiaonews.net.br\\\/2022\\\/2024\\\/07\\\/15\\\/narrador-de-rodeios-adriano-do-vale-celebra-30-anos-de-carreira-com-documentario-inedito\\\/\"},\"wordCount\":1341,\"commentCount\":0,\"publisher\":{\"@id\":\"https:\\\/\\\/regiaonews.net.br\\\/2022\\\/#organization\"},\"image\":{\"@id\":\"https:\\\/\\\/regiaonews.net.br\\\/2022\\\/2024\\\/07\\\/15\\\/narrador-de-rodeios-adriano-do-vale-celebra-30-anos-de-carreira-com-documentario-inedito\\\/#primaryimage\"},\"thumbnailUrl\":\"https:\\\/\\\/regiaonews.net.br\\\/2022\\\/wp-content\\\/uploads\\\/2024\\\/07\\\/Imagem-do-WhatsApp-de-2024-07-15-as-12.03.38_89dfcd3e.jpg\",\"articleSection\":[\"Barretos\",\"Geral\"],\"inLanguage\":\"pt-BR\",\"potentialAction\":[{\"@type\":\"CommentAction\",\"name\":\"Comment\",\"target\":[\"https:\\\/\\\/regiaonews.net.br\\\/2022\\\/2024\\\/07\\\/15\\\/narrador-de-rodeios-adriano-do-vale-celebra-30-anos-de-carreira-com-documentario-inedito\\\/#respond\"]}]},{\"@type\":\"WebPage\",\"@id\":\"https:\\\/\\\/regiaonews.net.br\\\/2022\\\/2024\\\/07\\\/15\\\/narrador-de-rodeios-adriano-do-vale-celebra-30-anos-de-carreira-com-documentario-inedito\\\/\",\"url\":\"https:\\\/\\\/regiaonews.net.br\\\/2022\\\/2024\\\/07\\\/15\\\/narrador-de-rodeios-adriano-do-vale-celebra-30-anos-de-carreira-com-documentario-inedito\\\/\",\"name\":\"Narrador de rodeios Adriano do Vale celebra 30 anos de carreira com document\u00e1rio in\u00e9dito - Regi\u00e3o News\",\"isPartOf\":{\"@id\":\"https:\\\/\\\/regiaonews.net.br\\\/2022\\\/#website\"},\"primaryImageOfPage\":{\"@id\":\"https:\\\/\\\/regiaonews.net.br\\\/2022\\\/2024\\\/07\\\/15\\\/narrador-de-rodeios-adriano-do-vale-celebra-30-anos-de-carreira-com-documentario-inedito\\\/#primaryimage\"},\"image\":{\"@id\":\"https:\\\/\\\/regiaonews.net.br\\\/2022\\\/2024\\\/07\\\/15\\\/narrador-de-rodeios-adriano-do-vale-celebra-30-anos-de-carreira-com-documentario-inedito\\\/#primaryimage\"},\"thumbnailUrl\":\"https:\\\/\\\/regiaonews.net.br\\\/2022\\\/wp-content\\\/uploads\\\/2024\\\/07\\\/Imagem-do-WhatsApp-de-2024-07-15-as-12.03.38_89dfcd3e.jpg\",\"datePublished\":\"2024-07-15T16:35:29+00:00\",\"breadcrumb\":{\"@id\":\"https:\\\/\\\/regiaonews.net.br\\\/2022\\\/2024\\\/07\\\/15\\\/narrador-de-rodeios-adriano-do-vale-celebra-30-anos-de-carreira-com-documentario-inedito\\\/#breadcrumb\"},\"inLanguage\":\"pt-BR\",\"potentialAction\":[{\"@type\":\"ReadAction\",\"target\":[\"https:\\\/\\\/regiaonews.net.br\\\/2022\\\/2024\\\/07\\\/15\\\/narrador-de-rodeios-adriano-do-vale-celebra-30-anos-de-carreira-com-documentario-inedito\\\/\"]}]},{\"@type\":\"ImageObject\",\"inLanguage\":\"pt-BR\",\"@id\":\"https:\\\/\\\/regiaonews.net.br\\\/2022\\\/2024\\\/07\\\/15\\\/narrador-de-rodeios-adriano-do-vale-celebra-30-anos-de-carreira-com-documentario-inedito\\\/#primaryimage\",\"url\":\"https:\\\/\\\/regiaonews.net.br\\\/2022\\\/wp-content\\\/uploads\\\/2024\\\/07\\\/Imagem-do-WhatsApp-de-2024-07-15-as-12.03.38_89dfcd3e.jpg\",\"contentUrl\":\"https:\\\/\\\/regiaonews.net.br\\\/2022\\\/wp-content\\\/uploads\\\/2024\\\/07\\\/Imagem-do-WhatsApp-de-2024-07-15-as-12.03.38_89dfcd3e.jpg\",\"width\":1024,\"height\":681},{\"@type\":\"BreadcrumbList\",\"@id\":\"https:\\\/\\\/regiaonews.net.br\\\/2022\\\/2024\\\/07\\\/15\\\/narrador-de-rodeios-adriano-do-vale-celebra-30-anos-de-carreira-com-documentario-inedito\\\/#breadcrumb\",\"itemListElement\":[{\"@type\":\"ListItem\",\"position\":1,\"name\":\"In\u00edcio\",\"item\":\"https:\\\/\\\/regiaonews.net.br\\\/2022\\\/\"},{\"@type\":\"ListItem\",\"position\":2,\"name\":\"Narrador de rodeios Adriano do Vale celebra 30 anos de carreira com document\u00e1rio in\u00e9dito\"}]},{\"@type\":\"WebSite\",\"@id\":\"https:\\\/\\\/regiaonews.net.br\\\/2022\\\/#website\",\"url\":\"https:\\\/\\\/regiaonews.net.br\\\/2022\\\/\",\"name\":\"Regi\u00e3o News\",\"description\":\"Site de Not\u00edcias de Barretos e regi\u00e3o\",\"publisher\":{\"@id\":\"https:\\\/\\\/regiaonews.net.br\\\/2022\\\/#organization\"},\"potentialAction\":[{\"@type\":\"SearchAction\",\"target\":{\"@type\":\"EntryPoint\",\"urlTemplate\":\"https:\\\/\\\/regiaonews.net.br\\\/2022\\\/?s={search_term_string}\"},\"query-input\":{\"@type\":\"PropertyValueSpecification\",\"valueRequired\":true,\"valueName\":\"search_term_string\"}}],\"inLanguage\":\"pt-BR\"},{\"@type\":\"Organization\",\"@id\":\"https:\\\/\\\/regiaonews.net.br\\\/2022\\\/#organization\",\"name\":\"Regi\u00e3o News\",\"url\":\"https:\\\/\\\/regiaonews.net.br\\\/2022\\\/\",\"logo\":{\"@type\":\"ImageObject\",\"inLanguage\":\"pt-BR\",\"@id\":\"https:\\\/\\\/regiaonews.net.br\\\/2022\\\/#\\\/schema\\\/logo\\\/image\\\/\",\"url\":\"https:\\\/\\\/regiaonews.net.br\\\/2022\\\/wp-content\\\/uploads\\\/2026\\\/03\\\/regiao-13-anos-scaled.jpg\",\"contentUrl\":\"https:\\\/\\\/regiaonews.net.br\\\/2022\\\/wp-content\\\/uploads\\\/2026\\\/03\\\/regiao-13-anos-scaled.jpg\",\"width\":2560,\"height\":635,\"caption\":\"Regi\u00e3o News\"},\"image\":{\"@id\":\"https:\\\/\\\/regiaonews.net.br\\\/2022\\\/#\\\/schema\\\/logo\\\/image\\\/\"}},{\"@type\":\"Person\",\"@id\":\"https:\\\/\\\/regiaonews.net.br\\\/2022\\\/#\\\/schema\\\/person\\\/2d205a608a5aa97ac279d7a5e6d89ad8\",\"name\":\"Roberto\",\"image\":{\"@type\":\"ImageObject\",\"inLanguage\":\"pt-BR\",\"@id\":\"https:\\\/\\\/secure.gravatar.com\\\/avatar\\\/42749d8b712ff9d59ca93dc150494e5b55a44134482993f5baeb97e61b7ecc89?s=96&d=mm&r=g\",\"url\":\"https:\\\/\\\/secure.gravatar.com\\\/avatar\\\/42749d8b712ff9d59ca93dc150494e5b55a44134482993f5baeb97e61b7ecc89?s=96&d=mm&r=g\",\"contentUrl\":\"https:\\\/\\\/secure.gravatar.com\\\/avatar\\\/42749d8b712ff9d59ca93dc150494e5b55a44134482993f5baeb97e61b7ecc89?s=96&d=mm&r=g\",\"caption\":\"Roberto\"},\"url\":\"https:\\\/\\\/regiaonews.net.br\\\/2022\\\/author\\\/roberto\\\/\"}]}<\/script>\n<!-- \/ Yoast SEO plugin. -->","yoast_head_json":{"title":"Narrador de rodeios Adriano do Vale celebra 30 anos de carreira com document\u00e1rio in\u00e9dito - Regi\u00e3o News","robots":{"index":"index","follow":"follow","max-snippet":"max-snippet:-1","max-image-preview":"max-image-preview:large","max-video-preview":"max-video-preview:-1"},"canonical":"https:\/\/regiaonews.net.br\/2022\/2024\/07\/15\/narrador-de-rodeios-adriano-do-vale-celebra-30-anos-de-carreira-com-documentario-inedito\/","og_locale":"pt_BR","og_type":"article","og_title":"Narrador de rodeios Adriano do Vale celebra 30 anos de carreira com document\u00e1rio in\u00e9dito - Regi\u00e3o News","og_description":"Apresentando as emo\u00e7\u00f5es das arenas pelos Brasil, o barretense se","og_url":"https:\/\/regiaonews.net.br\/2022\/2024\/07\/15\/narrador-de-rodeios-adriano-do-vale-celebra-30-anos-de-carreira-com-documentario-inedito\/","og_site_name":"Regi\u00e3o News","article_published_time":"2024-07-15T16:35:29+00:00","og_image":[{"width":1024,"height":681,"url":"https:\/\/regiaonews.net.br\/2022\/wp-content\/uploads\/2024\/07\/Imagem-do-WhatsApp-de-2024-07-15-as-12.03.38_89dfcd3e.jpg","type":"image\/jpeg"}],"author":"Roberto","twitter_card":"summary_large_image","twitter_misc":{"Escrito por":"Roberto","Est. tempo de leitura":"7 minutos"},"schema":{"@context":"https:\/\/schema.org","@graph":[{"@type":"Article","@id":"https:\/\/regiaonews.net.br\/2022\/2024\/07\/15\/narrador-de-rodeios-adriano-do-vale-celebra-30-anos-de-carreira-com-documentario-inedito\/#article","isPartOf":{"@id":"https:\/\/regiaonews.net.br\/2022\/2024\/07\/15\/narrador-de-rodeios-adriano-do-vale-celebra-30-anos-de-carreira-com-documentario-inedito\/"},"author":{"name":"Roberto","@id":"https:\/\/regiaonews.net.br\/2022\/#\/schema\/person\/2d205a608a5aa97ac279d7a5e6d89ad8"},"headline":"Narrador de rodeios Adriano do Vale celebra 30 anos de carreira com document\u00e1rio in\u00e9dito","datePublished":"2024-07-15T16:35:29+00:00","mainEntityOfPage":{"@id":"https:\/\/regiaonews.net.br\/2022\/2024\/07\/15\/narrador-de-rodeios-adriano-do-vale-celebra-30-anos-de-carreira-com-documentario-inedito\/"},"wordCount":1341,"commentCount":0,"publisher":{"@id":"https:\/\/regiaonews.net.br\/2022\/#organization"},"image":{"@id":"https:\/\/regiaonews.net.br\/2022\/2024\/07\/15\/narrador-de-rodeios-adriano-do-vale-celebra-30-anos-de-carreira-com-documentario-inedito\/#primaryimage"},"thumbnailUrl":"https:\/\/regiaonews.net.br\/2022\/wp-content\/uploads\/2024\/07\/Imagem-do-WhatsApp-de-2024-07-15-as-12.03.38_89dfcd3e.jpg","articleSection":["Barretos","Geral"],"inLanguage":"pt-BR","potentialAction":[{"@type":"CommentAction","name":"Comment","target":["https:\/\/regiaonews.net.br\/2022\/2024\/07\/15\/narrador-de-rodeios-adriano-do-vale-celebra-30-anos-de-carreira-com-documentario-inedito\/#respond"]}]},{"@type":"WebPage","@id":"https:\/\/regiaonews.net.br\/2022\/2024\/07\/15\/narrador-de-rodeios-adriano-do-vale-celebra-30-anos-de-carreira-com-documentario-inedito\/","url":"https:\/\/regiaonews.net.br\/2022\/2024\/07\/15\/narrador-de-rodeios-adriano-do-vale-celebra-30-anos-de-carreira-com-documentario-inedito\/","name":"Narrador de rodeios Adriano do Vale celebra 30 anos de carreira com document\u00e1rio in\u00e9dito - Regi\u00e3o News","isPartOf":{"@id":"https:\/\/regiaonews.net.br\/2022\/#website"},"primaryImageOfPage":{"@id":"https:\/\/regiaonews.net.br\/2022\/2024\/07\/15\/narrador-de-rodeios-adriano-do-vale-celebra-30-anos-de-carreira-com-documentario-inedito\/#primaryimage"},"image":{"@id":"https:\/\/regiaonews.net.br\/2022\/2024\/07\/15\/narrador-de-rodeios-adriano-do-vale-celebra-30-anos-de-carreira-com-documentario-inedito\/#primaryimage"},"thumbnailUrl":"https:\/\/regiaonews.net.br\/2022\/wp-content\/uploads\/2024\/07\/Imagem-do-WhatsApp-de-2024-07-15-as-12.03.38_89dfcd3e.jpg","datePublished":"2024-07-15T16:35:29+00:00","breadcrumb":{"@id":"https:\/\/regiaonews.net.br\/2022\/2024\/07\/15\/narrador-de-rodeios-adriano-do-vale-celebra-30-anos-de-carreira-com-documentario-inedito\/#breadcrumb"},"inLanguage":"pt-BR","potentialAction":[{"@type":"ReadAction","target":["https:\/\/regiaonews.net.br\/2022\/2024\/07\/15\/narrador-de-rodeios-adriano-do-vale-celebra-30-anos-de-carreira-com-documentario-inedito\/"]}]},{"@type":"ImageObject","inLanguage":"pt-BR","@id":"https:\/\/regiaonews.net.br\/2022\/2024\/07\/15\/narrador-de-rodeios-adriano-do-vale-celebra-30-anos-de-carreira-com-documentario-inedito\/#primaryimage","url":"https:\/\/regiaonews.net.br\/2022\/wp-content\/uploads\/2024\/07\/Imagem-do-WhatsApp-de-2024-07-15-as-12.03.38_89dfcd3e.jpg","contentUrl":"https:\/\/regiaonews.net.br\/2022\/wp-content\/uploads\/2024\/07\/Imagem-do-WhatsApp-de-2024-07-15-as-12.03.38_89dfcd3e.jpg","width":1024,"height":681},{"@type":"BreadcrumbList","@id":"https:\/\/regiaonews.net.br\/2022\/2024\/07\/15\/narrador-de-rodeios-adriano-do-vale-celebra-30-anos-de-carreira-com-documentario-inedito\/#breadcrumb","itemListElement":[{"@type":"ListItem","position":1,"name":"In\u00edcio","item":"https:\/\/regiaonews.net.br\/2022\/"},{"@type":"ListItem","position":2,"name":"Narrador de rodeios Adriano do Vale celebra 30 anos de carreira com document\u00e1rio in\u00e9dito"}]},{"@type":"WebSite","@id":"https:\/\/regiaonews.net.br\/2022\/#website","url":"https:\/\/regiaonews.net.br\/2022\/","name":"Regi\u00e3o News","description":"Site de Not\u00edcias de Barretos e regi\u00e3o","publisher":{"@id":"https:\/\/regiaonews.net.br\/2022\/#organization"},"potentialAction":[{"@type":"SearchAction","target":{"@type":"EntryPoint","urlTemplate":"https:\/\/regiaonews.net.br\/2022\/?s={search_term_string}"},"query-input":{"@type":"PropertyValueSpecification","valueRequired":true,"valueName":"search_term_string"}}],"inLanguage":"pt-BR"},{"@type":"Organization","@id":"https:\/\/regiaonews.net.br\/2022\/#organization","name":"Regi\u00e3o News","url":"https:\/\/regiaonews.net.br\/2022\/","logo":{"@type":"ImageObject","inLanguage":"pt-BR","@id":"https:\/\/regiaonews.net.br\/2022\/#\/schema\/logo\/image\/","url":"https:\/\/regiaonews.net.br\/2022\/wp-content\/uploads\/2026\/03\/regiao-13-anos-scaled.jpg","contentUrl":"https:\/\/regiaonews.net.br\/2022\/wp-content\/uploads\/2026\/03\/regiao-13-anos-scaled.jpg","width":2560,"height":635,"caption":"Regi\u00e3o News"},"image":{"@id":"https:\/\/regiaonews.net.br\/2022\/#\/schema\/logo\/image\/"}},{"@type":"Person","@id":"https:\/\/regiaonews.net.br\/2022\/#\/schema\/person\/2d205a608a5aa97ac279d7a5e6d89ad8","name":"Roberto","image":{"@type":"ImageObject","inLanguage":"pt-BR","@id":"https:\/\/secure.gravatar.com\/avatar\/42749d8b712ff9d59ca93dc150494e5b55a44134482993f5baeb97e61b7ecc89?s=96&d=mm&r=g","url":"https:\/\/secure.gravatar.com\/avatar\/42749d8b712ff9d59ca93dc150494e5b55a44134482993f5baeb97e61b7ecc89?s=96&d=mm&r=g","contentUrl":"https:\/\/secure.gravatar.com\/avatar\/42749d8b712ff9d59ca93dc150494e5b55a44134482993f5baeb97e61b7ecc89?s=96&d=mm&r=g","caption":"Roberto"},"url":"https:\/\/regiaonews.net.br\/2022\/author\/roberto\/"}]}},"publishpress_future_action":{"enabled":false,"date":"2026-05-03 10:14:59","action":"change-status","newStatus":"draft","terms":[],"taxonomy":"category","extraData":[]},"publishpress_future_workflow_manual_trigger":{"enabledWorkflows":[]},"_links":{"self":[{"href":"https:\/\/regiaonews.net.br\/2022\/wp-json\/wp\/v2\/posts\/107674","targetHints":{"allow":["GET"]}}],"collection":[{"href":"https:\/\/regiaonews.net.br\/2022\/wp-json\/wp\/v2\/posts"}],"about":[{"href":"https:\/\/regiaonews.net.br\/2022\/wp-json\/wp\/v2\/types\/post"}],"author":[{"embeddable":true,"href":"https:\/\/regiaonews.net.br\/2022\/wp-json\/wp\/v2\/users\/2"}],"replies":[{"embeddable":true,"href":"https:\/\/regiaonews.net.br\/2022\/wp-json\/wp\/v2\/comments?post=107674"}],"version-history":[{"count":1,"href":"https:\/\/regiaonews.net.br\/2022\/wp-json\/wp\/v2\/posts\/107674\/revisions"}],"predecessor-version":[{"id":107676,"href":"https:\/\/regiaonews.net.br\/2022\/wp-json\/wp\/v2\/posts\/107674\/revisions\/107676"}],"wp:featuredmedia":[{"embeddable":true,"href":"https:\/\/regiaonews.net.br\/2022\/wp-json\/wp\/v2\/media\/107675"}],"wp:attachment":[{"href":"https:\/\/regiaonews.net.br\/2022\/wp-json\/wp\/v2\/media?parent=107674"}],"wp:term":[{"taxonomy":"category","embeddable":true,"href":"https:\/\/regiaonews.net.br\/2022\/wp-json\/wp\/v2\/categories?post=107674"},{"taxonomy":"post_tag","embeddable":true,"href":"https:\/\/regiaonews.net.br\/2022\/wp-json\/wp\/v2\/tags?post=107674"}],"curies":[{"name":"wp","href":"https:\/\/api.w.org\/{rel}","templated":true}]}}