{"id":107621,"date":"2024-07-13T00:12:05","date_gmt":"2024-07-13T03:12:05","guid":{"rendered":"https:\/\/regiaonews.net.br\/2022\/?p=107621"},"modified":"2024-07-13T06:49:51","modified_gmt":"2024-07-13T09:49:51","slug":"trabalhadores-do-ministerio-da-saude-decidem-paralisar-por-dois-dias","status":"publish","type":"post","link":"https:\/\/regiaonews.net.br\/2022\/2024\/07\/13\/trabalhadores-do-ministerio-da-saude-decidem-paralisar-por-dois-dias\/","title":{"rendered":"Trabalhadores do Minist\u00e9rio da Sa\u00fade decidem paralisar por dois dias"},"content":{"rendered":"<p>Os servidores do Minist\u00e9rio da Sa\u00fade presentes na reuni\u00e3o de Departamento, realizada em 10 de julho, decidiram paralisar as atividades nos dia 18 e 19 de julho para demonstrar sua mobiliza\u00e7\u00e3o contra a intransig\u00eancia do governo em atender a pauta de reivindica\u00e7\u00f5es da categoria na Mesa de Negocia\u00e7\u00e3o.<\/p>\n<p>Ap\u00f3s todos os informes e debates foram aprovadas as propostas abaixo.<\/p>\n<p><strong>1-<\/strong>\u00a0Paralisa\u00e7\u00e3o dos servidores federais da Sa\u00fade nos dias 18 e 19 de julho de 2024;<\/p>\n<p><strong>2-<\/strong>\u00a0Oficiar o Minist\u00e9rio da Sa\u00fade sobre os dois dias de paralisa\u00e7\u00e3o da categoria;<\/p>\n<p><strong>3-<\/strong>\u00a0Manifesta\u00e7\u00f5es nos dias de paralisa\u00e7\u00e3o com panfletagem nas unidades e Superintend\u00eancia do Minist\u00e9rio da Sa\u00fade em S\u00e3o Paulo;<\/p>\n<p><strong>4-<\/strong>\u00a0Elaborar um informativo para popula\u00e7\u00e3o sobre a Carreira PST (Previd\u00eancia, Sa\u00fade e Trabalho) e a Anvisa explicando a situa\u00e7\u00e3o dos trabalhadores desses servi\u00e7os e os motivos da paralisa\u00e7\u00e3o;<\/p>\n<p><strong>5-<\/strong>\u00a0Mo\u00e7\u00e3o de apoio a luta dos servidores federais da sa\u00fade do Rio de Janeiro que est\u00e3o em greve;<\/p>\n<p><strong>6-<\/strong>\u00a0Divulgar e assinar a Carta Aberta ao presidente Luiz In\u00e1cio Lula da Silva, elaborada pelo F\u00f3rum de Sa\u00fade do Rio de Janeiro e pela Frente Nacional Contra a Privatiza\u00e7\u00e3o da Sa\u00fade, transferindo a gest\u00e3o do Hospital Andara\u00ed para o munic\u00edpio do Rio de Janeiro.<\/p>\n<p><strong>7-<\/strong>\u00a0Rep\u00fadio a municipaliza\u00e7\u00e3o que levar\u00e1 a privatiza\u00e7\u00e3o do Hospital do Andara\u00ed e mo\u00e7\u00e3o de apoio aos trabalhadores do hospital Andara\u00ed;<\/p>\n<p><strong>8-<\/strong>\u00a0Que o Sinsprev\/SP fa\u00e7a um grupo de trabalho, coordenado pela Secretaria de Aposentados, para estudar a experi\u00eancia do aux\u00edlio nutricional pago aos servidores municipais de Ribeir\u00e3o Preto e de outras experi\u00eancias, com o objetivo de elaborar um projeto para os servidores federais;<\/p>\n<p><strong>9-<\/strong>\u00a0Discuss\u00e3o e luta sobre a insalubridade retroativa dos servidores administrativos da Sa\u00fade que tiveram este adicional suprimido e depois reimplantado.<\/p>\n<ol>\n<li><a href=\"https:\/\/regiaonews.net.br\/2022\/wp-content\/uploads\/2024\/07\/i.jpeg\"><img loading=\"lazy\" decoding=\"async\" class=\"alignnone size-medium wp-image-107623\" src=\"https:\/\/regiaonews.net.br\/2022\/wp-content\/uploads\/2024\/07\/i-300x200.jpeg\" alt=\"\" width=\"300\" height=\"200\" srcset=\"https:\/\/regiaonews.net.br\/2022\/wp-content\/uploads\/2024\/07\/i-300x200.jpeg 300w, https:\/\/regiaonews.net.br\/2022\/wp-content\/uploads\/2024\/07\/i-768x512.jpeg 768w, https:\/\/regiaonews.net.br\/2022\/wp-content\/uploads\/2024\/07\/i-250x167.jpeg 250w, https:\/\/regiaonews.net.br\/2022\/wp-content\/uploads\/2024\/07\/i-900x600.jpeg 900w, https:\/\/regiaonews.net.br\/2022\/wp-content\/uploads\/2024\/07\/i.jpeg 1008w\" sizes=\"auto, (max-width: 300px) 100vw, 300px\" \/><\/a><\/li>\n<\/ol>\n","protected":false},"excerpt":{"rendered":"<p>Os servidores do Minist\u00e9rio da Sa\u00fade presentes na reuni\u00e3o de<\/p>\n","protected":false},"author":2,"featured_media":107622,"comment_status":"open","ping_status":"open","sticky":false,"template":"","format":"standard","meta":{"footnotes":""},"categories":[25,29],"tags":[],"class_list":["post-107621","post","type-post","status-publish","format-standard","has-post-thumbnail","hentry","category-cidades","category-sao-paulo"],"yoast_head":"<!-- This site is optimized with the Yoast SEO plugin v27.4 - https:\/\/yoast.com\/product\/yoast-seo-wordpress\/ -->\n<title>Trabalhadores do Minist\u00e9rio da Sa\u00fade decidem paralisar por dois dias - Regi\u00e3o News<\/title>\n<meta name=\"robots\" content=\"index, follow, max-snippet:-1, max-image-preview:large, max-video-preview:-1\" \/>\n<link rel=\"canonical\" href=\"https:\/\/regiaonews.net.br\/2022\/2024\/07\/13\/trabalhadores-do-ministerio-da-saude-decidem-paralisar-por-dois-dias\/\" \/>\n<meta property=\"og:locale\" content=\"pt_BR\" \/>\n<meta property=\"og:type\" content=\"article\" \/>\n<meta property=\"og:title\" content=\"Trabalhadores do Minist\u00e9rio da Sa\u00fade decidem paralisar por dois dias - Regi\u00e3o News\" \/>\n<meta property=\"og:description\" content=\"Os servidores do Minist\u00e9rio da Sa\u00fade presentes na reuni\u00e3o de\" \/>\n<meta property=\"og:url\" content=\"https:\/\/regiaonews.net.br\/2022\/2024\/07\/13\/trabalhadores-do-ministerio-da-saude-decidem-paralisar-por-dois-dias\/\" \/>\n<meta property=\"og:site_name\" content=\"Regi\u00e3o News\" \/>\n<meta property=\"article:published_time\" content=\"2024-07-13T03:12:05+00:00\" \/>\n<meta property=\"article:modified_time\" content=\"2024-07-13T09:49:51+00:00\" \/>\n<meta property=\"og:image\" content=\"https:\/\/regiaonews.net.br\/2022\/wp-content\/uploads\/2024\/07\/i-1.jpeg\" \/>\n\t<meta property=\"og:image:width\" content=\"1008\" \/>\n\t<meta property=\"og:image:height\" content=\"672\" \/>\n\t<meta property=\"og:image:type\" content=\"image\/jpeg\" \/>\n<meta name=\"author\" content=\"Roberto\" \/>\n<meta name=\"twitter:card\" content=\"summary_large_image\" \/>\n<meta name=\"twitter:label1\" content=\"Escrito por\" \/>\n\t<meta name=\"twitter:data1\" content=\"Roberto\" \/>\n\t<meta name=\"twitter:label2\" content=\"Est. tempo de leitura\" \/>\n\t<meta name=\"twitter:data2\" content=\"2 minutos\" \/>\n<script type=\"application\/ld+json\" class=\"yoast-schema-graph\">{\"@context\":\"https:\\\/\\\/schema.org\",\"@graph\":[{\"@type\":\"Article\",\"@id\":\"https:\\\/\\\/regiaonews.net.br\\\/2022\\\/2024\\\/07\\\/13\\\/trabalhadores-do-ministerio-da-saude-decidem-paralisar-por-dois-dias\\\/#article\",\"isPartOf\":{\"@id\":\"https:\\\/\\\/regiaonews.net.br\\\/2022\\\/2024\\\/07\\\/13\\\/trabalhadores-do-ministerio-da-saude-decidem-paralisar-por-dois-dias\\\/\"},\"author\":{\"name\":\"Roberto\",\"@id\":\"https:\\\/\\\/regiaonews.net.br\\\/2022\\\/#\\\/schema\\\/person\\\/2d205a608a5aa97ac279d7a5e6d89ad8\"},\"headline\":\"Trabalhadores do Minist\u00e9rio da Sa\u00fade decidem paralisar por dois dias\",\"datePublished\":\"2024-07-13T03:12:05+00:00\",\"dateModified\":\"2024-07-13T09:49:51+00:00\",\"mainEntityOfPage\":{\"@id\":\"https:\\\/\\\/regiaonews.net.br\\\/2022\\\/2024\\\/07\\\/13\\\/trabalhadores-do-ministerio-da-saude-decidem-paralisar-por-dois-dias\\\/\"},\"wordCount\":339,\"commentCount\":0,\"publisher\":{\"@id\":\"https:\\\/\\\/regiaonews.net.br\\\/2022\\\/#organization\"},\"image\":{\"@id\":\"https:\\\/\\\/regiaonews.net.br\\\/2022\\\/2024\\\/07\\\/13\\\/trabalhadores-do-ministerio-da-saude-decidem-paralisar-por-dois-dias\\\/#primaryimage\"},\"thumbnailUrl\":\"https:\\\/\\\/regiaonews.net.br\\\/2022\\\/wp-content\\\/uploads\\\/2024\\\/07\\\/i-1.jpeg\",\"articleSection\":[\"Cidades\",\"S\u00e3o Paulo\"],\"inLanguage\":\"pt-BR\",\"potentialAction\":[{\"@type\":\"CommentAction\",\"name\":\"Comment\",\"target\":[\"https:\\\/\\\/regiaonews.net.br\\\/2022\\\/2024\\\/07\\\/13\\\/trabalhadores-do-ministerio-da-saude-decidem-paralisar-por-dois-dias\\\/#respond\"]}]},{\"@type\":\"WebPage\",\"@id\":\"https:\\\/\\\/regiaonews.net.br\\\/2022\\\/2024\\\/07\\\/13\\\/trabalhadores-do-ministerio-da-saude-decidem-paralisar-por-dois-dias\\\/\",\"url\":\"https:\\\/\\\/regiaonews.net.br\\\/2022\\\/2024\\\/07\\\/13\\\/trabalhadores-do-ministerio-da-saude-decidem-paralisar-por-dois-dias\\\/\",\"name\":\"Trabalhadores do Minist\u00e9rio da Sa\u00fade decidem paralisar por dois dias - Regi\u00e3o News\",\"isPartOf\":{\"@id\":\"https:\\\/\\\/regiaonews.net.br\\\/2022\\\/#website\"},\"primaryImageOfPage\":{\"@id\":\"https:\\\/\\\/regiaonews.net.br\\\/2022\\\/2024\\\/07\\\/13\\\/trabalhadores-do-ministerio-da-saude-decidem-paralisar-por-dois-dias\\\/#primaryimage\"},\"image\":{\"@id\":\"https:\\\/\\\/regiaonews.net.br\\\/2022\\\/2024\\\/07\\\/13\\\/trabalhadores-do-ministerio-da-saude-decidem-paralisar-por-dois-dias\\\/#primaryimage\"},\"thumbnailUrl\":\"https:\\\/\\\/regiaonews.net.br\\\/2022\\\/wp-content\\\/uploads\\\/2024\\\/07\\\/i-1.jpeg\",\"datePublished\":\"2024-07-13T03:12:05+00:00\",\"dateModified\":\"2024-07-13T09:49:51+00:00\",\"breadcrumb\":{\"@id\":\"https:\\\/\\\/regiaonews.net.br\\\/2022\\\/2024\\\/07\\\/13\\\/trabalhadores-do-ministerio-da-saude-decidem-paralisar-por-dois-dias\\\/#breadcrumb\"},\"inLanguage\":\"pt-BR\",\"potentialAction\":[{\"@type\":\"ReadAction\",\"target\":[\"https:\\\/\\\/regiaonews.net.br\\\/2022\\\/2024\\\/07\\\/13\\\/trabalhadores-do-ministerio-da-saude-decidem-paralisar-por-dois-dias\\\/\"]}]},{\"@type\":\"ImageObject\",\"inLanguage\":\"pt-BR\",\"@id\":\"https:\\\/\\\/regiaonews.net.br\\\/2022\\\/2024\\\/07\\\/13\\\/trabalhadores-do-ministerio-da-saude-decidem-paralisar-por-dois-dias\\\/#primaryimage\",\"url\":\"https:\\\/\\\/regiaonews.net.br\\\/2022\\\/wp-content\\\/uploads\\\/2024\\\/07\\\/i-1.jpeg\",\"contentUrl\":\"https:\\\/\\\/regiaonews.net.br\\\/2022\\\/wp-content\\\/uploads\\\/2024\\\/07\\\/i-1.jpeg\",\"width\":1008,\"height\":672},{\"@type\":\"BreadcrumbList\",\"@id\":\"https:\\\/\\\/regiaonews.net.br\\\/2022\\\/2024\\\/07\\\/13\\\/trabalhadores-do-ministerio-da-saude-decidem-paralisar-por-dois-dias\\\/#breadcrumb\",\"itemListElement\":[{\"@type\":\"ListItem\",\"position\":1,\"name\":\"In\u00edcio\",\"item\":\"https:\\\/\\\/regiaonews.net.br\\\/2022\\\/\"},{\"@type\":\"ListItem\",\"position\":2,\"name\":\"Trabalhadores do Minist\u00e9rio da Sa\u00fade decidem paralisar por dois dias\"}]},{\"@type\":\"WebSite\",\"@id\":\"https:\\\/\\\/regiaonews.net.br\\\/2022\\\/#website\",\"url\":\"https:\\\/\\\/regiaonews.net.br\\\/2022\\\/\",\"name\":\"Regi\u00e3o News\",\"description\":\"Site de Not\u00edcias de Barretos e regi\u00e3o\",\"publisher\":{\"@id\":\"https:\\\/\\\/regiaonews.net.br\\\/2022\\\/#organization\"},\"potentialAction\":[{\"@type\":\"SearchAction\",\"target\":{\"@type\":\"EntryPoint\",\"urlTemplate\":\"https:\\\/\\\/regiaonews.net.br\\\/2022\\\/?s={search_term_string}\"},\"query-input\":{\"@type\":\"PropertyValueSpecification\",\"valueRequired\":true,\"valueName\":\"search_term_string\"}}],\"inLanguage\":\"pt-BR\"},{\"@type\":\"Organization\",\"@id\":\"https:\\\/\\\/regiaonews.net.br\\\/2022\\\/#organization\",\"name\":\"Regi\u00e3o News\",\"url\":\"https:\\\/\\\/regiaonews.net.br\\\/2022\\\/\",\"logo\":{\"@type\":\"ImageObject\",\"inLanguage\":\"pt-BR\",\"@id\":\"https:\\\/\\\/regiaonews.net.br\\\/2022\\\/#\\\/schema\\\/logo\\\/image\\\/\",\"url\":\"https:\\\/\\\/regiaonews.net.br\\\/2022\\\/wp-content\\\/uploads\\\/2026\\\/03\\\/regiao-13-anos-scaled.jpg\",\"contentUrl\":\"https:\\\/\\\/regiaonews.net.br\\\/2022\\\/wp-content\\\/uploads\\\/2026\\\/03\\\/regiao-13-anos-scaled.jpg\",\"width\":2560,\"height\":635,\"caption\":\"Regi\u00e3o News\"},\"image\":{\"@id\":\"https:\\\/\\\/regiaonews.net.br\\\/2022\\\/#\\\/schema\\\/logo\\\/image\\\/\"}},{\"@type\":\"Person\",\"@id\":\"https:\\\/\\\/regiaonews.net.br\\\/2022\\\/#\\\/schema\\\/person\\\/2d205a608a5aa97ac279d7a5e6d89ad8\",\"name\":\"Roberto\",\"image\":{\"@type\":\"ImageObject\",\"inLanguage\":\"pt-BR\",\"@id\":\"https:\\\/\\\/secure.gravatar.com\\\/avatar\\\/42749d8b712ff9d59ca93dc150494e5b55a44134482993f5baeb97e61b7ecc89?s=96&d=mm&r=g\",\"url\":\"https:\\\/\\\/secure.gravatar.com\\\/avatar\\\/42749d8b712ff9d59ca93dc150494e5b55a44134482993f5baeb97e61b7ecc89?s=96&d=mm&r=g\",\"contentUrl\":\"https:\\\/\\\/secure.gravatar.com\\\/avatar\\\/42749d8b712ff9d59ca93dc150494e5b55a44134482993f5baeb97e61b7ecc89?s=96&d=mm&r=g\",\"caption\":\"Roberto\"},\"url\":\"https:\\\/\\\/regiaonews.net.br\\\/2022\\\/author\\\/roberto\\\/\"}]}<\/script>\n<!-- \/ Yoast SEO plugin. -->","yoast_head_json":{"title":"Trabalhadores do Minist\u00e9rio da Sa\u00fade decidem paralisar por dois dias - Regi\u00e3o News","robots":{"index":"index","follow":"follow","max-snippet":"max-snippet:-1","max-image-preview":"max-image-preview:large","max-video-preview":"max-video-preview:-1"},"canonical":"https:\/\/regiaonews.net.br\/2022\/2024\/07\/13\/trabalhadores-do-ministerio-da-saude-decidem-paralisar-por-dois-dias\/","og_locale":"pt_BR","og_type":"article","og_title":"Trabalhadores do Minist\u00e9rio da Sa\u00fade decidem paralisar por dois dias - Regi\u00e3o News","og_description":"Os servidores do Minist\u00e9rio da Sa\u00fade presentes na reuni\u00e3o de","og_url":"https:\/\/regiaonews.net.br\/2022\/2024\/07\/13\/trabalhadores-do-ministerio-da-saude-decidem-paralisar-por-dois-dias\/","og_site_name":"Regi\u00e3o News","article_published_time":"2024-07-13T03:12:05+00:00","article_modified_time":"2024-07-13T09:49:51+00:00","og_image":[{"width":1008,"height":672,"url":"https:\/\/regiaonews.net.br\/2022\/wp-content\/uploads\/2024\/07\/i-1.jpeg","type":"image\/jpeg"}],"author":"Roberto","twitter_card":"summary_large_image","twitter_misc":{"Escrito por":"Roberto","Est. tempo de leitura":"2 minutos"},"schema":{"@context":"https:\/\/schema.org","@graph":[{"@type":"Article","@id":"https:\/\/regiaonews.net.br\/2022\/2024\/07\/13\/trabalhadores-do-ministerio-da-saude-decidem-paralisar-por-dois-dias\/#article","isPartOf":{"@id":"https:\/\/regiaonews.net.br\/2022\/2024\/07\/13\/trabalhadores-do-ministerio-da-saude-decidem-paralisar-por-dois-dias\/"},"author":{"name":"Roberto","@id":"https:\/\/regiaonews.net.br\/2022\/#\/schema\/person\/2d205a608a5aa97ac279d7a5e6d89ad8"},"headline":"Trabalhadores do Minist\u00e9rio da Sa\u00fade decidem paralisar por dois dias","datePublished":"2024-07-13T03:12:05+00:00","dateModified":"2024-07-13T09:49:51+00:00","mainEntityOfPage":{"@id":"https:\/\/regiaonews.net.br\/2022\/2024\/07\/13\/trabalhadores-do-ministerio-da-saude-decidem-paralisar-por-dois-dias\/"},"wordCount":339,"commentCount":0,"publisher":{"@id":"https:\/\/regiaonews.net.br\/2022\/#organization"},"image":{"@id":"https:\/\/regiaonews.net.br\/2022\/2024\/07\/13\/trabalhadores-do-ministerio-da-saude-decidem-paralisar-por-dois-dias\/#primaryimage"},"thumbnailUrl":"https:\/\/regiaonews.net.br\/2022\/wp-content\/uploads\/2024\/07\/i-1.jpeg","articleSection":["Cidades","S\u00e3o Paulo"],"inLanguage":"pt-BR","potentialAction":[{"@type":"CommentAction","name":"Comment","target":["https:\/\/regiaonews.net.br\/2022\/2024\/07\/13\/trabalhadores-do-ministerio-da-saude-decidem-paralisar-por-dois-dias\/#respond"]}]},{"@type":"WebPage","@id":"https:\/\/regiaonews.net.br\/2022\/2024\/07\/13\/trabalhadores-do-ministerio-da-saude-decidem-paralisar-por-dois-dias\/","url":"https:\/\/regiaonews.net.br\/2022\/2024\/07\/13\/trabalhadores-do-ministerio-da-saude-decidem-paralisar-por-dois-dias\/","name":"Trabalhadores do Minist\u00e9rio da Sa\u00fade decidem paralisar por dois dias - Regi\u00e3o News","isPartOf":{"@id":"https:\/\/regiaonews.net.br\/2022\/#website"},"primaryImageOfPage":{"@id":"https:\/\/regiaonews.net.br\/2022\/2024\/07\/13\/trabalhadores-do-ministerio-da-saude-decidem-paralisar-por-dois-dias\/#primaryimage"},"image":{"@id":"https:\/\/regiaonews.net.br\/2022\/2024\/07\/13\/trabalhadores-do-ministerio-da-saude-decidem-paralisar-por-dois-dias\/#primaryimage"},"thumbnailUrl":"https:\/\/regiaonews.net.br\/2022\/wp-content\/uploads\/2024\/07\/i-1.jpeg","datePublished":"2024-07-13T03:12:05+00:00","dateModified":"2024-07-13T09:49:51+00:00","breadcrumb":{"@id":"https:\/\/regiaonews.net.br\/2022\/2024\/07\/13\/trabalhadores-do-ministerio-da-saude-decidem-paralisar-por-dois-dias\/#breadcrumb"},"inLanguage":"pt-BR","potentialAction":[{"@type":"ReadAction","target":["https:\/\/regiaonews.net.br\/2022\/2024\/07\/13\/trabalhadores-do-ministerio-da-saude-decidem-paralisar-por-dois-dias\/"]}]},{"@type":"ImageObject","inLanguage":"pt-BR","@id":"https:\/\/regiaonews.net.br\/2022\/2024\/07\/13\/trabalhadores-do-ministerio-da-saude-decidem-paralisar-por-dois-dias\/#primaryimage","url":"https:\/\/regiaonews.net.br\/2022\/wp-content\/uploads\/2024\/07\/i-1.jpeg","contentUrl":"https:\/\/regiaonews.net.br\/2022\/wp-content\/uploads\/2024\/07\/i-1.jpeg","width":1008,"height":672},{"@type":"BreadcrumbList","@id":"https:\/\/regiaonews.net.br\/2022\/2024\/07\/13\/trabalhadores-do-ministerio-da-saude-decidem-paralisar-por-dois-dias\/#breadcrumb","itemListElement":[{"@type":"ListItem","position":1,"name":"In\u00edcio","item":"https:\/\/regiaonews.net.br\/2022\/"},{"@type":"ListItem","position":2,"name":"Trabalhadores do Minist\u00e9rio da Sa\u00fade decidem paralisar por dois dias"}]},{"@type":"WebSite","@id":"https:\/\/regiaonews.net.br\/2022\/#website","url":"https:\/\/regiaonews.net.br\/2022\/","name":"Regi\u00e3o News","description":"Site de Not\u00edcias de Barretos e regi\u00e3o","publisher":{"@id":"https:\/\/regiaonews.net.br\/2022\/#organization"},"potentialAction":[{"@type":"SearchAction","target":{"@type":"EntryPoint","urlTemplate":"https:\/\/regiaonews.net.br\/2022\/?s={search_term_string}"},"query-input":{"@type":"PropertyValueSpecification","valueRequired":true,"valueName":"search_term_string"}}],"inLanguage":"pt-BR"},{"@type":"Organization","@id":"https:\/\/regiaonews.net.br\/2022\/#organization","name":"Regi\u00e3o News","url":"https:\/\/regiaonews.net.br\/2022\/","logo":{"@type":"ImageObject","inLanguage":"pt-BR","@id":"https:\/\/regiaonews.net.br\/2022\/#\/schema\/logo\/image\/","url":"https:\/\/regiaonews.net.br\/2022\/wp-content\/uploads\/2026\/03\/regiao-13-anos-scaled.jpg","contentUrl":"https:\/\/regiaonews.net.br\/2022\/wp-content\/uploads\/2026\/03\/regiao-13-anos-scaled.jpg","width":2560,"height":635,"caption":"Regi\u00e3o News"},"image":{"@id":"https:\/\/regiaonews.net.br\/2022\/#\/schema\/logo\/image\/"}},{"@type":"Person","@id":"https:\/\/regiaonews.net.br\/2022\/#\/schema\/person\/2d205a608a5aa97ac279d7a5e6d89ad8","name":"Roberto","image":{"@type":"ImageObject","inLanguage":"pt-BR","@id":"https:\/\/secure.gravatar.com\/avatar\/42749d8b712ff9d59ca93dc150494e5b55a44134482993f5baeb97e61b7ecc89?s=96&d=mm&r=g","url":"https:\/\/secure.gravatar.com\/avatar\/42749d8b712ff9d59ca93dc150494e5b55a44134482993f5baeb97e61b7ecc89?s=96&d=mm&r=g","contentUrl":"https:\/\/secure.gravatar.com\/avatar\/42749d8b712ff9d59ca93dc150494e5b55a44134482993f5baeb97e61b7ecc89?s=96&d=mm&r=g","caption":"Roberto"},"url":"https:\/\/regiaonews.net.br\/2022\/author\/roberto\/"}]}},"publishpress_future_action":{"enabled":false,"date":"2026-05-03 04:35:31","action":"change-status","newStatus":"draft","terms":[],"taxonomy":"category","extraData":[]},"publishpress_future_workflow_manual_trigger":{"enabledWorkflows":[]},"_links":{"self":[{"href":"https:\/\/regiaonews.net.br\/2022\/wp-json\/wp\/v2\/posts\/107621","targetHints":{"allow":["GET"]}}],"collection":[{"href":"https:\/\/regiaonews.net.br\/2022\/wp-json\/wp\/v2\/posts"}],"about":[{"href":"https:\/\/regiaonews.net.br\/2022\/wp-json\/wp\/v2\/types\/post"}],"author":[{"embeddable":true,"href":"https:\/\/regiaonews.net.br\/2022\/wp-json\/wp\/v2\/users\/2"}],"replies":[{"embeddable":true,"href":"https:\/\/regiaonews.net.br\/2022\/wp-json\/wp\/v2\/comments?post=107621"}],"version-history":[{"count":2,"href":"https:\/\/regiaonews.net.br\/2022\/wp-json\/wp\/v2\/posts\/107621\/revisions"}],"predecessor-version":[{"id":107625,"href":"https:\/\/regiaonews.net.br\/2022\/wp-json\/wp\/v2\/posts\/107621\/revisions\/107625"}],"wp:featuredmedia":[{"embeddable":true,"href":"https:\/\/regiaonews.net.br\/2022\/wp-json\/wp\/v2\/media\/107622"}],"wp:attachment":[{"href":"https:\/\/regiaonews.net.br\/2022\/wp-json\/wp\/v2\/media?parent=107621"}],"wp:term":[{"taxonomy":"category","embeddable":true,"href":"https:\/\/regiaonews.net.br\/2022\/wp-json\/wp\/v2\/categories?post=107621"},{"taxonomy":"post_tag","embeddable":true,"href":"https:\/\/regiaonews.net.br\/2022\/wp-json\/wp\/v2\/tags?post=107621"}],"curies":[{"name":"wp","href":"https:\/\/api.w.org\/{rel}","templated":true}]}}