{"id":107616,"date":"2024-07-12T23:58:10","date_gmt":"2024-07-13T02:58:10","guid":{"rendered":"https:\/\/regiaonews.net.br\/2022\/?p=107616"},"modified":"2024-07-12T23:58:10","modified_gmt":"2024-07-13T02:58:10","slug":"rebecca-almeida-e-a-rainha-da-festa-do-peao-de-barretos-2024","status":"publish","type":"post","link":"https:\/\/regiaonews.net.br\/2022\/2024\/07\/12\/rebecca-almeida-e-a-rainha-da-festa-do-peao-de-barretos-2024\/","title":{"rendered":"Rebecca Almeida \u00e9 a rainha da Festa do Pe\u00e3o de Barretos 2024"},"content":{"rendered":"<p>Fotos &#8211; Marcio Oliveira<\/p>\n<p>&nbsp;<\/p>\n<p>A estudante de Odontologia, Rebecca Almeida, de 24 anos, venceu concurso e\u00a0 Ana Laura Coqueiro ficou com o t\u00edtulo de princesa<\/p>\n<p>A 69\u00aa edi\u00e7\u00e3o da Festa do Pe\u00e3o de Barretos j\u00e1 tem sua rainha. Em uma noite de brilho e emo\u00e7\u00e3o no North Shopping Barretos, as candidatas desfilaram sua beleza, simpatia e conhecimento sobre a maior festa de rodeio da Am\u00e9rica Latina. Ap\u00f3s avalia\u00e7\u00e3o criteriosa por uma comiss\u00e3o de jurados, a escolhida foi Rebecca Almeida. Em segundo lugar, conquistando o t\u00edtulo de princesa, ficou Ana Laura Coqueiro.<\/p>\n<p>&#8220;Estou muito orgulhosa de representar a Festa do Pe\u00e3o, vou levar muita alegria e inclus\u00e3o pro evento&#8221;, declarou Rebecca ao receber o t\u00edtulo.<\/p>\n<p>J\u00e1 a princesa Ana Laura tamb\u00e9m falou da emo\u00e7\u00e3o de ser coroada: Estou nervosa ainda, mas estou muito feliz e a com o t\u00edtulo e vou levar a Festa comigo todo esse ano.<\/p>\n<p>Concurso tradicional<br \/>\nO evento, que al\u00e9m de celebrar a beleza das participantes, tamb\u00e9m enaltece a cultura e tradi\u00e7\u00e3o de Barretos, foi um verdadeiro sucesso. As dez candidatas desfilaram inicialmente com trajes prata, shorts jeans, botas e chap\u00e9us escuros, seguido pelos encantadores trajes t\u00edpicos de rodeio criados pelo estilista Marcelo Ortale.<br \/>\n\u201cNeste ano, trouxemos muito brilho, cristais e um colorido como diferenciais. Mostramos uma evolu\u00e7\u00e3o, uma moderniza\u00e7\u00e3o que tamb\u00e9m acontece em outras regi\u00f5es, como nos trajes juninos do Nordeste e nas rainhas de baterias do Rio de Janeiro\u201d, destacou Ortale.<br \/>\nDiretor Social de Os Independentes, Fernando Moni, expressou sua confian\u00e7a na escolha da nova rainha que ir\u00e1 representar a 69\u00aa Festa do Pe\u00e3o de Barretos, neste ano marcada para acontecer de 15 a 25 de agosto, no Parque do Pe\u00e3o.<br \/>\n\u201cEstamos muito felizes com mais esta edi\u00e7\u00e3o do concurso da Rainha. Rebecca demonstrou n\u00e3o apenas beleza e eleg\u00e2ncia, mas tamb\u00e9m conhecimento e carisma, qualidades essenciais para representar nossa cidade e nossa festa t\u00e3o querida. Estamos confiantes de que ela ser\u00e1 uma excelente rainha, honrando nossa tradi\u00e7\u00e3o e cultura com orgulho e dedica\u00e7\u00e3o\u201d, revelou.<br \/>\nRebecca sucede a advogada Natacha Cardoso, eleita rainha em 2023, que durante o evento transmitiu a faixa e destacou a import\u00e2ncia transformadora do concurso em sua vida.<br \/>\n\u201cO concurso \u00e9 uma prepara\u00e7\u00e3o para o reinado, um misto de sentimentos que te testam a todo momento, \u00e9 quando todas suas inseguran\u00e7as precisam dar lugar a coragem. Me despe\u00e7o do meu reinado com o cora\u00e7\u00e3o em paz, inundado pelo sentimento de dever cumprido\u201d, disse Natacha.<\/p>\n<p>O concurso<br \/>\nO Concurso Rainha Os Independentes \u00e9 realizado pela Associa\u00e7\u00e3o Os Independentes em parceria com o North Shopping Barretos, sob a coordena\u00e7\u00e3o de Milton Figueiredo e produ\u00e7\u00e3o de Reinaldo Costa.<br \/>\nA tradi\u00e7\u00e3o remonta ao ano de 1956, coincidindo com a primeira edi\u00e7\u00e3o da Festa. Atualmente, somente residentes de Barretos ou aquelas que residem na cidade h\u00e1 pelo menos um ano podem participar.<\/p>\n<p><a href=\"https:\/\/regiaonews.net.br\/2022\/wp-content\/uploads\/2024\/07\/IMG-20240712-WA0487.jpg\"><img loading=\"lazy\" decoding=\"async\" class=\"alignnone size-medium wp-image-107617\" src=\"https:\/\/regiaonews.net.br\/2022\/wp-content\/uploads\/2024\/07\/IMG-20240712-WA0487-300x200.jpg\" alt=\"\" width=\"300\" height=\"200\" srcset=\"https:\/\/regiaonews.net.br\/2022\/wp-content\/uploads\/2024\/07\/IMG-20240712-WA0487-300x200.jpg 300w, https:\/\/regiaonews.net.br\/2022\/wp-content\/uploads\/2024\/07\/IMG-20240712-WA0487-1024x684.jpg 1024w, https:\/\/regiaonews.net.br\/2022\/wp-content\/uploads\/2024\/07\/IMG-20240712-WA0487-768x513.jpg 768w, https:\/\/regiaonews.net.br\/2022\/wp-content\/uploads\/2024\/07\/IMG-20240712-WA0487-250x167.jpg 250w, https:\/\/regiaonews.net.br\/2022\/wp-content\/uploads\/2024\/07\/IMG-20240712-WA0487-900x600.jpg 900w, https:\/\/regiaonews.net.br\/2022\/wp-content\/uploads\/2024\/07\/IMG-20240712-WA0487.jpg 1504w\" sizes=\"auto, (max-width: 300px) 100vw, 300px\" \/><\/a><\/p>\n<p><a href=\"https:\/\/regiaonews.net.br\/2022\/wp-content\/uploads\/2024\/07\/IMG-20240712-WA0485.jpg\"><img loading=\"lazy\" decoding=\"async\" class=\"alignnone size-medium wp-image-107619\" src=\"https:\/\/regiaonews.net.br\/2022\/wp-content\/uploads\/2024\/07\/IMG-20240712-WA0485-300x200.jpg\" alt=\"\" width=\"300\" height=\"200\" srcset=\"https:\/\/regiaonews.net.br\/2022\/wp-content\/uploads\/2024\/07\/IMG-20240712-WA0485-300x200.jpg 300w, https:\/\/regiaonews.net.br\/2022\/wp-content\/uploads\/2024\/07\/IMG-20240712-WA0485-1024x684.jpg 1024w, https:\/\/regiaonews.net.br\/2022\/wp-content\/uploads\/2024\/07\/IMG-20240712-WA0485-768x513.jpg 768w, https:\/\/regiaonews.net.br\/2022\/wp-content\/uploads\/2024\/07\/IMG-20240712-WA0485-250x167.jpg 250w, https:\/\/regiaonews.net.br\/2022\/wp-content\/uploads\/2024\/07\/IMG-20240712-WA0485-900x600.jpg 900w, https:\/\/regiaonews.net.br\/2022\/wp-content\/uploads\/2024\/07\/IMG-20240712-WA0485.jpg 1504w\" sizes=\"auto, (max-width: 300px) 100vw, 300px\" \/><\/a><\/p>\n","protected":false},"excerpt":{"rendered":"<p>Fotos &#8211; Marcio Oliveira &nbsp; A estudante de Odontologia, Rebecca<\/p>\n","protected":false},"author":2,"featured_media":107618,"comment_status":"open","ping_status":"open","sticky":false,"template":"","format":"standard","meta":{"footnotes":""},"categories":[14,25,45],"tags":[],"class_list":["post-107616","post","type-post","status-publish","format-standard","has-post-thumbnail","hentry","category-barretos","category-cidades","category-festa-do-peao"],"yoast_head":"<!-- This site is optimized with the Yoast SEO plugin v27.4 - https:\/\/yoast.com\/product\/yoast-seo-wordpress\/ -->\n<title>Rebecca Almeida \u00e9 a rainha da Festa do Pe\u00e3o de Barretos 2024 - Regi\u00e3o News<\/title>\n<meta name=\"robots\" content=\"index, follow, max-snippet:-1, max-image-preview:large, max-video-preview:-1\" \/>\n<link rel=\"canonical\" href=\"https:\/\/regiaonews.net.br\/2022\/2024\/07\/12\/rebecca-almeida-e-a-rainha-da-festa-do-peao-de-barretos-2024\/\" \/>\n<meta property=\"og:locale\" content=\"pt_BR\" \/>\n<meta property=\"og:type\" content=\"article\" \/>\n<meta property=\"og:title\" content=\"Rebecca Almeida \u00e9 a rainha da Festa do Pe\u00e3o de Barretos 2024 - Regi\u00e3o News\" \/>\n<meta property=\"og:description\" content=\"Fotos &#8211; Marcio Oliveira &nbsp; A estudante de Odontologia, Rebecca\" \/>\n<meta property=\"og:url\" content=\"https:\/\/regiaonews.net.br\/2022\/2024\/07\/12\/rebecca-almeida-e-a-rainha-da-festa-do-peao-de-barretos-2024\/\" \/>\n<meta property=\"og:site_name\" content=\"Regi\u00e3o News\" \/>\n<meta property=\"article:published_time\" content=\"2024-07-13T02:58:10+00:00\" \/>\n<meta property=\"og:image\" content=\"https:\/\/regiaonews.net.br\/2022\/wp-content\/uploads\/2024\/07\/IMG-20240712-WA0486.jpg\" \/>\n\t<meta property=\"og:image:width\" content=\"1504\" \/>\n\t<meta property=\"og:image:height\" content=\"1004\" \/>\n\t<meta property=\"og:image:type\" content=\"image\/jpeg\" \/>\n<meta name=\"author\" content=\"Roberto\" \/>\n<meta name=\"twitter:card\" content=\"summary_large_image\" \/>\n<meta name=\"twitter:label1\" content=\"Escrito por\" \/>\n\t<meta name=\"twitter:data1\" content=\"Roberto\" \/>\n\t<meta name=\"twitter:label2\" content=\"Est. tempo de leitura\" \/>\n\t<meta name=\"twitter:data2\" content=\"4 minutos\" \/>\n<script type=\"application\/ld+json\" class=\"yoast-schema-graph\">{\"@context\":\"https:\\\/\\\/schema.org\",\"@graph\":[{\"@type\":\"Article\",\"@id\":\"https:\\\/\\\/regiaonews.net.br\\\/2022\\\/2024\\\/07\\\/12\\\/rebecca-almeida-e-a-rainha-da-festa-do-peao-de-barretos-2024\\\/#article\",\"isPartOf\":{\"@id\":\"https:\\\/\\\/regiaonews.net.br\\\/2022\\\/2024\\\/07\\\/12\\\/rebecca-almeida-e-a-rainha-da-festa-do-peao-de-barretos-2024\\\/\"},\"author\":{\"name\":\"Roberto\",\"@id\":\"https:\\\/\\\/regiaonews.net.br\\\/2022\\\/#\\\/schema\\\/person\\\/2d205a608a5aa97ac279d7a5e6d89ad8\"},\"headline\":\"Rebecca Almeida \u00e9 a rainha da Festa do Pe\u00e3o de Barretos 2024\",\"datePublished\":\"2024-07-13T02:58:10+00:00\",\"mainEntityOfPage\":{\"@id\":\"https:\\\/\\\/regiaonews.net.br\\\/2022\\\/2024\\\/07\\\/12\\\/rebecca-almeida-e-a-rainha-da-festa-do-peao-de-barretos-2024\\\/\"},\"wordCount\":511,\"commentCount\":0,\"publisher\":{\"@id\":\"https:\\\/\\\/regiaonews.net.br\\\/2022\\\/#organization\"},\"image\":{\"@id\":\"https:\\\/\\\/regiaonews.net.br\\\/2022\\\/2024\\\/07\\\/12\\\/rebecca-almeida-e-a-rainha-da-festa-do-peao-de-barretos-2024\\\/#primaryimage\"},\"thumbnailUrl\":\"https:\\\/\\\/regiaonews.net.br\\\/2022\\\/wp-content\\\/uploads\\\/2024\\\/07\\\/IMG-20240712-WA0486.jpg\",\"articleSection\":[\"Barretos\",\"Cidades\",\"Festa do Pe\u00e3o\"],\"inLanguage\":\"pt-BR\",\"potentialAction\":[{\"@type\":\"CommentAction\",\"name\":\"Comment\",\"target\":[\"https:\\\/\\\/regiaonews.net.br\\\/2022\\\/2024\\\/07\\\/12\\\/rebecca-almeida-e-a-rainha-da-festa-do-peao-de-barretos-2024\\\/#respond\"]}]},{\"@type\":\"WebPage\",\"@id\":\"https:\\\/\\\/regiaonews.net.br\\\/2022\\\/2024\\\/07\\\/12\\\/rebecca-almeida-e-a-rainha-da-festa-do-peao-de-barretos-2024\\\/\",\"url\":\"https:\\\/\\\/regiaonews.net.br\\\/2022\\\/2024\\\/07\\\/12\\\/rebecca-almeida-e-a-rainha-da-festa-do-peao-de-barretos-2024\\\/\",\"name\":\"Rebecca Almeida \u00e9 a rainha da Festa do Pe\u00e3o de Barretos 2024 - Regi\u00e3o News\",\"isPartOf\":{\"@id\":\"https:\\\/\\\/regiaonews.net.br\\\/2022\\\/#website\"},\"primaryImageOfPage\":{\"@id\":\"https:\\\/\\\/regiaonews.net.br\\\/2022\\\/2024\\\/07\\\/12\\\/rebecca-almeida-e-a-rainha-da-festa-do-peao-de-barretos-2024\\\/#primaryimage\"},\"image\":{\"@id\":\"https:\\\/\\\/regiaonews.net.br\\\/2022\\\/2024\\\/07\\\/12\\\/rebecca-almeida-e-a-rainha-da-festa-do-peao-de-barretos-2024\\\/#primaryimage\"},\"thumbnailUrl\":\"https:\\\/\\\/regiaonews.net.br\\\/2022\\\/wp-content\\\/uploads\\\/2024\\\/07\\\/IMG-20240712-WA0486.jpg\",\"datePublished\":\"2024-07-13T02:58:10+00:00\",\"breadcrumb\":{\"@id\":\"https:\\\/\\\/regiaonews.net.br\\\/2022\\\/2024\\\/07\\\/12\\\/rebecca-almeida-e-a-rainha-da-festa-do-peao-de-barretos-2024\\\/#breadcrumb\"},\"inLanguage\":\"pt-BR\",\"potentialAction\":[{\"@type\":\"ReadAction\",\"target\":[\"https:\\\/\\\/regiaonews.net.br\\\/2022\\\/2024\\\/07\\\/12\\\/rebecca-almeida-e-a-rainha-da-festa-do-peao-de-barretos-2024\\\/\"]}]},{\"@type\":\"ImageObject\",\"inLanguage\":\"pt-BR\",\"@id\":\"https:\\\/\\\/regiaonews.net.br\\\/2022\\\/2024\\\/07\\\/12\\\/rebecca-almeida-e-a-rainha-da-festa-do-peao-de-barretos-2024\\\/#primaryimage\",\"url\":\"https:\\\/\\\/regiaonews.net.br\\\/2022\\\/wp-content\\\/uploads\\\/2024\\\/07\\\/IMG-20240712-WA0486.jpg\",\"contentUrl\":\"https:\\\/\\\/regiaonews.net.br\\\/2022\\\/wp-content\\\/uploads\\\/2024\\\/07\\\/IMG-20240712-WA0486.jpg\",\"width\":1504,\"height\":1004},{\"@type\":\"BreadcrumbList\",\"@id\":\"https:\\\/\\\/regiaonews.net.br\\\/2022\\\/2024\\\/07\\\/12\\\/rebecca-almeida-e-a-rainha-da-festa-do-peao-de-barretos-2024\\\/#breadcrumb\",\"itemListElement\":[{\"@type\":\"ListItem\",\"position\":1,\"name\":\"In\u00edcio\",\"item\":\"https:\\\/\\\/regiaonews.net.br\\\/2022\\\/\"},{\"@type\":\"ListItem\",\"position\":2,\"name\":\"Rebecca Almeida \u00e9 a rainha da Festa do Pe\u00e3o de Barretos 2024\"}]},{\"@type\":\"WebSite\",\"@id\":\"https:\\\/\\\/regiaonews.net.br\\\/2022\\\/#website\",\"url\":\"https:\\\/\\\/regiaonews.net.br\\\/2022\\\/\",\"name\":\"Regi\u00e3o News\",\"description\":\"Site de Not\u00edcias de Barretos e regi\u00e3o\",\"publisher\":{\"@id\":\"https:\\\/\\\/regiaonews.net.br\\\/2022\\\/#organization\"},\"potentialAction\":[{\"@type\":\"SearchAction\",\"target\":{\"@type\":\"EntryPoint\",\"urlTemplate\":\"https:\\\/\\\/regiaonews.net.br\\\/2022\\\/?s={search_term_string}\"},\"query-input\":{\"@type\":\"PropertyValueSpecification\",\"valueRequired\":true,\"valueName\":\"search_term_string\"}}],\"inLanguage\":\"pt-BR\"},{\"@type\":\"Organization\",\"@id\":\"https:\\\/\\\/regiaonews.net.br\\\/2022\\\/#organization\",\"name\":\"Regi\u00e3o News\",\"url\":\"https:\\\/\\\/regiaonews.net.br\\\/2022\\\/\",\"logo\":{\"@type\":\"ImageObject\",\"inLanguage\":\"pt-BR\",\"@id\":\"https:\\\/\\\/regiaonews.net.br\\\/2022\\\/#\\\/schema\\\/logo\\\/image\\\/\",\"url\":\"https:\\\/\\\/regiaonews.net.br\\\/2022\\\/wp-content\\\/uploads\\\/2026\\\/03\\\/regiao-13-anos-scaled.jpg\",\"contentUrl\":\"https:\\\/\\\/regiaonews.net.br\\\/2022\\\/wp-content\\\/uploads\\\/2026\\\/03\\\/regiao-13-anos-scaled.jpg\",\"width\":2560,\"height\":635,\"caption\":\"Regi\u00e3o News\"},\"image\":{\"@id\":\"https:\\\/\\\/regiaonews.net.br\\\/2022\\\/#\\\/schema\\\/logo\\\/image\\\/\"}},{\"@type\":\"Person\",\"@id\":\"https:\\\/\\\/regiaonews.net.br\\\/2022\\\/#\\\/schema\\\/person\\\/2d205a608a5aa97ac279d7a5e6d89ad8\",\"name\":\"Roberto\",\"image\":{\"@type\":\"ImageObject\",\"inLanguage\":\"pt-BR\",\"@id\":\"https:\\\/\\\/secure.gravatar.com\\\/avatar\\\/42749d8b712ff9d59ca93dc150494e5b55a44134482993f5baeb97e61b7ecc89?s=96&d=mm&r=g\",\"url\":\"https:\\\/\\\/secure.gravatar.com\\\/avatar\\\/42749d8b712ff9d59ca93dc150494e5b55a44134482993f5baeb97e61b7ecc89?s=96&d=mm&r=g\",\"contentUrl\":\"https:\\\/\\\/secure.gravatar.com\\\/avatar\\\/42749d8b712ff9d59ca93dc150494e5b55a44134482993f5baeb97e61b7ecc89?s=96&d=mm&r=g\",\"caption\":\"Roberto\"},\"url\":\"https:\\\/\\\/regiaonews.net.br\\\/2022\\\/author\\\/roberto\\\/\"}]}<\/script>\n<!-- \/ Yoast SEO plugin. -->","yoast_head_json":{"title":"Rebecca Almeida \u00e9 a rainha da Festa do Pe\u00e3o de Barretos 2024 - Regi\u00e3o News","robots":{"index":"index","follow":"follow","max-snippet":"max-snippet:-1","max-image-preview":"max-image-preview:large","max-video-preview":"max-video-preview:-1"},"canonical":"https:\/\/regiaonews.net.br\/2022\/2024\/07\/12\/rebecca-almeida-e-a-rainha-da-festa-do-peao-de-barretos-2024\/","og_locale":"pt_BR","og_type":"article","og_title":"Rebecca Almeida \u00e9 a rainha da Festa do Pe\u00e3o de Barretos 2024 - Regi\u00e3o News","og_description":"Fotos &#8211; Marcio Oliveira &nbsp; A estudante de Odontologia, Rebecca","og_url":"https:\/\/regiaonews.net.br\/2022\/2024\/07\/12\/rebecca-almeida-e-a-rainha-da-festa-do-peao-de-barretos-2024\/","og_site_name":"Regi\u00e3o News","article_published_time":"2024-07-13T02:58:10+00:00","og_image":[{"width":1504,"height":1004,"url":"https:\/\/regiaonews.net.br\/2022\/wp-content\/uploads\/2024\/07\/IMG-20240712-WA0486.jpg","type":"image\/jpeg"}],"author":"Roberto","twitter_card":"summary_large_image","twitter_misc":{"Escrito por":"Roberto","Est. tempo de leitura":"4 minutos"},"schema":{"@context":"https:\/\/schema.org","@graph":[{"@type":"Article","@id":"https:\/\/regiaonews.net.br\/2022\/2024\/07\/12\/rebecca-almeida-e-a-rainha-da-festa-do-peao-de-barretos-2024\/#article","isPartOf":{"@id":"https:\/\/regiaonews.net.br\/2022\/2024\/07\/12\/rebecca-almeida-e-a-rainha-da-festa-do-peao-de-barretos-2024\/"},"author":{"name":"Roberto","@id":"https:\/\/regiaonews.net.br\/2022\/#\/schema\/person\/2d205a608a5aa97ac279d7a5e6d89ad8"},"headline":"Rebecca Almeida \u00e9 a rainha da Festa do Pe\u00e3o de Barretos 2024","datePublished":"2024-07-13T02:58:10+00:00","mainEntityOfPage":{"@id":"https:\/\/regiaonews.net.br\/2022\/2024\/07\/12\/rebecca-almeida-e-a-rainha-da-festa-do-peao-de-barretos-2024\/"},"wordCount":511,"commentCount":0,"publisher":{"@id":"https:\/\/regiaonews.net.br\/2022\/#organization"},"image":{"@id":"https:\/\/regiaonews.net.br\/2022\/2024\/07\/12\/rebecca-almeida-e-a-rainha-da-festa-do-peao-de-barretos-2024\/#primaryimage"},"thumbnailUrl":"https:\/\/regiaonews.net.br\/2022\/wp-content\/uploads\/2024\/07\/IMG-20240712-WA0486.jpg","articleSection":["Barretos","Cidades","Festa do Pe\u00e3o"],"inLanguage":"pt-BR","potentialAction":[{"@type":"CommentAction","name":"Comment","target":["https:\/\/regiaonews.net.br\/2022\/2024\/07\/12\/rebecca-almeida-e-a-rainha-da-festa-do-peao-de-barretos-2024\/#respond"]}]},{"@type":"WebPage","@id":"https:\/\/regiaonews.net.br\/2022\/2024\/07\/12\/rebecca-almeida-e-a-rainha-da-festa-do-peao-de-barretos-2024\/","url":"https:\/\/regiaonews.net.br\/2022\/2024\/07\/12\/rebecca-almeida-e-a-rainha-da-festa-do-peao-de-barretos-2024\/","name":"Rebecca Almeida \u00e9 a rainha da Festa do Pe\u00e3o de Barretos 2024 - Regi\u00e3o News","isPartOf":{"@id":"https:\/\/regiaonews.net.br\/2022\/#website"},"primaryImageOfPage":{"@id":"https:\/\/regiaonews.net.br\/2022\/2024\/07\/12\/rebecca-almeida-e-a-rainha-da-festa-do-peao-de-barretos-2024\/#primaryimage"},"image":{"@id":"https:\/\/regiaonews.net.br\/2022\/2024\/07\/12\/rebecca-almeida-e-a-rainha-da-festa-do-peao-de-barretos-2024\/#primaryimage"},"thumbnailUrl":"https:\/\/regiaonews.net.br\/2022\/wp-content\/uploads\/2024\/07\/IMG-20240712-WA0486.jpg","datePublished":"2024-07-13T02:58:10+00:00","breadcrumb":{"@id":"https:\/\/regiaonews.net.br\/2022\/2024\/07\/12\/rebecca-almeida-e-a-rainha-da-festa-do-peao-de-barretos-2024\/#breadcrumb"},"inLanguage":"pt-BR","potentialAction":[{"@type":"ReadAction","target":["https:\/\/regiaonews.net.br\/2022\/2024\/07\/12\/rebecca-almeida-e-a-rainha-da-festa-do-peao-de-barretos-2024\/"]}]},{"@type":"ImageObject","inLanguage":"pt-BR","@id":"https:\/\/regiaonews.net.br\/2022\/2024\/07\/12\/rebecca-almeida-e-a-rainha-da-festa-do-peao-de-barretos-2024\/#primaryimage","url":"https:\/\/regiaonews.net.br\/2022\/wp-content\/uploads\/2024\/07\/IMG-20240712-WA0486.jpg","contentUrl":"https:\/\/regiaonews.net.br\/2022\/wp-content\/uploads\/2024\/07\/IMG-20240712-WA0486.jpg","width":1504,"height":1004},{"@type":"BreadcrumbList","@id":"https:\/\/regiaonews.net.br\/2022\/2024\/07\/12\/rebecca-almeida-e-a-rainha-da-festa-do-peao-de-barretos-2024\/#breadcrumb","itemListElement":[{"@type":"ListItem","position":1,"name":"In\u00edcio","item":"https:\/\/regiaonews.net.br\/2022\/"},{"@type":"ListItem","position":2,"name":"Rebecca Almeida \u00e9 a rainha da Festa do Pe\u00e3o de Barretos 2024"}]},{"@type":"WebSite","@id":"https:\/\/regiaonews.net.br\/2022\/#website","url":"https:\/\/regiaonews.net.br\/2022\/","name":"Regi\u00e3o News","description":"Site de Not\u00edcias de Barretos e regi\u00e3o","publisher":{"@id":"https:\/\/regiaonews.net.br\/2022\/#organization"},"potentialAction":[{"@type":"SearchAction","target":{"@type":"EntryPoint","urlTemplate":"https:\/\/regiaonews.net.br\/2022\/?s={search_term_string}"},"query-input":{"@type":"PropertyValueSpecification","valueRequired":true,"valueName":"search_term_string"}}],"inLanguage":"pt-BR"},{"@type":"Organization","@id":"https:\/\/regiaonews.net.br\/2022\/#organization","name":"Regi\u00e3o News","url":"https:\/\/regiaonews.net.br\/2022\/","logo":{"@type":"ImageObject","inLanguage":"pt-BR","@id":"https:\/\/regiaonews.net.br\/2022\/#\/schema\/logo\/image\/","url":"https:\/\/regiaonews.net.br\/2022\/wp-content\/uploads\/2026\/03\/regiao-13-anos-scaled.jpg","contentUrl":"https:\/\/regiaonews.net.br\/2022\/wp-content\/uploads\/2026\/03\/regiao-13-anos-scaled.jpg","width":2560,"height":635,"caption":"Regi\u00e3o News"},"image":{"@id":"https:\/\/regiaonews.net.br\/2022\/#\/schema\/logo\/image\/"}},{"@type":"Person","@id":"https:\/\/regiaonews.net.br\/2022\/#\/schema\/person\/2d205a608a5aa97ac279d7a5e6d89ad8","name":"Roberto","image":{"@type":"ImageObject","inLanguage":"pt-BR","@id":"https:\/\/secure.gravatar.com\/avatar\/42749d8b712ff9d59ca93dc150494e5b55a44134482993f5baeb97e61b7ecc89?s=96&d=mm&r=g","url":"https:\/\/secure.gravatar.com\/avatar\/42749d8b712ff9d59ca93dc150494e5b55a44134482993f5baeb97e61b7ecc89?s=96&d=mm&r=g","contentUrl":"https:\/\/secure.gravatar.com\/avatar\/42749d8b712ff9d59ca93dc150494e5b55a44134482993f5baeb97e61b7ecc89?s=96&d=mm&r=g","caption":"Roberto"},"url":"https:\/\/regiaonews.net.br\/2022\/author\/roberto\/"}]}},"publishpress_future_action":{"enabled":false,"date":"2026-05-03 02:52:29","action":"change-status","newStatus":"draft","terms":[],"taxonomy":"category","extraData":[]},"publishpress_future_workflow_manual_trigger":{"enabledWorkflows":[]},"_links":{"self":[{"href":"https:\/\/regiaonews.net.br\/2022\/wp-json\/wp\/v2\/posts\/107616","targetHints":{"allow":["GET"]}}],"collection":[{"href":"https:\/\/regiaonews.net.br\/2022\/wp-json\/wp\/v2\/posts"}],"about":[{"href":"https:\/\/regiaonews.net.br\/2022\/wp-json\/wp\/v2\/types\/post"}],"author":[{"embeddable":true,"href":"https:\/\/regiaonews.net.br\/2022\/wp-json\/wp\/v2\/users\/2"}],"replies":[{"embeddable":true,"href":"https:\/\/regiaonews.net.br\/2022\/wp-json\/wp\/v2\/comments?post=107616"}],"version-history":[{"count":1,"href":"https:\/\/regiaonews.net.br\/2022\/wp-json\/wp\/v2\/posts\/107616\/revisions"}],"predecessor-version":[{"id":107620,"href":"https:\/\/regiaonews.net.br\/2022\/wp-json\/wp\/v2\/posts\/107616\/revisions\/107620"}],"wp:featuredmedia":[{"embeddable":true,"href":"https:\/\/regiaonews.net.br\/2022\/wp-json\/wp\/v2\/media\/107618"}],"wp:attachment":[{"href":"https:\/\/regiaonews.net.br\/2022\/wp-json\/wp\/v2\/media?parent=107616"}],"wp:term":[{"taxonomy":"category","embeddable":true,"href":"https:\/\/regiaonews.net.br\/2022\/wp-json\/wp\/v2\/categories?post=107616"},{"taxonomy":"post_tag","embeddable":true,"href":"https:\/\/regiaonews.net.br\/2022\/wp-json\/wp\/v2\/tags?post=107616"}],"curies":[{"name":"wp","href":"https:\/\/api.w.org\/{rel}","templated":true}]}}