{"id":107593,"date":"2024-07-12T16:25:19","date_gmt":"2024-07-12T19:25:19","guid":{"rendered":"https:\/\/regiaonews.net.br\/2022\/?p=107593"},"modified":"2024-07-12T16:25:19","modified_gmt":"2024-07-12T19:25:19","slug":"campanha-de-vacinacao-contra-gripe-termina-neste-domingo-14","status":"publish","type":"post","link":"https:\/\/regiaonews.net.br\/2022\/2024\/07\/12\/campanha-de-vacinacao-contra-gripe-termina-neste-domingo-14\/","title":{"rendered":"Campanha de vacina\u00e7\u00e3o contra gripe termina neste domingo (14)"},"content":{"rendered":"<h3 class=\"excerpt\" style=\"text-align: center;\">Imunizante est\u00e1 dispon\u00edvel nas UBSs e \u00e9 a melhor forma de preven\u00e7\u00e3o contra os quadros gripais<\/h3>\n<p>A campanha de vacina\u00e7\u00e3o contra influenza, disponibilizada pelo Governo de S\u00e3o Paulo, por meio da Secretaria de Estado da Sa\u00fade (SES), encerra no pr\u00f3ximo domingo (14), por isso, para garantir a prote\u00e7\u00e3o, basta comparecer a uma Unidade B\u00e1sica de Sa\u00fade (UBS) mais pr\u00f3xima de sua casa.<\/p>\n<p>Considerada a forma de preven\u00e7\u00e3o mais eficaz contra a gripe, a vacina \u00e9 voltada para toda a popula\u00e7\u00e3o acima dos 6 meses de idade. Aqueles que se vacinaram no ano passado, devem refor\u00e7ar a imuniza\u00e7\u00e3o novamente, pois o v\u00edrus passa por modifica\u00e7\u00f5es, criando a necessidade de seguir o esquema vacinal anualmente. Vale refor\u00e7ar que os compostas das doses aplicadas ajudam a proteger contra as cepas atuais. A a\u00e7\u00e3o divulgada pela SES nos 645 munic\u00edpios paulistas aplicou, at\u00e9 4 de julho, um total de 9.157.311 doses.<\/p>\n<p>Os casos de problemas respirat\u00f3rios como gripe, rinite e sinusite s\u00e3o intensificados nos per\u00edodos de inverno devido \u00e0s baixas temperaturas e clima seco. Para crian\u00e7as e idosos, as doen\u00e7as podem ser ainda mais graves por conta do sistema imunol\u00f3gico mais fr\u00e1gil, levando a demais complica\u00e7\u00f5es, interna\u00e7\u00f5es e at\u00e9 mesmo \u00f3bito.<\/p>\n<p>De acordo com a diretora do Centro de Vigil\u00e2ncia Epidemiol\u00f3gica (CVE) da SES, Tatiana Lang, em cerca de 10 meses ap\u00f3s se vacinar, a prote\u00e7\u00e3o come\u00e7a a cair, por isso, a import\u00e2ncia de refor\u00e7ar a imunidade e evitar o agravamento das s\u00edndromes respirat\u00f3rias. \u201cO objetivo da vacina contra gripe \u00e9 reduzir a circula\u00e7\u00e3o do v\u00edrus e consequentemente, o risco de morte, tendo em vista os casos que evoluem para pneumonia\u201d.<\/p>\n<h2>Quais os sintomas de uma s\u00edndrome gripal?<\/h2>\n<p>Os indiv\u00edduos podem ser acometidos por pelo menos dois dos seguintes sintomas: febre, calafrios, dor de garganta, dor de cabe\u00e7a, tosse, coriza, dist\u00farbios olfativos ou gustativos.<\/p>\n<p>Em crian\u00e7as menores de dois anos de idade \u00e9 comum apresentar sintomas como, tosse, coriza e obstru\u00e7\u00e3o nasal. A maioria dos sinais costumam melhorar ap\u00f3s uma semana, j\u00e1 a febre tem dura\u00e7\u00e3o de 2 a 3 dias ap\u00f3s o in\u00edcio da doen\u00e7a. A fadiga, a tosse e o mal-estar podem persistir por algumas semanas.<\/p>\n<p>Em adultos infectados, o v\u00edrus influenza \u00e9 transmiss\u00edvel nas 24 horas antes do in\u00edcio dos sintomas e em at\u00e9 3 dias ap\u00f3s o final da febre. As crian\u00e7as e os pacientes com sistema imunol\u00f3gico enfraquecido podem transmitir o v\u00edrus por mais tempo.<\/p>\n<h2>Como se prevenir contra os v\u00edrus respirat\u00f3rios?<\/h2>\n<p>Al\u00e9m de manter a caderneta vacinal em dia, tamb\u00e9m \u00e9 fundamental seguir algumas regras como:<\/p>\n<ul>\n<li>Higieniza\u00e7\u00e3o frequente das m\u00e3os e objetos;<\/li>\n<li>Mantenha o ambiente arejado;<\/li>\n<li>Beber bastante \u00e1gua e manter-se hidratado;<\/li>\n<li>Ter uma alimenta\u00e7\u00e3o saud\u00e1vel e rica em frutas, verduras e legumes;<\/li>\n<li>Refor\u00e7ar a imunidade;<\/li>\n<li>Manter o ambiente domiciliar limpo e livre de poeiras e mofos;<\/li>\n<li>Suplementa\u00e7\u00e3o de vitaminas e minerais, se necess\u00e1rio.<\/li>\n<\/ul>\n<h2>Tem alguma d\u00favida sobre a vacina\u00e7\u00e3o?<\/h2>\n<p>O Governo de S\u00e3o Paulo, por meio da SES\/SP, criou o portal \u201cVacina 100 D\u00favidas\u201d com as perguntas mais frequentes sobre vacina\u00e7\u00e3o nos buscadores da internet. A plataforma esclarece quest\u00f5es como efeitos colaterais, efic\u00e1cia das vacinas, doen\u00e7as imunopreven\u00edveis e quais os perigos ao n\u00e3o se imunizar. O acesso est\u00e1 dispon\u00edvel no link:\u00a0<a href=\"https:\/\/www.vacina100duvidas.sp.gov.br\/\" target=\"_blank\" rel=\"noopener noreferrer\">https:\/\/www.vacina100duvidas.sp.gov.br\/<\/a><\/p>\n","protected":false},"excerpt":{"rendered":"<p>Imunizante est\u00e1 dispon\u00edvel nas UBSs e \u00e9 a melhor forma<\/p>\n","protected":false},"author":2,"featured_media":107594,"comment_status":"open","ping_status":"open","sticky":false,"template":"","format":"standard","meta":{"footnotes":""},"categories":[7,3],"tags":[],"class_list":["post-107593","post","type-post","status-publish","format-standard","has-post-thumbnail","hentry","category-estado-de-sao-paulo","category-geral"],"yoast_head":"<!-- This site is optimized with the Yoast SEO plugin v27.4 - https:\/\/yoast.com\/product\/yoast-seo-wordpress\/ -->\n<title>Campanha de vacina\u00e7\u00e3o contra gripe termina neste domingo (14) - Regi\u00e3o News<\/title>\n<meta name=\"robots\" content=\"index, follow, max-snippet:-1, max-image-preview:large, max-video-preview:-1\" \/>\n<link rel=\"canonical\" href=\"https:\/\/regiaonews.net.br\/2022\/2024\/07\/12\/campanha-de-vacinacao-contra-gripe-termina-neste-domingo-14\/\" \/>\n<meta property=\"og:locale\" content=\"pt_BR\" \/>\n<meta property=\"og:type\" content=\"article\" \/>\n<meta property=\"og:title\" content=\"Campanha de vacina\u00e7\u00e3o contra gripe termina neste domingo (14) - Regi\u00e3o News\" \/>\n<meta property=\"og:description\" content=\"Imunizante est\u00e1 dispon\u00edvel nas UBSs e \u00e9 a melhor forma\" \/>\n<meta property=\"og:url\" content=\"https:\/\/regiaonews.net.br\/2022\/2024\/07\/12\/campanha-de-vacinacao-contra-gripe-termina-neste-domingo-14\/\" \/>\n<meta property=\"og:site_name\" content=\"Regi\u00e3o News\" \/>\n<meta property=\"article:published_time\" content=\"2024-07-12T19:25:19+00:00\" \/>\n<meta property=\"og:image\" content=\"https:\/\/regiaonews.net.br\/2022\/wp-content\/uploads\/2024\/07\/Vacinacaoinfluenza_interna-1.jpg\" \/>\n\t<meta property=\"og:image:width\" content=\"750\" \/>\n\t<meta property=\"og:image:height\" content=\"500\" \/>\n\t<meta property=\"og:image:type\" content=\"image\/jpeg\" \/>\n<meta name=\"author\" content=\"Roberto\" \/>\n<meta name=\"twitter:card\" content=\"summary_large_image\" \/>\n<meta name=\"twitter:label1\" content=\"Escrito por\" \/>\n\t<meta name=\"twitter:data1\" content=\"Roberto\" \/>\n\t<meta name=\"twitter:label2\" content=\"Est. tempo de leitura\" \/>\n\t<meta name=\"twitter:data2\" content=\"3 minutos\" \/>\n<script type=\"application\/ld+json\" class=\"yoast-schema-graph\">{\"@context\":\"https:\\\/\\\/schema.org\",\"@graph\":[{\"@type\":\"Article\",\"@id\":\"https:\\\/\\\/regiaonews.net.br\\\/2022\\\/2024\\\/07\\\/12\\\/campanha-de-vacinacao-contra-gripe-termina-neste-domingo-14\\\/#article\",\"isPartOf\":{\"@id\":\"https:\\\/\\\/regiaonews.net.br\\\/2022\\\/2024\\\/07\\\/12\\\/campanha-de-vacinacao-contra-gripe-termina-neste-domingo-14\\\/\"},\"author\":{\"name\":\"Roberto\",\"@id\":\"https:\\\/\\\/regiaonews.net.br\\\/2022\\\/#\\\/schema\\\/person\\\/2d205a608a5aa97ac279d7a5e6d89ad8\"},\"headline\":\"Campanha de vacina\u00e7\u00e3o contra gripe termina neste domingo (14)\",\"datePublished\":\"2024-07-12T19:25:19+00:00\",\"mainEntityOfPage\":{\"@id\":\"https:\\\/\\\/regiaonews.net.br\\\/2022\\\/2024\\\/07\\\/12\\\/campanha-de-vacinacao-contra-gripe-termina-neste-domingo-14\\\/\"},\"wordCount\":603,\"commentCount\":0,\"publisher\":{\"@id\":\"https:\\\/\\\/regiaonews.net.br\\\/2022\\\/#organization\"},\"image\":{\"@id\":\"https:\\\/\\\/regiaonews.net.br\\\/2022\\\/2024\\\/07\\\/12\\\/campanha-de-vacinacao-contra-gripe-termina-neste-domingo-14\\\/#primaryimage\"},\"thumbnailUrl\":\"https:\\\/\\\/regiaonews.net.br\\\/2022\\\/wp-content\\\/uploads\\\/2024\\\/07\\\/Vacinacaoinfluenza_interna-1.jpg\",\"articleSection\":[\"Estado de S\u00e3o Paulo\",\"Geral\"],\"inLanguage\":\"pt-BR\",\"potentialAction\":[{\"@type\":\"CommentAction\",\"name\":\"Comment\",\"target\":[\"https:\\\/\\\/regiaonews.net.br\\\/2022\\\/2024\\\/07\\\/12\\\/campanha-de-vacinacao-contra-gripe-termina-neste-domingo-14\\\/#respond\"]}]},{\"@type\":\"WebPage\",\"@id\":\"https:\\\/\\\/regiaonews.net.br\\\/2022\\\/2024\\\/07\\\/12\\\/campanha-de-vacinacao-contra-gripe-termina-neste-domingo-14\\\/\",\"url\":\"https:\\\/\\\/regiaonews.net.br\\\/2022\\\/2024\\\/07\\\/12\\\/campanha-de-vacinacao-contra-gripe-termina-neste-domingo-14\\\/\",\"name\":\"Campanha de vacina\u00e7\u00e3o contra gripe termina neste domingo (14) - Regi\u00e3o News\",\"isPartOf\":{\"@id\":\"https:\\\/\\\/regiaonews.net.br\\\/2022\\\/#website\"},\"primaryImageOfPage\":{\"@id\":\"https:\\\/\\\/regiaonews.net.br\\\/2022\\\/2024\\\/07\\\/12\\\/campanha-de-vacinacao-contra-gripe-termina-neste-domingo-14\\\/#primaryimage\"},\"image\":{\"@id\":\"https:\\\/\\\/regiaonews.net.br\\\/2022\\\/2024\\\/07\\\/12\\\/campanha-de-vacinacao-contra-gripe-termina-neste-domingo-14\\\/#primaryimage\"},\"thumbnailUrl\":\"https:\\\/\\\/regiaonews.net.br\\\/2022\\\/wp-content\\\/uploads\\\/2024\\\/07\\\/Vacinacaoinfluenza_interna-1.jpg\",\"datePublished\":\"2024-07-12T19:25:19+00:00\",\"breadcrumb\":{\"@id\":\"https:\\\/\\\/regiaonews.net.br\\\/2022\\\/2024\\\/07\\\/12\\\/campanha-de-vacinacao-contra-gripe-termina-neste-domingo-14\\\/#breadcrumb\"},\"inLanguage\":\"pt-BR\",\"potentialAction\":[{\"@type\":\"ReadAction\",\"target\":[\"https:\\\/\\\/regiaonews.net.br\\\/2022\\\/2024\\\/07\\\/12\\\/campanha-de-vacinacao-contra-gripe-termina-neste-domingo-14\\\/\"]}]},{\"@type\":\"ImageObject\",\"inLanguage\":\"pt-BR\",\"@id\":\"https:\\\/\\\/regiaonews.net.br\\\/2022\\\/2024\\\/07\\\/12\\\/campanha-de-vacinacao-contra-gripe-termina-neste-domingo-14\\\/#primaryimage\",\"url\":\"https:\\\/\\\/regiaonews.net.br\\\/2022\\\/wp-content\\\/uploads\\\/2024\\\/07\\\/Vacinacaoinfluenza_interna-1.jpg\",\"contentUrl\":\"https:\\\/\\\/regiaonews.net.br\\\/2022\\\/wp-content\\\/uploads\\\/2024\\\/07\\\/Vacinacaoinfluenza_interna-1.jpg\",\"width\":750,\"height\":500},{\"@type\":\"BreadcrumbList\",\"@id\":\"https:\\\/\\\/regiaonews.net.br\\\/2022\\\/2024\\\/07\\\/12\\\/campanha-de-vacinacao-contra-gripe-termina-neste-domingo-14\\\/#breadcrumb\",\"itemListElement\":[{\"@type\":\"ListItem\",\"position\":1,\"name\":\"In\u00edcio\",\"item\":\"https:\\\/\\\/regiaonews.net.br\\\/2022\\\/\"},{\"@type\":\"ListItem\",\"position\":2,\"name\":\"Campanha de vacina\u00e7\u00e3o contra gripe termina neste domingo (14)\"}]},{\"@type\":\"WebSite\",\"@id\":\"https:\\\/\\\/regiaonews.net.br\\\/2022\\\/#website\",\"url\":\"https:\\\/\\\/regiaonews.net.br\\\/2022\\\/\",\"name\":\"Regi\u00e3o News\",\"description\":\"Site de Not\u00edcias de Barretos e regi\u00e3o\",\"publisher\":{\"@id\":\"https:\\\/\\\/regiaonews.net.br\\\/2022\\\/#organization\"},\"potentialAction\":[{\"@type\":\"SearchAction\",\"target\":{\"@type\":\"EntryPoint\",\"urlTemplate\":\"https:\\\/\\\/regiaonews.net.br\\\/2022\\\/?s={search_term_string}\"},\"query-input\":{\"@type\":\"PropertyValueSpecification\",\"valueRequired\":true,\"valueName\":\"search_term_string\"}}],\"inLanguage\":\"pt-BR\"},{\"@type\":\"Organization\",\"@id\":\"https:\\\/\\\/regiaonews.net.br\\\/2022\\\/#organization\",\"name\":\"Regi\u00e3o News\",\"url\":\"https:\\\/\\\/regiaonews.net.br\\\/2022\\\/\",\"logo\":{\"@type\":\"ImageObject\",\"inLanguage\":\"pt-BR\",\"@id\":\"https:\\\/\\\/regiaonews.net.br\\\/2022\\\/#\\\/schema\\\/logo\\\/image\\\/\",\"url\":\"https:\\\/\\\/regiaonews.net.br\\\/2022\\\/wp-content\\\/uploads\\\/2026\\\/03\\\/regiao-13-anos-scaled.jpg\",\"contentUrl\":\"https:\\\/\\\/regiaonews.net.br\\\/2022\\\/wp-content\\\/uploads\\\/2026\\\/03\\\/regiao-13-anos-scaled.jpg\",\"width\":2560,\"height\":635,\"caption\":\"Regi\u00e3o News\"},\"image\":{\"@id\":\"https:\\\/\\\/regiaonews.net.br\\\/2022\\\/#\\\/schema\\\/logo\\\/image\\\/\"}},{\"@type\":\"Person\",\"@id\":\"https:\\\/\\\/regiaonews.net.br\\\/2022\\\/#\\\/schema\\\/person\\\/2d205a608a5aa97ac279d7a5e6d89ad8\",\"name\":\"Roberto\",\"image\":{\"@type\":\"ImageObject\",\"inLanguage\":\"pt-BR\",\"@id\":\"https:\\\/\\\/secure.gravatar.com\\\/avatar\\\/42749d8b712ff9d59ca93dc150494e5b55a44134482993f5baeb97e61b7ecc89?s=96&d=mm&r=g\",\"url\":\"https:\\\/\\\/secure.gravatar.com\\\/avatar\\\/42749d8b712ff9d59ca93dc150494e5b55a44134482993f5baeb97e61b7ecc89?s=96&d=mm&r=g\",\"contentUrl\":\"https:\\\/\\\/secure.gravatar.com\\\/avatar\\\/42749d8b712ff9d59ca93dc150494e5b55a44134482993f5baeb97e61b7ecc89?s=96&d=mm&r=g\",\"caption\":\"Roberto\"},\"url\":\"https:\\\/\\\/regiaonews.net.br\\\/2022\\\/author\\\/roberto\\\/\"}]}<\/script>\n<!-- \/ Yoast SEO plugin. -->","yoast_head_json":{"title":"Campanha de vacina\u00e7\u00e3o contra gripe termina neste domingo (14) - Regi\u00e3o News","robots":{"index":"index","follow":"follow","max-snippet":"max-snippet:-1","max-image-preview":"max-image-preview:large","max-video-preview":"max-video-preview:-1"},"canonical":"https:\/\/regiaonews.net.br\/2022\/2024\/07\/12\/campanha-de-vacinacao-contra-gripe-termina-neste-domingo-14\/","og_locale":"pt_BR","og_type":"article","og_title":"Campanha de vacina\u00e7\u00e3o contra gripe termina neste domingo (14) - Regi\u00e3o News","og_description":"Imunizante est\u00e1 dispon\u00edvel nas UBSs e \u00e9 a melhor forma","og_url":"https:\/\/regiaonews.net.br\/2022\/2024\/07\/12\/campanha-de-vacinacao-contra-gripe-termina-neste-domingo-14\/","og_site_name":"Regi\u00e3o News","article_published_time":"2024-07-12T19:25:19+00:00","og_image":[{"width":750,"height":500,"url":"https:\/\/regiaonews.net.br\/2022\/wp-content\/uploads\/2024\/07\/Vacinacaoinfluenza_interna-1.jpg","type":"image\/jpeg"}],"author":"Roberto","twitter_card":"summary_large_image","twitter_misc":{"Escrito por":"Roberto","Est. tempo de leitura":"3 minutos"},"schema":{"@context":"https:\/\/schema.org","@graph":[{"@type":"Article","@id":"https:\/\/regiaonews.net.br\/2022\/2024\/07\/12\/campanha-de-vacinacao-contra-gripe-termina-neste-domingo-14\/#article","isPartOf":{"@id":"https:\/\/regiaonews.net.br\/2022\/2024\/07\/12\/campanha-de-vacinacao-contra-gripe-termina-neste-domingo-14\/"},"author":{"name":"Roberto","@id":"https:\/\/regiaonews.net.br\/2022\/#\/schema\/person\/2d205a608a5aa97ac279d7a5e6d89ad8"},"headline":"Campanha de vacina\u00e7\u00e3o contra gripe termina neste domingo (14)","datePublished":"2024-07-12T19:25:19+00:00","mainEntityOfPage":{"@id":"https:\/\/regiaonews.net.br\/2022\/2024\/07\/12\/campanha-de-vacinacao-contra-gripe-termina-neste-domingo-14\/"},"wordCount":603,"commentCount":0,"publisher":{"@id":"https:\/\/regiaonews.net.br\/2022\/#organization"},"image":{"@id":"https:\/\/regiaonews.net.br\/2022\/2024\/07\/12\/campanha-de-vacinacao-contra-gripe-termina-neste-domingo-14\/#primaryimage"},"thumbnailUrl":"https:\/\/regiaonews.net.br\/2022\/wp-content\/uploads\/2024\/07\/Vacinacaoinfluenza_interna-1.jpg","articleSection":["Estado de S\u00e3o Paulo","Geral"],"inLanguage":"pt-BR","potentialAction":[{"@type":"CommentAction","name":"Comment","target":["https:\/\/regiaonews.net.br\/2022\/2024\/07\/12\/campanha-de-vacinacao-contra-gripe-termina-neste-domingo-14\/#respond"]}]},{"@type":"WebPage","@id":"https:\/\/regiaonews.net.br\/2022\/2024\/07\/12\/campanha-de-vacinacao-contra-gripe-termina-neste-domingo-14\/","url":"https:\/\/regiaonews.net.br\/2022\/2024\/07\/12\/campanha-de-vacinacao-contra-gripe-termina-neste-domingo-14\/","name":"Campanha de vacina\u00e7\u00e3o contra gripe termina neste domingo (14) - Regi\u00e3o News","isPartOf":{"@id":"https:\/\/regiaonews.net.br\/2022\/#website"},"primaryImageOfPage":{"@id":"https:\/\/regiaonews.net.br\/2022\/2024\/07\/12\/campanha-de-vacinacao-contra-gripe-termina-neste-domingo-14\/#primaryimage"},"image":{"@id":"https:\/\/regiaonews.net.br\/2022\/2024\/07\/12\/campanha-de-vacinacao-contra-gripe-termina-neste-domingo-14\/#primaryimage"},"thumbnailUrl":"https:\/\/regiaonews.net.br\/2022\/wp-content\/uploads\/2024\/07\/Vacinacaoinfluenza_interna-1.jpg","datePublished":"2024-07-12T19:25:19+00:00","breadcrumb":{"@id":"https:\/\/regiaonews.net.br\/2022\/2024\/07\/12\/campanha-de-vacinacao-contra-gripe-termina-neste-domingo-14\/#breadcrumb"},"inLanguage":"pt-BR","potentialAction":[{"@type":"ReadAction","target":["https:\/\/regiaonews.net.br\/2022\/2024\/07\/12\/campanha-de-vacinacao-contra-gripe-termina-neste-domingo-14\/"]}]},{"@type":"ImageObject","inLanguage":"pt-BR","@id":"https:\/\/regiaonews.net.br\/2022\/2024\/07\/12\/campanha-de-vacinacao-contra-gripe-termina-neste-domingo-14\/#primaryimage","url":"https:\/\/regiaonews.net.br\/2022\/wp-content\/uploads\/2024\/07\/Vacinacaoinfluenza_interna-1.jpg","contentUrl":"https:\/\/regiaonews.net.br\/2022\/wp-content\/uploads\/2024\/07\/Vacinacaoinfluenza_interna-1.jpg","width":750,"height":500},{"@type":"BreadcrumbList","@id":"https:\/\/regiaonews.net.br\/2022\/2024\/07\/12\/campanha-de-vacinacao-contra-gripe-termina-neste-domingo-14\/#breadcrumb","itemListElement":[{"@type":"ListItem","position":1,"name":"In\u00edcio","item":"https:\/\/regiaonews.net.br\/2022\/"},{"@type":"ListItem","position":2,"name":"Campanha de vacina\u00e7\u00e3o contra gripe termina neste domingo (14)"}]},{"@type":"WebSite","@id":"https:\/\/regiaonews.net.br\/2022\/#website","url":"https:\/\/regiaonews.net.br\/2022\/","name":"Regi\u00e3o News","description":"Site de Not\u00edcias de Barretos e regi\u00e3o","publisher":{"@id":"https:\/\/regiaonews.net.br\/2022\/#organization"},"potentialAction":[{"@type":"SearchAction","target":{"@type":"EntryPoint","urlTemplate":"https:\/\/regiaonews.net.br\/2022\/?s={search_term_string}"},"query-input":{"@type":"PropertyValueSpecification","valueRequired":true,"valueName":"search_term_string"}}],"inLanguage":"pt-BR"},{"@type":"Organization","@id":"https:\/\/regiaonews.net.br\/2022\/#organization","name":"Regi\u00e3o News","url":"https:\/\/regiaonews.net.br\/2022\/","logo":{"@type":"ImageObject","inLanguage":"pt-BR","@id":"https:\/\/regiaonews.net.br\/2022\/#\/schema\/logo\/image\/","url":"https:\/\/regiaonews.net.br\/2022\/wp-content\/uploads\/2026\/03\/regiao-13-anos-scaled.jpg","contentUrl":"https:\/\/regiaonews.net.br\/2022\/wp-content\/uploads\/2026\/03\/regiao-13-anos-scaled.jpg","width":2560,"height":635,"caption":"Regi\u00e3o News"},"image":{"@id":"https:\/\/regiaonews.net.br\/2022\/#\/schema\/logo\/image\/"}},{"@type":"Person","@id":"https:\/\/regiaonews.net.br\/2022\/#\/schema\/person\/2d205a608a5aa97ac279d7a5e6d89ad8","name":"Roberto","image":{"@type":"ImageObject","inLanguage":"pt-BR","@id":"https:\/\/secure.gravatar.com\/avatar\/42749d8b712ff9d59ca93dc150494e5b55a44134482993f5baeb97e61b7ecc89?s=96&d=mm&r=g","url":"https:\/\/secure.gravatar.com\/avatar\/42749d8b712ff9d59ca93dc150494e5b55a44134482993f5baeb97e61b7ecc89?s=96&d=mm&r=g","contentUrl":"https:\/\/secure.gravatar.com\/avatar\/42749d8b712ff9d59ca93dc150494e5b55a44134482993f5baeb97e61b7ecc89?s=96&d=mm&r=g","caption":"Roberto"},"url":"https:\/\/regiaonews.net.br\/2022\/author\/roberto\/"}]}},"publishpress_future_action":{"enabled":false,"date":"2026-05-03 06:47:31","action":"change-status","newStatus":"draft","terms":[],"taxonomy":"category","extraData":[]},"publishpress_future_workflow_manual_trigger":{"enabledWorkflows":[]},"_links":{"self":[{"href":"https:\/\/regiaonews.net.br\/2022\/wp-json\/wp\/v2\/posts\/107593","targetHints":{"allow":["GET"]}}],"collection":[{"href":"https:\/\/regiaonews.net.br\/2022\/wp-json\/wp\/v2\/posts"}],"about":[{"href":"https:\/\/regiaonews.net.br\/2022\/wp-json\/wp\/v2\/types\/post"}],"author":[{"embeddable":true,"href":"https:\/\/regiaonews.net.br\/2022\/wp-json\/wp\/v2\/users\/2"}],"replies":[{"embeddable":true,"href":"https:\/\/regiaonews.net.br\/2022\/wp-json\/wp\/v2\/comments?post=107593"}],"version-history":[{"count":1,"href":"https:\/\/regiaonews.net.br\/2022\/wp-json\/wp\/v2\/posts\/107593\/revisions"}],"predecessor-version":[{"id":107595,"href":"https:\/\/regiaonews.net.br\/2022\/wp-json\/wp\/v2\/posts\/107593\/revisions\/107595"}],"wp:featuredmedia":[{"embeddable":true,"href":"https:\/\/regiaonews.net.br\/2022\/wp-json\/wp\/v2\/media\/107594"}],"wp:attachment":[{"href":"https:\/\/regiaonews.net.br\/2022\/wp-json\/wp\/v2\/media?parent=107593"}],"wp:term":[{"taxonomy":"category","embeddable":true,"href":"https:\/\/regiaonews.net.br\/2022\/wp-json\/wp\/v2\/categories?post=107593"},{"taxonomy":"post_tag","embeddable":true,"href":"https:\/\/regiaonews.net.br\/2022\/wp-json\/wp\/v2\/tags?post=107593"}],"curies":[{"name":"wp","href":"https:\/\/api.w.org\/{rel}","templated":true}]}}