{"id":107552,"date":"2024-07-11T11:23:40","date_gmt":"2024-07-11T14:23:40","guid":{"rendered":"https:\/\/regiaonews.net.br\/2022\/?p=107552"},"modified":"2024-07-11T11:23:40","modified_gmt":"2024-07-11T14:23:40","slug":"governador-sanciona-lei-para-garantir-bem-estar-de-caes-e-gatos-no-estado","status":"publish","type":"post","link":"https:\/\/regiaonews.net.br\/2022\/2024\/07\/11\/governador-sanciona-lei-para-garantir-bem-estar-de-caes-e-gatos-no-estado\/","title":{"rendered":"Governador sanciona lei para garantir bem-estar de c\u00e3es e gatos no Estado"},"content":{"rendered":"<h3 style=\"text-align: center;\">Projeto reconhece os animais dom\u00e9sticos como seres sencientes, regulamenta comercializa\u00e7\u00e3o e garante prote\u00e7\u00e3o contra os abusos aos animais<\/h3>\n<p>O governador Tarc\u00edsio de Freitas sancionou o PL 1477, de 2023, que garante prote\u00e7\u00e3o, sa\u00fade e bem-estar na cria\u00e7\u00e3o e na comercializa\u00e7\u00e3o de c\u00e3es e gatos no Estado de S\u00e3o Paulo. De autoria do Executivo, o projeto de lei foi aprovado pela ALESP, com modifica\u00e7\u00f5es pelo Parlamento, no final de junho, e a lei sancionada est\u00e1 publicada na edi\u00e7\u00e3o desta quinta-feira (11) do Di\u00e1rio Oficial do Estado.<\/p>\n<p>A proposta do Poder Executivo foi baseada em estudos realizados pela Secretaria de Meio Ambiente, Infraestrutura e Log\u00edstica (SEMIL), di\u00e1logos com o Poder Legislativo e diversas organiza\u00e7\u00f5es do setor. A lei reconhece os animais dom\u00e9sticos como seres sencientes, ou seja, dotados de natureza biol\u00f3gica e emocional pass\u00edveis de sofrimento, e garante prote\u00e7\u00e3o contra os abusos. Por isso, a regulamenta\u00e7\u00e3o representa um grande avan\u00e7o para o bem-estar animal e favorece o controle populacional destas esp\u00e9cies.<\/p>\n<p>Criadores e comerciantes dever\u00e3o ter alojamento compat\u00edvel com o tamanho, porte e quantidade de animais e n\u00e3o poder\u00e3o expor os animais em vitrines fechadas ou em condi\u00e7\u00f5es explorat\u00f3rias que lhes causem desconforto e estresse. As f\u00eameas prenhas dever\u00e3o ser separadas dos outros animais no ter\u00e7o final de sua gesta\u00e7\u00e3o e a perman\u00eancia junto aos filhotes deve ser garantida pelo per\u00edodo m\u00ednimo de 6 a 8 semanas, a fim de garantir a lacta\u00e7\u00e3o adequada.<\/p>\n<p>Os c\u00e3es e gatos dom\u00e9sticos somente poder\u00e3o ser comercializados ou permutados por criadores e por estabelecimentos comerciais ap\u00f3s atingirem a idade m\u00ednima de 120 dias, terem recebido o ciclo completo de vacina\u00e7\u00e3o previsto no calend\u00e1rio de vacinas e estiverem esterilizados cirurgicamente e microchipados, com comprova\u00e7\u00e3o atrav\u00e9s de laudo emitido pelo m\u00e9dico-veterin\u00e1rio que assiste os animais.<\/p>\n<p>A nova legisla\u00e7\u00e3o pro\u00edbe a distribui\u00e7\u00e3o de c\u00e3es e gatos a t\u00edtulo de brinde, promo\u00e7\u00e3o, sorteio de rifas e bingos. Tamb\u00e9m est\u00e1 vedada a exposi\u00e7\u00e3o de c\u00e3es e gatos em eventos de rua ou quaisquer espa\u00e7os p\u00fablicos, para fins de comercializa\u00e7\u00e3o.<\/p>\n<p>Como forma de estimular a venda e a guarda respons\u00e1vel de c\u00e3es e gatos, a norma institui ainda o m\u00eas de maio como o \u201cM\u00eas da Sa\u00fade Animal\u201d.<\/p>\n<p>Secretaria de Comunica\u00e7\u00e3o do Estado de S\u00e3o Paulo<br \/>\nimprensa@comunicacao.sp.gov.br<br \/>\n(11)\u00a02193-8520<\/p>\n","protected":false},"excerpt":{"rendered":"<p>Projeto reconhece os animais dom\u00e9sticos como seres sencientes, regulamenta comercializa\u00e7\u00e3o<\/p>\n","protected":false},"author":2,"featured_media":96611,"comment_status":"open","ping_status":"open","sticky":false,"template":"","format":"standard","meta":{"footnotes":""},"categories":[7,3],"tags":[],"class_list":["post-107552","post","type-post","status-publish","format-standard","has-post-thumbnail","hentry","category-estado-de-sao-paulo","category-geral"],"yoast_head":"<!-- This site is optimized with the Yoast SEO plugin v27.4 - https:\/\/yoast.com\/product\/yoast-seo-wordpress\/ -->\n<title>Governador sanciona lei para garantir bem-estar de c\u00e3es e gatos no Estado - Regi\u00e3o News<\/title>\n<meta name=\"robots\" content=\"index, follow, max-snippet:-1, max-image-preview:large, max-video-preview:-1\" \/>\n<link rel=\"canonical\" href=\"https:\/\/regiaonews.net.br\/2022\/2024\/07\/11\/governador-sanciona-lei-para-garantir-bem-estar-de-caes-e-gatos-no-estado\/\" \/>\n<meta property=\"og:locale\" content=\"pt_BR\" \/>\n<meta property=\"og:type\" content=\"article\" \/>\n<meta property=\"og:title\" content=\"Governador sanciona lei para garantir bem-estar de c\u00e3es e gatos no Estado - Regi\u00e3o News\" \/>\n<meta property=\"og:description\" content=\"Projeto reconhece os animais dom\u00e9sticos como seres sencientes, regulamenta comercializa\u00e7\u00e3o\" \/>\n<meta property=\"og:url\" content=\"https:\/\/regiaonews.net.br\/2022\/2024\/07\/11\/governador-sanciona-lei-para-garantir-bem-estar-de-caes-e-gatos-no-estado\/\" \/>\n<meta property=\"og:site_name\" content=\"Regi\u00e3o News\" \/>\n<meta property=\"article:published_time\" content=\"2024-07-11T14:23:40+00:00\" \/>\n<meta property=\"og:image\" content=\"https:\/\/regiaonews.net.br\/2022\/wp-content\/uploads\/2023\/10\/Tarcisio.jpg\" \/>\n\t<meta property=\"og:image:width\" content=\"799\" \/>\n\t<meta property=\"og:image:height\" content=\"533\" \/>\n\t<meta property=\"og:image:type\" content=\"image\/jpeg\" \/>\n<meta name=\"author\" content=\"Roberto\" \/>\n<meta name=\"twitter:card\" content=\"summary_large_image\" \/>\n<meta name=\"twitter:label1\" content=\"Escrito por\" \/>\n\t<meta name=\"twitter:data1\" content=\"Roberto\" \/>\n\t<meta name=\"twitter:label2\" content=\"Est. tempo de leitura\" \/>\n\t<meta name=\"twitter:data2\" content=\"3 minutos\" \/>\n<script type=\"application\/ld+json\" class=\"yoast-schema-graph\">{\"@context\":\"https:\\\/\\\/schema.org\",\"@graph\":[{\"@type\":\"Article\",\"@id\":\"https:\\\/\\\/regiaonews.net.br\\\/2022\\\/2024\\\/07\\\/11\\\/governador-sanciona-lei-para-garantir-bem-estar-de-caes-e-gatos-no-estado\\\/#article\",\"isPartOf\":{\"@id\":\"https:\\\/\\\/regiaonews.net.br\\\/2022\\\/2024\\\/07\\\/11\\\/governador-sanciona-lei-para-garantir-bem-estar-de-caes-e-gatos-no-estado\\\/\"},\"author\":{\"name\":\"Roberto\",\"@id\":\"https:\\\/\\\/regiaonews.net.br\\\/2022\\\/#\\\/schema\\\/person\\\/2d205a608a5aa97ac279d7a5e6d89ad8\"},\"headline\":\"Governador sanciona lei para garantir bem-estar de c\u00e3es e gatos no Estado\",\"datePublished\":\"2024-07-11T14:23:40+00:00\",\"mainEntityOfPage\":{\"@id\":\"https:\\\/\\\/regiaonews.net.br\\\/2022\\\/2024\\\/07\\\/11\\\/governador-sanciona-lei-para-garantir-bem-estar-de-caes-e-gatos-no-estado\\\/\"},\"wordCount\":444,\"commentCount\":0,\"publisher\":{\"@id\":\"https:\\\/\\\/regiaonews.net.br\\\/2022\\\/#organization\"},\"image\":{\"@id\":\"https:\\\/\\\/regiaonews.net.br\\\/2022\\\/2024\\\/07\\\/11\\\/governador-sanciona-lei-para-garantir-bem-estar-de-caes-e-gatos-no-estado\\\/#primaryimage\"},\"thumbnailUrl\":\"https:\\\/\\\/regiaonews.net.br\\\/2022\\\/wp-content\\\/uploads\\\/2023\\\/10\\\/Tarcisio.jpg\",\"articleSection\":[\"Estado de S\u00e3o Paulo\",\"Geral\"],\"inLanguage\":\"pt-BR\",\"potentialAction\":[{\"@type\":\"CommentAction\",\"name\":\"Comment\",\"target\":[\"https:\\\/\\\/regiaonews.net.br\\\/2022\\\/2024\\\/07\\\/11\\\/governador-sanciona-lei-para-garantir-bem-estar-de-caes-e-gatos-no-estado\\\/#respond\"]}]},{\"@type\":\"WebPage\",\"@id\":\"https:\\\/\\\/regiaonews.net.br\\\/2022\\\/2024\\\/07\\\/11\\\/governador-sanciona-lei-para-garantir-bem-estar-de-caes-e-gatos-no-estado\\\/\",\"url\":\"https:\\\/\\\/regiaonews.net.br\\\/2022\\\/2024\\\/07\\\/11\\\/governador-sanciona-lei-para-garantir-bem-estar-de-caes-e-gatos-no-estado\\\/\",\"name\":\"Governador sanciona lei para garantir bem-estar de c\u00e3es e gatos no Estado - Regi\u00e3o News\",\"isPartOf\":{\"@id\":\"https:\\\/\\\/regiaonews.net.br\\\/2022\\\/#website\"},\"primaryImageOfPage\":{\"@id\":\"https:\\\/\\\/regiaonews.net.br\\\/2022\\\/2024\\\/07\\\/11\\\/governador-sanciona-lei-para-garantir-bem-estar-de-caes-e-gatos-no-estado\\\/#primaryimage\"},\"image\":{\"@id\":\"https:\\\/\\\/regiaonews.net.br\\\/2022\\\/2024\\\/07\\\/11\\\/governador-sanciona-lei-para-garantir-bem-estar-de-caes-e-gatos-no-estado\\\/#primaryimage\"},\"thumbnailUrl\":\"https:\\\/\\\/regiaonews.net.br\\\/2022\\\/wp-content\\\/uploads\\\/2023\\\/10\\\/Tarcisio.jpg\",\"datePublished\":\"2024-07-11T14:23:40+00:00\",\"breadcrumb\":{\"@id\":\"https:\\\/\\\/regiaonews.net.br\\\/2022\\\/2024\\\/07\\\/11\\\/governador-sanciona-lei-para-garantir-bem-estar-de-caes-e-gatos-no-estado\\\/#breadcrumb\"},\"inLanguage\":\"pt-BR\",\"potentialAction\":[{\"@type\":\"ReadAction\",\"target\":[\"https:\\\/\\\/regiaonews.net.br\\\/2022\\\/2024\\\/07\\\/11\\\/governador-sanciona-lei-para-garantir-bem-estar-de-caes-e-gatos-no-estado\\\/\"]}]},{\"@type\":\"ImageObject\",\"inLanguage\":\"pt-BR\",\"@id\":\"https:\\\/\\\/regiaonews.net.br\\\/2022\\\/2024\\\/07\\\/11\\\/governador-sanciona-lei-para-garantir-bem-estar-de-caes-e-gatos-no-estado\\\/#primaryimage\",\"url\":\"https:\\\/\\\/regiaonews.net.br\\\/2022\\\/wp-content\\\/uploads\\\/2023\\\/10\\\/Tarcisio.jpg\",\"contentUrl\":\"https:\\\/\\\/regiaonews.net.br\\\/2022\\\/wp-content\\\/uploads\\\/2023\\\/10\\\/Tarcisio.jpg\",\"width\":799,\"height\":533},{\"@type\":\"BreadcrumbList\",\"@id\":\"https:\\\/\\\/regiaonews.net.br\\\/2022\\\/2024\\\/07\\\/11\\\/governador-sanciona-lei-para-garantir-bem-estar-de-caes-e-gatos-no-estado\\\/#breadcrumb\",\"itemListElement\":[{\"@type\":\"ListItem\",\"position\":1,\"name\":\"In\u00edcio\",\"item\":\"https:\\\/\\\/regiaonews.net.br\\\/2022\\\/\"},{\"@type\":\"ListItem\",\"position\":2,\"name\":\"Governador sanciona lei para garantir bem-estar de c\u00e3es e gatos no Estado\"}]},{\"@type\":\"WebSite\",\"@id\":\"https:\\\/\\\/regiaonews.net.br\\\/2022\\\/#website\",\"url\":\"https:\\\/\\\/regiaonews.net.br\\\/2022\\\/\",\"name\":\"Regi\u00e3o News\",\"description\":\"Site de Not\u00edcias de Barretos e regi\u00e3o\",\"publisher\":{\"@id\":\"https:\\\/\\\/regiaonews.net.br\\\/2022\\\/#organization\"},\"potentialAction\":[{\"@type\":\"SearchAction\",\"target\":{\"@type\":\"EntryPoint\",\"urlTemplate\":\"https:\\\/\\\/regiaonews.net.br\\\/2022\\\/?s={search_term_string}\"},\"query-input\":{\"@type\":\"PropertyValueSpecification\",\"valueRequired\":true,\"valueName\":\"search_term_string\"}}],\"inLanguage\":\"pt-BR\"},{\"@type\":\"Organization\",\"@id\":\"https:\\\/\\\/regiaonews.net.br\\\/2022\\\/#organization\",\"name\":\"Regi\u00e3o News\",\"url\":\"https:\\\/\\\/regiaonews.net.br\\\/2022\\\/\",\"logo\":{\"@type\":\"ImageObject\",\"inLanguage\":\"pt-BR\",\"@id\":\"https:\\\/\\\/regiaonews.net.br\\\/2022\\\/#\\\/schema\\\/logo\\\/image\\\/\",\"url\":\"https:\\\/\\\/regiaonews.net.br\\\/2022\\\/wp-content\\\/uploads\\\/2026\\\/03\\\/regiao-13-anos-scaled.jpg\",\"contentUrl\":\"https:\\\/\\\/regiaonews.net.br\\\/2022\\\/wp-content\\\/uploads\\\/2026\\\/03\\\/regiao-13-anos-scaled.jpg\",\"width\":2560,\"height\":635,\"caption\":\"Regi\u00e3o News\"},\"image\":{\"@id\":\"https:\\\/\\\/regiaonews.net.br\\\/2022\\\/#\\\/schema\\\/logo\\\/image\\\/\"}},{\"@type\":\"Person\",\"@id\":\"https:\\\/\\\/regiaonews.net.br\\\/2022\\\/#\\\/schema\\\/person\\\/2d205a608a5aa97ac279d7a5e6d89ad8\",\"name\":\"Roberto\",\"image\":{\"@type\":\"ImageObject\",\"inLanguage\":\"pt-BR\",\"@id\":\"https:\\\/\\\/secure.gravatar.com\\\/avatar\\\/42749d8b712ff9d59ca93dc150494e5b55a44134482993f5baeb97e61b7ecc89?s=96&d=mm&r=g\",\"url\":\"https:\\\/\\\/secure.gravatar.com\\\/avatar\\\/42749d8b712ff9d59ca93dc150494e5b55a44134482993f5baeb97e61b7ecc89?s=96&d=mm&r=g\",\"contentUrl\":\"https:\\\/\\\/secure.gravatar.com\\\/avatar\\\/42749d8b712ff9d59ca93dc150494e5b55a44134482993f5baeb97e61b7ecc89?s=96&d=mm&r=g\",\"caption\":\"Roberto\"},\"url\":\"https:\\\/\\\/regiaonews.net.br\\\/2022\\\/author\\\/roberto\\\/\"}]}<\/script>\n<!-- \/ Yoast SEO plugin. -->","yoast_head_json":{"title":"Governador sanciona lei para garantir bem-estar de c\u00e3es e gatos no Estado - Regi\u00e3o News","robots":{"index":"index","follow":"follow","max-snippet":"max-snippet:-1","max-image-preview":"max-image-preview:large","max-video-preview":"max-video-preview:-1"},"canonical":"https:\/\/regiaonews.net.br\/2022\/2024\/07\/11\/governador-sanciona-lei-para-garantir-bem-estar-de-caes-e-gatos-no-estado\/","og_locale":"pt_BR","og_type":"article","og_title":"Governador sanciona lei para garantir bem-estar de c\u00e3es e gatos no Estado - Regi\u00e3o News","og_description":"Projeto reconhece os animais dom\u00e9sticos como seres sencientes, regulamenta comercializa\u00e7\u00e3o","og_url":"https:\/\/regiaonews.net.br\/2022\/2024\/07\/11\/governador-sanciona-lei-para-garantir-bem-estar-de-caes-e-gatos-no-estado\/","og_site_name":"Regi\u00e3o News","article_published_time":"2024-07-11T14:23:40+00:00","og_image":[{"width":799,"height":533,"url":"https:\/\/regiaonews.net.br\/2022\/wp-content\/uploads\/2023\/10\/Tarcisio.jpg","type":"image\/jpeg"}],"author":"Roberto","twitter_card":"summary_large_image","twitter_misc":{"Escrito por":"Roberto","Est. tempo de leitura":"3 minutos"},"schema":{"@context":"https:\/\/schema.org","@graph":[{"@type":"Article","@id":"https:\/\/regiaonews.net.br\/2022\/2024\/07\/11\/governador-sanciona-lei-para-garantir-bem-estar-de-caes-e-gatos-no-estado\/#article","isPartOf":{"@id":"https:\/\/regiaonews.net.br\/2022\/2024\/07\/11\/governador-sanciona-lei-para-garantir-bem-estar-de-caes-e-gatos-no-estado\/"},"author":{"name":"Roberto","@id":"https:\/\/regiaonews.net.br\/2022\/#\/schema\/person\/2d205a608a5aa97ac279d7a5e6d89ad8"},"headline":"Governador sanciona lei para garantir bem-estar de c\u00e3es e gatos no Estado","datePublished":"2024-07-11T14:23:40+00:00","mainEntityOfPage":{"@id":"https:\/\/regiaonews.net.br\/2022\/2024\/07\/11\/governador-sanciona-lei-para-garantir-bem-estar-de-caes-e-gatos-no-estado\/"},"wordCount":444,"commentCount":0,"publisher":{"@id":"https:\/\/regiaonews.net.br\/2022\/#organization"},"image":{"@id":"https:\/\/regiaonews.net.br\/2022\/2024\/07\/11\/governador-sanciona-lei-para-garantir-bem-estar-de-caes-e-gatos-no-estado\/#primaryimage"},"thumbnailUrl":"https:\/\/regiaonews.net.br\/2022\/wp-content\/uploads\/2023\/10\/Tarcisio.jpg","articleSection":["Estado de S\u00e3o Paulo","Geral"],"inLanguage":"pt-BR","potentialAction":[{"@type":"CommentAction","name":"Comment","target":["https:\/\/regiaonews.net.br\/2022\/2024\/07\/11\/governador-sanciona-lei-para-garantir-bem-estar-de-caes-e-gatos-no-estado\/#respond"]}]},{"@type":"WebPage","@id":"https:\/\/regiaonews.net.br\/2022\/2024\/07\/11\/governador-sanciona-lei-para-garantir-bem-estar-de-caes-e-gatos-no-estado\/","url":"https:\/\/regiaonews.net.br\/2022\/2024\/07\/11\/governador-sanciona-lei-para-garantir-bem-estar-de-caes-e-gatos-no-estado\/","name":"Governador sanciona lei para garantir bem-estar de c\u00e3es e gatos no Estado - Regi\u00e3o News","isPartOf":{"@id":"https:\/\/regiaonews.net.br\/2022\/#website"},"primaryImageOfPage":{"@id":"https:\/\/regiaonews.net.br\/2022\/2024\/07\/11\/governador-sanciona-lei-para-garantir-bem-estar-de-caes-e-gatos-no-estado\/#primaryimage"},"image":{"@id":"https:\/\/regiaonews.net.br\/2022\/2024\/07\/11\/governador-sanciona-lei-para-garantir-bem-estar-de-caes-e-gatos-no-estado\/#primaryimage"},"thumbnailUrl":"https:\/\/regiaonews.net.br\/2022\/wp-content\/uploads\/2023\/10\/Tarcisio.jpg","datePublished":"2024-07-11T14:23:40+00:00","breadcrumb":{"@id":"https:\/\/regiaonews.net.br\/2022\/2024\/07\/11\/governador-sanciona-lei-para-garantir-bem-estar-de-caes-e-gatos-no-estado\/#breadcrumb"},"inLanguage":"pt-BR","potentialAction":[{"@type":"ReadAction","target":["https:\/\/regiaonews.net.br\/2022\/2024\/07\/11\/governador-sanciona-lei-para-garantir-bem-estar-de-caes-e-gatos-no-estado\/"]}]},{"@type":"ImageObject","inLanguage":"pt-BR","@id":"https:\/\/regiaonews.net.br\/2022\/2024\/07\/11\/governador-sanciona-lei-para-garantir-bem-estar-de-caes-e-gatos-no-estado\/#primaryimage","url":"https:\/\/regiaonews.net.br\/2022\/wp-content\/uploads\/2023\/10\/Tarcisio.jpg","contentUrl":"https:\/\/regiaonews.net.br\/2022\/wp-content\/uploads\/2023\/10\/Tarcisio.jpg","width":799,"height":533},{"@type":"BreadcrumbList","@id":"https:\/\/regiaonews.net.br\/2022\/2024\/07\/11\/governador-sanciona-lei-para-garantir-bem-estar-de-caes-e-gatos-no-estado\/#breadcrumb","itemListElement":[{"@type":"ListItem","position":1,"name":"In\u00edcio","item":"https:\/\/regiaonews.net.br\/2022\/"},{"@type":"ListItem","position":2,"name":"Governador sanciona lei para garantir bem-estar de c\u00e3es e gatos no Estado"}]},{"@type":"WebSite","@id":"https:\/\/regiaonews.net.br\/2022\/#website","url":"https:\/\/regiaonews.net.br\/2022\/","name":"Regi\u00e3o News","description":"Site de Not\u00edcias de Barretos e regi\u00e3o","publisher":{"@id":"https:\/\/regiaonews.net.br\/2022\/#organization"},"potentialAction":[{"@type":"SearchAction","target":{"@type":"EntryPoint","urlTemplate":"https:\/\/regiaonews.net.br\/2022\/?s={search_term_string}"},"query-input":{"@type":"PropertyValueSpecification","valueRequired":true,"valueName":"search_term_string"}}],"inLanguage":"pt-BR"},{"@type":"Organization","@id":"https:\/\/regiaonews.net.br\/2022\/#organization","name":"Regi\u00e3o News","url":"https:\/\/regiaonews.net.br\/2022\/","logo":{"@type":"ImageObject","inLanguage":"pt-BR","@id":"https:\/\/regiaonews.net.br\/2022\/#\/schema\/logo\/image\/","url":"https:\/\/regiaonews.net.br\/2022\/wp-content\/uploads\/2026\/03\/regiao-13-anos-scaled.jpg","contentUrl":"https:\/\/regiaonews.net.br\/2022\/wp-content\/uploads\/2026\/03\/regiao-13-anos-scaled.jpg","width":2560,"height":635,"caption":"Regi\u00e3o News"},"image":{"@id":"https:\/\/regiaonews.net.br\/2022\/#\/schema\/logo\/image\/"}},{"@type":"Person","@id":"https:\/\/regiaonews.net.br\/2022\/#\/schema\/person\/2d205a608a5aa97ac279d7a5e6d89ad8","name":"Roberto","image":{"@type":"ImageObject","inLanguage":"pt-BR","@id":"https:\/\/secure.gravatar.com\/avatar\/42749d8b712ff9d59ca93dc150494e5b55a44134482993f5baeb97e61b7ecc89?s=96&d=mm&r=g","url":"https:\/\/secure.gravatar.com\/avatar\/42749d8b712ff9d59ca93dc150494e5b55a44134482993f5baeb97e61b7ecc89?s=96&d=mm&r=g","contentUrl":"https:\/\/secure.gravatar.com\/avatar\/42749d8b712ff9d59ca93dc150494e5b55a44134482993f5baeb97e61b7ecc89?s=96&d=mm&r=g","caption":"Roberto"},"url":"https:\/\/regiaonews.net.br\/2022\/author\/roberto\/"}]}},"publishpress_future_action":{"enabled":false,"date":"2026-05-03 02:52:29","action":"change-status","newStatus":"draft","terms":[],"taxonomy":"category","extraData":[]},"publishpress_future_workflow_manual_trigger":{"enabledWorkflows":[]},"_links":{"self":[{"href":"https:\/\/regiaonews.net.br\/2022\/wp-json\/wp\/v2\/posts\/107552","targetHints":{"allow":["GET"]}}],"collection":[{"href":"https:\/\/regiaonews.net.br\/2022\/wp-json\/wp\/v2\/posts"}],"about":[{"href":"https:\/\/regiaonews.net.br\/2022\/wp-json\/wp\/v2\/types\/post"}],"author":[{"embeddable":true,"href":"https:\/\/regiaonews.net.br\/2022\/wp-json\/wp\/v2\/users\/2"}],"replies":[{"embeddable":true,"href":"https:\/\/regiaonews.net.br\/2022\/wp-json\/wp\/v2\/comments?post=107552"}],"version-history":[{"count":1,"href":"https:\/\/regiaonews.net.br\/2022\/wp-json\/wp\/v2\/posts\/107552\/revisions"}],"predecessor-version":[{"id":107553,"href":"https:\/\/regiaonews.net.br\/2022\/wp-json\/wp\/v2\/posts\/107552\/revisions\/107553"}],"wp:featuredmedia":[{"embeddable":true,"href":"https:\/\/regiaonews.net.br\/2022\/wp-json\/wp\/v2\/media\/96611"}],"wp:attachment":[{"href":"https:\/\/regiaonews.net.br\/2022\/wp-json\/wp\/v2\/media?parent=107552"}],"wp:term":[{"taxonomy":"category","embeddable":true,"href":"https:\/\/regiaonews.net.br\/2022\/wp-json\/wp\/v2\/categories?post=107552"},{"taxonomy":"post_tag","embeddable":true,"href":"https:\/\/regiaonews.net.br\/2022\/wp-json\/wp\/v2\/tags?post=107552"}],"curies":[{"name":"wp","href":"https:\/\/api.w.org\/{rel}","templated":true}]}}