{"id":107549,"date":"2024-07-11T11:22:27","date_gmt":"2024-07-11T14:22:27","guid":{"rendered":"https:\/\/regiaonews.net.br\/2022\/?p=107549"},"modified":"2024-07-11T11:22:27","modified_gmt":"2024-07-11T14:22:27","slug":"campanha-do-agasalho-sp-reforca-importancia-de-doacoes-em-meio-a-baixas-temperaturas","status":"publish","type":"post","link":"https:\/\/regiaonews.net.br\/2022\/2024\/07\/11\/campanha-do-agasalho-sp-reforca-importancia-de-doacoes-em-meio-a-baixas-temperaturas\/","title":{"rendered":"Campanha do Agasalho: SP refor\u00e7a import\u00e2ncia de doa\u00e7\u00f5es em meio a baixas temperaturas"},"content":{"rendered":"<h3 class=\"excerpt\" style=\"text-align: center;\">A\u00e7\u00e3o arrecada cobertores e pe\u00e7as de inverno em dep\u00f3sito do Fundo Social na capital e em outros munic\u00edpios; doa\u00e7\u00f5es podem ser em dinheiro<\/h3>\n<p>Com a frente fria que atravessa lentamente o estado de S\u00e3o Paulo, provocando queda de temperatura e pancadas de chuva, as doa\u00e7\u00f5es para a Campanha do Agasalho se mostram cada vez mais importantes.<\/p>\n<p>Neste ano, a a\u00e7\u00e3o solid\u00e1ria promovida pelo Fundo Social do Estado de S\u00e3o Paulo tem foco na doa\u00e7\u00e3o de cobertores novos e ganhou a parceria de nove times de futebol do estado, que tamb\u00e9m convocaram seus jogadores para ajudar na iniciativa.<\/p>\n<p>Com o slogan \u201cTodos Precisam de um Manto\u201d, a campanha estabelece um paralelo entre dois mantos sagrados: as camisas e bandeiras dos clubes e as cobertas doadas que far\u00e3o a diferen\u00e7a durante este inverno.<\/p>\n<p>At\u00e9 o momento, foram doados 17.732 cobertores e 150 caixas de roupas, totalizando 12 mil pe\u00e7as. Tamb\u00e9m foram arrecadados R$1.069.518,10 em doa\u00e7\u00f5es em dinheiro, que ser\u00e3o utilizados para a compra de cerca de 30 mil cobertores novos.<\/p>\n<p>O Fundo Social tamb\u00e9m vai adquirir 125 mil cobertores com recursos pr\u00f3prios, que ser\u00e3o distribu\u00eddos entre os munic\u00edpios paulistas conforme os \u00edndices de fam\u00edlias em situa\u00e7\u00e3o de vulnerabilidade social.<\/p>\n<p>Al\u00e9m de cobertores, a campanha tamb\u00e9m aceita doa\u00e7\u00f5es de pe\u00e7as de inverno como toucas, luvas e meias. Na capital, os itens podem ser entregues no dep\u00f3sito do Fundo Social, no bairro do Jaguar\u00e9. Nas demais cidades, as prefeituras que aderirem \u00e0 campanha ser\u00e3o respons\u00e1veis pela arrecada\u00e7\u00e3o e distribui\u00e7\u00e3o das doa\u00e7\u00f5es. \u201cTodos Precisam de um Manto\u201d vai at\u00e9 22 de setembro.<\/p>\n<h2>Como Doar na Campanha do Agasalho<\/h2>\n<p><strong>Doa\u00e7\u00f5es em dinheiro:<\/strong><\/p>\n<p>Conta oficial da Campanha do Agasalho no Banco do Brasil:<br \/>\nConta corrente n\u00ba 19.771-8<br \/>\nAg\u00eancia n\u00ba 1897-X<br \/>\nCNPJ\/MF n\u00ba 44.111.698-0001\/98<br \/>\nPix: doacoesfussp@sp.gov.br<\/p>\n<p><strong>Doa\u00e7\u00f5es de cobertores e outras pe\u00e7as de inverno:<\/strong><\/p>\n<p>Capital: Fundo Social de S\u00e3o Paulo<br \/>\nAvenida Marechal M\u00e1rio Guedes, 301 \u2013 Jaguar\u00e9 \u2013 S\u00e3o Paulo \u2013 SP<br \/>\nHor\u00e1rio: segunda a sexta-feira, das 8h \u00e0s 17h<\/p>\n<p>Demais cidades: postos definidos pelas prefeituras<\/p>\n","protected":false},"excerpt":{"rendered":"<p>A\u00e7\u00e3o arrecada cobertores e pe\u00e7as de inverno em dep\u00f3sito do<\/p>\n","protected":false},"author":2,"featured_media":107550,"comment_status":"open","ping_status":"open","sticky":false,"template":"","format":"standard","meta":{"footnotes":""},"categories":[7,3],"tags":[],"class_list":["post-107549","post","type-post","status-publish","format-standard","has-post-thumbnail","hentry","category-estado-de-sao-paulo","category-geral"],"yoast_head":"<!-- This site is optimized with the Yoast SEO plugin v27.4 - https:\/\/yoast.com\/product\/yoast-seo-wordpress\/ -->\n<title>Campanha do Agasalho: SP refor\u00e7a import\u00e2ncia de doa\u00e7\u00f5es em meio a baixas temperaturas - Regi\u00e3o News<\/title>\n<meta name=\"robots\" content=\"index, follow, max-snippet:-1, max-image-preview:large, max-video-preview:-1\" \/>\n<link rel=\"canonical\" href=\"https:\/\/regiaonews.net.br\/2022\/2024\/07\/11\/campanha-do-agasalho-sp-reforca-importancia-de-doacoes-em-meio-a-baixas-temperaturas\/\" \/>\n<meta property=\"og:locale\" content=\"pt_BR\" \/>\n<meta property=\"og:type\" content=\"article\" \/>\n<meta property=\"og:title\" content=\"Campanha do Agasalho: SP refor\u00e7a import\u00e2ncia de doa\u00e7\u00f5es em meio a baixas temperaturas - Regi\u00e3o News\" \/>\n<meta property=\"og:description\" content=\"A\u00e7\u00e3o arrecada cobertores e pe\u00e7as de inverno em dep\u00f3sito do\" \/>\n<meta property=\"og:url\" content=\"https:\/\/regiaonews.net.br\/2022\/2024\/07\/11\/campanha-do-agasalho-sp-reforca-importancia-de-doacoes-em-meio-a-baixas-temperaturas\/\" \/>\n<meta property=\"og:site_name\" content=\"Regi\u00e3o News\" \/>\n<meta property=\"article:published_time\" content=\"2024-07-11T14:22:27+00:00\" \/>\n<meta property=\"og:image\" content=\"https:\/\/regiaonews.net.br\/2022\/wp-content\/uploads\/2024\/07\/WhatsApp-Image-2024-06-26-at-09.27.54.jpeg\" \/>\n\t<meta property=\"og:image:width\" content=\"1600\" \/>\n\t<meta property=\"og:image:height\" content=\"1200\" \/>\n\t<meta property=\"og:image:type\" content=\"image\/jpeg\" \/>\n<meta name=\"author\" content=\"Roberto\" \/>\n<meta name=\"twitter:card\" content=\"summary_large_image\" \/>\n<meta name=\"twitter:label1\" content=\"Escrito por\" \/>\n\t<meta name=\"twitter:data1\" content=\"Roberto\" \/>\n\t<meta name=\"twitter:label2\" content=\"Est. tempo de leitura\" \/>\n\t<meta name=\"twitter:data2\" content=\"2 minutos\" \/>\n<script type=\"application\/ld+json\" class=\"yoast-schema-graph\">{\"@context\":\"https:\\\/\\\/schema.org\",\"@graph\":[{\"@type\":\"Article\",\"@id\":\"https:\\\/\\\/regiaonews.net.br\\\/2022\\\/2024\\\/07\\\/11\\\/campanha-do-agasalho-sp-reforca-importancia-de-doacoes-em-meio-a-baixas-temperaturas\\\/#article\",\"isPartOf\":{\"@id\":\"https:\\\/\\\/regiaonews.net.br\\\/2022\\\/2024\\\/07\\\/11\\\/campanha-do-agasalho-sp-reforca-importancia-de-doacoes-em-meio-a-baixas-temperaturas\\\/\"},\"author\":{\"name\":\"Roberto\",\"@id\":\"https:\\\/\\\/regiaonews.net.br\\\/2022\\\/#\\\/schema\\\/person\\\/2d205a608a5aa97ac279d7a5e6d89ad8\"},\"headline\":\"Campanha do Agasalho: SP refor\u00e7a import\u00e2ncia de doa\u00e7\u00f5es em meio a baixas temperaturas\",\"datePublished\":\"2024-07-11T14:22:27+00:00\",\"mainEntityOfPage\":{\"@id\":\"https:\\\/\\\/regiaonews.net.br\\\/2022\\\/2024\\\/07\\\/11\\\/campanha-do-agasalho-sp-reforca-importancia-de-doacoes-em-meio-a-baixas-temperaturas\\\/\"},\"wordCount\":380,\"commentCount\":0,\"publisher\":{\"@id\":\"https:\\\/\\\/regiaonews.net.br\\\/2022\\\/#organization\"},\"image\":{\"@id\":\"https:\\\/\\\/regiaonews.net.br\\\/2022\\\/2024\\\/07\\\/11\\\/campanha-do-agasalho-sp-reforca-importancia-de-doacoes-em-meio-a-baixas-temperaturas\\\/#primaryimage\"},\"thumbnailUrl\":\"https:\\\/\\\/regiaonews.net.br\\\/2022\\\/wp-content\\\/uploads\\\/2024\\\/07\\\/WhatsApp-Image-2024-06-26-at-09.27.54.jpeg\",\"articleSection\":[\"Estado de S\u00e3o Paulo\",\"Geral\"],\"inLanguage\":\"pt-BR\",\"potentialAction\":[{\"@type\":\"CommentAction\",\"name\":\"Comment\",\"target\":[\"https:\\\/\\\/regiaonews.net.br\\\/2022\\\/2024\\\/07\\\/11\\\/campanha-do-agasalho-sp-reforca-importancia-de-doacoes-em-meio-a-baixas-temperaturas\\\/#respond\"]}]},{\"@type\":\"WebPage\",\"@id\":\"https:\\\/\\\/regiaonews.net.br\\\/2022\\\/2024\\\/07\\\/11\\\/campanha-do-agasalho-sp-reforca-importancia-de-doacoes-em-meio-a-baixas-temperaturas\\\/\",\"url\":\"https:\\\/\\\/regiaonews.net.br\\\/2022\\\/2024\\\/07\\\/11\\\/campanha-do-agasalho-sp-reforca-importancia-de-doacoes-em-meio-a-baixas-temperaturas\\\/\",\"name\":\"Campanha do Agasalho: SP refor\u00e7a import\u00e2ncia de doa\u00e7\u00f5es em meio a baixas temperaturas - Regi\u00e3o News\",\"isPartOf\":{\"@id\":\"https:\\\/\\\/regiaonews.net.br\\\/2022\\\/#website\"},\"primaryImageOfPage\":{\"@id\":\"https:\\\/\\\/regiaonews.net.br\\\/2022\\\/2024\\\/07\\\/11\\\/campanha-do-agasalho-sp-reforca-importancia-de-doacoes-em-meio-a-baixas-temperaturas\\\/#primaryimage\"},\"image\":{\"@id\":\"https:\\\/\\\/regiaonews.net.br\\\/2022\\\/2024\\\/07\\\/11\\\/campanha-do-agasalho-sp-reforca-importancia-de-doacoes-em-meio-a-baixas-temperaturas\\\/#primaryimage\"},\"thumbnailUrl\":\"https:\\\/\\\/regiaonews.net.br\\\/2022\\\/wp-content\\\/uploads\\\/2024\\\/07\\\/WhatsApp-Image-2024-06-26-at-09.27.54.jpeg\",\"datePublished\":\"2024-07-11T14:22:27+00:00\",\"breadcrumb\":{\"@id\":\"https:\\\/\\\/regiaonews.net.br\\\/2022\\\/2024\\\/07\\\/11\\\/campanha-do-agasalho-sp-reforca-importancia-de-doacoes-em-meio-a-baixas-temperaturas\\\/#breadcrumb\"},\"inLanguage\":\"pt-BR\",\"potentialAction\":[{\"@type\":\"ReadAction\",\"target\":[\"https:\\\/\\\/regiaonews.net.br\\\/2022\\\/2024\\\/07\\\/11\\\/campanha-do-agasalho-sp-reforca-importancia-de-doacoes-em-meio-a-baixas-temperaturas\\\/\"]}]},{\"@type\":\"ImageObject\",\"inLanguage\":\"pt-BR\",\"@id\":\"https:\\\/\\\/regiaonews.net.br\\\/2022\\\/2024\\\/07\\\/11\\\/campanha-do-agasalho-sp-reforca-importancia-de-doacoes-em-meio-a-baixas-temperaturas\\\/#primaryimage\",\"url\":\"https:\\\/\\\/regiaonews.net.br\\\/2022\\\/wp-content\\\/uploads\\\/2024\\\/07\\\/WhatsApp-Image-2024-06-26-at-09.27.54.jpeg\",\"contentUrl\":\"https:\\\/\\\/regiaonews.net.br\\\/2022\\\/wp-content\\\/uploads\\\/2024\\\/07\\\/WhatsApp-Image-2024-06-26-at-09.27.54.jpeg\",\"width\":1600,\"height\":1200},{\"@type\":\"BreadcrumbList\",\"@id\":\"https:\\\/\\\/regiaonews.net.br\\\/2022\\\/2024\\\/07\\\/11\\\/campanha-do-agasalho-sp-reforca-importancia-de-doacoes-em-meio-a-baixas-temperaturas\\\/#breadcrumb\",\"itemListElement\":[{\"@type\":\"ListItem\",\"position\":1,\"name\":\"In\u00edcio\",\"item\":\"https:\\\/\\\/regiaonews.net.br\\\/2022\\\/\"},{\"@type\":\"ListItem\",\"position\":2,\"name\":\"Campanha do Agasalho: SP refor\u00e7a import\u00e2ncia de doa\u00e7\u00f5es em meio a baixas temperaturas\"}]},{\"@type\":\"WebSite\",\"@id\":\"https:\\\/\\\/regiaonews.net.br\\\/2022\\\/#website\",\"url\":\"https:\\\/\\\/regiaonews.net.br\\\/2022\\\/\",\"name\":\"Regi\u00e3o News\",\"description\":\"Site de Not\u00edcias de Barretos e regi\u00e3o\",\"publisher\":{\"@id\":\"https:\\\/\\\/regiaonews.net.br\\\/2022\\\/#organization\"},\"potentialAction\":[{\"@type\":\"SearchAction\",\"target\":{\"@type\":\"EntryPoint\",\"urlTemplate\":\"https:\\\/\\\/regiaonews.net.br\\\/2022\\\/?s={search_term_string}\"},\"query-input\":{\"@type\":\"PropertyValueSpecification\",\"valueRequired\":true,\"valueName\":\"search_term_string\"}}],\"inLanguage\":\"pt-BR\"},{\"@type\":\"Organization\",\"@id\":\"https:\\\/\\\/regiaonews.net.br\\\/2022\\\/#organization\",\"name\":\"Regi\u00e3o News\",\"url\":\"https:\\\/\\\/regiaonews.net.br\\\/2022\\\/\",\"logo\":{\"@type\":\"ImageObject\",\"inLanguage\":\"pt-BR\",\"@id\":\"https:\\\/\\\/regiaonews.net.br\\\/2022\\\/#\\\/schema\\\/logo\\\/image\\\/\",\"url\":\"https:\\\/\\\/regiaonews.net.br\\\/2022\\\/wp-content\\\/uploads\\\/2026\\\/03\\\/regiao-13-anos-scaled.jpg\",\"contentUrl\":\"https:\\\/\\\/regiaonews.net.br\\\/2022\\\/wp-content\\\/uploads\\\/2026\\\/03\\\/regiao-13-anos-scaled.jpg\",\"width\":2560,\"height\":635,\"caption\":\"Regi\u00e3o News\"},\"image\":{\"@id\":\"https:\\\/\\\/regiaonews.net.br\\\/2022\\\/#\\\/schema\\\/logo\\\/image\\\/\"}},{\"@type\":\"Person\",\"@id\":\"https:\\\/\\\/regiaonews.net.br\\\/2022\\\/#\\\/schema\\\/person\\\/2d205a608a5aa97ac279d7a5e6d89ad8\",\"name\":\"Roberto\",\"image\":{\"@type\":\"ImageObject\",\"inLanguage\":\"pt-BR\",\"@id\":\"https:\\\/\\\/secure.gravatar.com\\\/avatar\\\/42749d8b712ff9d59ca93dc150494e5b55a44134482993f5baeb97e61b7ecc89?s=96&d=mm&r=g\",\"url\":\"https:\\\/\\\/secure.gravatar.com\\\/avatar\\\/42749d8b712ff9d59ca93dc150494e5b55a44134482993f5baeb97e61b7ecc89?s=96&d=mm&r=g\",\"contentUrl\":\"https:\\\/\\\/secure.gravatar.com\\\/avatar\\\/42749d8b712ff9d59ca93dc150494e5b55a44134482993f5baeb97e61b7ecc89?s=96&d=mm&r=g\",\"caption\":\"Roberto\"},\"url\":\"https:\\\/\\\/regiaonews.net.br\\\/2022\\\/author\\\/roberto\\\/\"}]}<\/script>\n<!-- \/ Yoast SEO plugin. -->","yoast_head_json":{"title":"Campanha do Agasalho: SP refor\u00e7a import\u00e2ncia de doa\u00e7\u00f5es em meio a baixas temperaturas - Regi\u00e3o News","robots":{"index":"index","follow":"follow","max-snippet":"max-snippet:-1","max-image-preview":"max-image-preview:large","max-video-preview":"max-video-preview:-1"},"canonical":"https:\/\/regiaonews.net.br\/2022\/2024\/07\/11\/campanha-do-agasalho-sp-reforca-importancia-de-doacoes-em-meio-a-baixas-temperaturas\/","og_locale":"pt_BR","og_type":"article","og_title":"Campanha do Agasalho: SP refor\u00e7a import\u00e2ncia de doa\u00e7\u00f5es em meio a baixas temperaturas - Regi\u00e3o News","og_description":"A\u00e7\u00e3o arrecada cobertores e pe\u00e7as de inverno em dep\u00f3sito do","og_url":"https:\/\/regiaonews.net.br\/2022\/2024\/07\/11\/campanha-do-agasalho-sp-reforca-importancia-de-doacoes-em-meio-a-baixas-temperaturas\/","og_site_name":"Regi\u00e3o News","article_published_time":"2024-07-11T14:22:27+00:00","og_image":[{"width":1600,"height":1200,"url":"https:\/\/regiaonews.net.br\/2022\/wp-content\/uploads\/2024\/07\/WhatsApp-Image-2024-06-26-at-09.27.54.jpeg","type":"image\/jpeg"}],"author":"Roberto","twitter_card":"summary_large_image","twitter_misc":{"Escrito por":"Roberto","Est. tempo de leitura":"2 minutos"},"schema":{"@context":"https:\/\/schema.org","@graph":[{"@type":"Article","@id":"https:\/\/regiaonews.net.br\/2022\/2024\/07\/11\/campanha-do-agasalho-sp-reforca-importancia-de-doacoes-em-meio-a-baixas-temperaturas\/#article","isPartOf":{"@id":"https:\/\/regiaonews.net.br\/2022\/2024\/07\/11\/campanha-do-agasalho-sp-reforca-importancia-de-doacoes-em-meio-a-baixas-temperaturas\/"},"author":{"name":"Roberto","@id":"https:\/\/regiaonews.net.br\/2022\/#\/schema\/person\/2d205a608a5aa97ac279d7a5e6d89ad8"},"headline":"Campanha do Agasalho: SP refor\u00e7a import\u00e2ncia de doa\u00e7\u00f5es em meio a baixas temperaturas","datePublished":"2024-07-11T14:22:27+00:00","mainEntityOfPage":{"@id":"https:\/\/regiaonews.net.br\/2022\/2024\/07\/11\/campanha-do-agasalho-sp-reforca-importancia-de-doacoes-em-meio-a-baixas-temperaturas\/"},"wordCount":380,"commentCount":0,"publisher":{"@id":"https:\/\/regiaonews.net.br\/2022\/#organization"},"image":{"@id":"https:\/\/regiaonews.net.br\/2022\/2024\/07\/11\/campanha-do-agasalho-sp-reforca-importancia-de-doacoes-em-meio-a-baixas-temperaturas\/#primaryimage"},"thumbnailUrl":"https:\/\/regiaonews.net.br\/2022\/wp-content\/uploads\/2024\/07\/WhatsApp-Image-2024-06-26-at-09.27.54.jpeg","articleSection":["Estado de S\u00e3o Paulo","Geral"],"inLanguage":"pt-BR","potentialAction":[{"@type":"CommentAction","name":"Comment","target":["https:\/\/regiaonews.net.br\/2022\/2024\/07\/11\/campanha-do-agasalho-sp-reforca-importancia-de-doacoes-em-meio-a-baixas-temperaturas\/#respond"]}]},{"@type":"WebPage","@id":"https:\/\/regiaonews.net.br\/2022\/2024\/07\/11\/campanha-do-agasalho-sp-reforca-importancia-de-doacoes-em-meio-a-baixas-temperaturas\/","url":"https:\/\/regiaonews.net.br\/2022\/2024\/07\/11\/campanha-do-agasalho-sp-reforca-importancia-de-doacoes-em-meio-a-baixas-temperaturas\/","name":"Campanha do Agasalho: SP refor\u00e7a import\u00e2ncia de doa\u00e7\u00f5es em meio a baixas temperaturas - Regi\u00e3o News","isPartOf":{"@id":"https:\/\/regiaonews.net.br\/2022\/#website"},"primaryImageOfPage":{"@id":"https:\/\/regiaonews.net.br\/2022\/2024\/07\/11\/campanha-do-agasalho-sp-reforca-importancia-de-doacoes-em-meio-a-baixas-temperaturas\/#primaryimage"},"image":{"@id":"https:\/\/regiaonews.net.br\/2022\/2024\/07\/11\/campanha-do-agasalho-sp-reforca-importancia-de-doacoes-em-meio-a-baixas-temperaturas\/#primaryimage"},"thumbnailUrl":"https:\/\/regiaonews.net.br\/2022\/wp-content\/uploads\/2024\/07\/WhatsApp-Image-2024-06-26-at-09.27.54.jpeg","datePublished":"2024-07-11T14:22:27+00:00","breadcrumb":{"@id":"https:\/\/regiaonews.net.br\/2022\/2024\/07\/11\/campanha-do-agasalho-sp-reforca-importancia-de-doacoes-em-meio-a-baixas-temperaturas\/#breadcrumb"},"inLanguage":"pt-BR","potentialAction":[{"@type":"ReadAction","target":["https:\/\/regiaonews.net.br\/2022\/2024\/07\/11\/campanha-do-agasalho-sp-reforca-importancia-de-doacoes-em-meio-a-baixas-temperaturas\/"]}]},{"@type":"ImageObject","inLanguage":"pt-BR","@id":"https:\/\/regiaonews.net.br\/2022\/2024\/07\/11\/campanha-do-agasalho-sp-reforca-importancia-de-doacoes-em-meio-a-baixas-temperaturas\/#primaryimage","url":"https:\/\/regiaonews.net.br\/2022\/wp-content\/uploads\/2024\/07\/WhatsApp-Image-2024-06-26-at-09.27.54.jpeg","contentUrl":"https:\/\/regiaonews.net.br\/2022\/wp-content\/uploads\/2024\/07\/WhatsApp-Image-2024-06-26-at-09.27.54.jpeg","width":1600,"height":1200},{"@type":"BreadcrumbList","@id":"https:\/\/regiaonews.net.br\/2022\/2024\/07\/11\/campanha-do-agasalho-sp-reforca-importancia-de-doacoes-em-meio-a-baixas-temperaturas\/#breadcrumb","itemListElement":[{"@type":"ListItem","position":1,"name":"In\u00edcio","item":"https:\/\/regiaonews.net.br\/2022\/"},{"@type":"ListItem","position":2,"name":"Campanha do Agasalho: SP refor\u00e7a import\u00e2ncia de doa\u00e7\u00f5es em meio a baixas temperaturas"}]},{"@type":"WebSite","@id":"https:\/\/regiaonews.net.br\/2022\/#website","url":"https:\/\/regiaonews.net.br\/2022\/","name":"Regi\u00e3o News","description":"Site de Not\u00edcias de Barretos e regi\u00e3o","publisher":{"@id":"https:\/\/regiaonews.net.br\/2022\/#organization"},"potentialAction":[{"@type":"SearchAction","target":{"@type":"EntryPoint","urlTemplate":"https:\/\/regiaonews.net.br\/2022\/?s={search_term_string}"},"query-input":{"@type":"PropertyValueSpecification","valueRequired":true,"valueName":"search_term_string"}}],"inLanguage":"pt-BR"},{"@type":"Organization","@id":"https:\/\/regiaonews.net.br\/2022\/#organization","name":"Regi\u00e3o News","url":"https:\/\/regiaonews.net.br\/2022\/","logo":{"@type":"ImageObject","inLanguage":"pt-BR","@id":"https:\/\/regiaonews.net.br\/2022\/#\/schema\/logo\/image\/","url":"https:\/\/regiaonews.net.br\/2022\/wp-content\/uploads\/2026\/03\/regiao-13-anos-scaled.jpg","contentUrl":"https:\/\/regiaonews.net.br\/2022\/wp-content\/uploads\/2026\/03\/regiao-13-anos-scaled.jpg","width":2560,"height":635,"caption":"Regi\u00e3o News"},"image":{"@id":"https:\/\/regiaonews.net.br\/2022\/#\/schema\/logo\/image\/"}},{"@type":"Person","@id":"https:\/\/regiaonews.net.br\/2022\/#\/schema\/person\/2d205a608a5aa97ac279d7a5e6d89ad8","name":"Roberto","image":{"@type":"ImageObject","inLanguage":"pt-BR","@id":"https:\/\/secure.gravatar.com\/avatar\/42749d8b712ff9d59ca93dc150494e5b55a44134482993f5baeb97e61b7ecc89?s=96&d=mm&r=g","url":"https:\/\/secure.gravatar.com\/avatar\/42749d8b712ff9d59ca93dc150494e5b55a44134482993f5baeb97e61b7ecc89?s=96&d=mm&r=g","contentUrl":"https:\/\/secure.gravatar.com\/avatar\/42749d8b712ff9d59ca93dc150494e5b55a44134482993f5baeb97e61b7ecc89?s=96&d=mm&r=g","caption":"Roberto"},"url":"https:\/\/regiaonews.net.br\/2022\/author\/roberto\/"}]}},"publishpress_future_action":{"enabled":false,"date":"2026-05-03 05:51:46","action":"change-status","newStatus":"draft","terms":[],"taxonomy":"category","extraData":[]},"publishpress_future_workflow_manual_trigger":{"enabledWorkflows":[]},"_links":{"self":[{"href":"https:\/\/regiaonews.net.br\/2022\/wp-json\/wp\/v2\/posts\/107549","targetHints":{"allow":["GET"]}}],"collection":[{"href":"https:\/\/regiaonews.net.br\/2022\/wp-json\/wp\/v2\/posts"}],"about":[{"href":"https:\/\/regiaonews.net.br\/2022\/wp-json\/wp\/v2\/types\/post"}],"author":[{"embeddable":true,"href":"https:\/\/regiaonews.net.br\/2022\/wp-json\/wp\/v2\/users\/2"}],"replies":[{"embeddable":true,"href":"https:\/\/regiaonews.net.br\/2022\/wp-json\/wp\/v2\/comments?post=107549"}],"version-history":[{"count":1,"href":"https:\/\/regiaonews.net.br\/2022\/wp-json\/wp\/v2\/posts\/107549\/revisions"}],"predecessor-version":[{"id":107551,"href":"https:\/\/regiaonews.net.br\/2022\/wp-json\/wp\/v2\/posts\/107549\/revisions\/107551"}],"wp:featuredmedia":[{"embeddable":true,"href":"https:\/\/regiaonews.net.br\/2022\/wp-json\/wp\/v2\/media\/107550"}],"wp:attachment":[{"href":"https:\/\/regiaonews.net.br\/2022\/wp-json\/wp\/v2\/media?parent=107549"}],"wp:term":[{"taxonomy":"category","embeddable":true,"href":"https:\/\/regiaonews.net.br\/2022\/wp-json\/wp\/v2\/categories?post=107549"},{"taxonomy":"post_tag","embeddable":true,"href":"https:\/\/regiaonews.net.br\/2022\/wp-json\/wp\/v2\/tags?post=107549"}],"curies":[{"name":"wp","href":"https:\/\/api.w.org\/{rel}","templated":true}]}}