{"id":107546,"date":"2024-07-11T09:59:09","date_gmt":"2024-07-11T12:59:09","guid":{"rendered":"https:\/\/regiaonews.net.br\/2022\/?p=107546"},"modified":"2024-07-11T09:59:09","modified_gmt":"2024-07-11T12:59:09","slug":"vasco-quebra-jejum-de-14-anos-e-derrota-o-corinthians-em-sao-januario","status":"publish","type":"post","link":"https:\/\/regiaonews.net.br\/2022\/2024\/07\/11\/vasco-quebra-jejum-de-14-anos-e-derrota-o-corinthians-em-sao-januario\/","title":{"rendered":"Vasco quebra jejum de 14 anos e derrota o Corinthians em S\u00e3o Janu\u00e1rio"},"content":{"rendered":"<div class=\"box-share\"><\/div>\n<div class=\"row col-equal-h clear\">\n<div class=\"post col-md-9 col-sm-12\">O Corinthians sofreu mais uma derrota no Brasileir\u00e3o na noite desta ter\u00e7a-feira (10). Jogando em S\u00e3o Janu\u00e1rio, o time paulista encarou o Vasco e, com gols de Lucas Piton e Sforza, foi derrotado por 2 a 0, se mantendo na zona de rebaixamento.<\/p>\n<p>Com o resultado, o Corinthians estacionou em 12 pontos e segue na 17\u00aa coloca\u00e7\u00e3o da tabela de classifica\u00e7\u00e3o, a dois pontos do Cuiab\u00e1. J\u00e1 o Vasco foi a 20 e pulou para o 10\u00ba lugar.<\/p>\n<p>As equipes voltam a campo para a 17\u00aa rodada do Campeonato Brasileiro na pr\u00f3xima semana. Na ter\u00e7a-feira (16), o Corinthians volta \u00e0 Neo Qu\u00edmica Arena, quando encara o Crici\u00fama, a partir das 21h. No dia seguinte, \u00e9 a vez do Vasco visitar o Atl\u00e9tico-GO, no Ant\u00f4nio Accioly.<\/p><\/div>\n<\/div>\n","protected":false},"excerpt":{"rendered":"<p>O Corinthians sofreu mais uma derrota no Brasileir\u00e3o na noite<\/p>\n","protected":false},"author":2,"featured_media":107547,"comment_status":"open","ping_status":"open","sticky":false,"template":"","format":"standard","meta":{"footnotes":""},"categories":[127,21],"tags":[],"class_list":["post-107546","post","type-post","status-publish","format-standard","has-post-thumbnail","hentry","category-brasileirao","category-esporte"],"yoast_head":"<!-- This site is optimized with the Yoast SEO plugin v27.4 - https:\/\/yoast.com\/product\/yoast-seo-wordpress\/ -->\n<title>Vasco quebra jejum de 14 anos e derrota o Corinthians em S\u00e3o Janu\u00e1rio - Regi\u00e3o News<\/title>\n<meta name=\"robots\" content=\"index, follow, max-snippet:-1, max-image-preview:large, max-video-preview:-1\" \/>\n<link rel=\"canonical\" href=\"https:\/\/regiaonews.net.br\/2022\/2024\/07\/11\/vasco-quebra-jejum-de-14-anos-e-derrota-o-corinthians-em-sao-januario\/\" \/>\n<meta property=\"og:locale\" content=\"pt_BR\" \/>\n<meta property=\"og:type\" content=\"article\" \/>\n<meta property=\"og:title\" content=\"Vasco quebra jejum de 14 anos e derrota o Corinthians em S\u00e3o Janu\u00e1rio - Regi\u00e3o News\" \/>\n<meta property=\"og:description\" content=\"O Corinthians sofreu mais uma derrota no Brasileir\u00e3o na noite\" \/>\n<meta property=\"og:url\" content=\"https:\/\/regiaonews.net.br\/2022\/2024\/07\/11\/vasco-quebra-jejum-de-14-anos-e-derrota-o-corinthians-em-sao-januario\/\" \/>\n<meta property=\"og:site_name\" content=\"Regi\u00e3o News\" \/>\n<meta property=\"article:published_time\" content=\"2024-07-11T12:59:09+00:00\" \/>\n<meta property=\"og:image\" content=\"https:\/\/regiaonews.net.br\/2022\/wp-content\/uploads\/2024\/07\/wesley_em_campo_durante_jogo_do_corinthians_wgie.jpg\" \/>\n\t<meta property=\"og:image:width\" content=\"941\" \/>\n\t<meta property=\"og:image:height\" content=\"760\" \/>\n\t<meta property=\"og:image:type\" content=\"image\/jpeg\" \/>\n<meta name=\"author\" content=\"Roberto\" \/>\n<meta name=\"twitter:card\" content=\"summary_large_image\" \/>\n<meta name=\"twitter:label1\" content=\"Escrito por\" \/>\n\t<meta name=\"twitter:data1\" content=\"Roberto\" \/>\n\t<meta name=\"twitter:label2\" content=\"Est. tempo de leitura\" \/>\n\t<meta name=\"twitter:data2\" content=\"1 minuto\" \/>\n<script type=\"application\/ld+json\" class=\"yoast-schema-graph\">{\"@context\":\"https:\\\/\\\/schema.org\",\"@graph\":[{\"@type\":\"Article\",\"@id\":\"https:\\\/\\\/regiaonews.net.br\\\/2022\\\/2024\\\/07\\\/11\\\/vasco-quebra-jejum-de-14-anos-e-derrota-o-corinthians-em-sao-januario\\\/#article\",\"isPartOf\":{\"@id\":\"https:\\\/\\\/regiaonews.net.br\\\/2022\\\/2024\\\/07\\\/11\\\/vasco-quebra-jejum-de-14-anos-e-derrota-o-corinthians-em-sao-januario\\\/\"},\"author\":{\"name\":\"Roberto\",\"@id\":\"https:\\\/\\\/regiaonews.net.br\\\/2022\\\/#\\\/schema\\\/person\\\/2d205a608a5aa97ac279d7a5e6d89ad8\"},\"headline\":\"Vasco quebra jejum de 14 anos e derrota o Corinthians em S\u00e3o Janu\u00e1rio\",\"datePublished\":\"2024-07-11T12:59:09+00:00\",\"mainEntityOfPage\":{\"@id\":\"https:\\\/\\\/regiaonews.net.br\\\/2022\\\/2024\\\/07\\\/11\\\/vasco-quebra-jejum-de-14-anos-e-derrota-o-corinthians-em-sao-januario\\\/\"},\"wordCount\":140,\"commentCount\":0,\"publisher\":{\"@id\":\"https:\\\/\\\/regiaonews.net.br\\\/2022\\\/#organization\"},\"image\":{\"@id\":\"https:\\\/\\\/regiaonews.net.br\\\/2022\\\/2024\\\/07\\\/11\\\/vasco-quebra-jejum-de-14-anos-e-derrota-o-corinthians-em-sao-januario\\\/#primaryimage\"},\"thumbnailUrl\":\"https:\\\/\\\/regiaonews.net.br\\\/2022\\\/wp-content\\\/uploads\\\/2024\\\/07\\\/wesley_em_campo_durante_jogo_do_corinthians_wgie.jpg\",\"articleSection\":[\"Brasileir\u00e3o\",\"Esporte\"],\"inLanguage\":\"pt-BR\",\"potentialAction\":[{\"@type\":\"CommentAction\",\"name\":\"Comment\",\"target\":[\"https:\\\/\\\/regiaonews.net.br\\\/2022\\\/2024\\\/07\\\/11\\\/vasco-quebra-jejum-de-14-anos-e-derrota-o-corinthians-em-sao-januario\\\/#respond\"]}]},{\"@type\":\"WebPage\",\"@id\":\"https:\\\/\\\/regiaonews.net.br\\\/2022\\\/2024\\\/07\\\/11\\\/vasco-quebra-jejum-de-14-anos-e-derrota-o-corinthians-em-sao-januario\\\/\",\"url\":\"https:\\\/\\\/regiaonews.net.br\\\/2022\\\/2024\\\/07\\\/11\\\/vasco-quebra-jejum-de-14-anos-e-derrota-o-corinthians-em-sao-januario\\\/\",\"name\":\"Vasco quebra jejum de 14 anos e derrota o Corinthians em S\u00e3o Janu\u00e1rio - Regi\u00e3o News\",\"isPartOf\":{\"@id\":\"https:\\\/\\\/regiaonews.net.br\\\/2022\\\/#website\"},\"primaryImageOfPage\":{\"@id\":\"https:\\\/\\\/regiaonews.net.br\\\/2022\\\/2024\\\/07\\\/11\\\/vasco-quebra-jejum-de-14-anos-e-derrota-o-corinthians-em-sao-januario\\\/#primaryimage\"},\"image\":{\"@id\":\"https:\\\/\\\/regiaonews.net.br\\\/2022\\\/2024\\\/07\\\/11\\\/vasco-quebra-jejum-de-14-anos-e-derrota-o-corinthians-em-sao-januario\\\/#primaryimage\"},\"thumbnailUrl\":\"https:\\\/\\\/regiaonews.net.br\\\/2022\\\/wp-content\\\/uploads\\\/2024\\\/07\\\/wesley_em_campo_durante_jogo_do_corinthians_wgie.jpg\",\"datePublished\":\"2024-07-11T12:59:09+00:00\",\"breadcrumb\":{\"@id\":\"https:\\\/\\\/regiaonews.net.br\\\/2022\\\/2024\\\/07\\\/11\\\/vasco-quebra-jejum-de-14-anos-e-derrota-o-corinthians-em-sao-januario\\\/#breadcrumb\"},\"inLanguage\":\"pt-BR\",\"potentialAction\":[{\"@type\":\"ReadAction\",\"target\":[\"https:\\\/\\\/regiaonews.net.br\\\/2022\\\/2024\\\/07\\\/11\\\/vasco-quebra-jejum-de-14-anos-e-derrota-o-corinthians-em-sao-januario\\\/\"]}]},{\"@type\":\"ImageObject\",\"inLanguage\":\"pt-BR\",\"@id\":\"https:\\\/\\\/regiaonews.net.br\\\/2022\\\/2024\\\/07\\\/11\\\/vasco-quebra-jejum-de-14-anos-e-derrota-o-corinthians-em-sao-januario\\\/#primaryimage\",\"url\":\"https:\\\/\\\/regiaonews.net.br\\\/2022\\\/wp-content\\\/uploads\\\/2024\\\/07\\\/wesley_em_campo_durante_jogo_do_corinthians_wgie.jpg\",\"contentUrl\":\"https:\\\/\\\/regiaonews.net.br\\\/2022\\\/wp-content\\\/uploads\\\/2024\\\/07\\\/wesley_em_campo_durante_jogo_do_corinthians_wgie.jpg\",\"width\":941,\"height\":760},{\"@type\":\"BreadcrumbList\",\"@id\":\"https:\\\/\\\/regiaonews.net.br\\\/2022\\\/2024\\\/07\\\/11\\\/vasco-quebra-jejum-de-14-anos-e-derrota-o-corinthians-em-sao-januario\\\/#breadcrumb\",\"itemListElement\":[{\"@type\":\"ListItem\",\"position\":1,\"name\":\"In\u00edcio\",\"item\":\"https:\\\/\\\/regiaonews.net.br\\\/2022\\\/\"},{\"@type\":\"ListItem\",\"position\":2,\"name\":\"Vasco quebra jejum de 14 anos e derrota o Corinthians em S\u00e3o Janu\u00e1rio\"}]},{\"@type\":\"WebSite\",\"@id\":\"https:\\\/\\\/regiaonews.net.br\\\/2022\\\/#website\",\"url\":\"https:\\\/\\\/regiaonews.net.br\\\/2022\\\/\",\"name\":\"Regi\u00e3o News\",\"description\":\"Site de Not\u00edcias de Barretos e regi\u00e3o\",\"publisher\":{\"@id\":\"https:\\\/\\\/regiaonews.net.br\\\/2022\\\/#organization\"},\"potentialAction\":[{\"@type\":\"SearchAction\",\"target\":{\"@type\":\"EntryPoint\",\"urlTemplate\":\"https:\\\/\\\/regiaonews.net.br\\\/2022\\\/?s={search_term_string}\"},\"query-input\":{\"@type\":\"PropertyValueSpecification\",\"valueRequired\":true,\"valueName\":\"search_term_string\"}}],\"inLanguage\":\"pt-BR\"},{\"@type\":\"Organization\",\"@id\":\"https:\\\/\\\/regiaonews.net.br\\\/2022\\\/#organization\",\"name\":\"Regi\u00e3o News\",\"url\":\"https:\\\/\\\/regiaonews.net.br\\\/2022\\\/\",\"logo\":{\"@type\":\"ImageObject\",\"inLanguage\":\"pt-BR\",\"@id\":\"https:\\\/\\\/regiaonews.net.br\\\/2022\\\/#\\\/schema\\\/logo\\\/image\\\/\",\"url\":\"https:\\\/\\\/regiaonews.net.br\\\/2022\\\/wp-content\\\/uploads\\\/2026\\\/03\\\/regiao-13-anos-scaled.jpg\",\"contentUrl\":\"https:\\\/\\\/regiaonews.net.br\\\/2022\\\/wp-content\\\/uploads\\\/2026\\\/03\\\/regiao-13-anos-scaled.jpg\",\"width\":2560,\"height\":635,\"caption\":\"Regi\u00e3o News\"},\"image\":{\"@id\":\"https:\\\/\\\/regiaonews.net.br\\\/2022\\\/#\\\/schema\\\/logo\\\/image\\\/\"}},{\"@type\":\"Person\",\"@id\":\"https:\\\/\\\/regiaonews.net.br\\\/2022\\\/#\\\/schema\\\/person\\\/2d205a608a5aa97ac279d7a5e6d89ad8\",\"name\":\"Roberto\",\"image\":{\"@type\":\"ImageObject\",\"inLanguage\":\"pt-BR\",\"@id\":\"https:\\\/\\\/secure.gravatar.com\\\/avatar\\\/42749d8b712ff9d59ca93dc150494e5b55a44134482993f5baeb97e61b7ecc89?s=96&d=mm&r=g\",\"url\":\"https:\\\/\\\/secure.gravatar.com\\\/avatar\\\/42749d8b712ff9d59ca93dc150494e5b55a44134482993f5baeb97e61b7ecc89?s=96&d=mm&r=g\",\"contentUrl\":\"https:\\\/\\\/secure.gravatar.com\\\/avatar\\\/42749d8b712ff9d59ca93dc150494e5b55a44134482993f5baeb97e61b7ecc89?s=96&d=mm&r=g\",\"caption\":\"Roberto\"},\"url\":\"https:\\\/\\\/regiaonews.net.br\\\/2022\\\/author\\\/roberto\\\/\"}]}<\/script>\n<!-- \/ Yoast SEO plugin. -->","yoast_head_json":{"title":"Vasco quebra jejum de 14 anos e derrota o Corinthians em S\u00e3o Janu\u00e1rio - Regi\u00e3o News","robots":{"index":"index","follow":"follow","max-snippet":"max-snippet:-1","max-image-preview":"max-image-preview:large","max-video-preview":"max-video-preview:-1"},"canonical":"https:\/\/regiaonews.net.br\/2022\/2024\/07\/11\/vasco-quebra-jejum-de-14-anos-e-derrota-o-corinthians-em-sao-januario\/","og_locale":"pt_BR","og_type":"article","og_title":"Vasco quebra jejum de 14 anos e derrota o Corinthians em S\u00e3o Janu\u00e1rio - Regi\u00e3o News","og_description":"O Corinthians sofreu mais uma derrota no Brasileir\u00e3o na noite","og_url":"https:\/\/regiaonews.net.br\/2022\/2024\/07\/11\/vasco-quebra-jejum-de-14-anos-e-derrota-o-corinthians-em-sao-januario\/","og_site_name":"Regi\u00e3o News","article_published_time":"2024-07-11T12:59:09+00:00","og_image":[{"width":941,"height":760,"url":"https:\/\/regiaonews.net.br\/2022\/wp-content\/uploads\/2024\/07\/wesley_em_campo_durante_jogo_do_corinthians_wgie.jpg","type":"image\/jpeg"}],"author":"Roberto","twitter_card":"summary_large_image","twitter_misc":{"Escrito por":"Roberto","Est. tempo de leitura":"1 minuto"},"schema":{"@context":"https:\/\/schema.org","@graph":[{"@type":"Article","@id":"https:\/\/regiaonews.net.br\/2022\/2024\/07\/11\/vasco-quebra-jejum-de-14-anos-e-derrota-o-corinthians-em-sao-januario\/#article","isPartOf":{"@id":"https:\/\/regiaonews.net.br\/2022\/2024\/07\/11\/vasco-quebra-jejum-de-14-anos-e-derrota-o-corinthians-em-sao-januario\/"},"author":{"name":"Roberto","@id":"https:\/\/regiaonews.net.br\/2022\/#\/schema\/person\/2d205a608a5aa97ac279d7a5e6d89ad8"},"headline":"Vasco quebra jejum de 14 anos e derrota o Corinthians em S\u00e3o Janu\u00e1rio","datePublished":"2024-07-11T12:59:09+00:00","mainEntityOfPage":{"@id":"https:\/\/regiaonews.net.br\/2022\/2024\/07\/11\/vasco-quebra-jejum-de-14-anos-e-derrota-o-corinthians-em-sao-januario\/"},"wordCount":140,"commentCount":0,"publisher":{"@id":"https:\/\/regiaonews.net.br\/2022\/#organization"},"image":{"@id":"https:\/\/regiaonews.net.br\/2022\/2024\/07\/11\/vasco-quebra-jejum-de-14-anos-e-derrota-o-corinthians-em-sao-januario\/#primaryimage"},"thumbnailUrl":"https:\/\/regiaonews.net.br\/2022\/wp-content\/uploads\/2024\/07\/wesley_em_campo_durante_jogo_do_corinthians_wgie.jpg","articleSection":["Brasileir\u00e3o","Esporte"],"inLanguage":"pt-BR","potentialAction":[{"@type":"CommentAction","name":"Comment","target":["https:\/\/regiaonews.net.br\/2022\/2024\/07\/11\/vasco-quebra-jejum-de-14-anos-e-derrota-o-corinthians-em-sao-januario\/#respond"]}]},{"@type":"WebPage","@id":"https:\/\/regiaonews.net.br\/2022\/2024\/07\/11\/vasco-quebra-jejum-de-14-anos-e-derrota-o-corinthians-em-sao-januario\/","url":"https:\/\/regiaonews.net.br\/2022\/2024\/07\/11\/vasco-quebra-jejum-de-14-anos-e-derrota-o-corinthians-em-sao-januario\/","name":"Vasco quebra jejum de 14 anos e derrota o Corinthians em S\u00e3o Janu\u00e1rio - Regi\u00e3o News","isPartOf":{"@id":"https:\/\/regiaonews.net.br\/2022\/#website"},"primaryImageOfPage":{"@id":"https:\/\/regiaonews.net.br\/2022\/2024\/07\/11\/vasco-quebra-jejum-de-14-anos-e-derrota-o-corinthians-em-sao-januario\/#primaryimage"},"image":{"@id":"https:\/\/regiaonews.net.br\/2022\/2024\/07\/11\/vasco-quebra-jejum-de-14-anos-e-derrota-o-corinthians-em-sao-januario\/#primaryimage"},"thumbnailUrl":"https:\/\/regiaonews.net.br\/2022\/wp-content\/uploads\/2024\/07\/wesley_em_campo_durante_jogo_do_corinthians_wgie.jpg","datePublished":"2024-07-11T12:59:09+00:00","breadcrumb":{"@id":"https:\/\/regiaonews.net.br\/2022\/2024\/07\/11\/vasco-quebra-jejum-de-14-anos-e-derrota-o-corinthians-em-sao-januario\/#breadcrumb"},"inLanguage":"pt-BR","potentialAction":[{"@type":"ReadAction","target":["https:\/\/regiaonews.net.br\/2022\/2024\/07\/11\/vasco-quebra-jejum-de-14-anos-e-derrota-o-corinthians-em-sao-januario\/"]}]},{"@type":"ImageObject","inLanguage":"pt-BR","@id":"https:\/\/regiaonews.net.br\/2022\/2024\/07\/11\/vasco-quebra-jejum-de-14-anos-e-derrota-o-corinthians-em-sao-januario\/#primaryimage","url":"https:\/\/regiaonews.net.br\/2022\/wp-content\/uploads\/2024\/07\/wesley_em_campo_durante_jogo_do_corinthians_wgie.jpg","contentUrl":"https:\/\/regiaonews.net.br\/2022\/wp-content\/uploads\/2024\/07\/wesley_em_campo_durante_jogo_do_corinthians_wgie.jpg","width":941,"height":760},{"@type":"BreadcrumbList","@id":"https:\/\/regiaonews.net.br\/2022\/2024\/07\/11\/vasco-quebra-jejum-de-14-anos-e-derrota-o-corinthians-em-sao-januario\/#breadcrumb","itemListElement":[{"@type":"ListItem","position":1,"name":"In\u00edcio","item":"https:\/\/regiaonews.net.br\/2022\/"},{"@type":"ListItem","position":2,"name":"Vasco quebra jejum de 14 anos e derrota o Corinthians em S\u00e3o Janu\u00e1rio"}]},{"@type":"WebSite","@id":"https:\/\/regiaonews.net.br\/2022\/#website","url":"https:\/\/regiaonews.net.br\/2022\/","name":"Regi\u00e3o News","description":"Site de Not\u00edcias de Barretos e regi\u00e3o","publisher":{"@id":"https:\/\/regiaonews.net.br\/2022\/#organization"},"potentialAction":[{"@type":"SearchAction","target":{"@type":"EntryPoint","urlTemplate":"https:\/\/regiaonews.net.br\/2022\/?s={search_term_string}"},"query-input":{"@type":"PropertyValueSpecification","valueRequired":true,"valueName":"search_term_string"}}],"inLanguage":"pt-BR"},{"@type":"Organization","@id":"https:\/\/regiaonews.net.br\/2022\/#organization","name":"Regi\u00e3o News","url":"https:\/\/regiaonews.net.br\/2022\/","logo":{"@type":"ImageObject","inLanguage":"pt-BR","@id":"https:\/\/regiaonews.net.br\/2022\/#\/schema\/logo\/image\/","url":"https:\/\/regiaonews.net.br\/2022\/wp-content\/uploads\/2026\/03\/regiao-13-anos-scaled.jpg","contentUrl":"https:\/\/regiaonews.net.br\/2022\/wp-content\/uploads\/2026\/03\/regiao-13-anos-scaled.jpg","width":2560,"height":635,"caption":"Regi\u00e3o News"},"image":{"@id":"https:\/\/regiaonews.net.br\/2022\/#\/schema\/logo\/image\/"}},{"@type":"Person","@id":"https:\/\/regiaonews.net.br\/2022\/#\/schema\/person\/2d205a608a5aa97ac279d7a5e6d89ad8","name":"Roberto","image":{"@type":"ImageObject","inLanguage":"pt-BR","@id":"https:\/\/secure.gravatar.com\/avatar\/42749d8b712ff9d59ca93dc150494e5b55a44134482993f5baeb97e61b7ecc89?s=96&d=mm&r=g","url":"https:\/\/secure.gravatar.com\/avatar\/42749d8b712ff9d59ca93dc150494e5b55a44134482993f5baeb97e61b7ecc89?s=96&d=mm&r=g","contentUrl":"https:\/\/secure.gravatar.com\/avatar\/42749d8b712ff9d59ca93dc150494e5b55a44134482993f5baeb97e61b7ecc89?s=96&d=mm&r=g","caption":"Roberto"},"url":"https:\/\/regiaonews.net.br\/2022\/author\/roberto\/"}]}},"publishpress_future_action":{"enabled":false,"date":"2026-05-03 06:20:28","action":"change-status","newStatus":"draft","terms":[],"taxonomy":"category","extraData":[]},"publishpress_future_workflow_manual_trigger":{"enabledWorkflows":[]},"_links":{"self":[{"href":"https:\/\/regiaonews.net.br\/2022\/wp-json\/wp\/v2\/posts\/107546","targetHints":{"allow":["GET"]}}],"collection":[{"href":"https:\/\/regiaonews.net.br\/2022\/wp-json\/wp\/v2\/posts"}],"about":[{"href":"https:\/\/regiaonews.net.br\/2022\/wp-json\/wp\/v2\/types\/post"}],"author":[{"embeddable":true,"href":"https:\/\/regiaonews.net.br\/2022\/wp-json\/wp\/v2\/users\/2"}],"replies":[{"embeddable":true,"href":"https:\/\/regiaonews.net.br\/2022\/wp-json\/wp\/v2\/comments?post=107546"}],"version-history":[{"count":1,"href":"https:\/\/regiaonews.net.br\/2022\/wp-json\/wp\/v2\/posts\/107546\/revisions"}],"predecessor-version":[{"id":107548,"href":"https:\/\/regiaonews.net.br\/2022\/wp-json\/wp\/v2\/posts\/107546\/revisions\/107548"}],"wp:featuredmedia":[{"embeddable":true,"href":"https:\/\/regiaonews.net.br\/2022\/wp-json\/wp\/v2\/media\/107547"}],"wp:attachment":[{"href":"https:\/\/regiaonews.net.br\/2022\/wp-json\/wp\/v2\/media?parent=107546"}],"wp:term":[{"taxonomy":"category","embeddable":true,"href":"https:\/\/regiaonews.net.br\/2022\/wp-json\/wp\/v2\/categories?post=107546"},{"taxonomy":"post_tag","embeddable":true,"href":"https:\/\/regiaonews.net.br\/2022\/wp-json\/wp\/v2\/tags?post=107546"}],"curies":[{"name":"wp","href":"https:\/\/api.w.org\/{rel}","templated":true}]}}