{"id":107527,"date":"2024-07-10T19:54:08","date_gmt":"2024-07-10T22:54:08","guid":{"rendered":"https:\/\/regiaonews.net.br\/2022\/?p=107527"},"modified":"2024-07-10T23:12:46","modified_gmt":"2024-07-11T02:12:46","slug":"semana-espirita-prossegue-nesta-quinta-e-sexta-no-lar-da-crianca","status":"publish","type":"post","link":"https:\/\/regiaonews.net.br\/2022\/2024\/07\/10\/semana-espirita-prossegue-nesta-quinta-e-sexta-no-lar-da-crianca\/","title":{"rendered":"Semana Esp\u00edrita prossegue nesta quinta e sexta, no Lar da Crian\u00e7a"},"content":{"rendered":"<p><a href=\"https:\/\/regiaonews.net.br\/2022\/wp-content\/uploads\/2024\/07\/IMG-20240710-WA0439.jpg\"><img loading=\"lazy\" decoding=\"async\" class=\"alignnone size-medium wp-image-107542\" src=\"https:\/\/regiaonews.net.br\/2022\/wp-content\/uploads\/2024\/07\/IMG-20240710-WA0439-225x300.jpg\" alt=\"\" width=\"225\" height=\"300\" srcset=\"https:\/\/regiaonews.net.br\/2022\/wp-content\/uploads\/2024\/07\/IMG-20240710-WA0439-225x300.jpg 225w, https:\/\/regiaonews.net.br\/2022\/wp-content\/uploads\/2024\/07\/IMG-20240710-WA0439-768x1024.jpg 768w, https:\/\/regiaonews.net.br\/2022\/wp-content\/uploads\/2024\/07\/IMG-20240710-WA0439-1152x1536.jpg 1152w, https:\/\/regiaonews.net.br\/2022\/wp-content\/uploads\/2024\/07\/IMG-20240710-WA0439-250x333.jpg 250w, https:\/\/regiaonews.net.br\/2022\/wp-content\/uploads\/2024\/07\/IMG-20240710-WA0439.jpg 1200w\" sizes=\"auto, (max-width: 225px) 100vw, 225px\" \/><\/a><\/p>\n<p>A 63\u00aa Semana Esp\u00edrita organizada pela USE \u2013 Uni\u00e3o das Sociedades Esp\u00edrita Intermunicipal de Barretos prossegue at\u00e9 amanh\u00e3 (12), com palestras \u00e0s 20h, no Lar da Crian\u00e7a, na rua 34 entre as ruas 17 e 19, no centro de Barretos. A palestra desta quinta-feira (11), ser\u00e1 ministrada Agnaldo Vasconcelos e encerrando a semana em Barretos, a palestrante ser\u00e1 Andrea Reis. A partir de segunda (15), a semana ser\u00e1 realizada em Colina, tendo como orador Ot\u00e1vio Mandr\u00e1.<\/p>\n","protected":false},"excerpt":{"rendered":"<p>A 63\u00aa Semana Esp\u00edrita organizada pela USE \u2013 Uni\u00e3o das<\/p>\n","protected":false},"author":2,"featured_media":107542,"comment_status":"open","ping_status":"open","sticky":false,"template":"","format":"standard","meta":{"footnotes":""},"categories":[14,3],"tags":[],"class_list":["post-107527","post","type-post","status-publish","format-standard","has-post-thumbnail","hentry","category-barretos","category-geral"],"yoast_head":"<!-- This site is optimized with the Yoast SEO plugin v27.4 - https:\/\/yoast.com\/product\/yoast-seo-wordpress\/ -->\n<title>Semana Esp\u00edrita prossegue nesta quinta e sexta, no Lar da Crian\u00e7a - Regi\u00e3o News<\/title>\n<meta name=\"robots\" content=\"index, follow, max-snippet:-1, max-image-preview:large, max-video-preview:-1\" \/>\n<link rel=\"canonical\" href=\"https:\/\/regiaonews.net.br\/2022\/2024\/07\/10\/semana-espirita-prossegue-nesta-quinta-e-sexta-no-lar-da-crianca\/\" \/>\n<meta property=\"og:locale\" content=\"pt_BR\" \/>\n<meta property=\"og:type\" content=\"article\" \/>\n<meta property=\"og:title\" content=\"Semana Esp\u00edrita prossegue nesta quinta e sexta, no Lar da Crian\u00e7a - Regi\u00e3o News\" \/>\n<meta property=\"og:description\" content=\"A 63\u00aa Semana Esp\u00edrita organizada pela USE \u2013 Uni\u00e3o das\" \/>\n<meta property=\"og:url\" content=\"https:\/\/regiaonews.net.br\/2022\/2024\/07\/10\/semana-espirita-prossegue-nesta-quinta-e-sexta-no-lar-da-crianca\/\" \/>\n<meta property=\"og:site_name\" content=\"Regi\u00e3o News\" \/>\n<meta property=\"article:published_time\" content=\"2024-07-10T22:54:08+00:00\" \/>\n<meta property=\"article:modified_time\" content=\"2024-07-11T02:12:46+00:00\" \/>\n<meta property=\"og:image\" content=\"https:\/\/regiaonews.net.br\/2022\/wp-content\/uploads\/2024\/07\/IMG-20240710-WA0439.jpg\" \/>\n\t<meta property=\"og:image:width\" content=\"1200\" \/>\n\t<meta property=\"og:image:height\" content=\"1600\" \/>\n\t<meta property=\"og:image:type\" content=\"image\/jpeg\" \/>\n<meta name=\"author\" content=\"Roberto\" \/>\n<meta name=\"twitter:card\" content=\"summary_large_image\" \/>\n<meta name=\"twitter:label1\" content=\"Escrito por\" \/>\n\t<meta name=\"twitter:data1\" content=\"Roberto\" \/>\n\t<meta name=\"twitter:label2\" content=\"Est. tempo de leitura\" \/>\n\t<meta name=\"twitter:data2\" content=\"1 minuto\" \/>\n<script type=\"application\/ld+json\" class=\"yoast-schema-graph\">{\"@context\":\"https:\\\/\\\/schema.org\",\"@graph\":[{\"@type\":\"Article\",\"@id\":\"https:\\\/\\\/regiaonews.net.br\\\/2022\\\/2024\\\/07\\\/10\\\/semana-espirita-prossegue-nesta-quinta-e-sexta-no-lar-da-crianca\\\/#article\",\"isPartOf\":{\"@id\":\"https:\\\/\\\/regiaonews.net.br\\\/2022\\\/2024\\\/07\\\/10\\\/semana-espirita-prossegue-nesta-quinta-e-sexta-no-lar-da-crianca\\\/\"},\"author\":{\"name\":\"Roberto\",\"@id\":\"https:\\\/\\\/regiaonews.net.br\\\/2022\\\/#\\\/schema\\\/person\\\/2d205a608a5aa97ac279d7a5e6d89ad8\"},\"headline\":\"Semana Esp\u00edrita prossegue nesta quinta e sexta, no Lar da Crian\u00e7a\",\"datePublished\":\"2024-07-10T22:54:08+00:00\",\"dateModified\":\"2024-07-11T02:12:46+00:00\",\"mainEntityOfPage\":{\"@id\":\"https:\\\/\\\/regiaonews.net.br\\\/2022\\\/2024\\\/07\\\/10\\\/semana-espirita-prossegue-nesta-quinta-e-sexta-no-lar-da-crianca\\\/\"},\"wordCount\":86,\"commentCount\":0,\"publisher\":{\"@id\":\"https:\\\/\\\/regiaonews.net.br\\\/2022\\\/#organization\"},\"image\":{\"@id\":\"https:\\\/\\\/regiaonews.net.br\\\/2022\\\/2024\\\/07\\\/10\\\/semana-espirita-prossegue-nesta-quinta-e-sexta-no-lar-da-crianca\\\/#primaryimage\"},\"thumbnailUrl\":\"https:\\\/\\\/regiaonews.net.br\\\/2022\\\/wp-content\\\/uploads\\\/2024\\\/07\\\/IMG-20240710-WA0439.jpg\",\"articleSection\":[\"Barretos\",\"Geral\"],\"inLanguage\":\"pt-BR\",\"potentialAction\":[{\"@type\":\"CommentAction\",\"name\":\"Comment\",\"target\":[\"https:\\\/\\\/regiaonews.net.br\\\/2022\\\/2024\\\/07\\\/10\\\/semana-espirita-prossegue-nesta-quinta-e-sexta-no-lar-da-crianca\\\/#respond\"]}]},{\"@type\":\"WebPage\",\"@id\":\"https:\\\/\\\/regiaonews.net.br\\\/2022\\\/2024\\\/07\\\/10\\\/semana-espirita-prossegue-nesta-quinta-e-sexta-no-lar-da-crianca\\\/\",\"url\":\"https:\\\/\\\/regiaonews.net.br\\\/2022\\\/2024\\\/07\\\/10\\\/semana-espirita-prossegue-nesta-quinta-e-sexta-no-lar-da-crianca\\\/\",\"name\":\"Semana Esp\u00edrita prossegue nesta quinta e sexta, no Lar da Crian\u00e7a - Regi\u00e3o News\",\"isPartOf\":{\"@id\":\"https:\\\/\\\/regiaonews.net.br\\\/2022\\\/#website\"},\"primaryImageOfPage\":{\"@id\":\"https:\\\/\\\/regiaonews.net.br\\\/2022\\\/2024\\\/07\\\/10\\\/semana-espirita-prossegue-nesta-quinta-e-sexta-no-lar-da-crianca\\\/#primaryimage\"},\"image\":{\"@id\":\"https:\\\/\\\/regiaonews.net.br\\\/2022\\\/2024\\\/07\\\/10\\\/semana-espirita-prossegue-nesta-quinta-e-sexta-no-lar-da-crianca\\\/#primaryimage\"},\"thumbnailUrl\":\"https:\\\/\\\/regiaonews.net.br\\\/2022\\\/wp-content\\\/uploads\\\/2024\\\/07\\\/IMG-20240710-WA0439.jpg\",\"datePublished\":\"2024-07-10T22:54:08+00:00\",\"dateModified\":\"2024-07-11T02:12:46+00:00\",\"breadcrumb\":{\"@id\":\"https:\\\/\\\/regiaonews.net.br\\\/2022\\\/2024\\\/07\\\/10\\\/semana-espirita-prossegue-nesta-quinta-e-sexta-no-lar-da-crianca\\\/#breadcrumb\"},\"inLanguage\":\"pt-BR\",\"potentialAction\":[{\"@type\":\"ReadAction\",\"target\":[\"https:\\\/\\\/regiaonews.net.br\\\/2022\\\/2024\\\/07\\\/10\\\/semana-espirita-prossegue-nesta-quinta-e-sexta-no-lar-da-crianca\\\/\"]}]},{\"@type\":\"ImageObject\",\"inLanguage\":\"pt-BR\",\"@id\":\"https:\\\/\\\/regiaonews.net.br\\\/2022\\\/2024\\\/07\\\/10\\\/semana-espirita-prossegue-nesta-quinta-e-sexta-no-lar-da-crianca\\\/#primaryimage\",\"url\":\"https:\\\/\\\/regiaonews.net.br\\\/2022\\\/wp-content\\\/uploads\\\/2024\\\/07\\\/IMG-20240710-WA0439.jpg\",\"contentUrl\":\"https:\\\/\\\/regiaonews.net.br\\\/2022\\\/wp-content\\\/uploads\\\/2024\\\/07\\\/IMG-20240710-WA0439.jpg\",\"width\":1200,\"height\":1600},{\"@type\":\"BreadcrumbList\",\"@id\":\"https:\\\/\\\/regiaonews.net.br\\\/2022\\\/2024\\\/07\\\/10\\\/semana-espirita-prossegue-nesta-quinta-e-sexta-no-lar-da-crianca\\\/#breadcrumb\",\"itemListElement\":[{\"@type\":\"ListItem\",\"position\":1,\"name\":\"In\u00edcio\",\"item\":\"https:\\\/\\\/regiaonews.net.br\\\/2022\\\/\"},{\"@type\":\"ListItem\",\"position\":2,\"name\":\"Semana Esp\u00edrita prossegue nesta quinta e sexta, no Lar da Crian\u00e7a\"}]},{\"@type\":\"WebSite\",\"@id\":\"https:\\\/\\\/regiaonews.net.br\\\/2022\\\/#website\",\"url\":\"https:\\\/\\\/regiaonews.net.br\\\/2022\\\/\",\"name\":\"Regi\u00e3o News\",\"description\":\"Site de Not\u00edcias de Barretos e regi\u00e3o\",\"publisher\":{\"@id\":\"https:\\\/\\\/regiaonews.net.br\\\/2022\\\/#organization\"},\"potentialAction\":[{\"@type\":\"SearchAction\",\"target\":{\"@type\":\"EntryPoint\",\"urlTemplate\":\"https:\\\/\\\/regiaonews.net.br\\\/2022\\\/?s={search_term_string}\"},\"query-input\":{\"@type\":\"PropertyValueSpecification\",\"valueRequired\":true,\"valueName\":\"search_term_string\"}}],\"inLanguage\":\"pt-BR\"},{\"@type\":\"Organization\",\"@id\":\"https:\\\/\\\/regiaonews.net.br\\\/2022\\\/#organization\",\"name\":\"Regi\u00e3o News\",\"url\":\"https:\\\/\\\/regiaonews.net.br\\\/2022\\\/\",\"logo\":{\"@type\":\"ImageObject\",\"inLanguage\":\"pt-BR\",\"@id\":\"https:\\\/\\\/regiaonews.net.br\\\/2022\\\/#\\\/schema\\\/logo\\\/image\\\/\",\"url\":\"https:\\\/\\\/regiaonews.net.br\\\/2022\\\/wp-content\\\/uploads\\\/2026\\\/03\\\/regiao-13-anos-scaled.jpg\",\"contentUrl\":\"https:\\\/\\\/regiaonews.net.br\\\/2022\\\/wp-content\\\/uploads\\\/2026\\\/03\\\/regiao-13-anos-scaled.jpg\",\"width\":2560,\"height\":635,\"caption\":\"Regi\u00e3o News\"},\"image\":{\"@id\":\"https:\\\/\\\/regiaonews.net.br\\\/2022\\\/#\\\/schema\\\/logo\\\/image\\\/\"}},{\"@type\":\"Person\",\"@id\":\"https:\\\/\\\/regiaonews.net.br\\\/2022\\\/#\\\/schema\\\/person\\\/2d205a608a5aa97ac279d7a5e6d89ad8\",\"name\":\"Roberto\",\"image\":{\"@type\":\"ImageObject\",\"inLanguage\":\"pt-BR\",\"@id\":\"https:\\\/\\\/secure.gravatar.com\\\/avatar\\\/42749d8b712ff9d59ca93dc150494e5b55a44134482993f5baeb97e61b7ecc89?s=96&d=mm&r=g\",\"url\":\"https:\\\/\\\/secure.gravatar.com\\\/avatar\\\/42749d8b712ff9d59ca93dc150494e5b55a44134482993f5baeb97e61b7ecc89?s=96&d=mm&r=g\",\"contentUrl\":\"https:\\\/\\\/secure.gravatar.com\\\/avatar\\\/42749d8b712ff9d59ca93dc150494e5b55a44134482993f5baeb97e61b7ecc89?s=96&d=mm&r=g\",\"caption\":\"Roberto\"},\"url\":\"https:\\\/\\\/regiaonews.net.br\\\/2022\\\/author\\\/roberto\\\/\"}]}<\/script>\n<!-- \/ Yoast SEO plugin. -->","yoast_head_json":{"title":"Semana Esp\u00edrita prossegue nesta quinta e sexta, no Lar da Crian\u00e7a - Regi\u00e3o News","robots":{"index":"index","follow":"follow","max-snippet":"max-snippet:-1","max-image-preview":"max-image-preview:large","max-video-preview":"max-video-preview:-1"},"canonical":"https:\/\/regiaonews.net.br\/2022\/2024\/07\/10\/semana-espirita-prossegue-nesta-quinta-e-sexta-no-lar-da-crianca\/","og_locale":"pt_BR","og_type":"article","og_title":"Semana Esp\u00edrita prossegue nesta quinta e sexta, no Lar da Crian\u00e7a - Regi\u00e3o News","og_description":"A 63\u00aa Semana Esp\u00edrita organizada pela USE \u2013 Uni\u00e3o das","og_url":"https:\/\/regiaonews.net.br\/2022\/2024\/07\/10\/semana-espirita-prossegue-nesta-quinta-e-sexta-no-lar-da-crianca\/","og_site_name":"Regi\u00e3o News","article_published_time":"2024-07-10T22:54:08+00:00","article_modified_time":"2024-07-11T02:12:46+00:00","og_image":[{"width":1200,"height":1600,"url":"https:\/\/regiaonews.net.br\/2022\/wp-content\/uploads\/2024\/07\/IMG-20240710-WA0439.jpg","type":"image\/jpeg"}],"author":"Roberto","twitter_card":"summary_large_image","twitter_misc":{"Escrito por":"Roberto","Est. tempo de leitura":"1 minuto"},"schema":{"@context":"https:\/\/schema.org","@graph":[{"@type":"Article","@id":"https:\/\/regiaonews.net.br\/2022\/2024\/07\/10\/semana-espirita-prossegue-nesta-quinta-e-sexta-no-lar-da-crianca\/#article","isPartOf":{"@id":"https:\/\/regiaonews.net.br\/2022\/2024\/07\/10\/semana-espirita-prossegue-nesta-quinta-e-sexta-no-lar-da-crianca\/"},"author":{"name":"Roberto","@id":"https:\/\/regiaonews.net.br\/2022\/#\/schema\/person\/2d205a608a5aa97ac279d7a5e6d89ad8"},"headline":"Semana Esp\u00edrita prossegue nesta quinta e sexta, no Lar da Crian\u00e7a","datePublished":"2024-07-10T22:54:08+00:00","dateModified":"2024-07-11T02:12:46+00:00","mainEntityOfPage":{"@id":"https:\/\/regiaonews.net.br\/2022\/2024\/07\/10\/semana-espirita-prossegue-nesta-quinta-e-sexta-no-lar-da-crianca\/"},"wordCount":86,"commentCount":0,"publisher":{"@id":"https:\/\/regiaonews.net.br\/2022\/#organization"},"image":{"@id":"https:\/\/regiaonews.net.br\/2022\/2024\/07\/10\/semana-espirita-prossegue-nesta-quinta-e-sexta-no-lar-da-crianca\/#primaryimage"},"thumbnailUrl":"https:\/\/regiaonews.net.br\/2022\/wp-content\/uploads\/2024\/07\/IMG-20240710-WA0439.jpg","articleSection":["Barretos","Geral"],"inLanguage":"pt-BR","potentialAction":[{"@type":"CommentAction","name":"Comment","target":["https:\/\/regiaonews.net.br\/2022\/2024\/07\/10\/semana-espirita-prossegue-nesta-quinta-e-sexta-no-lar-da-crianca\/#respond"]}]},{"@type":"WebPage","@id":"https:\/\/regiaonews.net.br\/2022\/2024\/07\/10\/semana-espirita-prossegue-nesta-quinta-e-sexta-no-lar-da-crianca\/","url":"https:\/\/regiaonews.net.br\/2022\/2024\/07\/10\/semana-espirita-prossegue-nesta-quinta-e-sexta-no-lar-da-crianca\/","name":"Semana Esp\u00edrita prossegue nesta quinta e sexta, no Lar da Crian\u00e7a - Regi\u00e3o News","isPartOf":{"@id":"https:\/\/regiaonews.net.br\/2022\/#website"},"primaryImageOfPage":{"@id":"https:\/\/regiaonews.net.br\/2022\/2024\/07\/10\/semana-espirita-prossegue-nesta-quinta-e-sexta-no-lar-da-crianca\/#primaryimage"},"image":{"@id":"https:\/\/regiaonews.net.br\/2022\/2024\/07\/10\/semana-espirita-prossegue-nesta-quinta-e-sexta-no-lar-da-crianca\/#primaryimage"},"thumbnailUrl":"https:\/\/regiaonews.net.br\/2022\/wp-content\/uploads\/2024\/07\/IMG-20240710-WA0439.jpg","datePublished":"2024-07-10T22:54:08+00:00","dateModified":"2024-07-11T02:12:46+00:00","breadcrumb":{"@id":"https:\/\/regiaonews.net.br\/2022\/2024\/07\/10\/semana-espirita-prossegue-nesta-quinta-e-sexta-no-lar-da-crianca\/#breadcrumb"},"inLanguage":"pt-BR","potentialAction":[{"@type":"ReadAction","target":["https:\/\/regiaonews.net.br\/2022\/2024\/07\/10\/semana-espirita-prossegue-nesta-quinta-e-sexta-no-lar-da-crianca\/"]}]},{"@type":"ImageObject","inLanguage":"pt-BR","@id":"https:\/\/regiaonews.net.br\/2022\/2024\/07\/10\/semana-espirita-prossegue-nesta-quinta-e-sexta-no-lar-da-crianca\/#primaryimage","url":"https:\/\/regiaonews.net.br\/2022\/wp-content\/uploads\/2024\/07\/IMG-20240710-WA0439.jpg","contentUrl":"https:\/\/regiaonews.net.br\/2022\/wp-content\/uploads\/2024\/07\/IMG-20240710-WA0439.jpg","width":1200,"height":1600},{"@type":"BreadcrumbList","@id":"https:\/\/regiaonews.net.br\/2022\/2024\/07\/10\/semana-espirita-prossegue-nesta-quinta-e-sexta-no-lar-da-crianca\/#breadcrumb","itemListElement":[{"@type":"ListItem","position":1,"name":"In\u00edcio","item":"https:\/\/regiaonews.net.br\/2022\/"},{"@type":"ListItem","position":2,"name":"Semana Esp\u00edrita prossegue nesta quinta e sexta, no Lar da Crian\u00e7a"}]},{"@type":"WebSite","@id":"https:\/\/regiaonews.net.br\/2022\/#website","url":"https:\/\/regiaonews.net.br\/2022\/","name":"Regi\u00e3o News","description":"Site de Not\u00edcias de Barretos e regi\u00e3o","publisher":{"@id":"https:\/\/regiaonews.net.br\/2022\/#organization"},"potentialAction":[{"@type":"SearchAction","target":{"@type":"EntryPoint","urlTemplate":"https:\/\/regiaonews.net.br\/2022\/?s={search_term_string}"},"query-input":{"@type":"PropertyValueSpecification","valueRequired":true,"valueName":"search_term_string"}}],"inLanguage":"pt-BR"},{"@type":"Organization","@id":"https:\/\/regiaonews.net.br\/2022\/#organization","name":"Regi\u00e3o News","url":"https:\/\/regiaonews.net.br\/2022\/","logo":{"@type":"ImageObject","inLanguage":"pt-BR","@id":"https:\/\/regiaonews.net.br\/2022\/#\/schema\/logo\/image\/","url":"https:\/\/regiaonews.net.br\/2022\/wp-content\/uploads\/2026\/03\/regiao-13-anos-scaled.jpg","contentUrl":"https:\/\/regiaonews.net.br\/2022\/wp-content\/uploads\/2026\/03\/regiao-13-anos-scaled.jpg","width":2560,"height":635,"caption":"Regi\u00e3o News"},"image":{"@id":"https:\/\/regiaonews.net.br\/2022\/#\/schema\/logo\/image\/"}},{"@type":"Person","@id":"https:\/\/regiaonews.net.br\/2022\/#\/schema\/person\/2d205a608a5aa97ac279d7a5e6d89ad8","name":"Roberto","image":{"@type":"ImageObject","inLanguage":"pt-BR","@id":"https:\/\/secure.gravatar.com\/avatar\/42749d8b712ff9d59ca93dc150494e5b55a44134482993f5baeb97e61b7ecc89?s=96&d=mm&r=g","url":"https:\/\/secure.gravatar.com\/avatar\/42749d8b712ff9d59ca93dc150494e5b55a44134482993f5baeb97e61b7ecc89?s=96&d=mm&r=g","contentUrl":"https:\/\/secure.gravatar.com\/avatar\/42749d8b712ff9d59ca93dc150494e5b55a44134482993f5baeb97e61b7ecc89?s=96&d=mm&r=g","caption":"Roberto"},"url":"https:\/\/regiaonews.net.br\/2022\/author\/roberto\/"}]}},"publishpress_future_action":{"enabled":false,"date":"2026-05-03 06:21:56","action":"change-status","newStatus":"draft","terms":[],"taxonomy":"category","extraData":[]},"publishpress_future_workflow_manual_trigger":{"enabledWorkflows":[]},"_links":{"self":[{"href":"https:\/\/regiaonews.net.br\/2022\/wp-json\/wp\/v2\/posts\/107527","targetHints":{"allow":["GET"]}}],"collection":[{"href":"https:\/\/regiaonews.net.br\/2022\/wp-json\/wp\/v2\/posts"}],"about":[{"href":"https:\/\/regiaonews.net.br\/2022\/wp-json\/wp\/v2\/types\/post"}],"author":[{"embeddable":true,"href":"https:\/\/regiaonews.net.br\/2022\/wp-json\/wp\/v2\/users\/2"}],"replies":[{"embeddable":true,"href":"https:\/\/regiaonews.net.br\/2022\/wp-json\/wp\/v2\/comments?post=107527"}],"version-history":[{"count":3,"href":"https:\/\/regiaonews.net.br\/2022\/wp-json\/wp\/v2\/posts\/107527\/revisions"}],"predecessor-version":[{"id":107545,"href":"https:\/\/regiaonews.net.br\/2022\/wp-json\/wp\/v2\/posts\/107527\/revisions\/107545"}],"wp:featuredmedia":[{"embeddable":true,"href":"https:\/\/regiaonews.net.br\/2022\/wp-json\/wp\/v2\/media\/107542"}],"wp:attachment":[{"href":"https:\/\/regiaonews.net.br\/2022\/wp-json\/wp\/v2\/media?parent=107527"}],"wp:term":[{"taxonomy":"category","embeddable":true,"href":"https:\/\/regiaonews.net.br\/2022\/wp-json\/wp\/v2\/categories?post=107527"},{"taxonomy":"post_tag","embeddable":true,"href":"https:\/\/regiaonews.net.br\/2022\/wp-json\/wp\/v2\/tags?post=107527"}],"curies":[{"name":"wp","href":"https:\/\/api.w.org\/{rel}","templated":true}]}}