{"id":107524,"date":"2024-07-10T19:52:37","date_gmt":"2024-07-10T22:52:37","guid":{"rendered":"https:\/\/regiaonews.net.br\/2022\/?p=107524"},"modified":"2024-07-10T19:52:37","modified_gmt":"2024-07-10T22:52:37","slug":"padre-deusmar-anuncia-festeiros-da-proxima-festa-do-divino","status":"publish","type":"post","link":"https:\/\/regiaonews.net.br\/2022\/2024\/07\/10\/padre-deusmar-anuncia-festeiros-da-proxima-festa-do-divino\/","title":{"rendered":"Padre Deusmar anuncia Festeiros da pr\u00f3xima Festa do Divino"},"content":{"rendered":"<p>&nbsp;<\/p>\n<p>Durante a \u00faltima noite (segunda-feira) da Festa do Divino, o p\u00e1roco da Catedral do Divino Esp\u00edrito Santo, padre Deusmar Jesus da Silva, anunciou o Casal Festeiro para o evento do pr\u00f3ximo ano. A Festa ser\u00e1 coordenada por Jairo de Souza Machado J\u00fanior e Mar\u00f4.<br \/>\nO encerramento da Festa do Divino deste ano foi marcado por um almo\u00e7o, na ter\u00e7a-feira, \u00e0 tarde, na Pra\u00e7a Francisco Barreto, com uma t\u00edpica Queima do Alho preparada pela Comitiva Carlos Laurindo. Cerca de 400 pessoas almo\u00e7aram no local.<br \/>\nPadre Deusmar e os Festeiros Lincoln Menezes e Amanda Fabris agradeceram \u00e0 todos que participaram do evento e as pessoas que trabalharam em cada uma das fun\u00e7\u00f5es. Os volunt\u00e1rios s\u00e3o integrantes das comunidades que comp\u00f5em a Catedral e de outras par\u00f3quias que prestaram servi\u00e7os. O agradecimento foi feito tamb\u00e9m para os cantores que doaram seus cach\u00eas, patrocinadores oficiais, colaboradores e os Devotos do Divino.<br \/>\n&#8220;Um bel\u00edssimo evento que fechamos com chave de ouro. Ficamos muito felizes em poder trabalhar com todas equipes da organiza\u00e7\u00e3o da Festa do Divino. Muito gratificante estarmos mobilizados com todos que estiveram conosco&#8221; afirmaram Lincoln e Amanda.<br \/>\n&#8220;A Festa do Divino \u00e9 a Festa da fam\u00edlia. Incluindo a Queima do Alho foram cinco dias de conviv\u00eancia e confraterniza\u00e7\u00e3o. Parab\u00e9ns e obrigado \u00e0 todos que estiveram presentes e as pessoas que atuaram para realiza\u00e7\u00e3o do evento&#8221;, ressaltou o padre Deusmar. Durante os cinco dias a Festa do Divino houve celebra\u00e7\u00f5es de missas e a feira gastron\u00f4mica.<br \/>\nPROMO\u00c7\u00d5ES &#8211; Al\u00e9m dos cinco dias, foram realizadas duas promo\u00e7\u00f5es que renderam R$ 62 mil. Um Ch\u00e1 Beneficiente coordenado por Silvia Marchi arrecadou R$ 14 mil e o Devotos do Divino, R$ 48 mil. Os participantes foram: Marquinhos da MP Sports, Jaqueline Rossini e Bruno Lima, este \u00faltimo coroado Imperador do Divino (o que mais arrecadou) entre os 3 devotos<\/p>\n","protected":false},"excerpt":{"rendered":"<p>&nbsp; Durante a \u00faltima noite (segunda-feira) da Festa do Divino,<\/p>\n","protected":false},"author":2,"featured_media":107525,"comment_status":"open","ping_status":"open","sticky":false,"template":"","format":"standard","meta":{"footnotes":""},"categories":[14,3],"tags":[],"class_list":["post-107524","post","type-post","status-publish","format-standard","has-post-thumbnail","hentry","category-barretos","category-geral"],"yoast_head":"<!-- This site is optimized with the Yoast SEO plugin v27.4 - https:\/\/yoast.com\/product\/yoast-seo-wordpress\/ -->\n<title>Padre Deusmar anuncia Festeiros da pr\u00f3xima Festa do Divino - Regi\u00e3o News<\/title>\n<meta name=\"robots\" content=\"index, follow, max-snippet:-1, max-image-preview:large, max-video-preview:-1\" \/>\n<link rel=\"canonical\" href=\"https:\/\/regiaonews.net.br\/2022\/2024\/07\/10\/padre-deusmar-anuncia-festeiros-da-proxima-festa-do-divino\/\" \/>\n<meta property=\"og:locale\" content=\"pt_BR\" \/>\n<meta property=\"og:type\" content=\"article\" \/>\n<meta property=\"og:title\" content=\"Padre Deusmar anuncia Festeiros da pr\u00f3xima Festa do Divino - Regi\u00e3o News\" \/>\n<meta property=\"og:description\" content=\"&nbsp; Durante a \u00faltima noite (segunda-feira) da Festa do Divino,\" \/>\n<meta property=\"og:url\" content=\"https:\/\/regiaonews.net.br\/2022\/2024\/07\/10\/padre-deusmar-anuncia-festeiros-da-proxima-festa-do-divino\/\" \/>\n<meta property=\"og:site_name\" content=\"Regi\u00e3o News\" \/>\n<meta property=\"article:published_time\" content=\"2024-07-10T22:52:37+00:00\" \/>\n<meta property=\"og:image\" content=\"https:\/\/regiaonews.net.br\/2022\/wp-content\/uploads\/2024\/07\/WhatsApp-Image-2024-07-10-at-16.54.13.jpeg\" \/>\n\t<meta property=\"og:image:width\" content=\"1599\" \/>\n\t<meta property=\"og:image:height\" content=\"1200\" \/>\n\t<meta property=\"og:image:type\" content=\"image\/jpeg\" \/>\n<meta name=\"author\" content=\"Roberto\" \/>\n<meta name=\"twitter:card\" content=\"summary_large_image\" \/>\n<meta name=\"twitter:label1\" content=\"Escrito por\" \/>\n\t<meta name=\"twitter:data1\" content=\"Roberto\" \/>\n\t<meta name=\"twitter:label2\" content=\"Est. tempo de leitura\" \/>\n\t<meta name=\"twitter:data2\" content=\"2 minutos\" \/>\n<script type=\"application\/ld+json\" class=\"yoast-schema-graph\">{\"@context\":\"https:\\\/\\\/schema.org\",\"@graph\":[{\"@type\":\"Article\",\"@id\":\"https:\\\/\\\/regiaonews.net.br\\\/2022\\\/2024\\\/07\\\/10\\\/padre-deusmar-anuncia-festeiros-da-proxima-festa-do-divino\\\/#article\",\"isPartOf\":{\"@id\":\"https:\\\/\\\/regiaonews.net.br\\\/2022\\\/2024\\\/07\\\/10\\\/padre-deusmar-anuncia-festeiros-da-proxima-festa-do-divino\\\/\"},\"author\":{\"name\":\"Roberto\",\"@id\":\"https:\\\/\\\/regiaonews.net.br\\\/2022\\\/#\\\/schema\\\/person\\\/2d205a608a5aa97ac279d7a5e6d89ad8\"},\"headline\":\"Padre Deusmar anuncia Festeiros da pr\u00f3xima Festa do Divino\",\"datePublished\":\"2024-07-10T22:52:37+00:00\",\"mainEntityOfPage\":{\"@id\":\"https:\\\/\\\/regiaonews.net.br\\\/2022\\\/2024\\\/07\\\/10\\\/padre-deusmar-anuncia-festeiros-da-proxima-festa-do-divino\\\/\"},\"wordCount\":333,\"commentCount\":0,\"publisher\":{\"@id\":\"https:\\\/\\\/regiaonews.net.br\\\/2022\\\/#organization\"},\"image\":{\"@id\":\"https:\\\/\\\/regiaonews.net.br\\\/2022\\\/2024\\\/07\\\/10\\\/padre-deusmar-anuncia-festeiros-da-proxima-festa-do-divino\\\/#primaryimage\"},\"thumbnailUrl\":\"https:\\\/\\\/regiaonews.net.br\\\/2022\\\/wp-content\\\/uploads\\\/2024\\\/07\\\/WhatsApp-Image-2024-07-10-at-16.54.13.jpeg\",\"articleSection\":[\"Barretos\",\"Geral\"],\"inLanguage\":\"pt-BR\",\"potentialAction\":[{\"@type\":\"CommentAction\",\"name\":\"Comment\",\"target\":[\"https:\\\/\\\/regiaonews.net.br\\\/2022\\\/2024\\\/07\\\/10\\\/padre-deusmar-anuncia-festeiros-da-proxima-festa-do-divino\\\/#respond\"]}]},{\"@type\":\"WebPage\",\"@id\":\"https:\\\/\\\/regiaonews.net.br\\\/2022\\\/2024\\\/07\\\/10\\\/padre-deusmar-anuncia-festeiros-da-proxima-festa-do-divino\\\/\",\"url\":\"https:\\\/\\\/regiaonews.net.br\\\/2022\\\/2024\\\/07\\\/10\\\/padre-deusmar-anuncia-festeiros-da-proxima-festa-do-divino\\\/\",\"name\":\"Padre Deusmar anuncia Festeiros da pr\u00f3xima Festa do Divino - Regi\u00e3o News\",\"isPartOf\":{\"@id\":\"https:\\\/\\\/regiaonews.net.br\\\/2022\\\/#website\"},\"primaryImageOfPage\":{\"@id\":\"https:\\\/\\\/regiaonews.net.br\\\/2022\\\/2024\\\/07\\\/10\\\/padre-deusmar-anuncia-festeiros-da-proxima-festa-do-divino\\\/#primaryimage\"},\"image\":{\"@id\":\"https:\\\/\\\/regiaonews.net.br\\\/2022\\\/2024\\\/07\\\/10\\\/padre-deusmar-anuncia-festeiros-da-proxima-festa-do-divino\\\/#primaryimage\"},\"thumbnailUrl\":\"https:\\\/\\\/regiaonews.net.br\\\/2022\\\/wp-content\\\/uploads\\\/2024\\\/07\\\/WhatsApp-Image-2024-07-10-at-16.54.13.jpeg\",\"datePublished\":\"2024-07-10T22:52:37+00:00\",\"breadcrumb\":{\"@id\":\"https:\\\/\\\/regiaonews.net.br\\\/2022\\\/2024\\\/07\\\/10\\\/padre-deusmar-anuncia-festeiros-da-proxima-festa-do-divino\\\/#breadcrumb\"},\"inLanguage\":\"pt-BR\",\"potentialAction\":[{\"@type\":\"ReadAction\",\"target\":[\"https:\\\/\\\/regiaonews.net.br\\\/2022\\\/2024\\\/07\\\/10\\\/padre-deusmar-anuncia-festeiros-da-proxima-festa-do-divino\\\/\"]}]},{\"@type\":\"ImageObject\",\"inLanguage\":\"pt-BR\",\"@id\":\"https:\\\/\\\/regiaonews.net.br\\\/2022\\\/2024\\\/07\\\/10\\\/padre-deusmar-anuncia-festeiros-da-proxima-festa-do-divino\\\/#primaryimage\",\"url\":\"https:\\\/\\\/regiaonews.net.br\\\/2022\\\/wp-content\\\/uploads\\\/2024\\\/07\\\/WhatsApp-Image-2024-07-10-at-16.54.13.jpeg\",\"contentUrl\":\"https:\\\/\\\/regiaonews.net.br\\\/2022\\\/wp-content\\\/uploads\\\/2024\\\/07\\\/WhatsApp-Image-2024-07-10-at-16.54.13.jpeg\",\"width\":1599,\"height\":1200},{\"@type\":\"BreadcrumbList\",\"@id\":\"https:\\\/\\\/regiaonews.net.br\\\/2022\\\/2024\\\/07\\\/10\\\/padre-deusmar-anuncia-festeiros-da-proxima-festa-do-divino\\\/#breadcrumb\",\"itemListElement\":[{\"@type\":\"ListItem\",\"position\":1,\"name\":\"In\u00edcio\",\"item\":\"https:\\\/\\\/regiaonews.net.br\\\/2022\\\/\"},{\"@type\":\"ListItem\",\"position\":2,\"name\":\"Padre Deusmar anuncia Festeiros da pr\u00f3xima Festa do Divino\"}]},{\"@type\":\"WebSite\",\"@id\":\"https:\\\/\\\/regiaonews.net.br\\\/2022\\\/#website\",\"url\":\"https:\\\/\\\/regiaonews.net.br\\\/2022\\\/\",\"name\":\"Regi\u00e3o News\",\"description\":\"Site de Not\u00edcias de Barretos e regi\u00e3o\",\"publisher\":{\"@id\":\"https:\\\/\\\/regiaonews.net.br\\\/2022\\\/#organization\"},\"potentialAction\":[{\"@type\":\"SearchAction\",\"target\":{\"@type\":\"EntryPoint\",\"urlTemplate\":\"https:\\\/\\\/regiaonews.net.br\\\/2022\\\/?s={search_term_string}\"},\"query-input\":{\"@type\":\"PropertyValueSpecification\",\"valueRequired\":true,\"valueName\":\"search_term_string\"}}],\"inLanguage\":\"pt-BR\"},{\"@type\":\"Organization\",\"@id\":\"https:\\\/\\\/regiaonews.net.br\\\/2022\\\/#organization\",\"name\":\"Regi\u00e3o News\",\"url\":\"https:\\\/\\\/regiaonews.net.br\\\/2022\\\/\",\"logo\":{\"@type\":\"ImageObject\",\"inLanguage\":\"pt-BR\",\"@id\":\"https:\\\/\\\/regiaonews.net.br\\\/2022\\\/#\\\/schema\\\/logo\\\/image\\\/\",\"url\":\"https:\\\/\\\/regiaonews.net.br\\\/2022\\\/wp-content\\\/uploads\\\/2026\\\/03\\\/regiao-13-anos-scaled.jpg\",\"contentUrl\":\"https:\\\/\\\/regiaonews.net.br\\\/2022\\\/wp-content\\\/uploads\\\/2026\\\/03\\\/regiao-13-anos-scaled.jpg\",\"width\":2560,\"height\":635,\"caption\":\"Regi\u00e3o News\"},\"image\":{\"@id\":\"https:\\\/\\\/regiaonews.net.br\\\/2022\\\/#\\\/schema\\\/logo\\\/image\\\/\"}},{\"@type\":\"Person\",\"@id\":\"https:\\\/\\\/regiaonews.net.br\\\/2022\\\/#\\\/schema\\\/person\\\/2d205a608a5aa97ac279d7a5e6d89ad8\",\"name\":\"Roberto\",\"image\":{\"@type\":\"ImageObject\",\"inLanguage\":\"pt-BR\",\"@id\":\"https:\\\/\\\/secure.gravatar.com\\\/avatar\\\/42749d8b712ff9d59ca93dc150494e5b55a44134482993f5baeb97e61b7ecc89?s=96&d=mm&r=g\",\"url\":\"https:\\\/\\\/secure.gravatar.com\\\/avatar\\\/42749d8b712ff9d59ca93dc150494e5b55a44134482993f5baeb97e61b7ecc89?s=96&d=mm&r=g\",\"contentUrl\":\"https:\\\/\\\/secure.gravatar.com\\\/avatar\\\/42749d8b712ff9d59ca93dc150494e5b55a44134482993f5baeb97e61b7ecc89?s=96&d=mm&r=g\",\"caption\":\"Roberto\"},\"url\":\"https:\\\/\\\/regiaonews.net.br\\\/2022\\\/author\\\/roberto\\\/\"}]}<\/script>\n<!-- \/ Yoast SEO plugin. -->","yoast_head_json":{"title":"Padre Deusmar anuncia Festeiros da pr\u00f3xima Festa do Divino - Regi\u00e3o News","robots":{"index":"index","follow":"follow","max-snippet":"max-snippet:-1","max-image-preview":"max-image-preview:large","max-video-preview":"max-video-preview:-1"},"canonical":"https:\/\/regiaonews.net.br\/2022\/2024\/07\/10\/padre-deusmar-anuncia-festeiros-da-proxima-festa-do-divino\/","og_locale":"pt_BR","og_type":"article","og_title":"Padre Deusmar anuncia Festeiros da pr\u00f3xima Festa do Divino - Regi\u00e3o News","og_description":"&nbsp; Durante a \u00faltima noite (segunda-feira) da Festa do Divino,","og_url":"https:\/\/regiaonews.net.br\/2022\/2024\/07\/10\/padre-deusmar-anuncia-festeiros-da-proxima-festa-do-divino\/","og_site_name":"Regi\u00e3o News","article_published_time":"2024-07-10T22:52:37+00:00","og_image":[{"width":1599,"height":1200,"url":"https:\/\/regiaonews.net.br\/2022\/wp-content\/uploads\/2024\/07\/WhatsApp-Image-2024-07-10-at-16.54.13.jpeg","type":"image\/jpeg"}],"author":"Roberto","twitter_card":"summary_large_image","twitter_misc":{"Escrito por":"Roberto","Est. tempo de leitura":"2 minutos"},"schema":{"@context":"https:\/\/schema.org","@graph":[{"@type":"Article","@id":"https:\/\/regiaonews.net.br\/2022\/2024\/07\/10\/padre-deusmar-anuncia-festeiros-da-proxima-festa-do-divino\/#article","isPartOf":{"@id":"https:\/\/regiaonews.net.br\/2022\/2024\/07\/10\/padre-deusmar-anuncia-festeiros-da-proxima-festa-do-divino\/"},"author":{"name":"Roberto","@id":"https:\/\/regiaonews.net.br\/2022\/#\/schema\/person\/2d205a608a5aa97ac279d7a5e6d89ad8"},"headline":"Padre Deusmar anuncia Festeiros da pr\u00f3xima Festa do Divino","datePublished":"2024-07-10T22:52:37+00:00","mainEntityOfPage":{"@id":"https:\/\/regiaonews.net.br\/2022\/2024\/07\/10\/padre-deusmar-anuncia-festeiros-da-proxima-festa-do-divino\/"},"wordCount":333,"commentCount":0,"publisher":{"@id":"https:\/\/regiaonews.net.br\/2022\/#organization"},"image":{"@id":"https:\/\/regiaonews.net.br\/2022\/2024\/07\/10\/padre-deusmar-anuncia-festeiros-da-proxima-festa-do-divino\/#primaryimage"},"thumbnailUrl":"https:\/\/regiaonews.net.br\/2022\/wp-content\/uploads\/2024\/07\/WhatsApp-Image-2024-07-10-at-16.54.13.jpeg","articleSection":["Barretos","Geral"],"inLanguage":"pt-BR","potentialAction":[{"@type":"CommentAction","name":"Comment","target":["https:\/\/regiaonews.net.br\/2022\/2024\/07\/10\/padre-deusmar-anuncia-festeiros-da-proxima-festa-do-divino\/#respond"]}]},{"@type":"WebPage","@id":"https:\/\/regiaonews.net.br\/2022\/2024\/07\/10\/padre-deusmar-anuncia-festeiros-da-proxima-festa-do-divino\/","url":"https:\/\/regiaonews.net.br\/2022\/2024\/07\/10\/padre-deusmar-anuncia-festeiros-da-proxima-festa-do-divino\/","name":"Padre Deusmar anuncia Festeiros da pr\u00f3xima Festa do Divino - Regi\u00e3o News","isPartOf":{"@id":"https:\/\/regiaonews.net.br\/2022\/#website"},"primaryImageOfPage":{"@id":"https:\/\/regiaonews.net.br\/2022\/2024\/07\/10\/padre-deusmar-anuncia-festeiros-da-proxima-festa-do-divino\/#primaryimage"},"image":{"@id":"https:\/\/regiaonews.net.br\/2022\/2024\/07\/10\/padre-deusmar-anuncia-festeiros-da-proxima-festa-do-divino\/#primaryimage"},"thumbnailUrl":"https:\/\/regiaonews.net.br\/2022\/wp-content\/uploads\/2024\/07\/WhatsApp-Image-2024-07-10-at-16.54.13.jpeg","datePublished":"2024-07-10T22:52:37+00:00","breadcrumb":{"@id":"https:\/\/regiaonews.net.br\/2022\/2024\/07\/10\/padre-deusmar-anuncia-festeiros-da-proxima-festa-do-divino\/#breadcrumb"},"inLanguage":"pt-BR","potentialAction":[{"@type":"ReadAction","target":["https:\/\/regiaonews.net.br\/2022\/2024\/07\/10\/padre-deusmar-anuncia-festeiros-da-proxima-festa-do-divino\/"]}]},{"@type":"ImageObject","inLanguage":"pt-BR","@id":"https:\/\/regiaonews.net.br\/2022\/2024\/07\/10\/padre-deusmar-anuncia-festeiros-da-proxima-festa-do-divino\/#primaryimage","url":"https:\/\/regiaonews.net.br\/2022\/wp-content\/uploads\/2024\/07\/WhatsApp-Image-2024-07-10-at-16.54.13.jpeg","contentUrl":"https:\/\/regiaonews.net.br\/2022\/wp-content\/uploads\/2024\/07\/WhatsApp-Image-2024-07-10-at-16.54.13.jpeg","width":1599,"height":1200},{"@type":"BreadcrumbList","@id":"https:\/\/regiaonews.net.br\/2022\/2024\/07\/10\/padre-deusmar-anuncia-festeiros-da-proxima-festa-do-divino\/#breadcrumb","itemListElement":[{"@type":"ListItem","position":1,"name":"In\u00edcio","item":"https:\/\/regiaonews.net.br\/2022\/"},{"@type":"ListItem","position":2,"name":"Padre Deusmar anuncia Festeiros da pr\u00f3xima Festa do Divino"}]},{"@type":"WebSite","@id":"https:\/\/regiaonews.net.br\/2022\/#website","url":"https:\/\/regiaonews.net.br\/2022\/","name":"Regi\u00e3o News","description":"Site de Not\u00edcias de Barretos e regi\u00e3o","publisher":{"@id":"https:\/\/regiaonews.net.br\/2022\/#organization"},"potentialAction":[{"@type":"SearchAction","target":{"@type":"EntryPoint","urlTemplate":"https:\/\/regiaonews.net.br\/2022\/?s={search_term_string}"},"query-input":{"@type":"PropertyValueSpecification","valueRequired":true,"valueName":"search_term_string"}}],"inLanguage":"pt-BR"},{"@type":"Organization","@id":"https:\/\/regiaonews.net.br\/2022\/#organization","name":"Regi\u00e3o News","url":"https:\/\/regiaonews.net.br\/2022\/","logo":{"@type":"ImageObject","inLanguage":"pt-BR","@id":"https:\/\/regiaonews.net.br\/2022\/#\/schema\/logo\/image\/","url":"https:\/\/regiaonews.net.br\/2022\/wp-content\/uploads\/2026\/03\/regiao-13-anos-scaled.jpg","contentUrl":"https:\/\/regiaonews.net.br\/2022\/wp-content\/uploads\/2026\/03\/regiao-13-anos-scaled.jpg","width":2560,"height":635,"caption":"Regi\u00e3o News"},"image":{"@id":"https:\/\/regiaonews.net.br\/2022\/#\/schema\/logo\/image\/"}},{"@type":"Person","@id":"https:\/\/regiaonews.net.br\/2022\/#\/schema\/person\/2d205a608a5aa97ac279d7a5e6d89ad8","name":"Roberto","image":{"@type":"ImageObject","inLanguage":"pt-BR","@id":"https:\/\/secure.gravatar.com\/avatar\/42749d8b712ff9d59ca93dc150494e5b55a44134482993f5baeb97e61b7ecc89?s=96&d=mm&r=g","url":"https:\/\/secure.gravatar.com\/avatar\/42749d8b712ff9d59ca93dc150494e5b55a44134482993f5baeb97e61b7ecc89?s=96&d=mm&r=g","contentUrl":"https:\/\/secure.gravatar.com\/avatar\/42749d8b712ff9d59ca93dc150494e5b55a44134482993f5baeb97e61b7ecc89?s=96&d=mm&r=g","caption":"Roberto"},"url":"https:\/\/regiaonews.net.br\/2022\/author\/roberto\/"}]}},"publishpress_future_action":{"enabled":false,"date":"2026-05-03 04:36:06","action":"change-status","newStatus":"draft","terms":[],"taxonomy":"category","extraData":[]},"publishpress_future_workflow_manual_trigger":{"enabledWorkflows":[]},"_links":{"self":[{"href":"https:\/\/regiaonews.net.br\/2022\/wp-json\/wp\/v2\/posts\/107524","targetHints":{"allow":["GET"]}}],"collection":[{"href":"https:\/\/regiaonews.net.br\/2022\/wp-json\/wp\/v2\/posts"}],"about":[{"href":"https:\/\/regiaonews.net.br\/2022\/wp-json\/wp\/v2\/types\/post"}],"author":[{"embeddable":true,"href":"https:\/\/regiaonews.net.br\/2022\/wp-json\/wp\/v2\/users\/2"}],"replies":[{"embeddable":true,"href":"https:\/\/regiaonews.net.br\/2022\/wp-json\/wp\/v2\/comments?post=107524"}],"version-history":[{"count":1,"href":"https:\/\/regiaonews.net.br\/2022\/wp-json\/wp\/v2\/posts\/107524\/revisions"}],"predecessor-version":[{"id":107526,"href":"https:\/\/regiaonews.net.br\/2022\/wp-json\/wp\/v2\/posts\/107524\/revisions\/107526"}],"wp:featuredmedia":[{"embeddable":true,"href":"https:\/\/regiaonews.net.br\/2022\/wp-json\/wp\/v2\/media\/107525"}],"wp:attachment":[{"href":"https:\/\/regiaonews.net.br\/2022\/wp-json\/wp\/v2\/media?parent=107524"}],"wp:term":[{"taxonomy":"category","embeddable":true,"href":"https:\/\/regiaonews.net.br\/2022\/wp-json\/wp\/v2\/categories?post=107524"},{"taxonomy":"post_tag","embeddable":true,"href":"https:\/\/regiaonews.net.br\/2022\/wp-json\/wp\/v2\/tags?post=107524"}],"curies":[{"name":"wp","href":"https:\/\/api.w.org\/{rel}","templated":true}]}}