{"id":107519,"date":"2024-07-10T14:00:37","date_gmt":"2024-07-10T17:00:37","guid":{"rendered":"https:\/\/regiaonews.net.br\/2022\/?p=107519"},"modified":"2024-07-10T15:08:48","modified_gmt":"2024-07-10T18:08:48","slug":"corinthians-anuncia-o-argentino-ramon-diaz-como-novo-treinador","status":"publish","type":"post","link":"https:\/\/regiaonews.net.br\/2022\/2024\/07\/10\/corinthians-anuncia-o-argentino-ramon-diaz-como-novo-treinador\/","title":{"rendered":"Corinthians anuncia Ram\u00f3n D\u00edaz como novo treinador"},"content":{"rendered":"<div>\n<div class=\"interacoes interacoes_artigo \">\n<div class=\"likes_internos\" data-idlikeitem=\"23196515\" data-idconteudo=\"480799\" data-nick=\"\" data-tipo=\"3\" data-verificado=\"true\"><\/div>\n<\/div>\n<div class=\"texto_noticia \">\n<p><strong>O\u00a0<a class=\"hotword\" href=\"https:\/\/www.meutimao.com.br\/\" target=\"_blank\" rel=\"noopener\">Corinthians<\/a>\u00a0anunciou nesta quarta-feira a contrata\u00e7\u00e3o de Ram\u00f3n D\u00edaz como seu novo treinador.\u00a0<\/strong>O experiente t\u00e9cnico argentino chega para substituir o portugu\u00eas Ant\u00f3nio Oliveira, que foi demitido ap\u00f3s uma campanha de apenas uma vit\u00f3ria em 13 jogos no\u00a0<a class=\"hotword\" href=\"https:\/\/www.meutimao.com.br\/tabela-de-classificacao\/campeonato_brasileiro\/\" target=\"_blank\" rel=\"noopener\">Brasileir\u00e3o.<\/a><\/p>\n<p>Ram\u00f3n D\u00edaz estar\u00e1 em um camarote destinado \u00e0 diretoria do Tim\u00e3o no jogo contra o Vasco, nesta quarta-feira, em S\u00e3o Janu\u00e1rio. O t\u00e9cnico deve ministrar seus treinos a partir da quinta-feira.<\/p>\n<p>Como divulgado pelo clube, o argentino assinou contrato por uma temporada e meia, tendo v\u00ednculo at\u00e9 o final de 2025. Junto de Ram\u00f3n, chegam para compor a comiss\u00e3o t\u00e9cnica os auxiliares Emiliano D\u00edaz e Juan Romanazzi, o preparador f\u00edsico Diego Pereira e o analista de desempenho Damian Paz.<\/p>\n<p>Ram\u00f3n D\u00edaz estava sem clube desde que deixou justamente o Vasco, em abril, ap\u00f3s uma derrota por 4 a 0 para o Crici\u00fama em pleno S\u00e3o Janu\u00e1rio, ainda pela quarta rodada do Brasileir\u00e3o. A\u00a0<a class=\"hotword\" href=\"https:\/\/www.meutimao.com.br\/diretoria-do-corinthians\" target=\"_blank\" rel=\"noopener\">diretoria do Corinthians<\/a>\u00a0escolheu o argentino como segunda op\u00e7\u00e3o, ap\u00f3s tamb\u00e9m ter feito contato com F\u00e1bio Carille.<\/p>\n<p>O t\u00e9cnico chega ao Corinthians em uma situa\u00e7\u00e3o semelhante \u00e0 que encontrou ao assumir o Vasco no Brasileir\u00e3o de 2023, quando, em 24 rodadas, venceu dez, empatou seis e perdeu oito, livrando a equipe do rebaixamento. Restando 23 partidas para o fim da atual edi\u00e7\u00e3o do campeonato, o Tim\u00e3o tem 12 pontos, dois a menos que o Cuiab\u00e1, primeira equipe fora do Z4.<\/p>\n<p>Antes do Vasco, Ram\u00f3n D\u00edaz treinou o Al-Hilal, da Ar\u00e1bia Saudita, e conduziu a equipe at\u00e9 a final do Mundial de Clubes de 2023, superando o\u00a0<a class=\"hotword\" href=\"https:\/\/colunadofla.com\/\" target=\"_blank\" rel=\"noopener\">Flamengo<\/a>\u00a0de\u00a0<a class=\"hotword\" href=\"https:\/\/www.meutimao.com.br\/tecnico\/vitor-pereira\" target=\"_blank\" rel=\"noopener\">V\u00edtor Pereira<\/a>\u00a0na semifinal.<\/p>\n<p>No futebol sul-americano, o t\u00e9cnico teve passagens pela sele\u00e7\u00e3o paraguaia e tamb\u00e9m pelo River Plate, clube que \u00e9 \u00eddolo e conquistou os principais t\u00edtulos da carreira, incluindo a Libertadores.<\/p>\n<\/div>\n<\/div>\n","protected":false},"excerpt":{"rendered":"<p>O\u00a0Corinthians\u00a0anunciou nesta quarta-feira a contrata\u00e7\u00e3o de Ram\u00f3n D\u00edaz como seu<\/p>\n","protected":false},"author":2,"featured_media":107520,"comment_status":"open","ping_status":"open","sticky":false,"template":"","format":"standard","meta":{"footnotes":""},"categories":[24,21],"tags":[],"class_list":["post-107519","post","type-post","status-publish","format-standard","has-post-thumbnail","hentry","category-brasil","category-esporte"],"yoast_head":"<!-- This site is optimized with the Yoast SEO plugin v27.4 - https:\/\/yoast.com\/product\/yoast-seo-wordpress\/ -->\n<title>Corinthians anuncia Ram\u00f3n D\u00edaz como novo treinador - Regi\u00e3o News<\/title>\n<meta name=\"robots\" content=\"index, follow, max-snippet:-1, max-image-preview:large, max-video-preview:-1\" \/>\n<link rel=\"canonical\" href=\"https:\/\/regiaonews.net.br\/2022\/2024\/07\/10\/corinthians-anuncia-o-argentino-ramon-diaz-como-novo-treinador\/\" \/>\n<meta property=\"og:locale\" content=\"pt_BR\" \/>\n<meta property=\"og:type\" content=\"article\" \/>\n<meta property=\"og:title\" content=\"Corinthians anuncia Ram\u00f3n D\u00edaz como novo treinador - Regi\u00e3o News\" \/>\n<meta property=\"og:description\" content=\"O\u00a0Corinthians\u00a0anunciou nesta quarta-feira a contrata\u00e7\u00e3o de Ram\u00f3n D\u00edaz como seu\" \/>\n<meta property=\"og:url\" content=\"https:\/\/regiaonews.net.br\/2022\/2024\/07\/10\/corinthians-anuncia-o-argentino-ramon-diaz-como-novo-treinador\/\" \/>\n<meta property=\"og:site_name\" content=\"Regi\u00e3o News\" \/>\n<meta property=\"article:published_time\" content=\"2024-07-10T17:00:37+00:00\" \/>\n<meta property=\"article:modified_time\" content=\"2024-07-10T18:08:48+00:00\" \/>\n<meta property=\"og:image\" content=\"https:\/\/regiaonews.net.br\/2022\/wp-content\/uploads\/2024\/07\/ramon-diaz-e-o-novo-tecnico-do-corinthians-zg941w.jpg\" \/>\n\t<meta property=\"og:image:width\" content=\"941\" \/>\n\t<meta property=\"og:image:height\" content=\"760\" \/>\n\t<meta property=\"og:image:type\" content=\"image\/jpeg\" \/>\n<meta name=\"author\" content=\"Roberto\" \/>\n<meta name=\"twitter:card\" content=\"summary_large_image\" \/>\n<meta name=\"twitter:label1\" content=\"Escrito por\" \/>\n\t<meta name=\"twitter:data1\" content=\"Roberto\" \/>\n\t<meta name=\"twitter:label2\" content=\"Est. tempo de leitura\" \/>\n\t<meta name=\"twitter:data2\" content=\"2 minutos\" \/>\n<script type=\"application\/ld+json\" class=\"yoast-schema-graph\">{\"@context\":\"https:\\\/\\\/schema.org\",\"@graph\":[{\"@type\":\"Article\",\"@id\":\"https:\\\/\\\/regiaonews.net.br\\\/2022\\\/2024\\\/07\\\/10\\\/corinthians-anuncia-o-argentino-ramon-diaz-como-novo-treinador\\\/#article\",\"isPartOf\":{\"@id\":\"https:\\\/\\\/regiaonews.net.br\\\/2022\\\/2024\\\/07\\\/10\\\/corinthians-anuncia-o-argentino-ramon-diaz-como-novo-treinador\\\/\"},\"author\":{\"name\":\"Roberto\",\"@id\":\"https:\\\/\\\/regiaonews.net.br\\\/2022\\\/#\\\/schema\\\/person\\\/2d205a608a5aa97ac279d7a5e6d89ad8\"},\"headline\":\"Corinthians anuncia Ram\u00f3n D\u00edaz como novo treinador\",\"datePublished\":\"2024-07-10T17:00:37+00:00\",\"dateModified\":\"2024-07-10T18:08:48+00:00\",\"mainEntityOfPage\":{\"@id\":\"https:\\\/\\\/regiaonews.net.br\\\/2022\\\/2024\\\/07\\\/10\\\/corinthians-anuncia-o-argentino-ramon-diaz-como-novo-treinador\\\/\"},\"wordCount\":336,\"commentCount\":0,\"publisher\":{\"@id\":\"https:\\\/\\\/regiaonews.net.br\\\/2022\\\/#organization\"},\"image\":{\"@id\":\"https:\\\/\\\/regiaonews.net.br\\\/2022\\\/2024\\\/07\\\/10\\\/corinthians-anuncia-o-argentino-ramon-diaz-como-novo-treinador\\\/#primaryimage\"},\"thumbnailUrl\":\"https:\\\/\\\/regiaonews.net.br\\\/2022\\\/wp-content\\\/uploads\\\/2024\\\/07\\\/ramon-diaz-e-o-novo-tecnico-do-corinthians-zg941w.jpg\",\"articleSection\":[\"Brasil\",\"Esporte\"],\"inLanguage\":\"pt-BR\",\"potentialAction\":[{\"@type\":\"CommentAction\",\"name\":\"Comment\",\"target\":[\"https:\\\/\\\/regiaonews.net.br\\\/2022\\\/2024\\\/07\\\/10\\\/corinthians-anuncia-o-argentino-ramon-diaz-como-novo-treinador\\\/#respond\"]}]},{\"@type\":\"WebPage\",\"@id\":\"https:\\\/\\\/regiaonews.net.br\\\/2022\\\/2024\\\/07\\\/10\\\/corinthians-anuncia-o-argentino-ramon-diaz-como-novo-treinador\\\/\",\"url\":\"https:\\\/\\\/regiaonews.net.br\\\/2022\\\/2024\\\/07\\\/10\\\/corinthians-anuncia-o-argentino-ramon-diaz-como-novo-treinador\\\/\",\"name\":\"Corinthians anuncia Ram\u00f3n D\u00edaz como novo treinador - Regi\u00e3o News\",\"isPartOf\":{\"@id\":\"https:\\\/\\\/regiaonews.net.br\\\/2022\\\/#website\"},\"primaryImageOfPage\":{\"@id\":\"https:\\\/\\\/regiaonews.net.br\\\/2022\\\/2024\\\/07\\\/10\\\/corinthians-anuncia-o-argentino-ramon-diaz-como-novo-treinador\\\/#primaryimage\"},\"image\":{\"@id\":\"https:\\\/\\\/regiaonews.net.br\\\/2022\\\/2024\\\/07\\\/10\\\/corinthians-anuncia-o-argentino-ramon-diaz-como-novo-treinador\\\/#primaryimage\"},\"thumbnailUrl\":\"https:\\\/\\\/regiaonews.net.br\\\/2022\\\/wp-content\\\/uploads\\\/2024\\\/07\\\/ramon-diaz-e-o-novo-tecnico-do-corinthians-zg941w.jpg\",\"datePublished\":\"2024-07-10T17:00:37+00:00\",\"dateModified\":\"2024-07-10T18:08:48+00:00\",\"breadcrumb\":{\"@id\":\"https:\\\/\\\/regiaonews.net.br\\\/2022\\\/2024\\\/07\\\/10\\\/corinthians-anuncia-o-argentino-ramon-diaz-como-novo-treinador\\\/#breadcrumb\"},\"inLanguage\":\"pt-BR\",\"potentialAction\":[{\"@type\":\"ReadAction\",\"target\":[\"https:\\\/\\\/regiaonews.net.br\\\/2022\\\/2024\\\/07\\\/10\\\/corinthians-anuncia-o-argentino-ramon-diaz-como-novo-treinador\\\/\"]}]},{\"@type\":\"ImageObject\",\"inLanguage\":\"pt-BR\",\"@id\":\"https:\\\/\\\/regiaonews.net.br\\\/2022\\\/2024\\\/07\\\/10\\\/corinthians-anuncia-o-argentino-ramon-diaz-como-novo-treinador\\\/#primaryimage\",\"url\":\"https:\\\/\\\/regiaonews.net.br\\\/2022\\\/wp-content\\\/uploads\\\/2024\\\/07\\\/ramon-diaz-e-o-novo-tecnico-do-corinthians-zg941w.jpg\",\"contentUrl\":\"https:\\\/\\\/regiaonews.net.br\\\/2022\\\/wp-content\\\/uploads\\\/2024\\\/07\\\/ramon-diaz-e-o-novo-tecnico-do-corinthians-zg941w.jpg\",\"width\":941,\"height\":760},{\"@type\":\"BreadcrumbList\",\"@id\":\"https:\\\/\\\/regiaonews.net.br\\\/2022\\\/2024\\\/07\\\/10\\\/corinthians-anuncia-o-argentino-ramon-diaz-como-novo-treinador\\\/#breadcrumb\",\"itemListElement\":[{\"@type\":\"ListItem\",\"position\":1,\"name\":\"In\u00edcio\",\"item\":\"https:\\\/\\\/regiaonews.net.br\\\/2022\\\/\"},{\"@type\":\"ListItem\",\"position\":2,\"name\":\"Corinthians anuncia Ram\u00f3n D\u00edaz como novo treinador\"}]},{\"@type\":\"WebSite\",\"@id\":\"https:\\\/\\\/regiaonews.net.br\\\/2022\\\/#website\",\"url\":\"https:\\\/\\\/regiaonews.net.br\\\/2022\\\/\",\"name\":\"Regi\u00e3o News\",\"description\":\"Site de Not\u00edcias de Barretos e regi\u00e3o\",\"publisher\":{\"@id\":\"https:\\\/\\\/regiaonews.net.br\\\/2022\\\/#organization\"},\"potentialAction\":[{\"@type\":\"SearchAction\",\"target\":{\"@type\":\"EntryPoint\",\"urlTemplate\":\"https:\\\/\\\/regiaonews.net.br\\\/2022\\\/?s={search_term_string}\"},\"query-input\":{\"@type\":\"PropertyValueSpecification\",\"valueRequired\":true,\"valueName\":\"search_term_string\"}}],\"inLanguage\":\"pt-BR\"},{\"@type\":\"Organization\",\"@id\":\"https:\\\/\\\/regiaonews.net.br\\\/2022\\\/#organization\",\"name\":\"Regi\u00e3o News\",\"url\":\"https:\\\/\\\/regiaonews.net.br\\\/2022\\\/\",\"logo\":{\"@type\":\"ImageObject\",\"inLanguage\":\"pt-BR\",\"@id\":\"https:\\\/\\\/regiaonews.net.br\\\/2022\\\/#\\\/schema\\\/logo\\\/image\\\/\",\"url\":\"https:\\\/\\\/regiaonews.net.br\\\/2022\\\/wp-content\\\/uploads\\\/2026\\\/03\\\/regiao-13-anos-scaled.jpg\",\"contentUrl\":\"https:\\\/\\\/regiaonews.net.br\\\/2022\\\/wp-content\\\/uploads\\\/2026\\\/03\\\/regiao-13-anos-scaled.jpg\",\"width\":2560,\"height\":635,\"caption\":\"Regi\u00e3o News\"},\"image\":{\"@id\":\"https:\\\/\\\/regiaonews.net.br\\\/2022\\\/#\\\/schema\\\/logo\\\/image\\\/\"}},{\"@type\":\"Person\",\"@id\":\"https:\\\/\\\/regiaonews.net.br\\\/2022\\\/#\\\/schema\\\/person\\\/2d205a608a5aa97ac279d7a5e6d89ad8\",\"name\":\"Roberto\",\"image\":{\"@type\":\"ImageObject\",\"inLanguage\":\"pt-BR\",\"@id\":\"https:\\\/\\\/secure.gravatar.com\\\/avatar\\\/42749d8b712ff9d59ca93dc150494e5b55a44134482993f5baeb97e61b7ecc89?s=96&d=mm&r=g\",\"url\":\"https:\\\/\\\/secure.gravatar.com\\\/avatar\\\/42749d8b712ff9d59ca93dc150494e5b55a44134482993f5baeb97e61b7ecc89?s=96&d=mm&r=g\",\"contentUrl\":\"https:\\\/\\\/secure.gravatar.com\\\/avatar\\\/42749d8b712ff9d59ca93dc150494e5b55a44134482993f5baeb97e61b7ecc89?s=96&d=mm&r=g\",\"caption\":\"Roberto\"},\"url\":\"https:\\\/\\\/regiaonews.net.br\\\/2022\\\/author\\\/roberto\\\/\"}]}<\/script>\n<!-- \/ Yoast SEO plugin. -->","yoast_head_json":{"title":"Corinthians anuncia Ram\u00f3n D\u00edaz como novo treinador - Regi\u00e3o News","robots":{"index":"index","follow":"follow","max-snippet":"max-snippet:-1","max-image-preview":"max-image-preview:large","max-video-preview":"max-video-preview:-1"},"canonical":"https:\/\/regiaonews.net.br\/2022\/2024\/07\/10\/corinthians-anuncia-o-argentino-ramon-diaz-como-novo-treinador\/","og_locale":"pt_BR","og_type":"article","og_title":"Corinthians anuncia Ram\u00f3n D\u00edaz como novo treinador - Regi\u00e3o News","og_description":"O\u00a0Corinthians\u00a0anunciou nesta quarta-feira a contrata\u00e7\u00e3o de Ram\u00f3n D\u00edaz como seu","og_url":"https:\/\/regiaonews.net.br\/2022\/2024\/07\/10\/corinthians-anuncia-o-argentino-ramon-diaz-como-novo-treinador\/","og_site_name":"Regi\u00e3o News","article_published_time":"2024-07-10T17:00:37+00:00","article_modified_time":"2024-07-10T18:08:48+00:00","og_image":[{"width":941,"height":760,"url":"https:\/\/regiaonews.net.br\/2022\/wp-content\/uploads\/2024\/07\/ramon-diaz-e-o-novo-tecnico-do-corinthians-zg941w.jpg","type":"image\/jpeg"}],"author":"Roberto","twitter_card":"summary_large_image","twitter_misc":{"Escrito por":"Roberto","Est. tempo de leitura":"2 minutos"},"schema":{"@context":"https:\/\/schema.org","@graph":[{"@type":"Article","@id":"https:\/\/regiaonews.net.br\/2022\/2024\/07\/10\/corinthians-anuncia-o-argentino-ramon-diaz-como-novo-treinador\/#article","isPartOf":{"@id":"https:\/\/regiaonews.net.br\/2022\/2024\/07\/10\/corinthians-anuncia-o-argentino-ramon-diaz-como-novo-treinador\/"},"author":{"name":"Roberto","@id":"https:\/\/regiaonews.net.br\/2022\/#\/schema\/person\/2d205a608a5aa97ac279d7a5e6d89ad8"},"headline":"Corinthians anuncia Ram\u00f3n D\u00edaz como novo treinador","datePublished":"2024-07-10T17:00:37+00:00","dateModified":"2024-07-10T18:08:48+00:00","mainEntityOfPage":{"@id":"https:\/\/regiaonews.net.br\/2022\/2024\/07\/10\/corinthians-anuncia-o-argentino-ramon-diaz-como-novo-treinador\/"},"wordCount":336,"commentCount":0,"publisher":{"@id":"https:\/\/regiaonews.net.br\/2022\/#organization"},"image":{"@id":"https:\/\/regiaonews.net.br\/2022\/2024\/07\/10\/corinthians-anuncia-o-argentino-ramon-diaz-como-novo-treinador\/#primaryimage"},"thumbnailUrl":"https:\/\/regiaonews.net.br\/2022\/wp-content\/uploads\/2024\/07\/ramon-diaz-e-o-novo-tecnico-do-corinthians-zg941w.jpg","articleSection":["Brasil","Esporte"],"inLanguage":"pt-BR","potentialAction":[{"@type":"CommentAction","name":"Comment","target":["https:\/\/regiaonews.net.br\/2022\/2024\/07\/10\/corinthians-anuncia-o-argentino-ramon-diaz-como-novo-treinador\/#respond"]}]},{"@type":"WebPage","@id":"https:\/\/regiaonews.net.br\/2022\/2024\/07\/10\/corinthians-anuncia-o-argentino-ramon-diaz-como-novo-treinador\/","url":"https:\/\/regiaonews.net.br\/2022\/2024\/07\/10\/corinthians-anuncia-o-argentino-ramon-diaz-como-novo-treinador\/","name":"Corinthians anuncia Ram\u00f3n D\u00edaz como novo treinador - Regi\u00e3o News","isPartOf":{"@id":"https:\/\/regiaonews.net.br\/2022\/#website"},"primaryImageOfPage":{"@id":"https:\/\/regiaonews.net.br\/2022\/2024\/07\/10\/corinthians-anuncia-o-argentino-ramon-diaz-como-novo-treinador\/#primaryimage"},"image":{"@id":"https:\/\/regiaonews.net.br\/2022\/2024\/07\/10\/corinthians-anuncia-o-argentino-ramon-diaz-como-novo-treinador\/#primaryimage"},"thumbnailUrl":"https:\/\/regiaonews.net.br\/2022\/wp-content\/uploads\/2024\/07\/ramon-diaz-e-o-novo-tecnico-do-corinthians-zg941w.jpg","datePublished":"2024-07-10T17:00:37+00:00","dateModified":"2024-07-10T18:08:48+00:00","breadcrumb":{"@id":"https:\/\/regiaonews.net.br\/2022\/2024\/07\/10\/corinthians-anuncia-o-argentino-ramon-diaz-como-novo-treinador\/#breadcrumb"},"inLanguage":"pt-BR","potentialAction":[{"@type":"ReadAction","target":["https:\/\/regiaonews.net.br\/2022\/2024\/07\/10\/corinthians-anuncia-o-argentino-ramon-diaz-como-novo-treinador\/"]}]},{"@type":"ImageObject","inLanguage":"pt-BR","@id":"https:\/\/regiaonews.net.br\/2022\/2024\/07\/10\/corinthians-anuncia-o-argentino-ramon-diaz-como-novo-treinador\/#primaryimage","url":"https:\/\/regiaonews.net.br\/2022\/wp-content\/uploads\/2024\/07\/ramon-diaz-e-o-novo-tecnico-do-corinthians-zg941w.jpg","contentUrl":"https:\/\/regiaonews.net.br\/2022\/wp-content\/uploads\/2024\/07\/ramon-diaz-e-o-novo-tecnico-do-corinthians-zg941w.jpg","width":941,"height":760},{"@type":"BreadcrumbList","@id":"https:\/\/regiaonews.net.br\/2022\/2024\/07\/10\/corinthians-anuncia-o-argentino-ramon-diaz-como-novo-treinador\/#breadcrumb","itemListElement":[{"@type":"ListItem","position":1,"name":"In\u00edcio","item":"https:\/\/regiaonews.net.br\/2022\/"},{"@type":"ListItem","position":2,"name":"Corinthians anuncia Ram\u00f3n D\u00edaz como novo treinador"}]},{"@type":"WebSite","@id":"https:\/\/regiaonews.net.br\/2022\/#website","url":"https:\/\/regiaonews.net.br\/2022\/","name":"Regi\u00e3o News","description":"Site de Not\u00edcias de Barretos e regi\u00e3o","publisher":{"@id":"https:\/\/regiaonews.net.br\/2022\/#organization"},"potentialAction":[{"@type":"SearchAction","target":{"@type":"EntryPoint","urlTemplate":"https:\/\/regiaonews.net.br\/2022\/?s={search_term_string}"},"query-input":{"@type":"PropertyValueSpecification","valueRequired":true,"valueName":"search_term_string"}}],"inLanguage":"pt-BR"},{"@type":"Organization","@id":"https:\/\/regiaonews.net.br\/2022\/#organization","name":"Regi\u00e3o News","url":"https:\/\/regiaonews.net.br\/2022\/","logo":{"@type":"ImageObject","inLanguage":"pt-BR","@id":"https:\/\/regiaonews.net.br\/2022\/#\/schema\/logo\/image\/","url":"https:\/\/regiaonews.net.br\/2022\/wp-content\/uploads\/2026\/03\/regiao-13-anos-scaled.jpg","contentUrl":"https:\/\/regiaonews.net.br\/2022\/wp-content\/uploads\/2026\/03\/regiao-13-anos-scaled.jpg","width":2560,"height":635,"caption":"Regi\u00e3o News"},"image":{"@id":"https:\/\/regiaonews.net.br\/2022\/#\/schema\/logo\/image\/"}},{"@type":"Person","@id":"https:\/\/regiaonews.net.br\/2022\/#\/schema\/person\/2d205a608a5aa97ac279d7a5e6d89ad8","name":"Roberto","image":{"@type":"ImageObject","inLanguage":"pt-BR","@id":"https:\/\/secure.gravatar.com\/avatar\/42749d8b712ff9d59ca93dc150494e5b55a44134482993f5baeb97e61b7ecc89?s=96&d=mm&r=g","url":"https:\/\/secure.gravatar.com\/avatar\/42749d8b712ff9d59ca93dc150494e5b55a44134482993f5baeb97e61b7ecc89?s=96&d=mm&r=g","contentUrl":"https:\/\/secure.gravatar.com\/avatar\/42749d8b712ff9d59ca93dc150494e5b55a44134482993f5baeb97e61b7ecc89?s=96&d=mm&r=g","caption":"Roberto"},"url":"https:\/\/regiaonews.net.br\/2022\/author\/roberto\/"}]}},"publishpress_future_action":{"enabled":false,"date":"2026-05-03 02:53:04","action":"change-status","newStatus":"draft","terms":[],"taxonomy":"category","extraData":[]},"publishpress_future_workflow_manual_trigger":{"enabledWorkflows":[]},"_links":{"self":[{"href":"https:\/\/regiaonews.net.br\/2022\/wp-json\/wp\/v2\/posts\/107519","targetHints":{"allow":["GET"]}}],"collection":[{"href":"https:\/\/regiaonews.net.br\/2022\/wp-json\/wp\/v2\/posts"}],"about":[{"href":"https:\/\/regiaonews.net.br\/2022\/wp-json\/wp\/v2\/types\/post"}],"author":[{"embeddable":true,"href":"https:\/\/regiaonews.net.br\/2022\/wp-json\/wp\/v2\/users\/2"}],"replies":[{"embeddable":true,"href":"https:\/\/regiaonews.net.br\/2022\/wp-json\/wp\/v2\/comments?post=107519"}],"version-history":[{"count":3,"href":"https:\/\/regiaonews.net.br\/2022\/wp-json\/wp\/v2\/posts\/107519\/revisions"}],"predecessor-version":[{"id":107523,"href":"https:\/\/regiaonews.net.br\/2022\/wp-json\/wp\/v2\/posts\/107519\/revisions\/107523"}],"wp:featuredmedia":[{"embeddable":true,"href":"https:\/\/regiaonews.net.br\/2022\/wp-json\/wp\/v2\/media\/107520"}],"wp:attachment":[{"href":"https:\/\/regiaonews.net.br\/2022\/wp-json\/wp\/v2\/media?parent=107519"}],"wp:term":[{"taxonomy":"category","embeddable":true,"href":"https:\/\/regiaonews.net.br\/2022\/wp-json\/wp\/v2\/categories?post=107519"},{"taxonomy":"post_tag","embeddable":true,"href":"https:\/\/regiaonews.net.br\/2022\/wp-json\/wp\/v2\/tags?post=107519"}],"curies":[{"name":"wp","href":"https:\/\/api.w.org\/{rel}","templated":true}]}}