{"id":107465,"date":"2024-07-08T18:53:31","date_gmt":"2024-07-08T21:53:31","guid":{"rendered":"https:\/\/regiaonews.net.br\/2022\/?p=107465"},"modified":"2024-07-08T18:53:31","modified_gmt":"2024-07-08T21:53:31","slug":"noite-de-gala-marca-homenagens-para-anderson-oliveira-jackelyne-rossini-e-destaques-do-comercio","status":"publish","type":"post","link":"https:\/\/regiaonews.net.br\/2022\/2024\/07\/08\/noite-de-gala-marca-homenagens-para-anderson-oliveira-jackelyne-rossini-e-destaques-do-comercio\/","title":{"rendered":"Noite de gala marca homenagens para Anderson Oliveira, Jackelyne Rossini e destaques do com\u00e9rcio"},"content":{"rendered":"<p>&nbsp;<\/p>\n<p>Uma noite de gala marcou as homenagens ao Empres\u00e1rio e Empres\u00e1ria 2024 e os destaques do com\u00e9rcio. A promo\u00e7\u00e3o da ACIB e Sincomercio reconheceu os m\u00e9ritos de Anderson Oliveira, s\u00f3cio-propriet\u00e1rio da EcoPower e Jackelyne Rossini da OdontoCompany. A empresa Cesari Engenharia \u00e9 a revela\u00e7\u00e3o de 2024 e mais de 200 segmentos foram homenageados com o trof\u00e9u de destaques do ano, a partir de pesquisa de prefer\u00eancia popular. O presidente da ACIB, Caio Miziara, destacou o apoio das empresas e parceiros que apoiam o fortalecimento do com\u00e9rcio. \u201cOs homenageados s\u00e3o nomes importantes para cidade e fazem a diferen\u00e7a em suas \u00e1reas de atua\u00e7\u00e3o\u201d, disse. Segundo Caio, Anderson Oliveira e Jackelyne Rossini, alcan\u00e7aram grandes objetivos e s\u00e3o verdadeiros exemplos para sociedade. \u201cParab\u00e9ns tamb\u00e9m para todas as empresas reconhecidas pela nossa pesquisa que \u00e9 s\u00e9ria e transparente\u201d, afirmou.<br \/>\nGRATID\u00c3O: Jackelyne Rossini citou as mulheres que j\u00e1 receberam a homenagem de Empres\u00e1ria do Ano: Vera Pivoto Abe, Paula Cruvinel e Sada Ali. \u201cTodas elas t\u00eam prop\u00f3sito em suas trajet\u00f3rias e s\u00e3o capazes de transformar outras vidas. \u00c9 o que tenho buscado na trajet\u00f3ria pessoal e profissional para deixar um legado \u00e0s minhas filhas, colaboradoras e sociedade\u201d, comentou. Jackelyne Rossini \u00e9 a primeira mulher a presidir a ACIB e disse de sua felicidade em ser homenageada. \u201cN\u00e3o \u00e9 s\u00f3 motivo de festa e celebra\u00e7\u00e3o, mas de responsabilidade porque em nossa jornada somos espelhos e vidra\u00e7as\u201d. Comentou. O homenageado Anderson Oliveira ressaltou sua gratid\u00e3o \u00e0s pessoas que encontrou no caminho at\u00e9 transformar a EcoPower em refer\u00eancia nacional. \u201cChegamos mais longe do que imagin\u00e1vamos, \u00e9 uma luta di\u00e1ria e passamos algumas dificuldades\u201d, comentou. Segundo ele, \u00e9 poss\u00edvel uma empresa do interior de S\u00e3o Paulo ser refer\u00eancia no Brasil. \u201c\u00c9 poss\u00edvel correr atr\u00e1s do sonho, fazer o que tem vontade e somos exemplo disso; agradecemos a todos que confiaram e nos ajudaram\u201d, destacou.<br \/>\nREVELA\u00c7\u00c3O: Gustavo Cesari recebeu o pr\u00eamio de revela\u00e7\u00e3o e agradeceu pelo reconhecimento. \u201cNossa hist\u00f3ria come\u00e7ou em 2010 e s\u00e3o 14 anos empreendendo, temos um carinho especial por Barretos\u201d, ressaltou. O presidente do Sincomercio, Roberto Arutim, enalteceu o trabalho da Cesari Engenharia. \u201c\u00c9 um orgulho para n\u00f3s entregarmos esse trof\u00e9u, um rapaz jovem e inteligente que ficar\u00e1 marcado na hist\u00f3ria de Barretos\u201d, disse.<br \/>\nHOMENAGENS: Jackelyne Rossini recebeu um lindo buqu\u00ea de rosas da filha Alice. N\u00e1chila Oliveira, esposa de Anderson e s\u00f3cia-fundadora da EcoPower e Grazi Cesari, esposa de Gustavo Cesari, tamb\u00e9m receberam flores. A Poty, atrav\u00e9s do diretor-comercial Valnei Gomes, recebeu reconhecimento pelo apoio \u00e0s campanhas do com\u00e9rcio. \u201cS\u00e3o 24 anos de parceria e somos gratos por tudo que a Poty representa para n\u00f3s\u201d, disse Roberto Arutim.<\/p>\n<p>Cr\u00e9ditos<\/p>\n<p>Est\u00fadio Danilo Borges<\/p>\n","protected":false},"excerpt":{"rendered":"<p>&nbsp; Uma noite de gala marcou as homenagens ao Empres\u00e1rio<\/p>\n","protected":false},"author":2,"featured_media":107466,"comment_status":"open","ping_status":"open","sticky":false,"template":"","format":"standard","meta":{"footnotes":""},"categories":[14,25],"tags":[],"class_list":["post-107465","post","type-post","status-publish","format-standard","has-post-thumbnail","hentry","category-barretos","category-cidades"],"yoast_head":"<!-- This site is optimized with the Yoast SEO plugin v27.4 - https:\/\/yoast.com\/product\/yoast-seo-wordpress\/ -->\n<title>Noite de gala marca homenagens para Anderson Oliveira, Jackelyne Rossini e destaques do com\u00e9rcio - Regi\u00e3o News<\/title>\n<meta name=\"robots\" content=\"index, follow, max-snippet:-1, max-image-preview:large, max-video-preview:-1\" \/>\n<link rel=\"canonical\" href=\"https:\/\/regiaonews.net.br\/2022\/2024\/07\/08\/noite-de-gala-marca-homenagens-para-anderson-oliveira-jackelyne-rossini-e-destaques-do-comercio\/\" \/>\n<meta property=\"og:locale\" content=\"pt_BR\" \/>\n<meta property=\"og:type\" content=\"article\" \/>\n<meta property=\"og:title\" content=\"Noite de gala marca homenagens para Anderson Oliveira, Jackelyne Rossini e destaques do com\u00e9rcio - Regi\u00e3o News\" \/>\n<meta property=\"og:description\" content=\"&nbsp; Uma noite de gala marcou as homenagens ao Empres\u00e1rio\" \/>\n<meta property=\"og:url\" content=\"https:\/\/regiaonews.net.br\/2022\/2024\/07\/08\/noite-de-gala-marca-homenagens-para-anderson-oliveira-jackelyne-rossini-e-destaques-do-comercio\/\" \/>\n<meta property=\"og:site_name\" content=\"Regi\u00e3o News\" \/>\n<meta property=\"article:published_time\" content=\"2024-07-08T21:53:31+00:00\" \/>\n<meta property=\"og:image\" content=\"https:\/\/regiaonews.net.br\/2022\/wp-content\/uploads\/2024\/07\/WhatsApp-Image-2024-07-08-at-17.30.01.jpeg\" \/>\n\t<meta property=\"og:image:width\" content=\"1504\" \/>\n\t<meta property=\"og:image:height\" content=\"1004\" \/>\n\t<meta property=\"og:image:type\" content=\"image\/jpeg\" \/>\n<meta name=\"author\" content=\"Roberto\" \/>\n<meta name=\"twitter:card\" content=\"summary_large_image\" \/>\n<meta name=\"twitter:label1\" content=\"Escrito por\" \/>\n\t<meta name=\"twitter:data1\" content=\"Roberto\" \/>\n\t<meta name=\"twitter:label2\" content=\"Est. tempo de leitura\" \/>\n\t<meta name=\"twitter:data2\" content=\"3 minutos\" \/>\n<script type=\"application\/ld+json\" class=\"yoast-schema-graph\">{\"@context\":\"https:\\\/\\\/schema.org\",\"@graph\":[{\"@type\":\"Article\",\"@id\":\"https:\\\/\\\/regiaonews.net.br\\\/2022\\\/2024\\\/07\\\/08\\\/noite-de-gala-marca-homenagens-para-anderson-oliveira-jackelyne-rossini-e-destaques-do-comercio\\\/#article\",\"isPartOf\":{\"@id\":\"https:\\\/\\\/regiaonews.net.br\\\/2022\\\/2024\\\/07\\\/08\\\/noite-de-gala-marca-homenagens-para-anderson-oliveira-jackelyne-rossini-e-destaques-do-comercio\\\/\"},\"author\":{\"name\":\"Roberto\",\"@id\":\"https:\\\/\\\/regiaonews.net.br\\\/2022\\\/#\\\/schema\\\/person\\\/2d205a608a5aa97ac279d7a5e6d89ad8\"},\"headline\":\"Noite de gala marca homenagens para Anderson Oliveira, Jackelyne Rossini e destaques do com\u00e9rcio\",\"datePublished\":\"2024-07-08T21:53:31+00:00\",\"mainEntityOfPage\":{\"@id\":\"https:\\\/\\\/regiaonews.net.br\\\/2022\\\/2024\\\/07\\\/08\\\/noite-de-gala-marca-homenagens-para-anderson-oliveira-jackelyne-rossini-e-destaques-do-comercio\\\/\"},\"wordCount\":493,\"commentCount\":0,\"publisher\":{\"@id\":\"https:\\\/\\\/regiaonews.net.br\\\/2022\\\/#organization\"},\"image\":{\"@id\":\"https:\\\/\\\/regiaonews.net.br\\\/2022\\\/2024\\\/07\\\/08\\\/noite-de-gala-marca-homenagens-para-anderson-oliveira-jackelyne-rossini-e-destaques-do-comercio\\\/#primaryimage\"},\"thumbnailUrl\":\"https:\\\/\\\/regiaonews.net.br\\\/2022\\\/wp-content\\\/uploads\\\/2024\\\/07\\\/WhatsApp-Image-2024-07-08-at-17.30.01.jpeg\",\"articleSection\":[\"Barretos\",\"Cidades\"],\"inLanguage\":\"pt-BR\",\"potentialAction\":[{\"@type\":\"CommentAction\",\"name\":\"Comment\",\"target\":[\"https:\\\/\\\/regiaonews.net.br\\\/2022\\\/2024\\\/07\\\/08\\\/noite-de-gala-marca-homenagens-para-anderson-oliveira-jackelyne-rossini-e-destaques-do-comercio\\\/#respond\"]}]},{\"@type\":\"WebPage\",\"@id\":\"https:\\\/\\\/regiaonews.net.br\\\/2022\\\/2024\\\/07\\\/08\\\/noite-de-gala-marca-homenagens-para-anderson-oliveira-jackelyne-rossini-e-destaques-do-comercio\\\/\",\"url\":\"https:\\\/\\\/regiaonews.net.br\\\/2022\\\/2024\\\/07\\\/08\\\/noite-de-gala-marca-homenagens-para-anderson-oliveira-jackelyne-rossini-e-destaques-do-comercio\\\/\",\"name\":\"Noite de gala marca homenagens para Anderson Oliveira, Jackelyne Rossini e destaques do com\u00e9rcio - Regi\u00e3o News\",\"isPartOf\":{\"@id\":\"https:\\\/\\\/regiaonews.net.br\\\/2022\\\/#website\"},\"primaryImageOfPage\":{\"@id\":\"https:\\\/\\\/regiaonews.net.br\\\/2022\\\/2024\\\/07\\\/08\\\/noite-de-gala-marca-homenagens-para-anderson-oliveira-jackelyne-rossini-e-destaques-do-comercio\\\/#primaryimage\"},\"image\":{\"@id\":\"https:\\\/\\\/regiaonews.net.br\\\/2022\\\/2024\\\/07\\\/08\\\/noite-de-gala-marca-homenagens-para-anderson-oliveira-jackelyne-rossini-e-destaques-do-comercio\\\/#primaryimage\"},\"thumbnailUrl\":\"https:\\\/\\\/regiaonews.net.br\\\/2022\\\/wp-content\\\/uploads\\\/2024\\\/07\\\/WhatsApp-Image-2024-07-08-at-17.30.01.jpeg\",\"datePublished\":\"2024-07-08T21:53:31+00:00\",\"breadcrumb\":{\"@id\":\"https:\\\/\\\/regiaonews.net.br\\\/2022\\\/2024\\\/07\\\/08\\\/noite-de-gala-marca-homenagens-para-anderson-oliveira-jackelyne-rossini-e-destaques-do-comercio\\\/#breadcrumb\"},\"inLanguage\":\"pt-BR\",\"potentialAction\":[{\"@type\":\"ReadAction\",\"target\":[\"https:\\\/\\\/regiaonews.net.br\\\/2022\\\/2024\\\/07\\\/08\\\/noite-de-gala-marca-homenagens-para-anderson-oliveira-jackelyne-rossini-e-destaques-do-comercio\\\/\"]}]},{\"@type\":\"ImageObject\",\"inLanguage\":\"pt-BR\",\"@id\":\"https:\\\/\\\/regiaonews.net.br\\\/2022\\\/2024\\\/07\\\/08\\\/noite-de-gala-marca-homenagens-para-anderson-oliveira-jackelyne-rossini-e-destaques-do-comercio\\\/#primaryimage\",\"url\":\"https:\\\/\\\/regiaonews.net.br\\\/2022\\\/wp-content\\\/uploads\\\/2024\\\/07\\\/WhatsApp-Image-2024-07-08-at-17.30.01.jpeg\",\"contentUrl\":\"https:\\\/\\\/regiaonews.net.br\\\/2022\\\/wp-content\\\/uploads\\\/2024\\\/07\\\/WhatsApp-Image-2024-07-08-at-17.30.01.jpeg\",\"width\":1504,\"height\":1004},{\"@type\":\"BreadcrumbList\",\"@id\":\"https:\\\/\\\/regiaonews.net.br\\\/2022\\\/2024\\\/07\\\/08\\\/noite-de-gala-marca-homenagens-para-anderson-oliveira-jackelyne-rossini-e-destaques-do-comercio\\\/#breadcrumb\",\"itemListElement\":[{\"@type\":\"ListItem\",\"position\":1,\"name\":\"In\u00edcio\",\"item\":\"https:\\\/\\\/regiaonews.net.br\\\/2022\\\/\"},{\"@type\":\"ListItem\",\"position\":2,\"name\":\"Noite de gala marca homenagens para Anderson Oliveira, Jackelyne Rossini e destaques do com\u00e9rcio\"}]},{\"@type\":\"WebSite\",\"@id\":\"https:\\\/\\\/regiaonews.net.br\\\/2022\\\/#website\",\"url\":\"https:\\\/\\\/regiaonews.net.br\\\/2022\\\/\",\"name\":\"Regi\u00e3o News\",\"description\":\"Site de Not\u00edcias de Barretos e regi\u00e3o\",\"publisher\":{\"@id\":\"https:\\\/\\\/regiaonews.net.br\\\/2022\\\/#organization\"},\"potentialAction\":[{\"@type\":\"SearchAction\",\"target\":{\"@type\":\"EntryPoint\",\"urlTemplate\":\"https:\\\/\\\/regiaonews.net.br\\\/2022\\\/?s={search_term_string}\"},\"query-input\":{\"@type\":\"PropertyValueSpecification\",\"valueRequired\":true,\"valueName\":\"search_term_string\"}}],\"inLanguage\":\"pt-BR\"},{\"@type\":\"Organization\",\"@id\":\"https:\\\/\\\/regiaonews.net.br\\\/2022\\\/#organization\",\"name\":\"Regi\u00e3o News\",\"url\":\"https:\\\/\\\/regiaonews.net.br\\\/2022\\\/\",\"logo\":{\"@type\":\"ImageObject\",\"inLanguage\":\"pt-BR\",\"@id\":\"https:\\\/\\\/regiaonews.net.br\\\/2022\\\/#\\\/schema\\\/logo\\\/image\\\/\",\"url\":\"https:\\\/\\\/regiaonews.net.br\\\/2022\\\/wp-content\\\/uploads\\\/2026\\\/03\\\/regiao-13-anos-scaled.jpg\",\"contentUrl\":\"https:\\\/\\\/regiaonews.net.br\\\/2022\\\/wp-content\\\/uploads\\\/2026\\\/03\\\/regiao-13-anos-scaled.jpg\",\"width\":2560,\"height\":635,\"caption\":\"Regi\u00e3o News\"},\"image\":{\"@id\":\"https:\\\/\\\/regiaonews.net.br\\\/2022\\\/#\\\/schema\\\/logo\\\/image\\\/\"}},{\"@type\":\"Person\",\"@id\":\"https:\\\/\\\/regiaonews.net.br\\\/2022\\\/#\\\/schema\\\/person\\\/2d205a608a5aa97ac279d7a5e6d89ad8\",\"name\":\"Roberto\",\"image\":{\"@type\":\"ImageObject\",\"inLanguage\":\"pt-BR\",\"@id\":\"https:\\\/\\\/secure.gravatar.com\\\/avatar\\\/42749d8b712ff9d59ca93dc150494e5b55a44134482993f5baeb97e61b7ecc89?s=96&d=mm&r=g\",\"url\":\"https:\\\/\\\/secure.gravatar.com\\\/avatar\\\/42749d8b712ff9d59ca93dc150494e5b55a44134482993f5baeb97e61b7ecc89?s=96&d=mm&r=g\",\"contentUrl\":\"https:\\\/\\\/secure.gravatar.com\\\/avatar\\\/42749d8b712ff9d59ca93dc150494e5b55a44134482993f5baeb97e61b7ecc89?s=96&d=mm&r=g\",\"caption\":\"Roberto\"},\"url\":\"https:\\\/\\\/regiaonews.net.br\\\/2022\\\/author\\\/roberto\\\/\"}]}<\/script>\n<!-- \/ Yoast SEO plugin. -->","yoast_head_json":{"title":"Noite de gala marca homenagens para Anderson Oliveira, Jackelyne Rossini e destaques do com\u00e9rcio - Regi\u00e3o News","robots":{"index":"index","follow":"follow","max-snippet":"max-snippet:-1","max-image-preview":"max-image-preview:large","max-video-preview":"max-video-preview:-1"},"canonical":"https:\/\/regiaonews.net.br\/2022\/2024\/07\/08\/noite-de-gala-marca-homenagens-para-anderson-oliveira-jackelyne-rossini-e-destaques-do-comercio\/","og_locale":"pt_BR","og_type":"article","og_title":"Noite de gala marca homenagens para Anderson Oliveira, Jackelyne Rossini e destaques do com\u00e9rcio - Regi\u00e3o News","og_description":"&nbsp; Uma noite de gala marcou as homenagens ao Empres\u00e1rio","og_url":"https:\/\/regiaonews.net.br\/2022\/2024\/07\/08\/noite-de-gala-marca-homenagens-para-anderson-oliveira-jackelyne-rossini-e-destaques-do-comercio\/","og_site_name":"Regi\u00e3o News","article_published_time":"2024-07-08T21:53:31+00:00","og_image":[{"width":1504,"height":1004,"url":"https:\/\/regiaonews.net.br\/2022\/wp-content\/uploads\/2024\/07\/WhatsApp-Image-2024-07-08-at-17.30.01.jpeg","type":"image\/jpeg"}],"author":"Roberto","twitter_card":"summary_large_image","twitter_misc":{"Escrito por":"Roberto","Est. tempo de leitura":"3 minutos"},"schema":{"@context":"https:\/\/schema.org","@graph":[{"@type":"Article","@id":"https:\/\/regiaonews.net.br\/2022\/2024\/07\/08\/noite-de-gala-marca-homenagens-para-anderson-oliveira-jackelyne-rossini-e-destaques-do-comercio\/#article","isPartOf":{"@id":"https:\/\/regiaonews.net.br\/2022\/2024\/07\/08\/noite-de-gala-marca-homenagens-para-anderson-oliveira-jackelyne-rossini-e-destaques-do-comercio\/"},"author":{"name":"Roberto","@id":"https:\/\/regiaonews.net.br\/2022\/#\/schema\/person\/2d205a608a5aa97ac279d7a5e6d89ad8"},"headline":"Noite de gala marca homenagens para Anderson Oliveira, Jackelyne Rossini e destaques do com\u00e9rcio","datePublished":"2024-07-08T21:53:31+00:00","mainEntityOfPage":{"@id":"https:\/\/regiaonews.net.br\/2022\/2024\/07\/08\/noite-de-gala-marca-homenagens-para-anderson-oliveira-jackelyne-rossini-e-destaques-do-comercio\/"},"wordCount":493,"commentCount":0,"publisher":{"@id":"https:\/\/regiaonews.net.br\/2022\/#organization"},"image":{"@id":"https:\/\/regiaonews.net.br\/2022\/2024\/07\/08\/noite-de-gala-marca-homenagens-para-anderson-oliveira-jackelyne-rossini-e-destaques-do-comercio\/#primaryimage"},"thumbnailUrl":"https:\/\/regiaonews.net.br\/2022\/wp-content\/uploads\/2024\/07\/WhatsApp-Image-2024-07-08-at-17.30.01.jpeg","articleSection":["Barretos","Cidades"],"inLanguage":"pt-BR","potentialAction":[{"@type":"CommentAction","name":"Comment","target":["https:\/\/regiaonews.net.br\/2022\/2024\/07\/08\/noite-de-gala-marca-homenagens-para-anderson-oliveira-jackelyne-rossini-e-destaques-do-comercio\/#respond"]}]},{"@type":"WebPage","@id":"https:\/\/regiaonews.net.br\/2022\/2024\/07\/08\/noite-de-gala-marca-homenagens-para-anderson-oliveira-jackelyne-rossini-e-destaques-do-comercio\/","url":"https:\/\/regiaonews.net.br\/2022\/2024\/07\/08\/noite-de-gala-marca-homenagens-para-anderson-oliveira-jackelyne-rossini-e-destaques-do-comercio\/","name":"Noite de gala marca homenagens para Anderson Oliveira, Jackelyne Rossini e destaques do com\u00e9rcio - Regi\u00e3o News","isPartOf":{"@id":"https:\/\/regiaonews.net.br\/2022\/#website"},"primaryImageOfPage":{"@id":"https:\/\/regiaonews.net.br\/2022\/2024\/07\/08\/noite-de-gala-marca-homenagens-para-anderson-oliveira-jackelyne-rossini-e-destaques-do-comercio\/#primaryimage"},"image":{"@id":"https:\/\/regiaonews.net.br\/2022\/2024\/07\/08\/noite-de-gala-marca-homenagens-para-anderson-oliveira-jackelyne-rossini-e-destaques-do-comercio\/#primaryimage"},"thumbnailUrl":"https:\/\/regiaonews.net.br\/2022\/wp-content\/uploads\/2024\/07\/WhatsApp-Image-2024-07-08-at-17.30.01.jpeg","datePublished":"2024-07-08T21:53:31+00:00","breadcrumb":{"@id":"https:\/\/regiaonews.net.br\/2022\/2024\/07\/08\/noite-de-gala-marca-homenagens-para-anderson-oliveira-jackelyne-rossini-e-destaques-do-comercio\/#breadcrumb"},"inLanguage":"pt-BR","potentialAction":[{"@type":"ReadAction","target":["https:\/\/regiaonews.net.br\/2022\/2024\/07\/08\/noite-de-gala-marca-homenagens-para-anderson-oliveira-jackelyne-rossini-e-destaques-do-comercio\/"]}]},{"@type":"ImageObject","inLanguage":"pt-BR","@id":"https:\/\/regiaonews.net.br\/2022\/2024\/07\/08\/noite-de-gala-marca-homenagens-para-anderson-oliveira-jackelyne-rossini-e-destaques-do-comercio\/#primaryimage","url":"https:\/\/regiaonews.net.br\/2022\/wp-content\/uploads\/2024\/07\/WhatsApp-Image-2024-07-08-at-17.30.01.jpeg","contentUrl":"https:\/\/regiaonews.net.br\/2022\/wp-content\/uploads\/2024\/07\/WhatsApp-Image-2024-07-08-at-17.30.01.jpeg","width":1504,"height":1004},{"@type":"BreadcrumbList","@id":"https:\/\/regiaonews.net.br\/2022\/2024\/07\/08\/noite-de-gala-marca-homenagens-para-anderson-oliveira-jackelyne-rossini-e-destaques-do-comercio\/#breadcrumb","itemListElement":[{"@type":"ListItem","position":1,"name":"In\u00edcio","item":"https:\/\/regiaonews.net.br\/2022\/"},{"@type":"ListItem","position":2,"name":"Noite de gala marca homenagens para Anderson Oliveira, Jackelyne Rossini e destaques do com\u00e9rcio"}]},{"@type":"WebSite","@id":"https:\/\/regiaonews.net.br\/2022\/#website","url":"https:\/\/regiaonews.net.br\/2022\/","name":"Regi\u00e3o News","description":"Site de Not\u00edcias de Barretos e regi\u00e3o","publisher":{"@id":"https:\/\/regiaonews.net.br\/2022\/#organization"},"potentialAction":[{"@type":"SearchAction","target":{"@type":"EntryPoint","urlTemplate":"https:\/\/regiaonews.net.br\/2022\/?s={search_term_string}"},"query-input":{"@type":"PropertyValueSpecification","valueRequired":true,"valueName":"search_term_string"}}],"inLanguage":"pt-BR"},{"@type":"Organization","@id":"https:\/\/regiaonews.net.br\/2022\/#organization","name":"Regi\u00e3o News","url":"https:\/\/regiaonews.net.br\/2022\/","logo":{"@type":"ImageObject","inLanguage":"pt-BR","@id":"https:\/\/regiaonews.net.br\/2022\/#\/schema\/logo\/image\/","url":"https:\/\/regiaonews.net.br\/2022\/wp-content\/uploads\/2026\/03\/regiao-13-anos-scaled.jpg","contentUrl":"https:\/\/regiaonews.net.br\/2022\/wp-content\/uploads\/2026\/03\/regiao-13-anos-scaled.jpg","width":2560,"height":635,"caption":"Regi\u00e3o News"},"image":{"@id":"https:\/\/regiaonews.net.br\/2022\/#\/schema\/logo\/image\/"}},{"@type":"Person","@id":"https:\/\/regiaonews.net.br\/2022\/#\/schema\/person\/2d205a608a5aa97ac279d7a5e6d89ad8","name":"Roberto","image":{"@type":"ImageObject","inLanguage":"pt-BR","@id":"https:\/\/secure.gravatar.com\/avatar\/42749d8b712ff9d59ca93dc150494e5b55a44134482993f5baeb97e61b7ecc89?s=96&d=mm&r=g","url":"https:\/\/secure.gravatar.com\/avatar\/42749d8b712ff9d59ca93dc150494e5b55a44134482993f5baeb97e61b7ecc89?s=96&d=mm&r=g","contentUrl":"https:\/\/secure.gravatar.com\/avatar\/42749d8b712ff9d59ca93dc150494e5b55a44134482993f5baeb97e61b7ecc89?s=96&d=mm&r=g","caption":"Roberto"},"url":"https:\/\/regiaonews.net.br\/2022\/author\/roberto\/"}]}},"publishpress_future_action":{"enabled":false,"date":"2026-05-03 13:13:11","action":"change-status","newStatus":"draft","terms":[],"taxonomy":"category","extraData":[]},"publishpress_future_workflow_manual_trigger":{"enabledWorkflows":[]},"_links":{"self":[{"href":"https:\/\/regiaonews.net.br\/2022\/wp-json\/wp\/v2\/posts\/107465","targetHints":{"allow":["GET"]}}],"collection":[{"href":"https:\/\/regiaonews.net.br\/2022\/wp-json\/wp\/v2\/posts"}],"about":[{"href":"https:\/\/regiaonews.net.br\/2022\/wp-json\/wp\/v2\/types\/post"}],"author":[{"embeddable":true,"href":"https:\/\/regiaonews.net.br\/2022\/wp-json\/wp\/v2\/users\/2"}],"replies":[{"embeddable":true,"href":"https:\/\/regiaonews.net.br\/2022\/wp-json\/wp\/v2\/comments?post=107465"}],"version-history":[{"count":1,"href":"https:\/\/regiaonews.net.br\/2022\/wp-json\/wp\/v2\/posts\/107465\/revisions"}],"predecessor-version":[{"id":107467,"href":"https:\/\/regiaonews.net.br\/2022\/wp-json\/wp\/v2\/posts\/107465\/revisions\/107467"}],"wp:featuredmedia":[{"embeddable":true,"href":"https:\/\/regiaonews.net.br\/2022\/wp-json\/wp\/v2\/media\/107466"}],"wp:attachment":[{"href":"https:\/\/regiaonews.net.br\/2022\/wp-json\/wp\/v2\/media?parent=107465"}],"wp:term":[{"taxonomy":"category","embeddable":true,"href":"https:\/\/regiaonews.net.br\/2022\/wp-json\/wp\/v2\/categories?post=107465"},{"taxonomy":"post_tag","embeddable":true,"href":"https:\/\/regiaonews.net.br\/2022\/wp-json\/wp\/v2\/tags?post=107465"}],"curies":[{"name":"wp","href":"https:\/\/api.w.org\/{rel}","templated":true}]}}