{"id":107455,"date":"2024-07-08T17:03:47","date_gmt":"2024-07-08T20:03:47","guid":{"rendered":"https:\/\/regiaonews.net.br\/2022\/?p=107455"},"modified":"2024-07-08T17:03:47","modified_gmt":"2024-07-08T20:03:47","slug":"north-shopping-barretos-apresenta-campanha-pais-2024-com-tema-meu-craque-na-argentina","status":"publish","type":"post","link":"https:\/\/regiaonews.net.br\/2022\/2024\/07\/08\/north-shopping-barretos-apresenta-campanha-pais-2024-com-tema-meu-craque-na-argentina\/","title":{"rendered":"North Shopping Barretos apresenta Campanha Pais 2024 com tema \u201cMeu craque na Argentina\u201d"},"content":{"rendered":"<h3 style=\"text-align: center;\">Jornalista Danilo Scochi estrela as fotos da campanha publicit\u00e1ria juntos dos filhos Enrico e Ben\u00edcio<\/h3>\n<p>No per\u00edodo de 18 de julho a 11 de agosto acontece a campanha promocional em homenagem ao Dia dos Pais no North Shopping Barretos, com o tema \u201cMeu craque na Argentina\u201d, em que os pr\u00eamios ser\u00e3o dois pacotes tur\u00edsticos para Buenos Aires, capital da Argentina e uma das cidades tur\u00edsticas, fora do Brasil, mais visitadas na Am\u00e9rica Latina.<br \/>\nPara participar do sorteio dos pacotes, que acontece no dia 12 de agosto, basta juntar cupons\/notas fiscais de consumo nas lojas participantes do North Shopping Barretos, e trocar, a cada R$ 250 consumidos, por cupons da campanha, sendo que compras realizadas as ter\u00e7as, quartas e quintas-feiras valem em dobro, ou seja a cada R$ 250 nesses dias d\u00e1 direito a dois cupons. O posto de troca estar\u00e1 montado defronte a Golfe Class e com funcionamento conforme os hor\u00e1rios do centro de compras.<br \/>\nAs pe\u00e7as publicit\u00e1rias trazem fotos do jornalista Danilo Scochi junto com seus filhos Enrico, de 16 anos, e Ben\u00edcio, de 14. Scochi, que h\u00e1 21 anos trabalha com jornalismo, sendo natural de Ribeir\u00e3o Preto, onde mora, tendo come\u00e7ado a carreira em r\u00e1dios da cidade, passando por v\u00e1rias emissoras de televis\u00e3o e recentemente deixou o cargo de apresentador de telejornais na EPTV, afiliada da Rede Globo, onde ficou por quase 17 anos. Atualmente \u00e9 considerado tamb\u00e9m um influenciador digital e \u00e9 casado com Michelle Doneg\u00e1.<br \/>\nDanilo conta que fotografar para uma campanha publicit\u00e1ria foi novidade em sua vida. \u201cUma experi\u00eancia incr\u00edvel, n\u00e3o s\u00f3 pela novidade da atividade de \u2018modelo\u2019, mas principalmente por estar ao lado dos meus filhos, hoje adolescentes, que, confesso, por conta do trabalho na EPTV, mal vi crescer. Ent\u00e3o, estar com eles numa sess\u00e3o de fotos foi completamente diferente pra mim! E foi muito bom, com um lindo resultado! Estou emocionado em poder representar a figura paterna nessa campanha de Dia dos Pais, que est\u00e1 perfeita!\u201d, diz o jornalista. O papai modelo Danilo Scochi junto com os filhos Benicio Donega Scochi e Enrico Donega Scochi foram fotografados pelo Grupo Luz e a identidade visual da campanha \u00e9 assinada por Gustavo Diniz da ag\u00eancia Get UP Barretos.<br \/>\nOs dois pacotes tur\u00edsticos a serem sorteados aos participantes da campanha com destino a Buenos Aires, ser\u00e3o para o per\u00edodo de 04 a 08 de dezembro de 2024, incluindo passagens a\u00e9reas de ida e volta, para o sorteado e acompanhante, com voo saindo e retornando ao Aeroporto Internacional de S\u00e3o Paulo em Guarulhos. Os sortudos ter\u00e3o direito a quatro noites de hospedagem com caf\u00e9 da manh\u00e3, traslado aeroporto\/hotel e hotel\/aeroporto, City tour nos principais pontos tur\u00edsticos da capital portenha, show de tango com jantar e bebidas no \u201cSe\u00f1or Tango\u201d, uma das maiores casas de espet\u00e1culo da capital Argentina, taxas de embarque e encargos, tudo no pr\u00eamio. Cada pacote tur\u00edstico tem o valor de R$ 8.813,00. Al\u00e9m do pacote tur\u00edstico, cada sorteado receber\u00e1 um cart\u00e3o viagem com US$ 500 (quinhentos d\u00f3lares) cada.<br \/>\nO regulamento completo da campanha est\u00e1 dispon\u00edvel no site www.northshoppingbarretos.com.br. Dia dos Pais North Shopping Barretos, Meu Craque\u00a0na\u00a0Argentina.<\/p>\n","protected":false},"excerpt":{"rendered":"<p>Jornalista Danilo Scochi estrela as fotos da campanha publicit\u00e1ria juntos<\/p>\n","protected":false},"author":2,"featured_media":107456,"comment_status":"open","ping_status":"open","sticky":false,"template":"","format":"standard","meta":{"footnotes":""},"categories":[14,3],"tags":[],"class_list":["post-107455","post","type-post","status-publish","format-standard","has-post-thumbnail","hentry","category-barretos","category-geral"],"yoast_head":"<!-- This site is optimized with the Yoast SEO plugin v27.4 - https:\/\/yoast.com\/product\/yoast-seo-wordpress\/ -->\n<title>North Shopping Barretos apresenta Campanha Pais 2024 com tema \u201cMeu craque na Argentina\u201d - Regi\u00e3o News<\/title>\n<meta name=\"robots\" content=\"index, follow, max-snippet:-1, max-image-preview:large, max-video-preview:-1\" \/>\n<link rel=\"canonical\" href=\"https:\/\/regiaonews.net.br\/2022\/2024\/07\/08\/north-shopping-barretos-apresenta-campanha-pais-2024-com-tema-meu-craque-na-argentina\/\" \/>\n<meta property=\"og:locale\" content=\"pt_BR\" \/>\n<meta property=\"og:type\" content=\"article\" \/>\n<meta property=\"og:title\" content=\"North Shopping Barretos apresenta Campanha Pais 2024 com tema \u201cMeu craque na Argentina\u201d - Regi\u00e3o News\" \/>\n<meta property=\"og:description\" content=\"Jornalista Danilo Scochi estrela as fotos da campanha publicit\u00e1ria juntos\" \/>\n<meta property=\"og:url\" content=\"https:\/\/regiaonews.net.br\/2022\/2024\/07\/08\/north-shopping-barretos-apresenta-campanha-pais-2024-com-tema-meu-craque-na-argentina\/\" \/>\n<meta property=\"og:site_name\" content=\"Regi\u00e3o News\" \/>\n<meta property=\"article:published_time\" content=\"2024-07-08T20:03:47+00:00\" \/>\n<meta property=\"og:image\" content=\"https:\/\/regiaonews.net.br\/2022\/wp-content\/uploads\/2024\/07\/Imagem-do-WhatsApp-de-2024-07-08-as-15.14.55_cc2422fc.jpg\" \/>\n\t<meta property=\"og:image:width\" content=\"1417\" \/>\n\t<meta property=\"og:image:height\" content=\"1417\" \/>\n\t<meta property=\"og:image:type\" content=\"image\/jpeg\" \/>\n<meta name=\"author\" content=\"Roberto\" \/>\n<meta name=\"twitter:card\" content=\"summary_large_image\" \/>\n<meta name=\"twitter:label1\" content=\"Escrito por\" \/>\n\t<meta name=\"twitter:data1\" content=\"Roberto\" \/>\n\t<meta name=\"twitter:label2\" content=\"Est. tempo de leitura\" \/>\n\t<meta name=\"twitter:data2\" content=\"3 minutos\" \/>\n<script type=\"application\/ld+json\" class=\"yoast-schema-graph\">{\"@context\":\"https:\\\/\\\/schema.org\",\"@graph\":[{\"@type\":\"Article\",\"@id\":\"https:\\\/\\\/regiaonews.net.br\\\/2022\\\/2024\\\/07\\\/08\\\/north-shopping-barretos-apresenta-campanha-pais-2024-com-tema-meu-craque-na-argentina\\\/#article\",\"isPartOf\":{\"@id\":\"https:\\\/\\\/regiaonews.net.br\\\/2022\\\/2024\\\/07\\\/08\\\/north-shopping-barretos-apresenta-campanha-pais-2024-com-tema-meu-craque-na-argentina\\\/\"},\"author\":{\"name\":\"Roberto\",\"@id\":\"https:\\\/\\\/regiaonews.net.br\\\/2022\\\/#\\\/schema\\\/person\\\/2d205a608a5aa97ac279d7a5e6d89ad8\"},\"headline\":\"North Shopping Barretos apresenta Campanha Pais 2024 com tema \u201cMeu craque na Argentina\u201d\",\"datePublished\":\"2024-07-08T20:03:47+00:00\",\"mainEntityOfPage\":{\"@id\":\"https:\\\/\\\/regiaonews.net.br\\\/2022\\\/2024\\\/07\\\/08\\\/north-shopping-barretos-apresenta-campanha-pais-2024-com-tema-meu-craque-na-argentina\\\/\"},\"wordCount\":557,\"commentCount\":0,\"publisher\":{\"@id\":\"https:\\\/\\\/regiaonews.net.br\\\/2022\\\/#organization\"},\"image\":{\"@id\":\"https:\\\/\\\/regiaonews.net.br\\\/2022\\\/2024\\\/07\\\/08\\\/north-shopping-barretos-apresenta-campanha-pais-2024-com-tema-meu-craque-na-argentina\\\/#primaryimage\"},\"thumbnailUrl\":\"https:\\\/\\\/regiaonews.net.br\\\/2022\\\/wp-content\\\/uploads\\\/2024\\\/07\\\/Imagem-do-WhatsApp-de-2024-07-08-as-15.14.55_cc2422fc.jpg\",\"articleSection\":[\"Barretos\",\"Geral\"],\"inLanguage\":\"pt-BR\",\"potentialAction\":[{\"@type\":\"CommentAction\",\"name\":\"Comment\",\"target\":[\"https:\\\/\\\/regiaonews.net.br\\\/2022\\\/2024\\\/07\\\/08\\\/north-shopping-barretos-apresenta-campanha-pais-2024-com-tema-meu-craque-na-argentina\\\/#respond\"]}]},{\"@type\":\"WebPage\",\"@id\":\"https:\\\/\\\/regiaonews.net.br\\\/2022\\\/2024\\\/07\\\/08\\\/north-shopping-barretos-apresenta-campanha-pais-2024-com-tema-meu-craque-na-argentina\\\/\",\"url\":\"https:\\\/\\\/regiaonews.net.br\\\/2022\\\/2024\\\/07\\\/08\\\/north-shopping-barretos-apresenta-campanha-pais-2024-com-tema-meu-craque-na-argentina\\\/\",\"name\":\"North Shopping Barretos apresenta Campanha Pais 2024 com tema \u201cMeu craque na Argentina\u201d - Regi\u00e3o News\",\"isPartOf\":{\"@id\":\"https:\\\/\\\/regiaonews.net.br\\\/2022\\\/#website\"},\"primaryImageOfPage\":{\"@id\":\"https:\\\/\\\/regiaonews.net.br\\\/2022\\\/2024\\\/07\\\/08\\\/north-shopping-barretos-apresenta-campanha-pais-2024-com-tema-meu-craque-na-argentina\\\/#primaryimage\"},\"image\":{\"@id\":\"https:\\\/\\\/regiaonews.net.br\\\/2022\\\/2024\\\/07\\\/08\\\/north-shopping-barretos-apresenta-campanha-pais-2024-com-tema-meu-craque-na-argentina\\\/#primaryimage\"},\"thumbnailUrl\":\"https:\\\/\\\/regiaonews.net.br\\\/2022\\\/wp-content\\\/uploads\\\/2024\\\/07\\\/Imagem-do-WhatsApp-de-2024-07-08-as-15.14.55_cc2422fc.jpg\",\"datePublished\":\"2024-07-08T20:03:47+00:00\",\"breadcrumb\":{\"@id\":\"https:\\\/\\\/regiaonews.net.br\\\/2022\\\/2024\\\/07\\\/08\\\/north-shopping-barretos-apresenta-campanha-pais-2024-com-tema-meu-craque-na-argentina\\\/#breadcrumb\"},\"inLanguage\":\"pt-BR\",\"potentialAction\":[{\"@type\":\"ReadAction\",\"target\":[\"https:\\\/\\\/regiaonews.net.br\\\/2022\\\/2024\\\/07\\\/08\\\/north-shopping-barretos-apresenta-campanha-pais-2024-com-tema-meu-craque-na-argentina\\\/\"]}]},{\"@type\":\"ImageObject\",\"inLanguage\":\"pt-BR\",\"@id\":\"https:\\\/\\\/regiaonews.net.br\\\/2022\\\/2024\\\/07\\\/08\\\/north-shopping-barretos-apresenta-campanha-pais-2024-com-tema-meu-craque-na-argentina\\\/#primaryimage\",\"url\":\"https:\\\/\\\/regiaonews.net.br\\\/2022\\\/wp-content\\\/uploads\\\/2024\\\/07\\\/Imagem-do-WhatsApp-de-2024-07-08-as-15.14.55_cc2422fc.jpg\",\"contentUrl\":\"https:\\\/\\\/regiaonews.net.br\\\/2022\\\/wp-content\\\/uploads\\\/2024\\\/07\\\/Imagem-do-WhatsApp-de-2024-07-08-as-15.14.55_cc2422fc.jpg\",\"width\":1417,\"height\":1417},{\"@type\":\"BreadcrumbList\",\"@id\":\"https:\\\/\\\/regiaonews.net.br\\\/2022\\\/2024\\\/07\\\/08\\\/north-shopping-barretos-apresenta-campanha-pais-2024-com-tema-meu-craque-na-argentina\\\/#breadcrumb\",\"itemListElement\":[{\"@type\":\"ListItem\",\"position\":1,\"name\":\"In\u00edcio\",\"item\":\"https:\\\/\\\/regiaonews.net.br\\\/2022\\\/\"},{\"@type\":\"ListItem\",\"position\":2,\"name\":\"North Shopping Barretos apresenta Campanha Pais 2024 com tema \u201cMeu craque na Argentina\u201d\"}]},{\"@type\":\"WebSite\",\"@id\":\"https:\\\/\\\/regiaonews.net.br\\\/2022\\\/#website\",\"url\":\"https:\\\/\\\/regiaonews.net.br\\\/2022\\\/\",\"name\":\"Regi\u00e3o News\",\"description\":\"Site de Not\u00edcias de Barretos e regi\u00e3o\",\"publisher\":{\"@id\":\"https:\\\/\\\/regiaonews.net.br\\\/2022\\\/#organization\"},\"potentialAction\":[{\"@type\":\"SearchAction\",\"target\":{\"@type\":\"EntryPoint\",\"urlTemplate\":\"https:\\\/\\\/regiaonews.net.br\\\/2022\\\/?s={search_term_string}\"},\"query-input\":{\"@type\":\"PropertyValueSpecification\",\"valueRequired\":true,\"valueName\":\"search_term_string\"}}],\"inLanguage\":\"pt-BR\"},{\"@type\":\"Organization\",\"@id\":\"https:\\\/\\\/regiaonews.net.br\\\/2022\\\/#organization\",\"name\":\"Regi\u00e3o News\",\"url\":\"https:\\\/\\\/regiaonews.net.br\\\/2022\\\/\",\"logo\":{\"@type\":\"ImageObject\",\"inLanguage\":\"pt-BR\",\"@id\":\"https:\\\/\\\/regiaonews.net.br\\\/2022\\\/#\\\/schema\\\/logo\\\/image\\\/\",\"url\":\"https:\\\/\\\/regiaonews.net.br\\\/2022\\\/wp-content\\\/uploads\\\/2026\\\/03\\\/regiao-13-anos-scaled.jpg\",\"contentUrl\":\"https:\\\/\\\/regiaonews.net.br\\\/2022\\\/wp-content\\\/uploads\\\/2026\\\/03\\\/regiao-13-anos-scaled.jpg\",\"width\":2560,\"height\":635,\"caption\":\"Regi\u00e3o News\"},\"image\":{\"@id\":\"https:\\\/\\\/regiaonews.net.br\\\/2022\\\/#\\\/schema\\\/logo\\\/image\\\/\"}},{\"@type\":\"Person\",\"@id\":\"https:\\\/\\\/regiaonews.net.br\\\/2022\\\/#\\\/schema\\\/person\\\/2d205a608a5aa97ac279d7a5e6d89ad8\",\"name\":\"Roberto\",\"image\":{\"@type\":\"ImageObject\",\"inLanguage\":\"pt-BR\",\"@id\":\"https:\\\/\\\/secure.gravatar.com\\\/avatar\\\/42749d8b712ff9d59ca93dc150494e5b55a44134482993f5baeb97e61b7ecc89?s=96&d=mm&r=g\",\"url\":\"https:\\\/\\\/secure.gravatar.com\\\/avatar\\\/42749d8b712ff9d59ca93dc150494e5b55a44134482993f5baeb97e61b7ecc89?s=96&d=mm&r=g\",\"contentUrl\":\"https:\\\/\\\/secure.gravatar.com\\\/avatar\\\/42749d8b712ff9d59ca93dc150494e5b55a44134482993f5baeb97e61b7ecc89?s=96&d=mm&r=g\",\"caption\":\"Roberto\"},\"url\":\"https:\\\/\\\/regiaonews.net.br\\\/2022\\\/author\\\/roberto\\\/\"}]}<\/script>\n<!-- \/ Yoast SEO plugin. -->","yoast_head_json":{"title":"North Shopping Barretos apresenta Campanha Pais 2024 com tema \u201cMeu craque na Argentina\u201d - Regi\u00e3o News","robots":{"index":"index","follow":"follow","max-snippet":"max-snippet:-1","max-image-preview":"max-image-preview:large","max-video-preview":"max-video-preview:-1"},"canonical":"https:\/\/regiaonews.net.br\/2022\/2024\/07\/08\/north-shopping-barretos-apresenta-campanha-pais-2024-com-tema-meu-craque-na-argentina\/","og_locale":"pt_BR","og_type":"article","og_title":"North Shopping Barretos apresenta Campanha Pais 2024 com tema \u201cMeu craque na Argentina\u201d - Regi\u00e3o News","og_description":"Jornalista Danilo Scochi estrela as fotos da campanha publicit\u00e1ria juntos","og_url":"https:\/\/regiaonews.net.br\/2022\/2024\/07\/08\/north-shopping-barretos-apresenta-campanha-pais-2024-com-tema-meu-craque-na-argentina\/","og_site_name":"Regi\u00e3o News","article_published_time":"2024-07-08T20:03:47+00:00","og_image":[{"width":1417,"height":1417,"url":"https:\/\/regiaonews.net.br\/2022\/wp-content\/uploads\/2024\/07\/Imagem-do-WhatsApp-de-2024-07-08-as-15.14.55_cc2422fc.jpg","type":"image\/jpeg"}],"author":"Roberto","twitter_card":"summary_large_image","twitter_misc":{"Escrito por":"Roberto","Est. tempo de leitura":"3 minutos"},"schema":{"@context":"https:\/\/schema.org","@graph":[{"@type":"Article","@id":"https:\/\/regiaonews.net.br\/2022\/2024\/07\/08\/north-shopping-barretos-apresenta-campanha-pais-2024-com-tema-meu-craque-na-argentina\/#article","isPartOf":{"@id":"https:\/\/regiaonews.net.br\/2022\/2024\/07\/08\/north-shopping-barretos-apresenta-campanha-pais-2024-com-tema-meu-craque-na-argentina\/"},"author":{"name":"Roberto","@id":"https:\/\/regiaonews.net.br\/2022\/#\/schema\/person\/2d205a608a5aa97ac279d7a5e6d89ad8"},"headline":"North Shopping Barretos apresenta Campanha Pais 2024 com tema \u201cMeu craque na Argentina\u201d","datePublished":"2024-07-08T20:03:47+00:00","mainEntityOfPage":{"@id":"https:\/\/regiaonews.net.br\/2022\/2024\/07\/08\/north-shopping-barretos-apresenta-campanha-pais-2024-com-tema-meu-craque-na-argentina\/"},"wordCount":557,"commentCount":0,"publisher":{"@id":"https:\/\/regiaonews.net.br\/2022\/#organization"},"image":{"@id":"https:\/\/regiaonews.net.br\/2022\/2024\/07\/08\/north-shopping-barretos-apresenta-campanha-pais-2024-com-tema-meu-craque-na-argentina\/#primaryimage"},"thumbnailUrl":"https:\/\/regiaonews.net.br\/2022\/wp-content\/uploads\/2024\/07\/Imagem-do-WhatsApp-de-2024-07-08-as-15.14.55_cc2422fc.jpg","articleSection":["Barretos","Geral"],"inLanguage":"pt-BR","potentialAction":[{"@type":"CommentAction","name":"Comment","target":["https:\/\/regiaonews.net.br\/2022\/2024\/07\/08\/north-shopping-barretos-apresenta-campanha-pais-2024-com-tema-meu-craque-na-argentina\/#respond"]}]},{"@type":"WebPage","@id":"https:\/\/regiaonews.net.br\/2022\/2024\/07\/08\/north-shopping-barretos-apresenta-campanha-pais-2024-com-tema-meu-craque-na-argentina\/","url":"https:\/\/regiaonews.net.br\/2022\/2024\/07\/08\/north-shopping-barretos-apresenta-campanha-pais-2024-com-tema-meu-craque-na-argentina\/","name":"North Shopping Barretos apresenta Campanha Pais 2024 com tema \u201cMeu craque na Argentina\u201d - Regi\u00e3o News","isPartOf":{"@id":"https:\/\/regiaonews.net.br\/2022\/#website"},"primaryImageOfPage":{"@id":"https:\/\/regiaonews.net.br\/2022\/2024\/07\/08\/north-shopping-barretos-apresenta-campanha-pais-2024-com-tema-meu-craque-na-argentina\/#primaryimage"},"image":{"@id":"https:\/\/regiaonews.net.br\/2022\/2024\/07\/08\/north-shopping-barretos-apresenta-campanha-pais-2024-com-tema-meu-craque-na-argentina\/#primaryimage"},"thumbnailUrl":"https:\/\/regiaonews.net.br\/2022\/wp-content\/uploads\/2024\/07\/Imagem-do-WhatsApp-de-2024-07-08-as-15.14.55_cc2422fc.jpg","datePublished":"2024-07-08T20:03:47+00:00","breadcrumb":{"@id":"https:\/\/regiaonews.net.br\/2022\/2024\/07\/08\/north-shopping-barretos-apresenta-campanha-pais-2024-com-tema-meu-craque-na-argentina\/#breadcrumb"},"inLanguage":"pt-BR","potentialAction":[{"@type":"ReadAction","target":["https:\/\/regiaonews.net.br\/2022\/2024\/07\/08\/north-shopping-barretos-apresenta-campanha-pais-2024-com-tema-meu-craque-na-argentina\/"]}]},{"@type":"ImageObject","inLanguage":"pt-BR","@id":"https:\/\/regiaonews.net.br\/2022\/2024\/07\/08\/north-shopping-barretos-apresenta-campanha-pais-2024-com-tema-meu-craque-na-argentina\/#primaryimage","url":"https:\/\/regiaonews.net.br\/2022\/wp-content\/uploads\/2024\/07\/Imagem-do-WhatsApp-de-2024-07-08-as-15.14.55_cc2422fc.jpg","contentUrl":"https:\/\/regiaonews.net.br\/2022\/wp-content\/uploads\/2024\/07\/Imagem-do-WhatsApp-de-2024-07-08-as-15.14.55_cc2422fc.jpg","width":1417,"height":1417},{"@type":"BreadcrumbList","@id":"https:\/\/regiaonews.net.br\/2022\/2024\/07\/08\/north-shopping-barretos-apresenta-campanha-pais-2024-com-tema-meu-craque-na-argentina\/#breadcrumb","itemListElement":[{"@type":"ListItem","position":1,"name":"In\u00edcio","item":"https:\/\/regiaonews.net.br\/2022\/"},{"@type":"ListItem","position":2,"name":"North Shopping Barretos apresenta Campanha Pais 2024 com tema \u201cMeu craque na Argentina\u201d"}]},{"@type":"WebSite","@id":"https:\/\/regiaonews.net.br\/2022\/#website","url":"https:\/\/regiaonews.net.br\/2022\/","name":"Regi\u00e3o News","description":"Site de Not\u00edcias de Barretos e regi\u00e3o","publisher":{"@id":"https:\/\/regiaonews.net.br\/2022\/#organization"},"potentialAction":[{"@type":"SearchAction","target":{"@type":"EntryPoint","urlTemplate":"https:\/\/regiaonews.net.br\/2022\/?s={search_term_string}"},"query-input":{"@type":"PropertyValueSpecification","valueRequired":true,"valueName":"search_term_string"}}],"inLanguage":"pt-BR"},{"@type":"Organization","@id":"https:\/\/regiaonews.net.br\/2022\/#organization","name":"Regi\u00e3o News","url":"https:\/\/regiaonews.net.br\/2022\/","logo":{"@type":"ImageObject","inLanguage":"pt-BR","@id":"https:\/\/regiaonews.net.br\/2022\/#\/schema\/logo\/image\/","url":"https:\/\/regiaonews.net.br\/2022\/wp-content\/uploads\/2026\/03\/regiao-13-anos-scaled.jpg","contentUrl":"https:\/\/regiaonews.net.br\/2022\/wp-content\/uploads\/2026\/03\/regiao-13-anos-scaled.jpg","width":2560,"height":635,"caption":"Regi\u00e3o News"},"image":{"@id":"https:\/\/regiaonews.net.br\/2022\/#\/schema\/logo\/image\/"}},{"@type":"Person","@id":"https:\/\/regiaonews.net.br\/2022\/#\/schema\/person\/2d205a608a5aa97ac279d7a5e6d89ad8","name":"Roberto","image":{"@type":"ImageObject","inLanguage":"pt-BR","@id":"https:\/\/secure.gravatar.com\/avatar\/42749d8b712ff9d59ca93dc150494e5b55a44134482993f5baeb97e61b7ecc89?s=96&d=mm&r=g","url":"https:\/\/secure.gravatar.com\/avatar\/42749d8b712ff9d59ca93dc150494e5b55a44134482993f5baeb97e61b7ecc89?s=96&d=mm&r=g","contentUrl":"https:\/\/secure.gravatar.com\/avatar\/42749d8b712ff9d59ca93dc150494e5b55a44134482993f5baeb97e61b7ecc89?s=96&d=mm&r=g","caption":"Roberto"},"url":"https:\/\/regiaonews.net.br\/2022\/author\/roberto\/"}]}},"publishpress_future_action":{"enabled":false,"date":"2026-05-03 09:42:45","action":"change-status","newStatus":"draft","terms":[],"taxonomy":"category","extraData":[]},"publishpress_future_workflow_manual_trigger":{"enabledWorkflows":[]},"_links":{"self":[{"href":"https:\/\/regiaonews.net.br\/2022\/wp-json\/wp\/v2\/posts\/107455","targetHints":{"allow":["GET"]}}],"collection":[{"href":"https:\/\/regiaonews.net.br\/2022\/wp-json\/wp\/v2\/posts"}],"about":[{"href":"https:\/\/regiaonews.net.br\/2022\/wp-json\/wp\/v2\/types\/post"}],"author":[{"embeddable":true,"href":"https:\/\/regiaonews.net.br\/2022\/wp-json\/wp\/v2\/users\/2"}],"replies":[{"embeddable":true,"href":"https:\/\/regiaonews.net.br\/2022\/wp-json\/wp\/v2\/comments?post=107455"}],"version-history":[{"count":1,"href":"https:\/\/regiaonews.net.br\/2022\/wp-json\/wp\/v2\/posts\/107455\/revisions"}],"predecessor-version":[{"id":107457,"href":"https:\/\/regiaonews.net.br\/2022\/wp-json\/wp\/v2\/posts\/107455\/revisions\/107457"}],"wp:featuredmedia":[{"embeddable":true,"href":"https:\/\/regiaonews.net.br\/2022\/wp-json\/wp\/v2\/media\/107456"}],"wp:attachment":[{"href":"https:\/\/regiaonews.net.br\/2022\/wp-json\/wp\/v2\/media?parent=107455"}],"wp:term":[{"taxonomy":"category","embeddable":true,"href":"https:\/\/regiaonews.net.br\/2022\/wp-json\/wp\/v2\/categories?post=107455"},{"taxonomy":"post_tag","embeddable":true,"href":"https:\/\/regiaonews.net.br\/2022\/wp-json\/wp\/v2\/tags?post=107455"}],"curies":[{"name":"wp","href":"https:\/\/api.w.org\/{rel}","templated":true}]}}