{"id":107447,"date":"2024-07-08T17:01:41","date_gmt":"2024-07-08T20:01:41","guid":{"rendered":"https:\/\/regiaonews.net.br\/2022\/?p=107447"},"modified":"2024-07-08T17:01:41","modified_gmt":"2024-07-08T20:01:41","slug":"combate-a-violencia-contra-a-mulher-e-tema-de-campanha-da-oab-na-festa-do-peao-de-barretos-2024","status":"publish","type":"post","link":"https:\/\/regiaonews.net.br\/2022\/2024\/07\/08\/combate-a-violencia-contra-a-mulher-e-tema-de-campanha-da-oab-na-festa-do-peao-de-barretos-2024\/","title":{"rendered":"\u201cCombate \u00e0 Viol\u00eancia Contra a Mulher\u201d \u00e9 tema de campanha da OAB na Festa do Pe\u00e3o de Barretos 2024"},"content":{"rendered":"<h3 style=\"text-align: center;\">Pelo terceiro ano consecutivo a OAB Barretos fecha parceria com Os Independentes para a\u00e7\u00e3o social<\/h3>\n<p>Amea\u00e7as, agress\u00f5es, torturas, ofensas, ass\u00e9dio, feminic\u00eddio, s\u00e3o muitas as viol\u00eancias sofridas pelas mulheres e que n\u00e3o come\u00e7am ou se esgotam nas mortes registradas. Dados do IBGE (Instituto Brasileiro de Geografia e Estat\u00edstica), divulgados em mar\u00e7o deste ano, mostram que no ano de 2023, ao menos oito mulheres foram v\u00edtimas de viol\u00eancia dom\u00e9stica a cada 24 horas. Os n\u00fameros monitorados apontaram 586 v\u00edtimas de feminic\u00eddios. Isso significa dizer que, a cada 15 horas, uma mulher morreu em raz\u00e3o do g\u00eanero, majoritariamente pelas m\u00e3os de parceiros ou ex-parceiros (72,7%), que usaram armas brancas (em 38,12% dos casos), ou por armas de fogo (23,75%).<br \/>\nO combate a essa triste realidade \u00e9 um dos pilares da a\u00e7\u00e3o da Ordem dos Advogados do Brasil em todo o territ\u00f3rio nacional, especialmente no estado de S\u00e3o Paulo, que tem uma mulher na presid\u00eancia da se\u00e7\u00e3o estadual, dra. Patr\u00edcia Vanzolini, e em Barretos, que tamb\u00e9m tem uma mulher na presid\u00eancia da 7\u00aa Subse\u00e7\u00e3o, a OAB Barretos, dra. Arany L\u00b4Apiccirela. Nesta semana, a institui\u00e7\u00e3o barretense firmou uma parceria com a Associa\u00e7\u00e3o Os Independentes para levar o Combate \u00e0 Viol\u00eancia contra a Mulher \u00e0 Festa do Pe\u00e3o 2024.<br \/>\nO presidente de Os Independentes Hussein Gemha J\u00fanior recebeu a presidente da OAB Barretos, Arany L&#8217;Apiccirela para firmar a parceria na campanha que vai estar presente em pe\u00e7as publicit\u00e1rias de outdoor, cartazes, panfletos e v\u00eddeos exibidos por todo o Parque do Pe\u00e3o, durante a Festa do Pe\u00e3o, de 15 a 25 de agosto. Esse \u00e9 o terceiro ano consecutivo que as duas institui\u00e7\u00f5es se unem para divulgar campanhas sociais relevantes, no primeiro ano, em 2022, o tema foi o Combate ao Turismo Sexual e no segundo ano, em 2023, divulgou-se o Combate a Homofobia. As campanhas tem apoio integral da OAB S\u00e3o Paulo e da CAASP \u2013 Caixa de Assist\u00eancia dos Advogados de S\u00e3o Paulo.<br \/>\n\u201cEstamos muito felizes com mais essa parceria com Os Independentes, uma entidade que se mostrou muito sens\u00edvel aos temas propostos pela OAB Barretos, em conson\u00e2ncia com a OAB S\u00e3o Paulo, com apoio da CAASP, e que, de pronto, aceitou a parceria no primeiro ano e vem refor\u00e7ando essa uni\u00e3o de for\u00e7as em prol \u00e0 discuss\u00e3o de temas t\u00e3o relevantes para a sociedade. Nesses dois primeiros anos conquistamos espa\u00e7os muito importantes na m\u00eddia regional, estadual e at\u00e9 nacional, para nossos temas, e tenho certeza que agora em 2024 n\u00e3o ser\u00e1 diferente. Os n\u00fameros que o IBGE trouxe, frutos de um levantamento muito s\u00e9rio, sobre a viol\u00eancia contra a mulher no Brasil, nos assusta e preocupa como pa\u00eds, \u00e9 preciso agir para que essa realidade mude\u201d, disse a presidente da 7\u00aa subse\u00e7\u00e3o da Ordem dos Advogados do Brasil, OAB Barretos.<br \/>\nPara o presidente de Os Independentes, Hussein Gemha J\u00fanior, a parceria com a OAB refor\u00e7a o compromisso da associa\u00e7\u00e3o com a sociedade. \u201cA Festa do Pe\u00e3o tem o poder de conseguir falar com um vasto p\u00fablico e vamos utilizar essa capacidade pra apoiar a campanha da OAB Barretos. Toda comunidade deve se unir no combate \u00e0 viol\u00eancia contra a mulher e, para isso, \u00e9 necess\u00e1rio falar sobre o assunto, abordar sem medo e, principalmente, encontrar apoio efetivo. E \u00e9 o que vamos ajudar neste momento t\u00e3o importante\u201d, diz ele.<br \/>\nO lan\u00e7amento oficial da campanha de Combate \u00e0 Viol\u00eancia Contra a Mulher deve acontecer na semana que antecede a 69\u00aa Festa do Pe\u00e3o de Boiadeiro de Barretos, que \u00e9 realizada de 15 a 25 de agosto, com uma programa\u00e7\u00e3o extensa de mais de 100 shows musicais e competi\u00e7\u00f5es de v\u00e1rias entidades esportivas do rodeio, incluindo montarias e provas, no Parque do Pe\u00e3o, em Barretos\/SP. Para mais informa\u00e7\u00f5es sobre o evento basta acessar: www.independentes.com.br ou acompanhar as redes sociais do evento e de seus\u00a0realizadores.<\/p>\n","protected":false},"excerpt":{"rendered":"<p>Pelo terceiro ano consecutivo a OAB Barretos fecha parceria com<\/p>\n","protected":false},"author":2,"featured_media":107448,"comment_status":"open","ping_status":"open","sticky":false,"template":"","format":"standard","meta":{"footnotes":""},"categories":[14,3],"tags":[],"class_list":["post-107447","post","type-post","status-publish","format-standard","has-post-thumbnail","hentry","category-barretos","category-geral"],"yoast_head":"<!-- This site is optimized with the Yoast SEO plugin v27.4 - https:\/\/yoast.com\/product\/yoast-seo-wordpress\/ -->\n<title>\u201cCombate \u00e0 Viol\u00eancia Contra a Mulher\u201d \u00e9 tema de campanha da OAB na Festa do Pe\u00e3o de Barretos 2024 - Regi\u00e3o News<\/title>\n<meta name=\"robots\" content=\"index, follow, max-snippet:-1, max-image-preview:large, max-video-preview:-1\" \/>\n<link rel=\"canonical\" href=\"https:\/\/regiaonews.net.br\/2022\/2024\/07\/08\/combate-a-violencia-contra-a-mulher-e-tema-de-campanha-da-oab-na-festa-do-peao-de-barretos-2024\/\" \/>\n<meta property=\"og:locale\" content=\"pt_BR\" \/>\n<meta property=\"og:type\" content=\"article\" \/>\n<meta property=\"og:title\" content=\"\u201cCombate \u00e0 Viol\u00eancia Contra a Mulher\u201d \u00e9 tema de campanha da OAB na Festa do Pe\u00e3o de Barretos 2024 - Regi\u00e3o News\" \/>\n<meta property=\"og:description\" content=\"Pelo terceiro ano consecutivo a OAB Barretos fecha parceria com\" \/>\n<meta property=\"og:url\" content=\"https:\/\/regiaonews.net.br\/2022\/2024\/07\/08\/combate-a-violencia-contra-a-mulher-e-tema-de-campanha-da-oab-na-festa-do-peao-de-barretos-2024\/\" \/>\n<meta property=\"og:site_name\" content=\"Regi\u00e3o News\" \/>\n<meta property=\"article:published_time\" content=\"2024-07-08T20:01:41+00:00\" \/>\n<meta property=\"og:image\" content=\"https:\/\/regiaonews.net.br\/2022\/wp-content\/uploads\/2024\/07\/2.jpg\" \/>\n\t<meta property=\"og:image:width\" content=\"1600\" \/>\n\t<meta property=\"og:image:height\" content=\"739\" \/>\n\t<meta property=\"og:image:type\" content=\"image\/jpeg\" \/>\n<meta name=\"author\" content=\"Roberto\" \/>\n<meta name=\"twitter:card\" content=\"summary_large_image\" \/>\n<meta name=\"twitter:label1\" content=\"Escrito por\" \/>\n\t<meta name=\"twitter:data1\" content=\"Roberto\" \/>\n\t<meta name=\"twitter:label2\" content=\"Est. tempo de leitura\" \/>\n\t<meta name=\"twitter:data2\" content=\"4 minutos\" \/>\n<script type=\"application\/ld+json\" class=\"yoast-schema-graph\">{\"@context\":\"https:\\\/\\\/schema.org\",\"@graph\":[{\"@type\":\"Article\",\"@id\":\"https:\\\/\\\/regiaonews.net.br\\\/2022\\\/2024\\\/07\\\/08\\\/combate-a-violencia-contra-a-mulher-e-tema-de-campanha-da-oab-na-festa-do-peao-de-barretos-2024\\\/#article\",\"isPartOf\":{\"@id\":\"https:\\\/\\\/regiaonews.net.br\\\/2022\\\/2024\\\/07\\\/08\\\/combate-a-violencia-contra-a-mulher-e-tema-de-campanha-da-oab-na-festa-do-peao-de-barretos-2024\\\/\"},\"author\":{\"name\":\"Roberto\",\"@id\":\"https:\\\/\\\/regiaonews.net.br\\\/2022\\\/#\\\/schema\\\/person\\\/2d205a608a5aa97ac279d7a5e6d89ad8\"},\"headline\":\"\u201cCombate \u00e0 Viol\u00eancia Contra a Mulher\u201d \u00e9 tema de campanha da OAB na Festa do Pe\u00e3o de Barretos 2024\",\"datePublished\":\"2024-07-08T20:01:41+00:00\",\"mainEntityOfPage\":{\"@id\":\"https:\\\/\\\/regiaonews.net.br\\\/2022\\\/2024\\\/07\\\/08\\\/combate-a-violencia-contra-a-mulher-e-tema-de-campanha-da-oab-na-festa-do-peao-de-barretos-2024\\\/\"},\"wordCount\":697,\"commentCount\":0,\"publisher\":{\"@id\":\"https:\\\/\\\/regiaonews.net.br\\\/2022\\\/#organization\"},\"image\":{\"@id\":\"https:\\\/\\\/regiaonews.net.br\\\/2022\\\/2024\\\/07\\\/08\\\/combate-a-violencia-contra-a-mulher-e-tema-de-campanha-da-oab-na-festa-do-peao-de-barretos-2024\\\/#primaryimage\"},\"thumbnailUrl\":\"https:\\\/\\\/regiaonews.net.br\\\/2022\\\/wp-content\\\/uploads\\\/2024\\\/07\\\/2.jpg\",\"articleSection\":[\"Barretos\",\"Geral\"],\"inLanguage\":\"pt-BR\",\"potentialAction\":[{\"@type\":\"CommentAction\",\"name\":\"Comment\",\"target\":[\"https:\\\/\\\/regiaonews.net.br\\\/2022\\\/2024\\\/07\\\/08\\\/combate-a-violencia-contra-a-mulher-e-tema-de-campanha-da-oab-na-festa-do-peao-de-barretos-2024\\\/#respond\"]}]},{\"@type\":\"WebPage\",\"@id\":\"https:\\\/\\\/regiaonews.net.br\\\/2022\\\/2024\\\/07\\\/08\\\/combate-a-violencia-contra-a-mulher-e-tema-de-campanha-da-oab-na-festa-do-peao-de-barretos-2024\\\/\",\"url\":\"https:\\\/\\\/regiaonews.net.br\\\/2022\\\/2024\\\/07\\\/08\\\/combate-a-violencia-contra-a-mulher-e-tema-de-campanha-da-oab-na-festa-do-peao-de-barretos-2024\\\/\",\"name\":\"\u201cCombate \u00e0 Viol\u00eancia Contra a Mulher\u201d \u00e9 tema de campanha da OAB na Festa do Pe\u00e3o de Barretos 2024 - Regi\u00e3o News\",\"isPartOf\":{\"@id\":\"https:\\\/\\\/regiaonews.net.br\\\/2022\\\/#website\"},\"primaryImageOfPage\":{\"@id\":\"https:\\\/\\\/regiaonews.net.br\\\/2022\\\/2024\\\/07\\\/08\\\/combate-a-violencia-contra-a-mulher-e-tema-de-campanha-da-oab-na-festa-do-peao-de-barretos-2024\\\/#primaryimage\"},\"image\":{\"@id\":\"https:\\\/\\\/regiaonews.net.br\\\/2022\\\/2024\\\/07\\\/08\\\/combate-a-violencia-contra-a-mulher-e-tema-de-campanha-da-oab-na-festa-do-peao-de-barretos-2024\\\/#primaryimage\"},\"thumbnailUrl\":\"https:\\\/\\\/regiaonews.net.br\\\/2022\\\/wp-content\\\/uploads\\\/2024\\\/07\\\/2.jpg\",\"datePublished\":\"2024-07-08T20:01:41+00:00\",\"breadcrumb\":{\"@id\":\"https:\\\/\\\/regiaonews.net.br\\\/2022\\\/2024\\\/07\\\/08\\\/combate-a-violencia-contra-a-mulher-e-tema-de-campanha-da-oab-na-festa-do-peao-de-barretos-2024\\\/#breadcrumb\"},\"inLanguage\":\"pt-BR\",\"potentialAction\":[{\"@type\":\"ReadAction\",\"target\":[\"https:\\\/\\\/regiaonews.net.br\\\/2022\\\/2024\\\/07\\\/08\\\/combate-a-violencia-contra-a-mulher-e-tema-de-campanha-da-oab-na-festa-do-peao-de-barretos-2024\\\/\"]}]},{\"@type\":\"ImageObject\",\"inLanguage\":\"pt-BR\",\"@id\":\"https:\\\/\\\/regiaonews.net.br\\\/2022\\\/2024\\\/07\\\/08\\\/combate-a-violencia-contra-a-mulher-e-tema-de-campanha-da-oab-na-festa-do-peao-de-barretos-2024\\\/#primaryimage\",\"url\":\"https:\\\/\\\/regiaonews.net.br\\\/2022\\\/wp-content\\\/uploads\\\/2024\\\/07\\\/2.jpg\",\"contentUrl\":\"https:\\\/\\\/regiaonews.net.br\\\/2022\\\/wp-content\\\/uploads\\\/2024\\\/07\\\/2.jpg\",\"width\":1600,\"height\":739},{\"@type\":\"BreadcrumbList\",\"@id\":\"https:\\\/\\\/regiaonews.net.br\\\/2022\\\/2024\\\/07\\\/08\\\/combate-a-violencia-contra-a-mulher-e-tema-de-campanha-da-oab-na-festa-do-peao-de-barretos-2024\\\/#breadcrumb\",\"itemListElement\":[{\"@type\":\"ListItem\",\"position\":1,\"name\":\"In\u00edcio\",\"item\":\"https:\\\/\\\/regiaonews.net.br\\\/2022\\\/\"},{\"@type\":\"ListItem\",\"position\":2,\"name\":\"\u201cCombate \u00e0 Viol\u00eancia Contra a Mulher\u201d \u00e9 tema de campanha da OAB na Festa do Pe\u00e3o de Barretos 2024\"}]},{\"@type\":\"WebSite\",\"@id\":\"https:\\\/\\\/regiaonews.net.br\\\/2022\\\/#website\",\"url\":\"https:\\\/\\\/regiaonews.net.br\\\/2022\\\/\",\"name\":\"Regi\u00e3o News\",\"description\":\"Site de Not\u00edcias de Barretos e regi\u00e3o\",\"publisher\":{\"@id\":\"https:\\\/\\\/regiaonews.net.br\\\/2022\\\/#organization\"},\"potentialAction\":[{\"@type\":\"SearchAction\",\"target\":{\"@type\":\"EntryPoint\",\"urlTemplate\":\"https:\\\/\\\/regiaonews.net.br\\\/2022\\\/?s={search_term_string}\"},\"query-input\":{\"@type\":\"PropertyValueSpecification\",\"valueRequired\":true,\"valueName\":\"search_term_string\"}}],\"inLanguage\":\"pt-BR\"},{\"@type\":\"Organization\",\"@id\":\"https:\\\/\\\/regiaonews.net.br\\\/2022\\\/#organization\",\"name\":\"Regi\u00e3o News\",\"url\":\"https:\\\/\\\/regiaonews.net.br\\\/2022\\\/\",\"logo\":{\"@type\":\"ImageObject\",\"inLanguage\":\"pt-BR\",\"@id\":\"https:\\\/\\\/regiaonews.net.br\\\/2022\\\/#\\\/schema\\\/logo\\\/image\\\/\",\"url\":\"https:\\\/\\\/regiaonews.net.br\\\/2022\\\/wp-content\\\/uploads\\\/2026\\\/03\\\/regiao-13-anos-scaled.jpg\",\"contentUrl\":\"https:\\\/\\\/regiaonews.net.br\\\/2022\\\/wp-content\\\/uploads\\\/2026\\\/03\\\/regiao-13-anos-scaled.jpg\",\"width\":2560,\"height\":635,\"caption\":\"Regi\u00e3o News\"},\"image\":{\"@id\":\"https:\\\/\\\/regiaonews.net.br\\\/2022\\\/#\\\/schema\\\/logo\\\/image\\\/\"}},{\"@type\":\"Person\",\"@id\":\"https:\\\/\\\/regiaonews.net.br\\\/2022\\\/#\\\/schema\\\/person\\\/2d205a608a5aa97ac279d7a5e6d89ad8\",\"name\":\"Roberto\",\"image\":{\"@type\":\"ImageObject\",\"inLanguage\":\"pt-BR\",\"@id\":\"https:\\\/\\\/secure.gravatar.com\\\/avatar\\\/42749d8b712ff9d59ca93dc150494e5b55a44134482993f5baeb97e61b7ecc89?s=96&d=mm&r=g\",\"url\":\"https:\\\/\\\/secure.gravatar.com\\\/avatar\\\/42749d8b712ff9d59ca93dc150494e5b55a44134482993f5baeb97e61b7ecc89?s=96&d=mm&r=g\",\"contentUrl\":\"https:\\\/\\\/secure.gravatar.com\\\/avatar\\\/42749d8b712ff9d59ca93dc150494e5b55a44134482993f5baeb97e61b7ecc89?s=96&d=mm&r=g\",\"caption\":\"Roberto\"},\"url\":\"https:\\\/\\\/regiaonews.net.br\\\/2022\\\/author\\\/roberto\\\/\"}]}<\/script>\n<!-- \/ Yoast SEO plugin. -->","yoast_head_json":{"title":"\u201cCombate \u00e0 Viol\u00eancia Contra a Mulher\u201d \u00e9 tema de campanha da OAB na Festa do Pe\u00e3o de Barretos 2024 - Regi\u00e3o News","robots":{"index":"index","follow":"follow","max-snippet":"max-snippet:-1","max-image-preview":"max-image-preview:large","max-video-preview":"max-video-preview:-1"},"canonical":"https:\/\/regiaonews.net.br\/2022\/2024\/07\/08\/combate-a-violencia-contra-a-mulher-e-tema-de-campanha-da-oab-na-festa-do-peao-de-barretos-2024\/","og_locale":"pt_BR","og_type":"article","og_title":"\u201cCombate \u00e0 Viol\u00eancia Contra a Mulher\u201d \u00e9 tema de campanha da OAB na Festa do Pe\u00e3o de Barretos 2024 - Regi\u00e3o News","og_description":"Pelo terceiro ano consecutivo a OAB Barretos fecha parceria com","og_url":"https:\/\/regiaonews.net.br\/2022\/2024\/07\/08\/combate-a-violencia-contra-a-mulher-e-tema-de-campanha-da-oab-na-festa-do-peao-de-barretos-2024\/","og_site_name":"Regi\u00e3o News","article_published_time":"2024-07-08T20:01:41+00:00","og_image":[{"width":1600,"height":739,"url":"https:\/\/regiaonews.net.br\/2022\/wp-content\/uploads\/2024\/07\/2.jpg","type":"image\/jpeg"}],"author":"Roberto","twitter_card":"summary_large_image","twitter_misc":{"Escrito por":"Roberto","Est. tempo de leitura":"4 minutos"},"schema":{"@context":"https:\/\/schema.org","@graph":[{"@type":"Article","@id":"https:\/\/regiaonews.net.br\/2022\/2024\/07\/08\/combate-a-violencia-contra-a-mulher-e-tema-de-campanha-da-oab-na-festa-do-peao-de-barretos-2024\/#article","isPartOf":{"@id":"https:\/\/regiaonews.net.br\/2022\/2024\/07\/08\/combate-a-violencia-contra-a-mulher-e-tema-de-campanha-da-oab-na-festa-do-peao-de-barretos-2024\/"},"author":{"name":"Roberto","@id":"https:\/\/regiaonews.net.br\/2022\/#\/schema\/person\/2d205a608a5aa97ac279d7a5e6d89ad8"},"headline":"\u201cCombate \u00e0 Viol\u00eancia Contra a Mulher\u201d \u00e9 tema de campanha da OAB na Festa do Pe\u00e3o de Barretos 2024","datePublished":"2024-07-08T20:01:41+00:00","mainEntityOfPage":{"@id":"https:\/\/regiaonews.net.br\/2022\/2024\/07\/08\/combate-a-violencia-contra-a-mulher-e-tema-de-campanha-da-oab-na-festa-do-peao-de-barretos-2024\/"},"wordCount":697,"commentCount":0,"publisher":{"@id":"https:\/\/regiaonews.net.br\/2022\/#organization"},"image":{"@id":"https:\/\/regiaonews.net.br\/2022\/2024\/07\/08\/combate-a-violencia-contra-a-mulher-e-tema-de-campanha-da-oab-na-festa-do-peao-de-barretos-2024\/#primaryimage"},"thumbnailUrl":"https:\/\/regiaonews.net.br\/2022\/wp-content\/uploads\/2024\/07\/2.jpg","articleSection":["Barretos","Geral"],"inLanguage":"pt-BR","potentialAction":[{"@type":"CommentAction","name":"Comment","target":["https:\/\/regiaonews.net.br\/2022\/2024\/07\/08\/combate-a-violencia-contra-a-mulher-e-tema-de-campanha-da-oab-na-festa-do-peao-de-barretos-2024\/#respond"]}]},{"@type":"WebPage","@id":"https:\/\/regiaonews.net.br\/2022\/2024\/07\/08\/combate-a-violencia-contra-a-mulher-e-tema-de-campanha-da-oab-na-festa-do-peao-de-barretos-2024\/","url":"https:\/\/regiaonews.net.br\/2022\/2024\/07\/08\/combate-a-violencia-contra-a-mulher-e-tema-de-campanha-da-oab-na-festa-do-peao-de-barretos-2024\/","name":"\u201cCombate \u00e0 Viol\u00eancia Contra a Mulher\u201d \u00e9 tema de campanha da OAB na Festa do Pe\u00e3o de Barretos 2024 - Regi\u00e3o News","isPartOf":{"@id":"https:\/\/regiaonews.net.br\/2022\/#website"},"primaryImageOfPage":{"@id":"https:\/\/regiaonews.net.br\/2022\/2024\/07\/08\/combate-a-violencia-contra-a-mulher-e-tema-de-campanha-da-oab-na-festa-do-peao-de-barretos-2024\/#primaryimage"},"image":{"@id":"https:\/\/regiaonews.net.br\/2022\/2024\/07\/08\/combate-a-violencia-contra-a-mulher-e-tema-de-campanha-da-oab-na-festa-do-peao-de-barretos-2024\/#primaryimage"},"thumbnailUrl":"https:\/\/regiaonews.net.br\/2022\/wp-content\/uploads\/2024\/07\/2.jpg","datePublished":"2024-07-08T20:01:41+00:00","breadcrumb":{"@id":"https:\/\/regiaonews.net.br\/2022\/2024\/07\/08\/combate-a-violencia-contra-a-mulher-e-tema-de-campanha-da-oab-na-festa-do-peao-de-barretos-2024\/#breadcrumb"},"inLanguage":"pt-BR","potentialAction":[{"@type":"ReadAction","target":["https:\/\/regiaonews.net.br\/2022\/2024\/07\/08\/combate-a-violencia-contra-a-mulher-e-tema-de-campanha-da-oab-na-festa-do-peao-de-barretos-2024\/"]}]},{"@type":"ImageObject","inLanguage":"pt-BR","@id":"https:\/\/regiaonews.net.br\/2022\/2024\/07\/08\/combate-a-violencia-contra-a-mulher-e-tema-de-campanha-da-oab-na-festa-do-peao-de-barretos-2024\/#primaryimage","url":"https:\/\/regiaonews.net.br\/2022\/wp-content\/uploads\/2024\/07\/2.jpg","contentUrl":"https:\/\/regiaonews.net.br\/2022\/wp-content\/uploads\/2024\/07\/2.jpg","width":1600,"height":739},{"@type":"BreadcrumbList","@id":"https:\/\/regiaonews.net.br\/2022\/2024\/07\/08\/combate-a-violencia-contra-a-mulher-e-tema-de-campanha-da-oab-na-festa-do-peao-de-barretos-2024\/#breadcrumb","itemListElement":[{"@type":"ListItem","position":1,"name":"In\u00edcio","item":"https:\/\/regiaonews.net.br\/2022\/"},{"@type":"ListItem","position":2,"name":"\u201cCombate \u00e0 Viol\u00eancia Contra a Mulher\u201d \u00e9 tema de campanha da OAB na Festa do Pe\u00e3o de Barretos 2024"}]},{"@type":"WebSite","@id":"https:\/\/regiaonews.net.br\/2022\/#website","url":"https:\/\/regiaonews.net.br\/2022\/","name":"Regi\u00e3o News","description":"Site de Not\u00edcias de Barretos e regi\u00e3o","publisher":{"@id":"https:\/\/regiaonews.net.br\/2022\/#organization"},"potentialAction":[{"@type":"SearchAction","target":{"@type":"EntryPoint","urlTemplate":"https:\/\/regiaonews.net.br\/2022\/?s={search_term_string}"},"query-input":{"@type":"PropertyValueSpecification","valueRequired":true,"valueName":"search_term_string"}}],"inLanguage":"pt-BR"},{"@type":"Organization","@id":"https:\/\/regiaonews.net.br\/2022\/#organization","name":"Regi\u00e3o News","url":"https:\/\/regiaonews.net.br\/2022\/","logo":{"@type":"ImageObject","inLanguage":"pt-BR","@id":"https:\/\/regiaonews.net.br\/2022\/#\/schema\/logo\/image\/","url":"https:\/\/regiaonews.net.br\/2022\/wp-content\/uploads\/2026\/03\/regiao-13-anos-scaled.jpg","contentUrl":"https:\/\/regiaonews.net.br\/2022\/wp-content\/uploads\/2026\/03\/regiao-13-anos-scaled.jpg","width":2560,"height":635,"caption":"Regi\u00e3o News"},"image":{"@id":"https:\/\/regiaonews.net.br\/2022\/#\/schema\/logo\/image\/"}},{"@type":"Person","@id":"https:\/\/regiaonews.net.br\/2022\/#\/schema\/person\/2d205a608a5aa97ac279d7a5e6d89ad8","name":"Roberto","image":{"@type":"ImageObject","inLanguage":"pt-BR","@id":"https:\/\/secure.gravatar.com\/avatar\/42749d8b712ff9d59ca93dc150494e5b55a44134482993f5baeb97e61b7ecc89?s=96&d=mm&r=g","url":"https:\/\/secure.gravatar.com\/avatar\/42749d8b712ff9d59ca93dc150494e5b55a44134482993f5baeb97e61b7ecc89?s=96&d=mm&r=g","contentUrl":"https:\/\/secure.gravatar.com\/avatar\/42749d8b712ff9d59ca93dc150494e5b55a44134482993f5baeb97e61b7ecc89?s=96&d=mm&r=g","caption":"Roberto"},"url":"https:\/\/regiaonews.net.br\/2022\/author\/roberto\/"}]}},"publishpress_future_action":{"enabled":false,"date":"2026-05-03 07:54:22","action":"change-status","newStatus":"draft","terms":[],"taxonomy":"category","extraData":[]},"publishpress_future_workflow_manual_trigger":{"enabledWorkflows":[]},"_links":{"self":[{"href":"https:\/\/regiaonews.net.br\/2022\/wp-json\/wp\/v2\/posts\/107447","targetHints":{"allow":["GET"]}}],"collection":[{"href":"https:\/\/regiaonews.net.br\/2022\/wp-json\/wp\/v2\/posts"}],"about":[{"href":"https:\/\/regiaonews.net.br\/2022\/wp-json\/wp\/v2\/types\/post"}],"author":[{"embeddable":true,"href":"https:\/\/regiaonews.net.br\/2022\/wp-json\/wp\/v2\/users\/2"}],"replies":[{"embeddable":true,"href":"https:\/\/regiaonews.net.br\/2022\/wp-json\/wp\/v2\/comments?post=107447"}],"version-history":[{"count":1,"href":"https:\/\/regiaonews.net.br\/2022\/wp-json\/wp\/v2\/posts\/107447\/revisions"}],"predecessor-version":[{"id":107449,"href":"https:\/\/regiaonews.net.br\/2022\/wp-json\/wp\/v2\/posts\/107447\/revisions\/107449"}],"wp:featuredmedia":[{"embeddable":true,"href":"https:\/\/regiaonews.net.br\/2022\/wp-json\/wp\/v2\/media\/107448"}],"wp:attachment":[{"href":"https:\/\/regiaonews.net.br\/2022\/wp-json\/wp\/v2\/media?parent=107447"}],"wp:term":[{"taxonomy":"category","embeddable":true,"href":"https:\/\/regiaonews.net.br\/2022\/wp-json\/wp\/v2\/categories?post=107447"},{"taxonomy":"post_tag","embeddable":true,"href":"https:\/\/regiaonews.net.br\/2022\/wp-json\/wp\/v2\/tags?post=107447"}],"curies":[{"name":"wp","href":"https:\/\/api.w.org\/{rel}","templated":true}]}}