{"id":107441,"date":"2024-07-08T16:41:04","date_gmt":"2024-07-08T19:41:04","guid":{"rendered":"https:\/\/regiaonews.net.br\/2022\/?p=107441"},"modified":"2024-07-08T16:41:04","modified_gmt":"2024-07-08T19:41:04","slug":"sindicato-rural-e-senar-promovem-14-cursos-neste-mes-de-julho","status":"publish","type":"post","link":"https:\/\/regiaonews.net.br\/2022\/2024\/07\/08\/sindicato-rural-e-senar-promovem-14-cursos-neste-mes-de-julho\/","title":{"rendered":"Sindicato Rural e SENAR promovem 14 cursos neste m\u00eas de julho"},"content":{"rendered":"<p>Cursos gratuitos s\u00e3o realizados em parceria com o SENAR e FAESP<\/p>\n<p><strong>\u00a0<\/strong><\/p>\n<p>O Sindicato Rural do Vale do Rio Grande, \u00a0SENAR (Servi\u00e7o Nacional de Aprendizagem Rural) e a FAESP (Federa\u00e7\u00e3o da Agricultura do Estado de S\u00e3o Paulo) deram in\u00edcio desde o dia 1\u00ba de julho a programa\u00e7\u00e3o de cursos, que inclui 14 cursos profissionalizantes que ser\u00e3o realizados at\u00e9 o final do m\u00eas.<\/p>\n<p>De acordo com o tesoureiro do Sindicato Rural e coordenador dos cursos, Ant\u00f4nio Roberto Filisbino, os cursos ser\u00e3o realizados em Barretos, Colina, Col\u00f4mbia e Jaborandi.\u00a0 Os cursos previstos incluem programa de alfabetiza\u00e7\u00e3o, jovem agricultor do futuro, tomate org\u00e2nico, processamento caseiro de carne de peixe, Proer, Olericultura Org\u00e2nica, Ap\u00edcultura, \u00a0Equideocultura \u2013 Casqueamento e Ferrageamento, Hidr\u00e1ulica (modulo I), Manuten\u00e7\u00e3o de Tratores Agr\u00edcolas e Opera\u00e7\u00e3o de Tratores Agr\u00edcolas. Confira abaixo as datas e locais dos cursos programados para este m\u00eas.<\/p>\n<p><strong>\u00a0Cursos Julho <\/strong><\/p>\n<ol>\n<li><strong>Programa de Alfabetiza\u00e7\u00e3o (modulo III)<\/strong><\/li>\n<\/ol>\n<p>Dias: 01 a 11\/07\/2024<\/p>\n<p>Local: Instituto Viver Bem em Barretos &#8211; SP<\/p>\n<p>Projeto: 1941\/2024 &#8211; Carga Horaria: 20:00 horas<\/p>\n<p>Instrutor: Sandra Maro Melo<\/p>\n<p>&nbsp;<\/p>\n<ol start=\"2\">\n<li><strong>Programa de Alfabetiza\u00e7\u00e3o (modulo III)<\/strong><\/li>\n<\/ol>\n<p>Dias: 01 a 11\/07\/2024<\/p>\n<p>Local: Instituto o Amor em Barretos &#8211; SP<\/p>\n<p>Projeto: 2207\/2024 &#8211; Carga Horaria: 20:00 horas<\/p>\n<p>Instrutor: Sandra Maro Melo<\/p>\n<p>&nbsp;<\/p>\n<ol start=\"3\">\n<li><strong>Jovem Agricultor do Futuro (modulo IV)<\/strong><\/li>\n<\/ol>\n<p>Dias: 01 a 22\/07\/2024<\/p>\n<p>Local: Ch\u00e1cara Farol da Colina em Colina- SP<\/p>\n<p>Projeto: 1930\/2024 \u2013 Carga Horaria: 56:00 horas<\/p>\n<p>Instrutor: Thiago Henrique Stivaleti de Oliveira<\/p>\n<p>&nbsp;<\/p>\n<ol start=\"4\">\n<li><strong>Tomate Org\u00e2nico (modulo V)<\/strong><\/li>\n<\/ol>\n<p>Dias: 6 e 13\/07\/2024<\/p>\n<p>Local: Sitio Nova Cana\u00e3 em Col\u00f4mbia &#8211; SP<\/p>\n<p>Projeto: 2842\/2024 \u2013 Carga Horaria: 16:00 horas<\/p>\n<p>&nbsp;<\/p>\n<ol start=\"5\">\n<li><strong>Processamento Caseiro de Carne de Peixe<\/strong><\/li>\n<\/ol>\n<p>Dias:12 e 13\/07\/2024<\/p>\n<p>Local: Fazenda Santa Rosa em Barretos &#8211; SP<\/p>\n<p>Projeto: 2912\/2024 \u2013 Carga Horaria: 16:00 horas<\/p>\n<p>Instrutor: Alexandre Pereira<\/p>\n<p>&nbsp;<\/p>\n<ol start=\"6\">\n<li><strong>Proer (modulo V)<\/strong><\/li>\n<\/ol>\n<p>Dias: 12 e 13\/07\/2024<\/p>\n<p>Local: Audit\u00f3rio CIEB em Jaborandi &#8211; SP<\/p>\n<p>Projeto: 1969\/2024 \u2013 Carga Horaria: 16:00 horas<\/p>\n<p>Instrutor: Ant\u00f4nio Fernando Bertolotto<\/p>\n<p>&nbsp;<\/p>\n<ol start=\"7\">\n<li><strong>Olericultura Org\u00e2nica \u2013 (Modulo V)<\/strong><\/li>\n<\/ol>\n<p>Dias: 13 e 20\/07\/2024<\/p>\n<p>Local: Fazenda Santa Lucia em Barretos &#8211; SP<\/p>\n<p>Projeto: 1919\/2024 \u2013 Carga Horaria: 16:00 horas<\/p>\n<p>Instrutor: Edinaldo Barbosa de Souza<\/p>\n<p>&nbsp;<\/p>\n<ol start=\"8\">\n<li><strong>Apicultura (modulo V)<\/strong><\/li>\n<\/ol>\n<p>Dias: 16e e17\/07\/2024<\/p>\n<p>Local: Fazenda Primavera em Colina \u2013 SP<\/p>\n<p>Projeto: 2554\/2024 \u2013 Carga Horaria: 16:00 horas<\/p>\n<p>Instrutor: Leandro Figueiredo Faleiros<\/p>\n<p><strong>\u00a0<\/strong><\/p>\n<ol start=\"9\">\n<li><strong>Equideocultura \u2013 Casqueamento e Ferrageamento<\/strong><\/li>\n<\/ol>\n<p>Dias: 16 a 20\/07\/2024<\/p>\n<p>Local: Fazenda S\u00e3o Joao em Barretos \u2013 SP<\/p>\n<p>Projeto: 2276\/2024 \u2013 Carga Horaria: 40:00 horas<\/p>\n<p>Instrutor: Luis Celso Cuba<\/p>\n<p>&nbsp;<\/p>\n<ol start=\"10\">\n<li><strong>Apicultura (modulo VI)<\/strong><\/li>\n<\/ol>\n<p>Dias: 18 e 19\/07\/2024<\/p>\n<p>Local: Fazenda Primavera em Colina \u2013 SP<\/p>\n<p>Projeto: 2555\/2024 \u2013 Carga Horaria: 16:00 horas<\/p>\n<p>Instrutor: Leandro Figueiredo Faleiros<\/p>\n<p>&nbsp;<\/p>\n<ol start=\"11\">\n<li><strong>Hidr\u00e1ulica (modulo I)<\/strong><\/li>\n<\/ol>\n<p>Dias: 19, 20, 26 e 27\/07\/2024<\/p>\n<p>Local: Recinto Municipal em Jaborandi \u2013 SP<\/p>\n<p>Projeto: 2410\/2024 \u2013 Carga Horaria: 32:00 horas<\/p>\n<p>Instrutor: Virgilio Pittom<\/p>\n<p>&nbsp;<\/p>\n<ol start=\"12\">\n<li><strong>Proer (modulo VI)<\/strong><\/li>\n<\/ol>\n<p>Dias: 20\/07\/2024<\/p>\n<p>Local: Audit\u00f3rio CIEB em Jaborandi &#8211; SP<\/p>\n<p>Projeto: 1970\/2024 \u2013 Carga Horaria: 8:00 horas Instrutor: Ant\u00f4nio Fernando Bertolotto<\/p>\n<p>&nbsp;<\/p>\n<ol start=\"13\">\n<li><strong>Manuten\u00e7\u00e3o de Tratores Agr\u00edcolas<\/strong><\/li>\n<\/ol>\n<p>Dias: 22 a 24\/07\/2024<\/p>\n<p>Local: Fazenda Coodelaria Paulista em Colina\u2013SP<\/p>\n<p>Projeto: 2234\/2024 \u2013 Carga Horaria: 24:00 horas<\/p>\n<p>Instrutor: Vitor Roberto Palu Junqueira<\/p>\n<p>&nbsp;<\/p>\n<ol start=\"14\">\n<li><strong>Opera\u00e7\u00e3o de Tratores Agr\u00edcolas<\/strong><\/li>\n<\/ol>\n<p>Dias: 25 e 26\/07\/2024<\/p>\n<p>Local: Fazenda Coodelaria Paulista em Colina\u2013SP<\/p>\n<p>Projeto: 2230\/2024 \u2013 Carga Horaria: 16:00 horas<\/p>\n<p>Instrutor: Vitor Roberto Palu Junqueira<\/p>\n<p>&nbsp;<\/p>\n","protected":false},"excerpt":{"rendered":"<p>Cursos gratuitos s\u00e3o realizados em parceria com o SENAR e<\/p>\n","protected":false},"author":2,"featured_media":107442,"comment_status":"open","ping_status":"open","sticky":false,"template":"","format":"standard","meta":{"footnotes":""},"categories":[14,25],"tags":[],"class_list":["post-107441","post","type-post","status-publish","format-standard","has-post-thumbnail","hentry","category-barretos","category-cidades"],"yoast_head":"<!-- This site is optimized with the Yoast SEO plugin v27.4 - https:\/\/yoast.com\/product\/yoast-seo-wordpress\/ -->\n<title>Sindicato Rural e SENAR promovem 14 cursos neste m\u00eas de julho - Regi\u00e3o News<\/title>\n<meta name=\"robots\" content=\"index, follow, max-snippet:-1, max-image-preview:large, max-video-preview:-1\" \/>\n<link rel=\"canonical\" href=\"https:\/\/regiaonews.net.br\/2022\/2024\/07\/08\/sindicato-rural-e-senar-promovem-14-cursos-neste-mes-de-julho\/\" \/>\n<meta property=\"og:locale\" content=\"pt_BR\" \/>\n<meta property=\"og:type\" content=\"article\" \/>\n<meta property=\"og:title\" content=\"Sindicato Rural e SENAR promovem 14 cursos neste m\u00eas de julho - Regi\u00e3o News\" \/>\n<meta property=\"og:description\" content=\"Cursos gratuitos s\u00e3o realizados em parceria com o SENAR e\" \/>\n<meta property=\"og:url\" content=\"https:\/\/regiaonews.net.br\/2022\/2024\/07\/08\/sindicato-rural-e-senar-promovem-14-cursos-neste-mes-de-julho\/\" \/>\n<meta property=\"og:site_name\" content=\"Regi\u00e3o News\" \/>\n<meta property=\"article:published_time\" content=\"2024-07-08T19:41:04+00:00\" \/>\n<meta property=\"og:image\" content=\"https:\/\/regiaonews.net.br\/2022\/wp-content\/uploads\/2024\/07\/Antonio-Filisbino.jpg\" \/>\n\t<meta property=\"og:image:width\" content=\"467\" \/>\n\t<meta property=\"og:image:height\" content=\"421\" \/>\n\t<meta property=\"og:image:type\" content=\"image\/jpeg\" \/>\n<meta name=\"author\" content=\"Roberto\" \/>\n<meta name=\"twitter:card\" content=\"summary_large_image\" \/>\n<meta name=\"twitter:label1\" content=\"Escrito por\" \/>\n\t<meta name=\"twitter:data1\" content=\"Roberto\" \/>\n\t<meta name=\"twitter:label2\" content=\"Est. tempo de leitura\" \/>\n\t<meta name=\"twitter:data2\" content=\"3 minutos\" \/>\n<script type=\"application\/ld+json\" class=\"yoast-schema-graph\">{\"@context\":\"https:\\\/\\\/schema.org\",\"@graph\":[{\"@type\":\"Article\",\"@id\":\"https:\\\/\\\/regiaonews.net.br\\\/2022\\\/2024\\\/07\\\/08\\\/sindicato-rural-e-senar-promovem-14-cursos-neste-mes-de-julho\\\/#article\",\"isPartOf\":{\"@id\":\"https:\\\/\\\/regiaonews.net.br\\\/2022\\\/2024\\\/07\\\/08\\\/sindicato-rural-e-senar-promovem-14-cursos-neste-mes-de-julho\\\/\"},\"author\":{\"name\":\"Roberto\",\"@id\":\"https:\\\/\\\/regiaonews.net.br\\\/2022\\\/#\\\/schema\\\/person\\\/2d205a608a5aa97ac279d7a5e6d89ad8\"},\"headline\":\"Sindicato Rural e SENAR promovem 14 cursos neste m\u00eas de julho\",\"datePublished\":\"2024-07-08T19:41:04+00:00\",\"mainEntityOfPage\":{\"@id\":\"https:\\\/\\\/regiaonews.net.br\\\/2022\\\/2024\\\/07\\\/08\\\/sindicato-rural-e-senar-promovem-14-cursos-neste-mes-de-julho\\\/\"},\"wordCount\":497,\"commentCount\":0,\"publisher\":{\"@id\":\"https:\\\/\\\/regiaonews.net.br\\\/2022\\\/#organization\"},\"image\":{\"@id\":\"https:\\\/\\\/regiaonews.net.br\\\/2022\\\/2024\\\/07\\\/08\\\/sindicato-rural-e-senar-promovem-14-cursos-neste-mes-de-julho\\\/#primaryimage\"},\"thumbnailUrl\":\"https:\\\/\\\/regiaonews.net.br\\\/2022\\\/wp-content\\\/uploads\\\/2024\\\/07\\\/Antonio-Filisbino.jpg\",\"articleSection\":[\"Barretos\",\"Cidades\"],\"inLanguage\":\"pt-BR\",\"potentialAction\":[{\"@type\":\"CommentAction\",\"name\":\"Comment\",\"target\":[\"https:\\\/\\\/regiaonews.net.br\\\/2022\\\/2024\\\/07\\\/08\\\/sindicato-rural-e-senar-promovem-14-cursos-neste-mes-de-julho\\\/#respond\"]}]},{\"@type\":\"WebPage\",\"@id\":\"https:\\\/\\\/regiaonews.net.br\\\/2022\\\/2024\\\/07\\\/08\\\/sindicato-rural-e-senar-promovem-14-cursos-neste-mes-de-julho\\\/\",\"url\":\"https:\\\/\\\/regiaonews.net.br\\\/2022\\\/2024\\\/07\\\/08\\\/sindicato-rural-e-senar-promovem-14-cursos-neste-mes-de-julho\\\/\",\"name\":\"Sindicato Rural e SENAR promovem 14 cursos neste m\u00eas de julho - Regi\u00e3o News\",\"isPartOf\":{\"@id\":\"https:\\\/\\\/regiaonews.net.br\\\/2022\\\/#website\"},\"primaryImageOfPage\":{\"@id\":\"https:\\\/\\\/regiaonews.net.br\\\/2022\\\/2024\\\/07\\\/08\\\/sindicato-rural-e-senar-promovem-14-cursos-neste-mes-de-julho\\\/#primaryimage\"},\"image\":{\"@id\":\"https:\\\/\\\/regiaonews.net.br\\\/2022\\\/2024\\\/07\\\/08\\\/sindicato-rural-e-senar-promovem-14-cursos-neste-mes-de-julho\\\/#primaryimage\"},\"thumbnailUrl\":\"https:\\\/\\\/regiaonews.net.br\\\/2022\\\/wp-content\\\/uploads\\\/2024\\\/07\\\/Antonio-Filisbino.jpg\",\"datePublished\":\"2024-07-08T19:41:04+00:00\",\"breadcrumb\":{\"@id\":\"https:\\\/\\\/regiaonews.net.br\\\/2022\\\/2024\\\/07\\\/08\\\/sindicato-rural-e-senar-promovem-14-cursos-neste-mes-de-julho\\\/#breadcrumb\"},\"inLanguage\":\"pt-BR\",\"potentialAction\":[{\"@type\":\"ReadAction\",\"target\":[\"https:\\\/\\\/regiaonews.net.br\\\/2022\\\/2024\\\/07\\\/08\\\/sindicato-rural-e-senar-promovem-14-cursos-neste-mes-de-julho\\\/\"]}]},{\"@type\":\"ImageObject\",\"inLanguage\":\"pt-BR\",\"@id\":\"https:\\\/\\\/regiaonews.net.br\\\/2022\\\/2024\\\/07\\\/08\\\/sindicato-rural-e-senar-promovem-14-cursos-neste-mes-de-julho\\\/#primaryimage\",\"url\":\"https:\\\/\\\/regiaonews.net.br\\\/2022\\\/wp-content\\\/uploads\\\/2024\\\/07\\\/Antonio-Filisbino.jpg\",\"contentUrl\":\"https:\\\/\\\/regiaonews.net.br\\\/2022\\\/wp-content\\\/uploads\\\/2024\\\/07\\\/Antonio-Filisbino.jpg\",\"width\":467,\"height\":421},{\"@type\":\"BreadcrumbList\",\"@id\":\"https:\\\/\\\/regiaonews.net.br\\\/2022\\\/2024\\\/07\\\/08\\\/sindicato-rural-e-senar-promovem-14-cursos-neste-mes-de-julho\\\/#breadcrumb\",\"itemListElement\":[{\"@type\":\"ListItem\",\"position\":1,\"name\":\"In\u00edcio\",\"item\":\"https:\\\/\\\/regiaonews.net.br\\\/2022\\\/\"},{\"@type\":\"ListItem\",\"position\":2,\"name\":\"Sindicato Rural e SENAR promovem 14 cursos neste m\u00eas de julho\"}]},{\"@type\":\"WebSite\",\"@id\":\"https:\\\/\\\/regiaonews.net.br\\\/2022\\\/#website\",\"url\":\"https:\\\/\\\/regiaonews.net.br\\\/2022\\\/\",\"name\":\"Regi\u00e3o News\",\"description\":\"Site de Not\u00edcias de Barretos e regi\u00e3o\",\"publisher\":{\"@id\":\"https:\\\/\\\/regiaonews.net.br\\\/2022\\\/#organization\"},\"potentialAction\":[{\"@type\":\"SearchAction\",\"target\":{\"@type\":\"EntryPoint\",\"urlTemplate\":\"https:\\\/\\\/regiaonews.net.br\\\/2022\\\/?s={search_term_string}\"},\"query-input\":{\"@type\":\"PropertyValueSpecification\",\"valueRequired\":true,\"valueName\":\"search_term_string\"}}],\"inLanguage\":\"pt-BR\"},{\"@type\":\"Organization\",\"@id\":\"https:\\\/\\\/regiaonews.net.br\\\/2022\\\/#organization\",\"name\":\"Regi\u00e3o News\",\"url\":\"https:\\\/\\\/regiaonews.net.br\\\/2022\\\/\",\"logo\":{\"@type\":\"ImageObject\",\"inLanguage\":\"pt-BR\",\"@id\":\"https:\\\/\\\/regiaonews.net.br\\\/2022\\\/#\\\/schema\\\/logo\\\/image\\\/\",\"url\":\"https:\\\/\\\/regiaonews.net.br\\\/2022\\\/wp-content\\\/uploads\\\/2026\\\/03\\\/regiao-13-anos-scaled.jpg\",\"contentUrl\":\"https:\\\/\\\/regiaonews.net.br\\\/2022\\\/wp-content\\\/uploads\\\/2026\\\/03\\\/regiao-13-anos-scaled.jpg\",\"width\":2560,\"height\":635,\"caption\":\"Regi\u00e3o News\"},\"image\":{\"@id\":\"https:\\\/\\\/regiaonews.net.br\\\/2022\\\/#\\\/schema\\\/logo\\\/image\\\/\"}},{\"@type\":\"Person\",\"@id\":\"https:\\\/\\\/regiaonews.net.br\\\/2022\\\/#\\\/schema\\\/person\\\/2d205a608a5aa97ac279d7a5e6d89ad8\",\"name\":\"Roberto\",\"image\":{\"@type\":\"ImageObject\",\"inLanguage\":\"pt-BR\",\"@id\":\"https:\\\/\\\/secure.gravatar.com\\\/avatar\\\/42749d8b712ff9d59ca93dc150494e5b55a44134482993f5baeb97e61b7ecc89?s=96&d=mm&r=g\",\"url\":\"https:\\\/\\\/secure.gravatar.com\\\/avatar\\\/42749d8b712ff9d59ca93dc150494e5b55a44134482993f5baeb97e61b7ecc89?s=96&d=mm&r=g\",\"contentUrl\":\"https:\\\/\\\/secure.gravatar.com\\\/avatar\\\/42749d8b712ff9d59ca93dc150494e5b55a44134482993f5baeb97e61b7ecc89?s=96&d=mm&r=g\",\"caption\":\"Roberto\"},\"url\":\"https:\\\/\\\/regiaonews.net.br\\\/2022\\\/author\\\/roberto\\\/\"}]}<\/script>\n<!-- \/ Yoast SEO plugin. -->","yoast_head_json":{"title":"Sindicato Rural e SENAR promovem 14 cursos neste m\u00eas de julho - Regi\u00e3o News","robots":{"index":"index","follow":"follow","max-snippet":"max-snippet:-1","max-image-preview":"max-image-preview:large","max-video-preview":"max-video-preview:-1"},"canonical":"https:\/\/regiaonews.net.br\/2022\/2024\/07\/08\/sindicato-rural-e-senar-promovem-14-cursos-neste-mes-de-julho\/","og_locale":"pt_BR","og_type":"article","og_title":"Sindicato Rural e SENAR promovem 14 cursos neste m\u00eas de julho - Regi\u00e3o News","og_description":"Cursos gratuitos s\u00e3o realizados em parceria com o SENAR e","og_url":"https:\/\/regiaonews.net.br\/2022\/2024\/07\/08\/sindicato-rural-e-senar-promovem-14-cursos-neste-mes-de-julho\/","og_site_name":"Regi\u00e3o News","article_published_time":"2024-07-08T19:41:04+00:00","og_image":[{"width":467,"height":421,"url":"https:\/\/regiaonews.net.br\/2022\/wp-content\/uploads\/2024\/07\/Antonio-Filisbino.jpg","type":"image\/jpeg"}],"author":"Roberto","twitter_card":"summary_large_image","twitter_misc":{"Escrito por":"Roberto","Est. tempo de leitura":"3 minutos"},"schema":{"@context":"https:\/\/schema.org","@graph":[{"@type":"Article","@id":"https:\/\/regiaonews.net.br\/2022\/2024\/07\/08\/sindicato-rural-e-senar-promovem-14-cursos-neste-mes-de-julho\/#article","isPartOf":{"@id":"https:\/\/regiaonews.net.br\/2022\/2024\/07\/08\/sindicato-rural-e-senar-promovem-14-cursos-neste-mes-de-julho\/"},"author":{"name":"Roberto","@id":"https:\/\/regiaonews.net.br\/2022\/#\/schema\/person\/2d205a608a5aa97ac279d7a5e6d89ad8"},"headline":"Sindicato Rural e SENAR promovem 14 cursos neste m\u00eas de julho","datePublished":"2024-07-08T19:41:04+00:00","mainEntityOfPage":{"@id":"https:\/\/regiaonews.net.br\/2022\/2024\/07\/08\/sindicato-rural-e-senar-promovem-14-cursos-neste-mes-de-julho\/"},"wordCount":497,"commentCount":0,"publisher":{"@id":"https:\/\/regiaonews.net.br\/2022\/#organization"},"image":{"@id":"https:\/\/regiaonews.net.br\/2022\/2024\/07\/08\/sindicato-rural-e-senar-promovem-14-cursos-neste-mes-de-julho\/#primaryimage"},"thumbnailUrl":"https:\/\/regiaonews.net.br\/2022\/wp-content\/uploads\/2024\/07\/Antonio-Filisbino.jpg","articleSection":["Barretos","Cidades"],"inLanguage":"pt-BR","potentialAction":[{"@type":"CommentAction","name":"Comment","target":["https:\/\/regiaonews.net.br\/2022\/2024\/07\/08\/sindicato-rural-e-senar-promovem-14-cursos-neste-mes-de-julho\/#respond"]}]},{"@type":"WebPage","@id":"https:\/\/regiaonews.net.br\/2022\/2024\/07\/08\/sindicato-rural-e-senar-promovem-14-cursos-neste-mes-de-julho\/","url":"https:\/\/regiaonews.net.br\/2022\/2024\/07\/08\/sindicato-rural-e-senar-promovem-14-cursos-neste-mes-de-julho\/","name":"Sindicato Rural e SENAR promovem 14 cursos neste m\u00eas de julho - Regi\u00e3o News","isPartOf":{"@id":"https:\/\/regiaonews.net.br\/2022\/#website"},"primaryImageOfPage":{"@id":"https:\/\/regiaonews.net.br\/2022\/2024\/07\/08\/sindicato-rural-e-senar-promovem-14-cursos-neste-mes-de-julho\/#primaryimage"},"image":{"@id":"https:\/\/regiaonews.net.br\/2022\/2024\/07\/08\/sindicato-rural-e-senar-promovem-14-cursos-neste-mes-de-julho\/#primaryimage"},"thumbnailUrl":"https:\/\/regiaonews.net.br\/2022\/wp-content\/uploads\/2024\/07\/Antonio-Filisbino.jpg","datePublished":"2024-07-08T19:41:04+00:00","breadcrumb":{"@id":"https:\/\/regiaonews.net.br\/2022\/2024\/07\/08\/sindicato-rural-e-senar-promovem-14-cursos-neste-mes-de-julho\/#breadcrumb"},"inLanguage":"pt-BR","potentialAction":[{"@type":"ReadAction","target":["https:\/\/regiaonews.net.br\/2022\/2024\/07\/08\/sindicato-rural-e-senar-promovem-14-cursos-neste-mes-de-julho\/"]}]},{"@type":"ImageObject","inLanguage":"pt-BR","@id":"https:\/\/regiaonews.net.br\/2022\/2024\/07\/08\/sindicato-rural-e-senar-promovem-14-cursos-neste-mes-de-julho\/#primaryimage","url":"https:\/\/regiaonews.net.br\/2022\/wp-content\/uploads\/2024\/07\/Antonio-Filisbino.jpg","contentUrl":"https:\/\/regiaonews.net.br\/2022\/wp-content\/uploads\/2024\/07\/Antonio-Filisbino.jpg","width":467,"height":421},{"@type":"BreadcrumbList","@id":"https:\/\/regiaonews.net.br\/2022\/2024\/07\/08\/sindicato-rural-e-senar-promovem-14-cursos-neste-mes-de-julho\/#breadcrumb","itemListElement":[{"@type":"ListItem","position":1,"name":"In\u00edcio","item":"https:\/\/regiaonews.net.br\/2022\/"},{"@type":"ListItem","position":2,"name":"Sindicato Rural e SENAR promovem 14 cursos neste m\u00eas de julho"}]},{"@type":"WebSite","@id":"https:\/\/regiaonews.net.br\/2022\/#website","url":"https:\/\/regiaonews.net.br\/2022\/","name":"Regi\u00e3o News","description":"Site de Not\u00edcias de Barretos e regi\u00e3o","publisher":{"@id":"https:\/\/regiaonews.net.br\/2022\/#organization"},"potentialAction":[{"@type":"SearchAction","target":{"@type":"EntryPoint","urlTemplate":"https:\/\/regiaonews.net.br\/2022\/?s={search_term_string}"},"query-input":{"@type":"PropertyValueSpecification","valueRequired":true,"valueName":"search_term_string"}}],"inLanguage":"pt-BR"},{"@type":"Organization","@id":"https:\/\/regiaonews.net.br\/2022\/#organization","name":"Regi\u00e3o News","url":"https:\/\/regiaonews.net.br\/2022\/","logo":{"@type":"ImageObject","inLanguage":"pt-BR","@id":"https:\/\/regiaonews.net.br\/2022\/#\/schema\/logo\/image\/","url":"https:\/\/regiaonews.net.br\/2022\/wp-content\/uploads\/2026\/03\/regiao-13-anos-scaled.jpg","contentUrl":"https:\/\/regiaonews.net.br\/2022\/wp-content\/uploads\/2026\/03\/regiao-13-anos-scaled.jpg","width":2560,"height":635,"caption":"Regi\u00e3o News"},"image":{"@id":"https:\/\/regiaonews.net.br\/2022\/#\/schema\/logo\/image\/"}},{"@type":"Person","@id":"https:\/\/regiaonews.net.br\/2022\/#\/schema\/person\/2d205a608a5aa97ac279d7a5e6d89ad8","name":"Roberto","image":{"@type":"ImageObject","inLanguage":"pt-BR","@id":"https:\/\/secure.gravatar.com\/avatar\/42749d8b712ff9d59ca93dc150494e5b55a44134482993f5baeb97e61b7ecc89?s=96&d=mm&r=g","url":"https:\/\/secure.gravatar.com\/avatar\/42749d8b712ff9d59ca93dc150494e5b55a44134482993f5baeb97e61b7ecc89?s=96&d=mm&r=g","contentUrl":"https:\/\/secure.gravatar.com\/avatar\/42749d8b712ff9d59ca93dc150494e5b55a44134482993f5baeb97e61b7ecc89?s=96&d=mm&r=g","caption":"Roberto"},"url":"https:\/\/regiaonews.net.br\/2022\/author\/roberto\/"}]}},"publishpress_future_action":{"enabled":false,"date":"2026-05-03 02:51:57","action":"change-status","newStatus":"draft","terms":[],"taxonomy":"category","extraData":[]},"publishpress_future_workflow_manual_trigger":{"enabledWorkflows":[]},"_links":{"self":[{"href":"https:\/\/regiaonews.net.br\/2022\/wp-json\/wp\/v2\/posts\/107441","targetHints":{"allow":["GET"]}}],"collection":[{"href":"https:\/\/regiaonews.net.br\/2022\/wp-json\/wp\/v2\/posts"}],"about":[{"href":"https:\/\/regiaonews.net.br\/2022\/wp-json\/wp\/v2\/types\/post"}],"author":[{"embeddable":true,"href":"https:\/\/regiaonews.net.br\/2022\/wp-json\/wp\/v2\/users\/2"}],"replies":[{"embeddable":true,"href":"https:\/\/regiaonews.net.br\/2022\/wp-json\/wp\/v2\/comments?post=107441"}],"version-history":[{"count":1,"href":"https:\/\/regiaonews.net.br\/2022\/wp-json\/wp\/v2\/posts\/107441\/revisions"}],"predecessor-version":[{"id":107443,"href":"https:\/\/regiaonews.net.br\/2022\/wp-json\/wp\/v2\/posts\/107441\/revisions\/107443"}],"wp:featuredmedia":[{"embeddable":true,"href":"https:\/\/regiaonews.net.br\/2022\/wp-json\/wp\/v2\/media\/107442"}],"wp:attachment":[{"href":"https:\/\/regiaonews.net.br\/2022\/wp-json\/wp\/v2\/media?parent=107441"}],"wp:term":[{"taxonomy":"category","embeddable":true,"href":"https:\/\/regiaonews.net.br\/2022\/wp-json\/wp\/v2\/categories?post=107441"},{"taxonomy":"post_tag","embeddable":true,"href":"https:\/\/regiaonews.net.br\/2022\/wp-json\/wp\/v2\/tags?post=107441"}],"curies":[{"name":"wp","href":"https:\/\/api.w.org\/{rel}","templated":true}]}}