{"id":107387,"date":"2024-07-06T17:47:26","date_gmt":"2024-07-06T20:47:26","guid":{"rendered":"https:\/\/regiaonews.net.br\/2022\/?p=107387"},"modified":"2024-07-06T17:47:26","modified_gmt":"2024-07-06T20:47:26","slug":"mais-conforto-para-a-populacao-atendida-no-cras-ii","status":"publish","type":"post","link":"https:\/\/regiaonews.net.br\/2022\/2024\/07\/06\/mais-conforto-para-a-populacao-atendida-no-cras-ii\/","title":{"rendered":"Mais conforto para a popula\u00e7\u00e3o atendida no CRAS II"},"content":{"rendered":"<p>&nbsp;<\/p>\n<p>A Prefeitura inaugurou as novas instala\u00e7\u00f5es da unidade, que agora conta com amplo espa\u00e7o para o desenvolvimento de atividades coletivas<\/p>\n<p>Mulheres e homens que participam do grupo de conviv\u00eancia 60+ e todas as fam\u00edlias que utilizam os servi\u00e7os do Centro de Refer\u00eancia em Assist\u00eancia (CRAS) II agora contam com o conforto das novas instala\u00e7\u00f5es, com mais espa\u00e7o para a realiza\u00e7\u00e3o de atividades. A prefeita Paula Lemos realizou a inaugura\u00e7\u00e3o do novo pr\u00e9dio na tarde de quinta-feira, dia 4.<\/p>\n<p>Durante a inaugura\u00e7\u00e3o, Paula relatou sobre o esfor\u00e7o para atender \u00e0 reivindica\u00e7\u00e3o da popula\u00e7\u00e3o por um novo espa\u00e7o e falou diretamente com o grupo a partir de 60 anos que participa de atividades de conv\u00edvio social nesse CRAS. \u201cDeus aben\u00e7oe-se esse espa\u00e7o, que voc\u00eas possam ser muito felizes aqui e que venham muito mais pessoas para compartilhar dessas atividades com voc\u00eas\u201d, afirmou. Ela agradeceu tamb\u00e9m aos novos vizinhos, em especial \u00e0 gest\u00e3o do Orbis Clube, pela recep\u00e7\u00e3o afetiva.<\/p>\n<p>A secret\u00e1ria de Assist\u00eancia Social, Vit\u00f3ria Saretta, agradeceu a prefeita Paula pela miss\u00e3o que lhe confiou de estar \u00e0 frente dessa pasta e agradeceu por toda aten\u00e7\u00e3o que Paula d\u00e1 \u00e0 causa social.<\/p>\n<p>O presidente da C\u00e2mara, Luis Paulo Veira (Lupa), tamb\u00e9m registrou seu apre\u00e7o pelo trabalho desenvolvido pela Prefeitura. \u201cParabenizo a prefeita Paula pelo quanto valoriza, com dignidade, a terceira idade. Trabalho com esse p\u00fablico h\u00e1 mais de 20 anos e nunca vi tanta considera\u00e7\u00e3o com a terceira idade como h\u00e1 nesta gest\u00e3o\u201d, afirmou.<\/p>\n<p>A prefeita Paula agradeceu aos vereadores presentes. Ela lembrou que o Fabr\u00edcio Lemos constantemente lhe procurou para pedir melhorias para a popula\u00e7\u00e3o do bairro Bom Jesus, em que o CRAS II est\u00e1 localizado. Paula agradeceu ao vereador Pa\u00e7oca pelas emendas impositivas voltadas \u00e0 sa\u00fade e \u00e0 causa social. Ao vereador Nestor Leonel, Paula agradeceu pelos cursos ligados ao agro que leva \u00e0 popula\u00e7\u00e3o, inclusive nos CRAS. Ela agradeceu ainda ao vereador Carl\u00e3o do Basquete e ao presidente da C\u00e2mara, Lupa, pelo constante trabalho com as pessoas idosas.<\/p>\n","protected":false},"excerpt":{"rendered":"<p>&nbsp; A Prefeitura inaugurou as novas instala\u00e7\u00f5es da unidade, que<\/p>\n","protected":false},"author":2,"featured_media":107388,"comment_status":"open","ping_status":"open","sticky":false,"template":"","format":"standard","meta":{"footnotes":""},"categories":[14,25],"tags":[],"class_list":["post-107387","post","type-post","status-publish","format-standard","has-post-thumbnail","hentry","category-barretos","category-cidades"],"yoast_head":"<!-- This site is optimized with the Yoast SEO plugin v27.4 - https:\/\/yoast.com\/product\/yoast-seo-wordpress\/ -->\n<title>Mais conforto para a popula\u00e7\u00e3o atendida no CRAS II - Regi\u00e3o News<\/title>\n<meta name=\"robots\" content=\"index, follow, max-snippet:-1, max-image-preview:large, max-video-preview:-1\" \/>\n<link rel=\"canonical\" href=\"https:\/\/regiaonews.net.br\/2022\/2024\/07\/06\/mais-conforto-para-a-populacao-atendida-no-cras-ii\/\" \/>\n<meta property=\"og:locale\" content=\"pt_BR\" \/>\n<meta property=\"og:type\" content=\"article\" \/>\n<meta property=\"og:title\" content=\"Mais conforto para a popula\u00e7\u00e3o atendida no CRAS II - Regi\u00e3o News\" \/>\n<meta property=\"og:description\" content=\"&nbsp; A Prefeitura inaugurou as novas instala\u00e7\u00f5es da unidade, que\" \/>\n<meta property=\"og:url\" content=\"https:\/\/regiaonews.net.br\/2022\/2024\/07\/06\/mais-conforto-para-a-populacao-atendida-no-cras-ii\/\" \/>\n<meta property=\"og:site_name\" content=\"Regi\u00e3o News\" \/>\n<meta property=\"article:published_time\" content=\"2024-07-06T20:47:26+00:00\" \/>\n<meta property=\"og:image\" content=\"https:\/\/regiaonews.net.br\/2022\/wp-content\/uploads\/2024\/07\/WhatsApp-Image-2024-07-06-at-09.48.27.jpeg\" \/>\n\t<meta property=\"og:image:width\" content=\"1600\" \/>\n\t<meta property=\"og:image:height\" content=\"1067\" \/>\n\t<meta property=\"og:image:type\" content=\"image\/jpeg\" \/>\n<meta name=\"author\" content=\"Roberto\" \/>\n<meta name=\"twitter:card\" content=\"summary_large_image\" \/>\n<meta name=\"twitter:label1\" content=\"Escrito por\" \/>\n\t<meta name=\"twitter:data1\" content=\"Roberto\" \/>\n\t<meta name=\"twitter:label2\" content=\"Est. tempo de leitura\" \/>\n\t<meta name=\"twitter:data2\" content=\"3 minutos\" \/>\n<script type=\"application\/ld+json\" class=\"yoast-schema-graph\">{\"@context\":\"https:\\\/\\\/schema.org\",\"@graph\":[{\"@type\":\"Article\",\"@id\":\"https:\\\/\\\/regiaonews.net.br\\\/2022\\\/2024\\\/07\\\/06\\\/mais-conforto-para-a-populacao-atendida-no-cras-ii\\\/#article\",\"isPartOf\":{\"@id\":\"https:\\\/\\\/regiaonews.net.br\\\/2022\\\/2024\\\/07\\\/06\\\/mais-conforto-para-a-populacao-atendida-no-cras-ii\\\/\"},\"author\":{\"name\":\"Roberto\",\"@id\":\"https:\\\/\\\/regiaonews.net.br\\\/2022\\\/#\\\/schema\\\/person\\\/2d205a608a5aa97ac279d7a5e6d89ad8\"},\"headline\":\"Mais conforto para a popula\u00e7\u00e3o atendida no CRAS II\",\"datePublished\":\"2024-07-06T20:47:26+00:00\",\"mainEntityOfPage\":{\"@id\":\"https:\\\/\\\/regiaonews.net.br\\\/2022\\\/2024\\\/07\\\/06\\\/mais-conforto-para-a-populacao-atendida-no-cras-ii\\\/\"},\"wordCount\":371,\"commentCount\":0,\"publisher\":{\"@id\":\"https:\\\/\\\/regiaonews.net.br\\\/2022\\\/#organization\"},\"image\":{\"@id\":\"https:\\\/\\\/regiaonews.net.br\\\/2022\\\/2024\\\/07\\\/06\\\/mais-conforto-para-a-populacao-atendida-no-cras-ii\\\/#primaryimage\"},\"thumbnailUrl\":\"https:\\\/\\\/regiaonews.net.br\\\/2022\\\/wp-content\\\/uploads\\\/2024\\\/07\\\/WhatsApp-Image-2024-07-06-at-09.48.27.jpeg\",\"articleSection\":[\"Barretos\",\"Cidades\"],\"inLanguage\":\"pt-BR\",\"potentialAction\":[{\"@type\":\"CommentAction\",\"name\":\"Comment\",\"target\":[\"https:\\\/\\\/regiaonews.net.br\\\/2022\\\/2024\\\/07\\\/06\\\/mais-conforto-para-a-populacao-atendida-no-cras-ii\\\/#respond\"]}]},{\"@type\":\"WebPage\",\"@id\":\"https:\\\/\\\/regiaonews.net.br\\\/2022\\\/2024\\\/07\\\/06\\\/mais-conforto-para-a-populacao-atendida-no-cras-ii\\\/\",\"url\":\"https:\\\/\\\/regiaonews.net.br\\\/2022\\\/2024\\\/07\\\/06\\\/mais-conforto-para-a-populacao-atendida-no-cras-ii\\\/\",\"name\":\"Mais conforto para a popula\u00e7\u00e3o atendida no CRAS II - Regi\u00e3o News\",\"isPartOf\":{\"@id\":\"https:\\\/\\\/regiaonews.net.br\\\/2022\\\/#website\"},\"primaryImageOfPage\":{\"@id\":\"https:\\\/\\\/regiaonews.net.br\\\/2022\\\/2024\\\/07\\\/06\\\/mais-conforto-para-a-populacao-atendida-no-cras-ii\\\/#primaryimage\"},\"image\":{\"@id\":\"https:\\\/\\\/regiaonews.net.br\\\/2022\\\/2024\\\/07\\\/06\\\/mais-conforto-para-a-populacao-atendida-no-cras-ii\\\/#primaryimage\"},\"thumbnailUrl\":\"https:\\\/\\\/regiaonews.net.br\\\/2022\\\/wp-content\\\/uploads\\\/2024\\\/07\\\/WhatsApp-Image-2024-07-06-at-09.48.27.jpeg\",\"datePublished\":\"2024-07-06T20:47:26+00:00\",\"breadcrumb\":{\"@id\":\"https:\\\/\\\/regiaonews.net.br\\\/2022\\\/2024\\\/07\\\/06\\\/mais-conforto-para-a-populacao-atendida-no-cras-ii\\\/#breadcrumb\"},\"inLanguage\":\"pt-BR\",\"potentialAction\":[{\"@type\":\"ReadAction\",\"target\":[\"https:\\\/\\\/regiaonews.net.br\\\/2022\\\/2024\\\/07\\\/06\\\/mais-conforto-para-a-populacao-atendida-no-cras-ii\\\/\"]}]},{\"@type\":\"ImageObject\",\"inLanguage\":\"pt-BR\",\"@id\":\"https:\\\/\\\/regiaonews.net.br\\\/2022\\\/2024\\\/07\\\/06\\\/mais-conforto-para-a-populacao-atendida-no-cras-ii\\\/#primaryimage\",\"url\":\"https:\\\/\\\/regiaonews.net.br\\\/2022\\\/wp-content\\\/uploads\\\/2024\\\/07\\\/WhatsApp-Image-2024-07-06-at-09.48.27.jpeg\",\"contentUrl\":\"https:\\\/\\\/regiaonews.net.br\\\/2022\\\/wp-content\\\/uploads\\\/2024\\\/07\\\/WhatsApp-Image-2024-07-06-at-09.48.27.jpeg\",\"width\":1600,\"height\":1067},{\"@type\":\"BreadcrumbList\",\"@id\":\"https:\\\/\\\/regiaonews.net.br\\\/2022\\\/2024\\\/07\\\/06\\\/mais-conforto-para-a-populacao-atendida-no-cras-ii\\\/#breadcrumb\",\"itemListElement\":[{\"@type\":\"ListItem\",\"position\":1,\"name\":\"In\u00edcio\",\"item\":\"https:\\\/\\\/regiaonews.net.br\\\/2022\\\/\"},{\"@type\":\"ListItem\",\"position\":2,\"name\":\"Mais conforto para a popula\u00e7\u00e3o atendida no CRAS II\"}]},{\"@type\":\"WebSite\",\"@id\":\"https:\\\/\\\/regiaonews.net.br\\\/2022\\\/#website\",\"url\":\"https:\\\/\\\/regiaonews.net.br\\\/2022\\\/\",\"name\":\"Regi\u00e3o News\",\"description\":\"Site de Not\u00edcias de Barretos e regi\u00e3o\",\"publisher\":{\"@id\":\"https:\\\/\\\/regiaonews.net.br\\\/2022\\\/#organization\"},\"potentialAction\":[{\"@type\":\"SearchAction\",\"target\":{\"@type\":\"EntryPoint\",\"urlTemplate\":\"https:\\\/\\\/regiaonews.net.br\\\/2022\\\/?s={search_term_string}\"},\"query-input\":{\"@type\":\"PropertyValueSpecification\",\"valueRequired\":true,\"valueName\":\"search_term_string\"}}],\"inLanguage\":\"pt-BR\"},{\"@type\":\"Organization\",\"@id\":\"https:\\\/\\\/regiaonews.net.br\\\/2022\\\/#organization\",\"name\":\"Regi\u00e3o News\",\"url\":\"https:\\\/\\\/regiaonews.net.br\\\/2022\\\/\",\"logo\":{\"@type\":\"ImageObject\",\"inLanguage\":\"pt-BR\",\"@id\":\"https:\\\/\\\/regiaonews.net.br\\\/2022\\\/#\\\/schema\\\/logo\\\/image\\\/\",\"url\":\"https:\\\/\\\/regiaonews.net.br\\\/2022\\\/wp-content\\\/uploads\\\/2026\\\/03\\\/regiao-13-anos-scaled.jpg\",\"contentUrl\":\"https:\\\/\\\/regiaonews.net.br\\\/2022\\\/wp-content\\\/uploads\\\/2026\\\/03\\\/regiao-13-anos-scaled.jpg\",\"width\":2560,\"height\":635,\"caption\":\"Regi\u00e3o News\"},\"image\":{\"@id\":\"https:\\\/\\\/regiaonews.net.br\\\/2022\\\/#\\\/schema\\\/logo\\\/image\\\/\"}},{\"@type\":\"Person\",\"@id\":\"https:\\\/\\\/regiaonews.net.br\\\/2022\\\/#\\\/schema\\\/person\\\/2d205a608a5aa97ac279d7a5e6d89ad8\",\"name\":\"Roberto\",\"image\":{\"@type\":\"ImageObject\",\"inLanguage\":\"pt-BR\",\"@id\":\"https:\\\/\\\/secure.gravatar.com\\\/avatar\\\/42749d8b712ff9d59ca93dc150494e5b55a44134482993f5baeb97e61b7ecc89?s=96&d=mm&r=g\",\"url\":\"https:\\\/\\\/secure.gravatar.com\\\/avatar\\\/42749d8b712ff9d59ca93dc150494e5b55a44134482993f5baeb97e61b7ecc89?s=96&d=mm&r=g\",\"contentUrl\":\"https:\\\/\\\/secure.gravatar.com\\\/avatar\\\/42749d8b712ff9d59ca93dc150494e5b55a44134482993f5baeb97e61b7ecc89?s=96&d=mm&r=g\",\"caption\":\"Roberto\"},\"url\":\"https:\\\/\\\/regiaonews.net.br\\\/2022\\\/author\\\/roberto\\\/\"}]}<\/script>\n<!-- \/ Yoast SEO plugin. -->","yoast_head_json":{"title":"Mais conforto para a popula\u00e7\u00e3o atendida no CRAS II - Regi\u00e3o News","robots":{"index":"index","follow":"follow","max-snippet":"max-snippet:-1","max-image-preview":"max-image-preview:large","max-video-preview":"max-video-preview:-1"},"canonical":"https:\/\/regiaonews.net.br\/2022\/2024\/07\/06\/mais-conforto-para-a-populacao-atendida-no-cras-ii\/","og_locale":"pt_BR","og_type":"article","og_title":"Mais conforto para a popula\u00e7\u00e3o atendida no CRAS II - Regi\u00e3o News","og_description":"&nbsp; A Prefeitura inaugurou as novas instala\u00e7\u00f5es da unidade, que","og_url":"https:\/\/regiaonews.net.br\/2022\/2024\/07\/06\/mais-conforto-para-a-populacao-atendida-no-cras-ii\/","og_site_name":"Regi\u00e3o News","article_published_time":"2024-07-06T20:47:26+00:00","og_image":[{"width":1600,"height":1067,"url":"https:\/\/regiaonews.net.br\/2022\/wp-content\/uploads\/2024\/07\/WhatsApp-Image-2024-07-06-at-09.48.27.jpeg","type":"image\/jpeg"}],"author":"Roberto","twitter_card":"summary_large_image","twitter_misc":{"Escrito por":"Roberto","Est. tempo de leitura":"3 minutos"},"schema":{"@context":"https:\/\/schema.org","@graph":[{"@type":"Article","@id":"https:\/\/regiaonews.net.br\/2022\/2024\/07\/06\/mais-conforto-para-a-populacao-atendida-no-cras-ii\/#article","isPartOf":{"@id":"https:\/\/regiaonews.net.br\/2022\/2024\/07\/06\/mais-conforto-para-a-populacao-atendida-no-cras-ii\/"},"author":{"name":"Roberto","@id":"https:\/\/regiaonews.net.br\/2022\/#\/schema\/person\/2d205a608a5aa97ac279d7a5e6d89ad8"},"headline":"Mais conforto para a popula\u00e7\u00e3o atendida no CRAS II","datePublished":"2024-07-06T20:47:26+00:00","mainEntityOfPage":{"@id":"https:\/\/regiaonews.net.br\/2022\/2024\/07\/06\/mais-conforto-para-a-populacao-atendida-no-cras-ii\/"},"wordCount":371,"commentCount":0,"publisher":{"@id":"https:\/\/regiaonews.net.br\/2022\/#organization"},"image":{"@id":"https:\/\/regiaonews.net.br\/2022\/2024\/07\/06\/mais-conforto-para-a-populacao-atendida-no-cras-ii\/#primaryimage"},"thumbnailUrl":"https:\/\/regiaonews.net.br\/2022\/wp-content\/uploads\/2024\/07\/WhatsApp-Image-2024-07-06-at-09.48.27.jpeg","articleSection":["Barretos","Cidades"],"inLanguage":"pt-BR","potentialAction":[{"@type":"CommentAction","name":"Comment","target":["https:\/\/regiaonews.net.br\/2022\/2024\/07\/06\/mais-conforto-para-a-populacao-atendida-no-cras-ii\/#respond"]}]},{"@type":"WebPage","@id":"https:\/\/regiaonews.net.br\/2022\/2024\/07\/06\/mais-conforto-para-a-populacao-atendida-no-cras-ii\/","url":"https:\/\/regiaonews.net.br\/2022\/2024\/07\/06\/mais-conforto-para-a-populacao-atendida-no-cras-ii\/","name":"Mais conforto para a popula\u00e7\u00e3o atendida no CRAS II - Regi\u00e3o News","isPartOf":{"@id":"https:\/\/regiaonews.net.br\/2022\/#website"},"primaryImageOfPage":{"@id":"https:\/\/regiaonews.net.br\/2022\/2024\/07\/06\/mais-conforto-para-a-populacao-atendida-no-cras-ii\/#primaryimage"},"image":{"@id":"https:\/\/regiaonews.net.br\/2022\/2024\/07\/06\/mais-conforto-para-a-populacao-atendida-no-cras-ii\/#primaryimage"},"thumbnailUrl":"https:\/\/regiaonews.net.br\/2022\/wp-content\/uploads\/2024\/07\/WhatsApp-Image-2024-07-06-at-09.48.27.jpeg","datePublished":"2024-07-06T20:47:26+00:00","breadcrumb":{"@id":"https:\/\/regiaonews.net.br\/2022\/2024\/07\/06\/mais-conforto-para-a-populacao-atendida-no-cras-ii\/#breadcrumb"},"inLanguage":"pt-BR","potentialAction":[{"@type":"ReadAction","target":["https:\/\/regiaonews.net.br\/2022\/2024\/07\/06\/mais-conforto-para-a-populacao-atendida-no-cras-ii\/"]}]},{"@type":"ImageObject","inLanguage":"pt-BR","@id":"https:\/\/regiaonews.net.br\/2022\/2024\/07\/06\/mais-conforto-para-a-populacao-atendida-no-cras-ii\/#primaryimage","url":"https:\/\/regiaonews.net.br\/2022\/wp-content\/uploads\/2024\/07\/WhatsApp-Image-2024-07-06-at-09.48.27.jpeg","contentUrl":"https:\/\/regiaonews.net.br\/2022\/wp-content\/uploads\/2024\/07\/WhatsApp-Image-2024-07-06-at-09.48.27.jpeg","width":1600,"height":1067},{"@type":"BreadcrumbList","@id":"https:\/\/regiaonews.net.br\/2022\/2024\/07\/06\/mais-conforto-para-a-populacao-atendida-no-cras-ii\/#breadcrumb","itemListElement":[{"@type":"ListItem","position":1,"name":"In\u00edcio","item":"https:\/\/regiaonews.net.br\/2022\/"},{"@type":"ListItem","position":2,"name":"Mais conforto para a popula\u00e7\u00e3o atendida no CRAS II"}]},{"@type":"WebSite","@id":"https:\/\/regiaonews.net.br\/2022\/#website","url":"https:\/\/regiaonews.net.br\/2022\/","name":"Regi\u00e3o News","description":"Site de Not\u00edcias de Barretos e regi\u00e3o","publisher":{"@id":"https:\/\/regiaonews.net.br\/2022\/#organization"},"potentialAction":[{"@type":"SearchAction","target":{"@type":"EntryPoint","urlTemplate":"https:\/\/regiaonews.net.br\/2022\/?s={search_term_string}"},"query-input":{"@type":"PropertyValueSpecification","valueRequired":true,"valueName":"search_term_string"}}],"inLanguage":"pt-BR"},{"@type":"Organization","@id":"https:\/\/regiaonews.net.br\/2022\/#organization","name":"Regi\u00e3o News","url":"https:\/\/regiaonews.net.br\/2022\/","logo":{"@type":"ImageObject","inLanguage":"pt-BR","@id":"https:\/\/regiaonews.net.br\/2022\/#\/schema\/logo\/image\/","url":"https:\/\/regiaonews.net.br\/2022\/wp-content\/uploads\/2026\/03\/regiao-13-anos-scaled.jpg","contentUrl":"https:\/\/regiaonews.net.br\/2022\/wp-content\/uploads\/2026\/03\/regiao-13-anos-scaled.jpg","width":2560,"height":635,"caption":"Regi\u00e3o News"},"image":{"@id":"https:\/\/regiaonews.net.br\/2022\/#\/schema\/logo\/image\/"}},{"@type":"Person","@id":"https:\/\/regiaonews.net.br\/2022\/#\/schema\/person\/2d205a608a5aa97ac279d7a5e6d89ad8","name":"Roberto","image":{"@type":"ImageObject","inLanguage":"pt-BR","@id":"https:\/\/secure.gravatar.com\/avatar\/42749d8b712ff9d59ca93dc150494e5b55a44134482993f5baeb97e61b7ecc89?s=96&d=mm&r=g","url":"https:\/\/secure.gravatar.com\/avatar\/42749d8b712ff9d59ca93dc150494e5b55a44134482993f5baeb97e61b7ecc89?s=96&d=mm&r=g","contentUrl":"https:\/\/secure.gravatar.com\/avatar\/42749d8b712ff9d59ca93dc150494e5b55a44134482993f5baeb97e61b7ecc89?s=96&d=mm&r=g","caption":"Roberto"},"url":"https:\/\/regiaonews.net.br\/2022\/author\/roberto\/"}]}},"publishpress_future_action":{"enabled":false,"date":"2026-05-03 02:53:28","action":"change-status","newStatus":"draft","terms":[],"taxonomy":"category","extraData":[]},"publishpress_future_workflow_manual_trigger":{"enabledWorkflows":[]},"_links":{"self":[{"href":"https:\/\/regiaonews.net.br\/2022\/wp-json\/wp\/v2\/posts\/107387","targetHints":{"allow":["GET"]}}],"collection":[{"href":"https:\/\/regiaonews.net.br\/2022\/wp-json\/wp\/v2\/posts"}],"about":[{"href":"https:\/\/regiaonews.net.br\/2022\/wp-json\/wp\/v2\/types\/post"}],"author":[{"embeddable":true,"href":"https:\/\/regiaonews.net.br\/2022\/wp-json\/wp\/v2\/users\/2"}],"replies":[{"embeddable":true,"href":"https:\/\/regiaonews.net.br\/2022\/wp-json\/wp\/v2\/comments?post=107387"}],"version-history":[{"count":1,"href":"https:\/\/regiaonews.net.br\/2022\/wp-json\/wp\/v2\/posts\/107387\/revisions"}],"predecessor-version":[{"id":107389,"href":"https:\/\/regiaonews.net.br\/2022\/wp-json\/wp\/v2\/posts\/107387\/revisions\/107389"}],"wp:featuredmedia":[{"embeddable":true,"href":"https:\/\/regiaonews.net.br\/2022\/wp-json\/wp\/v2\/media\/107388"}],"wp:attachment":[{"href":"https:\/\/regiaonews.net.br\/2022\/wp-json\/wp\/v2\/media?parent=107387"}],"wp:term":[{"taxonomy":"category","embeddable":true,"href":"https:\/\/regiaonews.net.br\/2022\/wp-json\/wp\/v2\/categories?post=107387"},{"taxonomy":"post_tag","embeddable":true,"href":"https:\/\/regiaonews.net.br\/2022\/wp-json\/wp\/v2\/tags?post=107387"}],"curies":[{"name":"wp","href":"https:\/\/api.w.org\/{rel}","templated":true}]}}