{"id":107366,"date":"2024-07-06T09:04:02","date_gmt":"2024-07-06T12:04:02","guid":{"rendered":"https:\/\/regiaonews.net.br\/2022\/?p=107366"},"modified":"2024-07-06T09:04:02","modified_gmt":"2024-07-06T12:04:02","slug":"inaugurados-novo-postao-e-ubs-no-residencial-minerva","status":"publish","type":"post","link":"https:\/\/regiaonews.net.br\/2022\/2024\/07\/06\/inaugurados-novo-postao-e-ubs-no-residencial-minerva\/","title":{"rendered":"Inaugurados  Novo Post\u00e3o e UBS no Residencial Minerva"},"content":{"rendered":"<p>O novo centro m\u00e9dico tem entre seus diferenciais o acolhimento \u00e0s mulheres e \u00e0s crian\u00e7as. Barretos chega a quatro unidades de sa\u00fade inauguradas neste ano<\/p>\n<p>A prefeita Paula Lemos realizou duas inaugura\u00e7\u00f5es para a sa\u00fade da popula\u00e7\u00e3o de Barretos nesta sexta-feira, 5. Pela tarde, foi inaugurado o Centro M\u00e9dico de Especialidades e Aten\u00e7\u00e3o Materno Infantil Adoracy Marques Lemos &#8211; \u201cDora Lemos\u201d, o novo \u2018Post\u00e3o\u2019. Pela manh\u00e3, a Prefeitura realizou a inaugura\u00e7\u00e3o da UBS dr. Luiz Gonzaga Ferreira, que ir\u00e1 atender moradores do Residencial Minerva, Vila Gomes e imedia\u00e7\u00f5es.<\/p>\n<p>\u201cDepois de 10 anos, estamos entregando em Barretos tr\u00eas Unidades B\u00e1sicas de Sa\u00fade neste ano e hoje este Centro de Atendimento M\u00e9dico, o Novo Post\u00e3o, que ter\u00e1 na parte de cima um espa\u00e7o especial para atender com o devido cuidado as crian\u00e7as com necessidades especiais e as mulheres. Dentro do Post\u00e3o, h\u00e1 R$ 2 milh\u00f5es em equipamentos para que possam ser feitos os exames que a popula\u00e7\u00e3o precisar\u201d, afirmou a prefeita Paula Lemos.<\/p>\n<p>Ela fez uma s\u00e9rie de agradecimentos pelo apoio na constru\u00e7\u00e3o dessa obra. Ao ent\u00e3o vice-governador Rodrigo Garcia, que lhe recebeu em S\u00e3o Paulo quando foi em busca dessa unidade, ao atual governador Tarc\u00edsio de Freitas e pelo apoio recebido dos deputados Carl\u00e3o Pignatari e Geninho Zuliani. Tamb\u00e9m \u00e0 secret\u00e1ria municipal de Sa\u00fade, Gra\u00e7a Lemosm e aos funcion\u00e1rios que trabalharam para a inaugura\u00e7\u00e3o da obra, entre outros. Paula agradeceu ainda \u00e0 deputada Analice Fernandes, representada na cerim\u00f4nia por seu assessor Ronaldo, pela aten\u00e7\u00e3o que d\u00e1 a Barretos. Paula destacou como sua av\u00f3 Dora era caridosa, sendo a pessoa apropriada para dar nome a esse espa\u00e7o t\u00e3o acolhedor.<\/p>\n<p>A secret\u00e1ria Gra\u00e7a reiterou os agradecimentos a cada funcion\u00e1rio que trabalhou para que o Novo Post\u00e3o pudesse ser inaugurado e \u00e0 prefeita Paula pela iniciativa e persist\u00eancia para construir essa unidade. \u201cMinha sogra, dona Dora era dedicada \u00e0 fam\u00edlia e aos pobres de Barretos. Tenho certeza que seu nome trar\u00e1 muita felicidade para este lugar\u201d, afirmou. Gra\u00e7a deu \u00e0s boas-vindas aos 74 profissionais que trabalhar\u00e3o na unidade e destacou a amplia\u00e7\u00e3o do n\u00famero de m\u00e9dicos atendendo especialidades na rede municipal.<\/p>\n<p>Marta Lemos representou a fam\u00edlia para agradecer a homenagem prestada a sua irm\u00e3 Dora. \u201cEla sempre trabalhou pelos menos favorecidos. Tenho certeza que ela est\u00e1 sorrindo ao ver o nome dela eternizado em uma obra que ir\u00e1 ajudar muitas pessoas na sa\u00fade\u201d, ressaltou.<\/p>\n<p>UBS nova no Minerva<\/p>\n<p>Pela manh\u00e3, na UBS Luiz Gonzaga Ferreira, a prefeita Paula agradeceu \u00e0 deputada Carla Zambelli, pelas emendas enviadas a Barretos, que viabilizaram a constru\u00e7\u00e3o dessa unidade e de outra, rec\u00e9m-inaugurada no San Diego. Paula destacou tamb\u00e9m que Zambelli enviou outra emenda, a qual permitiu a aquisi\u00e7\u00e3o de aparelhos para as novas unidades.<\/p>\n<p>A prefeita lembrou que essa UBS era uma reinvindica\u00e7\u00e3o da popula\u00e7\u00e3o da regi\u00e3o do Residencial Minerva e da Vila Gomes h\u00e1 pelo menos duas d\u00e9cadas. Paula compartilhou a felicidade de uma moradora que lhe abordou no in\u00edcio do dia comemorando que n\u00e3o precisar\u00e1 mais andar at\u00e9 o Christiano Carvalho para ser atendida.<\/p>\n<p>O deputado Ant\u00f4nio Carlos Rodrigues lembrou que, mesmo nas folgas, o Gonzaga logo estava atendendo crian\u00e7as de forma solid\u00e1ria. Rodrigues tamb\u00e9m elogiou a prefeita Paula pelo trabalho feito em Barretos, em especial na sa\u00fade.<br \/>\nFilho de Gonzaga, Matheus Feliciano da Costa Ferreira falou em nome da fam\u00edlia do homenageado. \u201cDesde que meu pai chegou em Barretos em 1980, at\u00e9 2020, ele sempre se dedicou \u00e0s crian\u00e7as desta cidade. Essa unidade ser\u00e1 uma continua\u00e7\u00e3o do legado dele, levando sa\u00fade \u00e0s crian\u00e7as do bairro\u201d, afirmou.<\/p>\n<p>A C\u00e2mara Municipal foi representada nas duas inaugura\u00e7\u00f5es. Pela manh\u00e3, os vereadores Chafei Amsei Neto e Raphael Silv\u00e9rio destacaram a felicidade em verem uma UBS sendo entregue no bairro em que cresceram e parabenizaram a prefeita Paula pela entrega. O vereador Carl\u00e3o do Basquete parabenizou tamb\u00e9m a comunidade local pela nova UBS que passar\u00e1 a lhes oferecer atendimento.<\/p>\n<p>Tamb\u00e9m vereador, Nestor Leonel destacou o apoio do Legislativo para que, a partir da emenda destinada pela deputada Carla Zambelli, a obra desta UBS fosse conclu\u00edda o quanto antes e agradeceu a prefeita Paula por pensar na popula\u00e7\u00e3o e agir com o cora\u00e7\u00e3o. O vereador Paulo Correa destacou a satisfa\u00e7\u00e3o que \u00e9 participar da inaugura\u00e7\u00e3o de uma UBS. &#8220;\u00c9 a sa\u00fade mais perto da popula\u00e7\u00e3o. E a Paula est\u00e1 inaugurando a terceira Unidade B\u00e1sica de Sa\u00fade&#8221;, ressaltou. Secret\u00e1rios municipais, outras autoridades e a popula\u00e7\u00e3o participaram das duas cerim\u00f4nias.<\/p>\n<p><a href=\"https:\/\/regiaonews.net.br\/2022\/wp-content\/uploads\/2024\/07\/WhatsApp-Image-2024-07-05-at-22.48.34-1.jpeg\"><img loading=\"lazy\" decoding=\"async\" class=\"alignnone size-medium wp-image-107368\" src=\"https:\/\/regiaonews.net.br\/2022\/wp-content\/uploads\/2024\/07\/WhatsApp-Image-2024-07-05-at-22.48.34-1-300x225.jpeg\" alt=\"\" width=\"300\" height=\"225\" srcset=\"https:\/\/regiaonews.net.br\/2022\/wp-content\/uploads\/2024\/07\/WhatsApp-Image-2024-07-05-at-22.48.34-1-300x225.jpeg 300w, https:\/\/regiaonews.net.br\/2022\/wp-content\/uploads\/2024\/07\/WhatsApp-Image-2024-07-05-at-22.48.34-1-1024x768.jpeg 1024w, https:\/\/regiaonews.net.br\/2022\/wp-content\/uploads\/2024\/07\/WhatsApp-Image-2024-07-05-at-22.48.34-1-768x576.jpeg 768w, https:\/\/regiaonews.net.br\/2022\/wp-content\/uploads\/2024\/07\/WhatsApp-Image-2024-07-05-at-22.48.34-1-250x188.jpeg 250w, https:\/\/regiaonews.net.br\/2022\/wp-content\/uploads\/2024\/07\/WhatsApp-Image-2024-07-05-at-22.48.34-1-200x150.jpeg 200w, https:\/\/regiaonews.net.br\/2022\/wp-content\/uploads\/2024\/07\/WhatsApp-Image-2024-07-05-at-22.48.34-1.jpeg 1280w\" sizes=\"auto, (max-width: 300px) 100vw, 300px\" \/><\/a><a href=\"https:\/\/regiaonews.net.br\/2022\/wp-content\/uploads\/2024\/07\/WhatsApp-Image-2024-07-05-at-22.48.34.jpeg\"><img loading=\"lazy\" decoding=\"async\" class=\"alignnone size-medium wp-image-107369\" src=\"https:\/\/regiaonews.net.br\/2022\/wp-content\/uploads\/2024\/07\/WhatsApp-Image-2024-07-05-at-22.48.34-300x205.jpeg\" alt=\"\" width=\"300\" height=\"205\" srcset=\"https:\/\/regiaonews.net.br\/2022\/wp-content\/uploads\/2024\/07\/WhatsApp-Image-2024-07-05-at-22.48.34-300x205.jpeg 300w, https:\/\/regiaonews.net.br\/2022\/wp-content\/uploads\/2024\/07\/WhatsApp-Image-2024-07-05-at-22.48.34-1024x700.jpeg 1024w, https:\/\/regiaonews.net.br\/2022\/wp-content\/uploads\/2024\/07\/WhatsApp-Image-2024-07-05-at-22.48.34-768x525.jpeg 768w, https:\/\/regiaonews.net.br\/2022\/wp-content\/uploads\/2024\/07\/WhatsApp-Image-2024-07-05-at-22.48.34-1536x1049.jpeg 1536w, https:\/\/regiaonews.net.br\/2022\/wp-content\/uploads\/2024\/07\/WhatsApp-Image-2024-07-05-at-22.48.34-250x171.jpeg 250w, https:\/\/regiaonews.net.br\/2022\/wp-content\/uploads\/2024\/07\/WhatsApp-Image-2024-07-05-at-22.48.34.jpeg 1600w\" sizes=\"auto, (max-width: 300px) 100vw, 300px\" \/><\/a><a href=\"https:\/\/regiaonews.net.br\/2022\/wp-content\/uploads\/2024\/07\/WhatsApp-Image-2024-07-06-at-06.53.05.jpeg\"><img loading=\"lazy\" decoding=\"async\" class=\"alignnone size-medium wp-image-107370\" src=\"https:\/\/regiaonews.net.br\/2022\/wp-content\/uploads\/2024\/07\/WhatsApp-Image-2024-07-06-at-06.53.05-300x200.jpeg\" alt=\"\" width=\"300\" height=\"200\" srcset=\"https:\/\/regiaonews.net.br\/2022\/wp-content\/uploads\/2024\/07\/WhatsApp-Image-2024-07-06-at-06.53.05-300x200.jpeg 300w, https:\/\/regiaonews.net.br\/2022\/wp-content\/uploads\/2024\/07\/WhatsApp-Image-2024-07-06-at-06.53.05-1024x683.jpeg 1024w, https:\/\/regiaonews.net.br\/2022\/wp-content\/uploads\/2024\/07\/WhatsApp-Image-2024-07-06-at-06.53.05-768x512.jpeg 768w, https:\/\/regiaonews.net.br\/2022\/wp-content\/uploads\/2024\/07\/WhatsApp-Image-2024-07-06-at-06.53.05-1536x1024.jpeg 1536w, https:\/\/regiaonews.net.br\/2022\/wp-content\/uploads\/2024\/07\/WhatsApp-Image-2024-07-06-at-06.53.05-250x167.jpeg 250w, https:\/\/regiaonews.net.br\/2022\/wp-content\/uploads\/2024\/07\/WhatsApp-Image-2024-07-06-at-06.53.05-900x600.jpeg 900w, https:\/\/regiaonews.net.br\/2022\/wp-content\/uploads\/2024\/07\/WhatsApp-Image-2024-07-06-at-06.53.05.jpeg 1600w\" sizes=\"auto, (max-width: 300px) 100vw, 300px\" \/><\/a><\/p>\n","protected":false},"excerpt":{"rendered":"<p>O novo centro m\u00e9dico tem entre seus diferenciais o acolhimento<\/p>\n","protected":false},"author":2,"featured_media":107367,"comment_status":"open","ping_status":"open","sticky":false,"template":"","format":"standard","meta":{"footnotes":""},"categories":[14,25],"tags":[],"class_list":["post-107366","post","type-post","status-publish","format-standard","has-post-thumbnail","hentry","category-barretos","category-cidades"],"yoast_head":"<!-- This site is optimized with the Yoast SEO plugin v27.4 - https:\/\/yoast.com\/product\/yoast-seo-wordpress\/ -->\n<title>Inaugurados Novo Post\u00e3o e UBS no Residencial Minerva - Regi\u00e3o News<\/title>\n<meta name=\"robots\" content=\"index, follow, max-snippet:-1, max-image-preview:large, max-video-preview:-1\" \/>\n<link rel=\"canonical\" href=\"https:\/\/regiaonews.net.br\/2022\/2024\/07\/06\/inaugurados-novo-postao-e-ubs-no-residencial-minerva\/\" \/>\n<meta property=\"og:locale\" content=\"pt_BR\" \/>\n<meta property=\"og:type\" content=\"article\" \/>\n<meta property=\"og:title\" content=\"Inaugurados Novo Post\u00e3o e UBS no Residencial Minerva - Regi\u00e3o News\" \/>\n<meta property=\"og:description\" content=\"O novo centro m\u00e9dico tem entre seus diferenciais o acolhimento\" \/>\n<meta property=\"og:url\" content=\"https:\/\/regiaonews.net.br\/2022\/2024\/07\/06\/inaugurados-novo-postao-e-ubs-no-residencial-minerva\/\" \/>\n<meta property=\"og:site_name\" content=\"Regi\u00e3o News\" \/>\n<meta property=\"article:published_time\" content=\"2024-07-06T12:04:02+00:00\" \/>\n<meta property=\"og:image\" content=\"https:\/\/regiaonews.net.br\/2022\/wp-content\/uploads\/2024\/07\/WhatsApp-Image-2024-07-05-at-22.48.33.jpeg\" \/>\n\t<meta property=\"og:image:width\" content=\"1600\" \/>\n\t<meta property=\"og:image:height\" content=\"1127\" \/>\n\t<meta property=\"og:image:type\" content=\"image\/jpeg\" \/>\n<meta name=\"author\" content=\"Roberto\" \/>\n<meta name=\"twitter:card\" content=\"summary_large_image\" \/>\n<meta name=\"twitter:label1\" content=\"Escrito por\" \/>\n\t<meta name=\"twitter:data1\" content=\"Roberto\" \/>\n\t<meta name=\"twitter:label2\" content=\"Est. tempo de leitura\" \/>\n\t<meta name=\"twitter:data2\" content=\"5 minutos\" \/>\n<script type=\"application\/ld+json\" class=\"yoast-schema-graph\">{\"@context\":\"https:\\\/\\\/schema.org\",\"@graph\":[{\"@type\":\"Article\",\"@id\":\"https:\\\/\\\/regiaonews.net.br\\\/2022\\\/2024\\\/07\\\/06\\\/inaugurados-novo-postao-e-ubs-no-residencial-minerva\\\/#article\",\"isPartOf\":{\"@id\":\"https:\\\/\\\/regiaonews.net.br\\\/2022\\\/2024\\\/07\\\/06\\\/inaugurados-novo-postao-e-ubs-no-residencial-minerva\\\/\"},\"author\":{\"name\":\"Roberto\",\"@id\":\"https:\\\/\\\/regiaonews.net.br\\\/2022\\\/#\\\/schema\\\/person\\\/2d205a608a5aa97ac279d7a5e6d89ad8\"},\"headline\":\"Inaugurados Novo Post\u00e3o e UBS no Residencial Minerva\",\"datePublished\":\"2024-07-06T12:04:02+00:00\",\"mainEntityOfPage\":{\"@id\":\"https:\\\/\\\/regiaonews.net.br\\\/2022\\\/2024\\\/07\\\/06\\\/inaugurados-novo-postao-e-ubs-no-residencial-minerva\\\/\"},\"wordCount\":811,\"commentCount\":0,\"publisher\":{\"@id\":\"https:\\\/\\\/regiaonews.net.br\\\/2022\\\/#organization\"},\"image\":{\"@id\":\"https:\\\/\\\/regiaonews.net.br\\\/2022\\\/2024\\\/07\\\/06\\\/inaugurados-novo-postao-e-ubs-no-residencial-minerva\\\/#primaryimage\"},\"thumbnailUrl\":\"https:\\\/\\\/regiaonews.net.br\\\/2022\\\/wp-content\\\/uploads\\\/2024\\\/07\\\/WhatsApp-Image-2024-07-05-at-22.48.33.jpeg\",\"articleSection\":[\"Barretos\",\"Cidades\"],\"inLanguage\":\"pt-BR\",\"potentialAction\":[{\"@type\":\"CommentAction\",\"name\":\"Comment\",\"target\":[\"https:\\\/\\\/regiaonews.net.br\\\/2022\\\/2024\\\/07\\\/06\\\/inaugurados-novo-postao-e-ubs-no-residencial-minerva\\\/#respond\"]}]},{\"@type\":\"WebPage\",\"@id\":\"https:\\\/\\\/regiaonews.net.br\\\/2022\\\/2024\\\/07\\\/06\\\/inaugurados-novo-postao-e-ubs-no-residencial-minerva\\\/\",\"url\":\"https:\\\/\\\/regiaonews.net.br\\\/2022\\\/2024\\\/07\\\/06\\\/inaugurados-novo-postao-e-ubs-no-residencial-minerva\\\/\",\"name\":\"Inaugurados Novo Post\u00e3o e UBS no Residencial Minerva - Regi\u00e3o News\",\"isPartOf\":{\"@id\":\"https:\\\/\\\/regiaonews.net.br\\\/2022\\\/#website\"},\"primaryImageOfPage\":{\"@id\":\"https:\\\/\\\/regiaonews.net.br\\\/2022\\\/2024\\\/07\\\/06\\\/inaugurados-novo-postao-e-ubs-no-residencial-minerva\\\/#primaryimage\"},\"image\":{\"@id\":\"https:\\\/\\\/regiaonews.net.br\\\/2022\\\/2024\\\/07\\\/06\\\/inaugurados-novo-postao-e-ubs-no-residencial-minerva\\\/#primaryimage\"},\"thumbnailUrl\":\"https:\\\/\\\/regiaonews.net.br\\\/2022\\\/wp-content\\\/uploads\\\/2024\\\/07\\\/WhatsApp-Image-2024-07-05-at-22.48.33.jpeg\",\"datePublished\":\"2024-07-06T12:04:02+00:00\",\"breadcrumb\":{\"@id\":\"https:\\\/\\\/regiaonews.net.br\\\/2022\\\/2024\\\/07\\\/06\\\/inaugurados-novo-postao-e-ubs-no-residencial-minerva\\\/#breadcrumb\"},\"inLanguage\":\"pt-BR\",\"potentialAction\":[{\"@type\":\"ReadAction\",\"target\":[\"https:\\\/\\\/regiaonews.net.br\\\/2022\\\/2024\\\/07\\\/06\\\/inaugurados-novo-postao-e-ubs-no-residencial-minerva\\\/\"]}]},{\"@type\":\"ImageObject\",\"inLanguage\":\"pt-BR\",\"@id\":\"https:\\\/\\\/regiaonews.net.br\\\/2022\\\/2024\\\/07\\\/06\\\/inaugurados-novo-postao-e-ubs-no-residencial-minerva\\\/#primaryimage\",\"url\":\"https:\\\/\\\/regiaonews.net.br\\\/2022\\\/wp-content\\\/uploads\\\/2024\\\/07\\\/WhatsApp-Image-2024-07-05-at-22.48.33.jpeg\",\"contentUrl\":\"https:\\\/\\\/regiaonews.net.br\\\/2022\\\/wp-content\\\/uploads\\\/2024\\\/07\\\/WhatsApp-Image-2024-07-05-at-22.48.33.jpeg\",\"width\":1600,\"height\":1127},{\"@type\":\"BreadcrumbList\",\"@id\":\"https:\\\/\\\/regiaonews.net.br\\\/2022\\\/2024\\\/07\\\/06\\\/inaugurados-novo-postao-e-ubs-no-residencial-minerva\\\/#breadcrumb\",\"itemListElement\":[{\"@type\":\"ListItem\",\"position\":1,\"name\":\"In\u00edcio\",\"item\":\"https:\\\/\\\/regiaonews.net.br\\\/2022\\\/\"},{\"@type\":\"ListItem\",\"position\":2,\"name\":\"Inaugurados Novo Post\u00e3o e UBS no Residencial Minerva\"}]},{\"@type\":\"WebSite\",\"@id\":\"https:\\\/\\\/regiaonews.net.br\\\/2022\\\/#website\",\"url\":\"https:\\\/\\\/regiaonews.net.br\\\/2022\\\/\",\"name\":\"Regi\u00e3o News\",\"description\":\"Site de Not\u00edcias de Barretos e regi\u00e3o\",\"publisher\":{\"@id\":\"https:\\\/\\\/regiaonews.net.br\\\/2022\\\/#organization\"},\"potentialAction\":[{\"@type\":\"SearchAction\",\"target\":{\"@type\":\"EntryPoint\",\"urlTemplate\":\"https:\\\/\\\/regiaonews.net.br\\\/2022\\\/?s={search_term_string}\"},\"query-input\":{\"@type\":\"PropertyValueSpecification\",\"valueRequired\":true,\"valueName\":\"search_term_string\"}}],\"inLanguage\":\"pt-BR\"},{\"@type\":\"Organization\",\"@id\":\"https:\\\/\\\/regiaonews.net.br\\\/2022\\\/#organization\",\"name\":\"Regi\u00e3o News\",\"url\":\"https:\\\/\\\/regiaonews.net.br\\\/2022\\\/\",\"logo\":{\"@type\":\"ImageObject\",\"inLanguage\":\"pt-BR\",\"@id\":\"https:\\\/\\\/regiaonews.net.br\\\/2022\\\/#\\\/schema\\\/logo\\\/image\\\/\",\"url\":\"https:\\\/\\\/regiaonews.net.br\\\/2022\\\/wp-content\\\/uploads\\\/2026\\\/03\\\/regiao-13-anos-scaled.jpg\",\"contentUrl\":\"https:\\\/\\\/regiaonews.net.br\\\/2022\\\/wp-content\\\/uploads\\\/2026\\\/03\\\/regiao-13-anos-scaled.jpg\",\"width\":2560,\"height\":635,\"caption\":\"Regi\u00e3o News\"},\"image\":{\"@id\":\"https:\\\/\\\/regiaonews.net.br\\\/2022\\\/#\\\/schema\\\/logo\\\/image\\\/\"}},{\"@type\":\"Person\",\"@id\":\"https:\\\/\\\/regiaonews.net.br\\\/2022\\\/#\\\/schema\\\/person\\\/2d205a608a5aa97ac279d7a5e6d89ad8\",\"name\":\"Roberto\",\"image\":{\"@type\":\"ImageObject\",\"inLanguage\":\"pt-BR\",\"@id\":\"https:\\\/\\\/secure.gravatar.com\\\/avatar\\\/42749d8b712ff9d59ca93dc150494e5b55a44134482993f5baeb97e61b7ecc89?s=96&d=mm&r=g\",\"url\":\"https:\\\/\\\/secure.gravatar.com\\\/avatar\\\/42749d8b712ff9d59ca93dc150494e5b55a44134482993f5baeb97e61b7ecc89?s=96&d=mm&r=g\",\"contentUrl\":\"https:\\\/\\\/secure.gravatar.com\\\/avatar\\\/42749d8b712ff9d59ca93dc150494e5b55a44134482993f5baeb97e61b7ecc89?s=96&d=mm&r=g\",\"caption\":\"Roberto\"},\"url\":\"https:\\\/\\\/regiaonews.net.br\\\/2022\\\/author\\\/roberto\\\/\"}]}<\/script>\n<!-- \/ Yoast SEO plugin. -->","yoast_head_json":{"title":"Inaugurados Novo Post\u00e3o e UBS no Residencial Minerva - Regi\u00e3o News","robots":{"index":"index","follow":"follow","max-snippet":"max-snippet:-1","max-image-preview":"max-image-preview:large","max-video-preview":"max-video-preview:-1"},"canonical":"https:\/\/regiaonews.net.br\/2022\/2024\/07\/06\/inaugurados-novo-postao-e-ubs-no-residencial-minerva\/","og_locale":"pt_BR","og_type":"article","og_title":"Inaugurados Novo Post\u00e3o e UBS no Residencial Minerva - Regi\u00e3o News","og_description":"O novo centro m\u00e9dico tem entre seus diferenciais o acolhimento","og_url":"https:\/\/regiaonews.net.br\/2022\/2024\/07\/06\/inaugurados-novo-postao-e-ubs-no-residencial-minerva\/","og_site_name":"Regi\u00e3o News","article_published_time":"2024-07-06T12:04:02+00:00","og_image":[{"width":1600,"height":1127,"url":"https:\/\/regiaonews.net.br\/2022\/wp-content\/uploads\/2024\/07\/WhatsApp-Image-2024-07-05-at-22.48.33.jpeg","type":"image\/jpeg"}],"author":"Roberto","twitter_card":"summary_large_image","twitter_misc":{"Escrito por":"Roberto","Est. tempo de leitura":"5 minutos"},"schema":{"@context":"https:\/\/schema.org","@graph":[{"@type":"Article","@id":"https:\/\/regiaonews.net.br\/2022\/2024\/07\/06\/inaugurados-novo-postao-e-ubs-no-residencial-minerva\/#article","isPartOf":{"@id":"https:\/\/regiaonews.net.br\/2022\/2024\/07\/06\/inaugurados-novo-postao-e-ubs-no-residencial-minerva\/"},"author":{"name":"Roberto","@id":"https:\/\/regiaonews.net.br\/2022\/#\/schema\/person\/2d205a608a5aa97ac279d7a5e6d89ad8"},"headline":"Inaugurados Novo Post\u00e3o e UBS no Residencial Minerva","datePublished":"2024-07-06T12:04:02+00:00","mainEntityOfPage":{"@id":"https:\/\/regiaonews.net.br\/2022\/2024\/07\/06\/inaugurados-novo-postao-e-ubs-no-residencial-minerva\/"},"wordCount":811,"commentCount":0,"publisher":{"@id":"https:\/\/regiaonews.net.br\/2022\/#organization"},"image":{"@id":"https:\/\/regiaonews.net.br\/2022\/2024\/07\/06\/inaugurados-novo-postao-e-ubs-no-residencial-minerva\/#primaryimage"},"thumbnailUrl":"https:\/\/regiaonews.net.br\/2022\/wp-content\/uploads\/2024\/07\/WhatsApp-Image-2024-07-05-at-22.48.33.jpeg","articleSection":["Barretos","Cidades"],"inLanguage":"pt-BR","potentialAction":[{"@type":"CommentAction","name":"Comment","target":["https:\/\/regiaonews.net.br\/2022\/2024\/07\/06\/inaugurados-novo-postao-e-ubs-no-residencial-minerva\/#respond"]}]},{"@type":"WebPage","@id":"https:\/\/regiaonews.net.br\/2022\/2024\/07\/06\/inaugurados-novo-postao-e-ubs-no-residencial-minerva\/","url":"https:\/\/regiaonews.net.br\/2022\/2024\/07\/06\/inaugurados-novo-postao-e-ubs-no-residencial-minerva\/","name":"Inaugurados Novo Post\u00e3o e UBS no Residencial Minerva - Regi\u00e3o News","isPartOf":{"@id":"https:\/\/regiaonews.net.br\/2022\/#website"},"primaryImageOfPage":{"@id":"https:\/\/regiaonews.net.br\/2022\/2024\/07\/06\/inaugurados-novo-postao-e-ubs-no-residencial-minerva\/#primaryimage"},"image":{"@id":"https:\/\/regiaonews.net.br\/2022\/2024\/07\/06\/inaugurados-novo-postao-e-ubs-no-residencial-minerva\/#primaryimage"},"thumbnailUrl":"https:\/\/regiaonews.net.br\/2022\/wp-content\/uploads\/2024\/07\/WhatsApp-Image-2024-07-05-at-22.48.33.jpeg","datePublished":"2024-07-06T12:04:02+00:00","breadcrumb":{"@id":"https:\/\/regiaonews.net.br\/2022\/2024\/07\/06\/inaugurados-novo-postao-e-ubs-no-residencial-minerva\/#breadcrumb"},"inLanguage":"pt-BR","potentialAction":[{"@type":"ReadAction","target":["https:\/\/regiaonews.net.br\/2022\/2024\/07\/06\/inaugurados-novo-postao-e-ubs-no-residencial-minerva\/"]}]},{"@type":"ImageObject","inLanguage":"pt-BR","@id":"https:\/\/regiaonews.net.br\/2022\/2024\/07\/06\/inaugurados-novo-postao-e-ubs-no-residencial-minerva\/#primaryimage","url":"https:\/\/regiaonews.net.br\/2022\/wp-content\/uploads\/2024\/07\/WhatsApp-Image-2024-07-05-at-22.48.33.jpeg","contentUrl":"https:\/\/regiaonews.net.br\/2022\/wp-content\/uploads\/2024\/07\/WhatsApp-Image-2024-07-05-at-22.48.33.jpeg","width":1600,"height":1127},{"@type":"BreadcrumbList","@id":"https:\/\/regiaonews.net.br\/2022\/2024\/07\/06\/inaugurados-novo-postao-e-ubs-no-residencial-minerva\/#breadcrumb","itemListElement":[{"@type":"ListItem","position":1,"name":"In\u00edcio","item":"https:\/\/regiaonews.net.br\/2022\/"},{"@type":"ListItem","position":2,"name":"Inaugurados Novo Post\u00e3o e UBS no Residencial Minerva"}]},{"@type":"WebSite","@id":"https:\/\/regiaonews.net.br\/2022\/#website","url":"https:\/\/regiaonews.net.br\/2022\/","name":"Regi\u00e3o News","description":"Site de Not\u00edcias de Barretos e regi\u00e3o","publisher":{"@id":"https:\/\/regiaonews.net.br\/2022\/#organization"},"potentialAction":[{"@type":"SearchAction","target":{"@type":"EntryPoint","urlTemplate":"https:\/\/regiaonews.net.br\/2022\/?s={search_term_string}"},"query-input":{"@type":"PropertyValueSpecification","valueRequired":true,"valueName":"search_term_string"}}],"inLanguage":"pt-BR"},{"@type":"Organization","@id":"https:\/\/regiaonews.net.br\/2022\/#organization","name":"Regi\u00e3o News","url":"https:\/\/regiaonews.net.br\/2022\/","logo":{"@type":"ImageObject","inLanguage":"pt-BR","@id":"https:\/\/regiaonews.net.br\/2022\/#\/schema\/logo\/image\/","url":"https:\/\/regiaonews.net.br\/2022\/wp-content\/uploads\/2026\/03\/regiao-13-anos-scaled.jpg","contentUrl":"https:\/\/regiaonews.net.br\/2022\/wp-content\/uploads\/2026\/03\/regiao-13-anos-scaled.jpg","width":2560,"height":635,"caption":"Regi\u00e3o News"},"image":{"@id":"https:\/\/regiaonews.net.br\/2022\/#\/schema\/logo\/image\/"}},{"@type":"Person","@id":"https:\/\/regiaonews.net.br\/2022\/#\/schema\/person\/2d205a608a5aa97ac279d7a5e6d89ad8","name":"Roberto","image":{"@type":"ImageObject","inLanguage":"pt-BR","@id":"https:\/\/secure.gravatar.com\/avatar\/42749d8b712ff9d59ca93dc150494e5b55a44134482993f5baeb97e61b7ecc89?s=96&d=mm&r=g","url":"https:\/\/secure.gravatar.com\/avatar\/42749d8b712ff9d59ca93dc150494e5b55a44134482993f5baeb97e61b7ecc89?s=96&d=mm&r=g","contentUrl":"https:\/\/secure.gravatar.com\/avatar\/42749d8b712ff9d59ca93dc150494e5b55a44134482993f5baeb97e61b7ecc89?s=96&d=mm&r=g","caption":"Roberto"},"url":"https:\/\/regiaonews.net.br\/2022\/author\/roberto\/"}]}},"publishpress_future_action":{"enabled":false,"date":"2026-05-03 02:51:05","action":"change-status","newStatus":"draft","terms":[],"taxonomy":"category","extraData":[]},"publishpress_future_workflow_manual_trigger":{"enabledWorkflows":[]},"_links":{"self":[{"href":"https:\/\/regiaonews.net.br\/2022\/wp-json\/wp\/v2\/posts\/107366","targetHints":{"allow":["GET"]}}],"collection":[{"href":"https:\/\/regiaonews.net.br\/2022\/wp-json\/wp\/v2\/posts"}],"about":[{"href":"https:\/\/regiaonews.net.br\/2022\/wp-json\/wp\/v2\/types\/post"}],"author":[{"embeddable":true,"href":"https:\/\/regiaonews.net.br\/2022\/wp-json\/wp\/v2\/users\/2"}],"replies":[{"embeddable":true,"href":"https:\/\/regiaonews.net.br\/2022\/wp-json\/wp\/v2\/comments?post=107366"}],"version-history":[{"count":1,"href":"https:\/\/regiaonews.net.br\/2022\/wp-json\/wp\/v2\/posts\/107366\/revisions"}],"predecessor-version":[{"id":107371,"href":"https:\/\/regiaonews.net.br\/2022\/wp-json\/wp\/v2\/posts\/107366\/revisions\/107371"}],"wp:featuredmedia":[{"embeddable":true,"href":"https:\/\/regiaonews.net.br\/2022\/wp-json\/wp\/v2\/media\/107367"}],"wp:attachment":[{"href":"https:\/\/regiaonews.net.br\/2022\/wp-json\/wp\/v2\/media?parent=107366"}],"wp:term":[{"taxonomy":"category","embeddable":true,"href":"https:\/\/regiaonews.net.br\/2022\/wp-json\/wp\/v2\/categories?post=107366"},{"taxonomy":"post_tag","embeddable":true,"href":"https:\/\/regiaonews.net.br\/2022\/wp-json\/wp\/v2\/tags?post=107366"}],"curies":[{"name":"wp","href":"https:\/\/api.w.org\/{rel}","templated":true}]}}