{"id":107330,"date":"2024-07-05T15:47:42","date_gmt":"2024-07-05T18:47:42","guid":{"rendered":"https:\/\/regiaonews.net.br\/2022\/?p=107330"},"modified":"2024-07-05T16:08:59","modified_gmt":"2024-07-05T19:08:59","slug":"45a-festa-do-cavalo-de-colina-comeca-nesta-sexta-dia-5","status":"publish","type":"post","link":"https:\/\/regiaonews.net.br\/2022\/2024\/07\/05\/45a-festa-do-cavalo-de-colina-comeca-nesta-sexta-dia-5\/","title":{"rendered":"45\u00aa Festa do Cavalo de Colina come\u00e7a nesta sexta, dia 5"},"content":{"rendered":"<p>A Prefeitura Municipal de Colina, por meio da Secretaria Municipal de Esportes, Turismo e Lazer, realiza a tradicional Festa do Cavalo, em sua 45\u00aa edi\u00e7\u00e3o, no per\u00edodo de 05 a 09 de julho de 2024, no Recinto Municipal \u201cPrefeito M\u00e1rio de Fel\u00edcio\u201d.<\/p>\n<p>Uma programa\u00e7\u00e3o diversificada para agradar o p\u00fablico (colinenses e visitantes) de todas as idades, com shows todas as noites de artistas renomados no cen\u00e1rio musical nacional e uma programa\u00e7\u00e3o h\u00edpica esportiva expressiva, com a participa\u00e7\u00e3o de in\u00fameros competidores vindos de diversos Estados brasileiros, que contribui para o brilhantismo do evento e refor\u00e7a o t\u00edtulo do munic\u00edpio, considerado a \u201cCapital do Cavalo\u201d.<\/p>\n<p>A 45\u00aa edi\u00e7\u00e3o da Festa oferece completa pra\u00e7a de alimenta\u00e7\u00e3o; camarotes; parque de divers\u00e3o; bazar do Fundo Social; visita\u00e7\u00e3o ao Museu Municipal do Cavalo; trio el\u00e9trico; apresenta\u00e7\u00f5es na Conha Ac\u00fastica; entre outros atrativos, com toda infraestrutura e seguran\u00e7a, necess\u00e1ria para garantir lazer e entretenimento \u00e0 todos que prestigiarem o evento.<\/p>\n<p>Programa\u00e7\u00e3o art\u00edstica \u2013 A Festa tem in\u00edcio nesta sexta-feira, dia 05 de julho, com show da dupla \u00cdcaro e Gilmar; em seguida, Denis DJ. No s\u00e1bado, dia 06, a festa fica por conta de Pedro Sampaio e, na sequ\u00eancia, da dupla Fred e Fabr\u00edcio. J\u00e1 no domingo, dia 07, \u00e9 a vez de Lauana Prado animar o p\u00fablico, com entrada gratuita, patrocinada pela Prefeitura. Na segunda-feira, dia 08, show de Murilo Huff e, ap\u00f3s, da dupla Clayton e Rom\u00e1rio. E na ter\u00e7a-feira, 09 de julho, encerrando a Festa do Cavalo, Mato Grosso e Mathias apresentam-se com entrada gratuita patrocinada pela Prefeitura Municipal.<\/p>\n<p>Venda de ingressos \u2013 Est\u00e3o dispon\u00edveis em Colina, em cidades da regi\u00e3o e no site: www.q2ingressos.com.br os ingressos individuais para a 45\u00aa edi\u00e7\u00e3o da Festa do Cavalo.<\/p>\n<p>O ingresso individual antecipado est\u00e1 a venda no valor de R$ 140,00 reais (inteira); a meia entrada para universit\u00e1rios, idosos e portadores de necessidades especiais est\u00e1 comercializada a R$ 70,00 reais; a entrada solid\u00e1ria, R$ 70,00 reais (+ 1 litro de leite) e a \u00e1rea VIP, R$ 60,00 reais (sem consumo) + o ingresso di\u00e1rio ou permanente. Crian\u00e7as at\u00e9 10 anos de idade, acompanhadas dos pais e\/ou respons\u00e1veis, n\u00e3o pagam. Continuam tamb\u00e9m as vendas das permanentes, que d\u00e3o acesso \u00e0 todos os dias do evento, exceto nos dias 07 e 09 de julho, que ter\u00e3o entrada gratuita patrocinada pela Prefeitura. O valor da permanente \u00e9 R$ 210,00 reais.<\/p>\n<p>Vale destacar que as permanentes que foram adquiridas junto ao Departamento Municipal da Receita, no pr\u00e9dio da Prefeitura, est\u00e3o liberadas para a retirada, desde a \u00faltima segunda-feira, 1\u00ba de julho.<\/p>\n<p>O Prefeito Dieb Taha refor\u00e7ou o convite para que todos prestigiem a 45\u00aa edi\u00e7\u00e3o da Festa do Cavalo de Colina. \u201cQuero convidar a todos para prestigiar nossa Festa e as competi\u00e7\u00f5es h\u00edpicas que acontecer\u00e3o todos os dias, com a participa\u00e7\u00e3o de cavaleiros renomados\u201d.<\/p>\n<p>Outras informa\u00e7\u00f5es da Festa do Cavalo est\u00e3o dispon\u00edveis no site oficial do munic\u00edpio: www.colina.sp.gov.br e na p\u00e1gina: @festadocavalodecolinaoficial.<\/p>\n<p>&nbsp;<\/p>\n<p>&nbsp;<\/p>\n","protected":false},"excerpt":{"rendered":"<p>A Prefeitura Municipal de Colina, por meio da Secretaria Municipal<\/p>\n","protected":false},"author":2,"featured_media":107334,"comment_status":"open","ping_status":"open","sticky":false,"template":"","format":"standard","meta":{"footnotes":""},"categories":[25,5,111],"tags":[],"class_list":["post-107330","post","type-post","status-publish","format-standard","has-post-thumbnail","hentry","category-cidades","category-colina","category-cotidiano"],"yoast_head":"<!-- This site is optimized with the Yoast SEO plugin v27.4 - https:\/\/yoast.com\/product\/yoast-seo-wordpress\/ -->\n<title>45\u00aa Festa do Cavalo de Colina come\u00e7a nesta sexta, dia 5 - Regi\u00e3o News<\/title>\n<meta name=\"robots\" content=\"index, follow, max-snippet:-1, max-image-preview:large, max-video-preview:-1\" \/>\n<link rel=\"canonical\" href=\"https:\/\/regiaonews.net.br\/2022\/2024\/07\/05\/45a-festa-do-cavalo-de-colina-comeca-nesta-sexta-dia-5\/\" \/>\n<meta property=\"og:locale\" content=\"pt_BR\" \/>\n<meta property=\"og:type\" content=\"article\" \/>\n<meta property=\"og:title\" content=\"45\u00aa Festa do Cavalo de Colina come\u00e7a nesta sexta, dia 5 - Regi\u00e3o News\" \/>\n<meta property=\"og:description\" content=\"A Prefeitura Municipal de Colina, por meio da Secretaria Municipal\" \/>\n<meta property=\"og:url\" content=\"https:\/\/regiaonews.net.br\/2022\/2024\/07\/05\/45a-festa-do-cavalo-de-colina-comeca-nesta-sexta-dia-5\/\" \/>\n<meta property=\"og:site_name\" content=\"Regi\u00e3o News\" \/>\n<meta property=\"article:published_time\" content=\"2024-07-05T18:47:42+00:00\" \/>\n<meta property=\"article:modified_time\" content=\"2024-07-05T19:08:59+00:00\" \/>\n<meta property=\"og:image\" content=\"https:\/\/regiaonews.net.br\/2022\/wp-content\/uploads\/2024\/07\/WhatsApp-Image-2024-07-05-at-16.06.21.jpeg\" \/>\n\t<meta property=\"og:image:width\" content=\"1600\" \/>\n\t<meta property=\"og:image:height\" content=\"1088\" \/>\n\t<meta property=\"og:image:type\" content=\"image\/jpeg\" \/>\n<meta name=\"author\" content=\"Roberto\" \/>\n<meta name=\"twitter:card\" content=\"summary_large_image\" \/>\n<meta name=\"twitter:label1\" content=\"Escrito por\" \/>\n\t<meta name=\"twitter:data1\" content=\"Roberto\" \/>\n\t<meta name=\"twitter:label2\" content=\"Est. tempo de leitura\" \/>\n\t<meta name=\"twitter:data2\" content=\"4 minutos\" \/>\n<script type=\"application\/ld+json\" class=\"yoast-schema-graph\">{\"@context\":\"https:\\\/\\\/schema.org\",\"@graph\":[{\"@type\":\"Article\",\"@id\":\"https:\\\/\\\/regiaonews.net.br\\\/2022\\\/2024\\\/07\\\/05\\\/45a-festa-do-cavalo-de-colina-comeca-nesta-sexta-dia-5\\\/#article\",\"isPartOf\":{\"@id\":\"https:\\\/\\\/regiaonews.net.br\\\/2022\\\/2024\\\/07\\\/05\\\/45a-festa-do-cavalo-de-colina-comeca-nesta-sexta-dia-5\\\/\"},\"author\":{\"name\":\"Roberto\",\"@id\":\"https:\\\/\\\/regiaonews.net.br\\\/2022\\\/#\\\/schema\\\/person\\\/2d205a608a5aa97ac279d7a5e6d89ad8\"},\"headline\":\"45\u00aa Festa do Cavalo de Colina come\u00e7a nesta sexta, dia 5\",\"datePublished\":\"2024-07-05T18:47:42+00:00\",\"dateModified\":\"2024-07-05T19:08:59+00:00\",\"mainEntityOfPage\":{\"@id\":\"https:\\\/\\\/regiaonews.net.br\\\/2022\\\/2024\\\/07\\\/05\\\/45a-festa-do-cavalo-de-colina-comeca-nesta-sexta-dia-5\\\/\"},\"wordCount\":532,\"commentCount\":0,\"publisher\":{\"@id\":\"https:\\\/\\\/regiaonews.net.br\\\/2022\\\/#organization\"},\"image\":{\"@id\":\"https:\\\/\\\/regiaonews.net.br\\\/2022\\\/2024\\\/07\\\/05\\\/45a-festa-do-cavalo-de-colina-comeca-nesta-sexta-dia-5\\\/#primaryimage\"},\"thumbnailUrl\":\"https:\\\/\\\/regiaonews.net.br\\\/2022\\\/wp-content\\\/uploads\\\/2024\\\/07\\\/WhatsApp-Image-2024-07-05-at-16.06.21.jpeg\",\"articleSection\":[\"Cidades\",\"Colina\",\"Cotidiano\"],\"inLanguage\":\"pt-BR\",\"potentialAction\":[{\"@type\":\"CommentAction\",\"name\":\"Comment\",\"target\":[\"https:\\\/\\\/regiaonews.net.br\\\/2022\\\/2024\\\/07\\\/05\\\/45a-festa-do-cavalo-de-colina-comeca-nesta-sexta-dia-5\\\/#respond\"]}]},{\"@type\":\"WebPage\",\"@id\":\"https:\\\/\\\/regiaonews.net.br\\\/2022\\\/2024\\\/07\\\/05\\\/45a-festa-do-cavalo-de-colina-comeca-nesta-sexta-dia-5\\\/\",\"url\":\"https:\\\/\\\/regiaonews.net.br\\\/2022\\\/2024\\\/07\\\/05\\\/45a-festa-do-cavalo-de-colina-comeca-nesta-sexta-dia-5\\\/\",\"name\":\"45\u00aa Festa do Cavalo de Colina come\u00e7a nesta sexta, dia 5 - Regi\u00e3o News\",\"isPartOf\":{\"@id\":\"https:\\\/\\\/regiaonews.net.br\\\/2022\\\/#website\"},\"primaryImageOfPage\":{\"@id\":\"https:\\\/\\\/regiaonews.net.br\\\/2022\\\/2024\\\/07\\\/05\\\/45a-festa-do-cavalo-de-colina-comeca-nesta-sexta-dia-5\\\/#primaryimage\"},\"image\":{\"@id\":\"https:\\\/\\\/regiaonews.net.br\\\/2022\\\/2024\\\/07\\\/05\\\/45a-festa-do-cavalo-de-colina-comeca-nesta-sexta-dia-5\\\/#primaryimage\"},\"thumbnailUrl\":\"https:\\\/\\\/regiaonews.net.br\\\/2022\\\/wp-content\\\/uploads\\\/2024\\\/07\\\/WhatsApp-Image-2024-07-05-at-16.06.21.jpeg\",\"datePublished\":\"2024-07-05T18:47:42+00:00\",\"dateModified\":\"2024-07-05T19:08:59+00:00\",\"breadcrumb\":{\"@id\":\"https:\\\/\\\/regiaonews.net.br\\\/2022\\\/2024\\\/07\\\/05\\\/45a-festa-do-cavalo-de-colina-comeca-nesta-sexta-dia-5\\\/#breadcrumb\"},\"inLanguage\":\"pt-BR\",\"potentialAction\":[{\"@type\":\"ReadAction\",\"target\":[\"https:\\\/\\\/regiaonews.net.br\\\/2022\\\/2024\\\/07\\\/05\\\/45a-festa-do-cavalo-de-colina-comeca-nesta-sexta-dia-5\\\/\"]}]},{\"@type\":\"ImageObject\",\"inLanguage\":\"pt-BR\",\"@id\":\"https:\\\/\\\/regiaonews.net.br\\\/2022\\\/2024\\\/07\\\/05\\\/45a-festa-do-cavalo-de-colina-comeca-nesta-sexta-dia-5\\\/#primaryimage\",\"url\":\"https:\\\/\\\/regiaonews.net.br\\\/2022\\\/wp-content\\\/uploads\\\/2024\\\/07\\\/WhatsApp-Image-2024-07-05-at-16.06.21.jpeg\",\"contentUrl\":\"https:\\\/\\\/regiaonews.net.br\\\/2022\\\/wp-content\\\/uploads\\\/2024\\\/07\\\/WhatsApp-Image-2024-07-05-at-16.06.21.jpeg\",\"width\":1600,\"height\":1088},{\"@type\":\"BreadcrumbList\",\"@id\":\"https:\\\/\\\/regiaonews.net.br\\\/2022\\\/2024\\\/07\\\/05\\\/45a-festa-do-cavalo-de-colina-comeca-nesta-sexta-dia-5\\\/#breadcrumb\",\"itemListElement\":[{\"@type\":\"ListItem\",\"position\":1,\"name\":\"In\u00edcio\",\"item\":\"https:\\\/\\\/regiaonews.net.br\\\/2022\\\/\"},{\"@type\":\"ListItem\",\"position\":2,\"name\":\"45\u00aa Festa do Cavalo de Colina come\u00e7a nesta sexta, dia 5\"}]},{\"@type\":\"WebSite\",\"@id\":\"https:\\\/\\\/regiaonews.net.br\\\/2022\\\/#website\",\"url\":\"https:\\\/\\\/regiaonews.net.br\\\/2022\\\/\",\"name\":\"Regi\u00e3o News\",\"description\":\"Site de Not\u00edcias de Barretos e regi\u00e3o\",\"publisher\":{\"@id\":\"https:\\\/\\\/regiaonews.net.br\\\/2022\\\/#organization\"},\"potentialAction\":[{\"@type\":\"SearchAction\",\"target\":{\"@type\":\"EntryPoint\",\"urlTemplate\":\"https:\\\/\\\/regiaonews.net.br\\\/2022\\\/?s={search_term_string}\"},\"query-input\":{\"@type\":\"PropertyValueSpecification\",\"valueRequired\":true,\"valueName\":\"search_term_string\"}}],\"inLanguage\":\"pt-BR\"},{\"@type\":\"Organization\",\"@id\":\"https:\\\/\\\/regiaonews.net.br\\\/2022\\\/#organization\",\"name\":\"Regi\u00e3o News\",\"url\":\"https:\\\/\\\/regiaonews.net.br\\\/2022\\\/\",\"logo\":{\"@type\":\"ImageObject\",\"inLanguage\":\"pt-BR\",\"@id\":\"https:\\\/\\\/regiaonews.net.br\\\/2022\\\/#\\\/schema\\\/logo\\\/image\\\/\",\"url\":\"https:\\\/\\\/regiaonews.net.br\\\/2022\\\/wp-content\\\/uploads\\\/2026\\\/03\\\/regiao-13-anos-scaled.jpg\",\"contentUrl\":\"https:\\\/\\\/regiaonews.net.br\\\/2022\\\/wp-content\\\/uploads\\\/2026\\\/03\\\/regiao-13-anos-scaled.jpg\",\"width\":2560,\"height\":635,\"caption\":\"Regi\u00e3o News\"},\"image\":{\"@id\":\"https:\\\/\\\/regiaonews.net.br\\\/2022\\\/#\\\/schema\\\/logo\\\/image\\\/\"}},{\"@type\":\"Person\",\"@id\":\"https:\\\/\\\/regiaonews.net.br\\\/2022\\\/#\\\/schema\\\/person\\\/2d205a608a5aa97ac279d7a5e6d89ad8\",\"name\":\"Roberto\",\"image\":{\"@type\":\"ImageObject\",\"inLanguage\":\"pt-BR\",\"@id\":\"https:\\\/\\\/secure.gravatar.com\\\/avatar\\\/42749d8b712ff9d59ca93dc150494e5b55a44134482993f5baeb97e61b7ecc89?s=96&d=mm&r=g\",\"url\":\"https:\\\/\\\/secure.gravatar.com\\\/avatar\\\/42749d8b712ff9d59ca93dc150494e5b55a44134482993f5baeb97e61b7ecc89?s=96&d=mm&r=g\",\"contentUrl\":\"https:\\\/\\\/secure.gravatar.com\\\/avatar\\\/42749d8b712ff9d59ca93dc150494e5b55a44134482993f5baeb97e61b7ecc89?s=96&d=mm&r=g\",\"caption\":\"Roberto\"},\"url\":\"https:\\\/\\\/regiaonews.net.br\\\/2022\\\/author\\\/roberto\\\/\"}]}<\/script>\n<!-- \/ Yoast SEO plugin. -->","yoast_head_json":{"title":"45\u00aa Festa do Cavalo de Colina come\u00e7a nesta sexta, dia 5 - Regi\u00e3o News","robots":{"index":"index","follow":"follow","max-snippet":"max-snippet:-1","max-image-preview":"max-image-preview:large","max-video-preview":"max-video-preview:-1"},"canonical":"https:\/\/regiaonews.net.br\/2022\/2024\/07\/05\/45a-festa-do-cavalo-de-colina-comeca-nesta-sexta-dia-5\/","og_locale":"pt_BR","og_type":"article","og_title":"45\u00aa Festa do Cavalo de Colina come\u00e7a nesta sexta, dia 5 - Regi\u00e3o News","og_description":"A Prefeitura Municipal de Colina, por meio da Secretaria Municipal","og_url":"https:\/\/regiaonews.net.br\/2022\/2024\/07\/05\/45a-festa-do-cavalo-de-colina-comeca-nesta-sexta-dia-5\/","og_site_name":"Regi\u00e3o News","article_published_time":"2024-07-05T18:47:42+00:00","article_modified_time":"2024-07-05T19:08:59+00:00","og_image":[{"width":1600,"height":1088,"url":"https:\/\/regiaonews.net.br\/2022\/wp-content\/uploads\/2024\/07\/WhatsApp-Image-2024-07-05-at-16.06.21.jpeg","type":"image\/jpeg"}],"author":"Roberto","twitter_card":"summary_large_image","twitter_misc":{"Escrito por":"Roberto","Est. tempo de leitura":"4 minutos"},"schema":{"@context":"https:\/\/schema.org","@graph":[{"@type":"Article","@id":"https:\/\/regiaonews.net.br\/2022\/2024\/07\/05\/45a-festa-do-cavalo-de-colina-comeca-nesta-sexta-dia-5\/#article","isPartOf":{"@id":"https:\/\/regiaonews.net.br\/2022\/2024\/07\/05\/45a-festa-do-cavalo-de-colina-comeca-nesta-sexta-dia-5\/"},"author":{"name":"Roberto","@id":"https:\/\/regiaonews.net.br\/2022\/#\/schema\/person\/2d205a608a5aa97ac279d7a5e6d89ad8"},"headline":"45\u00aa Festa do Cavalo de Colina come\u00e7a nesta sexta, dia 5","datePublished":"2024-07-05T18:47:42+00:00","dateModified":"2024-07-05T19:08:59+00:00","mainEntityOfPage":{"@id":"https:\/\/regiaonews.net.br\/2022\/2024\/07\/05\/45a-festa-do-cavalo-de-colina-comeca-nesta-sexta-dia-5\/"},"wordCount":532,"commentCount":0,"publisher":{"@id":"https:\/\/regiaonews.net.br\/2022\/#organization"},"image":{"@id":"https:\/\/regiaonews.net.br\/2022\/2024\/07\/05\/45a-festa-do-cavalo-de-colina-comeca-nesta-sexta-dia-5\/#primaryimage"},"thumbnailUrl":"https:\/\/regiaonews.net.br\/2022\/wp-content\/uploads\/2024\/07\/WhatsApp-Image-2024-07-05-at-16.06.21.jpeg","articleSection":["Cidades","Colina","Cotidiano"],"inLanguage":"pt-BR","potentialAction":[{"@type":"CommentAction","name":"Comment","target":["https:\/\/regiaonews.net.br\/2022\/2024\/07\/05\/45a-festa-do-cavalo-de-colina-comeca-nesta-sexta-dia-5\/#respond"]}]},{"@type":"WebPage","@id":"https:\/\/regiaonews.net.br\/2022\/2024\/07\/05\/45a-festa-do-cavalo-de-colina-comeca-nesta-sexta-dia-5\/","url":"https:\/\/regiaonews.net.br\/2022\/2024\/07\/05\/45a-festa-do-cavalo-de-colina-comeca-nesta-sexta-dia-5\/","name":"45\u00aa Festa do Cavalo de Colina come\u00e7a nesta sexta, dia 5 - Regi\u00e3o News","isPartOf":{"@id":"https:\/\/regiaonews.net.br\/2022\/#website"},"primaryImageOfPage":{"@id":"https:\/\/regiaonews.net.br\/2022\/2024\/07\/05\/45a-festa-do-cavalo-de-colina-comeca-nesta-sexta-dia-5\/#primaryimage"},"image":{"@id":"https:\/\/regiaonews.net.br\/2022\/2024\/07\/05\/45a-festa-do-cavalo-de-colina-comeca-nesta-sexta-dia-5\/#primaryimage"},"thumbnailUrl":"https:\/\/regiaonews.net.br\/2022\/wp-content\/uploads\/2024\/07\/WhatsApp-Image-2024-07-05-at-16.06.21.jpeg","datePublished":"2024-07-05T18:47:42+00:00","dateModified":"2024-07-05T19:08:59+00:00","breadcrumb":{"@id":"https:\/\/regiaonews.net.br\/2022\/2024\/07\/05\/45a-festa-do-cavalo-de-colina-comeca-nesta-sexta-dia-5\/#breadcrumb"},"inLanguage":"pt-BR","potentialAction":[{"@type":"ReadAction","target":["https:\/\/regiaonews.net.br\/2022\/2024\/07\/05\/45a-festa-do-cavalo-de-colina-comeca-nesta-sexta-dia-5\/"]}]},{"@type":"ImageObject","inLanguage":"pt-BR","@id":"https:\/\/regiaonews.net.br\/2022\/2024\/07\/05\/45a-festa-do-cavalo-de-colina-comeca-nesta-sexta-dia-5\/#primaryimage","url":"https:\/\/regiaonews.net.br\/2022\/wp-content\/uploads\/2024\/07\/WhatsApp-Image-2024-07-05-at-16.06.21.jpeg","contentUrl":"https:\/\/regiaonews.net.br\/2022\/wp-content\/uploads\/2024\/07\/WhatsApp-Image-2024-07-05-at-16.06.21.jpeg","width":1600,"height":1088},{"@type":"BreadcrumbList","@id":"https:\/\/regiaonews.net.br\/2022\/2024\/07\/05\/45a-festa-do-cavalo-de-colina-comeca-nesta-sexta-dia-5\/#breadcrumb","itemListElement":[{"@type":"ListItem","position":1,"name":"In\u00edcio","item":"https:\/\/regiaonews.net.br\/2022\/"},{"@type":"ListItem","position":2,"name":"45\u00aa Festa do Cavalo de Colina come\u00e7a nesta sexta, dia 5"}]},{"@type":"WebSite","@id":"https:\/\/regiaonews.net.br\/2022\/#website","url":"https:\/\/regiaonews.net.br\/2022\/","name":"Regi\u00e3o News","description":"Site de Not\u00edcias de Barretos e regi\u00e3o","publisher":{"@id":"https:\/\/regiaonews.net.br\/2022\/#organization"},"potentialAction":[{"@type":"SearchAction","target":{"@type":"EntryPoint","urlTemplate":"https:\/\/regiaonews.net.br\/2022\/?s={search_term_string}"},"query-input":{"@type":"PropertyValueSpecification","valueRequired":true,"valueName":"search_term_string"}}],"inLanguage":"pt-BR"},{"@type":"Organization","@id":"https:\/\/regiaonews.net.br\/2022\/#organization","name":"Regi\u00e3o News","url":"https:\/\/regiaonews.net.br\/2022\/","logo":{"@type":"ImageObject","inLanguage":"pt-BR","@id":"https:\/\/regiaonews.net.br\/2022\/#\/schema\/logo\/image\/","url":"https:\/\/regiaonews.net.br\/2022\/wp-content\/uploads\/2026\/03\/regiao-13-anos-scaled.jpg","contentUrl":"https:\/\/regiaonews.net.br\/2022\/wp-content\/uploads\/2026\/03\/regiao-13-anos-scaled.jpg","width":2560,"height":635,"caption":"Regi\u00e3o News"},"image":{"@id":"https:\/\/regiaonews.net.br\/2022\/#\/schema\/logo\/image\/"}},{"@type":"Person","@id":"https:\/\/regiaonews.net.br\/2022\/#\/schema\/person\/2d205a608a5aa97ac279d7a5e6d89ad8","name":"Roberto","image":{"@type":"ImageObject","inLanguage":"pt-BR","@id":"https:\/\/secure.gravatar.com\/avatar\/42749d8b712ff9d59ca93dc150494e5b55a44134482993f5baeb97e61b7ecc89?s=96&d=mm&r=g","url":"https:\/\/secure.gravatar.com\/avatar\/42749d8b712ff9d59ca93dc150494e5b55a44134482993f5baeb97e61b7ecc89?s=96&d=mm&r=g","contentUrl":"https:\/\/secure.gravatar.com\/avatar\/42749d8b712ff9d59ca93dc150494e5b55a44134482993f5baeb97e61b7ecc89?s=96&d=mm&r=g","caption":"Roberto"},"url":"https:\/\/regiaonews.net.br\/2022\/author\/roberto\/"}]}},"publishpress_future_action":{"enabled":false,"date":"2026-05-03 03:43:56","action":"change-status","newStatus":"draft","terms":[],"taxonomy":"category","extraData":[]},"publishpress_future_workflow_manual_trigger":{"enabledWorkflows":[]},"_links":{"self":[{"href":"https:\/\/regiaonews.net.br\/2022\/wp-json\/wp\/v2\/posts\/107330","targetHints":{"allow":["GET"]}}],"collection":[{"href":"https:\/\/regiaonews.net.br\/2022\/wp-json\/wp\/v2\/posts"}],"about":[{"href":"https:\/\/regiaonews.net.br\/2022\/wp-json\/wp\/v2\/types\/post"}],"author":[{"embeddable":true,"href":"https:\/\/regiaonews.net.br\/2022\/wp-json\/wp\/v2\/users\/2"}],"replies":[{"embeddable":true,"href":"https:\/\/regiaonews.net.br\/2022\/wp-json\/wp\/v2\/comments?post=107330"}],"version-history":[{"count":3,"href":"https:\/\/regiaonews.net.br\/2022\/wp-json\/wp\/v2\/posts\/107330\/revisions"}],"predecessor-version":[{"id":107336,"href":"https:\/\/regiaonews.net.br\/2022\/wp-json\/wp\/v2\/posts\/107330\/revisions\/107336"}],"wp:featuredmedia":[{"embeddable":true,"href":"https:\/\/regiaonews.net.br\/2022\/wp-json\/wp\/v2\/media\/107334"}],"wp:attachment":[{"href":"https:\/\/regiaonews.net.br\/2022\/wp-json\/wp\/v2\/media?parent=107330"}],"wp:term":[{"taxonomy":"category","embeddable":true,"href":"https:\/\/regiaonews.net.br\/2022\/wp-json\/wp\/v2\/categories?post=107330"},{"taxonomy":"post_tag","embeddable":true,"href":"https:\/\/regiaonews.net.br\/2022\/wp-json\/wp\/v2\/tags?post=107330"}],"curies":[{"name":"wp","href":"https:\/\/api.w.org\/{rel}","templated":true}]}}